{"id":308249,"date":"2020-07-16T11:33:48","date_gmt":"2020-07-16T10:33:48","guid":{"rendered":"http:\/\/kapitalis.com\/tunisie\/?p=308249"},"modified":"2020-07-16T12:19:41","modified_gmt":"2020-07-16T11:19:41","slug":"nouveau-chef-de-gouvernement-kais-saied-commence-a-preparer-les-concertations","status":"publish","type":"post","link":"https:\/\/kapitalis.com\/tunisie\/2020\/07\/16\/nouveau-chef-de-gouvernement-kais-saied-commence-a-preparer-les-concertations\/","title":{"rendered":"Nouveau chef de gouvernement : Ka\u00efs Sa\u00efed commence \u00e0 pr\u00e9parer les concertations"},"content":{"rendered":"\n<figure class=\"wp-block-image size-large\"><img decoding=\"async\" src=\"http:\/\/kapitalis.com\/tunisie\/wp-content\/uploads\/2020\/01\/Kais-Saied-1.jpg\" alt=\"\" class=\"wp-image-272447\"\/><\/figure>\n\n\n\n<p><strong><em>Suite \u00e0 la d\u00e9mission d&rsquo;Elyes Fakhfakh de son poste de chef de gouvernement, le pr\u00e9sident de la r\u00e9publique, Ka\u00efs Sa\u00efed, a  envoy\u00e9 dans la soir\u00e9e d&rsquo;hier, mercredi 15 juillet 2020, deux correspondances \u00e0 la pr\u00e9sidence de l\u2019Assembl\u00e9e des repr\u00e9sentants du peuple (ARP), pour l&rsquo;en informer officiellement, et pour pr\u00e9parer les concertations concernant le nouveau chef du gouvernement.<\/em><\/strong><\/p>\n\n\n\n<!--more-->\n\n\n\n<p>Rappelons que conform\u00e9ment \u00e0 l\u2019article 98 de la <a href=\"http:\/\/www.legislation.tn\/sites\/default\/files\/news\/constitution-b-a-t.pdf\"><strong>Constitution<\/strong><\/a>, le pr\u00e9sident de la r\u00e9publique se devait d&rsquo;informer le pr\u00e9sident de l&rsquo;ARP de la d\u00e9mission du chef du gouvernement, laquelle est consid\u00e9r\u00e9e comme \u00e9tant celle du gouvernement entier.&nbsp;<\/p>\n\n\n\n<p>Dans la deuxi\u00e8me correspondance, Sa\u00efed a demand\u00e9 des \u00e9claircissements quant aux partis, blocs et coalitions au sein du Parlement en vue d\u2019entamer avec eux les concertations autour du prochain chef du gouvernement, qu&rsquo;il d\u00e9signera lui-m\u00eame dans un d\u00e9lai maximal de 10 jours, et ce, conform\u00e9ment au m\u00eame article de la constitution, qui fait, \u00e0 son tour r\u00e9f\u00e9rence \u00e0 l&rsquo;article 89.<\/p>\n\n\n\n<p>Sauf si, nouveau coup de th\u00e9\u00e2tre, les enqu\u00eates administratives prouvent l&rsquo;absence de conflits d&rsquo;int\u00e9r\u00eats dans l&rsquo;attribution de march\u00e9s publics \u00e0 une soci\u00e9t\u00e9 dont M. Fakhfakh est actionnaire, et que M. Sa\u00efed d\u00e9cide, en fin de compte, de fermer la parenth\u00e8se et de reconduire M. Fakhfakh dans ses fonctions. <\/p>\n\n\n\n<p class=\"has-text-align-right\"><strong>C. B. Y.<\/strong><\/p>\n","protected":false},"excerpt":{"rendered":"<p>Suite \u00e0 la d\u00e9mission d&rsquo;Elyes Fakhfakh de son poste de chef de gouvernement, le pr\u00e9sident de la r\u00e9publique, Ka\u00efs Sa\u00efed, a envoy\u00e9 dans la soir\u00e9e d&rsquo;hier, mercredi 15 juillet 2020, deux correspondances \u00e0 la pr\u00e9sidence de l\u2019Assembl\u00e9e des repr\u00e9sentants du peuple (ARP), pour l&rsquo;en informer officiellement, et pour pr\u00e9parer les concertations concernant le nouveau chef&#8230;<\/p>\n","protected":false},"author":24,"featured_media":0,"comment_status":"open","ping_status":"open","sticky":false,"template":"","format":"standard","meta":{"footnotes":""},"categories":[997,2433],"tags":[73109,76012],"class_list":["post-308249","post","type-post","status-publish","format-standard","hentry","category-politique","category-tunisie","tag-elyes-fakhfakh-2","tag-kais-saied-2"],"yoast_head":"<!-- This site is optimized with the Yoast SEO plugin v26.6 - https:\/\/yoast.com\/wordpress\/plugins\/seo\/ -->\n<title>Nouveau chef de gouvernement : Ka\u00efs Sa\u00efed commence \u00e0 pr\u00e9parer les concertations - Kapitalis<\/title>\n<meta name=\"robots\" content=\"index, follow, max-snippet:-1, max-image-preview:large, max-video-preview:-1\" \/>\n<link rel=\"canonical\" href=\"https:\/\/kapitalis.com\/tunisie\/2020\/07\/16\/nouveau-chef-de-gouvernement-kais-saied-commence-a-preparer-les-concertations\/\" \/>\n<meta property=\"og:locale\" content=\"fr_FR\" \/>\n<meta property=\"og:type\" content=\"article\" \/>\n<meta property=\"og:title\" content=\"Nouveau chef de gouvernement : Ka\u00efs Sa\u00efed commence \u00e0 pr\u00e9parer les concertations - Kapitalis\" \/>\n<meta property=\"og:description\" content=\"Suite \u00e0 la d\u00e9mission d&rsquo;Elyes Fakhfakh de son poste de chef de gouvernement, le pr\u00e9sident de la r\u00e9publique, Ka\u00efs Sa\u00efed, a envoy\u00e9 dans la soir\u00e9e d&rsquo;hier, mercredi 15 juillet 2020, deux correspondances \u00e0 la pr\u00e9sidence de l\u2019Assembl\u00e9e des repr\u00e9sentants du peuple (ARP), pour l&rsquo;en informer officiellement, et pour pr\u00e9parer les concertations concernant le nouveau chef...\" \/>\n<meta property=\"og:url\" content=\"https:\/\/kapitalis.com\/tunisie\/2020\/07\/16\/nouveau-chef-de-gouvernement-kais-saied-commence-a-preparer-les-concertations\/\" \/>\n<meta property=\"og:site_name\" content=\"Kapitalis\" \/>\n<meta property=\"article:publisher\" content=\"https:\/\/www.facebook.com\/KapitalisInfo\/\" \/>\n<meta property=\"article:published_time\" content=\"2020-07-16T10:33:48+00:00\" \/>\n<meta property=\"article:modified_time\" content=\"2020-07-16T11:19:41+00:00\" \/>\n<meta property=\"og:image\" content=\"http:\/\/kapitalis.com\/tunisie\/wp-content\/uploads\/2020\/01\/Kais-Saied-1.jpg\" \/>\n<meta name=\"author\" content=\"Cherif Benyounes\" \/>\n<meta name=\"twitter:card\" content=\"summary_large_image\" \/>\n<meta name=\"twitter:creator\" content=\"@KapitalisInfo\" \/>\n<meta name=\"twitter:site\" content=\"@KapitalisInfo\" \/>\n<meta name=\"twitter:label1\" content=\"\u00c9crit par\" \/>\n\t<meta name=\"twitter:data1\" content=\"Cherif Benyounes\" \/>\n\t<meta name=\"twitter:label2\" content=\"Dur\u00e9e de lecture estim\u00e9e\" \/>\n\t<meta name=\"twitter:data2\" content=\"1 minute\" \/>\n<script type=\"application\/ld+json\" class=\"yoast-schema-graph\">{\"@context\":\"https:\/\/schema.org\",\"@graph\":[{\"@type\":\"Article\",\"@id\":\"https:\/\/kapitalis.com\/tunisie\/2020\/07\/16\/nouveau-chef-de-gouvernement-kais-saied-commence-a-preparer-les-concertations\/#article\",\"isPartOf\":{\"@id\":\"https:\/\/kapitalis.com\/tunisie\/2020\/07\/16\/nouveau-chef-de-gouvernement-kais-saied-commence-a-preparer-les-concertations\/\"},\"author\":{\"name\":\"Cherif Benyounes\",\"@id\":\"https:\/\/kapitalis.com\/tunisie\/#\/schema\/person\/b35b8d631961131107263178aeb8019e\"},\"headline\":\"Nouveau chef de gouvernement : Ka\u00efs Sa\u00efed commence \u00e0 pr\u00e9parer les concertations\",\"datePublished\":\"2020-07-16T10:33:48+00:00\",\"dateModified\":\"2020-07-16T11:19:41+00:00\",\"mainEntityOfPage\":{\"@id\":\"https:\/\/kapitalis.com\/tunisie\/2020\/07\/16\/nouveau-chef-de-gouvernement-kais-saied-commence-a-preparer-les-concertations\/\"},\"wordCount\":246,\"commentCount\":1,\"publisher\":{\"@id\":\"https:\/\/kapitalis.com\/tunisie\/#organization\"},\"image\":{\"@id\":\"https:\/\/kapitalis.com\/tunisie\/2020\/07\/16\/nouveau-chef-de-gouvernement-kais-saied-commence-a-preparer-les-concertations\/#primaryimage\"},\"thumbnailUrl\":\"http:\/\/kapitalis.com\/tunisie\/wp-content\/uploads\/2020\/01\/Kais-Saied-1.jpg\",\"keywords\":[\"Elyes Fakhfakh\",\"Ka\u00efs Sa\u00efed\"],\"articleSection\":[\"POLITIQUE\",\"Tunisie\"],\"inLanguage\":\"fr-FR\",\"potentialAction\":[{\"@type\":\"CommentAction\",\"name\":\"Comment\",\"target\":[\"https:\/\/kapitalis.com\/tunisie\/2020\/07\/16\/nouveau-chef-de-gouvernement-kais-saied-commence-a-preparer-les-concertations\/#respond\"]}]},{\"@type\":\"WebPage\",\"@id\":\"https:\/\/kapitalis.com\/tunisie\/2020\/07\/16\/nouveau-chef-de-gouvernement-kais-saied-commence-a-preparer-les-concertations\/\",\"url\":\"https:\/\/kapitalis.com\/tunisie\/2020\/07\/16\/nouveau-chef-de-gouvernement-kais-saied-commence-a-preparer-les-concertations\/\",\"name\":\"Nouveau chef de gouvernement : Ka\u00efs Sa\u00efed commence \u00e0 pr\u00e9parer les concertations - Kapitalis\",\"isPartOf\":{\"@id\":\"https:\/\/kapitalis.com\/tunisie\/#website\"},\"primaryImageOfPage\":{\"@id\":\"https:\/\/kapitalis.com\/tunisie\/2020\/07\/16\/nouveau-chef-de-gouvernement-kais-saied-commence-a-preparer-les-concertations\/#primaryimage\"},\"image\":{\"@id\":\"https:\/\/kapitalis.com\/tunisie\/2020\/07\/16\/nouveau-chef-de-gouvernement-kais-saied-commence-a-preparer-les-concertations\/#primaryimage\"},\"thumbnailUrl\":\"http:\/\/kapitalis.com\/tunisie\/wp-content\/uploads\/2020\/01\/Kais-Saied-1.jpg\",\"datePublished\":\"2020-07-16T10:33:48+00:00\",\"dateModified\":\"2020-07-16T11:19:41+00:00\",\"breadcrumb\":{\"@id\":\"https:\/\/kapitalis.com\/tunisie\/2020\/07\/16\/nouveau-chef-de-gouvernement-kais-saied-commence-a-preparer-les-concertations\/#breadcrumb\"},\"inLanguage\":\"fr-FR\",\"potentialAction\":[{\"@type\":\"ReadAction\",\"target\":[\"https:\/\/kapitalis.com\/tunisie\/2020\/07\/16\/nouveau-chef-de-gouvernement-kais-saied-commence-a-preparer-les-concertations\/\"]}]},{\"@type\":\"ImageObject\",\"inLanguage\":\"fr-FR\",\"@id\":\"https:\/\/kapitalis.com\/tunisie\/2020\/07\/16\/nouveau-chef-de-gouvernement-kais-saied-commence-a-preparer-les-concertations\/#primaryimage\",\"url\":\"\",\"contentUrl\":\"\"},{\"@type\":\"BreadcrumbList\",\"@id\":\"https:\/\/kapitalis.com\/tunisie\/2020\/07\/16\/nouveau-chef-de-gouvernement-kais-saied-commence-a-preparer-les-concertations\/#breadcrumb\",\"itemListElement\":[{\"@type\":\"ListItem\",\"position\":1,\"name\":\"Accueil\",\"item\":\"https:\/\/kapitalis.com\/tunisie\/\"},{\"@type\":\"ListItem\",\"position\":2,\"name\":\"Nouveau chef de gouvernement : Ka\u00efs Sa\u00efed commence \u00e0 pr\u00e9parer les concertations\"}]},{\"@type\":\"WebSite\",\"@id\":\"https:\/\/kapitalis.com\/tunisie\/#website\",\"url\":\"https:\/\/kapitalis.com\/tunisie\/\",\"name\":\"Kapitalis\",\"description\":\"L&#039;actualit\u00e9 en Tunisie et dans le monde\",\"publisher\":{\"@id\":\"https:\/\/kapitalis.com\/tunisie\/#organization\"},\"potentialAction\":[{\"@type\":\"SearchAction\",\"target\":{\"@type\":\"EntryPoint\",\"urlTemplate\":\"https:\/\/kapitalis.com\/tunisie\/?s={search_term_string}\"},\"query-input\":{\"@type\":\"PropertyValueSpecification\",\"valueRequired\":true,\"valueName\":\"search_term_string\"}}],\"inLanguage\":\"fr-FR\"},{\"@type\":\"Organization\",\"@id\":\"https:\/\/kapitalis.com\/tunisie\/#organization\",\"name\":\"Kapitalis\",\"url\":\"https:\/\/kapitalis.com\/tunisie\/\",\"logo\":{\"@type\":\"ImageObject\",\"inLanguage\":\"fr-FR\",\"@id\":\"https:\/\/kapitalis.com\/tunisie\/#\/schema\/logo\/image\/\",\"url\":\"https:\/\/kapitalis.com\/tunisie\/wp-content\/uploads\/2022\/05\/Kapitalis-big-size.png\",\"contentUrl\":\"https:\/\/kapitalis.com\/tunisie\/wp-content\/uploads\/2022\/05\/Kapitalis-big-size.png\",\"width\":5000,\"height\":1500,\"caption\":\"Kapitalis\"},\"image\":{\"@id\":\"https:\/\/kapitalis.com\/tunisie\/#\/schema\/logo\/image\/\"},\"sameAs\":[\"https:\/\/www.facebook.com\/KapitalisInfo\/\",\"https:\/\/x.com\/KapitalisInfo\",\"https:\/\/www.youtube.com\/channel\/UC-yDYrHyfFBWWZaOw3FPg9Q\"]},{\"@type\":\"Person\",\"@id\":\"https:\/\/kapitalis.com\/tunisie\/#\/schema\/person\/b35b8d631961131107263178aeb8019e\",\"name\":\"Cherif Benyounes\",\"url\":\"https:\/\/kapitalis.com\/tunisie\/author\/cherif\/\"}]}<\/script>\n<!-- \/ Yoast SEO plugin. -->","yoast_head_json":{"title":"Nouveau chef de gouvernement : Ka\u00efs Sa\u00efed commence \u00e0 pr\u00e9parer les concertations - Kapitalis","robots":{"index":"index","follow":"follow","max-snippet":"max-snippet:-1","max-image-preview":"max-image-preview:large","max-video-preview":"max-video-preview:-1"},"canonical":"https:\/\/kapitalis.com\/tunisie\/2020\/07\/16\/nouveau-chef-de-gouvernement-kais-saied-commence-a-preparer-les-concertations\/","og_locale":"fr_FR","og_type":"article","og_title":"Nouveau chef de gouvernement : Ka\u00efs Sa\u00efed commence \u00e0 pr\u00e9parer les concertations - Kapitalis","og_description":"Suite \u00e0 la d\u00e9mission d&rsquo;Elyes Fakhfakh de son poste de chef de gouvernement, le pr\u00e9sident de la r\u00e9publique, Ka\u00efs Sa\u00efed, a envoy\u00e9 dans la soir\u00e9e d&rsquo;hier, mercredi 15 juillet 2020, deux correspondances \u00e0 la pr\u00e9sidence de l\u2019Assembl\u00e9e des repr\u00e9sentants du peuple (ARP), pour l&rsquo;en informer officiellement, et pour pr\u00e9parer les concertations concernant le nouveau chef...","og_url":"https:\/\/kapitalis.com\/tunisie\/2020\/07\/16\/nouveau-chef-de-gouvernement-kais-saied-commence-a-preparer-les-concertations\/","og_site_name":"Kapitalis","article_publisher":"https:\/\/www.facebook.com\/KapitalisInfo\/","article_published_time":"2020-07-16T10:33:48+00:00","article_modified_time":"2020-07-16T11:19:41+00:00","og_image":[{"url":"http:\/\/kapitalis.com\/tunisie\/wp-content\/uploads\/2020\/01\/Kais-Saied-1.jpg","type":"","width":"","height":""}],"author":"Cherif Benyounes","twitter_card":"summary_large_image","twitter_creator":"@KapitalisInfo","twitter_site":"@KapitalisInfo","twitter_misc":{"\u00c9crit par":"Cherif Benyounes","Dur\u00e9e de lecture estim\u00e9e":"1 minute"},"schema":{"@context":"https:\/\/schema.org","@graph":[{"@type":"Article","@id":"https:\/\/kapitalis.com\/tunisie\/2020\/07\/16\/nouveau-chef-de-gouvernement-kais-saied-commence-a-preparer-les-concertations\/#article","isPartOf":{"@id":"https:\/\/kapitalis.com\/tunisie\/2020\/07\/16\/nouveau-chef-de-gouvernement-kais-saied-commence-a-preparer-les-concertations\/"},"author":{"name":"Cherif Benyounes","@id":"https:\/\/kapitalis.com\/tunisie\/#\/schema\/person\/b35b8d631961131107263178aeb8019e"},"headline":"Nouveau chef de gouvernement : Ka\u00efs Sa\u00efed commence \u00e0 pr\u00e9parer les concertations","datePublished":"2020-07-16T10:33:48+00:00","dateModified":"2020-07-16T11:19:41+00:00","mainEntityOfPage":{"@id":"https:\/\/kapitalis.com\/tunisie\/2020\/07\/16\/nouveau-chef-de-gouvernement-kais-saied-commence-a-preparer-les-concertations\/"},"wordCount":246,"commentCount":1,"publisher":{"@id":"https:\/\/kapitalis.com\/tunisie\/#organization"},"image":{"@id":"https:\/\/kapitalis.com\/tunisie\/2020\/07\/16\/nouveau-chef-de-gouvernement-kais-saied-commence-a-preparer-les-concertations\/#primaryimage"},"thumbnailUrl":"http:\/\/kapitalis.com\/tunisie\/wp-content\/uploads\/2020\/01\/Kais-Saied-1.jpg","keywords":["Elyes Fakhfakh","Ka\u00efs Sa\u00efed"],"articleSection":["POLITIQUE","Tunisie"],"inLanguage":"fr-FR","potentialAction":[{"@type":"CommentAction","name":"Comment","target":["https:\/\/kapitalis.com\/tunisie\/2020\/07\/16\/nouveau-chef-de-gouvernement-kais-saied-commence-a-preparer-les-concertations\/#respond"]}]},{"@type":"WebPage","@id":"https:\/\/kapitalis.com\/tunisie\/2020\/07\/16\/nouveau-chef-de-gouvernement-kais-saied-commence-a-preparer-les-concertations\/","url":"https:\/\/kapitalis.com\/tunisie\/2020\/07\/16\/nouveau-chef-de-gouvernement-kais-saied-commence-a-preparer-les-concertations\/","name":"Nouveau chef de gouvernement : Ka\u00efs Sa\u00efed commence \u00e0 pr\u00e9parer les concertations - Kapitalis","isPartOf":{"@id":"https:\/\/kapitalis.com\/tunisie\/#website"},"primaryImageOfPage":{"@id":"https:\/\/kapitalis.com\/tunisie\/2020\/07\/16\/nouveau-chef-de-gouvernement-kais-saied-commence-a-preparer-les-concertations\/#primaryimage"},"image":{"@id":"https:\/\/kapitalis.com\/tunisie\/2020\/07\/16\/nouveau-chef-de-gouvernement-kais-saied-commence-a-preparer-les-concertations\/#primaryimage"},"thumbnailUrl":"http:\/\/kapitalis.com\/tunisie\/wp-content\/uploads\/2020\/01\/Kais-Saied-1.jpg","datePublished":"2020-07-16T10:33:48+00:00","dateModified":"2020-07-16T11:19:41+00:00","breadcrumb":{"@id":"https:\/\/kapitalis.com\/tunisie\/2020\/07\/16\/nouveau-chef-de-gouvernement-kais-saied-commence-a-preparer-les-concertations\/#breadcrumb"},"inLanguage":"fr-FR","potentialAction":[{"@type":"ReadAction","target":["https:\/\/kapitalis.com\/tunisie\/2020\/07\/16\/nouveau-chef-de-gouvernement-kais-saied-commence-a-preparer-les-concertations\/"]}]},{"@type":"ImageObject","inLanguage":"fr-FR","@id":"https:\/\/kapitalis.com\/tunisie\/2020\/07\/16\/nouveau-chef-de-gouvernement-kais-saied-commence-a-preparer-les-concertations\/#primaryimage","url":"","contentUrl":""},{"@type":"BreadcrumbList","@id":"https:\/\/kapitalis.com\/tunisie\/2020\/07\/16\/nouveau-chef-de-gouvernement-kais-saied-commence-a-preparer-les-concertations\/#breadcrumb","itemListElement":[{"@type":"ListItem","position":1,"name":"Accueil","item":"https:\/\/kapitalis.com\/tunisie\/"},{"@type":"ListItem","position":2,"name":"Nouveau chef de gouvernement : Ka\u00efs Sa\u00efed commence \u00e0 pr\u00e9parer les concertations"}]},{"@type":"WebSite","@id":"https:\/\/kapitalis.com\/tunisie\/#website","url":"https:\/\/kapitalis.com\/tunisie\/","name":"Kapitalis","description":"L&#039;actualit\u00e9 en Tunisie et dans le monde","publisher":{"@id":"https:\/\/kapitalis.com\/tunisie\/#organization"},"potentialAction":[{"@type":"SearchAction","target":{"@type":"EntryPoint","urlTemplate":"https:\/\/kapitalis.com\/tunisie\/?s={search_term_string}"},"query-input":{"@type":"PropertyValueSpecification","valueRequired":true,"valueName":"search_term_string"}}],"inLanguage":"fr-FR"},{"@type":"Organization","@id":"https:\/\/kapitalis.com\/tunisie\/#organization","name":"Kapitalis","url":"https:\/\/kapitalis.com\/tunisie\/","logo":{"@type":"ImageObject","inLanguage":"fr-FR","@id":"https:\/\/kapitalis.com\/tunisie\/#\/schema\/logo\/image\/","url":"https:\/\/kapitalis.com\/tunisie\/wp-content\/uploads\/2022\/05\/Kapitalis-big-size.png","contentUrl":"https:\/\/kapitalis.com\/tunisie\/wp-content\/uploads\/2022\/05\/Kapitalis-big-size.png","width":5000,"height":1500,"caption":"Kapitalis"},"image":{"@id":"https:\/\/kapitalis.com\/tunisie\/#\/schema\/logo\/image\/"},"sameAs":["https:\/\/www.facebook.com\/KapitalisInfo\/","https:\/\/x.com\/KapitalisInfo","https:\/\/www.youtube.com\/channel\/UC-yDYrHyfFBWWZaOw3FPg9Q"]},{"@type":"Person","@id":"https:\/\/kapitalis.com\/tunisie\/#\/schema\/person\/b35b8d631961131107263178aeb8019e","name":"Cherif Benyounes","url":"https:\/\/kapitalis.com\/tunisie\/author\/cherif\/"}]}},"_links":{"self":[{"href":"https:\/\/kapitalis.com\/tunisie\/wp-json\/wp\/v2\/posts\/308249","targetHints":{"allow":["GET"]}}],"collection":[{"href":"https:\/\/kapitalis.com\/tunisie\/wp-json\/wp\/v2\/posts"}],"about":[{"href":"https:\/\/kapitalis.com\/tunisie\/wp-json\/wp\/v2\/types\/post"}],"author":[{"embeddable":true,"href":"https:\/\/kapitalis.com\/tunisie\/wp-json\/wp\/v2\/users\/24"}],"replies":[{"embeddable":true,"href":"https:\/\/kapitalis.com\/tunisie\/wp-json\/wp\/v2\/comments?post=308249"}],"version-history":[{"count":0,"href":"https:\/\/kapitalis.com\/tunisie\/wp-json\/wp\/v2\/posts\/308249\/revisions"}],"wp:attachment":[{"href":"https:\/\/kapitalis.com\/tunisie\/wp-json\/wp\/v2\/media?parent=308249"}],"wp:term":[{"taxonomy":"category","embeddable":true,"href":"https:\/\/kapitalis.com\/tunisie\/wp-json\/wp\/v2\/categories?post=308249"},{"taxonomy":"post_tag","embeddable":true,"href":"https:\/\/kapitalis.com\/tunisie\/wp-json\/wp\/v2\/tags?post=308249"}],"curies":[{"name":"wp","href":"https:\/\/api.w.org\/{rel}","templated":true}]}}