{"id":308253,"date":"2020-07-16T11:38:53","date_gmt":"2020-07-16T10:38:53","guid":{"rendered":"http:\/\/kapitalis.com\/tunisie\/?p=308253"},"modified":"2020-07-16T11:44:59","modified_gmt":"2020-07-16T10:44:59","slug":"conversion-de-la-dette-10-me-de-la-france-pour-renover-les-iset-en-tunisie","status":"publish","type":"post","link":"https:\/\/kapitalis.com\/tunisie\/2020\/07\/16\/conversion-de-la-dette-10-me-de-la-france-pour-renover-les-iset-en-tunisie\/","title":{"rendered":"Conversion de la dette : 10 M\u20ac de la France pour r\u00e9nover les Iset en Tunisie"},"content":{"rendered":"\n<figure class=\"wp-block-image size-large\"><img decoding=\"async\" src=\"http:\/\/kapitalis.com\/tunisie\/wp-content\/uploads\/2020\/07\/Slim-Azzabi-Olovier-Poivre-Darvor.jpg\" alt=\"\" class=\"wp-image-308255\"\/><\/figure>\n\n\n\n<p><strong><em>Un nouvel accord a \u00e9t\u00e9 sign\u00e9, le 14 juillet 2020, \u00e0 Tunis, entre la Tunisie et la France pour un vaste programme de r\u00e9novation des Instituts sup\u00e9rieurs d\u2019\u00e9tudes technologiques (Iset), en partenariat avec les Instituts universitaires de technologie (IUT) fran\u00e7ais. Il s\u2019agit d\u2019une convention allouant 10 M\u20ac (environ 31 millions de dinars tunisiens, MDT), issus des accords de conversion de dette.<\/em><\/strong><\/p>\n\n\n\n<!--more-->\n\n\n\n<p>La c\u00e9r\u00e9monie s\u2019est d\u00e9roul\u00e9e en pr\u00e9sence du ministre de l\u2019Enseignement sup\u00e9rieur et de la Recherche scientifique (MESRS), Slim Choura, le ministre du D\u00e9veloppement, de l\u2019Investissement et de la Coop\u00e9ration internationale (MDICI), Selim Azzabi, l\u2019ambassadeur de France \u00e0 Tunis, Olivier Poivre d&rsquo;Arvor et le directeur de l\u2019Agence fran\u00e7aise de d\u00e9veloppement (AFD).<\/p>\n\n\n\n<p>Ce nouveau financement s\u2019inscrit dansle cadre d\u2019un accord plus large de conversion de dettes qui porte sur un montant de plus de 90 millions d\u2019euros, permettent d\u2019affecter les montants rembours\u00e9s par la Tunisie \u00e0 la France \u00e0 des programmes de coop\u00e9ration.<\/p>\n\n\n\n<p>Cet accord permettra de moderniser les Iset dans le but d\u2019am\u00e9liorer l\u2019ad\u00e9quation de leur offre de formation avec les besoins des acteurs \u00e9conomiques locaux et nationaux et ainsi favoriser l\u2019insertion des jeunes dipl\u00f4m\u00e9s.<\/p>\n\n\n\n<p>L\u2019IUT fran\u00e7ais sera fortement mobilis\u00e9, au travers ses enseignants en Tunisie et l\u2019accueil d\u2019enseignants tunisiens en France, pour accompagner cette modernisation dans une logique de partenariat entre \u00e9tablissements partageant les m\u00eames objectifs.<\/p>\n\n\n\n<p>Si tous les Iset seront concern\u00e9s par ce nouveau projet, environ la moiti\u00e9 (10 \u00e0 12 Iset) b\u00e9n\u00e9ficiera d\u2019appuis plus importants en expertises, \u00e9quipements et r\u00e9novations d\u2019infrastructures. Un appel \u00e0 projets sera prochainement lanc\u00e9 aupr\u00e8s des Iset par la direction g\u00e9n\u00e9rale des Etudes Technologiques du MESRS qui permettra de s\u00e9lectionner les heureux laur\u00e9ats de ces appuis.<\/p>\n\n\n\n<div class=\"wp-block-image\"><figure class=\"aligncenter size-large is-resized\"><img decoding=\"async\" src=\"http:\/\/kapitalis.com\/tunisie\/wp-content\/uploads\/2020\/07\/Selim-Azzabi-Olivier-Poivre-Darvor-2.jpg\" alt=\"\" class=\"wp-image-308258\" width=\"500\"\/><\/figure><\/div>\n\n\n\n<p>\u00abCe projet incarne pleinement la priorit\u00e9 donn\u00e9e \u00e0 la jeunesse et \u00e0 l\u2019emploi de notre coop\u00e9ration avec la Tunisie. Il favorisera l\u2019insertion professionnelle en garantissant un meilleur ancrage des Iset avec leur environnement socio-\u00e9conomique et offrira une ouverture \u00e0 l\u2019international gr\u00e2ce \u00e0 un partenariat renouvel\u00e9 avec IUT fran\u00e7ais\u00bb, a indiqu\u00e9 Olivier Poivre d\u2019Arvor, ambassadeur de France en Tunisie.<\/p>\n\n\n\n<p>Pour le directeur de l\u2019AFD, \u00abcet accord de financement permet de lancer d\u00e8s la rentr\u00e9e 2020 un appel \u00e0 projets par lequel les ISET proposeront des projets d\u2019\u00e9tablissement qui correspondent aux besoins des r\u00e9gions et de leur bassin d\u2019emploi.\u00bb<\/p>\n\n\n\n<p><strong><em>Source<\/em><\/strong> : communiqu\u00e9.<\/p>\n","protected":false},"excerpt":{"rendered":"<p>Un nouvel accord a \u00e9t\u00e9 sign\u00e9, le 14 juillet 2020, \u00e0 Tunis, entre la Tunisie et la France pour un vaste programme de r\u00e9novation des Instituts sup\u00e9rieurs d\u2019\u00e9tudes technologiques (Iset), en partenariat avec les Instituts universitaires de technologie (IUT) fran\u00e7ais. Il s\u2019agit d\u2019une convention allouant 10 M\u20ac (environ 31 millions de dinars tunisiens, MDT), issus&#8230;<\/p>\n","protected":false},"author":8,"featured_media":308255,"comment_status":"open","ping_status":"open","sticky":false,"template":"","format":"standard","meta":{"footnotes":""},"categories":[995,2433],"tags":[4924,8810,71678,17129,79385,76009],"class_list":["post-308253","post","type-post","status-publish","format-standard","has-post-thumbnail","hentry","category-economie","category-tunisie","tag-afd","tag-iset","tag-iut","tag-olivier-poivre-darvor","tag-selim-azzabi-2","tag-slim-choura"],"yoast_head":"<!-- This site is optimized with the Yoast SEO plugin v26.6 - https:\/\/yoast.com\/wordpress\/plugins\/seo\/ -->\n<title>Conversion de la dette : 10 M\u20ac de la France pour r\u00e9nover les Iset en Tunisie - Kapitalis<\/title>\n<meta name=\"robots\" content=\"index, follow, max-snippet:-1, max-image-preview:large, max-video-preview:-1\" \/>\n<link rel=\"canonical\" href=\"https:\/\/kapitalis.com\/tunisie\/2020\/07\/16\/conversion-de-la-dette-10-me-de-la-france-pour-renover-les-iset-en-tunisie\/\" \/>\n<meta property=\"og:locale\" content=\"fr_FR\" \/>\n<meta property=\"og:type\" content=\"article\" \/>\n<meta property=\"og:title\" content=\"Conversion de la dette : 10 M\u20ac de la France pour r\u00e9nover les Iset en Tunisie - Kapitalis\" \/>\n<meta property=\"og:description\" content=\"Un nouvel accord a \u00e9t\u00e9 sign\u00e9, le 14 juillet 2020, \u00e0 Tunis, entre la Tunisie et la France pour un vaste programme de r\u00e9novation des Instituts sup\u00e9rieurs d\u2019\u00e9tudes technologiques (Iset), en partenariat avec les Instituts universitaires de technologie (IUT) fran\u00e7ais. Il s\u2019agit d\u2019une convention allouant 10 M\u20ac (environ 31 millions de dinars tunisiens, MDT), issus...\" \/>\n<meta property=\"og:url\" content=\"https:\/\/kapitalis.com\/tunisie\/2020\/07\/16\/conversion-de-la-dette-10-me-de-la-france-pour-renover-les-iset-en-tunisie\/\" \/>\n<meta property=\"og:site_name\" content=\"Kapitalis\" \/>\n<meta property=\"article:publisher\" content=\"https:\/\/www.facebook.com\/KapitalisInfo\/\" \/>\n<meta property=\"article:published_time\" content=\"2020-07-16T10:38:53+00:00\" \/>\n<meta property=\"article:modified_time\" content=\"2020-07-16T10:44:59+00:00\" \/>\n<meta property=\"og:image\" content=\"https:\/\/kapitalis.com\/tunisie\/wp-content\/uploads\/2022\/05\/kapitalis-logo-fb.png\" \/>\n\t<meta property=\"og:image:width\" content=\"1200\" \/>\n\t<meta property=\"og:image:height\" content=\"630\" \/>\n\t<meta property=\"og:image:type\" content=\"image\/png\" \/>\n<meta name=\"author\" content=\"webmaster kapitalis\" \/>\n<meta name=\"twitter:card\" content=\"summary_large_image\" \/>\n<meta name=\"twitter:creator\" content=\"@KapitalisInfo\" \/>\n<meta name=\"twitter:site\" content=\"@KapitalisInfo\" \/>\n<meta name=\"twitter:label1\" content=\"\u00c9crit par\" \/>\n\t<meta name=\"twitter:data1\" content=\"webmaster kapitalis\" \/>\n\t<meta name=\"twitter:label2\" content=\"Dur\u00e9e de lecture estim\u00e9e\" \/>\n\t<meta name=\"twitter:data2\" content=\"2 minutes\" \/>\n<script type=\"application\/ld+json\" class=\"yoast-schema-graph\">{\"@context\":\"https:\/\/schema.org\",\"@graph\":[{\"@type\":\"Article\",\"@id\":\"https:\/\/kapitalis.com\/tunisie\/2020\/07\/16\/conversion-de-la-dette-10-me-de-la-france-pour-renover-les-iset-en-tunisie\/#article\",\"isPartOf\":{\"@id\":\"https:\/\/kapitalis.com\/tunisie\/2020\/07\/16\/conversion-de-la-dette-10-me-de-la-france-pour-renover-les-iset-en-tunisie\/\"},\"author\":{\"name\":\"webmaster kapitalis\",\"@id\":\"https:\/\/kapitalis.com\/tunisie\/#\/schema\/person\/d71f33a9ca44f7bad4698210b480c8e9\"},\"headline\":\"Conversion de la dette : 10 M\u20ac de la France pour r\u00e9nover les Iset en Tunisie\",\"datePublished\":\"2020-07-16T10:38:53+00:00\",\"dateModified\":\"2020-07-16T10:44:59+00:00\",\"mainEntityOfPage\":{\"@id\":\"https:\/\/kapitalis.com\/tunisie\/2020\/07\/16\/conversion-de-la-dette-10-me-de-la-france-pour-renover-les-iset-en-tunisie\/\"},\"wordCount\":433,\"commentCount\":3,\"publisher\":{\"@id\":\"https:\/\/kapitalis.com\/tunisie\/#organization\"},\"image\":{\"@id\":\"https:\/\/kapitalis.com\/tunisie\/2020\/07\/16\/conversion-de-la-dette-10-me-de-la-france-pour-renover-les-iset-en-tunisie\/#primaryimage\"},\"thumbnailUrl\":\"\",\"keywords\":[\"AFD\",\"Iset\",\"IUT\",\"Olivier Poivre d\u2019Arvor\",\"Selim Azzabi\",\"Slim Choura\"],\"articleSection\":[\"ECONOMIE\",\"Tunisie\"],\"inLanguage\":\"fr-FR\",\"potentialAction\":[{\"@type\":\"CommentAction\",\"name\":\"Comment\",\"target\":[\"https:\/\/kapitalis.com\/tunisie\/2020\/07\/16\/conversion-de-la-dette-10-me-de-la-france-pour-renover-les-iset-en-tunisie\/#respond\"]}]},{\"@type\":\"WebPage\",\"@id\":\"https:\/\/kapitalis.com\/tunisie\/2020\/07\/16\/conversion-de-la-dette-10-me-de-la-france-pour-renover-les-iset-en-tunisie\/\",\"url\":\"https:\/\/kapitalis.com\/tunisie\/2020\/07\/16\/conversion-de-la-dette-10-me-de-la-france-pour-renover-les-iset-en-tunisie\/\",\"name\":\"Conversion de la dette : 10 M\u20ac de la France pour r\u00e9nover les Iset en Tunisie - Kapitalis\",\"isPartOf\":{\"@id\":\"https:\/\/kapitalis.com\/tunisie\/#website\"},\"primaryImageOfPage\":{\"@id\":\"https:\/\/kapitalis.com\/tunisie\/2020\/07\/16\/conversion-de-la-dette-10-me-de-la-france-pour-renover-les-iset-en-tunisie\/#primaryimage\"},\"image\":{\"@id\":\"https:\/\/kapitalis.com\/tunisie\/2020\/07\/16\/conversion-de-la-dette-10-me-de-la-france-pour-renover-les-iset-en-tunisie\/#primaryimage\"},\"thumbnailUrl\":\"\",\"datePublished\":\"2020-07-16T10:38:53+00:00\",\"dateModified\":\"2020-07-16T10:44:59+00:00\",\"breadcrumb\":{\"@id\":\"https:\/\/kapitalis.com\/tunisie\/2020\/07\/16\/conversion-de-la-dette-10-me-de-la-france-pour-renover-les-iset-en-tunisie\/#breadcrumb\"},\"inLanguage\":\"fr-FR\",\"potentialAction\":[{\"@type\":\"ReadAction\",\"target\":[\"https:\/\/kapitalis.com\/tunisie\/2020\/07\/16\/conversion-de-la-dette-10-me-de-la-france-pour-renover-les-iset-en-tunisie\/\"]}]},{\"@type\":\"ImageObject\",\"inLanguage\":\"fr-FR\",\"@id\":\"https:\/\/kapitalis.com\/tunisie\/2020\/07\/16\/conversion-de-la-dette-10-me-de-la-france-pour-renover-les-iset-en-tunisie\/#primaryimage\",\"url\":\"\",\"contentUrl\":\"\"},{\"@type\":\"BreadcrumbList\",\"@id\":\"https:\/\/kapitalis.com\/tunisie\/2020\/07\/16\/conversion-de-la-dette-10-me-de-la-france-pour-renover-les-iset-en-tunisie\/#breadcrumb\",\"itemListElement\":[{\"@type\":\"ListItem\",\"position\":1,\"name\":\"Accueil\",\"item\":\"https:\/\/kapitalis.com\/tunisie\/\"},{\"@type\":\"ListItem\",\"position\":2,\"name\":\"Conversion de la dette : 10 M\u20ac de la France pour r\u00e9nover les Iset en Tunisie\"}]},{\"@type\":\"WebSite\",\"@id\":\"https:\/\/kapitalis.com\/tunisie\/#website\",\"url\":\"https:\/\/kapitalis.com\/tunisie\/\",\"name\":\"Kapitalis\",\"description\":\"L&#039;actualit\u00e9 en Tunisie et dans le monde\",\"publisher\":{\"@id\":\"https:\/\/kapitalis.com\/tunisie\/#organization\"},\"potentialAction\":[{\"@type\":\"SearchAction\",\"target\":{\"@type\":\"EntryPoint\",\"urlTemplate\":\"https:\/\/kapitalis.com\/tunisie\/?s={search_term_string}\"},\"query-input\":{\"@type\":\"PropertyValueSpecification\",\"valueRequired\":true,\"valueName\":\"search_term_string\"}}],\"inLanguage\":\"fr-FR\"},{\"@type\":\"Organization\",\"@id\":\"https:\/\/kapitalis.com\/tunisie\/#organization\",\"name\":\"Kapitalis\",\"url\":\"https:\/\/kapitalis.com\/tunisie\/\",\"logo\":{\"@type\":\"ImageObject\",\"inLanguage\":\"fr-FR\",\"@id\":\"https:\/\/kapitalis.com\/tunisie\/#\/schema\/logo\/image\/\",\"url\":\"https:\/\/kapitalis.com\/tunisie\/wp-content\/uploads\/2022\/05\/Kapitalis-big-size.png\",\"contentUrl\":\"https:\/\/kapitalis.com\/tunisie\/wp-content\/uploads\/2022\/05\/Kapitalis-big-size.png\",\"width\":5000,\"height\":1500,\"caption\":\"Kapitalis\"},\"image\":{\"@id\":\"https:\/\/kapitalis.com\/tunisie\/#\/schema\/logo\/image\/\"},\"sameAs\":[\"https:\/\/www.facebook.com\/KapitalisInfo\/\",\"https:\/\/x.com\/KapitalisInfo\",\"https:\/\/www.youtube.com\/channel\/UC-yDYrHyfFBWWZaOw3FPg9Q\"]},{\"@type\":\"Person\",\"@id\":\"https:\/\/kapitalis.com\/tunisie\/#\/schema\/person\/d71f33a9ca44f7bad4698210b480c8e9\",\"name\":\"webmaster kapitalis\",\"url\":\"https:\/\/kapitalis.com\/tunisie\/author\/webmaster-kapitalis\/\"}]}<\/script>\n<!-- \/ Yoast SEO plugin. -->","yoast_head_json":{"title":"Conversion de la dette : 10 M\u20ac de la France pour r\u00e9nover les Iset en Tunisie - Kapitalis","robots":{"index":"index","follow":"follow","max-snippet":"max-snippet:-1","max-image-preview":"max-image-preview:large","max-video-preview":"max-video-preview:-1"},"canonical":"https:\/\/kapitalis.com\/tunisie\/2020\/07\/16\/conversion-de-la-dette-10-me-de-la-france-pour-renover-les-iset-en-tunisie\/","og_locale":"fr_FR","og_type":"article","og_title":"Conversion de la dette : 10 M\u20ac de la France pour r\u00e9nover les Iset en Tunisie - Kapitalis","og_description":"Un nouvel accord a \u00e9t\u00e9 sign\u00e9, le 14 juillet 2020, \u00e0 Tunis, entre la Tunisie et la France pour un vaste programme de r\u00e9novation des Instituts sup\u00e9rieurs d\u2019\u00e9tudes technologiques (Iset), en partenariat avec les Instituts universitaires de technologie (IUT) fran\u00e7ais. Il s\u2019agit d\u2019une convention allouant 10 M\u20ac (environ 31 millions de dinars tunisiens, MDT), issus...","og_url":"https:\/\/kapitalis.com\/tunisie\/2020\/07\/16\/conversion-de-la-dette-10-me-de-la-france-pour-renover-les-iset-en-tunisie\/","og_site_name":"Kapitalis","article_publisher":"https:\/\/www.facebook.com\/KapitalisInfo\/","article_published_time":"2020-07-16T10:38:53+00:00","article_modified_time":"2020-07-16T10:44:59+00:00","og_image":[{"width":1200,"height":630,"url":"https:\/\/kapitalis.com\/tunisie\/wp-content\/uploads\/2022\/05\/kapitalis-logo-fb.png","type":"image\/png"}],"author":"webmaster kapitalis","twitter_card":"summary_large_image","twitter_creator":"@KapitalisInfo","twitter_site":"@KapitalisInfo","twitter_misc":{"\u00c9crit par":"webmaster kapitalis","Dur\u00e9e de lecture estim\u00e9e":"2 minutes"},"schema":{"@context":"https:\/\/schema.org","@graph":[{"@type":"Article","@id":"https:\/\/kapitalis.com\/tunisie\/2020\/07\/16\/conversion-de-la-dette-10-me-de-la-france-pour-renover-les-iset-en-tunisie\/#article","isPartOf":{"@id":"https:\/\/kapitalis.com\/tunisie\/2020\/07\/16\/conversion-de-la-dette-10-me-de-la-france-pour-renover-les-iset-en-tunisie\/"},"author":{"name":"webmaster kapitalis","@id":"https:\/\/kapitalis.com\/tunisie\/#\/schema\/person\/d71f33a9ca44f7bad4698210b480c8e9"},"headline":"Conversion de la dette : 10 M\u20ac de la France pour r\u00e9nover les Iset en Tunisie","datePublished":"2020-07-16T10:38:53+00:00","dateModified":"2020-07-16T10:44:59+00:00","mainEntityOfPage":{"@id":"https:\/\/kapitalis.com\/tunisie\/2020\/07\/16\/conversion-de-la-dette-10-me-de-la-france-pour-renover-les-iset-en-tunisie\/"},"wordCount":433,"commentCount":3,"publisher":{"@id":"https:\/\/kapitalis.com\/tunisie\/#organization"},"image":{"@id":"https:\/\/kapitalis.com\/tunisie\/2020\/07\/16\/conversion-de-la-dette-10-me-de-la-france-pour-renover-les-iset-en-tunisie\/#primaryimage"},"thumbnailUrl":"","keywords":["AFD","Iset","IUT","Olivier Poivre d\u2019Arvor","Selim Azzabi","Slim Choura"],"articleSection":["ECONOMIE","Tunisie"],"inLanguage":"fr-FR","potentialAction":[{"@type":"CommentAction","name":"Comment","target":["https:\/\/kapitalis.com\/tunisie\/2020\/07\/16\/conversion-de-la-dette-10-me-de-la-france-pour-renover-les-iset-en-tunisie\/#respond"]}]},{"@type":"WebPage","@id":"https:\/\/kapitalis.com\/tunisie\/2020\/07\/16\/conversion-de-la-dette-10-me-de-la-france-pour-renover-les-iset-en-tunisie\/","url":"https:\/\/kapitalis.com\/tunisie\/2020\/07\/16\/conversion-de-la-dette-10-me-de-la-france-pour-renover-les-iset-en-tunisie\/","name":"Conversion de la dette : 10 M\u20ac de la France pour r\u00e9nover les Iset en Tunisie - Kapitalis","isPartOf":{"@id":"https:\/\/kapitalis.com\/tunisie\/#website"},"primaryImageOfPage":{"@id":"https:\/\/kapitalis.com\/tunisie\/2020\/07\/16\/conversion-de-la-dette-10-me-de-la-france-pour-renover-les-iset-en-tunisie\/#primaryimage"},"image":{"@id":"https:\/\/kapitalis.com\/tunisie\/2020\/07\/16\/conversion-de-la-dette-10-me-de-la-france-pour-renover-les-iset-en-tunisie\/#primaryimage"},"thumbnailUrl":"","datePublished":"2020-07-16T10:38:53+00:00","dateModified":"2020-07-16T10:44:59+00:00","breadcrumb":{"@id":"https:\/\/kapitalis.com\/tunisie\/2020\/07\/16\/conversion-de-la-dette-10-me-de-la-france-pour-renover-les-iset-en-tunisie\/#breadcrumb"},"inLanguage":"fr-FR","potentialAction":[{"@type":"ReadAction","target":["https:\/\/kapitalis.com\/tunisie\/2020\/07\/16\/conversion-de-la-dette-10-me-de-la-france-pour-renover-les-iset-en-tunisie\/"]}]},{"@type":"ImageObject","inLanguage":"fr-FR","@id":"https:\/\/kapitalis.com\/tunisie\/2020\/07\/16\/conversion-de-la-dette-10-me-de-la-france-pour-renover-les-iset-en-tunisie\/#primaryimage","url":"","contentUrl":""},{"@type":"BreadcrumbList","@id":"https:\/\/kapitalis.com\/tunisie\/2020\/07\/16\/conversion-de-la-dette-10-me-de-la-france-pour-renover-les-iset-en-tunisie\/#breadcrumb","itemListElement":[{"@type":"ListItem","position":1,"name":"Accueil","item":"https:\/\/kapitalis.com\/tunisie\/"},{"@type":"ListItem","position":2,"name":"Conversion de la dette : 10 M\u20ac de la France pour r\u00e9nover les Iset en Tunisie"}]},{"@type":"WebSite","@id":"https:\/\/kapitalis.com\/tunisie\/#website","url":"https:\/\/kapitalis.com\/tunisie\/","name":"Kapitalis","description":"L&#039;actualit\u00e9 en Tunisie et dans le monde","publisher":{"@id":"https:\/\/kapitalis.com\/tunisie\/#organization"},"potentialAction":[{"@type":"SearchAction","target":{"@type":"EntryPoint","urlTemplate":"https:\/\/kapitalis.com\/tunisie\/?s={search_term_string}"},"query-input":{"@type":"PropertyValueSpecification","valueRequired":true,"valueName":"search_term_string"}}],"inLanguage":"fr-FR"},{"@type":"Organization","@id":"https:\/\/kapitalis.com\/tunisie\/#organization","name":"Kapitalis","url":"https:\/\/kapitalis.com\/tunisie\/","logo":{"@type":"ImageObject","inLanguage":"fr-FR","@id":"https:\/\/kapitalis.com\/tunisie\/#\/schema\/logo\/image\/","url":"https:\/\/kapitalis.com\/tunisie\/wp-content\/uploads\/2022\/05\/Kapitalis-big-size.png","contentUrl":"https:\/\/kapitalis.com\/tunisie\/wp-content\/uploads\/2022\/05\/Kapitalis-big-size.png","width":5000,"height":1500,"caption":"Kapitalis"},"image":{"@id":"https:\/\/kapitalis.com\/tunisie\/#\/schema\/logo\/image\/"},"sameAs":["https:\/\/www.facebook.com\/KapitalisInfo\/","https:\/\/x.com\/KapitalisInfo","https:\/\/www.youtube.com\/channel\/UC-yDYrHyfFBWWZaOw3FPg9Q"]},{"@type":"Person","@id":"https:\/\/kapitalis.com\/tunisie\/#\/schema\/person\/d71f33a9ca44f7bad4698210b480c8e9","name":"webmaster kapitalis","url":"https:\/\/kapitalis.com\/tunisie\/author\/webmaster-kapitalis\/"}]}},"_links":{"self":[{"href":"https:\/\/kapitalis.com\/tunisie\/wp-json\/wp\/v2\/posts\/308253","targetHints":{"allow":["GET"]}}],"collection":[{"href":"https:\/\/kapitalis.com\/tunisie\/wp-json\/wp\/v2\/posts"}],"about":[{"href":"https:\/\/kapitalis.com\/tunisie\/wp-json\/wp\/v2\/types\/post"}],"author":[{"embeddable":true,"href":"https:\/\/kapitalis.com\/tunisie\/wp-json\/wp\/v2\/users\/8"}],"replies":[{"embeddable":true,"href":"https:\/\/kapitalis.com\/tunisie\/wp-json\/wp\/v2\/comments?post=308253"}],"version-history":[{"count":0,"href":"https:\/\/kapitalis.com\/tunisie\/wp-json\/wp\/v2\/posts\/308253\/revisions"}],"wp:featuredmedia":[{"embeddable":true,"href":"https:\/\/kapitalis.com\/tunisie\/wp-json\/wp\/v2\/media\/308255"}],"wp:attachment":[{"href":"https:\/\/kapitalis.com\/tunisie\/wp-json\/wp\/v2\/media?parent=308253"}],"wp:term":[{"taxonomy":"category","embeddable":true,"href":"https:\/\/kapitalis.com\/tunisie\/wp-json\/wp\/v2\/categories?post=308253"},{"taxonomy":"post_tag","embeddable":true,"href":"https:\/\/kapitalis.com\/tunisie\/wp-json\/wp\/v2\/tags?post=308253"}],"curies":[{"name":"wp","href":"https:\/\/api.w.org\/{rel}","templated":true}]}}