{"id":308325,"date":"2020-07-16T19:04:06","date_gmt":"2020-07-16T18:04:06","guid":{"rendered":"http:\/\/kapitalis.com\/tunisie\/?p=308325"},"modified":"2020-07-17T07:25:36","modified_gmt":"2020-07-17T06:25:36","slug":"assemblee-abir-moussi-squatte-le-bureau-de-habib-khedher-video","status":"publish","type":"post","link":"https:\/\/kapitalis.com\/tunisie\/2020\/07\/16\/assemblee-abir-moussi-squatte-le-bureau-de-habib-khedher-video\/","title":{"rendered":"Assembl\u00e9e : Abir Moussi squatte le bureau de Habib Khedher (Vid\u00e9o)"},"content":{"rendered":"\n<figure class=\"wp-block-image size-large\"><img decoding=\"async\" src=\"http:\/\/kapitalis.com\/tunisie\/wp-content\/uploads\/2020\/07\/Khedher.jpg\" alt=\"\" class=\"wp-image-308338\"\/><\/figure>\n\n\n\n<p><strong><em>Habib Khedher, chef de cabinet du pr\u00e9sident du parlement, Rached Ghannouchi, a fait appel \u00e0 un huissier de justice, cet apr\u00e8s-midi, jeudi 16 juillet 2020, pour faire sortir les d\u00e9put\u00e9s Parti destourien libre (PDL) de son bureau, o\u00f9 ils ont entam\u00e9 un sit-in, apr\u00e8s qu&rsquo;il ait refus\u00e9 de les recevoir.<\/em><\/strong><\/p>\n\n\n\n<!--more-->\n\n\n\n<p>La pr\u00e9sidente du PDL et de son bloc parlementaire, Abir Moussi, a indiqu\u00e9 qu\u2019elle s&rsquo;est rendue, avec ses coll\u00e8gues au bureau de Habib Khedher afin de demander des copies de documents relatifs \u00e0 la commission d&rsquo;enqu\u00eate parlementaire sur les r\u00e9seaux de voyages vers les zones de conflits, mais que ce dernier a refus\u00e9 de les recevoir.<\/p>\n\n\n\n<p>\u00ab<em>Nous avons donc d\u00e9cid\u00e9 de rester dans le bureau jusqu&rsquo;\u00e0 ce qu&rsquo;il r\u00e9ponde \u00e0 notre demande\u00bb, <\/em>a-t-elle affirm\u00e9, en ajoutant que Khedher a d&rsquo;abord fait appel aux d\u00e9put\u00e9s islamistes d&rsquo;Ennahdha ainsi que ceux de la coalition Al-Karama, avant de convoquer un huissier de justice.<\/p>\n\n\n\n<figure class=\"wp-block-embed-facebook wp-block-embed is-type-video is-provider-facebook\"><div class=\"wp-block-embed__wrapper\">\nhttps:\/\/www.facebook.com\/1967823173521555\/videos\/3190118207774598\/\n<\/div><\/figure>\n\n\n\n<p>Aussit\u00f4t ce dernier rentr\u00e9, Khedher, accompagn\u00e9 de Mohamed Affes, a essay\u00e9 d&rsquo;enfermer \u00e0 cl\u00e9 les d\u00e9put\u00e9s PDL. Abir Moussi et Karim Krifa l&rsquo;en ont emp\u00each\u00e9&#8230;<\/p>\n\n\n\n<p>Le bureau du chef de cabinet de Ghannouchi a \u00e9t\u00e9 le th\u00e9\u00e2tre d&rsquo;\u00e9changes d&rsquo;accusations et d&rsquo;insultes entre les deux parties : \u00ab<em>Les d\u00e9put\u00e9s Al-Karama, appel\u00e9s en renfort par leur Cheikh (Ghannouchi) se sont incrust\u00e9s et nous ont insult\u00e9s\u00bb,<\/em> a d\u00e9plor\u00e9 Abir Moussi, en affirmant que des personnes \u00e9trang\u00e8res \u00e0 l&rsquo;Assembl\u00e9e accompagnent les d\u00e9put\u00e9s de la coalition pr\u00e9sid\u00e9e par Seifeddine Makhlouf :<em> \u00abNous nous sentons en danger\u00bb.<\/em><\/p>\n\n\n\n<figure class=\"wp-block-embed-facebook wp-block-embed is-type-video is-provider-facebook\"><div class=\"wp-block-embed__wrapper\">\nhttps:\/\/www.facebook.com\/1967823173521555\/videos\/1871056523018485\/\n<\/div><\/figure>\n\n\n\n<p><em>\u00abLes bandits, mercenaires, et voleurs sont entr\u00e9s par effraction dans le bureau du chef du cabinet du pr\u00e9sident de l&rsquo;Assembl\u00e9e. C&rsquo;est un crime !\u00bb<\/em>, a accus\u00e9 de son c\u00f4t\u00e9 Makhlouf, qui ne pouvait pas rater cette occasion pour essayer de provoquer les d\u00e9put\u00e9s PDL en ajoutant : <em>\u00abDommage il n&rsquo;y a pas d&rsquo;homme qui a appliqu\u00e9 la loi contre vos d\u00e9passements, esp\u00e8ce de crapules. Notre r\u00eave c&rsquo;est qu&rsquo;il y ait des \u00e9lections anticip\u00e9es et je vous jure que nous allons fermement appliquer la loi. Vous allez voir esp\u00e8ces de crapules, vous ne valez rien\u00bb<\/em>.<\/p>\n\n\n\n<p class=\"has-text-align-right\"><strong>Y. N.<\/strong><\/p>\n\n\n\n<figure class=\"wp-block-embed-wordpress wp-block-embed is-type-wp-embed is-provider-kapitalis\"><div class=\"wp-block-embed__wrapper\">\n<blockquote class=\"wp-embedded-content\" data-secret=\"z9zeRpG2Hk\"><a href=\"https:\/\/kapitalis.com\/tunisie\/2020\/01\/15\/rached-ghannouchi-explique-les-privileges-accordes-a-habib-khedher-son-chef-de-cabinet-et-son-neveu\/\">Rached Ghannouchi justifie les privil\u00e8ges accord\u00e9s \u00e0 Habib Khedher, son chef de cabinet et son&#8230; neveu<\/a><\/blockquote><iframe loading=\"lazy\" class=\"wp-embedded-content\" sandbox=\"allow-scripts\" security=\"restricted\" style=\"position: absolute; clip: rect(1px, 1px, 1px, 1px);\" title=\"\u00ab\u00a0Rached Ghannouchi justifie les privil\u00e8ges accord\u00e9s \u00e0 Habib Khedher, son chef de cabinet et son&#8230; neveu\u00a0\u00bb &#8212; Kapitalis\" src=\"https:\/\/kapitalis.com\/tunisie\/2020\/01\/15\/rached-ghannouchi-explique-les-privileges-accordes-a-habib-khedher-son-chef-de-cabinet-et-son-neveu\/embed\/#?secret=uviHh9exiS#?secret=z9zeRpG2Hk\" data-secret=\"z9zeRpG2Hk\" width=\"600\" height=\"338\" frameborder=\"0\" marginwidth=\"0\" marginheight=\"0\" scrolling=\"no\"><\/iframe>\n<\/div><\/figure>\n\n\n\n<figure class=\"wp-block-embed-wordpress wp-block-embed is-type-wp-embed is-provider-kapitalis\"><div class=\"wp-block-embed__wrapper\">\n<blockquote class=\"wp-embedded-content\" data-secret=\"QcAYzfN5ST\"><a href=\"https:\/\/kapitalis.com\/tunisie\/2020\/07\/15\/assemblee-crepage-de-chignons-entre-les-islamistes-et-les-destouriens-video\/\">Assembl\u00e9e : Cr\u00eapage de chignons entre les islamistes et les destouriens (Vid\u00e9o)<\/a><\/blockquote><iframe loading=\"lazy\" class=\"wp-embedded-content\" sandbox=\"allow-scripts\" security=\"restricted\" style=\"position: absolute; clip: rect(1px, 1px, 1px, 1px);\" title=\"\u00ab\u00a0Assembl\u00e9e : Cr\u00eapage de chignons entre les islamistes et les destouriens (Vid\u00e9o)\u00a0\u00bb &#8212; Kapitalis\" src=\"https:\/\/kapitalis.com\/tunisie\/2020\/07\/15\/assemblee-crepage-de-chignons-entre-les-islamistes-et-les-destouriens-video\/embed\/#?secret=HYkBTkUEv8#?secret=QcAYzfN5ST\" data-secret=\"QcAYzfN5ST\" width=\"600\" height=\"338\" frameborder=\"0\" marginwidth=\"0\" marginheight=\"0\" scrolling=\"no\"><\/iframe>\n<\/div><\/figure>\n","protected":false},"excerpt":{"rendered":"<p>Habib Khedher, chef de cabinet du pr\u00e9sident du parlement, Rached Ghannouchi, a fait appel \u00e0 un huissier de justice, cet apr\u00e8s-midi, jeudi 16 juillet 2020, pour faire sortir les d\u00e9put\u00e9s Parti destourien libre (PDL) de son bureau, o\u00f9 ils ont entam\u00e9 un sit-in, apr\u00e8s qu&rsquo;il ait refus\u00e9 de les recevoir.<\/p>\n","protected":false},"author":6,"featured_media":308338,"comment_status":"open","ping_status":"open","sticky":false,"template":"","format":"standard","meta":{"footnotes":""},"categories":[997,2433,4806],"tags":[15144,76464,3668,413,71194,80722,5848,33536],"class_list":["post-308325","post","type-post","status-publish","format-standard","has-post-thumbnail","hentry","category-politique","category-tunisie","category-videos","tag-abir-moussi","tag-al-karama-2","tag-deputes","tag-ghannouchi","tag-habib-khedher","tag-makhlouf","tag-parlement","tag-pdl"],"yoast_head":"<!-- This site is optimized with the Yoast SEO plugin v26.6 - https:\/\/yoast.com\/wordpress\/plugins\/seo\/ -->\n<title>Assembl\u00e9e : Abir Moussi squatte le bureau de Habib Khedher (Vid\u00e9o) - Kapitalis<\/title>\n<meta name=\"robots\" content=\"index, follow, max-snippet:-1, max-image-preview:large, max-video-preview:-1\" \/>\n<link rel=\"canonical\" href=\"https:\/\/kapitalis.com\/tunisie\/2020\/07\/16\/assemblee-abir-moussi-squatte-le-bureau-de-habib-khedher-video\/\" \/>\n<meta property=\"og:locale\" content=\"fr_FR\" \/>\n<meta property=\"og:type\" content=\"article\" \/>\n<meta property=\"og:title\" content=\"Assembl\u00e9e : Abir Moussi squatte le bureau de Habib Khedher (Vid\u00e9o) - Kapitalis\" \/>\n<meta property=\"og:description\" content=\"Habib Khedher, chef de cabinet du pr\u00e9sident du parlement, Rached Ghannouchi, a fait appel \u00e0 un huissier de justice, cet apr\u00e8s-midi, jeudi 16 juillet 2020, pour faire sortir les d\u00e9put\u00e9s Parti destourien libre (PDL) de son bureau, o\u00f9 ils ont entam\u00e9 un sit-in, apr\u00e8s qu&rsquo;il ait refus\u00e9 de les recevoir.\" \/>\n<meta property=\"og:url\" content=\"https:\/\/kapitalis.com\/tunisie\/2020\/07\/16\/assemblee-abir-moussi-squatte-le-bureau-de-habib-khedher-video\/\" \/>\n<meta property=\"og:site_name\" content=\"Kapitalis\" \/>\n<meta property=\"article:publisher\" content=\"https:\/\/www.facebook.com\/KapitalisInfo\/\" \/>\n<meta property=\"article:published_time\" content=\"2020-07-16T18:04:06+00:00\" \/>\n<meta property=\"article:modified_time\" content=\"2020-07-17T06:25:36+00:00\" \/>\n<meta property=\"og:image\" content=\"https:\/\/kapitalis.com\/tunisie\/wp-content\/uploads\/2022\/05\/kapitalis-logo-fb.png\" \/>\n\t<meta property=\"og:image:width\" content=\"1200\" \/>\n\t<meta property=\"og:image:height\" content=\"630\" \/>\n\t<meta property=\"og:image:type\" content=\"image\/png\" \/>\n<meta name=\"author\" content=\"Yusra NY\" \/>\n<meta name=\"twitter:card\" content=\"summary_large_image\" \/>\n<meta name=\"twitter:creator\" content=\"@KapitalisInfo\" \/>\n<meta name=\"twitter:site\" content=\"@KapitalisInfo\" \/>\n<meta name=\"twitter:label1\" content=\"\u00c9crit par\" \/>\n\t<meta name=\"twitter:data1\" content=\"Yusra NY\" \/>\n\t<meta name=\"twitter:label2\" content=\"Dur\u00e9e de lecture estim\u00e9e\" \/>\n\t<meta name=\"twitter:data2\" content=\"2 minutes\" \/>\n<script type=\"application\/ld+json\" class=\"yoast-schema-graph\">{\"@context\":\"https:\/\/schema.org\",\"@graph\":[{\"@type\":\"Article\",\"@id\":\"https:\/\/kapitalis.com\/tunisie\/2020\/07\/16\/assemblee-abir-moussi-squatte-le-bureau-de-habib-khedher-video\/#article\",\"isPartOf\":{\"@id\":\"https:\/\/kapitalis.com\/tunisie\/2020\/07\/16\/assemblee-abir-moussi-squatte-le-bureau-de-habib-khedher-video\/\"},\"author\":{\"name\":\"Yusra NY\",\"@id\":\"https:\/\/kapitalis.com\/tunisie\/#\/schema\/person\/74bbde0154d49d790a92aaeac5bc01d5\"},\"headline\":\"Assembl\u00e9e : Abir Moussi squatte le bureau de Habib Khedher (Vid\u00e9o)\",\"datePublished\":\"2020-07-16T18:04:06+00:00\",\"dateModified\":\"2020-07-17T06:25:36+00:00\",\"mainEntityOfPage\":{\"@id\":\"https:\/\/kapitalis.com\/tunisie\/2020\/07\/16\/assemblee-abir-moussi-squatte-le-bureau-de-habib-khedher-video\/\"},\"wordCount\":401,\"commentCount\":1,\"publisher\":{\"@id\":\"https:\/\/kapitalis.com\/tunisie\/#organization\"},\"image\":{\"@id\":\"https:\/\/kapitalis.com\/tunisie\/2020\/07\/16\/assemblee-abir-moussi-squatte-le-bureau-de-habib-khedher-video\/#primaryimage\"},\"thumbnailUrl\":\"\",\"keywords\":[\"Abir Moussi\",\"Al-Karama\",\"d\u00e9put\u00e9s\",\"ghannouchi\",\"Habib Khedher\",\"Makhlouf\",\"parlement\",\"PDL\"],\"articleSection\":[\"POLITIQUE\",\"Tunisie\",\"VIDEOS\"],\"inLanguage\":\"fr-FR\",\"potentialAction\":[{\"@type\":\"CommentAction\",\"name\":\"Comment\",\"target\":[\"https:\/\/kapitalis.com\/tunisie\/2020\/07\/16\/assemblee-abir-moussi-squatte-le-bureau-de-habib-khedher-video\/#respond\"]}]},{\"@type\":\"WebPage\",\"@id\":\"https:\/\/kapitalis.com\/tunisie\/2020\/07\/16\/assemblee-abir-moussi-squatte-le-bureau-de-habib-khedher-video\/\",\"url\":\"https:\/\/kapitalis.com\/tunisie\/2020\/07\/16\/assemblee-abir-moussi-squatte-le-bureau-de-habib-khedher-video\/\",\"name\":\"Assembl\u00e9e : Abir Moussi squatte le bureau de Habib Khedher (Vid\u00e9o) - Kapitalis\",\"isPartOf\":{\"@id\":\"https:\/\/kapitalis.com\/tunisie\/#website\"},\"primaryImageOfPage\":{\"@id\":\"https:\/\/kapitalis.com\/tunisie\/2020\/07\/16\/assemblee-abir-moussi-squatte-le-bureau-de-habib-khedher-video\/#primaryimage\"},\"image\":{\"@id\":\"https:\/\/kapitalis.com\/tunisie\/2020\/07\/16\/assemblee-abir-moussi-squatte-le-bureau-de-habib-khedher-video\/#primaryimage\"},\"thumbnailUrl\":\"\",\"datePublished\":\"2020-07-16T18:04:06+00:00\",\"dateModified\":\"2020-07-17T06:25:36+00:00\",\"breadcrumb\":{\"@id\":\"https:\/\/kapitalis.com\/tunisie\/2020\/07\/16\/assemblee-abir-moussi-squatte-le-bureau-de-habib-khedher-video\/#breadcrumb\"},\"inLanguage\":\"fr-FR\",\"potentialAction\":[{\"@type\":\"ReadAction\",\"target\":[\"https:\/\/kapitalis.com\/tunisie\/2020\/07\/16\/assemblee-abir-moussi-squatte-le-bureau-de-habib-khedher-video\/\"]}]},{\"@type\":\"ImageObject\",\"inLanguage\":\"fr-FR\",\"@id\":\"https:\/\/kapitalis.com\/tunisie\/2020\/07\/16\/assemblee-abir-moussi-squatte-le-bureau-de-habib-khedher-video\/#primaryimage\",\"url\":\"\",\"contentUrl\":\"\"},{\"@type\":\"BreadcrumbList\",\"@id\":\"https:\/\/kapitalis.com\/tunisie\/2020\/07\/16\/assemblee-abir-moussi-squatte-le-bureau-de-habib-khedher-video\/#breadcrumb\",\"itemListElement\":[{\"@type\":\"ListItem\",\"position\":1,\"name\":\"Accueil\",\"item\":\"https:\/\/kapitalis.com\/tunisie\/\"},{\"@type\":\"ListItem\",\"position\":2,\"name\":\"Assembl\u00e9e : Abir Moussi squatte le bureau de Habib Khedher (Vid\u00e9o)\"}]},{\"@type\":\"WebSite\",\"@id\":\"https:\/\/kapitalis.com\/tunisie\/#website\",\"url\":\"https:\/\/kapitalis.com\/tunisie\/\",\"name\":\"Kapitalis\",\"description\":\"L&#039;actualit\u00e9 en Tunisie et dans le monde\",\"publisher\":{\"@id\":\"https:\/\/kapitalis.com\/tunisie\/#organization\"},\"potentialAction\":[{\"@type\":\"SearchAction\",\"target\":{\"@type\":\"EntryPoint\",\"urlTemplate\":\"https:\/\/kapitalis.com\/tunisie\/?s={search_term_string}\"},\"query-input\":{\"@type\":\"PropertyValueSpecification\",\"valueRequired\":true,\"valueName\":\"search_term_string\"}}],\"inLanguage\":\"fr-FR\"},{\"@type\":\"Organization\",\"@id\":\"https:\/\/kapitalis.com\/tunisie\/#organization\",\"name\":\"Kapitalis\",\"url\":\"https:\/\/kapitalis.com\/tunisie\/\",\"logo\":{\"@type\":\"ImageObject\",\"inLanguage\":\"fr-FR\",\"@id\":\"https:\/\/kapitalis.com\/tunisie\/#\/schema\/logo\/image\/\",\"url\":\"https:\/\/kapitalis.com\/tunisie\/wp-content\/uploads\/2022\/05\/Kapitalis-big-size.png\",\"contentUrl\":\"https:\/\/kapitalis.com\/tunisie\/wp-content\/uploads\/2022\/05\/Kapitalis-big-size.png\",\"width\":5000,\"height\":1500,\"caption\":\"Kapitalis\"},\"image\":{\"@id\":\"https:\/\/kapitalis.com\/tunisie\/#\/schema\/logo\/image\/\"},\"sameAs\":[\"https:\/\/www.facebook.com\/KapitalisInfo\/\",\"https:\/\/x.com\/KapitalisInfo\",\"https:\/\/www.youtube.com\/channel\/UC-yDYrHyfFBWWZaOw3FPg9Q\"]},{\"@type\":\"Person\",\"@id\":\"https:\/\/kapitalis.com\/tunisie\/#\/schema\/person\/74bbde0154d49d790a92aaeac5bc01d5\",\"name\":\"Yusra NY\",\"url\":\"https:\/\/kapitalis.com\/tunisie\/author\/yuza_adam\/\"}]}<\/script>\n<!-- \/ Yoast SEO plugin. -->","yoast_head_json":{"title":"Assembl\u00e9e : Abir Moussi squatte le bureau de Habib Khedher (Vid\u00e9o) - Kapitalis","robots":{"index":"index","follow":"follow","max-snippet":"max-snippet:-1","max-image-preview":"max-image-preview:large","max-video-preview":"max-video-preview:-1"},"canonical":"https:\/\/kapitalis.com\/tunisie\/2020\/07\/16\/assemblee-abir-moussi-squatte-le-bureau-de-habib-khedher-video\/","og_locale":"fr_FR","og_type":"article","og_title":"Assembl\u00e9e : Abir Moussi squatte le bureau de Habib Khedher (Vid\u00e9o) - Kapitalis","og_description":"Habib Khedher, chef de cabinet du pr\u00e9sident du parlement, Rached Ghannouchi, a fait appel \u00e0 un huissier de justice, cet apr\u00e8s-midi, jeudi 16 juillet 2020, pour faire sortir les d\u00e9put\u00e9s Parti destourien libre (PDL) de son bureau, o\u00f9 ils ont entam\u00e9 un sit-in, apr\u00e8s qu&rsquo;il ait refus\u00e9 de les recevoir.","og_url":"https:\/\/kapitalis.com\/tunisie\/2020\/07\/16\/assemblee-abir-moussi-squatte-le-bureau-de-habib-khedher-video\/","og_site_name":"Kapitalis","article_publisher":"https:\/\/www.facebook.com\/KapitalisInfo\/","article_published_time":"2020-07-16T18:04:06+00:00","article_modified_time":"2020-07-17T06:25:36+00:00","og_image":[{"width":1200,"height":630,"url":"https:\/\/kapitalis.com\/tunisie\/wp-content\/uploads\/2022\/05\/kapitalis-logo-fb.png","type":"image\/png"}],"author":"Yusra NY","twitter_card":"summary_large_image","twitter_creator":"@KapitalisInfo","twitter_site":"@KapitalisInfo","twitter_misc":{"\u00c9crit par":"Yusra NY","Dur\u00e9e de lecture estim\u00e9e":"2 minutes"},"schema":{"@context":"https:\/\/schema.org","@graph":[{"@type":"Article","@id":"https:\/\/kapitalis.com\/tunisie\/2020\/07\/16\/assemblee-abir-moussi-squatte-le-bureau-de-habib-khedher-video\/#article","isPartOf":{"@id":"https:\/\/kapitalis.com\/tunisie\/2020\/07\/16\/assemblee-abir-moussi-squatte-le-bureau-de-habib-khedher-video\/"},"author":{"name":"Yusra NY","@id":"https:\/\/kapitalis.com\/tunisie\/#\/schema\/person\/74bbde0154d49d790a92aaeac5bc01d5"},"headline":"Assembl\u00e9e : Abir Moussi squatte le bureau de Habib Khedher (Vid\u00e9o)","datePublished":"2020-07-16T18:04:06+00:00","dateModified":"2020-07-17T06:25:36+00:00","mainEntityOfPage":{"@id":"https:\/\/kapitalis.com\/tunisie\/2020\/07\/16\/assemblee-abir-moussi-squatte-le-bureau-de-habib-khedher-video\/"},"wordCount":401,"commentCount":1,"publisher":{"@id":"https:\/\/kapitalis.com\/tunisie\/#organization"},"image":{"@id":"https:\/\/kapitalis.com\/tunisie\/2020\/07\/16\/assemblee-abir-moussi-squatte-le-bureau-de-habib-khedher-video\/#primaryimage"},"thumbnailUrl":"","keywords":["Abir Moussi","Al-Karama","d\u00e9put\u00e9s","ghannouchi","Habib Khedher","Makhlouf","parlement","PDL"],"articleSection":["POLITIQUE","Tunisie","VIDEOS"],"inLanguage":"fr-FR","potentialAction":[{"@type":"CommentAction","name":"Comment","target":["https:\/\/kapitalis.com\/tunisie\/2020\/07\/16\/assemblee-abir-moussi-squatte-le-bureau-de-habib-khedher-video\/#respond"]}]},{"@type":"WebPage","@id":"https:\/\/kapitalis.com\/tunisie\/2020\/07\/16\/assemblee-abir-moussi-squatte-le-bureau-de-habib-khedher-video\/","url":"https:\/\/kapitalis.com\/tunisie\/2020\/07\/16\/assemblee-abir-moussi-squatte-le-bureau-de-habib-khedher-video\/","name":"Assembl\u00e9e : Abir Moussi squatte le bureau de Habib Khedher (Vid\u00e9o) - Kapitalis","isPartOf":{"@id":"https:\/\/kapitalis.com\/tunisie\/#website"},"primaryImageOfPage":{"@id":"https:\/\/kapitalis.com\/tunisie\/2020\/07\/16\/assemblee-abir-moussi-squatte-le-bureau-de-habib-khedher-video\/#primaryimage"},"image":{"@id":"https:\/\/kapitalis.com\/tunisie\/2020\/07\/16\/assemblee-abir-moussi-squatte-le-bureau-de-habib-khedher-video\/#primaryimage"},"thumbnailUrl":"","datePublished":"2020-07-16T18:04:06+00:00","dateModified":"2020-07-17T06:25:36+00:00","breadcrumb":{"@id":"https:\/\/kapitalis.com\/tunisie\/2020\/07\/16\/assemblee-abir-moussi-squatte-le-bureau-de-habib-khedher-video\/#breadcrumb"},"inLanguage":"fr-FR","potentialAction":[{"@type":"ReadAction","target":["https:\/\/kapitalis.com\/tunisie\/2020\/07\/16\/assemblee-abir-moussi-squatte-le-bureau-de-habib-khedher-video\/"]}]},{"@type":"ImageObject","inLanguage":"fr-FR","@id":"https:\/\/kapitalis.com\/tunisie\/2020\/07\/16\/assemblee-abir-moussi-squatte-le-bureau-de-habib-khedher-video\/#primaryimage","url":"","contentUrl":""},{"@type":"BreadcrumbList","@id":"https:\/\/kapitalis.com\/tunisie\/2020\/07\/16\/assemblee-abir-moussi-squatte-le-bureau-de-habib-khedher-video\/#breadcrumb","itemListElement":[{"@type":"ListItem","position":1,"name":"Accueil","item":"https:\/\/kapitalis.com\/tunisie\/"},{"@type":"ListItem","position":2,"name":"Assembl\u00e9e : Abir Moussi squatte le bureau de Habib Khedher (Vid\u00e9o)"}]},{"@type":"WebSite","@id":"https:\/\/kapitalis.com\/tunisie\/#website","url":"https:\/\/kapitalis.com\/tunisie\/","name":"Kapitalis","description":"L&#039;actualit\u00e9 en Tunisie et dans le monde","publisher":{"@id":"https:\/\/kapitalis.com\/tunisie\/#organization"},"potentialAction":[{"@type":"SearchAction","target":{"@type":"EntryPoint","urlTemplate":"https:\/\/kapitalis.com\/tunisie\/?s={search_term_string}"},"query-input":{"@type":"PropertyValueSpecification","valueRequired":true,"valueName":"search_term_string"}}],"inLanguage":"fr-FR"},{"@type":"Organization","@id":"https:\/\/kapitalis.com\/tunisie\/#organization","name":"Kapitalis","url":"https:\/\/kapitalis.com\/tunisie\/","logo":{"@type":"ImageObject","inLanguage":"fr-FR","@id":"https:\/\/kapitalis.com\/tunisie\/#\/schema\/logo\/image\/","url":"https:\/\/kapitalis.com\/tunisie\/wp-content\/uploads\/2022\/05\/Kapitalis-big-size.png","contentUrl":"https:\/\/kapitalis.com\/tunisie\/wp-content\/uploads\/2022\/05\/Kapitalis-big-size.png","width":5000,"height":1500,"caption":"Kapitalis"},"image":{"@id":"https:\/\/kapitalis.com\/tunisie\/#\/schema\/logo\/image\/"},"sameAs":["https:\/\/www.facebook.com\/KapitalisInfo\/","https:\/\/x.com\/KapitalisInfo","https:\/\/www.youtube.com\/channel\/UC-yDYrHyfFBWWZaOw3FPg9Q"]},{"@type":"Person","@id":"https:\/\/kapitalis.com\/tunisie\/#\/schema\/person\/74bbde0154d49d790a92aaeac5bc01d5","name":"Yusra NY","url":"https:\/\/kapitalis.com\/tunisie\/author\/yuza_adam\/"}]}},"_links":{"self":[{"href":"https:\/\/kapitalis.com\/tunisie\/wp-json\/wp\/v2\/posts\/308325","targetHints":{"allow":["GET"]}}],"collection":[{"href":"https:\/\/kapitalis.com\/tunisie\/wp-json\/wp\/v2\/posts"}],"about":[{"href":"https:\/\/kapitalis.com\/tunisie\/wp-json\/wp\/v2\/types\/post"}],"author":[{"embeddable":true,"href":"https:\/\/kapitalis.com\/tunisie\/wp-json\/wp\/v2\/users\/6"}],"replies":[{"embeddable":true,"href":"https:\/\/kapitalis.com\/tunisie\/wp-json\/wp\/v2\/comments?post=308325"}],"version-history":[{"count":0,"href":"https:\/\/kapitalis.com\/tunisie\/wp-json\/wp\/v2\/posts\/308325\/revisions"}],"wp:featuredmedia":[{"embeddable":true,"href":"https:\/\/kapitalis.com\/tunisie\/wp-json\/wp\/v2\/media\/308338"}],"wp:attachment":[{"href":"https:\/\/kapitalis.com\/tunisie\/wp-json\/wp\/v2\/media?parent=308325"}],"wp:term":[{"taxonomy":"category","embeddable":true,"href":"https:\/\/kapitalis.com\/tunisie\/wp-json\/wp\/v2\/categories?post=308325"},{"taxonomy":"post_tag","embeddable":true,"href":"https:\/\/kapitalis.com\/tunisie\/wp-json\/wp\/v2\/tags?post=308325"}],"curies":[{"name":"wp","href":"https:\/\/api.w.org\/{rel}","templated":true}]}}