{"id":308376,"date":"2020-07-17T02:41:53","date_gmt":"2020-07-17T01:41:53","guid":{"rendered":"http:\/\/kapitalis.com\/tunisie\/?p=308376"},"modified":"2020-07-17T08:14:13","modified_gmt":"2020-07-17T07:14:13","slug":"tunisie-vers-la-creation-dun-centre-pour-heberger-les-migrants-illegaux-positifs-au-coronavirus","status":"publish","type":"post","link":"https:\/\/kapitalis.com\/tunisie\/2020\/07\/17\/tunisie-vers-la-creation-dun-centre-pour-heberger-les-migrants-illegaux-positifs-au-coronavirus\/","title":{"rendered":"Tunisie : Vers la cr\u00e9ation d&rsquo;un centre pour h\u00e9berger les migrants ill\u00e9gaux, positifs au coronavirus"},"content":{"rendered":"\n<figure class=\"wp-block-image size-large\"><img decoding=\"async\" src=\"http:\/\/kapitalis.com\/tunisie\/wp-content\/uploads\/2020\/07\/centre-covid.jpg\" alt=\"\" class=\"wp-image-308378\"\/><\/figure>\n\n\n\n<p><strong><em>Un nouveau centre Covid+ ouvrira bient\u00f4t ses portes pour h\u00e9berger les migrants entr\u00e9s ill\u00e9galement en Tunisie, et qui sont positifs au coronavirus, annonce Mohamed Rabhi, pr\u00e9sident de la commission du confinement sanitaire relevant du minist\u00e8re de la Sant\u00e9.<\/em><\/strong><\/p>\n\n\n\n<!--more-->\n\n\n\n<p>Ce centre permettra aux patients de b\u00e9n\u00e9ficier d&rsquo;un suivi m\u00e9dical, tout en assurant un contr\u00f4le s\u00e9curitaire, ajoute Mohamed Rabhi, en rappelant que plusieurs migrants, plac\u00e9s \u00e0 l&rsquo;isolement obligatoire, et qui font l\u2019objet de poursuites judiciaires pour franchissement illicite des fronti\u00e8res, ont fui, ces derniers temps, des centres de confinement.<\/p>\n\n\n\n<p>Le nouveau centre, dont Dr Rabhi n&rsquo;a pas pr\u00e9cis\u00e9 l&#8217;emplacement exact, sera sous surveillance s\u00e9curitaire, pour \u00e9viter que les patients puissent fuir et pr\u00e9venir ainsi la propagation du coronavirus, dit-il, tout en offrant aux personnes h\u00e9berg\u00e9es des conditions et un encadrement m\u00e9dical identiques \u00e0 ceux dont b\u00e9n\u00e9ficient les Tunisiens plac\u00e9s dans les centres Covid+.<\/p>\n\n\n\n<p class=\"has-text-align-right\"><strong>Y. N.<\/strong><\/p>\n","protected":false},"excerpt":{"rendered":"<p>Un nouveau centre Covid+ ouvrira bient\u00f4t ses portes pour h\u00e9berger les migrants entr\u00e9s ill\u00e9galement en Tunisie, et qui sont positifs au coronavirus, annonce Mohamed Rabhi, pr\u00e9sident de la commission du confinement sanitaire relevant du minist\u00e8re de la Sant\u00e9.<\/p>\n","protected":false},"author":6,"featured_media":308378,"comment_status":"open","ping_status":"open","sticky":false,"template":"","format":"standard","meta":{"footnotes":""},"categories":[998,2433],"tags":[80923,76807,73060,3145,810,62643],"class_list":["post-308376","post","type-post","status-publish","format-standard","has-post-thumbnail","hentry","category-societe","category-tunisie","tag-centre-covid","tag-confinement-sanitaire","tag-coronavirus","tag-migrants","tag-sante","tag-tunisie"],"yoast_head":"<!-- This site is optimized with the Yoast SEO plugin v26.6 - https:\/\/yoast.com\/wordpress\/plugins\/seo\/ -->\n<title>Tunisie : Vers la cr\u00e9ation d&#039;un centre pour h\u00e9berger les migrants ill\u00e9gaux, positifs au coronavirus - Kapitalis<\/title>\n<meta name=\"robots\" content=\"index, follow, max-snippet:-1, max-image-preview:large, max-video-preview:-1\" \/>\n<link rel=\"canonical\" href=\"https:\/\/kapitalis.com\/tunisie\/2020\/07\/17\/tunisie-vers-la-creation-dun-centre-pour-heberger-les-migrants-illegaux-positifs-au-coronavirus\/\" \/>\n<meta property=\"og:locale\" content=\"fr_FR\" \/>\n<meta property=\"og:type\" content=\"article\" \/>\n<meta property=\"og:title\" content=\"Tunisie : Vers la cr\u00e9ation d&#039;un centre pour h\u00e9berger les migrants ill\u00e9gaux, positifs au coronavirus - Kapitalis\" \/>\n<meta property=\"og:description\" content=\"Un nouveau centre Covid+ ouvrira bient\u00f4t ses portes pour h\u00e9berger les migrants entr\u00e9s ill\u00e9galement en Tunisie, et qui sont positifs au coronavirus, annonce Mohamed Rabhi, pr\u00e9sident de la commission du confinement sanitaire relevant du minist\u00e8re de la Sant\u00e9.\" \/>\n<meta property=\"og:url\" content=\"https:\/\/kapitalis.com\/tunisie\/2020\/07\/17\/tunisie-vers-la-creation-dun-centre-pour-heberger-les-migrants-illegaux-positifs-au-coronavirus\/\" \/>\n<meta property=\"og:site_name\" content=\"Kapitalis\" \/>\n<meta property=\"article:publisher\" content=\"https:\/\/www.facebook.com\/KapitalisInfo\/\" \/>\n<meta property=\"article:published_time\" content=\"2020-07-17T01:41:53+00:00\" \/>\n<meta property=\"article:modified_time\" content=\"2020-07-17T07:14:13+00:00\" \/>\n<meta property=\"og:image\" content=\"https:\/\/kapitalis.com\/tunisie\/wp-content\/uploads\/2022\/05\/kapitalis-logo-fb.png\" \/>\n\t<meta property=\"og:image:width\" content=\"1200\" \/>\n\t<meta property=\"og:image:height\" content=\"630\" \/>\n\t<meta property=\"og:image:type\" content=\"image\/png\" \/>\n<meta name=\"author\" content=\"Yusra NY\" \/>\n<meta name=\"twitter:card\" content=\"summary_large_image\" \/>\n<meta name=\"twitter:creator\" content=\"@KapitalisInfo\" \/>\n<meta name=\"twitter:site\" content=\"@KapitalisInfo\" \/>\n<meta name=\"twitter:label1\" content=\"\u00c9crit par\" \/>\n\t<meta name=\"twitter:data1\" content=\"Yusra NY\" \/>\n\t<meta name=\"twitter:label2\" content=\"Dur\u00e9e de lecture estim\u00e9e\" \/>\n\t<meta name=\"twitter:data2\" content=\"1 minute\" \/>\n<script type=\"application\/ld+json\" class=\"yoast-schema-graph\">{\"@context\":\"https:\/\/schema.org\",\"@graph\":[{\"@type\":\"Article\",\"@id\":\"https:\/\/kapitalis.com\/tunisie\/2020\/07\/17\/tunisie-vers-la-creation-dun-centre-pour-heberger-les-migrants-illegaux-positifs-au-coronavirus\/#article\",\"isPartOf\":{\"@id\":\"https:\/\/kapitalis.com\/tunisie\/2020\/07\/17\/tunisie-vers-la-creation-dun-centre-pour-heberger-les-migrants-illegaux-positifs-au-coronavirus\/\"},\"author\":{\"name\":\"Yusra NY\",\"@id\":\"https:\/\/kapitalis.com\/tunisie\/#\/schema\/person\/74bbde0154d49d790a92aaeac5bc01d5\"},\"headline\":\"Tunisie : Vers la cr\u00e9ation d&rsquo;un centre pour h\u00e9berger les migrants ill\u00e9gaux, positifs au coronavirus\",\"datePublished\":\"2020-07-17T01:41:53+00:00\",\"dateModified\":\"2020-07-17T07:14:13+00:00\",\"mainEntityOfPage\":{\"@id\":\"https:\/\/kapitalis.com\/tunisie\/2020\/07\/17\/tunisie-vers-la-creation-dun-centre-pour-heberger-les-migrants-illegaux-positifs-au-coronavirus\/\"},\"wordCount\":181,\"commentCount\":2,\"publisher\":{\"@id\":\"https:\/\/kapitalis.com\/tunisie\/#organization\"},\"image\":{\"@id\":\"https:\/\/kapitalis.com\/tunisie\/2020\/07\/17\/tunisie-vers-la-creation-dun-centre-pour-heberger-les-migrants-illegaux-positifs-au-coronavirus\/#primaryimage\"},\"thumbnailUrl\":\"\",\"keywords\":[\"centre Covid+\",\"confinement sanitaire\",\"Coronavirus\",\"migrants\",\"Sant\u00e9\",\"Tunisie\"],\"articleSection\":[\"SOCIETE\",\"Tunisie\"],\"inLanguage\":\"fr-FR\",\"potentialAction\":[{\"@type\":\"CommentAction\",\"name\":\"Comment\",\"target\":[\"https:\/\/kapitalis.com\/tunisie\/2020\/07\/17\/tunisie-vers-la-creation-dun-centre-pour-heberger-les-migrants-illegaux-positifs-au-coronavirus\/#respond\"]}]},{\"@type\":\"WebPage\",\"@id\":\"https:\/\/kapitalis.com\/tunisie\/2020\/07\/17\/tunisie-vers-la-creation-dun-centre-pour-heberger-les-migrants-illegaux-positifs-au-coronavirus\/\",\"url\":\"https:\/\/kapitalis.com\/tunisie\/2020\/07\/17\/tunisie-vers-la-creation-dun-centre-pour-heberger-les-migrants-illegaux-positifs-au-coronavirus\/\",\"name\":\"Tunisie : Vers la cr\u00e9ation d'un centre pour h\u00e9berger les migrants ill\u00e9gaux, positifs au coronavirus - Kapitalis\",\"isPartOf\":{\"@id\":\"https:\/\/kapitalis.com\/tunisie\/#website\"},\"primaryImageOfPage\":{\"@id\":\"https:\/\/kapitalis.com\/tunisie\/2020\/07\/17\/tunisie-vers-la-creation-dun-centre-pour-heberger-les-migrants-illegaux-positifs-au-coronavirus\/#primaryimage\"},\"image\":{\"@id\":\"https:\/\/kapitalis.com\/tunisie\/2020\/07\/17\/tunisie-vers-la-creation-dun-centre-pour-heberger-les-migrants-illegaux-positifs-au-coronavirus\/#primaryimage\"},\"thumbnailUrl\":\"\",\"datePublished\":\"2020-07-17T01:41:53+00:00\",\"dateModified\":\"2020-07-17T07:14:13+00:00\",\"breadcrumb\":{\"@id\":\"https:\/\/kapitalis.com\/tunisie\/2020\/07\/17\/tunisie-vers-la-creation-dun-centre-pour-heberger-les-migrants-illegaux-positifs-au-coronavirus\/#breadcrumb\"},\"inLanguage\":\"fr-FR\",\"potentialAction\":[{\"@type\":\"ReadAction\",\"target\":[\"https:\/\/kapitalis.com\/tunisie\/2020\/07\/17\/tunisie-vers-la-creation-dun-centre-pour-heberger-les-migrants-illegaux-positifs-au-coronavirus\/\"]}]},{\"@type\":\"ImageObject\",\"inLanguage\":\"fr-FR\",\"@id\":\"https:\/\/kapitalis.com\/tunisie\/2020\/07\/17\/tunisie-vers-la-creation-dun-centre-pour-heberger-les-migrants-illegaux-positifs-au-coronavirus\/#primaryimage\",\"url\":\"\",\"contentUrl\":\"\"},{\"@type\":\"BreadcrumbList\",\"@id\":\"https:\/\/kapitalis.com\/tunisie\/2020\/07\/17\/tunisie-vers-la-creation-dun-centre-pour-heberger-les-migrants-illegaux-positifs-au-coronavirus\/#breadcrumb\",\"itemListElement\":[{\"@type\":\"ListItem\",\"position\":1,\"name\":\"Accueil\",\"item\":\"https:\/\/kapitalis.com\/tunisie\/\"},{\"@type\":\"ListItem\",\"position\":2,\"name\":\"Tunisie : Vers la cr\u00e9ation d&rsquo;un centre pour h\u00e9berger les migrants ill\u00e9gaux, positifs au coronavirus\"}]},{\"@type\":\"WebSite\",\"@id\":\"https:\/\/kapitalis.com\/tunisie\/#website\",\"url\":\"https:\/\/kapitalis.com\/tunisie\/\",\"name\":\"Kapitalis\",\"description\":\"L&#039;actualit\u00e9 en Tunisie et dans le monde\",\"publisher\":{\"@id\":\"https:\/\/kapitalis.com\/tunisie\/#organization\"},\"potentialAction\":[{\"@type\":\"SearchAction\",\"target\":{\"@type\":\"EntryPoint\",\"urlTemplate\":\"https:\/\/kapitalis.com\/tunisie\/?s={search_term_string}\"},\"query-input\":{\"@type\":\"PropertyValueSpecification\",\"valueRequired\":true,\"valueName\":\"search_term_string\"}}],\"inLanguage\":\"fr-FR\"},{\"@type\":\"Organization\",\"@id\":\"https:\/\/kapitalis.com\/tunisie\/#organization\",\"name\":\"Kapitalis\",\"url\":\"https:\/\/kapitalis.com\/tunisie\/\",\"logo\":{\"@type\":\"ImageObject\",\"inLanguage\":\"fr-FR\",\"@id\":\"https:\/\/kapitalis.com\/tunisie\/#\/schema\/logo\/image\/\",\"url\":\"https:\/\/kapitalis.com\/tunisie\/wp-content\/uploads\/2022\/05\/Kapitalis-big-size.png\",\"contentUrl\":\"https:\/\/kapitalis.com\/tunisie\/wp-content\/uploads\/2022\/05\/Kapitalis-big-size.png\",\"width\":5000,\"height\":1500,\"caption\":\"Kapitalis\"},\"image\":{\"@id\":\"https:\/\/kapitalis.com\/tunisie\/#\/schema\/logo\/image\/\"},\"sameAs\":[\"https:\/\/www.facebook.com\/KapitalisInfo\/\",\"https:\/\/x.com\/KapitalisInfo\",\"https:\/\/www.youtube.com\/channel\/UC-yDYrHyfFBWWZaOw3FPg9Q\"]},{\"@type\":\"Person\",\"@id\":\"https:\/\/kapitalis.com\/tunisie\/#\/schema\/person\/74bbde0154d49d790a92aaeac5bc01d5\",\"name\":\"Yusra NY\",\"url\":\"https:\/\/kapitalis.com\/tunisie\/author\/yuza_adam\/\"}]}<\/script>\n<!-- \/ Yoast SEO plugin. -->","yoast_head_json":{"title":"Tunisie : Vers la cr\u00e9ation d'un centre pour h\u00e9berger les migrants ill\u00e9gaux, positifs au coronavirus - Kapitalis","robots":{"index":"index","follow":"follow","max-snippet":"max-snippet:-1","max-image-preview":"max-image-preview:large","max-video-preview":"max-video-preview:-1"},"canonical":"https:\/\/kapitalis.com\/tunisie\/2020\/07\/17\/tunisie-vers-la-creation-dun-centre-pour-heberger-les-migrants-illegaux-positifs-au-coronavirus\/","og_locale":"fr_FR","og_type":"article","og_title":"Tunisie : Vers la cr\u00e9ation d'un centre pour h\u00e9berger les migrants ill\u00e9gaux, positifs au coronavirus - Kapitalis","og_description":"Un nouveau centre Covid+ ouvrira bient\u00f4t ses portes pour h\u00e9berger les migrants entr\u00e9s ill\u00e9galement en Tunisie, et qui sont positifs au coronavirus, annonce Mohamed Rabhi, pr\u00e9sident de la commission du confinement sanitaire relevant du minist\u00e8re de la Sant\u00e9.","og_url":"https:\/\/kapitalis.com\/tunisie\/2020\/07\/17\/tunisie-vers-la-creation-dun-centre-pour-heberger-les-migrants-illegaux-positifs-au-coronavirus\/","og_site_name":"Kapitalis","article_publisher":"https:\/\/www.facebook.com\/KapitalisInfo\/","article_published_time":"2020-07-17T01:41:53+00:00","article_modified_time":"2020-07-17T07:14:13+00:00","og_image":[{"width":1200,"height":630,"url":"https:\/\/kapitalis.com\/tunisie\/wp-content\/uploads\/2022\/05\/kapitalis-logo-fb.png","type":"image\/png"}],"author":"Yusra NY","twitter_card":"summary_large_image","twitter_creator":"@KapitalisInfo","twitter_site":"@KapitalisInfo","twitter_misc":{"\u00c9crit par":"Yusra NY","Dur\u00e9e de lecture estim\u00e9e":"1 minute"},"schema":{"@context":"https:\/\/schema.org","@graph":[{"@type":"Article","@id":"https:\/\/kapitalis.com\/tunisie\/2020\/07\/17\/tunisie-vers-la-creation-dun-centre-pour-heberger-les-migrants-illegaux-positifs-au-coronavirus\/#article","isPartOf":{"@id":"https:\/\/kapitalis.com\/tunisie\/2020\/07\/17\/tunisie-vers-la-creation-dun-centre-pour-heberger-les-migrants-illegaux-positifs-au-coronavirus\/"},"author":{"name":"Yusra NY","@id":"https:\/\/kapitalis.com\/tunisie\/#\/schema\/person\/74bbde0154d49d790a92aaeac5bc01d5"},"headline":"Tunisie : Vers la cr\u00e9ation d&rsquo;un centre pour h\u00e9berger les migrants ill\u00e9gaux, positifs au coronavirus","datePublished":"2020-07-17T01:41:53+00:00","dateModified":"2020-07-17T07:14:13+00:00","mainEntityOfPage":{"@id":"https:\/\/kapitalis.com\/tunisie\/2020\/07\/17\/tunisie-vers-la-creation-dun-centre-pour-heberger-les-migrants-illegaux-positifs-au-coronavirus\/"},"wordCount":181,"commentCount":2,"publisher":{"@id":"https:\/\/kapitalis.com\/tunisie\/#organization"},"image":{"@id":"https:\/\/kapitalis.com\/tunisie\/2020\/07\/17\/tunisie-vers-la-creation-dun-centre-pour-heberger-les-migrants-illegaux-positifs-au-coronavirus\/#primaryimage"},"thumbnailUrl":"","keywords":["centre Covid+","confinement sanitaire","Coronavirus","migrants","Sant\u00e9","Tunisie"],"articleSection":["SOCIETE","Tunisie"],"inLanguage":"fr-FR","potentialAction":[{"@type":"CommentAction","name":"Comment","target":["https:\/\/kapitalis.com\/tunisie\/2020\/07\/17\/tunisie-vers-la-creation-dun-centre-pour-heberger-les-migrants-illegaux-positifs-au-coronavirus\/#respond"]}]},{"@type":"WebPage","@id":"https:\/\/kapitalis.com\/tunisie\/2020\/07\/17\/tunisie-vers-la-creation-dun-centre-pour-heberger-les-migrants-illegaux-positifs-au-coronavirus\/","url":"https:\/\/kapitalis.com\/tunisie\/2020\/07\/17\/tunisie-vers-la-creation-dun-centre-pour-heberger-les-migrants-illegaux-positifs-au-coronavirus\/","name":"Tunisie : Vers la cr\u00e9ation d'un centre pour h\u00e9berger les migrants ill\u00e9gaux, positifs au coronavirus - Kapitalis","isPartOf":{"@id":"https:\/\/kapitalis.com\/tunisie\/#website"},"primaryImageOfPage":{"@id":"https:\/\/kapitalis.com\/tunisie\/2020\/07\/17\/tunisie-vers-la-creation-dun-centre-pour-heberger-les-migrants-illegaux-positifs-au-coronavirus\/#primaryimage"},"image":{"@id":"https:\/\/kapitalis.com\/tunisie\/2020\/07\/17\/tunisie-vers-la-creation-dun-centre-pour-heberger-les-migrants-illegaux-positifs-au-coronavirus\/#primaryimage"},"thumbnailUrl":"","datePublished":"2020-07-17T01:41:53+00:00","dateModified":"2020-07-17T07:14:13+00:00","breadcrumb":{"@id":"https:\/\/kapitalis.com\/tunisie\/2020\/07\/17\/tunisie-vers-la-creation-dun-centre-pour-heberger-les-migrants-illegaux-positifs-au-coronavirus\/#breadcrumb"},"inLanguage":"fr-FR","potentialAction":[{"@type":"ReadAction","target":["https:\/\/kapitalis.com\/tunisie\/2020\/07\/17\/tunisie-vers-la-creation-dun-centre-pour-heberger-les-migrants-illegaux-positifs-au-coronavirus\/"]}]},{"@type":"ImageObject","inLanguage":"fr-FR","@id":"https:\/\/kapitalis.com\/tunisie\/2020\/07\/17\/tunisie-vers-la-creation-dun-centre-pour-heberger-les-migrants-illegaux-positifs-au-coronavirus\/#primaryimage","url":"","contentUrl":""},{"@type":"BreadcrumbList","@id":"https:\/\/kapitalis.com\/tunisie\/2020\/07\/17\/tunisie-vers-la-creation-dun-centre-pour-heberger-les-migrants-illegaux-positifs-au-coronavirus\/#breadcrumb","itemListElement":[{"@type":"ListItem","position":1,"name":"Accueil","item":"https:\/\/kapitalis.com\/tunisie\/"},{"@type":"ListItem","position":2,"name":"Tunisie : Vers la cr\u00e9ation d&rsquo;un centre pour h\u00e9berger les migrants ill\u00e9gaux, positifs au coronavirus"}]},{"@type":"WebSite","@id":"https:\/\/kapitalis.com\/tunisie\/#website","url":"https:\/\/kapitalis.com\/tunisie\/","name":"Kapitalis","description":"L&#039;actualit\u00e9 en Tunisie et dans le monde","publisher":{"@id":"https:\/\/kapitalis.com\/tunisie\/#organization"},"potentialAction":[{"@type":"SearchAction","target":{"@type":"EntryPoint","urlTemplate":"https:\/\/kapitalis.com\/tunisie\/?s={search_term_string}"},"query-input":{"@type":"PropertyValueSpecification","valueRequired":true,"valueName":"search_term_string"}}],"inLanguage":"fr-FR"},{"@type":"Organization","@id":"https:\/\/kapitalis.com\/tunisie\/#organization","name":"Kapitalis","url":"https:\/\/kapitalis.com\/tunisie\/","logo":{"@type":"ImageObject","inLanguage":"fr-FR","@id":"https:\/\/kapitalis.com\/tunisie\/#\/schema\/logo\/image\/","url":"https:\/\/kapitalis.com\/tunisie\/wp-content\/uploads\/2022\/05\/Kapitalis-big-size.png","contentUrl":"https:\/\/kapitalis.com\/tunisie\/wp-content\/uploads\/2022\/05\/Kapitalis-big-size.png","width":5000,"height":1500,"caption":"Kapitalis"},"image":{"@id":"https:\/\/kapitalis.com\/tunisie\/#\/schema\/logo\/image\/"},"sameAs":["https:\/\/www.facebook.com\/KapitalisInfo\/","https:\/\/x.com\/KapitalisInfo","https:\/\/www.youtube.com\/channel\/UC-yDYrHyfFBWWZaOw3FPg9Q"]},{"@type":"Person","@id":"https:\/\/kapitalis.com\/tunisie\/#\/schema\/person\/74bbde0154d49d790a92aaeac5bc01d5","name":"Yusra NY","url":"https:\/\/kapitalis.com\/tunisie\/author\/yuza_adam\/"}]}},"_links":{"self":[{"href":"https:\/\/kapitalis.com\/tunisie\/wp-json\/wp\/v2\/posts\/308376","targetHints":{"allow":["GET"]}}],"collection":[{"href":"https:\/\/kapitalis.com\/tunisie\/wp-json\/wp\/v2\/posts"}],"about":[{"href":"https:\/\/kapitalis.com\/tunisie\/wp-json\/wp\/v2\/types\/post"}],"author":[{"embeddable":true,"href":"https:\/\/kapitalis.com\/tunisie\/wp-json\/wp\/v2\/users\/6"}],"replies":[{"embeddable":true,"href":"https:\/\/kapitalis.com\/tunisie\/wp-json\/wp\/v2\/comments?post=308376"}],"version-history":[{"count":0,"href":"https:\/\/kapitalis.com\/tunisie\/wp-json\/wp\/v2\/posts\/308376\/revisions"}],"wp:featuredmedia":[{"embeddable":true,"href":"https:\/\/kapitalis.com\/tunisie\/wp-json\/wp\/v2\/media\/308378"}],"wp:attachment":[{"href":"https:\/\/kapitalis.com\/tunisie\/wp-json\/wp\/v2\/media?parent=308376"}],"wp:term":[{"taxonomy":"category","embeddable":true,"href":"https:\/\/kapitalis.com\/tunisie\/wp-json\/wp\/v2\/categories?post=308376"},{"taxonomy":"post_tag","embeddable":true,"href":"https:\/\/kapitalis.com\/tunisie\/wp-json\/wp\/v2\/tags?post=308376"}],"curies":[{"name":"wp","href":"https:\/\/api.w.org\/{rel}","templated":true}]}}