{"id":308397,"date":"2020-07-17T09:30:00","date_gmt":"2020-07-17T08:30:00","guid":{"rendered":"http:\/\/kapitalis.com\/tunisie\/?p=308397"},"modified":"2020-07-17T08:48:23","modified_gmt":"2020-07-17T07:48:23","slug":"les-ecologistes-de-hammamet-fetent-les-30-ans-de-leur-association","status":"publish","type":"post","link":"https:\/\/kapitalis.com\/tunisie\/2020\/07\/17\/les-ecologistes-de-hammamet-fetent-les-30-ans-de-leur-association\/","title":{"rendered":"Les \u00e9cologistes de Hammamet f\u00eatent les 30 ans de leur association"},"content":{"rendered":"\n<figure class=\"wp-block-image size-large\"><img decoding=\"async\" src=\"http:\/\/kapitalis.com\/tunisie\/wp-content\/uploads\/2020\/07\/Aere-Hammamet-Ban.jpg\" alt=\"\" class=\"wp-image-308398\"\/><\/figure>\n\n\n\n<p><strong><em>L\u2019Aere, l\u2019h\u00e9riti\u00e8re de l\u2019ATPNE-Hammamet (dont l\u2019auteur fut le pr\u00e9sident de 1990 \u00e0 1998), souffle ce mois-ci sa 30e bougie. C\u2019est l\u2019occasion de faire une sorte d\u2019arr\u00eat sur image pour faire un \u00e9ni\u00e8me bilan d\u2019\u00e9tape et mesurer ce qui a \u00e9t\u00e9 fait, ce qui est en cours et ce qui reste \u00e0 faire. Mais avant tout \u00e7a, c\u2019est l\u2019occasion pour les dirigeants de l\u2019association de r\u00e9unir les adh\u00e9rents, les amis, les partenaires techniques et financiers, les jeunes et la vieille garde\u2026 pour f\u00eater cet anniversaire comme il se doit.<\/em><\/strong><\/p>\n\n\n\n<p>Par <strong>Dr Salem Sahli<\/strong> *<\/p>\n\n\n\n<!--more-->\n\n\n\n<div class=\"wp-block-image\"><figure class=\"alignleft size-large\"><img decoding=\"async\" src=\"http:\/\/kapitalis.com\/tunisie\/wp-content\/uploads\/2017\/03\/Salem-Sahli.jpg\" alt=\"\" class=\"wp-image-86374\"\/><\/figure><\/div>\n\n\n\n<p>Puisque c\u2019est dans l\u2019esprit des hommes qu\u2019est n\u00e9e la d\u00e9gradation de l\u2019environnement, c\u2019est aussi dans l\u2019esprit des hommes qu\u2019il faut en \u00e9lever les d\u00e9fenses. C\u2019est ce principe \u00e9l\u00e9mentaire qui a pr\u00e9sid\u00e9 \u00e0 la cr\u00e9ation, en 2001, de l\u2019Association d\u2019\u00e9ducation relative \u00e0 l\u2019environnement de Hammamet (Aere), l\u2019h\u00e9riti\u00e8re de la section de Hammamet de l\u2019Association tunisienne pour la protection de la nature et de l\u2019environnement (ATPNE) qui elle a \u00e9t\u00e9 cr\u00e9\u00e9e il y a 30 ans, en juillet 1990. Et comme le nom l\u2019indique, il s\u2019agit d\u2019une nouvelle approche de la question environnementale centr\u00e9e sur la modification des comportements des citoyens par le biais de l\u2019\u00e9ducation.<\/p>\n\n\n\n<h3 class=\"wp-block-heading\">Impliquer les habitants<\/h3>\n\n\n\n<p>Nous demeurons en effet convaincus que, pour r\u00e9ussir, tout projet de d\u00e9veloppement local doit n\u00e9cessairement croiser un projet d\u2019\u00e9ducation \u00e0 l\u2019environnement. C\u2019est la condition <em>sine qua non<\/em> pour obtenir l\u2019adh\u00e9sion des citoyens au projet et par cons\u00e9quent accro\u00eetre ses chances de succ\u00e8s. Car, ce qui menace le plus un projet d\u2019habitants dans lequel une administration est impliqu\u00e9e, c\u2019est la substitution de cette derni\u00e8re aux associations de quartier pour sa conduite. Les exemples abondent de programmes nationaux fort co\u00fbteux ayant \u00e9chou\u00e9 ou n\u2019ayant pas connu les r\u00e9sultats escompt\u00e9s faute d\u2019implication des habitants. Il en est ainsi du programme <em>\u00abAgendas 21 locaux\u00bb<\/em> dont on ne parle plus, du programme <em>\u00abEcolef\u00bb <\/em>qui peut mieux faire, ou encore du Programme national de sensibilisation, d\u2019\u00e9ducation et de culture environnementale quasi-inexistant ou connu des seuls experts.<\/p>\n\n\n\n<p>Il ne s\u2019agit pas ici de critiquer forc\u00e9ment ces projets, ni de mal les juger simplement parce qu\u2019ils ont \u00e9t\u00e9 d\u00e9cid\u00e9s par le haut. Nous pensons seulement qu\u2019ils peuvent et doivent \u00eatre l\u2019occasion d\u2019\u00e9tablir des espaces de n\u00e9gociation et de construire des rapports contractuels entre les pouvoirs publics et la population.<\/p>\n\n\n\n<div class=\"wp-block-image\"><figure class=\"aligncenter size-large is-resized\"><img decoding=\"async\" src=\"http:\/\/kapitalis.com\/tunisie\/wp-content\/uploads\/2020\/07\/Aere-Hammamet.jpg\" alt=\"\" class=\"wp-image-308399\" width=\"500\"\/><figcaption><em>Salem Sahli au milieu des jeunes activistes d&rsquo;Aere au centre culturel international de Hammamet. <\/em><\/figcaption><\/figure><\/div>\n\n\n\n<h3 class=\"wp-block-heading\">Trois axes prioritaires<\/h3>\n\n\n\n<p>L\u2019adh\u00e9sion des citoyens ne s\u2019improvise pas. Elle est toujours le fruit d\u2019un long et patient travail de sensibilisation et d\u2019\u00e9ducation entrepris, \u00e0 chaud lors des c\u00e9l\u00e9brations d\u2019\u00e9v\u00e9nements nationaux ou internationaux, mais aussi et surtout \u00e0 froid en dehors des campagnes officielles.<\/p>\n\n\n\n<p>Pour mener \u00e0 bien ses actions \u00e9ducatives, l\u2019Aere de Hammamet a choisi, dans le fourre-tout qu\u2019on appelle environnement, de travailler selon trois axes prioritaires \u00e0 savoir les projets d\u2019\u00e9cole en \u00e9troite collaboration avec l\u2019institution scolaire, les projets de quartier touchant un public plus large, et enfin les projets impliquant les enfants et les jeunes, habitants de demain.<\/p>\n\n\n\n<p>Plusieurs projets d\u2019\u00e9cole ont \u00e9t\u00e9 men\u00e9s par l\u2019Aere, en milieu rural comme en milieu urbain, \u00e0 Hammam Bent Jdidi, dans les \u00e9coles Ali Balhouane, Al Joumhouria Al Amal, au coll\u00e8ge Chabbi comme au lyc\u00e9e Mohamed Boudhina\u2026 Dans la plupart des cas, des travaux d\u2019embellissement, d\u2019entretien, de maintenance et d\u2019am\u00e9nagement sont effectu\u00e9s par les enfants et les jeunes dans le cadre de chantiers internationaux de jeunes volontaires. 27 chantiers ont \u00e9t\u00e9 organis\u00e9s par l\u2019association.<\/p>\n\n\n\n<p>Mais au del\u00e0 de l\u2019impact de ces actions sur les \u00e9coliers et les jeunes, ces projets ont \u00e9t\u00e9 l\u2019occasion d\u2019enclencher une dynamique partenariale locale qui a permis aux actions de se poursuivre et m\u00eame de se d\u00e9velopper.<\/p>\n\n\n\n<p>Ainsi, dans la foul\u00e9e, sont n\u00e9s des projets comme Sauvons la m\u00e9diterran\u00e9e, la maison de l\u2019environnement, l\u2019\u00e9comus\u00e9e de l\u2019orangeraie, la r\u00e9habilitation de l\u2019espace Yasmina,<em> \u00abZ\u00e9ro d\u00e9chets dans mon \u00e9cole\u00bb<\/em>, la conservation des tortues marines, ou encore plus r\u00e9cemment le projet de cr\u00e9ation d\u2019une \u00e9co-\u00e9cole pilote \u00e0 Hammamet avec l\u2019appui de la Mitsubishi Corporation. Et beaucoup d\u2019autres en 30 ans d\u2019existence.<\/p>\n\n\n\n<h3 class=\"wp-block-heading\">R\u00e9veiller une citoyennet\u00e9 endormie<\/h3>\n\n\n\n<p>De l\u2019\u00e9cole au quartier et du quartier \u00e0 la ville, notre but n\u2019est pas de donner aux enfants et aux jeunes des connaissances th\u00e9oriques, mais bien de les amener \u00e0 appr\u00e9hender autrement leur quartier et leur ville avec l\u2019appui de ceux qui sont des rep\u00e8res dans la vie de quartier : les \u00e9coles, les associations, les commerces, les services municipaux, les s\u00e9niors\u2026<\/p>\n\n\n\n<p>N\u2019est-ce pas l\u00e0 la meilleure fa\u00e7on de r\u00e9veiller en eux une citoyennet\u00e9 endormie et de mettre en place une gestion du cadre de vie plus performante ?<\/p>\n\n\n\n<p>Gageons que les interventions individuelles ou collectives que nous avons suscit\u00e9es continueront \u00e0 vivre longtemps encore. C\u2019est le souhait que l\u2019\u00e9quipe de l\u2019AERE formule \u00e0 l\u2019occasion de son 30e anniversaire.<\/p>\n\n\n\n<p class=\"has-text-align-left\"><em>* S.G. de l\u2019Aere.<\/em><\/p>\n","protected":false},"excerpt":{"rendered":"<p>L\u2019Aere, l\u2019h\u00e9riti\u00e8re de l\u2019ATPNE-Hammamet (dont l\u2019auteur fut le pr\u00e9sident de 1990 \u00e0 1998), souffle ce mois-ci sa 30e bougie. C\u2019est l\u2019occasion de faire une sorte d\u2019arr\u00eat sur image pour faire un \u00e9ni\u00e8me bilan d\u2019\u00e9tape et mesurer ce qui a \u00e9t\u00e9 fait, ce qui est en cours et ce qui reste \u00e0 faire. Mais avant tout&#8230;<\/p>\n","protected":false},"author":8,"featured_media":308398,"comment_status":"open","ping_status":"open","sticky":false,"template":"","format":"standard","meta":{"footnotes":""},"categories":[992,998,1000,2433],"tags":[1635,80926,80927,80929,80928,80345,439],"class_list":["post-308397","post","type-post","status-publish","format-standard","has-post-thumbnail","hentry","category-a-la-une","category-societe","category-tribune","category-tunisie","tag-aere","tag-atpne","tag-developpement-local","tag-ecomusee-de-lorangeraie","tag-education-a-lenvironnement","tag-espace-yasmina","tag-hammamet"],"yoast_head":"<!-- This site is optimized with the Yoast SEO plugin v26.6 - https:\/\/yoast.com\/wordpress\/plugins\/seo\/ -->\n<title>Les \u00e9cologistes de Hammamet f\u00eatent les 30 ans de leur association - Kapitalis<\/title>\n<meta name=\"robots\" content=\"index, follow, max-snippet:-1, max-image-preview:large, max-video-preview:-1\" \/>\n<link rel=\"canonical\" href=\"https:\/\/kapitalis.com\/tunisie\/2020\/07\/17\/les-ecologistes-de-hammamet-fetent-les-30-ans-de-leur-association\/\" \/>\n<meta property=\"og:locale\" content=\"fr_FR\" \/>\n<meta property=\"og:type\" content=\"article\" \/>\n<meta property=\"og:title\" content=\"Les \u00e9cologistes de Hammamet f\u00eatent les 30 ans de leur association - Kapitalis\" \/>\n<meta property=\"og:description\" content=\"L\u2019Aere, l\u2019h\u00e9riti\u00e8re de l\u2019ATPNE-Hammamet (dont l\u2019auteur fut le pr\u00e9sident de 1990 \u00e0 1998), souffle ce mois-ci sa 30e bougie. C\u2019est l\u2019occasion de faire une sorte d\u2019arr\u00eat sur image pour faire un \u00e9ni\u00e8me bilan d\u2019\u00e9tape et mesurer ce qui a \u00e9t\u00e9 fait, ce qui est en cours et ce qui reste \u00e0 faire. Mais avant tout...\" \/>\n<meta property=\"og:url\" content=\"https:\/\/kapitalis.com\/tunisie\/2020\/07\/17\/les-ecologistes-de-hammamet-fetent-les-30-ans-de-leur-association\/\" \/>\n<meta property=\"og:site_name\" content=\"Kapitalis\" \/>\n<meta property=\"article:publisher\" content=\"https:\/\/www.facebook.com\/KapitalisInfo\/\" \/>\n<meta property=\"article:published_time\" content=\"2020-07-17T08:30:00+00:00\" \/>\n<meta property=\"og:image\" content=\"https:\/\/kapitalis.com\/tunisie\/wp-content\/uploads\/2022\/05\/kapitalis-logo-fb.png\" \/>\n\t<meta property=\"og:image:width\" content=\"1200\" \/>\n\t<meta property=\"og:image:height\" content=\"630\" \/>\n\t<meta property=\"og:image:type\" content=\"image\/png\" \/>\n<meta name=\"author\" content=\"webmaster kapitalis\" \/>\n<meta name=\"twitter:card\" content=\"summary_large_image\" \/>\n<meta name=\"twitter:creator\" content=\"@KapitalisInfo\" \/>\n<meta name=\"twitter:site\" content=\"@KapitalisInfo\" \/>\n<meta name=\"twitter:label1\" content=\"\u00c9crit par\" \/>\n\t<meta name=\"twitter:data1\" content=\"webmaster kapitalis\" \/>\n\t<meta name=\"twitter:label2\" content=\"Dur\u00e9e de lecture estim\u00e9e\" \/>\n\t<meta name=\"twitter:data2\" content=\"5 minutes\" \/>\n<script type=\"application\/ld+json\" class=\"yoast-schema-graph\">{\"@context\":\"https:\/\/schema.org\",\"@graph\":[{\"@type\":\"Article\",\"@id\":\"https:\/\/kapitalis.com\/tunisie\/2020\/07\/17\/les-ecologistes-de-hammamet-fetent-les-30-ans-de-leur-association\/#article\",\"isPartOf\":{\"@id\":\"https:\/\/kapitalis.com\/tunisie\/2020\/07\/17\/les-ecologistes-de-hammamet-fetent-les-30-ans-de-leur-association\/\"},\"author\":{\"name\":\"webmaster kapitalis\",\"@id\":\"https:\/\/kapitalis.com\/tunisie\/#\/schema\/person\/d71f33a9ca44f7bad4698210b480c8e9\"},\"headline\":\"Les \u00e9cologistes de Hammamet f\u00eatent les 30 ans de leur association\",\"datePublished\":\"2020-07-17T08:30:00+00:00\",\"mainEntityOfPage\":{\"@id\":\"https:\/\/kapitalis.com\/tunisie\/2020\/07\/17\/les-ecologistes-de-hammamet-fetent-les-30-ans-de-leur-association\/\"},\"wordCount\":921,\"commentCount\":1,\"publisher\":{\"@id\":\"https:\/\/kapitalis.com\/tunisie\/#organization\"},\"image\":{\"@id\":\"https:\/\/kapitalis.com\/tunisie\/2020\/07\/17\/les-ecologistes-de-hammamet-fetent-les-30-ans-de-leur-association\/#primaryimage\"},\"thumbnailUrl\":\"\",\"keywords\":[\"Aere\",\"ATPNE\",\"d\u00e9veloppement local\",\"\u00e9comus\u00e9e de l\u2019orangeraie\",\"\u00e9ducation \u00e0 l\u2019environnement\",\"Espace Yasmina\",\"Hammamet\"],\"articleSection\":[\"A LA UNE\",\"SOCIETE\",\"TRIBUNE\",\"Tunisie\"],\"inLanguage\":\"fr-FR\",\"potentialAction\":[{\"@type\":\"CommentAction\",\"name\":\"Comment\",\"target\":[\"https:\/\/kapitalis.com\/tunisie\/2020\/07\/17\/les-ecologistes-de-hammamet-fetent-les-30-ans-de-leur-association\/#respond\"]}]},{\"@type\":\"WebPage\",\"@id\":\"https:\/\/kapitalis.com\/tunisie\/2020\/07\/17\/les-ecologistes-de-hammamet-fetent-les-30-ans-de-leur-association\/\",\"url\":\"https:\/\/kapitalis.com\/tunisie\/2020\/07\/17\/les-ecologistes-de-hammamet-fetent-les-30-ans-de-leur-association\/\",\"name\":\"Les \u00e9cologistes de Hammamet f\u00eatent les 30 ans de leur association - Kapitalis\",\"isPartOf\":{\"@id\":\"https:\/\/kapitalis.com\/tunisie\/#website\"},\"primaryImageOfPage\":{\"@id\":\"https:\/\/kapitalis.com\/tunisie\/2020\/07\/17\/les-ecologistes-de-hammamet-fetent-les-30-ans-de-leur-association\/#primaryimage\"},\"image\":{\"@id\":\"https:\/\/kapitalis.com\/tunisie\/2020\/07\/17\/les-ecologistes-de-hammamet-fetent-les-30-ans-de-leur-association\/#primaryimage\"},\"thumbnailUrl\":\"\",\"datePublished\":\"2020-07-17T08:30:00+00:00\",\"breadcrumb\":{\"@id\":\"https:\/\/kapitalis.com\/tunisie\/2020\/07\/17\/les-ecologistes-de-hammamet-fetent-les-30-ans-de-leur-association\/#breadcrumb\"},\"inLanguage\":\"fr-FR\",\"potentialAction\":[{\"@type\":\"ReadAction\",\"target\":[\"https:\/\/kapitalis.com\/tunisie\/2020\/07\/17\/les-ecologistes-de-hammamet-fetent-les-30-ans-de-leur-association\/\"]}]},{\"@type\":\"ImageObject\",\"inLanguage\":\"fr-FR\",\"@id\":\"https:\/\/kapitalis.com\/tunisie\/2020\/07\/17\/les-ecologistes-de-hammamet-fetent-les-30-ans-de-leur-association\/#primaryimage\",\"url\":\"\",\"contentUrl\":\"\"},{\"@type\":\"BreadcrumbList\",\"@id\":\"https:\/\/kapitalis.com\/tunisie\/2020\/07\/17\/les-ecologistes-de-hammamet-fetent-les-30-ans-de-leur-association\/#breadcrumb\",\"itemListElement\":[{\"@type\":\"ListItem\",\"position\":1,\"name\":\"Accueil\",\"item\":\"https:\/\/kapitalis.com\/tunisie\/\"},{\"@type\":\"ListItem\",\"position\":2,\"name\":\"Les \u00e9cologistes de Hammamet f\u00eatent les 30 ans de leur association\"}]},{\"@type\":\"WebSite\",\"@id\":\"https:\/\/kapitalis.com\/tunisie\/#website\",\"url\":\"https:\/\/kapitalis.com\/tunisie\/\",\"name\":\"Kapitalis\",\"description\":\"L&#039;actualit\u00e9 en Tunisie et dans le monde\",\"publisher\":{\"@id\":\"https:\/\/kapitalis.com\/tunisie\/#organization\"},\"potentialAction\":[{\"@type\":\"SearchAction\",\"target\":{\"@type\":\"EntryPoint\",\"urlTemplate\":\"https:\/\/kapitalis.com\/tunisie\/?s={search_term_string}\"},\"query-input\":{\"@type\":\"PropertyValueSpecification\",\"valueRequired\":true,\"valueName\":\"search_term_string\"}}],\"inLanguage\":\"fr-FR\"},{\"@type\":\"Organization\",\"@id\":\"https:\/\/kapitalis.com\/tunisie\/#organization\",\"name\":\"Kapitalis\",\"url\":\"https:\/\/kapitalis.com\/tunisie\/\",\"logo\":{\"@type\":\"ImageObject\",\"inLanguage\":\"fr-FR\",\"@id\":\"https:\/\/kapitalis.com\/tunisie\/#\/schema\/logo\/image\/\",\"url\":\"https:\/\/kapitalis.com\/tunisie\/wp-content\/uploads\/2022\/05\/Kapitalis-big-size.png\",\"contentUrl\":\"https:\/\/kapitalis.com\/tunisie\/wp-content\/uploads\/2022\/05\/Kapitalis-big-size.png\",\"width\":5000,\"height\":1500,\"caption\":\"Kapitalis\"},\"image\":{\"@id\":\"https:\/\/kapitalis.com\/tunisie\/#\/schema\/logo\/image\/\"},\"sameAs\":[\"https:\/\/www.facebook.com\/KapitalisInfo\/\",\"https:\/\/x.com\/KapitalisInfo\",\"https:\/\/www.youtube.com\/channel\/UC-yDYrHyfFBWWZaOw3FPg9Q\"]},{\"@type\":\"Person\",\"@id\":\"https:\/\/kapitalis.com\/tunisie\/#\/schema\/person\/d71f33a9ca44f7bad4698210b480c8e9\",\"name\":\"webmaster kapitalis\",\"url\":\"https:\/\/kapitalis.com\/tunisie\/author\/webmaster-kapitalis\/\"}]}<\/script>\n<!-- \/ Yoast SEO plugin. -->","yoast_head_json":{"title":"Les \u00e9cologistes de Hammamet f\u00eatent les 30 ans de leur association - Kapitalis","robots":{"index":"index","follow":"follow","max-snippet":"max-snippet:-1","max-image-preview":"max-image-preview:large","max-video-preview":"max-video-preview:-1"},"canonical":"https:\/\/kapitalis.com\/tunisie\/2020\/07\/17\/les-ecologistes-de-hammamet-fetent-les-30-ans-de-leur-association\/","og_locale":"fr_FR","og_type":"article","og_title":"Les \u00e9cologistes de Hammamet f\u00eatent les 30 ans de leur association - Kapitalis","og_description":"L\u2019Aere, l\u2019h\u00e9riti\u00e8re de l\u2019ATPNE-Hammamet (dont l\u2019auteur fut le pr\u00e9sident de 1990 \u00e0 1998), souffle ce mois-ci sa 30e bougie. C\u2019est l\u2019occasion de faire une sorte d\u2019arr\u00eat sur image pour faire un \u00e9ni\u00e8me bilan d\u2019\u00e9tape et mesurer ce qui a \u00e9t\u00e9 fait, ce qui est en cours et ce qui reste \u00e0 faire. Mais avant tout...","og_url":"https:\/\/kapitalis.com\/tunisie\/2020\/07\/17\/les-ecologistes-de-hammamet-fetent-les-30-ans-de-leur-association\/","og_site_name":"Kapitalis","article_publisher":"https:\/\/www.facebook.com\/KapitalisInfo\/","article_published_time":"2020-07-17T08:30:00+00:00","og_image":[{"width":1200,"height":630,"url":"https:\/\/kapitalis.com\/tunisie\/wp-content\/uploads\/2022\/05\/kapitalis-logo-fb.png","type":"image\/png"}],"author":"webmaster kapitalis","twitter_card":"summary_large_image","twitter_creator":"@KapitalisInfo","twitter_site":"@KapitalisInfo","twitter_misc":{"\u00c9crit par":"webmaster kapitalis","Dur\u00e9e de lecture estim\u00e9e":"5 minutes"},"schema":{"@context":"https:\/\/schema.org","@graph":[{"@type":"Article","@id":"https:\/\/kapitalis.com\/tunisie\/2020\/07\/17\/les-ecologistes-de-hammamet-fetent-les-30-ans-de-leur-association\/#article","isPartOf":{"@id":"https:\/\/kapitalis.com\/tunisie\/2020\/07\/17\/les-ecologistes-de-hammamet-fetent-les-30-ans-de-leur-association\/"},"author":{"name":"webmaster kapitalis","@id":"https:\/\/kapitalis.com\/tunisie\/#\/schema\/person\/d71f33a9ca44f7bad4698210b480c8e9"},"headline":"Les \u00e9cologistes de Hammamet f\u00eatent les 30 ans de leur association","datePublished":"2020-07-17T08:30:00+00:00","mainEntityOfPage":{"@id":"https:\/\/kapitalis.com\/tunisie\/2020\/07\/17\/les-ecologistes-de-hammamet-fetent-les-30-ans-de-leur-association\/"},"wordCount":921,"commentCount":1,"publisher":{"@id":"https:\/\/kapitalis.com\/tunisie\/#organization"},"image":{"@id":"https:\/\/kapitalis.com\/tunisie\/2020\/07\/17\/les-ecologistes-de-hammamet-fetent-les-30-ans-de-leur-association\/#primaryimage"},"thumbnailUrl":"","keywords":["Aere","ATPNE","d\u00e9veloppement local","\u00e9comus\u00e9e de l\u2019orangeraie","\u00e9ducation \u00e0 l\u2019environnement","Espace Yasmina","Hammamet"],"articleSection":["A LA UNE","SOCIETE","TRIBUNE","Tunisie"],"inLanguage":"fr-FR","potentialAction":[{"@type":"CommentAction","name":"Comment","target":["https:\/\/kapitalis.com\/tunisie\/2020\/07\/17\/les-ecologistes-de-hammamet-fetent-les-30-ans-de-leur-association\/#respond"]}]},{"@type":"WebPage","@id":"https:\/\/kapitalis.com\/tunisie\/2020\/07\/17\/les-ecologistes-de-hammamet-fetent-les-30-ans-de-leur-association\/","url":"https:\/\/kapitalis.com\/tunisie\/2020\/07\/17\/les-ecologistes-de-hammamet-fetent-les-30-ans-de-leur-association\/","name":"Les \u00e9cologistes de Hammamet f\u00eatent les 30 ans de leur association - Kapitalis","isPartOf":{"@id":"https:\/\/kapitalis.com\/tunisie\/#website"},"primaryImageOfPage":{"@id":"https:\/\/kapitalis.com\/tunisie\/2020\/07\/17\/les-ecologistes-de-hammamet-fetent-les-30-ans-de-leur-association\/#primaryimage"},"image":{"@id":"https:\/\/kapitalis.com\/tunisie\/2020\/07\/17\/les-ecologistes-de-hammamet-fetent-les-30-ans-de-leur-association\/#primaryimage"},"thumbnailUrl":"","datePublished":"2020-07-17T08:30:00+00:00","breadcrumb":{"@id":"https:\/\/kapitalis.com\/tunisie\/2020\/07\/17\/les-ecologistes-de-hammamet-fetent-les-30-ans-de-leur-association\/#breadcrumb"},"inLanguage":"fr-FR","potentialAction":[{"@type":"ReadAction","target":["https:\/\/kapitalis.com\/tunisie\/2020\/07\/17\/les-ecologistes-de-hammamet-fetent-les-30-ans-de-leur-association\/"]}]},{"@type":"ImageObject","inLanguage":"fr-FR","@id":"https:\/\/kapitalis.com\/tunisie\/2020\/07\/17\/les-ecologistes-de-hammamet-fetent-les-30-ans-de-leur-association\/#primaryimage","url":"","contentUrl":""},{"@type":"BreadcrumbList","@id":"https:\/\/kapitalis.com\/tunisie\/2020\/07\/17\/les-ecologistes-de-hammamet-fetent-les-30-ans-de-leur-association\/#breadcrumb","itemListElement":[{"@type":"ListItem","position":1,"name":"Accueil","item":"https:\/\/kapitalis.com\/tunisie\/"},{"@type":"ListItem","position":2,"name":"Les \u00e9cologistes de Hammamet f\u00eatent les 30 ans de leur association"}]},{"@type":"WebSite","@id":"https:\/\/kapitalis.com\/tunisie\/#website","url":"https:\/\/kapitalis.com\/tunisie\/","name":"Kapitalis","description":"L&#039;actualit\u00e9 en Tunisie et dans le monde","publisher":{"@id":"https:\/\/kapitalis.com\/tunisie\/#organization"},"potentialAction":[{"@type":"SearchAction","target":{"@type":"EntryPoint","urlTemplate":"https:\/\/kapitalis.com\/tunisie\/?s={search_term_string}"},"query-input":{"@type":"PropertyValueSpecification","valueRequired":true,"valueName":"search_term_string"}}],"inLanguage":"fr-FR"},{"@type":"Organization","@id":"https:\/\/kapitalis.com\/tunisie\/#organization","name":"Kapitalis","url":"https:\/\/kapitalis.com\/tunisie\/","logo":{"@type":"ImageObject","inLanguage":"fr-FR","@id":"https:\/\/kapitalis.com\/tunisie\/#\/schema\/logo\/image\/","url":"https:\/\/kapitalis.com\/tunisie\/wp-content\/uploads\/2022\/05\/Kapitalis-big-size.png","contentUrl":"https:\/\/kapitalis.com\/tunisie\/wp-content\/uploads\/2022\/05\/Kapitalis-big-size.png","width":5000,"height":1500,"caption":"Kapitalis"},"image":{"@id":"https:\/\/kapitalis.com\/tunisie\/#\/schema\/logo\/image\/"},"sameAs":["https:\/\/www.facebook.com\/KapitalisInfo\/","https:\/\/x.com\/KapitalisInfo","https:\/\/www.youtube.com\/channel\/UC-yDYrHyfFBWWZaOw3FPg9Q"]},{"@type":"Person","@id":"https:\/\/kapitalis.com\/tunisie\/#\/schema\/person\/d71f33a9ca44f7bad4698210b480c8e9","name":"webmaster kapitalis","url":"https:\/\/kapitalis.com\/tunisie\/author\/webmaster-kapitalis\/"}]}},"_links":{"self":[{"href":"https:\/\/kapitalis.com\/tunisie\/wp-json\/wp\/v2\/posts\/308397","targetHints":{"allow":["GET"]}}],"collection":[{"href":"https:\/\/kapitalis.com\/tunisie\/wp-json\/wp\/v2\/posts"}],"about":[{"href":"https:\/\/kapitalis.com\/tunisie\/wp-json\/wp\/v2\/types\/post"}],"author":[{"embeddable":true,"href":"https:\/\/kapitalis.com\/tunisie\/wp-json\/wp\/v2\/users\/8"}],"replies":[{"embeddable":true,"href":"https:\/\/kapitalis.com\/tunisie\/wp-json\/wp\/v2\/comments?post=308397"}],"version-history":[{"count":0,"href":"https:\/\/kapitalis.com\/tunisie\/wp-json\/wp\/v2\/posts\/308397\/revisions"}],"wp:featuredmedia":[{"embeddable":true,"href":"https:\/\/kapitalis.com\/tunisie\/wp-json\/wp\/v2\/media\/308398"}],"wp:attachment":[{"href":"https:\/\/kapitalis.com\/tunisie\/wp-json\/wp\/v2\/media?parent=308397"}],"wp:term":[{"taxonomy":"category","embeddable":true,"href":"https:\/\/kapitalis.com\/tunisie\/wp-json\/wp\/v2\/categories?post=308397"},{"taxonomy":"post_tag","embeddable":true,"href":"https:\/\/kapitalis.com\/tunisie\/wp-json\/wp\/v2\/tags?post=308397"}],"curies":[{"name":"wp","href":"https:\/\/api.w.org\/{rel}","templated":true}]}}