{"id":308408,"date":"2020-07-17T13:09:31","date_gmt":"2020-07-17T12:09:31","guid":{"rendered":"http:\/\/kapitalis.com\/tunisie\/?p=308408"},"modified":"2020-07-17T16:59:11","modified_gmt":"2020-07-17T15:59:11","slug":"liban-les-repliques-dun-seisme-ancien","status":"publish","type":"post","link":"https:\/\/kapitalis.com\/tunisie\/2020\/07\/17\/liban-les-repliques-dun-seisme-ancien\/","title":{"rendered":"Liban : Les r\u00e9pliques d\u2019un s\u00e9isme ancien"},"content":{"rendered":"\n<figure class=\"wp-block-image size-large\"><img decoding=\"async\" src=\"http:\/\/kapitalis.com\/tunisie\/wp-content\/uploads\/2020\/07\/Liban-Pauvrete.jpg\" alt=\"\" class=\"wp-image-308409\"\/><figcaption><em>Le tiers des foyers libanais vit dans la pauvret\u00e9. <\/em><\/figcaption><\/figure>\n\n\n\n<p><strong><em>Le Liban, l\u2019ancienne \u00abSuisse du Proche-Orient\u00bb, vit depuis des semaines au bord de l\u2019effondrement, des r\u00e9pliques d\u2019un s\u00e9isme ancien qui avait mis face \u00e0 face en 1975 des milices inf\u00e9od\u00e9es \u00e0 des puissances \u00e9trang\u00e8res aux int\u00e9r\u00eats divergents.<\/em><\/strong><\/p>\n\n\n\n<p>Par <strong>Hassen Zenati<\/strong><\/p>\n\n\n\n<!--more-->\n\n\n\n<div class=\"wp-block-image\"><figure class=\"alignleft size-large\"><img decoding=\"async\" src=\"http:\/\/kapitalis.com\/tunisie\/wp-content\/uploads\/2019\/11\/Hassen-Zenati-2.jpg\" alt=\"\" class=\"wp-image-253792\"\/><\/figure><\/div>\n\n\n\n<p>L\u2019effondrement du Liban se poursuit dans l\u2019indiff\u00e9rence totale de la communaut\u00e9 internationale, en particulier de ses voisins arabes. Ils le vivent m\u00eame comme une sorte de vengeance bienvenue \u00e0 leurs \u00e9checs r\u00e9p\u00e9t\u00e9s pour se d\u00e9gager du sous-d\u00e9veloppement et triompher de leur ennemi d\u00e9clar\u00e9: Isra\u00ebl.<\/p>\n\n\n\n<p>Beyrouth est la seule capitale arabe o\u00f9 retentit encore le cri de <em>\u00abr\u00e9sistance \u00e0 l\u2019ennemi sioniste\u00bb <\/em>par la voix du parti chiite du Hezbollah. Dans toutes les autres capitales de la r\u00e9gion, les dirigeants s\u2019emploient publiquement ou en sous-main \u00e0 <em>\u00abnormaliser\u00bb<\/em> leurs rapports avec Tel-Aviv, sans parler de l\u2019Egypte et de la Jordanie qui, elles, ont d\u00e9j\u00e0 saut\u00e9 le pas depuis longtemps en signant des trait\u00e9s de paix avec l\u2019ennemi d\u2019hier, devenu l\u2019alli\u00e9 du jour et de demain contre les Palestiniens.<\/p>\n\n\n\n<h3 class=\"wp-block-heading\">Des sanctions am\u00e9ricaines maquill\u00e9es en sanctions internationales<\/h3>\n\n\n\n<p>Le Liban reste pour sa part ferme dans sa promesse r\u00e9it\u00e9r\u00e9e d\u2019\u00eatre le <em>\u00abdernier \u00e0 signer un trait\u00e9 de paix avec Isra\u00ebl\u00bb,<\/em> comme l\u2019ont affirm\u00e9 \u00e0 plusieurs reprises plusieurs de ses dirigeants. Il est soumis depuis plusieurs mois \u00e0 des sanctions am\u00e9ricaines maquill\u00e9es en sanctions internationales, avec pour seul objectif de faire plier genou au Hezbollah. Sans quoi l\u2019ancienne <em>\u00abSuisse du Proche-Orient\u00bb<\/em> est promise \u00e0 devenir un nouvel Afghanistan, menace Washington.<\/p>\n\n\n\n<p>Le deal a \u00e9t\u00e9 clairement pos\u00e9 il y a quelques jours par des officiers am\u00e9ricains de passage \u00e0 Beyrouth : <em>\u00abAbandonnez Hezbollah et vous vous porterez mieux\u00bb<\/em>, ont-ils dit \u00e0 des populations clochardis\u00e9es, qui continuent n\u00e9anmoins \u00e0 refuser l\u2019odieux chantage. R\u00e9cemment devant l\u2019ambassade am\u00e9ricaine \u00e0 Beyrouth, des jeunes protestataires criaient :<em> \u00abAggravez les sanctions et nous ferons une escalade dans la r\u00e9sistance\u00bb<\/em>, en brandissant des portraits du d\u00e9funt pr\u00e9sident \u00e9gyptien Gamal Abdel Nasser, qui reste encore une idole v\u00e9n\u00e9r\u00e9e dans le pays.<\/p>\n\n\n\n<h3 class=\"wp-block-heading\">Le Hezbollah se renforce avec le soutien de l\u2019Iran<\/h3>\n\n\n\n<p>Le 12 juillet 2006, \u00e0 l\u2019issue d\u2019une guerre qui a dur\u00e9 trente trois jours, battant le record e dur\u00e9e des confrontations militaires isra\u00e9lo-arabes, l\u2019arm\u00e9e isra\u00e9lienne avait renonc\u00e9 \u00e0 son objectif affich\u00e9 de <em>\u00abd\u00e9sarmer Hezbollah\u00bb <\/em>apr\u00e8s avoir subi d\u2019importantes pertes humaines.<\/p>\n\n\n\n<p>Sorti vainqueur de la confrontation, le parti de Sayed Hassan Nasrallah n\u2019a fait depuis que se renforcer, avec le soutien de l\u2019Iran, qui lui fournit des armes et de l\u2019argent, en d\u00e9veloppant ses capacit\u00e9s offensives. Il s\u2019est engag\u00e9 en contrepartie dans la guerre en Syrie en faveur du r\u00e9gime de Bachar El-Assad, alli\u00e9 de T\u00e9h\u00e9ran, et s\u2019est constitu\u00e9 progressivement en <em>\u00abEtat dans l\u2019Etat\u00bb<\/em> au Liban, avec pour base principale, apparemment inexpugnable, les quartiers sud de la capitale. Quoique minoritaire, il continue \u00e0 faire la pluie et le beau temps dans les gouvernements qui se succ\u00e8dent sans proposer de solutions durables aux crises multi-dimentionnelles que traverse le pays.<\/p>\n\n\n\n<p>Washington use de plus en plus des sanctions comme d\u2019une redoutable arme de domination \u00e0 l\u2019\u00e9chelle mondiale, apr\u00e8s avoir d\u00e9cid\u00e9, pour des raisons de politique int\u00e9rieure, d\u2019\u00e9pargner la guerre \u00e0 ses soldats. Elle l\u2019a fait en Irak, en laissant sur le carreau des centaines de milliers de morts et d\u2019handicap\u00e9s pour la vie. Elle l\u2019a poursuivi en Iran et l\u2019a \u00e9tendu \u00e0 la Syrie et au Venezuela. Elle l\u2019applique depuis le d\u00e9but des ann\u00e9es soixante \u00e0 Cuba, qui s\u2019en est relativement bien sortie gr\u00e2ce \u00e0 une organisation sans faille de la soci\u00e9t\u00e9.<\/p>\n\n\n\n<h3 class=\"wp-block-heading\">La banque, colonne vert\u00e9brale du pays, est d\u00e9sormais frapp\u00e9e au c\u0153ur<\/h3>\n\n\n\n<p>Au Liban, la cible privil\u00e9gi\u00e9e des sanctions est la banque, colonne vert\u00e9brale du pays, plac\u00e9e des d\u00e9cennies durant au dessus de la m\u00eal\u00e9e par les divers protagonistes locaux dans leur course effr\u00e9n\u00e9e vers le pouvoir.<\/p>\n\n\n\n<p>Le syst\u00e8me bancaire libanais, aliment\u00e9 par les mandats r\u00e9guliers de la diaspora libanaise et les d\u00e9p\u00f4ts des magnats du Proche-Orient, \u00e9tait jusque-l\u00e0 \u00e0 la fois le symbole de la permanence du pays et l\u2019instrument de sa croissance dans un oc\u00e9an de pauvret\u00e9. Il est d\u00e9sormais frapp\u00e9 au c\u0153ur.<\/p>\n\n\n\n<p>La livre libanaise est plus bas que terre: le dollar s\u2019\u00e9change sur le march\u00e9 noir \u00e0 quatre fois plus sa valeur sur le march\u00e9 officiel. Les prix flambent poussant les libanais \u00e0 fouiller les poubelles pour se nourrir et nourrir leurs enfants. L\u2019arm\u00e9e est priv\u00e9e de viande. L&rsquo;\u00e9lectricit\u00e9 manque. Par d\u00e9sespoir, certains libanais ont opt\u00e9 pour la solution ultime afin d\u2019\u00e9chapper \u00e0 leur mis\u00e8re noire : le suicide. On ne compte plus le nombre de chefs de famille qui franchissent le pas pour, dans leur esprit, se laver de la honte de ne plus pouvoir subvenir au quotidien des leurs.<\/p>\n\n\n\n<p>La classe moyenne, nagu\u00e8re chouchou du pays, paie le prix le plus fort \u00e0 cette d\u00e9gringolade \u00e9conomique, financi\u00e8re et morale, dont on ne voit pas la fin. Dans les trav\u00e9es des supermarch\u00e9s, les clients poussent d\u00e9sormais leur chariot en tra\u00eenant les pieds, souvent sans rien acheter tant les prix sont devenus inaccessibles. <em>\u00abFaire les courses est devenu ma hantise\u00bb<\/em>, confie, r\u00e9sign\u00e9e, sans col\u00e8re apparente, une veuve sexag\u00e9naire, qui vivait bien jusque-l\u00e0 sur la retraite de son mari d\u00e9c\u00e9d\u00e9 il y a quelques ann\u00e9es. Le cataclysme financier qui s\u2019est abattu au printemps sur le Liban a an\u00e9anti son pouvoir d\u2019achat.<\/p>\n\n\n\n<p>D\u00e9pr\u00e9ciation de la monnaie nationale et hyperinflation tirent inexorablement le pays vers l\u2019ab\u00eeme. Nombreux sont ceux qui veulent d\u00e9sormais quitter le pays pour un <em>\u00abailleurs plus cl\u00e9ment\u00bb<\/em>. L\u2019Universit\u00e9 am\u00e9ricaine, incubateurs des \u00e9lites du Proche-Orient depuis sa cr\u00e9ation il y a plus d\u2019un si\u00e8cle, n\u2019\u00e9chappe pas \u00e0 la crise. L\u2019appauvrissement de la classe moyenne ainsi que le ch\u00f4mage commencent \u00e0 tarir s\u00e9rieusement ses sources de recrutement.<\/p>\n\n\n\n<p>En r\u00e9alit\u00e9, la dramatique situation actuelle n\u2019est que la r\u00e9plique d\u2019un s\u00e9isme beaucoup plus ancien, lorsque les milices chr\u00e9tiennes de l\u2019extr\u00eame droite libanaise, El Kataeb, avaient provoqu\u00e9 une guerre civile de quinze ans entre 1975 et 1990, dont l\u2019objectif \u00e9tait de se d\u00e9barrasser des r\u00e9fugi\u00e9s palestiniens drain\u00e9s l\u00e0 par les guerres isra\u00e9lo-arabes de 1948, 1967 et 1973. Elle fut suivie par l\u2019invasion de Beyrouth par l\u2019arm\u00e9e isra\u00e9lienne en 1982, qui avait servi de couverture au massacre des Palestiniens des camps de Sabra et Chatila (entre 800 et 2.000 morts en une seule nuit) et l\u2019exode vers la Tunisie des principaux dirigeants palestiniens. C\u2019est apr\u00e8s ce traumatisme national que s\u2019est constitu\u00e9 Hezbollah pour, dit-il, <em>\u00abrelever le flambeau de la r\u00e9sistance\u00bb<\/em> antisioniste abandonn\u00e9e par les dirigeants arabes.<\/p>\n\n\n\n<h3 class=\"wp-block-heading\">La situation peut \u00abdevenir rapidement incontr\u00f4lable\u00bb, pr\u00e9vient l\u2019Onu<\/h3>\n\n\n\n<p>Depuis Hezbollah est dans le collimateur des Isra\u00e9liens, mais aussi des Am\u00e9ricains, qui lui reprochent de perturber un <em>\u00abjeu\u00bb<\/em> dont ils se veulent les seuls ma\u00eetres. Les sanctions \u00e9conomiques ne sont qu\u2019un nouvel \u00e9pisode de la guerre implacable qu\u2019ils lui livrent depuis plus de trente ans. Sauf que cette fois, c\u2019est l\u2019ensemble de la population libanaise qui subit les effets de la confrontation comme une <em>\u00abpunition collective\u00bb<\/em>, rappelant les pires ann\u00e9es noires de la colonisation.<\/p>\n\n\n\n<p>Vendredi dernier, 10 juillet 2020, dans une interview \u00e0 la t\u00e9l\u00e9vision saoudienne Al Hadath, l\u2019ambassadrice am\u00e9ricaine Dorothy Shea n\u2019y est pas all\u00e9e par quatre chemins. Elle a accus\u00e9 Hezbollah d\u2019<em>\u00abemp\u00eacher toute solution \u00e9conomique\u00bb<\/em> au Liban et d\u2019avoir <em>\u00absiphonn\u00e9 des milliards de dollars qui auraient d\u00fb aller dans les coffres du gouvernement\u00bb<\/em>, accentuant ainsi la <em>\u00abpression maximale\u00bb<\/em> que son pays a d\u00e9cid\u00e9 d\u2019exercer sur le mouvement chiite.<\/p>\n\n\n\n<p>Crise insoluble, craignent les uns qui ne peut d\u00e9boucher que sur le d\u00e9mant\u00e8lement du pays. Le Liban en a vu d\u2019autres et peut encore rebondir plaident les autres. Alors que le FMI appelle \u00e0 l\u2019adoption de r\u00e9formes douloureuses, dont une majeure partie de la classe politique ne veut pas, l\u2019Onu alerte que la situation peut <em>\u00abdevenir rapidement incontr\u00f4lable\u00bb<\/em>. Pour les Etats-Unis, cependant, le seul rem\u00e8de au naufrage imminent est un gouvernement sans Hezbollah que personne ne peut encore imaginer parmi la classe politique libanaise. La boucle est ainsi boucl\u00e9e.<\/p>\n\n\n\n<p>Articles du m\u00eame auteur sur le sujet dans Kapitalis : <\/p>\n\n\n\n<figure class=\"wp-block-embed-wordpress wp-block-embed is-type-wp-embed is-provider-kapitalis\"><div class=\"wp-block-embed__wrapper\">\n<blockquote class=\"wp-embedded-content\" data-secret=\"XWiO75B2Zl\"><a href=\"https:\/\/kapitalis.com\/tunisie\/2020\/05\/01\/liban-lheure-de-verite\/\">Liban : l&rsquo;heure de v\u00e9rit\u00e9<\/a><\/blockquote><iframe loading=\"lazy\" class=\"wp-embedded-content\" sandbox=\"allow-scripts\" security=\"restricted\" style=\"position: absolute; clip: rect(1px, 1px, 1px, 1px);\" title=\"\u00ab\u00a0Liban : l&rsquo;heure de v\u00e9rit\u00e9\u00a0\u00bb &#8212; Kapitalis\" src=\"https:\/\/kapitalis.com\/tunisie\/2020\/05\/01\/liban-lheure-de-verite\/embed\/#?secret=kR76nPCC4u#?secret=XWiO75B2Zl\" data-secret=\"XWiO75B2Zl\" width=\"600\" height=\"338\" frameborder=\"0\" marginwidth=\"0\" marginheight=\"0\" scrolling=\"no\"><\/iframe>\n<\/div><\/figure>\n\n\n\n<figure class=\"wp-block-embed-wordpress wp-block-embed is-type-wp-embed is-provider-kapitalis\"><div class=\"wp-block-embed__wrapper\">\n<blockquote class=\"wp-embedded-content\" data-secret=\"IWPfE1agnp\"><a href=\"https:\/\/kapitalis.com\/tunisie\/2020\/03\/10\/finances-le-liban-dans-le-piege-de-la-dette\/\">Finances : Le Liban dans le pi\u00e8ge de la dette<\/a><\/blockquote><iframe loading=\"lazy\" class=\"wp-embedded-content\" sandbox=\"allow-scripts\" security=\"restricted\" style=\"position: absolute; clip: rect(1px, 1px, 1px, 1px);\" title=\"\u00ab\u00a0Finances : Le Liban dans le pi\u00e8ge de la dette\u00a0\u00bb &#8212; Kapitalis\" src=\"https:\/\/kapitalis.com\/tunisie\/2020\/03\/10\/finances-le-liban-dans-le-piege-de-la-dette\/embed\/#?secret=6YvAu0T5pZ#?secret=IWPfE1agnp\" data-secret=\"IWPfE1agnp\" width=\"600\" height=\"338\" frameborder=\"0\" marginwidth=\"0\" marginheight=\"0\" scrolling=\"no\"><\/iframe>\n<\/div><\/figure>\n","protected":false},"excerpt":{"rendered":"<p>Le Liban, l\u2019ancienne \u00abSuisse du Proche-Orient\u00bb, vit depuis des semaines au bord de l\u2019effondrement, des r\u00e9pliques d\u2019un s\u00e9isme ancien qui avait mis face \u00e0 face en 1975 des milices inf\u00e9od\u00e9es \u00e0 des puissances \u00e9trang\u00e8res aux int\u00e9r\u00eats divergents. Par Hassen Zenati<\/p>\n","protected":false},"author":8,"featured_media":308409,"comment_status":"open","ping_status":"open","sticky":false,"template":"","format":"standard","meta":{"footnotes":""},"categories":[992,997],"tags":[7907,75918,445,497,2478,8563,80932],"class_list":["post-308408","post","type-post","status-publish","format-standard","has-post-thumbnail","hentry","category-a-la-une","category-politique","tag-bachar-el-assad","tag-etats-unis-2","tag-hezbollah","tag-iran","tag-israel","tag-liban","tag-sayed-hassan-nasrallah"],"yoast_head":"<!-- This site is optimized with the Yoast SEO plugin v26.6 - https:\/\/yoast.com\/wordpress\/plugins\/seo\/ -->\n<title>Liban : Les r\u00e9pliques d\u2019un s\u00e9isme ancien - Kapitalis<\/title>\n<meta name=\"robots\" content=\"index, follow, max-snippet:-1, max-image-preview:large, max-video-preview:-1\" \/>\n<link rel=\"canonical\" href=\"https:\/\/kapitalis.com\/tunisie\/2020\/07\/17\/liban-les-repliques-dun-seisme-ancien\/\" \/>\n<meta property=\"og:locale\" content=\"fr_FR\" \/>\n<meta property=\"og:type\" content=\"article\" \/>\n<meta property=\"og:title\" content=\"Liban : Les r\u00e9pliques d\u2019un s\u00e9isme ancien - Kapitalis\" \/>\n<meta property=\"og:description\" content=\"Le Liban, l\u2019ancienne \u00abSuisse du Proche-Orient\u00bb, vit depuis des semaines au bord de l\u2019effondrement, des r\u00e9pliques d\u2019un s\u00e9isme ancien qui avait mis face \u00e0 face en 1975 des milices inf\u00e9od\u00e9es \u00e0 des puissances \u00e9trang\u00e8res aux int\u00e9r\u00eats divergents. Par Hassen Zenati\" \/>\n<meta property=\"og:url\" content=\"https:\/\/kapitalis.com\/tunisie\/2020\/07\/17\/liban-les-repliques-dun-seisme-ancien\/\" \/>\n<meta property=\"og:site_name\" content=\"Kapitalis\" \/>\n<meta property=\"article:publisher\" content=\"https:\/\/www.facebook.com\/KapitalisInfo\/\" \/>\n<meta property=\"article:published_time\" content=\"2020-07-17T12:09:31+00:00\" \/>\n<meta property=\"article:modified_time\" content=\"2020-07-17T15:59:11+00:00\" \/>\n<meta property=\"og:image\" content=\"https:\/\/kapitalis.com\/tunisie\/wp-content\/uploads\/2022\/05\/kapitalis-logo-fb.png\" \/>\n\t<meta property=\"og:image:width\" content=\"1200\" \/>\n\t<meta property=\"og:image:height\" content=\"630\" \/>\n\t<meta property=\"og:image:type\" content=\"image\/png\" \/>\n<meta name=\"author\" content=\"webmaster kapitalis\" \/>\n<meta name=\"twitter:card\" content=\"summary_large_image\" \/>\n<meta name=\"twitter:creator\" content=\"@KapitalisInfo\" \/>\n<meta name=\"twitter:site\" content=\"@KapitalisInfo\" \/>\n<meta name=\"twitter:label1\" content=\"\u00c9crit par\" \/>\n\t<meta name=\"twitter:data1\" content=\"webmaster kapitalis\" \/>\n\t<meta name=\"twitter:label2\" content=\"Dur\u00e9e de lecture estim\u00e9e\" \/>\n\t<meta name=\"twitter:data2\" content=\"7 minutes\" \/>\n<script type=\"application\/ld+json\" class=\"yoast-schema-graph\">{\"@context\":\"https:\/\/schema.org\",\"@graph\":[{\"@type\":\"Article\",\"@id\":\"https:\/\/kapitalis.com\/tunisie\/2020\/07\/17\/liban-les-repliques-dun-seisme-ancien\/#article\",\"isPartOf\":{\"@id\":\"https:\/\/kapitalis.com\/tunisie\/2020\/07\/17\/liban-les-repliques-dun-seisme-ancien\/\"},\"author\":{\"name\":\"webmaster kapitalis\",\"@id\":\"https:\/\/kapitalis.com\/tunisie\/#\/schema\/person\/d71f33a9ca44f7bad4698210b480c8e9\"},\"headline\":\"Liban : Les r\u00e9pliques d\u2019un s\u00e9isme ancien\",\"datePublished\":\"2020-07-17T12:09:31+00:00\",\"dateModified\":\"2020-07-17T15:59:11+00:00\",\"mainEntityOfPage\":{\"@id\":\"https:\/\/kapitalis.com\/tunisie\/2020\/07\/17\/liban-les-repliques-dun-seisme-ancien\/\"},\"wordCount\":1498,\"commentCount\":2,\"publisher\":{\"@id\":\"https:\/\/kapitalis.com\/tunisie\/#organization\"},\"image\":{\"@id\":\"https:\/\/kapitalis.com\/tunisie\/2020\/07\/17\/liban-les-repliques-dun-seisme-ancien\/#primaryimage\"},\"thumbnailUrl\":\"\",\"keywords\":[\"Bachar El-Assad\",\"Etats-Unis\",\"Hezbollah\",\"Iran\",\"Isra\u00ebl\",\"Liban\",\"Sayed Hassan Nasrallah\"],\"articleSection\":[\"A LA UNE\",\"POLITIQUE\"],\"inLanguage\":\"fr-FR\",\"potentialAction\":[{\"@type\":\"CommentAction\",\"name\":\"Comment\",\"target\":[\"https:\/\/kapitalis.com\/tunisie\/2020\/07\/17\/liban-les-repliques-dun-seisme-ancien\/#respond\"]}]},{\"@type\":\"WebPage\",\"@id\":\"https:\/\/kapitalis.com\/tunisie\/2020\/07\/17\/liban-les-repliques-dun-seisme-ancien\/\",\"url\":\"https:\/\/kapitalis.com\/tunisie\/2020\/07\/17\/liban-les-repliques-dun-seisme-ancien\/\",\"name\":\"Liban : Les r\u00e9pliques d\u2019un s\u00e9isme ancien - Kapitalis\",\"isPartOf\":{\"@id\":\"https:\/\/kapitalis.com\/tunisie\/#website\"},\"primaryImageOfPage\":{\"@id\":\"https:\/\/kapitalis.com\/tunisie\/2020\/07\/17\/liban-les-repliques-dun-seisme-ancien\/#primaryimage\"},\"image\":{\"@id\":\"https:\/\/kapitalis.com\/tunisie\/2020\/07\/17\/liban-les-repliques-dun-seisme-ancien\/#primaryimage\"},\"thumbnailUrl\":\"\",\"datePublished\":\"2020-07-17T12:09:31+00:00\",\"dateModified\":\"2020-07-17T15:59:11+00:00\",\"breadcrumb\":{\"@id\":\"https:\/\/kapitalis.com\/tunisie\/2020\/07\/17\/liban-les-repliques-dun-seisme-ancien\/#breadcrumb\"},\"inLanguage\":\"fr-FR\",\"potentialAction\":[{\"@type\":\"ReadAction\",\"target\":[\"https:\/\/kapitalis.com\/tunisie\/2020\/07\/17\/liban-les-repliques-dun-seisme-ancien\/\"]}]},{\"@type\":\"ImageObject\",\"inLanguage\":\"fr-FR\",\"@id\":\"https:\/\/kapitalis.com\/tunisie\/2020\/07\/17\/liban-les-repliques-dun-seisme-ancien\/#primaryimage\",\"url\":\"\",\"contentUrl\":\"\"},{\"@type\":\"BreadcrumbList\",\"@id\":\"https:\/\/kapitalis.com\/tunisie\/2020\/07\/17\/liban-les-repliques-dun-seisme-ancien\/#breadcrumb\",\"itemListElement\":[{\"@type\":\"ListItem\",\"position\":1,\"name\":\"Accueil\",\"item\":\"https:\/\/kapitalis.com\/tunisie\/\"},{\"@type\":\"ListItem\",\"position\":2,\"name\":\"Liban : Les r\u00e9pliques d\u2019un s\u00e9isme ancien\"}]},{\"@type\":\"WebSite\",\"@id\":\"https:\/\/kapitalis.com\/tunisie\/#website\",\"url\":\"https:\/\/kapitalis.com\/tunisie\/\",\"name\":\"Kapitalis\",\"description\":\"L&#039;actualit\u00e9 en Tunisie et dans le monde\",\"publisher\":{\"@id\":\"https:\/\/kapitalis.com\/tunisie\/#organization\"},\"potentialAction\":[{\"@type\":\"SearchAction\",\"target\":{\"@type\":\"EntryPoint\",\"urlTemplate\":\"https:\/\/kapitalis.com\/tunisie\/?s={search_term_string}\"},\"query-input\":{\"@type\":\"PropertyValueSpecification\",\"valueRequired\":true,\"valueName\":\"search_term_string\"}}],\"inLanguage\":\"fr-FR\"},{\"@type\":\"Organization\",\"@id\":\"https:\/\/kapitalis.com\/tunisie\/#organization\",\"name\":\"Kapitalis\",\"url\":\"https:\/\/kapitalis.com\/tunisie\/\",\"logo\":{\"@type\":\"ImageObject\",\"inLanguage\":\"fr-FR\",\"@id\":\"https:\/\/kapitalis.com\/tunisie\/#\/schema\/logo\/image\/\",\"url\":\"https:\/\/kapitalis.com\/tunisie\/wp-content\/uploads\/2022\/05\/Kapitalis-big-size.png\",\"contentUrl\":\"https:\/\/kapitalis.com\/tunisie\/wp-content\/uploads\/2022\/05\/Kapitalis-big-size.png\",\"width\":5000,\"height\":1500,\"caption\":\"Kapitalis\"},\"image\":{\"@id\":\"https:\/\/kapitalis.com\/tunisie\/#\/schema\/logo\/image\/\"},\"sameAs\":[\"https:\/\/www.facebook.com\/KapitalisInfo\/\",\"https:\/\/x.com\/KapitalisInfo\",\"https:\/\/www.youtube.com\/channel\/UC-yDYrHyfFBWWZaOw3FPg9Q\"]},{\"@type\":\"Person\",\"@id\":\"https:\/\/kapitalis.com\/tunisie\/#\/schema\/person\/d71f33a9ca44f7bad4698210b480c8e9\",\"name\":\"webmaster kapitalis\",\"url\":\"https:\/\/kapitalis.com\/tunisie\/author\/webmaster-kapitalis\/\"}]}<\/script>\n<!-- \/ Yoast SEO plugin. -->","yoast_head_json":{"title":"Liban : Les r\u00e9pliques d\u2019un s\u00e9isme ancien - Kapitalis","robots":{"index":"index","follow":"follow","max-snippet":"max-snippet:-1","max-image-preview":"max-image-preview:large","max-video-preview":"max-video-preview:-1"},"canonical":"https:\/\/kapitalis.com\/tunisie\/2020\/07\/17\/liban-les-repliques-dun-seisme-ancien\/","og_locale":"fr_FR","og_type":"article","og_title":"Liban : Les r\u00e9pliques d\u2019un s\u00e9isme ancien - Kapitalis","og_description":"Le Liban, l\u2019ancienne \u00abSuisse du Proche-Orient\u00bb, vit depuis des semaines au bord de l\u2019effondrement, des r\u00e9pliques d\u2019un s\u00e9isme ancien qui avait mis face \u00e0 face en 1975 des milices inf\u00e9od\u00e9es \u00e0 des puissances \u00e9trang\u00e8res aux int\u00e9r\u00eats divergents. Par Hassen Zenati","og_url":"https:\/\/kapitalis.com\/tunisie\/2020\/07\/17\/liban-les-repliques-dun-seisme-ancien\/","og_site_name":"Kapitalis","article_publisher":"https:\/\/www.facebook.com\/KapitalisInfo\/","article_published_time":"2020-07-17T12:09:31+00:00","article_modified_time":"2020-07-17T15:59:11+00:00","og_image":[{"width":1200,"height":630,"url":"https:\/\/kapitalis.com\/tunisie\/wp-content\/uploads\/2022\/05\/kapitalis-logo-fb.png","type":"image\/png"}],"author":"webmaster kapitalis","twitter_card":"summary_large_image","twitter_creator":"@KapitalisInfo","twitter_site":"@KapitalisInfo","twitter_misc":{"\u00c9crit par":"webmaster kapitalis","Dur\u00e9e de lecture estim\u00e9e":"7 minutes"},"schema":{"@context":"https:\/\/schema.org","@graph":[{"@type":"Article","@id":"https:\/\/kapitalis.com\/tunisie\/2020\/07\/17\/liban-les-repliques-dun-seisme-ancien\/#article","isPartOf":{"@id":"https:\/\/kapitalis.com\/tunisie\/2020\/07\/17\/liban-les-repliques-dun-seisme-ancien\/"},"author":{"name":"webmaster kapitalis","@id":"https:\/\/kapitalis.com\/tunisie\/#\/schema\/person\/d71f33a9ca44f7bad4698210b480c8e9"},"headline":"Liban : Les r\u00e9pliques d\u2019un s\u00e9isme ancien","datePublished":"2020-07-17T12:09:31+00:00","dateModified":"2020-07-17T15:59:11+00:00","mainEntityOfPage":{"@id":"https:\/\/kapitalis.com\/tunisie\/2020\/07\/17\/liban-les-repliques-dun-seisme-ancien\/"},"wordCount":1498,"commentCount":2,"publisher":{"@id":"https:\/\/kapitalis.com\/tunisie\/#organization"},"image":{"@id":"https:\/\/kapitalis.com\/tunisie\/2020\/07\/17\/liban-les-repliques-dun-seisme-ancien\/#primaryimage"},"thumbnailUrl":"","keywords":["Bachar El-Assad","Etats-Unis","Hezbollah","Iran","Isra\u00ebl","Liban","Sayed Hassan Nasrallah"],"articleSection":["A LA UNE","POLITIQUE"],"inLanguage":"fr-FR","potentialAction":[{"@type":"CommentAction","name":"Comment","target":["https:\/\/kapitalis.com\/tunisie\/2020\/07\/17\/liban-les-repliques-dun-seisme-ancien\/#respond"]}]},{"@type":"WebPage","@id":"https:\/\/kapitalis.com\/tunisie\/2020\/07\/17\/liban-les-repliques-dun-seisme-ancien\/","url":"https:\/\/kapitalis.com\/tunisie\/2020\/07\/17\/liban-les-repliques-dun-seisme-ancien\/","name":"Liban : Les r\u00e9pliques d\u2019un s\u00e9isme ancien - Kapitalis","isPartOf":{"@id":"https:\/\/kapitalis.com\/tunisie\/#website"},"primaryImageOfPage":{"@id":"https:\/\/kapitalis.com\/tunisie\/2020\/07\/17\/liban-les-repliques-dun-seisme-ancien\/#primaryimage"},"image":{"@id":"https:\/\/kapitalis.com\/tunisie\/2020\/07\/17\/liban-les-repliques-dun-seisme-ancien\/#primaryimage"},"thumbnailUrl":"","datePublished":"2020-07-17T12:09:31+00:00","dateModified":"2020-07-17T15:59:11+00:00","breadcrumb":{"@id":"https:\/\/kapitalis.com\/tunisie\/2020\/07\/17\/liban-les-repliques-dun-seisme-ancien\/#breadcrumb"},"inLanguage":"fr-FR","potentialAction":[{"@type":"ReadAction","target":["https:\/\/kapitalis.com\/tunisie\/2020\/07\/17\/liban-les-repliques-dun-seisme-ancien\/"]}]},{"@type":"ImageObject","inLanguage":"fr-FR","@id":"https:\/\/kapitalis.com\/tunisie\/2020\/07\/17\/liban-les-repliques-dun-seisme-ancien\/#primaryimage","url":"","contentUrl":""},{"@type":"BreadcrumbList","@id":"https:\/\/kapitalis.com\/tunisie\/2020\/07\/17\/liban-les-repliques-dun-seisme-ancien\/#breadcrumb","itemListElement":[{"@type":"ListItem","position":1,"name":"Accueil","item":"https:\/\/kapitalis.com\/tunisie\/"},{"@type":"ListItem","position":2,"name":"Liban : Les r\u00e9pliques d\u2019un s\u00e9isme ancien"}]},{"@type":"WebSite","@id":"https:\/\/kapitalis.com\/tunisie\/#website","url":"https:\/\/kapitalis.com\/tunisie\/","name":"Kapitalis","description":"L&#039;actualit\u00e9 en Tunisie et dans le monde","publisher":{"@id":"https:\/\/kapitalis.com\/tunisie\/#organization"},"potentialAction":[{"@type":"SearchAction","target":{"@type":"EntryPoint","urlTemplate":"https:\/\/kapitalis.com\/tunisie\/?s={search_term_string}"},"query-input":{"@type":"PropertyValueSpecification","valueRequired":true,"valueName":"search_term_string"}}],"inLanguage":"fr-FR"},{"@type":"Organization","@id":"https:\/\/kapitalis.com\/tunisie\/#organization","name":"Kapitalis","url":"https:\/\/kapitalis.com\/tunisie\/","logo":{"@type":"ImageObject","inLanguage":"fr-FR","@id":"https:\/\/kapitalis.com\/tunisie\/#\/schema\/logo\/image\/","url":"https:\/\/kapitalis.com\/tunisie\/wp-content\/uploads\/2022\/05\/Kapitalis-big-size.png","contentUrl":"https:\/\/kapitalis.com\/tunisie\/wp-content\/uploads\/2022\/05\/Kapitalis-big-size.png","width":5000,"height":1500,"caption":"Kapitalis"},"image":{"@id":"https:\/\/kapitalis.com\/tunisie\/#\/schema\/logo\/image\/"},"sameAs":["https:\/\/www.facebook.com\/KapitalisInfo\/","https:\/\/x.com\/KapitalisInfo","https:\/\/www.youtube.com\/channel\/UC-yDYrHyfFBWWZaOw3FPg9Q"]},{"@type":"Person","@id":"https:\/\/kapitalis.com\/tunisie\/#\/schema\/person\/d71f33a9ca44f7bad4698210b480c8e9","name":"webmaster kapitalis","url":"https:\/\/kapitalis.com\/tunisie\/author\/webmaster-kapitalis\/"}]}},"_links":{"self":[{"href":"https:\/\/kapitalis.com\/tunisie\/wp-json\/wp\/v2\/posts\/308408","targetHints":{"allow":["GET"]}}],"collection":[{"href":"https:\/\/kapitalis.com\/tunisie\/wp-json\/wp\/v2\/posts"}],"about":[{"href":"https:\/\/kapitalis.com\/tunisie\/wp-json\/wp\/v2\/types\/post"}],"author":[{"embeddable":true,"href":"https:\/\/kapitalis.com\/tunisie\/wp-json\/wp\/v2\/users\/8"}],"replies":[{"embeddable":true,"href":"https:\/\/kapitalis.com\/tunisie\/wp-json\/wp\/v2\/comments?post=308408"}],"version-history":[{"count":0,"href":"https:\/\/kapitalis.com\/tunisie\/wp-json\/wp\/v2\/posts\/308408\/revisions"}],"wp:featuredmedia":[{"embeddable":true,"href":"https:\/\/kapitalis.com\/tunisie\/wp-json\/wp\/v2\/media\/308409"}],"wp:attachment":[{"href":"https:\/\/kapitalis.com\/tunisie\/wp-json\/wp\/v2\/media?parent=308408"}],"wp:term":[{"taxonomy":"category","embeddable":true,"href":"https:\/\/kapitalis.com\/tunisie\/wp-json\/wp\/v2\/categories?post=308408"},{"taxonomy":"post_tag","embeddable":true,"href":"https:\/\/kapitalis.com\/tunisie\/wp-json\/wp\/v2\/tags?post=308408"}],"curies":[{"name":"wp","href":"https:\/\/api.w.org\/{rel}","templated":true}]}}