{"id":30855,"date":"2015-12-17T13:33:11","date_gmt":"2015-12-17T12:33:11","guid":{"rendered":"http:\/\/kapitalis.com\/tunisie\/?p=30855"},"modified":"2015-12-17T13:46:25","modified_gmt":"2015-12-17T12:46:25","slug":"marche-parallele-bassem-loukil-doute-de-lefficacite-des-autorites","status":"publish","type":"post","link":"https:\/\/kapitalis.com\/tunisie\/2015\/12\/17\/marche-parallele-bassem-loukil-doute-de-lefficacite-des-autorites\/","title":{"rendered":"March\u00e9 parall\u00e8le : Bassem Loukil doute de l\u2019efficacit\u00e9 des autorit\u00e9s"},"content":{"rendered":"<p><img loading=\"lazy\" decoding=\"async\" class=\"size-full wp-image-11054 aligncenter\" src=\"http:\/\/kapitalis.com\/tunisie\/wp-content\/uploads\/2015\/08\/UADH-en-Bourse.jpg\" alt=\"UADH-en-Bourse\" width=\"626\" height=\"380\" \/><\/p>\n<p><em><strong>En marge de la c\u00e9r\u00e9monie du lancement, hier \u00e0 Sfax, du Tunisia Africa Business Concil (TABC), le Pdg du Groupe Loukil a tir\u00e9 la sonnette d\u2019alarme.<\/strong><\/em><\/p>\n<p><!--more--><\/p>\n<p>Ce n\u2019est pas la premi\u00e8re fois que Bassem Loukil avertit les autorit\u00e9s sur la situation difficile de l\u2019industrie tunisienne, tous secteurs confondus, qui est frapp\u00e9e de plein fouet par le march\u00e9 parall\u00e8le. Les statistiques sont, d\u2019ailleurs, alarmantes puisque le march\u00e9 parall\u00e8le repr\u00e9sente 63% du commerce en Tunisie. \u00ab<em>Je m\u2019interroge aujourd\u2019hui sur l\u2019impuissance de ce gouvernement qui semble avoir abandonn\u00e9 la partie. Que nous reste-t-il? 37%, imaginez bien la situation. Mais que fait exactement le gouvernement pour sauver le pays?\u00bb<\/em>, a-t-il soulign\u00e9 dans une d\u00e9claration \u00e0 Kapitalis.<\/p>\n<p>Interrog\u00e9, aujourd\u2019hui, par Kapitalis, l\u2019\u00e9conomiste Mohamed Chawki Abid, a soulign\u00e9 que le march\u00e9 parall\u00e8le repr\u00e9sente le plus grand danger pour l\u2019\u00e9conomie tunisienne. <em>\u00abSelon les statistiques de la Banque mondiale, le march\u00e9 parall\u00e8le a en 2014 repr\u00e9sent\u00e9, 53% de notre \u00e9conomie. Il faut dire aussi que l\u2019industrie \u00e0 Sfax est tr\u00e8s malmen\u00e9e par la contrebande \u00e0 proximit\u00e9<\/em>\u00bb. Et M. Abid d\u2019ajouter que les membres du gouvernement Habib Essid se d\u00e9placent r\u00e9guli\u00e8rement pour inaugurer des grandes surfaces et laissent s\u2019aggraver la situation de l\u2019industrie.<\/p>\n<p>Sfax, second p\u00f4le \u00e9conomique du pays, apr\u00e8s Tunis, qui compte plus de 700 entreprises industrielles, a du mal \u00e0 remonter. <em>\u00abFace au march\u00e9 parall\u00e8le, nous nous trouvons dans une impasse. Plusieurs entreprises ont ferm\u00e9. D\u2019autres sont sur le point de mettre la cl\u00e9 sous le paillasson. C\u2019est ce que je vais faire moi-m\u00eame dans les prochains jours\u00bb<\/em>, a affirm\u00e9 une cheffe d\u2019entreprise de textile. Et pour cause : au co\u00fbt \u00e9lev\u00e9 de la main d\u2019\u0153uvre s\u2019ajoutent les imp\u00f4ts, alors que le march\u00e9 est inond\u00e9 par les produits de contrebande \u00e9chappant \u00e0 tout contr\u00f4le.<\/p>\n<p><em>\u00abL\u2019Etat doit assumer ses responsabilit\u00e9s, mettre fin \u00e0 son laxisme face \u00e0 ce fl\u00e9au et trouver des solutions pour les futurs ch\u00f4meurs, dont le nombre va sans doute s\u2019accro\u00eetre l\u2019ann\u00e9e prochaine, c\u2019est-\u00e0-dire dans quelques jours. Alors que M. Essid et son \u00e9quipe continuent de faire semblant de ne\u00a0 rien voir et de ne rien \u00e9couter\u00bb<\/em>, a-t-elle ajout\u00e9.<\/p>\n<p style=\"text-align: right;\"><strong>Z. A.<\/strong><\/p>\n","protected":false},"excerpt":{"rendered":"<p>En marge de la c\u00e9r\u00e9monie du lancement, hier \u00e0 Sfax, du Tunisia Africa Business Concil (TABC), le Pdg du Groupe Loukil a tir\u00e9 la sonnette d\u2019alarme.<\/p>\n","protected":false},"author":8,"featured_media":0,"comment_status":"open","ping_status":"open","sticky":false,"template":"","format":"standard","meta":{"footnotes":""},"categories":[995,2433],"tags":[2075,301,435,475,573],"class_list":["post-30855","post","type-post","status-publish","format-standard","hentry","category-economie","category-tunisie","tag-bassem-loukil","tag-economie","tag-habib-essid","tag-industrie","tag-marche-parallele"],"yoast_head":"<!-- This site is optimized with the Yoast SEO plugin v26.6 - https:\/\/yoast.com\/wordpress\/plugins\/seo\/ -->\n<title>March\u00e9 parall\u00e8le : Bassem Loukil doute de l\u2019efficacit\u00e9 des autorit\u00e9s - Kapitalis<\/title>\n<meta name=\"robots\" content=\"index, follow, max-snippet:-1, max-image-preview:large, max-video-preview:-1\" \/>\n<link rel=\"canonical\" href=\"https:\/\/kapitalis.com\/tunisie\/2015\/12\/17\/marche-parallele-bassem-loukil-doute-de-lefficacite-des-autorites\/\" \/>\n<meta property=\"og:locale\" content=\"fr_FR\" \/>\n<meta property=\"og:type\" content=\"article\" \/>\n<meta property=\"og:title\" content=\"March\u00e9 parall\u00e8le : Bassem Loukil doute de l\u2019efficacit\u00e9 des autorit\u00e9s - Kapitalis\" \/>\n<meta property=\"og:description\" content=\"En marge de la c\u00e9r\u00e9monie du lancement, hier \u00e0 Sfax, du Tunisia Africa Business Concil (TABC), le Pdg du Groupe Loukil a tir\u00e9 la sonnette d\u2019alarme.\" \/>\n<meta property=\"og:url\" content=\"https:\/\/kapitalis.com\/tunisie\/2015\/12\/17\/marche-parallele-bassem-loukil-doute-de-lefficacite-des-autorites\/\" \/>\n<meta property=\"og:site_name\" content=\"Kapitalis\" \/>\n<meta property=\"article:publisher\" content=\"https:\/\/www.facebook.com\/KapitalisInfo\/\" \/>\n<meta property=\"article:published_time\" content=\"2015-12-17T12:33:11+00:00\" \/>\n<meta property=\"article:modified_time\" content=\"2015-12-17T12:46:25+00:00\" \/>\n<meta property=\"og:image\" content=\"http:\/\/kapitalis.com\/tunisie\/wp-content\/uploads\/2015\/08\/UADH-en-Bourse.jpg\" \/>\n<meta name=\"author\" content=\"webmaster kapitalis\" \/>\n<meta name=\"twitter:card\" content=\"summary_large_image\" \/>\n<meta name=\"twitter:creator\" content=\"@KapitalisInfo\" \/>\n<meta name=\"twitter:site\" content=\"@KapitalisInfo\" \/>\n<meta name=\"twitter:label1\" content=\"\u00c9crit par\" \/>\n\t<meta name=\"twitter:data1\" content=\"webmaster kapitalis\" \/>\n\t<meta name=\"twitter:label2\" content=\"Dur\u00e9e de lecture estim\u00e9e\" \/>\n\t<meta name=\"twitter:data2\" content=\"2 minutes\" \/>\n<script type=\"application\/ld+json\" class=\"yoast-schema-graph\">{\"@context\":\"https:\/\/schema.org\",\"@graph\":[{\"@type\":\"Article\",\"@id\":\"https:\/\/kapitalis.com\/tunisie\/2015\/12\/17\/marche-parallele-bassem-loukil-doute-de-lefficacite-des-autorites\/#article\",\"isPartOf\":{\"@id\":\"https:\/\/kapitalis.com\/tunisie\/2015\/12\/17\/marche-parallele-bassem-loukil-doute-de-lefficacite-des-autorites\/\"},\"author\":{\"name\":\"webmaster kapitalis\",\"@id\":\"https:\/\/kapitalis.com\/tunisie\/#\/schema\/person\/d71f33a9ca44f7bad4698210b480c8e9\"},\"headline\":\"March\u00e9 parall\u00e8le : Bassem Loukil doute de l\u2019efficacit\u00e9 des autorit\u00e9s\",\"datePublished\":\"2015-12-17T12:33:11+00:00\",\"dateModified\":\"2015-12-17T12:46:25+00:00\",\"mainEntityOfPage\":{\"@id\":\"https:\/\/kapitalis.com\/tunisie\/2015\/12\/17\/marche-parallele-bassem-loukil-doute-de-lefficacite-des-autorites\/\"},\"wordCount\":398,\"commentCount\":0,\"publisher\":{\"@id\":\"https:\/\/kapitalis.com\/tunisie\/#organization\"},\"image\":{\"@id\":\"https:\/\/kapitalis.com\/tunisie\/2015\/12\/17\/marche-parallele-bassem-loukil-doute-de-lefficacite-des-autorites\/#primaryimage\"},\"thumbnailUrl\":\"http:\/\/kapitalis.com\/tunisie\/wp-content\/uploads\/2015\/08\/UADH-en-Bourse.jpg\",\"keywords\":[\"Bassem Loukil\",\"\u00e9conomie\",\"Habib Essid\",\"industrie\",\"march\u00e9 parall\u00e8le\"],\"articleSection\":[\"ECONOMIE\",\"Tunisie\"],\"inLanguage\":\"fr-FR\",\"potentialAction\":[{\"@type\":\"CommentAction\",\"name\":\"Comment\",\"target\":[\"https:\/\/kapitalis.com\/tunisie\/2015\/12\/17\/marche-parallele-bassem-loukil-doute-de-lefficacite-des-autorites\/#respond\"]}]},{\"@type\":\"WebPage\",\"@id\":\"https:\/\/kapitalis.com\/tunisie\/2015\/12\/17\/marche-parallele-bassem-loukil-doute-de-lefficacite-des-autorites\/\",\"url\":\"https:\/\/kapitalis.com\/tunisie\/2015\/12\/17\/marche-parallele-bassem-loukil-doute-de-lefficacite-des-autorites\/\",\"name\":\"March\u00e9 parall\u00e8le : Bassem Loukil doute de l\u2019efficacit\u00e9 des autorit\u00e9s - Kapitalis\",\"isPartOf\":{\"@id\":\"https:\/\/kapitalis.com\/tunisie\/#website\"},\"primaryImageOfPage\":{\"@id\":\"https:\/\/kapitalis.com\/tunisie\/2015\/12\/17\/marche-parallele-bassem-loukil-doute-de-lefficacite-des-autorites\/#primaryimage\"},\"image\":{\"@id\":\"https:\/\/kapitalis.com\/tunisie\/2015\/12\/17\/marche-parallele-bassem-loukil-doute-de-lefficacite-des-autorites\/#primaryimage\"},\"thumbnailUrl\":\"http:\/\/kapitalis.com\/tunisie\/wp-content\/uploads\/2015\/08\/UADH-en-Bourse.jpg\",\"datePublished\":\"2015-12-17T12:33:11+00:00\",\"dateModified\":\"2015-12-17T12:46:25+00:00\",\"breadcrumb\":{\"@id\":\"https:\/\/kapitalis.com\/tunisie\/2015\/12\/17\/marche-parallele-bassem-loukil-doute-de-lefficacite-des-autorites\/#breadcrumb\"},\"inLanguage\":\"fr-FR\",\"potentialAction\":[{\"@type\":\"ReadAction\",\"target\":[\"https:\/\/kapitalis.com\/tunisie\/2015\/12\/17\/marche-parallele-bassem-loukil-doute-de-lefficacite-des-autorites\/\"]}]},{\"@type\":\"ImageObject\",\"inLanguage\":\"fr-FR\",\"@id\":\"https:\/\/kapitalis.com\/tunisie\/2015\/12\/17\/marche-parallele-bassem-loukil-doute-de-lefficacite-des-autorites\/#primaryimage\",\"url\":\"http:\/\/kapitalis.com\/tunisie\/wp-content\/uploads\/2015\/08\/UADH-en-Bourse.jpg\",\"contentUrl\":\"http:\/\/kapitalis.com\/tunisie\/wp-content\/uploads\/2015\/08\/UADH-en-Bourse.jpg\"},{\"@type\":\"BreadcrumbList\",\"@id\":\"https:\/\/kapitalis.com\/tunisie\/2015\/12\/17\/marche-parallele-bassem-loukil-doute-de-lefficacite-des-autorites\/#breadcrumb\",\"itemListElement\":[{\"@type\":\"ListItem\",\"position\":1,\"name\":\"Accueil\",\"item\":\"https:\/\/kapitalis.com\/tunisie\/\"},{\"@type\":\"ListItem\",\"position\":2,\"name\":\"March\u00e9 parall\u00e8le : Bassem Loukil doute de l\u2019efficacit\u00e9 des autorit\u00e9s\"}]},{\"@type\":\"WebSite\",\"@id\":\"https:\/\/kapitalis.com\/tunisie\/#website\",\"url\":\"https:\/\/kapitalis.com\/tunisie\/\",\"name\":\"Kapitalis\",\"description\":\"L&#039;actualit\u00e9 en Tunisie et dans le monde\",\"publisher\":{\"@id\":\"https:\/\/kapitalis.com\/tunisie\/#organization\"},\"potentialAction\":[{\"@type\":\"SearchAction\",\"target\":{\"@type\":\"EntryPoint\",\"urlTemplate\":\"https:\/\/kapitalis.com\/tunisie\/?s={search_term_string}\"},\"query-input\":{\"@type\":\"PropertyValueSpecification\",\"valueRequired\":true,\"valueName\":\"search_term_string\"}}],\"inLanguage\":\"fr-FR\"},{\"@type\":\"Organization\",\"@id\":\"https:\/\/kapitalis.com\/tunisie\/#organization\",\"name\":\"Kapitalis\",\"url\":\"https:\/\/kapitalis.com\/tunisie\/\",\"logo\":{\"@type\":\"ImageObject\",\"inLanguage\":\"fr-FR\",\"@id\":\"https:\/\/kapitalis.com\/tunisie\/#\/schema\/logo\/image\/\",\"url\":\"https:\/\/kapitalis.com\/tunisie\/wp-content\/uploads\/2022\/05\/Kapitalis-big-size.png\",\"contentUrl\":\"https:\/\/kapitalis.com\/tunisie\/wp-content\/uploads\/2022\/05\/Kapitalis-big-size.png\",\"width\":5000,\"height\":1500,\"caption\":\"Kapitalis\"},\"image\":{\"@id\":\"https:\/\/kapitalis.com\/tunisie\/#\/schema\/logo\/image\/\"},\"sameAs\":[\"https:\/\/www.facebook.com\/KapitalisInfo\/\",\"https:\/\/x.com\/KapitalisInfo\",\"https:\/\/www.youtube.com\/channel\/UC-yDYrHyfFBWWZaOw3FPg9Q\"]},{\"@type\":\"Person\",\"@id\":\"https:\/\/kapitalis.com\/tunisie\/#\/schema\/person\/d71f33a9ca44f7bad4698210b480c8e9\",\"name\":\"webmaster kapitalis\",\"url\":\"https:\/\/kapitalis.com\/tunisie\/author\/webmaster-kapitalis\/\"}]}<\/script>\n<!-- \/ Yoast SEO plugin. -->","yoast_head_json":{"title":"March\u00e9 parall\u00e8le : Bassem Loukil doute de l\u2019efficacit\u00e9 des autorit\u00e9s - Kapitalis","robots":{"index":"index","follow":"follow","max-snippet":"max-snippet:-1","max-image-preview":"max-image-preview:large","max-video-preview":"max-video-preview:-1"},"canonical":"https:\/\/kapitalis.com\/tunisie\/2015\/12\/17\/marche-parallele-bassem-loukil-doute-de-lefficacite-des-autorites\/","og_locale":"fr_FR","og_type":"article","og_title":"March\u00e9 parall\u00e8le : Bassem Loukil doute de l\u2019efficacit\u00e9 des autorit\u00e9s - Kapitalis","og_description":"En marge de la c\u00e9r\u00e9monie du lancement, hier \u00e0 Sfax, du Tunisia Africa Business Concil (TABC), le Pdg du Groupe Loukil a tir\u00e9 la sonnette d\u2019alarme.","og_url":"https:\/\/kapitalis.com\/tunisie\/2015\/12\/17\/marche-parallele-bassem-loukil-doute-de-lefficacite-des-autorites\/","og_site_name":"Kapitalis","article_publisher":"https:\/\/www.facebook.com\/KapitalisInfo\/","article_published_time":"2015-12-17T12:33:11+00:00","article_modified_time":"2015-12-17T12:46:25+00:00","og_image":[{"url":"http:\/\/kapitalis.com\/tunisie\/wp-content\/uploads\/2015\/08\/UADH-en-Bourse.jpg","type":"","width":"","height":""}],"author":"webmaster kapitalis","twitter_card":"summary_large_image","twitter_creator":"@KapitalisInfo","twitter_site":"@KapitalisInfo","twitter_misc":{"\u00c9crit par":"webmaster kapitalis","Dur\u00e9e de lecture estim\u00e9e":"2 minutes"},"schema":{"@context":"https:\/\/schema.org","@graph":[{"@type":"Article","@id":"https:\/\/kapitalis.com\/tunisie\/2015\/12\/17\/marche-parallele-bassem-loukil-doute-de-lefficacite-des-autorites\/#article","isPartOf":{"@id":"https:\/\/kapitalis.com\/tunisie\/2015\/12\/17\/marche-parallele-bassem-loukil-doute-de-lefficacite-des-autorites\/"},"author":{"name":"webmaster kapitalis","@id":"https:\/\/kapitalis.com\/tunisie\/#\/schema\/person\/d71f33a9ca44f7bad4698210b480c8e9"},"headline":"March\u00e9 parall\u00e8le : Bassem Loukil doute de l\u2019efficacit\u00e9 des autorit\u00e9s","datePublished":"2015-12-17T12:33:11+00:00","dateModified":"2015-12-17T12:46:25+00:00","mainEntityOfPage":{"@id":"https:\/\/kapitalis.com\/tunisie\/2015\/12\/17\/marche-parallele-bassem-loukil-doute-de-lefficacite-des-autorites\/"},"wordCount":398,"commentCount":0,"publisher":{"@id":"https:\/\/kapitalis.com\/tunisie\/#organization"},"image":{"@id":"https:\/\/kapitalis.com\/tunisie\/2015\/12\/17\/marche-parallele-bassem-loukil-doute-de-lefficacite-des-autorites\/#primaryimage"},"thumbnailUrl":"http:\/\/kapitalis.com\/tunisie\/wp-content\/uploads\/2015\/08\/UADH-en-Bourse.jpg","keywords":["Bassem Loukil","\u00e9conomie","Habib Essid","industrie","march\u00e9 parall\u00e8le"],"articleSection":["ECONOMIE","Tunisie"],"inLanguage":"fr-FR","potentialAction":[{"@type":"CommentAction","name":"Comment","target":["https:\/\/kapitalis.com\/tunisie\/2015\/12\/17\/marche-parallele-bassem-loukil-doute-de-lefficacite-des-autorites\/#respond"]}]},{"@type":"WebPage","@id":"https:\/\/kapitalis.com\/tunisie\/2015\/12\/17\/marche-parallele-bassem-loukil-doute-de-lefficacite-des-autorites\/","url":"https:\/\/kapitalis.com\/tunisie\/2015\/12\/17\/marche-parallele-bassem-loukil-doute-de-lefficacite-des-autorites\/","name":"March\u00e9 parall\u00e8le : Bassem Loukil doute de l\u2019efficacit\u00e9 des autorit\u00e9s - Kapitalis","isPartOf":{"@id":"https:\/\/kapitalis.com\/tunisie\/#website"},"primaryImageOfPage":{"@id":"https:\/\/kapitalis.com\/tunisie\/2015\/12\/17\/marche-parallele-bassem-loukil-doute-de-lefficacite-des-autorites\/#primaryimage"},"image":{"@id":"https:\/\/kapitalis.com\/tunisie\/2015\/12\/17\/marche-parallele-bassem-loukil-doute-de-lefficacite-des-autorites\/#primaryimage"},"thumbnailUrl":"http:\/\/kapitalis.com\/tunisie\/wp-content\/uploads\/2015\/08\/UADH-en-Bourse.jpg","datePublished":"2015-12-17T12:33:11+00:00","dateModified":"2015-12-17T12:46:25+00:00","breadcrumb":{"@id":"https:\/\/kapitalis.com\/tunisie\/2015\/12\/17\/marche-parallele-bassem-loukil-doute-de-lefficacite-des-autorites\/#breadcrumb"},"inLanguage":"fr-FR","potentialAction":[{"@type":"ReadAction","target":["https:\/\/kapitalis.com\/tunisie\/2015\/12\/17\/marche-parallele-bassem-loukil-doute-de-lefficacite-des-autorites\/"]}]},{"@type":"ImageObject","inLanguage":"fr-FR","@id":"https:\/\/kapitalis.com\/tunisie\/2015\/12\/17\/marche-parallele-bassem-loukil-doute-de-lefficacite-des-autorites\/#primaryimage","url":"http:\/\/kapitalis.com\/tunisie\/wp-content\/uploads\/2015\/08\/UADH-en-Bourse.jpg","contentUrl":"http:\/\/kapitalis.com\/tunisie\/wp-content\/uploads\/2015\/08\/UADH-en-Bourse.jpg"},{"@type":"BreadcrumbList","@id":"https:\/\/kapitalis.com\/tunisie\/2015\/12\/17\/marche-parallele-bassem-loukil-doute-de-lefficacite-des-autorites\/#breadcrumb","itemListElement":[{"@type":"ListItem","position":1,"name":"Accueil","item":"https:\/\/kapitalis.com\/tunisie\/"},{"@type":"ListItem","position":2,"name":"March\u00e9 parall\u00e8le : Bassem Loukil doute de l\u2019efficacit\u00e9 des autorit\u00e9s"}]},{"@type":"WebSite","@id":"https:\/\/kapitalis.com\/tunisie\/#website","url":"https:\/\/kapitalis.com\/tunisie\/","name":"Kapitalis","description":"L&#039;actualit\u00e9 en Tunisie et dans le monde","publisher":{"@id":"https:\/\/kapitalis.com\/tunisie\/#organization"},"potentialAction":[{"@type":"SearchAction","target":{"@type":"EntryPoint","urlTemplate":"https:\/\/kapitalis.com\/tunisie\/?s={search_term_string}"},"query-input":{"@type":"PropertyValueSpecification","valueRequired":true,"valueName":"search_term_string"}}],"inLanguage":"fr-FR"},{"@type":"Organization","@id":"https:\/\/kapitalis.com\/tunisie\/#organization","name":"Kapitalis","url":"https:\/\/kapitalis.com\/tunisie\/","logo":{"@type":"ImageObject","inLanguage":"fr-FR","@id":"https:\/\/kapitalis.com\/tunisie\/#\/schema\/logo\/image\/","url":"https:\/\/kapitalis.com\/tunisie\/wp-content\/uploads\/2022\/05\/Kapitalis-big-size.png","contentUrl":"https:\/\/kapitalis.com\/tunisie\/wp-content\/uploads\/2022\/05\/Kapitalis-big-size.png","width":5000,"height":1500,"caption":"Kapitalis"},"image":{"@id":"https:\/\/kapitalis.com\/tunisie\/#\/schema\/logo\/image\/"},"sameAs":["https:\/\/www.facebook.com\/KapitalisInfo\/","https:\/\/x.com\/KapitalisInfo","https:\/\/www.youtube.com\/channel\/UC-yDYrHyfFBWWZaOw3FPg9Q"]},{"@type":"Person","@id":"https:\/\/kapitalis.com\/tunisie\/#\/schema\/person\/d71f33a9ca44f7bad4698210b480c8e9","name":"webmaster kapitalis","url":"https:\/\/kapitalis.com\/tunisie\/author\/webmaster-kapitalis\/"}]}},"_links":{"self":[{"href":"https:\/\/kapitalis.com\/tunisie\/wp-json\/wp\/v2\/posts\/30855","targetHints":{"allow":["GET"]}}],"collection":[{"href":"https:\/\/kapitalis.com\/tunisie\/wp-json\/wp\/v2\/posts"}],"about":[{"href":"https:\/\/kapitalis.com\/tunisie\/wp-json\/wp\/v2\/types\/post"}],"author":[{"embeddable":true,"href":"https:\/\/kapitalis.com\/tunisie\/wp-json\/wp\/v2\/users\/8"}],"replies":[{"embeddable":true,"href":"https:\/\/kapitalis.com\/tunisie\/wp-json\/wp\/v2\/comments?post=30855"}],"version-history":[{"count":0,"href":"https:\/\/kapitalis.com\/tunisie\/wp-json\/wp\/v2\/posts\/30855\/revisions"}],"wp:attachment":[{"href":"https:\/\/kapitalis.com\/tunisie\/wp-json\/wp\/v2\/media?parent=30855"}],"wp:term":[{"taxonomy":"category","embeddable":true,"href":"https:\/\/kapitalis.com\/tunisie\/wp-json\/wp\/v2\/categories?post=30855"},{"taxonomy":"post_tag","embeddable":true,"href":"https:\/\/kapitalis.com\/tunisie\/wp-json\/wp\/v2\/tags?post=30855"}],"curies":[{"name":"wp","href":"https:\/\/api.w.org\/{rel}","templated":true}]}}