{"id":308927,"date":"2020-07-22T02:00:12","date_gmt":"2020-07-22T01:00:12","guid":{"rendered":"http:\/\/kapitalis.com\/tunisie\/?p=308927"},"modified":"2020-07-22T07:33:50","modified_gmt":"2020-07-22T06:33:50","slug":"imen-bettaieb-visee-par-une-campagne-de-denigrement-pour-avoir-signe-la-motion-pour-le-retrait-de-confiance-a-ghannouchi","status":"publish","type":"post","link":"https:\/\/kapitalis.com\/tunisie\/2020\/07\/22\/imen-bettaieb-visee-par-une-campagne-de-denigrement-pour-avoir-signe-la-motion-pour-le-retrait-de-confiance-a-ghannouchi\/","title":{"rendered":"Imen Bettaieb vis\u00e9e par une campagne de d\u00e9nigrement pour avoir sign\u00e9 la motion pour le retrait de confiance \u00e0 Ghannouchi"},"content":{"rendered":"\n<figure class=\"wp-block-image size-large\"><img decoding=\"async\" src=\"http:\/\/kapitalis.com\/tunisie\/wp-content\/uploads\/2020\/07\/Imen-Bettaieb.jpg\" alt=\"\" class=\"wp-image-308930\"\/><\/figure>\n\n\n\n<p><strong><em>Victime d&rsquo;une campagne de d\u00e9nigrement et de harc\u00e8lement pour avoir sign\u00e9 la motion de censure pour le retrait de confiance au pr\u00e9sident de l&rsquo;Assembl\u00e9e, Rached Ghannouchi, la d\u00e9put\u00e9e ind\u00e9pendante Imen Bettaieb a annonc\u00e9 qu&rsquo;elle va saisir la justice.<\/em><\/strong><\/p>\n\n\n\n<!--more-->\n\n\n\n<p>Imen Bettaieb a pr\u00e9cis\u00e9 avoir sign\u00e9 cette motion, estimant que l&rsquo;administration du parlement a \u00e9t\u00e9 politis\u00e9e par Rached Ghannouchi et que cela a cr\u00e9\u00e9 des conflits et entrave d\u00e9sormais les travaux de l&rsquo;Assembl\u00e9e : \u00ab<em>On ne peut plus travailler, on ne peux plus continuer comme \u00e7a<\/em>\u00bb, a-t-elle d\u00e9plor\u00e9, dans une vid\u00e9o post\u00e9e ce mardi 21 juillet 2020, sur son compte Facebook.<\/p>\n\n\n\n<p>La d\u00e9put\u00e9e a \u00e9galement rappel\u00e9 que le bloc Ennahdha lui avait demand\u00e9 de signer la motion pour le retrait de confiance au chef du gouvernement Elyes Fakhfakh, et qu&rsquo;elle avait r\u00e9pondu qu&rsquo;elle la signera lorsque le rapport de la commission sera d\u00e9voil\u00e9. <\/p>\n\n\n\n<figure class=\"wp-block-embed-facebook wp-block-embed is-type-video is-provider-facebook\"><div class=\"wp-block-embed__wrapper\">\nhttps:\/\/www.facebook.com\/ImenBettaiebOfficial\/videos\/503453630447880\/\n<\/div><\/figure>\n\n\n\n<p><em>\u00abJe ne veux pas \u00eatre un pion qu&rsquo;on utilise pour des calculs et des r\u00e8glements de comptes. En politique, je n&rsquo;ai ni ennemis, ni amis, j&rsquo;ai des coll\u00e8gues avec qui je travaille pour des projets communs pour le bien de la patrie<\/em>\u00bb, a-t-elle dit.<\/p>\n\n\n\n<p><em>\u00abJe n&rsquo;ai aucune appartenance politique, et ce n&rsquo;est pas parce que je porte le voile et que je pratique ma religion, que je suis li\u00e9e \u00e0 Ennahdha. Ce n&rsquo;est pas non plus parce que j&rsquo;ai sign\u00e9 la motion pour destituer le pr\u00e9sident du parlement que je suis pro PDL. Je suis une \u00e9lue du peuple, qui prend des d\u00e9cisions r\u00e9fl\u00e9chies et qui servent l\u2019int\u00e9r\u00eat g\u00e9n\u00e9ral du pays. Je serai toujours cette d\u00e9put\u00e9e neutre qui se bat pour le pays, sans calculs<\/em>\u00bb, a ajout\u00e9 la d\u00e9put\u00e9e, tout en d\u00e9plorant les insultes dont elle a \u00e9t\u00e9 victime et en \u00ab<em>remerciant<\/em>\u00bb les pages sponsoris\u00e9es qui se sont charg\u00e9es de diffuser des posts portant atteinte \u00e0 sa personne, par allusion au parti islamiste Ennahdha, qui recourt massivement \u00e0 ce genre de pratiques pour intimider ses adversaires politiques.<\/p>\n\n\n\n<p>Imen Bettaieb a aussi affirm\u00e9 qu&rsquo;elle saisira la justice, en indiquant qu&rsquo;elle pr\u00e9f\u00e8re n&rsquo;accuser aucune partie. Mais les parties hostile sont, en tout cas, facile \u00e0 deviner\u2026<\/p>\n\n\n\n<p>Plusieurs d\u00e9put\u00e9s ont exprim\u00e9 leur solidarit\u00e9 avec leur coll\u00e8gue, \u00e0 l\u2019instar de Hichem Ajbouni (Attayar) : \u00ab<em>Toute ma solidarit\u00e9 avec Imen Bettaieb, une d\u00e9put\u00e9e \u00e9duqu\u00e9e, respectable et respect\u00e9e<\/em>\u00bb, a-t-il \u00e9crit sur son compte Facebook, en appelant les d\u00e9tracteurs de sa coll\u00e8gue \u00e0 \u00e9lever le niveau.<\/p>\n\n\n\n<p class=\"has-text-align-right\"><strong>Y. N.<\/strong><\/p>\n","protected":false},"excerpt":{"rendered":"<p>Victime d&rsquo;une campagne de d\u00e9nigrement et de harc\u00e8lement pour avoir sign\u00e9 la motion de censure pour le retrait de confiance au pr\u00e9sident de l&rsquo;Assembl\u00e9e, Rached Ghannouchi, la d\u00e9put\u00e9e ind\u00e9pendante Imen Bettaieb a annonc\u00e9 qu&rsquo;elle va saisir la justice.<\/p>\n","protected":false},"author":6,"featured_media":308930,"comment_status":"open","ping_status":"open","sticky":false,"template":"","format":"standard","meta":{"footnotes":""},"categories":[997,2433,4806],"tags":[93,8010,5537,74972,64355,758,74840],"class_list":["post-308927","post","type-post","status-publish","format-standard","has-post-thumbnail","hentry","category-politique","category-tunisie","category-videos","tag-assemblee","tag-denigrement","tag-harcelement","tag-imen-bettaieb","tag-justice","tag-rached-ghannouchi","tag-retrait-de-confiance"],"yoast_head":"<!-- This site is optimized with the Yoast SEO plugin v26.6 - https:\/\/yoast.com\/wordpress\/plugins\/seo\/ -->\n<title>Imen Bettaieb vis\u00e9e par une campagne de d\u00e9nigrement pour avoir sign\u00e9 la motion pour le retrait de confiance \u00e0 Ghannouchi - Kapitalis<\/title>\n<meta name=\"robots\" content=\"index, follow, max-snippet:-1, max-image-preview:large, max-video-preview:-1\" \/>\n<link rel=\"canonical\" href=\"https:\/\/kapitalis.com\/tunisie\/2020\/07\/22\/imen-bettaieb-visee-par-une-campagne-de-denigrement-pour-avoir-signe-la-motion-pour-le-retrait-de-confiance-a-ghannouchi\/\" \/>\n<meta property=\"og:locale\" content=\"fr_FR\" \/>\n<meta property=\"og:type\" content=\"article\" \/>\n<meta property=\"og:title\" content=\"Imen Bettaieb vis\u00e9e par une campagne de d\u00e9nigrement pour avoir sign\u00e9 la motion pour le retrait de confiance \u00e0 Ghannouchi - Kapitalis\" \/>\n<meta property=\"og:description\" content=\"Victime d&rsquo;une campagne de d\u00e9nigrement et de harc\u00e8lement pour avoir sign\u00e9 la motion de censure pour le retrait de confiance au pr\u00e9sident de l&rsquo;Assembl\u00e9e, Rached Ghannouchi, la d\u00e9put\u00e9e ind\u00e9pendante Imen Bettaieb a annonc\u00e9 qu&rsquo;elle va saisir la justice.\" \/>\n<meta property=\"og:url\" content=\"https:\/\/kapitalis.com\/tunisie\/2020\/07\/22\/imen-bettaieb-visee-par-une-campagne-de-denigrement-pour-avoir-signe-la-motion-pour-le-retrait-de-confiance-a-ghannouchi\/\" \/>\n<meta property=\"og:site_name\" content=\"Kapitalis\" \/>\n<meta property=\"article:publisher\" content=\"https:\/\/www.facebook.com\/KapitalisInfo\/\" \/>\n<meta property=\"article:published_time\" content=\"2020-07-22T01:00:12+00:00\" \/>\n<meta property=\"article:modified_time\" content=\"2020-07-22T06:33:50+00:00\" \/>\n<meta property=\"og:image\" content=\"https:\/\/kapitalis.com\/tunisie\/wp-content\/uploads\/2022\/05\/kapitalis-logo-fb.png\" \/>\n\t<meta property=\"og:image:width\" content=\"1200\" \/>\n\t<meta property=\"og:image:height\" content=\"630\" \/>\n\t<meta property=\"og:image:type\" content=\"image\/png\" \/>\n<meta name=\"author\" content=\"Yusra NY\" \/>\n<meta name=\"twitter:card\" content=\"summary_large_image\" \/>\n<meta name=\"twitter:creator\" content=\"@KapitalisInfo\" \/>\n<meta name=\"twitter:site\" content=\"@KapitalisInfo\" \/>\n<meta name=\"twitter:label1\" content=\"\u00c9crit par\" \/>\n\t<meta name=\"twitter:data1\" content=\"Yusra NY\" \/>\n\t<meta name=\"twitter:label2\" content=\"Dur\u00e9e de lecture estim\u00e9e\" \/>\n\t<meta name=\"twitter:data2\" content=\"2 minutes\" \/>\n<script type=\"application\/ld+json\" class=\"yoast-schema-graph\">{\"@context\":\"https:\/\/schema.org\",\"@graph\":[{\"@type\":\"Article\",\"@id\":\"https:\/\/kapitalis.com\/tunisie\/2020\/07\/22\/imen-bettaieb-visee-par-une-campagne-de-denigrement-pour-avoir-signe-la-motion-pour-le-retrait-de-confiance-a-ghannouchi\/#article\",\"isPartOf\":{\"@id\":\"https:\/\/kapitalis.com\/tunisie\/2020\/07\/22\/imen-bettaieb-visee-par-une-campagne-de-denigrement-pour-avoir-signe-la-motion-pour-le-retrait-de-confiance-a-ghannouchi\/\"},\"author\":{\"name\":\"Yusra NY\",\"@id\":\"https:\/\/kapitalis.com\/tunisie\/#\/schema\/person\/74bbde0154d49d790a92aaeac5bc01d5\"},\"headline\":\"Imen Bettaieb vis\u00e9e par une campagne de d\u00e9nigrement pour avoir sign\u00e9 la motion pour le retrait de confiance \u00e0 Ghannouchi\",\"datePublished\":\"2020-07-22T01:00:12+00:00\",\"dateModified\":\"2020-07-22T06:33:50+00:00\",\"mainEntityOfPage\":{\"@id\":\"https:\/\/kapitalis.com\/tunisie\/2020\/07\/22\/imen-bettaieb-visee-par-une-campagne-de-denigrement-pour-avoir-signe-la-motion-pour-le-retrait-de-confiance-a-ghannouchi\/\"},\"wordCount\":458,\"commentCount\":6,\"publisher\":{\"@id\":\"https:\/\/kapitalis.com\/tunisie\/#organization\"},\"image\":{\"@id\":\"https:\/\/kapitalis.com\/tunisie\/2020\/07\/22\/imen-bettaieb-visee-par-une-campagne-de-denigrement-pour-avoir-signe-la-motion-pour-le-retrait-de-confiance-a-ghannouchi\/#primaryimage\"},\"thumbnailUrl\":\"\",\"keywords\":[\"Assembl\u00e9e\",\"d\u00e9nigrement\",\"harc\u00e8lement\",\"imen betta\u00efeb\",\"justice\",\"Rached Ghannouchi\",\"retrait de confiance\"],\"articleSection\":[\"POLITIQUE\",\"Tunisie\",\"VIDEOS\"],\"inLanguage\":\"fr-FR\",\"potentialAction\":[{\"@type\":\"CommentAction\",\"name\":\"Comment\",\"target\":[\"https:\/\/kapitalis.com\/tunisie\/2020\/07\/22\/imen-bettaieb-visee-par-une-campagne-de-denigrement-pour-avoir-signe-la-motion-pour-le-retrait-de-confiance-a-ghannouchi\/#respond\"]}]},{\"@type\":\"WebPage\",\"@id\":\"https:\/\/kapitalis.com\/tunisie\/2020\/07\/22\/imen-bettaieb-visee-par-une-campagne-de-denigrement-pour-avoir-signe-la-motion-pour-le-retrait-de-confiance-a-ghannouchi\/\",\"url\":\"https:\/\/kapitalis.com\/tunisie\/2020\/07\/22\/imen-bettaieb-visee-par-une-campagne-de-denigrement-pour-avoir-signe-la-motion-pour-le-retrait-de-confiance-a-ghannouchi\/\",\"name\":\"Imen Bettaieb vis\u00e9e par une campagne de d\u00e9nigrement pour avoir sign\u00e9 la motion pour le retrait de confiance \u00e0 Ghannouchi - Kapitalis\",\"isPartOf\":{\"@id\":\"https:\/\/kapitalis.com\/tunisie\/#website\"},\"primaryImageOfPage\":{\"@id\":\"https:\/\/kapitalis.com\/tunisie\/2020\/07\/22\/imen-bettaieb-visee-par-une-campagne-de-denigrement-pour-avoir-signe-la-motion-pour-le-retrait-de-confiance-a-ghannouchi\/#primaryimage\"},\"image\":{\"@id\":\"https:\/\/kapitalis.com\/tunisie\/2020\/07\/22\/imen-bettaieb-visee-par-une-campagne-de-denigrement-pour-avoir-signe-la-motion-pour-le-retrait-de-confiance-a-ghannouchi\/#primaryimage\"},\"thumbnailUrl\":\"\",\"datePublished\":\"2020-07-22T01:00:12+00:00\",\"dateModified\":\"2020-07-22T06:33:50+00:00\",\"breadcrumb\":{\"@id\":\"https:\/\/kapitalis.com\/tunisie\/2020\/07\/22\/imen-bettaieb-visee-par-une-campagne-de-denigrement-pour-avoir-signe-la-motion-pour-le-retrait-de-confiance-a-ghannouchi\/#breadcrumb\"},\"inLanguage\":\"fr-FR\",\"potentialAction\":[{\"@type\":\"ReadAction\",\"target\":[\"https:\/\/kapitalis.com\/tunisie\/2020\/07\/22\/imen-bettaieb-visee-par-une-campagne-de-denigrement-pour-avoir-signe-la-motion-pour-le-retrait-de-confiance-a-ghannouchi\/\"]}]},{\"@type\":\"ImageObject\",\"inLanguage\":\"fr-FR\",\"@id\":\"https:\/\/kapitalis.com\/tunisie\/2020\/07\/22\/imen-bettaieb-visee-par-une-campagne-de-denigrement-pour-avoir-signe-la-motion-pour-le-retrait-de-confiance-a-ghannouchi\/#primaryimage\",\"url\":\"\",\"contentUrl\":\"\"},{\"@type\":\"BreadcrumbList\",\"@id\":\"https:\/\/kapitalis.com\/tunisie\/2020\/07\/22\/imen-bettaieb-visee-par-une-campagne-de-denigrement-pour-avoir-signe-la-motion-pour-le-retrait-de-confiance-a-ghannouchi\/#breadcrumb\",\"itemListElement\":[{\"@type\":\"ListItem\",\"position\":1,\"name\":\"Accueil\",\"item\":\"https:\/\/kapitalis.com\/tunisie\/\"},{\"@type\":\"ListItem\",\"position\":2,\"name\":\"Imen Bettaieb vis\u00e9e par une campagne de d\u00e9nigrement pour avoir sign\u00e9 la motion pour le retrait de confiance \u00e0 Ghannouchi\"}]},{\"@type\":\"WebSite\",\"@id\":\"https:\/\/kapitalis.com\/tunisie\/#website\",\"url\":\"https:\/\/kapitalis.com\/tunisie\/\",\"name\":\"Kapitalis\",\"description\":\"L&#039;actualit\u00e9 en Tunisie et dans le monde\",\"publisher\":{\"@id\":\"https:\/\/kapitalis.com\/tunisie\/#organization\"},\"potentialAction\":[{\"@type\":\"SearchAction\",\"target\":{\"@type\":\"EntryPoint\",\"urlTemplate\":\"https:\/\/kapitalis.com\/tunisie\/?s={search_term_string}\"},\"query-input\":{\"@type\":\"PropertyValueSpecification\",\"valueRequired\":true,\"valueName\":\"search_term_string\"}}],\"inLanguage\":\"fr-FR\"},{\"@type\":\"Organization\",\"@id\":\"https:\/\/kapitalis.com\/tunisie\/#organization\",\"name\":\"Kapitalis\",\"url\":\"https:\/\/kapitalis.com\/tunisie\/\",\"logo\":{\"@type\":\"ImageObject\",\"inLanguage\":\"fr-FR\",\"@id\":\"https:\/\/kapitalis.com\/tunisie\/#\/schema\/logo\/image\/\",\"url\":\"https:\/\/kapitalis.com\/tunisie\/wp-content\/uploads\/2022\/05\/Kapitalis-big-size.png\",\"contentUrl\":\"https:\/\/kapitalis.com\/tunisie\/wp-content\/uploads\/2022\/05\/Kapitalis-big-size.png\",\"width\":5000,\"height\":1500,\"caption\":\"Kapitalis\"},\"image\":{\"@id\":\"https:\/\/kapitalis.com\/tunisie\/#\/schema\/logo\/image\/\"},\"sameAs\":[\"https:\/\/www.facebook.com\/KapitalisInfo\/\",\"https:\/\/x.com\/KapitalisInfo\",\"https:\/\/www.youtube.com\/channel\/UC-yDYrHyfFBWWZaOw3FPg9Q\"]},{\"@type\":\"Person\",\"@id\":\"https:\/\/kapitalis.com\/tunisie\/#\/schema\/person\/74bbde0154d49d790a92aaeac5bc01d5\",\"name\":\"Yusra NY\",\"url\":\"https:\/\/kapitalis.com\/tunisie\/author\/yuza_adam\/\"}]}<\/script>\n<!-- \/ Yoast SEO plugin. -->","yoast_head_json":{"title":"Imen Bettaieb vis\u00e9e par une campagne de d\u00e9nigrement pour avoir sign\u00e9 la motion pour le retrait de confiance \u00e0 Ghannouchi - Kapitalis","robots":{"index":"index","follow":"follow","max-snippet":"max-snippet:-1","max-image-preview":"max-image-preview:large","max-video-preview":"max-video-preview:-1"},"canonical":"https:\/\/kapitalis.com\/tunisie\/2020\/07\/22\/imen-bettaieb-visee-par-une-campagne-de-denigrement-pour-avoir-signe-la-motion-pour-le-retrait-de-confiance-a-ghannouchi\/","og_locale":"fr_FR","og_type":"article","og_title":"Imen Bettaieb vis\u00e9e par une campagne de d\u00e9nigrement pour avoir sign\u00e9 la motion pour le retrait de confiance \u00e0 Ghannouchi - Kapitalis","og_description":"Victime d&rsquo;une campagne de d\u00e9nigrement et de harc\u00e8lement pour avoir sign\u00e9 la motion de censure pour le retrait de confiance au pr\u00e9sident de l&rsquo;Assembl\u00e9e, Rached Ghannouchi, la d\u00e9put\u00e9e ind\u00e9pendante Imen Bettaieb a annonc\u00e9 qu&rsquo;elle va saisir la justice.","og_url":"https:\/\/kapitalis.com\/tunisie\/2020\/07\/22\/imen-bettaieb-visee-par-une-campagne-de-denigrement-pour-avoir-signe-la-motion-pour-le-retrait-de-confiance-a-ghannouchi\/","og_site_name":"Kapitalis","article_publisher":"https:\/\/www.facebook.com\/KapitalisInfo\/","article_published_time":"2020-07-22T01:00:12+00:00","article_modified_time":"2020-07-22T06:33:50+00:00","og_image":[{"width":1200,"height":630,"url":"https:\/\/kapitalis.com\/tunisie\/wp-content\/uploads\/2022\/05\/kapitalis-logo-fb.png","type":"image\/png"}],"author":"Yusra NY","twitter_card":"summary_large_image","twitter_creator":"@KapitalisInfo","twitter_site":"@KapitalisInfo","twitter_misc":{"\u00c9crit par":"Yusra NY","Dur\u00e9e de lecture estim\u00e9e":"2 minutes"},"schema":{"@context":"https:\/\/schema.org","@graph":[{"@type":"Article","@id":"https:\/\/kapitalis.com\/tunisie\/2020\/07\/22\/imen-bettaieb-visee-par-une-campagne-de-denigrement-pour-avoir-signe-la-motion-pour-le-retrait-de-confiance-a-ghannouchi\/#article","isPartOf":{"@id":"https:\/\/kapitalis.com\/tunisie\/2020\/07\/22\/imen-bettaieb-visee-par-une-campagne-de-denigrement-pour-avoir-signe-la-motion-pour-le-retrait-de-confiance-a-ghannouchi\/"},"author":{"name":"Yusra NY","@id":"https:\/\/kapitalis.com\/tunisie\/#\/schema\/person\/74bbde0154d49d790a92aaeac5bc01d5"},"headline":"Imen Bettaieb vis\u00e9e par une campagne de d\u00e9nigrement pour avoir sign\u00e9 la motion pour le retrait de confiance \u00e0 Ghannouchi","datePublished":"2020-07-22T01:00:12+00:00","dateModified":"2020-07-22T06:33:50+00:00","mainEntityOfPage":{"@id":"https:\/\/kapitalis.com\/tunisie\/2020\/07\/22\/imen-bettaieb-visee-par-une-campagne-de-denigrement-pour-avoir-signe-la-motion-pour-le-retrait-de-confiance-a-ghannouchi\/"},"wordCount":458,"commentCount":6,"publisher":{"@id":"https:\/\/kapitalis.com\/tunisie\/#organization"},"image":{"@id":"https:\/\/kapitalis.com\/tunisie\/2020\/07\/22\/imen-bettaieb-visee-par-une-campagne-de-denigrement-pour-avoir-signe-la-motion-pour-le-retrait-de-confiance-a-ghannouchi\/#primaryimage"},"thumbnailUrl":"","keywords":["Assembl\u00e9e","d\u00e9nigrement","harc\u00e8lement","imen betta\u00efeb","justice","Rached Ghannouchi","retrait de confiance"],"articleSection":["POLITIQUE","Tunisie","VIDEOS"],"inLanguage":"fr-FR","potentialAction":[{"@type":"CommentAction","name":"Comment","target":["https:\/\/kapitalis.com\/tunisie\/2020\/07\/22\/imen-bettaieb-visee-par-une-campagne-de-denigrement-pour-avoir-signe-la-motion-pour-le-retrait-de-confiance-a-ghannouchi\/#respond"]}]},{"@type":"WebPage","@id":"https:\/\/kapitalis.com\/tunisie\/2020\/07\/22\/imen-bettaieb-visee-par-une-campagne-de-denigrement-pour-avoir-signe-la-motion-pour-le-retrait-de-confiance-a-ghannouchi\/","url":"https:\/\/kapitalis.com\/tunisie\/2020\/07\/22\/imen-bettaieb-visee-par-une-campagne-de-denigrement-pour-avoir-signe-la-motion-pour-le-retrait-de-confiance-a-ghannouchi\/","name":"Imen Bettaieb vis\u00e9e par une campagne de d\u00e9nigrement pour avoir sign\u00e9 la motion pour le retrait de confiance \u00e0 Ghannouchi - Kapitalis","isPartOf":{"@id":"https:\/\/kapitalis.com\/tunisie\/#website"},"primaryImageOfPage":{"@id":"https:\/\/kapitalis.com\/tunisie\/2020\/07\/22\/imen-bettaieb-visee-par-une-campagne-de-denigrement-pour-avoir-signe-la-motion-pour-le-retrait-de-confiance-a-ghannouchi\/#primaryimage"},"image":{"@id":"https:\/\/kapitalis.com\/tunisie\/2020\/07\/22\/imen-bettaieb-visee-par-une-campagne-de-denigrement-pour-avoir-signe-la-motion-pour-le-retrait-de-confiance-a-ghannouchi\/#primaryimage"},"thumbnailUrl":"","datePublished":"2020-07-22T01:00:12+00:00","dateModified":"2020-07-22T06:33:50+00:00","breadcrumb":{"@id":"https:\/\/kapitalis.com\/tunisie\/2020\/07\/22\/imen-bettaieb-visee-par-une-campagne-de-denigrement-pour-avoir-signe-la-motion-pour-le-retrait-de-confiance-a-ghannouchi\/#breadcrumb"},"inLanguage":"fr-FR","potentialAction":[{"@type":"ReadAction","target":["https:\/\/kapitalis.com\/tunisie\/2020\/07\/22\/imen-bettaieb-visee-par-une-campagne-de-denigrement-pour-avoir-signe-la-motion-pour-le-retrait-de-confiance-a-ghannouchi\/"]}]},{"@type":"ImageObject","inLanguage":"fr-FR","@id":"https:\/\/kapitalis.com\/tunisie\/2020\/07\/22\/imen-bettaieb-visee-par-une-campagne-de-denigrement-pour-avoir-signe-la-motion-pour-le-retrait-de-confiance-a-ghannouchi\/#primaryimage","url":"","contentUrl":""},{"@type":"BreadcrumbList","@id":"https:\/\/kapitalis.com\/tunisie\/2020\/07\/22\/imen-bettaieb-visee-par-une-campagne-de-denigrement-pour-avoir-signe-la-motion-pour-le-retrait-de-confiance-a-ghannouchi\/#breadcrumb","itemListElement":[{"@type":"ListItem","position":1,"name":"Accueil","item":"https:\/\/kapitalis.com\/tunisie\/"},{"@type":"ListItem","position":2,"name":"Imen Bettaieb vis\u00e9e par une campagne de d\u00e9nigrement pour avoir sign\u00e9 la motion pour le retrait de confiance \u00e0 Ghannouchi"}]},{"@type":"WebSite","@id":"https:\/\/kapitalis.com\/tunisie\/#website","url":"https:\/\/kapitalis.com\/tunisie\/","name":"Kapitalis","description":"L&#039;actualit\u00e9 en Tunisie et dans le monde","publisher":{"@id":"https:\/\/kapitalis.com\/tunisie\/#organization"},"potentialAction":[{"@type":"SearchAction","target":{"@type":"EntryPoint","urlTemplate":"https:\/\/kapitalis.com\/tunisie\/?s={search_term_string}"},"query-input":{"@type":"PropertyValueSpecification","valueRequired":true,"valueName":"search_term_string"}}],"inLanguage":"fr-FR"},{"@type":"Organization","@id":"https:\/\/kapitalis.com\/tunisie\/#organization","name":"Kapitalis","url":"https:\/\/kapitalis.com\/tunisie\/","logo":{"@type":"ImageObject","inLanguage":"fr-FR","@id":"https:\/\/kapitalis.com\/tunisie\/#\/schema\/logo\/image\/","url":"https:\/\/kapitalis.com\/tunisie\/wp-content\/uploads\/2022\/05\/Kapitalis-big-size.png","contentUrl":"https:\/\/kapitalis.com\/tunisie\/wp-content\/uploads\/2022\/05\/Kapitalis-big-size.png","width":5000,"height":1500,"caption":"Kapitalis"},"image":{"@id":"https:\/\/kapitalis.com\/tunisie\/#\/schema\/logo\/image\/"},"sameAs":["https:\/\/www.facebook.com\/KapitalisInfo\/","https:\/\/x.com\/KapitalisInfo","https:\/\/www.youtube.com\/channel\/UC-yDYrHyfFBWWZaOw3FPg9Q"]},{"@type":"Person","@id":"https:\/\/kapitalis.com\/tunisie\/#\/schema\/person\/74bbde0154d49d790a92aaeac5bc01d5","name":"Yusra NY","url":"https:\/\/kapitalis.com\/tunisie\/author\/yuza_adam\/"}]}},"_links":{"self":[{"href":"https:\/\/kapitalis.com\/tunisie\/wp-json\/wp\/v2\/posts\/308927","targetHints":{"allow":["GET"]}}],"collection":[{"href":"https:\/\/kapitalis.com\/tunisie\/wp-json\/wp\/v2\/posts"}],"about":[{"href":"https:\/\/kapitalis.com\/tunisie\/wp-json\/wp\/v2\/types\/post"}],"author":[{"embeddable":true,"href":"https:\/\/kapitalis.com\/tunisie\/wp-json\/wp\/v2\/users\/6"}],"replies":[{"embeddable":true,"href":"https:\/\/kapitalis.com\/tunisie\/wp-json\/wp\/v2\/comments?post=308927"}],"version-history":[{"count":0,"href":"https:\/\/kapitalis.com\/tunisie\/wp-json\/wp\/v2\/posts\/308927\/revisions"}],"wp:featuredmedia":[{"embeddable":true,"href":"https:\/\/kapitalis.com\/tunisie\/wp-json\/wp\/v2\/media\/308930"}],"wp:attachment":[{"href":"https:\/\/kapitalis.com\/tunisie\/wp-json\/wp\/v2\/media?parent=308927"}],"wp:term":[{"taxonomy":"category","embeddable":true,"href":"https:\/\/kapitalis.com\/tunisie\/wp-json\/wp\/v2\/categories?post=308927"},{"taxonomy":"post_tag","embeddable":true,"href":"https:\/\/kapitalis.com\/tunisie\/wp-json\/wp\/v2\/tags?post=308927"}],"curies":[{"name":"wp","href":"https:\/\/api.w.org\/{rel}","templated":true}]}}