{"id":308963,"date":"2020-07-22T10:43:12","date_gmt":"2020-07-22T09:43:12","guid":{"rendered":"http:\/\/kapitalis.com\/tunisie\/?p=308963"},"modified":"2020-07-22T13:09:43","modified_gmt":"2020-07-22T12:09:43","slug":"presidence-du-gouvernement-la-designation-dune-personnalite-politique-serait-une-erreur-selon-ezzeddine-saidane","status":"publish","type":"post","link":"https:\/\/kapitalis.com\/tunisie\/2020\/07\/22\/presidence-du-gouvernement-la-designation-dune-personnalite-politique-serait-une-erreur-selon-ezzeddine-saidane\/","title":{"rendered":"Pr\u00e9sidence du gouvernement : La d\u00e9signation d&rsquo;une personnalit\u00e9 politique serait une erreur, selon Ezzeddine Saidane"},"content":{"rendered":"\n<figure class=\"wp-block-image size-large\"><img decoding=\"async\" src=\"http:\/\/kapitalis.com\/tunisie\/wp-content\/uploads\/2018\/06\/Ezzedine-Saidane1.jpg\" alt=\"\" class=\"wp-image-160274\"\/><\/figure>\n\n\n\n<p><strong><em>Selon l&rsquo;\u00e9conomiste Ezzeddine Saidane, la crise politique que traverse le pays actuellement aura des impacts tr\u00e8s f\u00e2cheux et l&#8217;emp\u00eachera de se relancer \u00e9conomiquement apr\u00e8s la pand\u00e9mie du coronavirus. Pour sauver un peu la mise, il est n\u00e9cessaire, selon lui, que le nouveau chef du gouvernement ne soit pas une personnalit\u00e9 politique.<\/em><\/strong><\/p>\n\n\n\n<!--more-->\n\n\n\n<p>\u00ab<em>Le programme du ministre des Finances renferme des points positifs et d\u00e9note du s\u00e9rieux et du travail, mais le probl\u00e8me est de savoir qui le mettra en \u0153uvre, alors que le gouvernement actuel est charg\u00e9 d&rsquo;exp\u00e9dier les affaires courantes et que plusieurs d\u00e9partements sont g\u00e9r\u00e9s par des ministres int\u00e9rimaires<\/em>\u00bb, a regrett\u00e9 M. Saidane lors de son entretien avec Hamza Belloumi sur Shems FM.<\/p>\n\n\n\n<p>Il a, de ce fait, estim\u00e9 que la d\u00e9signation d&rsquo;une personnalit\u00e9 politique \u00e0 la t\u00eate du gouvernement (en remplacement du d\u00e9missionnaire, Elyes Fakhfakh) serait une erreur, car ce nouveau chef de gouvernement serait amen\u00e9 \u00e0 rassembler une ceinture parlementaire solide autour de lui, ce qui est aujourd&rsquo;hui impossible, selon M. Saidane, au vu des tiraillements politiques sans pr\u00e9c\u00e9dent que vit le pays.<\/p>\n\n\n\n<p>\u00ab<em>La solution consiste \u00e0 ce que le pr\u00e9sident de la r\u00e9publique nomme une personnalit\u00e9 ind\u00e9pendante et non affili\u00e9e \u00e0 un parti, qui rassemble 5 ou 6 experts pour mettre en place un programme de sauvetage \u00e9conomique<\/em>\u00bb, a recommand\u00e9 Ezzeddine Saidane, ajoutant que la prochaine \u00e9quipe gouvernementale doit \u00eatre r\u00e9duite, ne d\u00e9passant pas les 15 ou 20 membres, et qu&rsquo;elle n&rsquo;ait aucun objectif politique ou \u00e9lectoral, et ce, afin d&rsquo;\u00e9chapper au chantage et r\u00e8glements de comptes des partis.<\/p>\n\n\n\n<p class=\"has-text-align-right\"><strong>C. B. Y.<\/strong><\/p>\n","protected":false},"excerpt":{"rendered":"<p>Selon l&rsquo;\u00e9conomiste Ezzeddine Saidane, la crise politique que traverse le pays actuellement aura des impacts tr\u00e8s f\u00e2cheux et l&#8217;emp\u00eachera de se relancer \u00e9conomiquement apr\u00e8s la pand\u00e9mie du coronavirus. Pour sauver un peu la mise, il est n\u00e9cessaire, selon lui, que le nouveau chef du gouvernement ne soit pas une personnalit\u00e9 politique.<\/p>\n","protected":false},"author":24,"featured_media":0,"comment_status":"open","ping_status":"open","sticky":false,"template":"","format":"standard","meta":{"footnotes":""},"categories":[995,997,2433],"tags":[73109,72947,2103],"class_list":["post-308963","post","type-post","status-publish","format-standard","hentry","category-economie","category-politique","category-tunisie","tag-elyes-fakhfakh-2","tag-ezzedine-saidane","tag-hamza-belloumi"],"yoast_head":"<!-- This site is optimized with the Yoast SEO plugin v26.6 - https:\/\/yoast.com\/wordpress\/plugins\/seo\/ -->\n<title>Pr\u00e9sidence du gouvernement : La d\u00e9signation d&#039;une personnalit\u00e9 politique serait une erreur, selon Ezzeddine Saidane - Kapitalis<\/title>\n<meta name=\"robots\" content=\"index, follow, max-snippet:-1, max-image-preview:large, max-video-preview:-1\" \/>\n<link rel=\"canonical\" href=\"https:\/\/kapitalis.com\/tunisie\/2020\/07\/22\/presidence-du-gouvernement-la-designation-dune-personnalite-politique-serait-une-erreur-selon-ezzeddine-saidane\/\" \/>\n<meta property=\"og:locale\" content=\"fr_FR\" \/>\n<meta property=\"og:type\" content=\"article\" \/>\n<meta property=\"og:title\" content=\"Pr\u00e9sidence du gouvernement : La d\u00e9signation d&#039;une personnalit\u00e9 politique serait une erreur, selon Ezzeddine Saidane - Kapitalis\" \/>\n<meta property=\"og:description\" content=\"Selon l&rsquo;\u00e9conomiste Ezzeddine Saidane, la crise politique que traverse le pays actuellement aura des impacts tr\u00e8s f\u00e2cheux et l&#8217;emp\u00eachera de se relancer \u00e9conomiquement apr\u00e8s la pand\u00e9mie du coronavirus. Pour sauver un peu la mise, il est n\u00e9cessaire, selon lui, que le nouveau chef du gouvernement ne soit pas une personnalit\u00e9 politique.\" \/>\n<meta property=\"og:url\" content=\"https:\/\/kapitalis.com\/tunisie\/2020\/07\/22\/presidence-du-gouvernement-la-designation-dune-personnalite-politique-serait-une-erreur-selon-ezzeddine-saidane\/\" \/>\n<meta property=\"og:site_name\" content=\"Kapitalis\" \/>\n<meta property=\"article:publisher\" content=\"https:\/\/www.facebook.com\/KapitalisInfo\/\" \/>\n<meta property=\"article:published_time\" content=\"2020-07-22T09:43:12+00:00\" \/>\n<meta property=\"article:modified_time\" content=\"2020-07-22T12:09:43+00:00\" \/>\n<meta property=\"og:image\" content=\"http:\/\/kapitalis.com\/tunisie\/wp-content\/uploads\/2018\/06\/Ezzedine-Saidane1.jpg\" \/>\n<meta name=\"author\" content=\"Cherif Benyounes\" \/>\n<meta name=\"twitter:card\" content=\"summary_large_image\" \/>\n<meta name=\"twitter:creator\" content=\"@KapitalisInfo\" \/>\n<meta name=\"twitter:site\" content=\"@KapitalisInfo\" \/>\n<meta name=\"twitter:label1\" content=\"\u00c9crit par\" \/>\n\t<meta name=\"twitter:data1\" content=\"Cherif Benyounes\" \/>\n\t<meta name=\"twitter:label2\" content=\"Dur\u00e9e de lecture estim\u00e9e\" \/>\n\t<meta name=\"twitter:data2\" content=\"1 minute\" \/>\n<script type=\"application\/ld+json\" class=\"yoast-schema-graph\">{\"@context\":\"https:\/\/schema.org\",\"@graph\":[{\"@type\":\"Article\",\"@id\":\"https:\/\/kapitalis.com\/tunisie\/2020\/07\/22\/presidence-du-gouvernement-la-designation-dune-personnalite-politique-serait-une-erreur-selon-ezzeddine-saidane\/#article\",\"isPartOf\":{\"@id\":\"https:\/\/kapitalis.com\/tunisie\/2020\/07\/22\/presidence-du-gouvernement-la-designation-dune-personnalite-politique-serait-une-erreur-selon-ezzeddine-saidane\/\"},\"author\":{\"name\":\"Cherif Benyounes\",\"@id\":\"https:\/\/kapitalis.com\/tunisie\/#\/schema\/person\/b35b8d631961131107263178aeb8019e\"},\"headline\":\"Pr\u00e9sidence du gouvernement : La d\u00e9signation d&rsquo;une personnalit\u00e9 politique serait une erreur, selon Ezzeddine Saidane\",\"datePublished\":\"2020-07-22T09:43:12+00:00\",\"dateModified\":\"2020-07-22T12:09:43+00:00\",\"mainEntityOfPage\":{\"@id\":\"https:\/\/kapitalis.com\/tunisie\/2020\/07\/22\/presidence-du-gouvernement-la-designation-dune-personnalite-politique-serait-une-erreur-selon-ezzeddine-saidane\/\"},\"wordCount\":292,\"commentCount\":4,\"publisher\":{\"@id\":\"https:\/\/kapitalis.com\/tunisie\/#organization\"},\"image\":{\"@id\":\"https:\/\/kapitalis.com\/tunisie\/2020\/07\/22\/presidence-du-gouvernement-la-designation-dune-personnalite-politique-serait-une-erreur-selon-ezzeddine-saidane\/#primaryimage\"},\"thumbnailUrl\":\"http:\/\/kapitalis.com\/tunisie\/wp-content\/uploads\/2018\/06\/Ezzedine-Saidane1.jpg\",\"keywords\":[\"Elyes Fakhfakh\",\"Ezzedine Saidane\",\"Hamza Belloumi\"],\"articleSection\":[\"ECONOMIE\",\"POLITIQUE\",\"Tunisie\"],\"inLanguage\":\"fr-FR\",\"potentialAction\":[{\"@type\":\"CommentAction\",\"name\":\"Comment\",\"target\":[\"https:\/\/kapitalis.com\/tunisie\/2020\/07\/22\/presidence-du-gouvernement-la-designation-dune-personnalite-politique-serait-une-erreur-selon-ezzeddine-saidane\/#respond\"]}]},{\"@type\":\"WebPage\",\"@id\":\"https:\/\/kapitalis.com\/tunisie\/2020\/07\/22\/presidence-du-gouvernement-la-designation-dune-personnalite-politique-serait-une-erreur-selon-ezzeddine-saidane\/\",\"url\":\"https:\/\/kapitalis.com\/tunisie\/2020\/07\/22\/presidence-du-gouvernement-la-designation-dune-personnalite-politique-serait-une-erreur-selon-ezzeddine-saidane\/\",\"name\":\"Pr\u00e9sidence du gouvernement : La d\u00e9signation d'une personnalit\u00e9 politique serait une erreur, selon Ezzeddine Saidane - Kapitalis\",\"isPartOf\":{\"@id\":\"https:\/\/kapitalis.com\/tunisie\/#website\"},\"primaryImageOfPage\":{\"@id\":\"https:\/\/kapitalis.com\/tunisie\/2020\/07\/22\/presidence-du-gouvernement-la-designation-dune-personnalite-politique-serait-une-erreur-selon-ezzeddine-saidane\/#primaryimage\"},\"image\":{\"@id\":\"https:\/\/kapitalis.com\/tunisie\/2020\/07\/22\/presidence-du-gouvernement-la-designation-dune-personnalite-politique-serait-une-erreur-selon-ezzeddine-saidane\/#primaryimage\"},\"thumbnailUrl\":\"http:\/\/kapitalis.com\/tunisie\/wp-content\/uploads\/2018\/06\/Ezzedine-Saidane1.jpg\",\"datePublished\":\"2020-07-22T09:43:12+00:00\",\"dateModified\":\"2020-07-22T12:09:43+00:00\",\"breadcrumb\":{\"@id\":\"https:\/\/kapitalis.com\/tunisie\/2020\/07\/22\/presidence-du-gouvernement-la-designation-dune-personnalite-politique-serait-une-erreur-selon-ezzeddine-saidane\/#breadcrumb\"},\"inLanguage\":\"fr-FR\",\"potentialAction\":[{\"@type\":\"ReadAction\",\"target\":[\"https:\/\/kapitalis.com\/tunisie\/2020\/07\/22\/presidence-du-gouvernement-la-designation-dune-personnalite-politique-serait-une-erreur-selon-ezzeddine-saidane\/\"]}]},{\"@type\":\"ImageObject\",\"inLanguage\":\"fr-FR\",\"@id\":\"https:\/\/kapitalis.com\/tunisie\/2020\/07\/22\/presidence-du-gouvernement-la-designation-dune-personnalite-politique-serait-une-erreur-selon-ezzeddine-saidane\/#primaryimage\",\"url\":\"\",\"contentUrl\":\"\"},{\"@type\":\"BreadcrumbList\",\"@id\":\"https:\/\/kapitalis.com\/tunisie\/2020\/07\/22\/presidence-du-gouvernement-la-designation-dune-personnalite-politique-serait-une-erreur-selon-ezzeddine-saidane\/#breadcrumb\",\"itemListElement\":[{\"@type\":\"ListItem\",\"position\":1,\"name\":\"Accueil\",\"item\":\"https:\/\/kapitalis.com\/tunisie\/\"},{\"@type\":\"ListItem\",\"position\":2,\"name\":\"Pr\u00e9sidence du gouvernement : La d\u00e9signation d&rsquo;une personnalit\u00e9 politique serait une erreur, selon Ezzeddine Saidane\"}]},{\"@type\":\"WebSite\",\"@id\":\"https:\/\/kapitalis.com\/tunisie\/#website\",\"url\":\"https:\/\/kapitalis.com\/tunisie\/\",\"name\":\"Kapitalis\",\"description\":\"L&#039;actualit\u00e9 en Tunisie et dans le monde\",\"publisher\":{\"@id\":\"https:\/\/kapitalis.com\/tunisie\/#organization\"},\"potentialAction\":[{\"@type\":\"SearchAction\",\"target\":{\"@type\":\"EntryPoint\",\"urlTemplate\":\"https:\/\/kapitalis.com\/tunisie\/?s={search_term_string}\"},\"query-input\":{\"@type\":\"PropertyValueSpecification\",\"valueRequired\":true,\"valueName\":\"search_term_string\"}}],\"inLanguage\":\"fr-FR\"},{\"@type\":\"Organization\",\"@id\":\"https:\/\/kapitalis.com\/tunisie\/#organization\",\"name\":\"Kapitalis\",\"url\":\"https:\/\/kapitalis.com\/tunisie\/\",\"logo\":{\"@type\":\"ImageObject\",\"inLanguage\":\"fr-FR\",\"@id\":\"https:\/\/kapitalis.com\/tunisie\/#\/schema\/logo\/image\/\",\"url\":\"https:\/\/kapitalis.com\/tunisie\/wp-content\/uploads\/2022\/05\/Kapitalis-big-size.png\",\"contentUrl\":\"https:\/\/kapitalis.com\/tunisie\/wp-content\/uploads\/2022\/05\/Kapitalis-big-size.png\",\"width\":5000,\"height\":1500,\"caption\":\"Kapitalis\"},\"image\":{\"@id\":\"https:\/\/kapitalis.com\/tunisie\/#\/schema\/logo\/image\/\"},\"sameAs\":[\"https:\/\/www.facebook.com\/KapitalisInfo\/\",\"https:\/\/x.com\/KapitalisInfo\",\"https:\/\/www.youtube.com\/channel\/UC-yDYrHyfFBWWZaOw3FPg9Q\"]},{\"@type\":\"Person\",\"@id\":\"https:\/\/kapitalis.com\/tunisie\/#\/schema\/person\/b35b8d631961131107263178aeb8019e\",\"name\":\"Cherif Benyounes\",\"url\":\"https:\/\/kapitalis.com\/tunisie\/author\/cherif\/\"}]}<\/script>\n<!-- \/ Yoast SEO plugin. -->","yoast_head_json":{"title":"Pr\u00e9sidence du gouvernement : La d\u00e9signation d'une personnalit\u00e9 politique serait une erreur, selon Ezzeddine Saidane - Kapitalis","robots":{"index":"index","follow":"follow","max-snippet":"max-snippet:-1","max-image-preview":"max-image-preview:large","max-video-preview":"max-video-preview:-1"},"canonical":"https:\/\/kapitalis.com\/tunisie\/2020\/07\/22\/presidence-du-gouvernement-la-designation-dune-personnalite-politique-serait-une-erreur-selon-ezzeddine-saidane\/","og_locale":"fr_FR","og_type":"article","og_title":"Pr\u00e9sidence du gouvernement : La d\u00e9signation d'une personnalit\u00e9 politique serait une erreur, selon Ezzeddine Saidane - Kapitalis","og_description":"Selon l&rsquo;\u00e9conomiste Ezzeddine Saidane, la crise politique que traverse le pays actuellement aura des impacts tr\u00e8s f\u00e2cheux et l&#8217;emp\u00eachera de se relancer \u00e9conomiquement apr\u00e8s la pand\u00e9mie du coronavirus. Pour sauver un peu la mise, il est n\u00e9cessaire, selon lui, que le nouveau chef du gouvernement ne soit pas une personnalit\u00e9 politique.","og_url":"https:\/\/kapitalis.com\/tunisie\/2020\/07\/22\/presidence-du-gouvernement-la-designation-dune-personnalite-politique-serait-une-erreur-selon-ezzeddine-saidane\/","og_site_name":"Kapitalis","article_publisher":"https:\/\/www.facebook.com\/KapitalisInfo\/","article_published_time":"2020-07-22T09:43:12+00:00","article_modified_time":"2020-07-22T12:09:43+00:00","og_image":[{"url":"http:\/\/kapitalis.com\/tunisie\/wp-content\/uploads\/2018\/06\/Ezzedine-Saidane1.jpg","type":"","width":"","height":""}],"author":"Cherif Benyounes","twitter_card":"summary_large_image","twitter_creator":"@KapitalisInfo","twitter_site":"@KapitalisInfo","twitter_misc":{"\u00c9crit par":"Cherif Benyounes","Dur\u00e9e de lecture estim\u00e9e":"1 minute"},"schema":{"@context":"https:\/\/schema.org","@graph":[{"@type":"Article","@id":"https:\/\/kapitalis.com\/tunisie\/2020\/07\/22\/presidence-du-gouvernement-la-designation-dune-personnalite-politique-serait-une-erreur-selon-ezzeddine-saidane\/#article","isPartOf":{"@id":"https:\/\/kapitalis.com\/tunisie\/2020\/07\/22\/presidence-du-gouvernement-la-designation-dune-personnalite-politique-serait-une-erreur-selon-ezzeddine-saidane\/"},"author":{"name":"Cherif Benyounes","@id":"https:\/\/kapitalis.com\/tunisie\/#\/schema\/person\/b35b8d631961131107263178aeb8019e"},"headline":"Pr\u00e9sidence du gouvernement : La d\u00e9signation d&rsquo;une personnalit\u00e9 politique serait une erreur, selon Ezzeddine Saidane","datePublished":"2020-07-22T09:43:12+00:00","dateModified":"2020-07-22T12:09:43+00:00","mainEntityOfPage":{"@id":"https:\/\/kapitalis.com\/tunisie\/2020\/07\/22\/presidence-du-gouvernement-la-designation-dune-personnalite-politique-serait-une-erreur-selon-ezzeddine-saidane\/"},"wordCount":292,"commentCount":4,"publisher":{"@id":"https:\/\/kapitalis.com\/tunisie\/#organization"},"image":{"@id":"https:\/\/kapitalis.com\/tunisie\/2020\/07\/22\/presidence-du-gouvernement-la-designation-dune-personnalite-politique-serait-une-erreur-selon-ezzeddine-saidane\/#primaryimage"},"thumbnailUrl":"http:\/\/kapitalis.com\/tunisie\/wp-content\/uploads\/2018\/06\/Ezzedine-Saidane1.jpg","keywords":["Elyes Fakhfakh","Ezzedine Saidane","Hamza Belloumi"],"articleSection":["ECONOMIE","POLITIQUE","Tunisie"],"inLanguage":"fr-FR","potentialAction":[{"@type":"CommentAction","name":"Comment","target":["https:\/\/kapitalis.com\/tunisie\/2020\/07\/22\/presidence-du-gouvernement-la-designation-dune-personnalite-politique-serait-une-erreur-selon-ezzeddine-saidane\/#respond"]}]},{"@type":"WebPage","@id":"https:\/\/kapitalis.com\/tunisie\/2020\/07\/22\/presidence-du-gouvernement-la-designation-dune-personnalite-politique-serait-une-erreur-selon-ezzeddine-saidane\/","url":"https:\/\/kapitalis.com\/tunisie\/2020\/07\/22\/presidence-du-gouvernement-la-designation-dune-personnalite-politique-serait-une-erreur-selon-ezzeddine-saidane\/","name":"Pr\u00e9sidence du gouvernement : La d\u00e9signation d'une personnalit\u00e9 politique serait une erreur, selon Ezzeddine Saidane - Kapitalis","isPartOf":{"@id":"https:\/\/kapitalis.com\/tunisie\/#website"},"primaryImageOfPage":{"@id":"https:\/\/kapitalis.com\/tunisie\/2020\/07\/22\/presidence-du-gouvernement-la-designation-dune-personnalite-politique-serait-une-erreur-selon-ezzeddine-saidane\/#primaryimage"},"image":{"@id":"https:\/\/kapitalis.com\/tunisie\/2020\/07\/22\/presidence-du-gouvernement-la-designation-dune-personnalite-politique-serait-une-erreur-selon-ezzeddine-saidane\/#primaryimage"},"thumbnailUrl":"http:\/\/kapitalis.com\/tunisie\/wp-content\/uploads\/2018\/06\/Ezzedine-Saidane1.jpg","datePublished":"2020-07-22T09:43:12+00:00","dateModified":"2020-07-22T12:09:43+00:00","breadcrumb":{"@id":"https:\/\/kapitalis.com\/tunisie\/2020\/07\/22\/presidence-du-gouvernement-la-designation-dune-personnalite-politique-serait-une-erreur-selon-ezzeddine-saidane\/#breadcrumb"},"inLanguage":"fr-FR","potentialAction":[{"@type":"ReadAction","target":["https:\/\/kapitalis.com\/tunisie\/2020\/07\/22\/presidence-du-gouvernement-la-designation-dune-personnalite-politique-serait-une-erreur-selon-ezzeddine-saidane\/"]}]},{"@type":"ImageObject","inLanguage":"fr-FR","@id":"https:\/\/kapitalis.com\/tunisie\/2020\/07\/22\/presidence-du-gouvernement-la-designation-dune-personnalite-politique-serait-une-erreur-selon-ezzeddine-saidane\/#primaryimage","url":"","contentUrl":""},{"@type":"BreadcrumbList","@id":"https:\/\/kapitalis.com\/tunisie\/2020\/07\/22\/presidence-du-gouvernement-la-designation-dune-personnalite-politique-serait-une-erreur-selon-ezzeddine-saidane\/#breadcrumb","itemListElement":[{"@type":"ListItem","position":1,"name":"Accueil","item":"https:\/\/kapitalis.com\/tunisie\/"},{"@type":"ListItem","position":2,"name":"Pr\u00e9sidence du gouvernement : La d\u00e9signation d&rsquo;une personnalit\u00e9 politique serait une erreur, selon Ezzeddine Saidane"}]},{"@type":"WebSite","@id":"https:\/\/kapitalis.com\/tunisie\/#website","url":"https:\/\/kapitalis.com\/tunisie\/","name":"Kapitalis","description":"L&#039;actualit\u00e9 en Tunisie et dans le monde","publisher":{"@id":"https:\/\/kapitalis.com\/tunisie\/#organization"},"potentialAction":[{"@type":"SearchAction","target":{"@type":"EntryPoint","urlTemplate":"https:\/\/kapitalis.com\/tunisie\/?s={search_term_string}"},"query-input":{"@type":"PropertyValueSpecification","valueRequired":true,"valueName":"search_term_string"}}],"inLanguage":"fr-FR"},{"@type":"Organization","@id":"https:\/\/kapitalis.com\/tunisie\/#organization","name":"Kapitalis","url":"https:\/\/kapitalis.com\/tunisie\/","logo":{"@type":"ImageObject","inLanguage":"fr-FR","@id":"https:\/\/kapitalis.com\/tunisie\/#\/schema\/logo\/image\/","url":"https:\/\/kapitalis.com\/tunisie\/wp-content\/uploads\/2022\/05\/Kapitalis-big-size.png","contentUrl":"https:\/\/kapitalis.com\/tunisie\/wp-content\/uploads\/2022\/05\/Kapitalis-big-size.png","width":5000,"height":1500,"caption":"Kapitalis"},"image":{"@id":"https:\/\/kapitalis.com\/tunisie\/#\/schema\/logo\/image\/"},"sameAs":["https:\/\/www.facebook.com\/KapitalisInfo\/","https:\/\/x.com\/KapitalisInfo","https:\/\/www.youtube.com\/channel\/UC-yDYrHyfFBWWZaOw3FPg9Q"]},{"@type":"Person","@id":"https:\/\/kapitalis.com\/tunisie\/#\/schema\/person\/b35b8d631961131107263178aeb8019e","name":"Cherif Benyounes","url":"https:\/\/kapitalis.com\/tunisie\/author\/cherif\/"}]}},"_links":{"self":[{"href":"https:\/\/kapitalis.com\/tunisie\/wp-json\/wp\/v2\/posts\/308963","targetHints":{"allow":["GET"]}}],"collection":[{"href":"https:\/\/kapitalis.com\/tunisie\/wp-json\/wp\/v2\/posts"}],"about":[{"href":"https:\/\/kapitalis.com\/tunisie\/wp-json\/wp\/v2\/types\/post"}],"author":[{"embeddable":true,"href":"https:\/\/kapitalis.com\/tunisie\/wp-json\/wp\/v2\/users\/24"}],"replies":[{"embeddable":true,"href":"https:\/\/kapitalis.com\/tunisie\/wp-json\/wp\/v2\/comments?post=308963"}],"version-history":[{"count":0,"href":"https:\/\/kapitalis.com\/tunisie\/wp-json\/wp\/v2\/posts\/308963\/revisions"}],"wp:attachment":[{"href":"https:\/\/kapitalis.com\/tunisie\/wp-json\/wp\/v2\/media?parent=308963"}],"wp:term":[{"taxonomy":"category","embeddable":true,"href":"https:\/\/kapitalis.com\/tunisie\/wp-json\/wp\/v2\/categories?post=308963"},{"taxonomy":"post_tag","embeddable":true,"href":"https:\/\/kapitalis.com\/tunisie\/wp-json\/wp\/v2\/tags?post=308963"}],"curies":[{"name":"wp","href":"https:\/\/api.w.org\/{rel}","templated":true}]}}