{"id":309027,"date":"2020-07-22T15:09:51","date_gmt":"2020-07-22T14:09:51","guid":{"rendered":"http:\/\/kapitalis.com\/tunisie\/?p=309027"},"modified":"2020-07-22T15:09:57","modified_gmt":"2020-07-22T14:09:57","slug":"pour-makhlouf-le-discours-du-president-saied-est-pitoyable","status":"publish","type":"post","link":"https:\/\/kapitalis.com\/tunisie\/2020\/07\/22\/pour-makhlouf-le-discours-du-president-saied-est-pitoyable\/","title":{"rendered":"Pour Makhlouf, le discours du pr\u00e9sident Sa\u00efed est \u00abpitoyable\u00bb"},"content":{"rendered":"\n<figure class=\"wp-block-image size-large\"><img decoding=\"async\" src=\"http:\/\/kapitalis.com\/tunisie\/wp-content\/uploads\/2020\/07\/Saied-Makhlouf.jpg\" alt=\"\" class=\"wp-image-309031\"\/><\/figure>\n\n\n\n<p><strong><em>Plus sans foi ni loi que Se\u00effeddine Makhlouf, le d\u00e9put\u00e9 de la Coalition pseudo-r\u00e9volutionnaire Al-Karama, tu meurs! Alors qu\u2019il a utilis\u00e9 le nom et l\u2019image de Ka\u00efs Sa\u00efed lors des \u00e9lections l\u00e9gislatives pour se faire \u00e9lire poussant m\u00eame le culot jusqu\u2019\u00e0 imprimer des banderoles contenant sa photo et celle de M. Sa\u00efed, maintenant il a le culot monstre de qualifier l\u2019allocution pr\u00e9sidentielle concernant une \u00e9ventuelle dissolution de l\u2019Assembl\u00e9e de \u00abpitoyable\u00bb.<\/em><\/strong><\/p>\n\n\n\n<!--more-->\n\n\n\n<p><em>\u00abLe discours<\/em> (ce n\u2019\u00e9tait pas un discours mais une br\u00e8ve allocution devant Rached Ghannouchi, pr\u00e9sident de l\u2019Assembl\u00e9e des repr\u00e9sentants du peuple, et ses deux vice-pr\u00e9sidents, Samira Chaouachi et Tarek Fetiti, Ndlr) <em>parlant de missiles et de rampes de lancement est pitoyable\u00bb<\/em>, a-t-il lanc\u00e9 dans une intervention \u00e0 l\u2019Assembl\u00e9e, hier, mardi 21 juillet 2020. Et de poursuivre :<em> \u00abIl nous menace, je lui dis qu\u2019on n\u2019a pas peur ni de la dissolution ni d&rsquo;\u00e9lections anticip\u00e9es ni de rien du tout\u00bb<\/em>, mais son ton tr\u00e8s nerveux et son anxi\u00e9t\u00e9 criarde d\u00e9mentent ses propos et disent tout \u00e0 fait le contraire. Le body language du pseudo-r\u00e9volutionnaire Makhlouf dit exactement le contraire de son discours oral.<\/p>\n\n\n\n<p>L\u2019ancien indicateur de police sous la dictature de Ben Ali devenu un grand r\u00e9volutionnaire doubl\u00e9 d\u2019un salafiste da\u00e9chien, ne se pose m\u00eame pas la question de savoir pourquoi le chef de l\u2019Etat a-t-il \u00e9t\u00e9 amen\u00e9 \u00e0 agiter la menace d\u2019utiliser les<em> \u00abarmes \u00bb<\/em> que lui donne la Constitution pour essayer de remettre de l\u2019ordre dans l\u2019institution parlementaire, l\u2019un des piliers de l\u2019Etat et le symbole m\u00eame de la r\u00e9publique, que lui-m\u00eame et ses<em> \u00abfr\u00e8res musulmans\u00bb<\/em> ont d\u00e9voy\u00e9e et transform\u00e9e en une v\u00e9ritable \u00e9curie.<\/p>\n\n\n\n<p class=\"has-text-align-right\"><strong>I. B.<\/strong><\/p>\n","protected":false},"excerpt":{"rendered":"<p>Plus sans foi ni loi que Se\u00effeddine Makhlouf, le d\u00e9put\u00e9 de la Coalition pseudo-r\u00e9volutionnaire Al-Karama, tu meurs! Alors qu\u2019il a utilis\u00e9 le nom et l\u2019image de Ka\u00efs Sa\u00efed lors des \u00e9lections l\u00e9gislatives pour se faire \u00e9lire poussant m\u00eame le culot jusqu\u2019\u00e0 imprimer des banderoles contenant sa photo et celle de M. Sa\u00efed, maintenant il a&#8230;<\/p>\n","protected":false},"author":8,"featured_media":309031,"comment_status":"open","ping_status":"open","sticky":false,"template":"","format":"standard","meta":{"footnotes":""},"categories":[997,2433],"tags":[76464,81041,70520,758,17018,8752,21662],"class_list":["post-309027","post","type-post","status-publish","format-standard","has-post-thumbnail","hentry","category-politique","category-tunisie","tag-al-karama-2","tag-dissolution-du-parlement","tag-kais-saied-3","tag-rached-ghannouchi","tag-samira-chaouachi","tag-seifeddine-makhlouf","tag-tarek-fetiti"],"yoast_head":"<!-- This site is optimized with the Yoast SEO plugin v26.6 - https:\/\/yoast.com\/wordpress\/plugins\/seo\/ -->\n<title>Pour Makhlouf, le discours du pr\u00e9sident Sa\u00efed est \u00abpitoyable\u00bb - Kapitalis<\/title>\n<meta name=\"robots\" content=\"index, follow, max-snippet:-1, max-image-preview:large, max-video-preview:-1\" \/>\n<link rel=\"canonical\" href=\"https:\/\/kapitalis.com\/tunisie\/2020\/07\/22\/pour-makhlouf-le-discours-du-president-saied-est-pitoyable\/\" \/>\n<meta property=\"og:locale\" content=\"fr_FR\" \/>\n<meta property=\"og:type\" content=\"article\" \/>\n<meta property=\"og:title\" content=\"Pour Makhlouf, le discours du pr\u00e9sident Sa\u00efed est \u00abpitoyable\u00bb - Kapitalis\" \/>\n<meta property=\"og:description\" content=\"Plus sans foi ni loi que Se\u00effeddine Makhlouf, le d\u00e9put\u00e9 de la Coalition pseudo-r\u00e9volutionnaire Al-Karama, tu meurs! Alors qu\u2019il a utilis\u00e9 le nom et l\u2019image de Ka\u00efs Sa\u00efed lors des \u00e9lections l\u00e9gislatives pour se faire \u00e9lire poussant m\u00eame le culot jusqu\u2019\u00e0 imprimer des banderoles contenant sa photo et celle de M. Sa\u00efed, maintenant il a...\" \/>\n<meta property=\"og:url\" content=\"https:\/\/kapitalis.com\/tunisie\/2020\/07\/22\/pour-makhlouf-le-discours-du-president-saied-est-pitoyable\/\" \/>\n<meta property=\"og:site_name\" content=\"Kapitalis\" \/>\n<meta property=\"article:publisher\" content=\"https:\/\/www.facebook.com\/KapitalisInfo\/\" \/>\n<meta property=\"article:published_time\" content=\"2020-07-22T14:09:51+00:00\" \/>\n<meta property=\"article:modified_time\" content=\"2020-07-22T14:09:57+00:00\" \/>\n<meta property=\"og:image\" content=\"https:\/\/kapitalis.com\/tunisie\/wp-content\/uploads\/2022\/05\/kapitalis-logo-fb.png\" \/>\n\t<meta property=\"og:image:width\" content=\"1200\" \/>\n\t<meta property=\"og:image:height\" content=\"630\" \/>\n\t<meta property=\"og:image:type\" content=\"image\/png\" \/>\n<meta name=\"author\" content=\"webmaster kapitalis\" \/>\n<meta name=\"twitter:card\" content=\"summary_large_image\" \/>\n<meta name=\"twitter:creator\" content=\"@KapitalisInfo\" \/>\n<meta name=\"twitter:site\" content=\"@KapitalisInfo\" \/>\n<meta name=\"twitter:label1\" content=\"\u00c9crit par\" \/>\n\t<meta name=\"twitter:data1\" content=\"webmaster kapitalis\" \/>\n\t<meta name=\"twitter:label2\" content=\"Dur\u00e9e de lecture estim\u00e9e\" \/>\n\t<meta name=\"twitter:data2\" content=\"2 minutes\" \/>\n<script type=\"application\/ld+json\" class=\"yoast-schema-graph\">{\"@context\":\"https:\/\/schema.org\",\"@graph\":[{\"@type\":\"Article\",\"@id\":\"https:\/\/kapitalis.com\/tunisie\/2020\/07\/22\/pour-makhlouf-le-discours-du-president-saied-est-pitoyable\/#article\",\"isPartOf\":{\"@id\":\"https:\/\/kapitalis.com\/tunisie\/2020\/07\/22\/pour-makhlouf-le-discours-du-president-saied-est-pitoyable\/\"},\"author\":{\"name\":\"webmaster kapitalis\",\"@id\":\"https:\/\/kapitalis.com\/tunisie\/#\/schema\/person\/d71f33a9ca44f7bad4698210b480c8e9\"},\"headline\":\"Pour Makhlouf, le discours du pr\u00e9sident Sa\u00efed est \u00abpitoyable\u00bb\",\"datePublished\":\"2020-07-22T14:09:51+00:00\",\"dateModified\":\"2020-07-22T14:09:57+00:00\",\"mainEntityOfPage\":{\"@id\":\"https:\/\/kapitalis.com\/tunisie\/2020\/07\/22\/pour-makhlouf-le-discours-du-president-saied-est-pitoyable\/\"},\"wordCount\":321,\"commentCount\":9,\"publisher\":{\"@id\":\"https:\/\/kapitalis.com\/tunisie\/#organization\"},\"image\":{\"@id\":\"https:\/\/kapitalis.com\/tunisie\/2020\/07\/22\/pour-makhlouf-le-discours-du-president-saied-est-pitoyable\/#primaryimage\"},\"thumbnailUrl\":\"\",\"keywords\":[\"Al-Karama\",\"dissolution du parlement\",\"Kais Saied\",\"Rached Ghannouchi\",\"Samira Chaouachi\",\"Seifeddine Makhlouf\",\"Tarek Fetiti\"],\"articleSection\":[\"POLITIQUE\",\"Tunisie\"],\"inLanguage\":\"fr-FR\",\"potentialAction\":[{\"@type\":\"CommentAction\",\"name\":\"Comment\",\"target\":[\"https:\/\/kapitalis.com\/tunisie\/2020\/07\/22\/pour-makhlouf-le-discours-du-president-saied-est-pitoyable\/#respond\"]}]},{\"@type\":\"WebPage\",\"@id\":\"https:\/\/kapitalis.com\/tunisie\/2020\/07\/22\/pour-makhlouf-le-discours-du-president-saied-est-pitoyable\/\",\"url\":\"https:\/\/kapitalis.com\/tunisie\/2020\/07\/22\/pour-makhlouf-le-discours-du-president-saied-est-pitoyable\/\",\"name\":\"Pour Makhlouf, le discours du pr\u00e9sident Sa\u00efed est \u00abpitoyable\u00bb - Kapitalis\",\"isPartOf\":{\"@id\":\"https:\/\/kapitalis.com\/tunisie\/#website\"},\"primaryImageOfPage\":{\"@id\":\"https:\/\/kapitalis.com\/tunisie\/2020\/07\/22\/pour-makhlouf-le-discours-du-president-saied-est-pitoyable\/#primaryimage\"},\"image\":{\"@id\":\"https:\/\/kapitalis.com\/tunisie\/2020\/07\/22\/pour-makhlouf-le-discours-du-president-saied-est-pitoyable\/#primaryimage\"},\"thumbnailUrl\":\"\",\"datePublished\":\"2020-07-22T14:09:51+00:00\",\"dateModified\":\"2020-07-22T14:09:57+00:00\",\"breadcrumb\":{\"@id\":\"https:\/\/kapitalis.com\/tunisie\/2020\/07\/22\/pour-makhlouf-le-discours-du-president-saied-est-pitoyable\/#breadcrumb\"},\"inLanguage\":\"fr-FR\",\"potentialAction\":[{\"@type\":\"ReadAction\",\"target\":[\"https:\/\/kapitalis.com\/tunisie\/2020\/07\/22\/pour-makhlouf-le-discours-du-president-saied-est-pitoyable\/\"]}]},{\"@type\":\"ImageObject\",\"inLanguage\":\"fr-FR\",\"@id\":\"https:\/\/kapitalis.com\/tunisie\/2020\/07\/22\/pour-makhlouf-le-discours-du-president-saied-est-pitoyable\/#primaryimage\",\"url\":\"\",\"contentUrl\":\"\"},{\"@type\":\"BreadcrumbList\",\"@id\":\"https:\/\/kapitalis.com\/tunisie\/2020\/07\/22\/pour-makhlouf-le-discours-du-president-saied-est-pitoyable\/#breadcrumb\",\"itemListElement\":[{\"@type\":\"ListItem\",\"position\":1,\"name\":\"Accueil\",\"item\":\"https:\/\/kapitalis.com\/tunisie\/\"},{\"@type\":\"ListItem\",\"position\":2,\"name\":\"Pour Makhlouf, le discours du pr\u00e9sident Sa\u00efed est \u00abpitoyable\u00bb\"}]},{\"@type\":\"WebSite\",\"@id\":\"https:\/\/kapitalis.com\/tunisie\/#website\",\"url\":\"https:\/\/kapitalis.com\/tunisie\/\",\"name\":\"Kapitalis\",\"description\":\"L&#039;actualit\u00e9 en Tunisie et dans le monde\",\"publisher\":{\"@id\":\"https:\/\/kapitalis.com\/tunisie\/#organization\"},\"potentialAction\":[{\"@type\":\"SearchAction\",\"target\":{\"@type\":\"EntryPoint\",\"urlTemplate\":\"https:\/\/kapitalis.com\/tunisie\/?s={search_term_string}\"},\"query-input\":{\"@type\":\"PropertyValueSpecification\",\"valueRequired\":true,\"valueName\":\"search_term_string\"}}],\"inLanguage\":\"fr-FR\"},{\"@type\":\"Organization\",\"@id\":\"https:\/\/kapitalis.com\/tunisie\/#organization\",\"name\":\"Kapitalis\",\"url\":\"https:\/\/kapitalis.com\/tunisie\/\",\"logo\":{\"@type\":\"ImageObject\",\"inLanguage\":\"fr-FR\",\"@id\":\"https:\/\/kapitalis.com\/tunisie\/#\/schema\/logo\/image\/\",\"url\":\"https:\/\/kapitalis.com\/tunisie\/wp-content\/uploads\/2022\/05\/Kapitalis-big-size.png\",\"contentUrl\":\"https:\/\/kapitalis.com\/tunisie\/wp-content\/uploads\/2022\/05\/Kapitalis-big-size.png\",\"width\":5000,\"height\":1500,\"caption\":\"Kapitalis\"},\"image\":{\"@id\":\"https:\/\/kapitalis.com\/tunisie\/#\/schema\/logo\/image\/\"},\"sameAs\":[\"https:\/\/www.facebook.com\/KapitalisInfo\/\",\"https:\/\/x.com\/KapitalisInfo\",\"https:\/\/www.youtube.com\/channel\/UC-yDYrHyfFBWWZaOw3FPg9Q\"]},{\"@type\":\"Person\",\"@id\":\"https:\/\/kapitalis.com\/tunisie\/#\/schema\/person\/d71f33a9ca44f7bad4698210b480c8e9\",\"name\":\"webmaster kapitalis\",\"url\":\"https:\/\/kapitalis.com\/tunisie\/author\/webmaster-kapitalis\/\"}]}<\/script>\n<!-- \/ Yoast SEO plugin. -->","yoast_head_json":{"title":"Pour Makhlouf, le discours du pr\u00e9sident Sa\u00efed est \u00abpitoyable\u00bb - Kapitalis","robots":{"index":"index","follow":"follow","max-snippet":"max-snippet:-1","max-image-preview":"max-image-preview:large","max-video-preview":"max-video-preview:-1"},"canonical":"https:\/\/kapitalis.com\/tunisie\/2020\/07\/22\/pour-makhlouf-le-discours-du-president-saied-est-pitoyable\/","og_locale":"fr_FR","og_type":"article","og_title":"Pour Makhlouf, le discours du pr\u00e9sident Sa\u00efed est \u00abpitoyable\u00bb - Kapitalis","og_description":"Plus sans foi ni loi que Se\u00effeddine Makhlouf, le d\u00e9put\u00e9 de la Coalition pseudo-r\u00e9volutionnaire Al-Karama, tu meurs! Alors qu\u2019il a utilis\u00e9 le nom et l\u2019image de Ka\u00efs Sa\u00efed lors des \u00e9lections l\u00e9gislatives pour se faire \u00e9lire poussant m\u00eame le culot jusqu\u2019\u00e0 imprimer des banderoles contenant sa photo et celle de M. Sa\u00efed, maintenant il a...","og_url":"https:\/\/kapitalis.com\/tunisie\/2020\/07\/22\/pour-makhlouf-le-discours-du-president-saied-est-pitoyable\/","og_site_name":"Kapitalis","article_publisher":"https:\/\/www.facebook.com\/KapitalisInfo\/","article_published_time":"2020-07-22T14:09:51+00:00","article_modified_time":"2020-07-22T14:09:57+00:00","og_image":[{"width":1200,"height":630,"url":"https:\/\/kapitalis.com\/tunisie\/wp-content\/uploads\/2022\/05\/kapitalis-logo-fb.png","type":"image\/png"}],"author":"webmaster kapitalis","twitter_card":"summary_large_image","twitter_creator":"@KapitalisInfo","twitter_site":"@KapitalisInfo","twitter_misc":{"\u00c9crit par":"webmaster kapitalis","Dur\u00e9e de lecture estim\u00e9e":"2 minutes"},"schema":{"@context":"https:\/\/schema.org","@graph":[{"@type":"Article","@id":"https:\/\/kapitalis.com\/tunisie\/2020\/07\/22\/pour-makhlouf-le-discours-du-president-saied-est-pitoyable\/#article","isPartOf":{"@id":"https:\/\/kapitalis.com\/tunisie\/2020\/07\/22\/pour-makhlouf-le-discours-du-president-saied-est-pitoyable\/"},"author":{"name":"webmaster kapitalis","@id":"https:\/\/kapitalis.com\/tunisie\/#\/schema\/person\/d71f33a9ca44f7bad4698210b480c8e9"},"headline":"Pour Makhlouf, le discours du pr\u00e9sident Sa\u00efed est \u00abpitoyable\u00bb","datePublished":"2020-07-22T14:09:51+00:00","dateModified":"2020-07-22T14:09:57+00:00","mainEntityOfPage":{"@id":"https:\/\/kapitalis.com\/tunisie\/2020\/07\/22\/pour-makhlouf-le-discours-du-president-saied-est-pitoyable\/"},"wordCount":321,"commentCount":9,"publisher":{"@id":"https:\/\/kapitalis.com\/tunisie\/#organization"},"image":{"@id":"https:\/\/kapitalis.com\/tunisie\/2020\/07\/22\/pour-makhlouf-le-discours-du-president-saied-est-pitoyable\/#primaryimage"},"thumbnailUrl":"","keywords":["Al-Karama","dissolution du parlement","Kais Saied","Rached Ghannouchi","Samira Chaouachi","Seifeddine Makhlouf","Tarek Fetiti"],"articleSection":["POLITIQUE","Tunisie"],"inLanguage":"fr-FR","potentialAction":[{"@type":"CommentAction","name":"Comment","target":["https:\/\/kapitalis.com\/tunisie\/2020\/07\/22\/pour-makhlouf-le-discours-du-president-saied-est-pitoyable\/#respond"]}]},{"@type":"WebPage","@id":"https:\/\/kapitalis.com\/tunisie\/2020\/07\/22\/pour-makhlouf-le-discours-du-president-saied-est-pitoyable\/","url":"https:\/\/kapitalis.com\/tunisie\/2020\/07\/22\/pour-makhlouf-le-discours-du-president-saied-est-pitoyable\/","name":"Pour Makhlouf, le discours du pr\u00e9sident Sa\u00efed est \u00abpitoyable\u00bb - Kapitalis","isPartOf":{"@id":"https:\/\/kapitalis.com\/tunisie\/#website"},"primaryImageOfPage":{"@id":"https:\/\/kapitalis.com\/tunisie\/2020\/07\/22\/pour-makhlouf-le-discours-du-president-saied-est-pitoyable\/#primaryimage"},"image":{"@id":"https:\/\/kapitalis.com\/tunisie\/2020\/07\/22\/pour-makhlouf-le-discours-du-president-saied-est-pitoyable\/#primaryimage"},"thumbnailUrl":"","datePublished":"2020-07-22T14:09:51+00:00","dateModified":"2020-07-22T14:09:57+00:00","breadcrumb":{"@id":"https:\/\/kapitalis.com\/tunisie\/2020\/07\/22\/pour-makhlouf-le-discours-du-president-saied-est-pitoyable\/#breadcrumb"},"inLanguage":"fr-FR","potentialAction":[{"@type":"ReadAction","target":["https:\/\/kapitalis.com\/tunisie\/2020\/07\/22\/pour-makhlouf-le-discours-du-president-saied-est-pitoyable\/"]}]},{"@type":"ImageObject","inLanguage":"fr-FR","@id":"https:\/\/kapitalis.com\/tunisie\/2020\/07\/22\/pour-makhlouf-le-discours-du-president-saied-est-pitoyable\/#primaryimage","url":"","contentUrl":""},{"@type":"BreadcrumbList","@id":"https:\/\/kapitalis.com\/tunisie\/2020\/07\/22\/pour-makhlouf-le-discours-du-president-saied-est-pitoyable\/#breadcrumb","itemListElement":[{"@type":"ListItem","position":1,"name":"Accueil","item":"https:\/\/kapitalis.com\/tunisie\/"},{"@type":"ListItem","position":2,"name":"Pour Makhlouf, le discours du pr\u00e9sident Sa\u00efed est \u00abpitoyable\u00bb"}]},{"@type":"WebSite","@id":"https:\/\/kapitalis.com\/tunisie\/#website","url":"https:\/\/kapitalis.com\/tunisie\/","name":"Kapitalis","description":"L&#039;actualit\u00e9 en Tunisie et dans le monde","publisher":{"@id":"https:\/\/kapitalis.com\/tunisie\/#organization"},"potentialAction":[{"@type":"SearchAction","target":{"@type":"EntryPoint","urlTemplate":"https:\/\/kapitalis.com\/tunisie\/?s={search_term_string}"},"query-input":{"@type":"PropertyValueSpecification","valueRequired":true,"valueName":"search_term_string"}}],"inLanguage":"fr-FR"},{"@type":"Organization","@id":"https:\/\/kapitalis.com\/tunisie\/#organization","name":"Kapitalis","url":"https:\/\/kapitalis.com\/tunisie\/","logo":{"@type":"ImageObject","inLanguage":"fr-FR","@id":"https:\/\/kapitalis.com\/tunisie\/#\/schema\/logo\/image\/","url":"https:\/\/kapitalis.com\/tunisie\/wp-content\/uploads\/2022\/05\/Kapitalis-big-size.png","contentUrl":"https:\/\/kapitalis.com\/tunisie\/wp-content\/uploads\/2022\/05\/Kapitalis-big-size.png","width":5000,"height":1500,"caption":"Kapitalis"},"image":{"@id":"https:\/\/kapitalis.com\/tunisie\/#\/schema\/logo\/image\/"},"sameAs":["https:\/\/www.facebook.com\/KapitalisInfo\/","https:\/\/x.com\/KapitalisInfo","https:\/\/www.youtube.com\/channel\/UC-yDYrHyfFBWWZaOw3FPg9Q"]},{"@type":"Person","@id":"https:\/\/kapitalis.com\/tunisie\/#\/schema\/person\/d71f33a9ca44f7bad4698210b480c8e9","name":"webmaster kapitalis","url":"https:\/\/kapitalis.com\/tunisie\/author\/webmaster-kapitalis\/"}]}},"_links":{"self":[{"href":"https:\/\/kapitalis.com\/tunisie\/wp-json\/wp\/v2\/posts\/309027","targetHints":{"allow":["GET"]}}],"collection":[{"href":"https:\/\/kapitalis.com\/tunisie\/wp-json\/wp\/v2\/posts"}],"about":[{"href":"https:\/\/kapitalis.com\/tunisie\/wp-json\/wp\/v2\/types\/post"}],"author":[{"embeddable":true,"href":"https:\/\/kapitalis.com\/tunisie\/wp-json\/wp\/v2\/users\/8"}],"replies":[{"embeddable":true,"href":"https:\/\/kapitalis.com\/tunisie\/wp-json\/wp\/v2\/comments?post=309027"}],"version-history":[{"count":0,"href":"https:\/\/kapitalis.com\/tunisie\/wp-json\/wp\/v2\/posts\/309027\/revisions"}],"wp:featuredmedia":[{"embeddable":true,"href":"https:\/\/kapitalis.com\/tunisie\/wp-json\/wp\/v2\/media\/309031"}],"wp:attachment":[{"href":"https:\/\/kapitalis.com\/tunisie\/wp-json\/wp\/v2\/media?parent=309027"}],"wp:term":[{"taxonomy":"category","embeddable":true,"href":"https:\/\/kapitalis.com\/tunisie\/wp-json\/wp\/v2\/categories?post=309027"},{"taxonomy":"post_tag","embeddable":true,"href":"https:\/\/kapitalis.com\/tunisie\/wp-json\/wp\/v2\/tags?post=309027"}],"curies":[{"name":"wp","href":"https:\/\/api.w.org\/{rel}","templated":true}]}}