{"id":309225,"date":"2020-07-23T23:03:21","date_gmt":"2020-07-23T22:03:21","guid":{"rendered":"http:\/\/kapitalis.com\/tunisie\/?p=309225"},"modified":"2020-07-24T07:39:56","modified_gmt":"2020-07-24T06:39:56","slug":"les-candidats-dennahdha-pour-le-poste-de-chef-de-gouvernement","status":"publish","type":"post","link":"https:\/\/kapitalis.com\/tunisie\/2020\/07\/23\/les-candidats-dennahdha-pour-le-poste-de-chef-de-gouvernement\/","title":{"rendered":"Les candidats d&rsquo;Ennahdha pour le poste de chef de gouvernement"},"content":{"rendered":"\n<figure class=\"wp-block-image size-large\"><img decoding=\"async\" src=\"http:\/\/kapitalis.com\/tunisie\/wp-content\/uploads\/2019\/08\/Siege-Ennahdha.jpg\" alt=\"\" class=\"wp-image-231258\"\/><\/figure>\n\n\n\n<p><strong><em>Imed Khemiri, porte-parole d&rsquo;Ennahdha, a annonc\u00e9 ce soir, jeudi 23 juillet 2020, qu&rsquo;apr\u00e8s concertations, son parti a d\u00e9cid\u00e9 de proposer Mohamed Khayam Turki et Mohamed Fadhel Abdelkefi pour le poste de chef du gouvernement.<\/em><\/strong><\/p>\n\n\n\n<!--more-->\n\n\n\n<p>\u00ab<em>Ennahdha a fait ce choix, car ces deux candidats peuvent rassembler le plus grand nombre de blocs parlementaires. De plus, ils ont un profil \u00e9conomique et sont donc capables \u00e0 sortir le pays de la crise actuelle<\/em>\u00bb, a-t-il dit, en ajoutant : \u00ab<em>Nous esp\u00e9rons que le pr\u00e9sident de la R\u00e9publique puisse faire le bon choix dans l\u2019int\u00e9r\u00eat du pays<\/em>\u00bb.<\/p>\n\n\n\n<figure class=\"wp-block-gallery columns-2 is-cropped wp-block-gallery-1 is-layout-flex wp-block-gallery-is-layout-flex\"><ul class=\"blocks-gallery-grid\"><li class=\"blocks-gallery-item\"><figure><img decoding=\"async\" src=\"http:\/\/kapitalis.com\/tunisie\/wp-content\/uploads\/2015\/12\/Khayam-Turki.jpg\" alt=\"\" data-id=\"29014\" data-full-url=\"http:\/\/kapitalis.com\/tunisie\/wp-content\/uploads\/2015\/12\/Khayam-Turki.jpg\" data-link=\"http:\/\/kapitalis.com\/tunisie\/2015\/12\/07\/khayam-turki-refait-surface-8-mois-apres-sa-demission-dettakatol\/khayam-turki\/\" class=\"wp-image-29014\"\/><\/figure><\/li><li class=\"blocks-gallery-item\"><figure><img decoding=\"async\" src=\"http:\/\/kapitalis.com\/tunisie\/wp-content\/uploads\/2020\/01\/Fadhel-Abdelkefi-et-Qalb-Tounes.jpg\" alt=\"\" data-id=\"269786\" data-full-url=\"http:\/\/kapitalis.com\/tunisie\/wp-content\/uploads\/2020\/01\/Fadhel-Abdelkefi-et-Qalb-Tounes.jpg\" data-link=\"http:\/\/kapitalis.com\/tunisie\/2020\/01\/03\/gouvernement-jemli-a-propos-de-la-pretendue-independance-de-fadhel-abdelkefi\/fadhel-abdelkefi-et-qalb-tounes\/\" class=\"wp-image-269786\"\/><\/figure><\/li><\/ul><\/figure>\n\n\n\n<p>On sait que Fadhel Abdelkefi est aussi le candidat de Qalb Tounes, parti pr\u00e9sid\u00e9 par Nabil Karoui, qu&rsquo;il a soutenu et avec qui il est ami depuis 25 ans, et de Tahya Tounes.<\/p>\n\n\n\n<p>Mohamed Khayam Turki, pour sa part, \u00e9tait membre d&rsquo;Ettakatol, qui fut, avec Ennahdha et le Congr\u00e8s pour la r\u00e9publique, membre de la coalition gouvernementale ayant r\u00e9gn\u00e9 de janvier 2021 \u00e0 janvier 2014. C&rsquo;est donc une vieille connaissance du parti islamiste. <\/p>\n\n\n\n<p>Les deux sont donc, sans jeu de mot aucun, en odeur de saintet\u00e9 avec le mouvement religieux, filiale des Fr\u00e8res musulmans en Tunisie. <\/p>\n\n\n\n<p class=\"has-text-align-right\"><strong>Y. N.<\/strong><\/p>\n\n\n\n<figure class=\"wp-block-embed-wordpress wp-block-embed is-type-wp-embed is-provider-kapitalis\"><div class=\"wp-block-embed__wrapper\">\n<blockquote class=\"wp-embedded-content\" data-secret=\"avHnasPGsZ\"><a href=\"https:\/\/kapitalis.com\/tunisie\/2020\/07\/23\/fadhel-abdelkefi-candidat-de-lestablishment-mais-pas-de-kais-saied\/\">Fadhel Abdelkefi, candidat de l\u2019establishment mais pas de Ka\u00efs Sa\u00efed<\/a><\/blockquote><iframe loading=\"lazy\" class=\"wp-embedded-content\" sandbox=\"allow-scripts\" security=\"restricted\" style=\"position: absolute; clip: rect(1px, 1px, 1px, 1px);\" title=\"\u00ab\u00a0Fadhel Abdelkefi, candidat de l\u2019establishment mais pas de Ka\u00efs Sa\u00efed\u00a0\u00bb &#8212; Kapitalis\" src=\"https:\/\/kapitalis.com\/tunisie\/2020\/07\/23\/fadhel-abdelkefi-candidat-de-lestablishment-mais-pas-de-kais-saied\/embed\/#?secret=UumiPLhNnj#?secret=avHnasPGsZ\" data-secret=\"avHnasPGsZ\" width=\"600\" height=\"338\" frameborder=\"0\" marginwidth=\"0\" marginheight=\"0\" scrolling=\"no\"><\/iframe>\n<\/div><\/figure>\n\n\n\n<figure class=\"wp-block-embed-wordpress wp-block-embed is-type-wp-embed is-provider-kapitalis\"><div class=\"wp-block-embed__wrapper\">\n<blockquote class=\"wp-embedded-content\" data-secret=\"hSW30AuazO\"><a href=\"https:\/\/kapitalis.com\/tunisie\/2019\/09\/23\/fadhel-abdelkefi-nabil-karoui-est-mon-ami-je-laime-et-je-voterai-pour-lui-video\/\">Fadhel Abdelkefi : \u00abNabil Karoui est mon ami, je l&rsquo;aime et je voterai pour lui\u00bb (vid\u00e9o)<\/a><\/blockquote><iframe loading=\"lazy\" class=\"wp-embedded-content\" sandbox=\"allow-scripts\" security=\"restricted\" style=\"position: absolute; clip: rect(1px, 1px, 1px, 1px);\" title=\"\u00ab\u00a0Fadhel Abdelkefi : \u00abNabil Karoui est mon ami, je l&rsquo;aime et je voterai pour lui\u00bb (vid\u00e9o)\u00a0\u00bb &#8212; Kapitalis\" src=\"https:\/\/kapitalis.com\/tunisie\/2019\/09\/23\/fadhel-abdelkefi-nabil-karoui-est-mon-ami-je-laime-et-je-voterai-pour-lui-video\/embed\/#?secret=WWzcKMKFFa#?secret=hSW30AuazO\" data-secret=\"hSW30AuazO\" width=\"600\" height=\"338\" frameborder=\"0\" marginwidth=\"0\" marginheight=\"0\" scrolling=\"no\"><\/iframe>\n<\/div><\/figure>\n","protected":false},"excerpt":{"rendered":"<p>Imed Khemiri, porte-parole d&rsquo;Ennahdha, a annonc\u00e9 ce soir, jeudi 23 juillet 2020, qu&rsquo;apr\u00e8s concertations, son parti a d\u00e9cid\u00e9 de proposer Mohamed Khayam Turki et Mohamed Fadhel Abdelkefi pour le poste de chef du gouvernement.<\/p>\n","protected":false},"author":6,"featured_media":0,"comment_status":"open","ping_status":"open","sticky":false,"template":"","format":"standard","meta":{"footnotes":""},"categories":[997,2433],"tags":[81110,4770,49543,15773,81062,1312,1158,61989],"class_list":["post-309225","post","type-post","status-publish","format-standard","hentry","category-politique","category-tunisie","tag-canddiats","tag-chef-gouvernement","tag-ennahdha","tag-fadhel-abdelkefi","tag-khayam-turki","tag-parti-islamiste","tag-presidence","tag-qalb-tounes"],"yoast_head":"<!-- This site is optimized with the Yoast SEO plugin v26.6 - https:\/\/yoast.com\/wordpress\/plugins\/seo\/ -->\n<title>Les candidats d&#039;Ennahdha pour le poste de chef de gouvernement - Kapitalis<\/title>\n<meta name=\"robots\" content=\"index, follow, max-snippet:-1, max-image-preview:large, max-video-preview:-1\" \/>\n<link rel=\"canonical\" href=\"https:\/\/kapitalis.com\/tunisie\/2020\/07\/23\/les-candidats-dennahdha-pour-le-poste-de-chef-de-gouvernement\/\" \/>\n<meta property=\"og:locale\" content=\"fr_FR\" \/>\n<meta property=\"og:type\" content=\"article\" \/>\n<meta property=\"og:title\" content=\"Les candidats d&#039;Ennahdha pour le poste de chef de gouvernement - Kapitalis\" \/>\n<meta property=\"og:description\" content=\"Imed Khemiri, porte-parole d&rsquo;Ennahdha, a annonc\u00e9 ce soir, jeudi 23 juillet 2020, qu&rsquo;apr\u00e8s concertations, son parti a d\u00e9cid\u00e9 de proposer Mohamed Khayam Turki et Mohamed Fadhel Abdelkefi pour le poste de chef du gouvernement.\" \/>\n<meta property=\"og:url\" content=\"https:\/\/kapitalis.com\/tunisie\/2020\/07\/23\/les-candidats-dennahdha-pour-le-poste-de-chef-de-gouvernement\/\" \/>\n<meta property=\"og:site_name\" content=\"Kapitalis\" \/>\n<meta property=\"article:publisher\" content=\"https:\/\/www.facebook.com\/KapitalisInfo\/\" \/>\n<meta property=\"article:published_time\" content=\"2020-07-23T22:03:21+00:00\" \/>\n<meta property=\"article:modified_time\" content=\"2020-07-24T06:39:56+00:00\" \/>\n<meta property=\"og:image\" content=\"http:\/\/kapitalis.com\/tunisie\/wp-content\/uploads\/2019\/08\/Siege-Ennahdha.jpg\" \/>\n<meta name=\"author\" content=\"Yusra NY\" \/>\n<meta name=\"twitter:card\" content=\"summary_large_image\" \/>\n<meta name=\"twitter:creator\" content=\"@KapitalisInfo\" \/>\n<meta name=\"twitter:site\" content=\"@KapitalisInfo\" \/>\n<meta name=\"twitter:label1\" content=\"\u00c9crit par\" \/>\n\t<meta name=\"twitter:data1\" content=\"Yusra NY\" \/>\n\t<meta name=\"twitter:label2\" content=\"Dur\u00e9e de lecture estim\u00e9e\" \/>\n\t<meta name=\"twitter:data2\" content=\"1 minute\" \/>\n<script type=\"application\/ld+json\" class=\"yoast-schema-graph\">{\"@context\":\"https:\/\/schema.org\",\"@graph\":[{\"@type\":\"Article\",\"@id\":\"https:\/\/kapitalis.com\/tunisie\/2020\/07\/23\/les-candidats-dennahdha-pour-le-poste-de-chef-de-gouvernement\/#article\",\"isPartOf\":{\"@id\":\"https:\/\/kapitalis.com\/tunisie\/2020\/07\/23\/les-candidats-dennahdha-pour-le-poste-de-chef-de-gouvernement\/\"},\"author\":{\"name\":\"Yusra NY\",\"@id\":\"https:\/\/kapitalis.com\/tunisie\/#\/schema\/person\/74bbde0154d49d790a92aaeac5bc01d5\"},\"headline\":\"Les candidats d&rsquo;Ennahdha pour le poste de chef de gouvernement\",\"datePublished\":\"2020-07-23T22:03:21+00:00\",\"dateModified\":\"2020-07-24T06:39:56+00:00\",\"mainEntityOfPage\":{\"@id\":\"https:\/\/kapitalis.com\/tunisie\/2020\/07\/23\/les-candidats-dennahdha-pour-le-poste-de-chef-de-gouvernement\/\"},\"wordCount\":216,\"commentCount\":0,\"publisher\":{\"@id\":\"https:\/\/kapitalis.com\/tunisie\/#organization\"},\"image\":{\"@id\":\"https:\/\/kapitalis.com\/tunisie\/2020\/07\/23\/les-candidats-dennahdha-pour-le-poste-de-chef-de-gouvernement\/#primaryimage\"},\"thumbnailUrl\":\"http:\/\/kapitalis.com\/tunisie\/wp-content\/uploads\/2019\/08\/Siege-Ennahdha.jpg\",\"keywords\":[\"canddiats\",\"chef gouvernement\",\"Ennahdha\",\"Fadhel Abdelkefi\",\"khayam turki\",\"parti islamiste\",\"pr\u00e9sidence\",\"Qalb Tounes\"],\"articleSection\":[\"POLITIQUE\",\"Tunisie\"],\"inLanguage\":\"fr-FR\",\"potentialAction\":[{\"@type\":\"CommentAction\",\"name\":\"Comment\",\"target\":[\"https:\/\/kapitalis.com\/tunisie\/2020\/07\/23\/les-candidats-dennahdha-pour-le-poste-de-chef-de-gouvernement\/#respond\"]}]},{\"@type\":\"WebPage\",\"@id\":\"https:\/\/kapitalis.com\/tunisie\/2020\/07\/23\/les-candidats-dennahdha-pour-le-poste-de-chef-de-gouvernement\/\",\"url\":\"https:\/\/kapitalis.com\/tunisie\/2020\/07\/23\/les-candidats-dennahdha-pour-le-poste-de-chef-de-gouvernement\/\",\"name\":\"Les candidats d'Ennahdha pour le poste de chef de gouvernement - Kapitalis\",\"isPartOf\":{\"@id\":\"https:\/\/kapitalis.com\/tunisie\/#website\"},\"primaryImageOfPage\":{\"@id\":\"https:\/\/kapitalis.com\/tunisie\/2020\/07\/23\/les-candidats-dennahdha-pour-le-poste-de-chef-de-gouvernement\/#primaryimage\"},\"image\":{\"@id\":\"https:\/\/kapitalis.com\/tunisie\/2020\/07\/23\/les-candidats-dennahdha-pour-le-poste-de-chef-de-gouvernement\/#primaryimage\"},\"thumbnailUrl\":\"http:\/\/kapitalis.com\/tunisie\/wp-content\/uploads\/2019\/08\/Siege-Ennahdha.jpg\",\"datePublished\":\"2020-07-23T22:03:21+00:00\",\"dateModified\":\"2020-07-24T06:39:56+00:00\",\"breadcrumb\":{\"@id\":\"https:\/\/kapitalis.com\/tunisie\/2020\/07\/23\/les-candidats-dennahdha-pour-le-poste-de-chef-de-gouvernement\/#breadcrumb\"},\"inLanguage\":\"fr-FR\",\"potentialAction\":[{\"@type\":\"ReadAction\",\"target\":[\"https:\/\/kapitalis.com\/tunisie\/2020\/07\/23\/les-candidats-dennahdha-pour-le-poste-de-chef-de-gouvernement\/\"]}]},{\"@type\":\"ImageObject\",\"inLanguage\":\"fr-FR\",\"@id\":\"https:\/\/kapitalis.com\/tunisie\/2020\/07\/23\/les-candidats-dennahdha-pour-le-poste-de-chef-de-gouvernement\/#primaryimage\",\"url\":\"\",\"contentUrl\":\"\"},{\"@type\":\"BreadcrumbList\",\"@id\":\"https:\/\/kapitalis.com\/tunisie\/2020\/07\/23\/les-candidats-dennahdha-pour-le-poste-de-chef-de-gouvernement\/#breadcrumb\",\"itemListElement\":[{\"@type\":\"ListItem\",\"position\":1,\"name\":\"Accueil\",\"item\":\"https:\/\/kapitalis.com\/tunisie\/\"},{\"@type\":\"ListItem\",\"position\":2,\"name\":\"Les candidats d&rsquo;Ennahdha pour le poste de chef de gouvernement\"}]},{\"@type\":\"WebSite\",\"@id\":\"https:\/\/kapitalis.com\/tunisie\/#website\",\"url\":\"https:\/\/kapitalis.com\/tunisie\/\",\"name\":\"Kapitalis\",\"description\":\"L&#039;actualit\u00e9 en Tunisie et dans le monde\",\"publisher\":{\"@id\":\"https:\/\/kapitalis.com\/tunisie\/#organization\"},\"potentialAction\":[{\"@type\":\"SearchAction\",\"target\":{\"@type\":\"EntryPoint\",\"urlTemplate\":\"https:\/\/kapitalis.com\/tunisie\/?s={search_term_string}\"},\"query-input\":{\"@type\":\"PropertyValueSpecification\",\"valueRequired\":true,\"valueName\":\"search_term_string\"}}],\"inLanguage\":\"fr-FR\"},{\"@type\":\"Organization\",\"@id\":\"https:\/\/kapitalis.com\/tunisie\/#organization\",\"name\":\"Kapitalis\",\"url\":\"https:\/\/kapitalis.com\/tunisie\/\",\"logo\":{\"@type\":\"ImageObject\",\"inLanguage\":\"fr-FR\",\"@id\":\"https:\/\/kapitalis.com\/tunisie\/#\/schema\/logo\/image\/\",\"url\":\"https:\/\/kapitalis.com\/tunisie\/wp-content\/uploads\/2022\/05\/Kapitalis-big-size.png\",\"contentUrl\":\"https:\/\/kapitalis.com\/tunisie\/wp-content\/uploads\/2022\/05\/Kapitalis-big-size.png\",\"width\":5000,\"height\":1500,\"caption\":\"Kapitalis\"},\"image\":{\"@id\":\"https:\/\/kapitalis.com\/tunisie\/#\/schema\/logo\/image\/\"},\"sameAs\":[\"https:\/\/www.facebook.com\/KapitalisInfo\/\",\"https:\/\/x.com\/KapitalisInfo\",\"https:\/\/www.youtube.com\/channel\/UC-yDYrHyfFBWWZaOw3FPg9Q\"]},{\"@type\":\"Person\",\"@id\":\"https:\/\/kapitalis.com\/tunisie\/#\/schema\/person\/74bbde0154d49d790a92aaeac5bc01d5\",\"name\":\"Yusra NY\",\"url\":\"https:\/\/kapitalis.com\/tunisie\/author\/yuza_adam\/\"}]}<\/script>\n<!-- \/ Yoast SEO plugin. -->","yoast_head_json":{"title":"Les candidats d'Ennahdha pour le poste de chef de gouvernement - Kapitalis","robots":{"index":"index","follow":"follow","max-snippet":"max-snippet:-1","max-image-preview":"max-image-preview:large","max-video-preview":"max-video-preview:-1"},"canonical":"https:\/\/kapitalis.com\/tunisie\/2020\/07\/23\/les-candidats-dennahdha-pour-le-poste-de-chef-de-gouvernement\/","og_locale":"fr_FR","og_type":"article","og_title":"Les candidats d'Ennahdha pour le poste de chef de gouvernement - Kapitalis","og_description":"Imed Khemiri, porte-parole d&rsquo;Ennahdha, a annonc\u00e9 ce soir, jeudi 23 juillet 2020, qu&rsquo;apr\u00e8s concertations, son parti a d\u00e9cid\u00e9 de proposer Mohamed Khayam Turki et Mohamed Fadhel Abdelkefi pour le poste de chef du gouvernement.","og_url":"https:\/\/kapitalis.com\/tunisie\/2020\/07\/23\/les-candidats-dennahdha-pour-le-poste-de-chef-de-gouvernement\/","og_site_name":"Kapitalis","article_publisher":"https:\/\/www.facebook.com\/KapitalisInfo\/","article_published_time":"2020-07-23T22:03:21+00:00","article_modified_time":"2020-07-24T06:39:56+00:00","og_image":[{"url":"http:\/\/kapitalis.com\/tunisie\/wp-content\/uploads\/2019\/08\/Siege-Ennahdha.jpg","type":"","width":"","height":""}],"author":"Yusra NY","twitter_card":"summary_large_image","twitter_creator":"@KapitalisInfo","twitter_site":"@KapitalisInfo","twitter_misc":{"\u00c9crit par":"Yusra NY","Dur\u00e9e de lecture estim\u00e9e":"1 minute"},"schema":{"@context":"https:\/\/schema.org","@graph":[{"@type":"Article","@id":"https:\/\/kapitalis.com\/tunisie\/2020\/07\/23\/les-candidats-dennahdha-pour-le-poste-de-chef-de-gouvernement\/#article","isPartOf":{"@id":"https:\/\/kapitalis.com\/tunisie\/2020\/07\/23\/les-candidats-dennahdha-pour-le-poste-de-chef-de-gouvernement\/"},"author":{"name":"Yusra NY","@id":"https:\/\/kapitalis.com\/tunisie\/#\/schema\/person\/74bbde0154d49d790a92aaeac5bc01d5"},"headline":"Les candidats d&rsquo;Ennahdha pour le poste de chef de gouvernement","datePublished":"2020-07-23T22:03:21+00:00","dateModified":"2020-07-24T06:39:56+00:00","mainEntityOfPage":{"@id":"https:\/\/kapitalis.com\/tunisie\/2020\/07\/23\/les-candidats-dennahdha-pour-le-poste-de-chef-de-gouvernement\/"},"wordCount":216,"commentCount":0,"publisher":{"@id":"https:\/\/kapitalis.com\/tunisie\/#organization"},"image":{"@id":"https:\/\/kapitalis.com\/tunisie\/2020\/07\/23\/les-candidats-dennahdha-pour-le-poste-de-chef-de-gouvernement\/#primaryimage"},"thumbnailUrl":"http:\/\/kapitalis.com\/tunisie\/wp-content\/uploads\/2019\/08\/Siege-Ennahdha.jpg","keywords":["canddiats","chef gouvernement","Ennahdha","Fadhel Abdelkefi","khayam turki","parti islamiste","pr\u00e9sidence","Qalb Tounes"],"articleSection":["POLITIQUE","Tunisie"],"inLanguage":"fr-FR","potentialAction":[{"@type":"CommentAction","name":"Comment","target":["https:\/\/kapitalis.com\/tunisie\/2020\/07\/23\/les-candidats-dennahdha-pour-le-poste-de-chef-de-gouvernement\/#respond"]}]},{"@type":"WebPage","@id":"https:\/\/kapitalis.com\/tunisie\/2020\/07\/23\/les-candidats-dennahdha-pour-le-poste-de-chef-de-gouvernement\/","url":"https:\/\/kapitalis.com\/tunisie\/2020\/07\/23\/les-candidats-dennahdha-pour-le-poste-de-chef-de-gouvernement\/","name":"Les candidats d'Ennahdha pour le poste de chef de gouvernement - Kapitalis","isPartOf":{"@id":"https:\/\/kapitalis.com\/tunisie\/#website"},"primaryImageOfPage":{"@id":"https:\/\/kapitalis.com\/tunisie\/2020\/07\/23\/les-candidats-dennahdha-pour-le-poste-de-chef-de-gouvernement\/#primaryimage"},"image":{"@id":"https:\/\/kapitalis.com\/tunisie\/2020\/07\/23\/les-candidats-dennahdha-pour-le-poste-de-chef-de-gouvernement\/#primaryimage"},"thumbnailUrl":"http:\/\/kapitalis.com\/tunisie\/wp-content\/uploads\/2019\/08\/Siege-Ennahdha.jpg","datePublished":"2020-07-23T22:03:21+00:00","dateModified":"2020-07-24T06:39:56+00:00","breadcrumb":{"@id":"https:\/\/kapitalis.com\/tunisie\/2020\/07\/23\/les-candidats-dennahdha-pour-le-poste-de-chef-de-gouvernement\/#breadcrumb"},"inLanguage":"fr-FR","potentialAction":[{"@type":"ReadAction","target":["https:\/\/kapitalis.com\/tunisie\/2020\/07\/23\/les-candidats-dennahdha-pour-le-poste-de-chef-de-gouvernement\/"]}]},{"@type":"ImageObject","inLanguage":"fr-FR","@id":"https:\/\/kapitalis.com\/tunisie\/2020\/07\/23\/les-candidats-dennahdha-pour-le-poste-de-chef-de-gouvernement\/#primaryimage","url":"","contentUrl":""},{"@type":"BreadcrumbList","@id":"https:\/\/kapitalis.com\/tunisie\/2020\/07\/23\/les-candidats-dennahdha-pour-le-poste-de-chef-de-gouvernement\/#breadcrumb","itemListElement":[{"@type":"ListItem","position":1,"name":"Accueil","item":"https:\/\/kapitalis.com\/tunisie\/"},{"@type":"ListItem","position":2,"name":"Les candidats d&rsquo;Ennahdha pour le poste de chef de gouvernement"}]},{"@type":"WebSite","@id":"https:\/\/kapitalis.com\/tunisie\/#website","url":"https:\/\/kapitalis.com\/tunisie\/","name":"Kapitalis","description":"L&#039;actualit\u00e9 en Tunisie et dans le monde","publisher":{"@id":"https:\/\/kapitalis.com\/tunisie\/#organization"},"potentialAction":[{"@type":"SearchAction","target":{"@type":"EntryPoint","urlTemplate":"https:\/\/kapitalis.com\/tunisie\/?s={search_term_string}"},"query-input":{"@type":"PropertyValueSpecification","valueRequired":true,"valueName":"search_term_string"}}],"inLanguage":"fr-FR"},{"@type":"Organization","@id":"https:\/\/kapitalis.com\/tunisie\/#organization","name":"Kapitalis","url":"https:\/\/kapitalis.com\/tunisie\/","logo":{"@type":"ImageObject","inLanguage":"fr-FR","@id":"https:\/\/kapitalis.com\/tunisie\/#\/schema\/logo\/image\/","url":"https:\/\/kapitalis.com\/tunisie\/wp-content\/uploads\/2022\/05\/Kapitalis-big-size.png","contentUrl":"https:\/\/kapitalis.com\/tunisie\/wp-content\/uploads\/2022\/05\/Kapitalis-big-size.png","width":5000,"height":1500,"caption":"Kapitalis"},"image":{"@id":"https:\/\/kapitalis.com\/tunisie\/#\/schema\/logo\/image\/"},"sameAs":["https:\/\/www.facebook.com\/KapitalisInfo\/","https:\/\/x.com\/KapitalisInfo","https:\/\/www.youtube.com\/channel\/UC-yDYrHyfFBWWZaOw3FPg9Q"]},{"@type":"Person","@id":"https:\/\/kapitalis.com\/tunisie\/#\/schema\/person\/74bbde0154d49d790a92aaeac5bc01d5","name":"Yusra NY","url":"https:\/\/kapitalis.com\/tunisie\/author\/yuza_adam\/"}]}},"_links":{"self":[{"href":"https:\/\/kapitalis.com\/tunisie\/wp-json\/wp\/v2\/posts\/309225","targetHints":{"allow":["GET"]}}],"collection":[{"href":"https:\/\/kapitalis.com\/tunisie\/wp-json\/wp\/v2\/posts"}],"about":[{"href":"https:\/\/kapitalis.com\/tunisie\/wp-json\/wp\/v2\/types\/post"}],"author":[{"embeddable":true,"href":"https:\/\/kapitalis.com\/tunisie\/wp-json\/wp\/v2\/users\/6"}],"replies":[{"embeddable":true,"href":"https:\/\/kapitalis.com\/tunisie\/wp-json\/wp\/v2\/comments?post=309225"}],"version-history":[{"count":0,"href":"https:\/\/kapitalis.com\/tunisie\/wp-json\/wp\/v2\/posts\/309225\/revisions"}],"wp:attachment":[{"href":"https:\/\/kapitalis.com\/tunisie\/wp-json\/wp\/v2\/media?parent=309225"}],"wp:term":[{"taxonomy":"category","embeddable":true,"href":"https:\/\/kapitalis.com\/tunisie\/wp-json\/wp\/v2\/categories?post=309225"},{"taxonomy":"post_tag","embeddable":true,"href":"https:\/\/kapitalis.com\/tunisie\/wp-json\/wp\/v2\/tags?post=309225"}],"curies":[{"name":"wp","href":"https:\/\/api.w.org\/{rel}","templated":true}]}}