{"id":309271,"date":"2020-07-24T11:06:57","date_gmt":"2020-07-24T10:06:57","guid":{"rendered":"http:\/\/kapitalis.com\/tunisie\/?p=309271"},"modified":"2020-07-25T08:30:36","modified_gmt":"2020-07-25T07:30:36","slug":"poursuivi-par-la-justice-suisse-khayam-turki-est-pressenti-pour-prendre-la-tete-du-gouvernement-en-tunisie","status":"publish","type":"post","link":"https:\/\/kapitalis.com\/tunisie\/2020\/07\/24\/poursuivi-par-la-justice-suisse-khayam-turki-est-pressenti-pour-prendre-la-tete-du-gouvernement-en-tunisie\/","title":{"rendered":"Poursuivi par la justice suisse, Khayam Turki est pressenti pour prendre la t\u00eate du gouvernement en Tunisie"},"content":{"rendered":"\n<figure class=\"wp-block-image size-large\"><img decoding=\"async\" src=\"http:\/\/kapitalis.com\/tunisie\/wp-content\/uploads\/2020\/07\/Khayam-Turki.jpg\" alt=\"\" class=\"wp-image-309272\"\/><\/figure>\n\n\n\n<p><strong><em>Il y a comme une sorte d\u2019accord unanime de l\u2019establishment politico-affairiste tunisien sur deux noms pour succ\u00e9der au chef du gouvernement d\u00e9missionnaire Ely\u00e8s Fakhfakh : Fadhel Abdelkefi et Khayam Turki. Si pour le premier, il convient de faire attention \u00e0 ce qu\u2019il n\u2019y ait pas de conflit d\u2019int\u00e9r\u00eats, car il a des liens avec plusieurs groupes priv\u00e9s. Pour le second, on risque de faire face \u00e0 un scandale financier international. Explication\u2026<\/em><\/strong><\/p>\n\n\n\n<p>Par <strong>Ridha K\u00e9fi<\/strong><\/p>\n\n\n\n<!--more-->\n\n\n\n<p>L\u2019ancien dirigeant d\u2019Ettakatol, qui a failli \u00eatre nomm\u00e9 ministre des Finances, en d\u00e9cembre 2011, dans le gouvernement Hamadi Jebali, mais dont la candidature propos\u00e9e par son parti a \u00e9t\u00e9 retir\u00e9e en derni\u00e8re minute, apr\u00e8s que le cabinet d\u2019avocat tunisien Bousayenne-Knani-Houerbi s\u2019est manifest\u00e9 et a d\u00e9clar\u00e9, dans un <a href=\"http:\/\/www.kapitalis.com\/politique\/7447-tunisie-les-dessous-de-laffaire-lkhayam-turkir.html\" target=\"_blank\" aria-label=\"undefined (s\u2019ouvre dans un nouvel onglet)\" rel=\"noreferrer noopener\"><strong>entretien avec Kapitalis<\/strong><\/a>, d\u00e9tenir un grave dossier contre M. Turki ayant lien avec un paradis fiscal et plusieurs pays, dont un europ\u00e9en, annon\u00e7ant qu\u2019une plainte allait \u00eatre d\u00e9pos\u00e9e devant la justice tunisienne, sans donner plus de d\u00e9tails sur l\u2019affaire.<\/p>\n\n\n\n<p><em>\u00abCe qui nous a oblig\u00e9 \u00e0 \u00e9bruiter l\u2019affaire c\u2019est la parution du nom de M. Khayam dans la liste du nouveau gouvernement publi\u00e9e par l\u2019agence Tap le 15 d\u00e9cembre. L\u2019alerte n\u2019a pas \u00e9t\u00e9 demand\u00e9e pas notre client des Emirats. C\u2019est notre cabinet (en coordination bien s\u00fbr avec ce client) qui en a pris l\u2019initiative\u00bb<\/em>, nous avait alors d\u00e9clar\u00e9 l\u2019un des avocats du cabinet cit\u00e9.<\/p>\n\n\n\n<h3 class=\"wp-block-heading\">Une notori\u00e9t\u00e9 par intermittence<\/h3>\n\n\n\n<p>Les idiots utiles de l\u2019\u00e9poque avaient alors parl\u00e9 d\u2019une ing\u00e9rence d\u2019un pays \u00e9tranger, les Emirats arabes unis en l\u2019occurrence, dans les affaires int\u00e9rieures tunisiennes. Mais ceci explique cela, le nom de M. Turki a \u00e9t\u00e9 rapidement retir\u00e9 de la liste des candidats, et l\u2019affaire a \u00e9t\u00e9 oubli\u00e9e, ou presque, par les m\u00e9dias. Et l\u2019int\u00e9ress\u00e9 \u00e9tait pour quelque chose dans cet oubli, puisqu\u2019il a disparu de la circulation, annon\u00e7ant, quelques ann\u00e9es plus tard, en 2015, la cr\u00e9ation d\u2019un bien vague think-tank <em>\u00abJoussour pour les politiques publiques\u00bb<\/em>, avant d\u2019entrer de nouveau dans l\u2019anonymat, et de voir son nom, en cette ann\u00e9e 2020, propuls\u00e9 sur les devants de la sc\u00e8ne politique.<\/p>\n\n\n\n<p>Le probl\u00e8me, car probl\u00e8me il y a, pour nommer le successeur d\u2019un chef de gouvernement, soup\u00e7onn\u00e9 dans une affaire de conflits d\u2019int\u00e9r\u00eats, il n\u2019est pas permis de poser la candidature d\u2019un autre poursuivi en justice, en Tunisie et en Suisse, dans une affaire d\u2019escroquerie et de blanchiment d\u2019argent.<\/p>\n\n\n\n<p>Il s\u2019agit de la m\u00eame affaire dont il \u00e9tait question en 2011, et qui est aujourd\u2019hui, examin\u00e9e par la justice suisse, dans sa phase d\u2019appel.<\/p>\n\n\n\n<p>Qui est Khayam Turki et dans quelle affaire est-il impliqu\u00e9 ?<\/p>\n\n\n\n<h3 class=\"wp-block-heading\">Un golden boy tr\u00e8s soluble dans l\u2019argent<\/h3>\n\n\n\n<p>Fils d\u2019un c\u00e9l\u00e8bre diplomate, Brahim Turki, dont les oncles sont deux c\u00e9l\u00e8bres peintres de l\u2019Ecole de Tunis, Zoubeir et Hedi Turki, Khayam Turki est n\u00e9 \u00e0 Paris, en France, o\u00f9 son p\u00e8re \u00e9tait en poste. Fils d\u2019un diplomate, il a v\u00e9cu longtemps \u00e0 l\u2019\u00e9tranger. Il a fait ses \u00e9tudes dans des \u00e9coles, coll\u00e8ges et lyc\u00e9es de La Haye, Rome, Tunis, Stockholm et Londres. Plus tard, il sera dipl\u00f4m\u00e9 de l\u2019IHEC \u00e0 Carthage, de Sciences politiques Paris et de l\u2019Universit\u00e9 am\u00e9ricaine du Caire. En 1992, il est entr\u00e9 par la grande porte dans le monde des finances, du commerce international et de l\u2019immobilier.<\/p>\n\n\n\n<p><em>\u00abJ\u2019ai travaill\u00e9 \u00e0 la City de Londres (Soci\u00e9t\u00e9 G\u00e9n\u00e9rale Investment Banking) en tant qu\u2019analyste financier sp\u00e9cialis\u00e9 du monde arabe\u00bb, <\/em>raconte M. Turki, dans <strong><a href=\"http:\/\/www.kapitalis.com\/politique\/7465-tunisie-ainsi-parlait-khayam-turki.html\" target=\"_blank\" aria-label=\"undefined (s\u2019ouvre dans un nouvel onglet)\" rel=\"noreferrer noopener\">un entretien avec Kapitalis,<\/a><\/strong> remontant \u00e0 2011. Par la suite, il a int\u00e9gr\u00e9 le groupe des m\u00e9dias Founoun au Caire. Avec du bagage et un bon carnet d\u2019adresses, il s\u2019est trouv\u00e9 propuls\u00e9 dans le monde des affaires. En 2006, il int\u00e8gre la holding nationale \u00e9miratie, Emirates International Investment Company LLC (EIIC), sp\u00e9cialis\u00e9e dans l\u2019investissement immobilier et touristique. Cette exp\u00e9rience n\u2019a dur\u00e9 que 2 ans. Pourquoi a-t-il quitt\u00e9 cette riche soci\u00e9t\u00e9 o\u00f9 d\u2019autres aurait sans doute cherch\u00e9 \u00e0 durer le plus longtemps possible ?<\/p>\n\n\n\n<p>En r\u00e9ponse \u00e0 cette question, M. Turki a pr\u00e9f\u00e9r\u00e9, dans son ancien entretien avec Kapitalis, ne pas s\u2019\u00e9taler, se contenant de r\u00e9pondre qu\u2019il a quitt\u00e9 cette entreprise, dont il \u00e9tait repr\u00e9sentant en Alg\u00e9rie, pour se mettre \u00e0 son propre compte et tisser des liens avec les professionnels de l\u2019industrie et des finances un peu partout dans le monde.<\/p>\n\n\n\n<h3 class=\"wp-block-heading\">De la justice suisse au Palais de la Kasbah ?<\/h3>\n\n\n\n<p>Soit\u2026 Mais la raison de son d\u00e9part a lien avec la plainte d\u00e9pos\u00e9e par EIIC contre lui, aupr\u00e8s de la justice tunisienne, en 2011, pour escroquerie et blanchiment d\u2019argent. En 2012, la justice tunisienne, qui s\u2019est saisie de l\u2019affaire, a d\u00e9pos\u00e9 aupr\u00e8s de son homologue suisse une demande d\u2019entraide judiciaire. Les juges helv\u00e8tes ont estim\u00e9 le dossier assez s\u00e9rieux pour lancer une enqu\u00eate, d\u2019autant que M. Khayam dispose, en Suisse, d\u2019un compte aupr\u00e8s de la HSBC, par lequel ont transit\u00e9 d\u2019\u00e9normes sommes d\u2019argent. Le nom de M. Khayam a aussi \u00e9t\u00e9 r\u00e9v\u00e9l\u00e9 par l\u2019enqu\u00eate des Panama Papers : il poss\u00e9derait une soci\u00e9t\u00e9 \u00e9cran, Herlang, dans ce paradis fiscal.<\/p>\n\n\n\n<p>L\u2019affaire, en Suisse, suit encore son cours. Ayant \u00e9t\u00e9 acquitt\u00e9 en premi\u00e8re instance, M. Turki doit encore attendre le verdict de la cour d\u2019appel. Selon un avocat suisse proche du dossier, l\u2019affaire de blanchiment d\u2019argent porte sur un montant de l\u2019ordre de 14 \u00e0 16 millions d\u2019euros.<\/p>\n\n\n\n<p>Ceci dit, M. Khayam a droit comme tout justiciable \u00e0 la pr\u00e9somption d\u2019innocence, mais peut-on s\u00e9rieusement proposer son nom pour un poste aussi d\u00e9licat que celui d\u2019un chef de gouvernement ?<\/p>\n\n\n\n<p>Les partis qui l\u2019ont propos\u00e9 (Ennahdha, Qalb Tounes et Tahya Tounes) sont au courant d\u2019au moins une partie de ces faits si ce n\u2019est de leur totalit\u00e9 (dans l\u2019entre-soi de cette nouvelle nomenklatura, on sait tout les uns sur les autres). S\u2019ils ont maintenu son nom sur la liste des personnalit\u00e9s propos\u00e9es au pr\u00e9sident de la r\u00e9publique pour prendre la t\u00eate du gouvernement c\u2019est qu\u2019ils veulent induire de dernier en erreur pour le salir ou, pire encore, ils cherchent \u00e0 maintenir le syst\u00e8me de n\u00e9potisme et de corruption en place dans le pays et auquel ils appartiennent eux-m\u00eames.<\/p>\n\n\n\n<figure class=\"wp-block-embed-wordpress wp-block-embed is-type-wp-embed is-provider-kapitalis\"><div class=\"wp-block-embed__wrapper\">\n<blockquote class=\"wp-embedded-content\" data-secret=\"z6BzyMtgVW\"><a href=\"https:\/\/kapitalis.com\/tunisie\/2020\/07\/23\/les-candidats-dennahdha-pour-le-poste-de-chef-de-gouvernement\/\">Les candidats d&rsquo;Ennahdha pour le poste de chef de gouvernement<\/a><\/blockquote><iframe loading=\"lazy\" class=\"wp-embedded-content\" sandbox=\"allow-scripts\" security=\"restricted\" style=\"position: absolute; clip: rect(1px, 1px, 1px, 1px);\" title=\"\u00ab\u00a0Les candidats d&rsquo;Ennahdha pour le poste de chef de gouvernement\u00a0\u00bb &#8212; Kapitalis\" src=\"https:\/\/kapitalis.com\/tunisie\/2020\/07\/23\/les-candidats-dennahdha-pour-le-poste-de-chef-de-gouvernement\/embed\/#?secret=FqxyzfYKtC#?secret=z6BzyMtgVW\" data-secret=\"z6BzyMtgVW\" width=\"600\" height=\"338\" frameborder=\"0\" marginwidth=\"0\" marginheight=\"0\" scrolling=\"no\"><\/iframe>\n<\/div><\/figure>\n","protected":false},"excerpt":{"rendered":"<p>Il y a comme une sorte d\u2019accord unanime de l\u2019establishment politico-affairiste tunisien sur deux noms pour succ\u00e9der au chef du gouvernement d\u00e9missionnaire Ely\u00e8s Fakhfakh : Fadhel Abdelkefi et Khayam Turki. Si pour le premier, il convient de faire attention \u00e0 ce qu\u2019il n\u2019y ait pas de conflit d\u2019int\u00e9r\u00eats, car il a des liens avec plusieurs&#8230;<\/p>\n","protected":false},"author":8,"featured_media":309272,"comment_status":"open","ping_status":"open","sticky":false,"template":"","format":"standard","meta":{"footnotes":""},"categories":[992,997,2433],"tags":[81112,49543,5560,15773,2383,81062,61989,54991],"class_list":["post-309271","post","type-post","status-publish","format-standard","has-post-thumbnail","hentry","category-a-la-une","category-politique","category-tunisie","tag-cabinet-bousayenne-knani-houerbi","tag-ennahdha","tag-ettakatol","tag-fadhel-abdelkefi","tag-hamadi-jebali","tag-khayam-turki","tag-qalb-tounes","tag-tahya-tounes"],"yoast_head":"<!-- This site is optimized with the Yoast SEO plugin v26.6 - https:\/\/yoast.com\/wordpress\/plugins\/seo\/ -->\n<title>Poursuivi par la justice suisse, Khayam Turki est pressenti pour prendre la t\u00eate du gouvernement en Tunisie - Kapitalis<\/title>\n<meta name=\"robots\" content=\"index, follow, max-snippet:-1, max-image-preview:large, max-video-preview:-1\" \/>\n<link rel=\"canonical\" href=\"https:\/\/kapitalis.com\/tunisie\/2020\/07\/24\/poursuivi-par-la-justice-suisse-khayam-turki-est-pressenti-pour-prendre-la-tete-du-gouvernement-en-tunisie\/\" \/>\n<meta property=\"og:locale\" content=\"fr_FR\" \/>\n<meta property=\"og:type\" content=\"article\" \/>\n<meta property=\"og:title\" content=\"Poursuivi par la justice suisse, Khayam Turki est pressenti pour prendre la t\u00eate du gouvernement en Tunisie - Kapitalis\" \/>\n<meta property=\"og:description\" content=\"Il y a comme une sorte d\u2019accord unanime de l\u2019establishment politico-affairiste tunisien sur deux noms pour succ\u00e9der au chef du gouvernement d\u00e9missionnaire Ely\u00e8s Fakhfakh : Fadhel Abdelkefi et Khayam Turki. Si pour le premier, il convient de faire attention \u00e0 ce qu\u2019il n\u2019y ait pas de conflit d\u2019int\u00e9r\u00eats, car il a des liens avec plusieurs...\" \/>\n<meta property=\"og:url\" content=\"https:\/\/kapitalis.com\/tunisie\/2020\/07\/24\/poursuivi-par-la-justice-suisse-khayam-turki-est-pressenti-pour-prendre-la-tete-du-gouvernement-en-tunisie\/\" \/>\n<meta property=\"og:site_name\" content=\"Kapitalis\" \/>\n<meta property=\"article:publisher\" content=\"https:\/\/www.facebook.com\/KapitalisInfo\/\" \/>\n<meta property=\"article:published_time\" content=\"2020-07-24T10:06:57+00:00\" \/>\n<meta property=\"article:modified_time\" content=\"2020-07-25T07:30:36+00:00\" \/>\n<meta property=\"og:image\" content=\"https:\/\/kapitalis.com\/tunisie\/wp-content\/uploads\/2022\/05\/kapitalis-logo-fb.png\" \/>\n\t<meta property=\"og:image:width\" content=\"1200\" \/>\n\t<meta property=\"og:image:height\" content=\"630\" \/>\n\t<meta property=\"og:image:type\" content=\"image\/png\" \/>\n<meta name=\"author\" content=\"webmaster kapitalis\" \/>\n<meta name=\"twitter:card\" content=\"summary_large_image\" \/>\n<meta name=\"twitter:creator\" content=\"@KapitalisInfo\" \/>\n<meta name=\"twitter:site\" content=\"@KapitalisInfo\" \/>\n<meta name=\"twitter:label1\" content=\"\u00c9crit par\" \/>\n\t<meta name=\"twitter:data1\" content=\"webmaster kapitalis\" \/>\n\t<meta name=\"twitter:label2\" content=\"Dur\u00e9e de lecture estim\u00e9e\" \/>\n\t<meta name=\"twitter:data2\" content=\"6 minutes\" \/>\n<script type=\"application\/ld+json\" class=\"yoast-schema-graph\">{\"@context\":\"https:\/\/schema.org\",\"@graph\":[{\"@type\":\"Article\",\"@id\":\"https:\/\/kapitalis.com\/tunisie\/2020\/07\/24\/poursuivi-par-la-justice-suisse-khayam-turki-est-pressenti-pour-prendre-la-tete-du-gouvernement-en-tunisie\/#article\",\"isPartOf\":{\"@id\":\"https:\/\/kapitalis.com\/tunisie\/2020\/07\/24\/poursuivi-par-la-justice-suisse-khayam-turki-est-pressenti-pour-prendre-la-tete-du-gouvernement-en-tunisie\/\"},\"author\":{\"name\":\"webmaster kapitalis\",\"@id\":\"https:\/\/kapitalis.com\/tunisie\/#\/schema\/person\/d71f33a9ca44f7bad4698210b480c8e9\"},\"headline\":\"Poursuivi par la justice suisse, Khayam Turki est pressenti pour prendre la t\u00eate du gouvernement en Tunisie\",\"datePublished\":\"2020-07-24T10:06:57+00:00\",\"dateModified\":\"2020-07-25T07:30:36+00:00\",\"mainEntityOfPage\":{\"@id\":\"https:\/\/kapitalis.com\/tunisie\/2020\/07\/24\/poursuivi-par-la-justice-suisse-khayam-turki-est-pressenti-pour-prendre-la-tete-du-gouvernement-en-tunisie\/\"},\"wordCount\":1154,\"commentCount\":11,\"publisher\":{\"@id\":\"https:\/\/kapitalis.com\/tunisie\/#organization\"},\"image\":{\"@id\":\"https:\/\/kapitalis.com\/tunisie\/2020\/07\/24\/poursuivi-par-la-justice-suisse-khayam-turki-est-pressenti-pour-prendre-la-tete-du-gouvernement-en-tunisie\/#primaryimage\"},\"thumbnailUrl\":\"\",\"keywords\":[\"cabinet Bousayenne-Knani-Houerbi\",\"Ennahdha\",\"Ettakatol\",\"Fadhel Abdelkefi\",\"Hamadi Jebali\",\"khayam turki\",\"Qalb Tounes\",\"Tahya Tounes\"],\"articleSection\":[\"A LA UNE\",\"POLITIQUE\",\"Tunisie\"],\"inLanguage\":\"fr-FR\",\"potentialAction\":[{\"@type\":\"CommentAction\",\"name\":\"Comment\",\"target\":[\"https:\/\/kapitalis.com\/tunisie\/2020\/07\/24\/poursuivi-par-la-justice-suisse-khayam-turki-est-pressenti-pour-prendre-la-tete-du-gouvernement-en-tunisie\/#respond\"]}]},{\"@type\":\"WebPage\",\"@id\":\"https:\/\/kapitalis.com\/tunisie\/2020\/07\/24\/poursuivi-par-la-justice-suisse-khayam-turki-est-pressenti-pour-prendre-la-tete-du-gouvernement-en-tunisie\/\",\"url\":\"https:\/\/kapitalis.com\/tunisie\/2020\/07\/24\/poursuivi-par-la-justice-suisse-khayam-turki-est-pressenti-pour-prendre-la-tete-du-gouvernement-en-tunisie\/\",\"name\":\"Poursuivi par la justice suisse, Khayam Turki est pressenti pour prendre la t\u00eate du gouvernement en Tunisie - Kapitalis\",\"isPartOf\":{\"@id\":\"https:\/\/kapitalis.com\/tunisie\/#website\"},\"primaryImageOfPage\":{\"@id\":\"https:\/\/kapitalis.com\/tunisie\/2020\/07\/24\/poursuivi-par-la-justice-suisse-khayam-turki-est-pressenti-pour-prendre-la-tete-du-gouvernement-en-tunisie\/#primaryimage\"},\"image\":{\"@id\":\"https:\/\/kapitalis.com\/tunisie\/2020\/07\/24\/poursuivi-par-la-justice-suisse-khayam-turki-est-pressenti-pour-prendre-la-tete-du-gouvernement-en-tunisie\/#primaryimage\"},\"thumbnailUrl\":\"\",\"datePublished\":\"2020-07-24T10:06:57+00:00\",\"dateModified\":\"2020-07-25T07:30:36+00:00\",\"breadcrumb\":{\"@id\":\"https:\/\/kapitalis.com\/tunisie\/2020\/07\/24\/poursuivi-par-la-justice-suisse-khayam-turki-est-pressenti-pour-prendre-la-tete-du-gouvernement-en-tunisie\/#breadcrumb\"},\"inLanguage\":\"fr-FR\",\"potentialAction\":[{\"@type\":\"ReadAction\",\"target\":[\"https:\/\/kapitalis.com\/tunisie\/2020\/07\/24\/poursuivi-par-la-justice-suisse-khayam-turki-est-pressenti-pour-prendre-la-tete-du-gouvernement-en-tunisie\/\"]}]},{\"@type\":\"ImageObject\",\"inLanguage\":\"fr-FR\",\"@id\":\"https:\/\/kapitalis.com\/tunisie\/2020\/07\/24\/poursuivi-par-la-justice-suisse-khayam-turki-est-pressenti-pour-prendre-la-tete-du-gouvernement-en-tunisie\/#primaryimage\",\"url\":\"\",\"contentUrl\":\"\"},{\"@type\":\"BreadcrumbList\",\"@id\":\"https:\/\/kapitalis.com\/tunisie\/2020\/07\/24\/poursuivi-par-la-justice-suisse-khayam-turki-est-pressenti-pour-prendre-la-tete-du-gouvernement-en-tunisie\/#breadcrumb\",\"itemListElement\":[{\"@type\":\"ListItem\",\"position\":1,\"name\":\"Accueil\",\"item\":\"https:\/\/kapitalis.com\/tunisie\/\"},{\"@type\":\"ListItem\",\"position\":2,\"name\":\"Poursuivi par la justice suisse, Khayam Turki est pressenti pour prendre la t\u00eate du gouvernement en Tunisie\"}]},{\"@type\":\"WebSite\",\"@id\":\"https:\/\/kapitalis.com\/tunisie\/#website\",\"url\":\"https:\/\/kapitalis.com\/tunisie\/\",\"name\":\"Kapitalis\",\"description\":\"L&#039;actualit\u00e9 en Tunisie et dans le monde\",\"publisher\":{\"@id\":\"https:\/\/kapitalis.com\/tunisie\/#organization\"},\"potentialAction\":[{\"@type\":\"SearchAction\",\"target\":{\"@type\":\"EntryPoint\",\"urlTemplate\":\"https:\/\/kapitalis.com\/tunisie\/?s={search_term_string}\"},\"query-input\":{\"@type\":\"PropertyValueSpecification\",\"valueRequired\":true,\"valueName\":\"search_term_string\"}}],\"inLanguage\":\"fr-FR\"},{\"@type\":\"Organization\",\"@id\":\"https:\/\/kapitalis.com\/tunisie\/#organization\",\"name\":\"Kapitalis\",\"url\":\"https:\/\/kapitalis.com\/tunisie\/\",\"logo\":{\"@type\":\"ImageObject\",\"inLanguage\":\"fr-FR\",\"@id\":\"https:\/\/kapitalis.com\/tunisie\/#\/schema\/logo\/image\/\",\"url\":\"https:\/\/kapitalis.com\/tunisie\/wp-content\/uploads\/2022\/05\/Kapitalis-big-size.png\",\"contentUrl\":\"https:\/\/kapitalis.com\/tunisie\/wp-content\/uploads\/2022\/05\/Kapitalis-big-size.png\",\"width\":5000,\"height\":1500,\"caption\":\"Kapitalis\"},\"image\":{\"@id\":\"https:\/\/kapitalis.com\/tunisie\/#\/schema\/logo\/image\/\"},\"sameAs\":[\"https:\/\/www.facebook.com\/KapitalisInfo\/\",\"https:\/\/x.com\/KapitalisInfo\",\"https:\/\/www.youtube.com\/channel\/UC-yDYrHyfFBWWZaOw3FPg9Q\"]},{\"@type\":\"Person\",\"@id\":\"https:\/\/kapitalis.com\/tunisie\/#\/schema\/person\/d71f33a9ca44f7bad4698210b480c8e9\",\"name\":\"webmaster kapitalis\",\"url\":\"https:\/\/kapitalis.com\/tunisie\/author\/webmaster-kapitalis\/\"}]}<\/script>\n<!-- \/ Yoast SEO plugin. -->","yoast_head_json":{"title":"Poursuivi par la justice suisse, Khayam Turki est pressenti pour prendre la t\u00eate du gouvernement en Tunisie - Kapitalis","robots":{"index":"index","follow":"follow","max-snippet":"max-snippet:-1","max-image-preview":"max-image-preview:large","max-video-preview":"max-video-preview:-1"},"canonical":"https:\/\/kapitalis.com\/tunisie\/2020\/07\/24\/poursuivi-par-la-justice-suisse-khayam-turki-est-pressenti-pour-prendre-la-tete-du-gouvernement-en-tunisie\/","og_locale":"fr_FR","og_type":"article","og_title":"Poursuivi par la justice suisse, Khayam Turki est pressenti pour prendre la t\u00eate du gouvernement en Tunisie - Kapitalis","og_description":"Il y a comme une sorte d\u2019accord unanime de l\u2019establishment politico-affairiste tunisien sur deux noms pour succ\u00e9der au chef du gouvernement d\u00e9missionnaire Ely\u00e8s Fakhfakh : Fadhel Abdelkefi et Khayam Turki. Si pour le premier, il convient de faire attention \u00e0 ce qu\u2019il n\u2019y ait pas de conflit d\u2019int\u00e9r\u00eats, car il a des liens avec plusieurs...","og_url":"https:\/\/kapitalis.com\/tunisie\/2020\/07\/24\/poursuivi-par-la-justice-suisse-khayam-turki-est-pressenti-pour-prendre-la-tete-du-gouvernement-en-tunisie\/","og_site_name":"Kapitalis","article_publisher":"https:\/\/www.facebook.com\/KapitalisInfo\/","article_published_time":"2020-07-24T10:06:57+00:00","article_modified_time":"2020-07-25T07:30:36+00:00","og_image":[{"width":1200,"height":630,"url":"https:\/\/kapitalis.com\/tunisie\/wp-content\/uploads\/2022\/05\/kapitalis-logo-fb.png","type":"image\/png"}],"author":"webmaster kapitalis","twitter_card":"summary_large_image","twitter_creator":"@KapitalisInfo","twitter_site":"@KapitalisInfo","twitter_misc":{"\u00c9crit par":"webmaster kapitalis","Dur\u00e9e de lecture estim\u00e9e":"6 minutes"},"schema":{"@context":"https:\/\/schema.org","@graph":[{"@type":"Article","@id":"https:\/\/kapitalis.com\/tunisie\/2020\/07\/24\/poursuivi-par-la-justice-suisse-khayam-turki-est-pressenti-pour-prendre-la-tete-du-gouvernement-en-tunisie\/#article","isPartOf":{"@id":"https:\/\/kapitalis.com\/tunisie\/2020\/07\/24\/poursuivi-par-la-justice-suisse-khayam-turki-est-pressenti-pour-prendre-la-tete-du-gouvernement-en-tunisie\/"},"author":{"name":"webmaster kapitalis","@id":"https:\/\/kapitalis.com\/tunisie\/#\/schema\/person\/d71f33a9ca44f7bad4698210b480c8e9"},"headline":"Poursuivi par la justice suisse, Khayam Turki est pressenti pour prendre la t\u00eate du gouvernement en Tunisie","datePublished":"2020-07-24T10:06:57+00:00","dateModified":"2020-07-25T07:30:36+00:00","mainEntityOfPage":{"@id":"https:\/\/kapitalis.com\/tunisie\/2020\/07\/24\/poursuivi-par-la-justice-suisse-khayam-turki-est-pressenti-pour-prendre-la-tete-du-gouvernement-en-tunisie\/"},"wordCount":1154,"commentCount":11,"publisher":{"@id":"https:\/\/kapitalis.com\/tunisie\/#organization"},"image":{"@id":"https:\/\/kapitalis.com\/tunisie\/2020\/07\/24\/poursuivi-par-la-justice-suisse-khayam-turki-est-pressenti-pour-prendre-la-tete-du-gouvernement-en-tunisie\/#primaryimage"},"thumbnailUrl":"","keywords":["cabinet Bousayenne-Knani-Houerbi","Ennahdha","Ettakatol","Fadhel Abdelkefi","Hamadi Jebali","khayam turki","Qalb Tounes","Tahya Tounes"],"articleSection":["A LA UNE","POLITIQUE","Tunisie"],"inLanguage":"fr-FR","potentialAction":[{"@type":"CommentAction","name":"Comment","target":["https:\/\/kapitalis.com\/tunisie\/2020\/07\/24\/poursuivi-par-la-justice-suisse-khayam-turki-est-pressenti-pour-prendre-la-tete-du-gouvernement-en-tunisie\/#respond"]}]},{"@type":"WebPage","@id":"https:\/\/kapitalis.com\/tunisie\/2020\/07\/24\/poursuivi-par-la-justice-suisse-khayam-turki-est-pressenti-pour-prendre-la-tete-du-gouvernement-en-tunisie\/","url":"https:\/\/kapitalis.com\/tunisie\/2020\/07\/24\/poursuivi-par-la-justice-suisse-khayam-turki-est-pressenti-pour-prendre-la-tete-du-gouvernement-en-tunisie\/","name":"Poursuivi par la justice suisse, Khayam Turki est pressenti pour prendre la t\u00eate du gouvernement en Tunisie - Kapitalis","isPartOf":{"@id":"https:\/\/kapitalis.com\/tunisie\/#website"},"primaryImageOfPage":{"@id":"https:\/\/kapitalis.com\/tunisie\/2020\/07\/24\/poursuivi-par-la-justice-suisse-khayam-turki-est-pressenti-pour-prendre-la-tete-du-gouvernement-en-tunisie\/#primaryimage"},"image":{"@id":"https:\/\/kapitalis.com\/tunisie\/2020\/07\/24\/poursuivi-par-la-justice-suisse-khayam-turki-est-pressenti-pour-prendre-la-tete-du-gouvernement-en-tunisie\/#primaryimage"},"thumbnailUrl":"","datePublished":"2020-07-24T10:06:57+00:00","dateModified":"2020-07-25T07:30:36+00:00","breadcrumb":{"@id":"https:\/\/kapitalis.com\/tunisie\/2020\/07\/24\/poursuivi-par-la-justice-suisse-khayam-turki-est-pressenti-pour-prendre-la-tete-du-gouvernement-en-tunisie\/#breadcrumb"},"inLanguage":"fr-FR","potentialAction":[{"@type":"ReadAction","target":["https:\/\/kapitalis.com\/tunisie\/2020\/07\/24\/poursuivi-par-la-justice-suisse-khayam-turki-est-pressenti-pour-prendre-la-tete-du-gouvernement-en-tunisie\/"]}]},{"@type":"ImageObject","inLanguage":"fr-FR","@id":"https:\/\/kapitalis.com\/tunisie\/2020\/07\/24\/poursuivi-par-la-justice-suisse-khayam-turki-est-pressenti-pour-prendre-la-tete-du-gouvernement-en-tunisie\/#primaryimage","url":"","contentUrl":""},{"@type":"BreadcrumbList","@id":"https:\/\/kapitalis.com\/tunisie\/2020\/07\/24\/poursuivi-par-la-justice-suisse-khayam-turki-est-pressenti-pour-prendre-la-tete-du-gouvernement-en-tunisie\/#breadcrumb","itemListElement":[{"@type":"ListItem","position":1,"name":"Accueil","item":"https:\/\/kapitalis.com\/tunisie\/"},{"@type":"ListItem","position":2,"name":"Poursuivi par la justice suisse, Khayam Turki est pressenti pour prendre la t\u00eate du gouvernement en Tunisie"}]},{"@type":"WebSite","@id":"https:\/\/kapitalis.com\/tunisie\/#website","url":"https:\/\/kapitalis.com\/tunisie\/","name":"Kapitalis","description":"L&#039;actualit\u00e9 en Tunisie et dans le monde","publisher":{"@id":"https:\/\/kapitalis.com\/tunisie\/#organization"},"potentialAction":[{"@type":"SearchAction","target":{"@type":"EntryPoint","urlTemplate":"https:\/\/kapitalis.com\/tunisie\/?s={search_term_string}"},"query-input":{"@type":"PropertyValueSpecification","valueRequired":true,"valueName":"search_term_string"}}],"inLanguage":"fr-FR"},{"@type":"Organization","@id":"https:\/\/kapitalis.com\/tunisie\/#organization","name":"Kapitalis","url":"https:\/\/kapitalis.com\/tunisie\/","logo":{"@type":"ImageObject","inLanguage":"fr-FR","@id":"https:\/\/kapitalis.com\/tunisie\/#\/schema\/logo\/image\/","url":"https:\/\/kapitalis.com\/tunisie\/wp-content\/uploads\/2022\/05\/Kapitalis-big-size.png","contentUrl":"https:\/\/kapitalis.com\/tunisie\/wp-content\/uploads\/2022\/05\/Kapitalis-big-size.png","width":5000,"height":1500,"caption":"Kapitalis"},"image":{"@id":"https:\/\/kapitalis.com\/tunisie\/#\/schema\/logo\/image\/"},"sameAs":["https:\/\/www.facebook.com\/KapitalisInfo\/","https:\/\/x.com\/KapitalisInfo","https:\/\/www.youtube.com\/channel\/UC-yDYrHyfFBWWZaOw3FPg9Q"]},{"@type":"Person","@id":"https:\/\/kapitalis.com\/tunisie\/#\/schema\/person\/d71f33a9ca44f7bad4698210b480c8e9","name":"webmaster kapitalis","url":"https:\/\/kapitalis.com\/tunisie\/author\/webmaster-kapitalis\/"}]}},"_links":{"self":[{"href":"https:\/\/kapitalis.com\/tunisie\/wp-json\/wp\/v2\/posts\/309271","targetHints":{"allow":["GET"]}}],"collection":[{"href":"https:\/\/kapitalis.com\/tunisie\/wp-json\/wp\/v2\/posts"}],"about":[{"href":"https:\/\/kapitalis.com\/tunisie\/wp-json\/wp\/v2\/types\/post"}],"author":[{"embeddable":true,"href":"https:\/\/kapitalis.com\/tunisie\/wp-json\/wp\/v2\/users\/8"}],"replies":[{"embeddable":true,"href":"https:\/\/kapitalis.com\/tunisie\/wp-json\/wp\/v2\/comments?post=309271"}],"version-history":[{"count":0,"href":"https:\/\/kapitalis.com\/tunisie\/wp-json\/wp\/v2\/posts\/309271\/revisions"}],"wp:featuredmedia":[{"embeddable":true,"href":"https:\/\/kapitalis.com\/tunisie\/wp-json\/wp\/v2\/media\/309272"}],"wp:attachment":[{"href":"https:\/\/kapitalis.com\/tunisie\/wp-json\/wp\/v2\/media?parent=309271"}],"wp:term":[{"taxonomy":"category","embeddable":true,"href":"https:\/\/kapitalis.com\/tunisie\/wp-json\/wp\/v2\/categories?post=309271"},{"taxonomy":"post_tag","embeddable":true,"href":"https:\/\/kapitalis.com\/tunisie\/wp-json\/wp\/v2\/tags?post=309271"}],"curies":[{"name":"wp","href":"https:\/\/api.w.org\/{rel}","templated":true}]}}