{"id":309368,"date":"2020-07-25T10:05:13","date_gmt":"2020-07-25T09:05:13","guid":{"rendered":"http:\/\/kapitalis.com\/tunisie\/?p=309368"},"modified":"2020-07-25T10:05:15","modified_gmt":"2020-07-25T09:05:15","slug":"il-y-a-an-nous-quittait-beji-caid-essebsi-le-privilege-de-servir-la-tunisie-jusqua-la-derniere-minute","status":"publish","type":"post","link":"https:\/\/kapitalis.com\/tunisie\/2020\/07\/25\/il-y-a-an-nous-quittait-beji-caid-essebsi-le-privilege-de-servir-la-tunisie-jusqua-la-derniere-minute\/","title":{"rendered":"Il y a an nous quittait B\u00e9ji Ca\u00efd Essebsi : Le privil\u00e8ge de servir la Tunisie jusqu\u2019\u00e0 la derni\u00e8re minute"},"content":{"rendered":"\n<figure class=\"wp-block-image size-large\"><img decoding=\"async\" src=\"http:\/\/kapitalis.com\/tunisie\/wp-content\/uploads\/2019\/07\/Beji-Caid-Essebsi-1.jpg\" alt=\"\" class=\"wp-image-229135\"\/><\/figure>\n\n\n\n<p><strong><em>Il y a un an jour pour jour mourait l\u2019ex-pr\u00e9sident de la r\u00e9publique B\u00e9ji Ca\u00efd Essebsi, le jour m\u00eame de la c\u00e9l\u00e9bration de la f\u00eate de la r\u00e9publique, \u00e0 l\u2019\u00e2ge de 93 ans. Il avait trouv\u00e9 un pays au bord de l\u2019implosion, il l\u2019a r\u00e9concili\u00e9 et pacifi\u00e9, mais un an apr\u00e8s sa mort, les d\u00e9mons de la division semblent avoir d\u00e9j\u00e0 repris le dessus.<\/em><\/strong><\/p>\n\n\n\n<!--more-->\n\n\n\n<p>\u00c0 cette occasion, les t\u00e9moignages vont se multiplier, de la part de ceux qui l\u2019ont accompagn\u00e9 dans son long parcours politique mais aussi de la part de ses adversaires. Nous en reproduisons ci-dessous celui d\u2019un m\u00e9decin, professeur de cardiologie, Faouzi Addad, qui a consacr\u00e9 aujourd\u2019hui un post sur sa page facebook \u00e0 cet <em>\u00abhomme si exceptionnel\u00bb.<\/em><\/p>\n\n\n\n<p><em>\u00abLe privil\u00e8ge de quitter ce monde, tout en \u00e9tant au service de la Tunisie et de son peuple jusqu\u2019\u00e0 la derni\u00e8re minute, n\u2019a \u00e9t\u00e9 r\u00e9serv\u00e9 qu\u2019\u00e0 \u2018\u2018Si El-Beji\u2019\u2019. Ce n\u2019est pas un hasard si, en plus, ce privil\u00e8ge a \u00e9t\u00e9 donn\u00e9 le jour de la f\u00eate de la r\u00e9publique, pour couronner le parcours de cet homme si exceptionnel. Il n\u2019y a pas de hasard dans tous cela, car c\u2019est la fin due \u00e0 un homme d\u00e9vou\u00e9 \u00e0 son pays.<\/em><\/p>\n\n\n\n<p><em>\u00abSi les politiques d\u2019aujourd&rsquo;hui pouvaient ne prendre que 10% de sa sagesse et de sa vision pour notre si beau pays ! Nous ne sommes que 12 millions et nous devons trouver un moyen pour vivre en paix, s\u2019accepter dans nos diversit\u00e9s et faire accoster notre r\u00e9volution \u00e0 bon port.<\/em><\/p>\n\n\n\n<p><em>\u00abCe 25 juillet est devenu tr\u00e8s riche en symboles et ce n\u2019est aussi probablement pas un hasard si le chef du gouvernement de la \u00abderni\u00e8re chance\u00bb sera aussi d\u00e9sign\u00e9 aujourd\u2019hui.<\/em><\/p>\n\n\n\n<p><em>\u00abEn souvenir de \u00abBajbouj\u00bb, j\u2019esp\u00e8re qu\u2019on pourra penser enfin \u00e0 ce peuple, qui est, malgr\u00e9 tout, regard\u00e9 avec admiration par le monde entier. \u2018\u2018Allah yarhmek Si El-Beji\u2019\u2019, tu es maintenant parmi les grands de ce pays et dans le c\u0153ur de tous les Tunisiens. Vive la Tunisie libre et d\u00e9mocratique!\u00bb<\/em><\/p>\n\n\n\n<figure class=\"wp-block-gallery columns-2 is-cropped wp-block-gallery-1 is-layout-flex wp-block-gallery-is-layout-flex\"><ul class=\"blocks-gallery-grid\"><li class=\"blocks-gallery-item\"><figure><img decoding=\"async\" src=\"http:\/\/kapitalis.com\/tunisie\/wp-content\/uploads\/2019\/07\/Funerailles-Beji-Caid-Essebsi-15.jpg\" alt=\"\" data-id=\"229138\" data-full-url=\"http:\/\/kapitalis.com\/tunisie\/wp-content\/uploads\/2019\/07\/Funerailles-Beji-Caid-Essebsi-15.jpg\" data-link=\"http:\/\/kapitalis.com\/tunisie\/2019\/07\/28\/loeuvre-inachevee-de-beji-caid-essebsi-ou-la-democratie-post-mortem\/funerailles-beji-caid-essebsi-15\/\" class=\"wp-image-229138\"\/><\/figure><\/li><li class=\"blocks-gallery-item\"><figure><img decoding=\"async\" src=\"http:\/\/kapitalis.com\/tunisie\/wp-content\/uploads\/2019\/07\/Funerailles-Beji-Caid-Essebsi-18.jpg\" alt=\"\" data-id=\"229141\" data-full-url=\"http:\/\/kapitalis.com\/tunisie\/wp-content\/uploads\/2019\/07\/Funerailles-Beji-Caid-Essebsi-18.jpg\" data-link=\"http:\/\/kapitalis.com\/tunisie\/2019\/07\/28\/loeuvre-inachevee-de-beji-caid-essebsi-ou-la-democratie-post-mortem\/funerailles-beji-caid-essebsi-18\/\" class=\"wp-image-229141\"\/><\/figure><\/li><li class=\"blocks-gallery-item\"><figure><img decoding=\"async\" src=\"http:\/\/kapitalis.com\/tunisie\/wp-content\/uploads\/2019\/07\/Funerailles-Beji-Caid-Essebsi-12.jpg\" alt=\"\" data-id=\"229130\" data-full-url=\"http:\/\/kapitalis.com\/tunisie\/wp-content\/uploads\/2019\/07\/Funerailles-Beji-Caid-Essebsi-12.jpg\" data-link=\"http:\/\/kapitalis.com\/tunisie\/2019\/07\/28\/bloc-notes-cest-un-etat-de-non-droit-que-laisse-caid-essebsi-aux-tunisiens\/funerailles-beji-caid-essebsi-12\/\" class=\"wp-image-229130\"\/><\/figure><\/li><li class=\"blocks-gallery-item\"><figure><img decoding=\"async\" src=\"http:\/\/kapitalis.com\/tunisie\/wp-content\/uploads\/2019\/07\/Funerailles-Beji-Caid-Essebsi-4.jpg\" alt=\"\" data-id=\"229104\" data-full-url=\"http:\/\/kapitalis.com\/tunisie\/wp-content\/uploads\/2019\/07\/Funerailles-Beji-Caid-Essebsi-4.jpg\" data-link=\"http:\/\/kapitalis.com\/tunisie\/2019\/07\/28\/adieu-beji-caid-essebsi-requiem-pour-un-grand-homme-detat\/funerailles-beji-caid-essebsi-4\/\" class=\"wp-image-229104\"\/><\/figure><\/li><\/ul><\/figure>\n","protected":false},"excerpt":{"rendered":"<p>Il y a un an jour pour jour mourait l\u2019ex-pr\u00e9sident de la r\u00e9publique B\u00e9ji Ca\u00efd Essebsi, le jour m\u00eame de la c\u00e9l\u00e9bration de la f\u00eate de la r\u00e9publique, \u00e0 l\u2019\u00e2ge de 93 ans. Il avait trouv\u00e9 un pays au bord de l\u2019implosion, il l\u2019a r\u00e9concili\u00e9 et pacifi\u00e9, mais un an apr\u00e8s sa mort, les d\u00e9mons&#8230;<\/p>\n","protected":false},"author":8,"featured_media":0,"comment_status":"open","ping_status":"open","sticky":false,"template":"","format":"standard","meta":{"footnotes":""},"categories":[997,2433],"tags":[1108],"class_list":["post-309368","post","type-post","status-publish","format-standard","hentry","category-politique","category-tunisie","tag-beji-caid-essebsi"],"yoast_head":"<!-- This site is optimized with the Yoast SEO plugin v26.6 - https:\/\/yoast.com\/wordpress\/plugins\/seo\/ -->\n<title>Il y a an nous quittait B\u00e9ji Ca\u00efd Essebsi : Le privil\u00e8ge de servir la Tunisie jusqu\u2019\u00e0 la derni\u00e8re minute - Kapitalis<\/title>\n<meta name=\"robots\" content=\"index, follow, max-snippet:-1, max-image-preview:large, max-video-preview:-1\" \/>\n<link rel=\"canonical\" href=\"https:\/\/kapitalis.com\/tunisie\/2020\/07\/25\/il-y-a-an-nous-quittait-beji-caid-essebsi-le-privilege-de-servir-la-tunisie-jusqua-la-derniere-minute\/\" \/>\n<meta property=\"og:locale\" content=\"fr_FR\" \/>\n<meta property=\"og:type\" content=\"article\" \/>\n<meta property=\"og:title\" content=\"Il y a an nous quittait B\u00e9ji Ca\u00efd Essebsi : Le privil\u00e8ge de servir la Tunisie jusqu\u2019\u00e0 la derni\u00e8re minute - Kapitalis\" \/>\n<meta property=\"og:description\" content=\"Il y a un an jour pour jour mourait l\u2019ex-pr\u00e9sident de la r\u00e9publique B\u00e9ji Ca\u00efd Essebsi, le jour m\u00eame de la c\u00e9l\u00e9bration de la f\u00eate de la r\u00e9publique, \u00e0 l\u2019\u00e2ge de 93 ans. Il avait trouv\u00e9 un pays au bord de l\u2019implosion, il l\u2019a r\u00e9concili\u00e9 et pacifi\u00e9, mais un an apr\u00e8s sa mort, les d\u00e9mons...\" \/>\n<meta property=\"og:url\" content=\"https:\/\/kapitalis.com\/tunisie\/2020\/07\/25\/il-y-a-an-nous-quittait-beji-caid-essebsi-le-privilege-de-servir-la-tunisie-jusqua-la-derniere-minute\/\" \/>\n<meta property=\"og:site_name\" content=\"Kapitalis\" \/>\n<meta property=\"article:publisher\" content=\"https:\/\/www.facebook.com\/KapitalisInfo\/\" \/>\n<meta property=\"article:published_time\" content=\"2020-07-25T09:05:13+00:00\" \/>\n<meta property=\"article:modified_time\" content=\"2020-07-25T09:05:15+00:00\" \/>\n<meta property=\"og:image\" content=\"http:\/\/kapitalis.com\/tunisie\/wp-content\/uploads\/2019\/07\/Beji-Caid-Essebsi-1.jpg\" \/>\n<meta name=\"author\" content=\"webmaster kapitalis\" \/>\n<meta name=\"twitter:card\" content=\"summary_large_image\" \/>\n<meta name=\"twitter:creator\" content=\"@KapitalisInfo\" \/>\n<meta name=\"twitter:site\" content=\"@KapitalisInfo\" \/>\n<meta name=\"twitter:label1\" content=\"\u00c9crit par\" \/>\n\t<meta name=\"twitter:data1\" content=\"webmaster kapitalis\" \/>\n\t<meta name=\"twitter:label2\" content=\"Dur\u00e9e de lecture estim\u00e9e\" \/>\n\t<meta name=\"twitter:data2\" content=\"2 minutes\" \/>\n<script type=\"application\/ld+json\" class=\"yoast-schema-graph\">{\"@context\":\"https:\/\/schema.org\",\"@graph\":[{\"@type\":\"Article\",\"@id\":\"https:\/\/kapitalis.com\/tunisie\/2020\/07\/25\/il-y-a-an-nous-quittait-beji-caid-essebsi-le-privilege-de-servir-la-tunisie-jusqua-la-derniere-minute\/#article\",\"isPartOf\":{\"@id\":\"https:\/\/kapitalis.com\/tunisie\/2020\/07\/25\/il-y-a-an-nous-quittait-beji-caid-essebsi-le-privilege-de-servir-la-tunisie-jusqua-la-derniere-minute\/\"},\"author\":{\"name\":\"webmaster kapitalis\",\"@id\":\"https:\/\/kapitalis.com\/tunisie\/#\/schema\/person\/d71f33a9ca44f7bad4698210b480c8e9\"},\"headline\":\"Il y a an nous quittait B\u00e9ji Ca\u00efd Essebsi : Le privil\u00e8ge de servir la Tunisie jusqu\u2019\u00e0 la derni\u00e8re minute\",\"datePublished\":\"2020-07-25T09:05:13+00:00\",\"dateModified\":\"2020-07-25T09:05:15+00:00\",\"mainEntityOfPage\":{\"@id\":\"https:\/\/kapitalis.com\/tunisie\/2020\/07\/25\/il-y-a-an-nous-quittait-beji-caid-essebsi-le-privilege-de-servir-la-tunisie-jusqua-la-derniere-minute\/\"},\"wordCount\":387,\"commentCount\":5,\"publisher\":{\"@id\":\"https:\/\/kapitalis.com\/tunisie\/#organization\"},\"image\":{\"@id\":\"https:\/\/kapitalis.com\/tunisie\/2020\/07\/25\/il-y-a-an-nous-quittait-beji-caid-essebsi-le-privilege-de-servir-la-tunisie-jusqua-la-derniere-minute\/#primaryimage\"},\"thumbnailUrl\":\"http:\/\/kapitalis.com\/tunisie\/wp-content\/uploads\/2019\/07\/Beji-Caid-Essebsi-1.jpg\",\"keywords\":[\"B\u00e9ji Ca\u00efd Essebsi\"],\"articleSection\":[\"POLITIQUE\",\"Tunisie\"],\"inLanguage\":\"fr-FR\",\"potentialAction\":[{\"@type\":\"CommentAction\",\"name\":\"Comment\",\"target\":[\"https:\/\/kapitalis.com\/tunisie\/2020\/07\/25\/il-y-a-an-nous-quittait-beji-caid-essebsi-le-privilege-de-servir-la-tunisie-jusqua-la-derniere-minute\/#respond\"]}]},{\"@type\":\"WebPage\",\"@id\":\"https:\/\/kapitalis.com\/tunisie\/2020\/07\/25\/il-y-a-an-nous-quittait-beji-caid-essebsi-le-privilege-de-servir-la-tunisie-jusqua-la-derniere-minute\/\",\"url\":\"https:\/\/kapitalis.com\/tunisie\/2020\/07\/25\/il-y-a-an-nous-quittait-beji-caid-essebsi-le-privilege-de-servir-la-tunisie-jusqua-la-derniere-minute\/\",\"name\":\"Il y a an nous quittait B\u00e9ji Ca\u00efd Essebsi : Le privil\u00e8ge de servir la Tunisie jusqu\u2019\u00e0 la derni\u00e8re minute - Kapitalis\",\"isPartOf\":{\"@id\":\"https:\/\/kapitalis.com\/tunisie\/#website\"},\"primaryImageOfPage\":{\"@id\":\"https:\/\/kapitalis.com\/tunisie\/2020\/07\/25\/il-y-a-an-nous-quittait-beji-caid-essebsi-le-privilege-de-servir-la-tunisie-jusqua-la-derniere-minute\/#primaryimage\"},\"image\":{\"@id\":\"https:\/\/kapitalis.com\/tunisie\/2020\/07\/25\/il-y-a-an-nous-quittait-beji-caid-essebsi-le-privilege-de-servir-la-tunisie-jusqua-la-derniere-minute\/#primaryimage\"},\"thumbnailUrl\":\"http:\/\/kapitalis.com\/tunisie\/wp-content\/uploads\/2019\/07\/Beji-Caid-Essebsi-1.jpg\",\"datePublished\":\"2020-07-25T09:05:13+00:00\",\"dateModified\":\"2020-07-25T09:05:15+00:00\",\"breadcrumb\":{\"@id\":\"https:\/\/kapitalis.com\/tunisie\/2020\/07\/25\/il-y-a-an-nous-quittait-beji-caid-essebsi-le-privilege-de-servir-la-tunisie-jusqua-la-derniere-minute\/#breadcrumb\"},\"inLanguage\":\"fr-FR\",\"potentialAction\":[{\"@type\":\"ReadAction\",\"target\":[\"https:\/\/kapitalis.com\/tunisie\/2020\/07\/25\/il-y-a-an-nous-quittait-beji-caid-essebsi-le-privilege-de-servir-la-tunisie-jusqua-la-derniere-minute\/\"]}]},{\"@type\":\"ImageObject\",\"inLanguage\":\"fr-FR\",\"@id\":\"https:\/\/kapitalis.com\/tunisie\/2020\/07\/25\/il-y-a-an-nous-quittait-beji-caid-essebsi-le-privilege-de-servir-la-tunisie-jusqua-la-derniere-minute\/#primaryimage\",\"url\":\"\",\"contentUrl\":\"\"},{\"@type\":\"BreadcrumbList\",\"@id\":\"https:\/\/kapitalis.com\/tunisie\/2020\/07\/25\/il-y-a-an-nous-quittait-beji-caid-essebsi-le-privilege-de-servir-la-tunisie-jusqua-la-derniere-minute\/#breadcrumb\",\"itemListElement\":[{\"@type\":\"ListItem\",\"position\":1,\"name\":\"Accueil\",\"item\":\"https:\/\/kapitalis.com\/tunisie\/\"},{\"@type\":\"ListItem\",\"position\":2,\"name\":\"Il y a an nous quittait B\u00e9ji Ca\u00efd Essebsi : Le privil\u00e8ge de servir la Tunisie jusqu\u2019\u00e0 la derni\u00e8re minute\"}]},{\"@type\":\"WebSite\",\"@id\":\"https:\/\/kapitalis.com\/tunisie\/#website\",\"url\":\"https:\/\/kapitalis.com\/tunisie\/\",\"name\":\"Kapitalis\",\"description\":\"L&#039;actualit\u00e9 en Tunisie et dans le monde\",\"publisher\":{\"@id\":\"https:\/\/kapitalis.com\/tunisie\/#organization\"},\"potentialAction\":[{\"@type\":\"SearchAction\",\"target\":{\"@type\":\"EntryPoint\",\"urlTemplate\":\"https:\/\/kapitalis.com\/tunisie\/?s={search_term_string}\"},\"query-input\":{\"@type\":\"PropertyValueSpecification\",\"valueRequired\":true,\"valueName\":\"search_term_string\"}}],\"inLanguage\":\"fr-FR\"},{\"@type\":\"Organization\",\"@id\":\"https:\/\/kapitalis.com\/tunisie\/#organization\",\"name\":\"Kapitalis\",\"url\":\"https:\/\/kapitalis.com\/tunisie\/\",\"logo\":{\"@type\":\"ImageObject\",\"inLanguage\":\"fr-FR\",\"@id\":\"https:\/\/kapitalis.com\/tunisie\/#\/schema\/logo\/image\/\",\"url\":\"https:\/\/kapitalis.com\/tunisie\/wp-content\/uploads\/2022\/05\/Kapitalis-big-size.png\",\"contentUrl\":\"https:\/\/kapitalis.com\/tunisie\/wp-content\/uploads\/2022\/05\/Kapitalis-big-size.png\",\"width\":5000,\"height\":1500,\"caption\":\"Kapitalis\"},\"image\":{\"@id\":\"https:\/\/kapitalis.com\/tunisie\/#\/schema\/logo\/image\/\"},\"sameAs\":[\"https:\/\/www.facebook.com\/KapitalisInfo\/\",\"https:\/\/x.com\/KapitalisInfo\",\"https:\/\/www.youtube.com\/channel\/UC-yDYrHyfFBWWZaOw3FPg9Q\"]},{\"@type\":\"Person\",\"@id\":\"https:\/\/kapitalis.com\/tunisie\/#\/schema\/person\/d71f33a9ca44f7bad4698210b480c8e9\",\"name\":\"webmaster kapitalis\",\"url\":\"https:\/\/kapitalis.com\/tunisie\/author\/webmaster-kapitalis\/\"}]}<\/script>\n<!-- \/ Yoast SEO plugin. -->","yoast_head_json":{"title":"Il y a an nous quittait B\u00e9ji Ca\u00efd Essebsi : Le privil\u00e8ge de servir la Tunisie jusqu\u2019\u00e0 la derni\u00e8re minute - Kapitalis","robots":{"index":"index","follow":"follow","max-snippet":"max-snippet:-1","max-image-preview":"max-image-preview:large","max-video-preview":"max-video-preview:-1"},"canonical":"https:\/\/kapitalis.com\/tunisie\/2020\/07\/25\/il-y-a-an-nous-quittait-beji-caid-essebsi-le-privilege-de-servir-la-tunisie-jusqua-la-derniere-minute\/","og_locale":"fr_FR","og_type":"article","og_title":"Il y a an nous quittait B\u00e9ji Ca\u00efd Essebsi : Le privil\u00e8ge de servir la Tunisie jusqu\u2019\u00e0 la derni\u00e8re minute - Kapitalis","og_description":"Il y a un an jour pour jour mourait l\u2019ex-pr\u00e9sident de la r\u00e9publique B\u00e9ji Ca\u00efd Essebsi, le jour m\u00eame de la c\u00e9l\u00e9bration de la f\u00eate de la r\u00e9publique, \u00e0 l\u2019\u00e2ge de 93 ans. Il avait trouv\u00e9 un pays au bord de l\u2019implosion, il l\u2019a r\u00e9concili\u00e9 et pacifi\u00e9, mais un an apr\u00e8s sa mort, les d\u00e9mons...","og_url":"https:\/\/kapitalis.com\/tunisie\/2020\/07\/25\/il-y-a-an-nous-quittait-beji-caid-essebsi-le-privilege-de-servir-la-tunisie-jusqua-la-derniere-minute\/","og_site_name":"Kapitalis","article_publisher":"https:\/\/www.facebook.com\/KapitalisInfo\/","article_published_time":"2020-07-25T09:05:13+00:00","article_modified_time":"2020-07-25T09:05:15+00:00","og_image":[{"url":"http:\/\/kapitalis.com\/tunisie\/wp-content\/uploads\/2019\/07\/Beji-Caid-Essebsi-1.jpg","type":"","width":"","height":""}],"author":"webmaster kapitalis","twitter_card":"summary_large_image","twitter_creator":"@KapitalisInfo","twitter_site":"@KapitalisInfo","twitter_misc":{"\u00c9crit par":"webmaster kapitalis","Dur\u00e9e de lecture estim\u00e9e":"2 minutes"},"schema":{"@context":"https:\/\/schema.org","@graph":[{"@type":"Article","@id":"https:\/\/kapitalis.com\/tunisie\/2020\/07\/25\/il-y-a-an-nous-quittait-beji-caid-essebsi-le-privilege-de-servir-la-tunisie-jusqua-la-derniere-minute\/#article","isPartOf":{"@id":"https:\/\/kapitalis.com\/tunisie\/2020\/07\/25\/il-y-a-an-nous-quittait-beji-caid-essebsi-le-privilege-de-servir-la-tunisie-jusqua-la-derniere-minute\/"},"author":{"name":"webmaster kapitalis","@id":"https:\/\/kapitalis.com\/tunisie\/#\/schema\/person\/d71f33a9ca44f7bad4698210b480c8e9"},"headline":"Il y a an nous quittait B\u00e9ji Ca\u00efd Essebsi : Le privil\u00e8ge de servir la Tunisie jusqu\u2019\u00e0 la derni\u00e8re minute","datePublished":"2020-07-25T09:05:13+00:00","dateModified":"2020-07-25T09:05:15+00:00","mainEntityOfPage":{"@id":"https:\/\/kapitalis.com\/tunisie\/2020\/07\/25\/il-y-a-an-nous-quittait-beji-caid-essebsi-le-privilege-de-servir-la-tunisie-jusqua-la-derniere-minute\/"},"wordCount":387,"commentCount":5,"publisher":{"@id":"https:\/\/kapitalis.com\/tunisie\/#organization"},"image":{"@id":"https:\/\/kapitalis.com\/tunisie\/2020\/07\/25\/il-y-a-an-nous-quittait-beji-caid-essebsi-le-privilege-de-servir-la-tunisie-jusqua-la-derniere-minute\/#primaryimage"},"thumbnailUrl":"http:\/\/kapitalis.com\/tunisie\/wp-content\/uploads\/2019\/07\/Beji-Caid-Essebsi-1.jpg","keywords":["B\u00e9ji Ca\u00efd Essebsi"],"articleSection":["POLITIQUE","Tunisie"],"inLanguage":"fr-FR","potentialAction":[{"@type":"CommentAction","name":"Comment","target":["https:\/\/kapitalis.com\/tunisie\/2020\/07\/25\/il-y-a-an-nous-quittait-beji-caid-essebsi-le-privilege-de-servir-la-tunisie-jusqua-la-derniere-minute\/#respond"]}]},{"@type":"WebPage","@id":"https:\/\/kapitalis.com\/tunisie\/2020\/07\/25\/il-y-a-an-nous-quittait-beji-caid-essebsi-le-privilege-de-servir-la-tunisie-jusqua-la-derniere-minute\/","url":"https:\/\/kapitalis.com\/tunisie\/2020\/07\/25\/il-y-a-an-nous-quittait-beji-caid-essebsi-le-privilege-de-servir-la-tunisie-jusqua-la-derniere-minute\/","name":"Il y a an nous quittait B\u00e9ji Ca\u00efd Essebsi : Le privil\u00e8ge de servir la Tunisie jusqu\u2019\u00e0 la derni\u00e8re minute - Kapitalis","isPartOf":{"@id":"https:\/\/kapitalis.com\/tunisie\/#website"},"primaryImageOfPage":{"@id":"https:\/\/kapitalis.com\/tunisie\/2020\/07\/25\/il-y-a-an-nous-quittait-beji-caid-essebsi-le-privilege-de-servir-la-tunisie-jusqua-la-derniere-minute\/#primaryimage"},"image":{"@id":"https:\/\/kapitalis.com\/tunisie\/2020\/07\/25\/il-y-a-an-nous-quittait-beji-caid-essebsi-le-privilege-de-servir-la-tunisie-jusqua-la-derniere-minute\/#primaryimage"},"thumbnailUrl":"http:\/\/kapitalis.com\/tunisie\/wp-content\/uploads\/2019\/07\/Beji-Caid-Essebsi-1.jpg","datePublished":"2020-07-25T09:05:13+00:00","dateModified":"2020-07-25T09:05:15+00:00","breadcrumb":{"@id":"https:\/\/kapitalis.com\/tunisie\/2020\/07\/25\/il-y-a-an-nous-quittait-beji-caid-essebsi-le-privilege-de-servir-la-tunisie-jusqua-la-derniere-minute\/#breadcrumb"},"inLanguage":"fr-FR","potentialAction":[{"@type":"ReadAction","target":["https:\/\/kapitalis.com\/tunisie\/2020\/07\/25\/il-y-a-an-nous-quittait-beji-caid-essebsi-le-privilege-de-servir-la-tunisie-jusqua-la-derniere-minute\/"]}]},{"@type":"ImageObject","inLanguage":"fr-FR","@id":"https:\/\/kapitalis.com\/tunisie\/2020\/07\/25\/il-y-a-an-nous-quittait-beji-caid-essebsi-le-privilege-de-servir-la-tunisie-jusqua-la-derniere-minute\/#primaryimage","url":"","contentUrl":""},{"@type":"BreadcrumbList","@id":"https:\/\/kapitalis.com\/tunisie\/2020\/07\/25\/il-y-a-an-nous-quittait-beji-caid-essebsi-le-privilege-de-servir-la-tunisie-jusqua-la-derniere-minute\/#breadcrumb","itemListElement":[{"@type":"ListItem","position":1,"name":"Accueil","item":"https:\/\/kapitalis.com\/tunisie\/"},{"@type":"ListItem","position":2,"name":"Il y a an nous quittait B\u00e9ji Ca\u00efd Essebsi : Le privil\u00e8ge de servir la Tunisie jusqu\u2019\u00e0 la derni\u00e8re minute"}]},{"@type":"WebSite","@id":"https:\/\/kapitalis.com\/tunisie\/#website","url":"https:\/\/kapitalis.com\/tunisie\/","name":"Kapitalis","description":"L&#039;actualit\u00e9 en Tunisie et dans le monde","publisher":{"@id":"https:\/\/kapitalis.com\/tunisie\/#organization"},"potentialAction":[{"@type":"SearchAction","target":{"@type":"EntryPoint","urlTemplate":"https:\/\/kapitalis.com\/tunisie\/?s={search_term_string}"},"query-input":{"@type":"PropertyValueSpecification","valueRequired":true,"valueName":"search_term_string"}}],"inLanguage":"fr-FR"},{"@type":"Organization","@id":"https:\/\/kapitalis.com\/tunisie\/#organization","name":"Kapitalis","url":"https:\/\/kapitalis.com\/tunisie\/","logo":{"@type":"ImageObject","inLanguage":"fr-FR","@id":"https:\/\/kapitalis.com\/tunisie\/#\/schema\/logo\/image\/","url":"https:\/\/kapitalis.com\/tunisie\/wp-content\/uploads\/2022\/05\/Kapitalis-big-size.png","contentUrl":"https:\/\/kapitalis.com\/tunisie\/wp-content\/uploads\/2022\/05\/Kapitalis-big-size.png","width":5000,"height":1500,"caption":"Kapitalis"},"image":{"@id":"https:\/\/kapitalis.com\/tunisie\/#\/schema\/logo\/image\/"},"sameAs":["https:\/\/www.facebook.com\/KapitalisInfo\/","https:\/\/x.com\/KapitalisInfo","https:\/\/www.youtube.com\/channel\/UC-yDYrHyfFBWWZaOw3FPg9Q"]},{"@type":"Person","@id":"https:\/\/kapitalis.com\/tunisie\/#\/schema\/person\/d71f33a9ca44f7bad4698210b480c8e9","name":"webmaster kapitalis","url":"https:\/\/kapitalis.com\/tunisie\/author\/webmaster-kapitalis\/"}]}},"_links":{"self":[{"href":"https:\/\/kapitalis.com\/tunisie\/wp-json\/wp\/v2\/posts\/309368","targetHints":{"allow":["GET"]}}],"collection":[{"href":"https:\/\/kapitalis.com\/tunisie\/wp-json\/wp\/v2\/posts"}],"about":[{"href":"https:\/\/kapitalis.com\/tunisie\/wp-json\/wp\/v2\/types\/post"}],"author":[{"embeddable":true,"href":"https:\/\/kapitalis.com\/tunisie\/wp-json\/wp\/v2\/users\/8"}],"replies":[{"embeddable":true,"href":"https:\/\/kapitalis.com\/tunisie\/wp-json\/wp\/v2\/comments?post=309368"}],"version-history":[{"count":0,"href":"https:\/\/kapitalis.com\/tunisie\/wp-json\/wp\/v2\/posts\/309368\/revisions"}],"wp:attachment":[{"href":"https:\/\/kapitalis.com\/tunisie\/wp-json\/wp\/v2\/media?parent=309368"}],"wp:term":[{"taxonomy":"category","embeddable":true,"href":"https:\/\/kapitalis.com\/tunisie\/wp-json\/wp\/v2\/categories?post=309368"},{"taxonomy":"post_tag","embeddable":true,"href":"https:\/\/kapitalis.com\/tunisie\/wp-json\/wp\/v2\/tags?post=309368"}],"curies":[{"name":"wp","href":"https:\/\/api.w.org\/{rel}","templated":true}]}}