{"id":30956,"date":"2015-12-17T21:33:38","date_gmt":"2015-12-17T20:33:38","guid":{"rendered":"http:\/\/kapitalis.com\/tunisie\/?p=30956"},"modified":"2015-12-18T09:37:35","modified_gmt":"2015-12-18T08:37:35","slug":"caid-essebsi-raille-lazhar-akremi-le-feu-ne-laisse-que-des-cendres","status":"publish","type":"post","link":"https:\/\/kapitalis.com\/tunisie\/2015\/12\/17\/caid-essebsi-raille-lazhar-akremi-le-feu-ne-laisse-que-des-cendres\/","title":{"rendered":"Ca\u00efd Essebsi raille Lazhar Akremi: \u00ab\u00a0Le feu ne laisse que des cendres\u00a0\u00bb"},"content":{"rendered":"<div class=\"embed\">\n<div class=\"video\"><iframe loading=\"lazy\" id=\"div1\" src=\"https:\/\/www.youtube.com\/embed\/HA1NZmYL9yY?rel=0&amp;iv_load_policy=3&amp;showinfo=0&amp;modestbranding=1&amp;fs=1\" width=\"560\" height=\"315\" frameborder=\"0\" allowfullscreen=\"allowfullscreen\"><\/iframe><\/div>\n<\/div>\n<p><em><strong>Le pr\u00e9sident de la r\u00e9publique Beji Ca\u00efd Essebsi a comment\u00e9 les accusations port\u00e9es \u00e0 son encontre par un dirigeant du parti Nidaa Tounes qui l&rsquo;avait qualifi\u00e9 de \u00ab\u00a0non d\u00e9mocrate\u00a0\u00bb.<\/strong><\/em><\/p>\n<p>Au cours de l&rsquo;audience qu&rsquo;il a accord\u00e9e aujourd&rsquo;hui \u00e0 des d\u00e9put\u00e9s repr\u00e9sentant le gouvernorat de Sidi Bouzid, le chef de l&rsquo;Etat a d\u00e9clar\u00e9: \u00ab\u00a0<em>Un membre du parti que j&rsquo;ai cr\u00e9\u00e9 a pr\u00e9tendu que Beji Ca\u00efd Essebsi ne croit pas \u00e0 la d\u00e9mocratie. Que voulez-vous que je lui dise? Je lui dirais quelque chose dont j&rsquo;esp\u00e8re qu&rsquo;il ne sera pas f\u00e2ch\u00e9: le feu ne laisse que des cendres!\u00a0\u00bb<\/em>.<\/p>\n<p>Si le pr\u00e9sident de la r\u00e9publique n&rsquo;a pas cit\u00e9 nomm\u00e9ment le dirigeant en question, il est fort probable qu&rsquo;il faisait allusion \u00e0 Lazhar Akremi qui l&rsquo;avait accus\u00e9, \u00e0 maintes reprises, d&rsquo;\u00eatre un non d\u00e9mocrate.<\/p>\n<p>\u00ab\u00a0<em>Le feu ne laisse que des cendres\u00a0\u00bb<\/em> est un dicton tunisien qui laisse penser que le pr\u00e9sident Ca\u00efd Essebsi voulait dire que Lazhar Akremi, qui descend d&rsquo;une famille de militants nationalistes connus, dont notamment son p\u00e8re et son oncle, ne s&rsquo;est pas av\u00e9r\u00e9 \u00e0 la hauteur de la r\u00e9putation familiale.<\/p>\n<p>Lazhar Akremi a commis un crime de l\u00e8se-majest\u00e9 en critiquant l&rsquo;appui inconditionnel de B\u00e9ji Ca\u00efd Essebsi \u00e0 son fils Hafedh dans la crise actuelle de Nidaa Tounes. Le commentaire cynique du pr\u00e9sident de la r\u00e9publique ne le grandit pas. Il ne minimise pas non plus Lazhar Akremi, qui a os\u00e9 dire non \u00e0 celui qui se prend aujourd&rsquo;hui pour Bourguiba et qui est en train de mettre en place un r\u00e9gime semi-autoritaire. Faute de moyens&#8230;<\/p>\n<p style=\"text-align: right;\"><strong>H. A.<\/strong><\/p>\n","protected":false},"excerpt":{"rendered":"<p>Le pr\u00e9sident de la r\u00e9publique Beji Ca\u00efd Essebsi a comment\u00e9 les accusations port\u00e9es \u00e0 son encontre par un dirigeant du parti Nidaa Tounes qui l&rsquo;avait qualifi\u00e9 de \u00ab\u00a0non d\u00e9mocrate\u00a0\u00bb. Au cours de l&rsquo;audience qu&rsquo;il a accord\u00e9e aujourd&rsquo;hui \u00e0 des d\u00e9put\u00e9s repr\u00e9sentant le gouvernorat de Sidi Bouzid, le chef de l&rsquo;Etat a d\u00e9clar\u00e9: \u00ab\u00a0Un membre du&#8230;<\/p>\n","protected":false},"author":13,"featured_media":30958,"comment_status":"open","ping_status":"open","sticky":false,"template":"","format":"standard","meta":{"footnotes":""},"categories":[4806],"tags":[271,536],"class_list":["post-30956","post","type-post","status-publish","format-standard","has-post-thumbnail","hentry","category-videos","tag-democratie","tag-lazhar-akremi"],"yoast_head":"<!-- This site is optimized with the Yoast SEO plugin v26.6 - https:\/\/yoast.com\/wordpress\/plugins\/seo\/ -->\n<title>Ca\u00efd Essebsi raille Lazhar Akremi: &quot;Le feu ne laisse que des cendres&quot; - Kapitalis<\/title>\n<meta name=\"robots\" content=\"index, follow, max-snippet:-1, max-image-preview:large, max-video-preview:-1\" \/>\n<link rel=\"canonical\" href=\"https:\/\/kapitalis.com\/tunisie\/2015\/12\/17\/caid-essebsi-raille-lazhar-akremi-le-feu-ne-laisse-que-des-cendres\/\" \/>\n<meta property=\"og:locale\" content=\"fr_FR\" \/>\n<meta property=\"og:type\" content=\"article\" \/>\n<meta property=\"og:title\" content=\"Ca\u00efd Essebsi raille Lazhar Akremi: &quot;Le feu ne laisse que des cendres&quot; - Kapitalis\" \/>\n<meta property=\"og:description\" content=\"Le pr\u00e9sident de la r\u00e9publique Beji Ca\u00efd Essebsi a comment\u00e9 les accusations port\u00e9es \u00e0 son encontre par un dirigeant du parti Nidaa Tounes qui l&rsquo;avait qualifi\u00e9 de \u00ab\u00a0non d\u00e9mocrate\u00a0\u00bb. Au cours de l&rsquo;audience qu&rsquo;il a accord\u00e9e aujourd&rsquo;hui \u00e0 des d\u00e9put\u00e9s repr\u00e9sentant le gouvernorat de Sidi Bouzid, le chef de l&rsquo;Etat a d\u00e9clar\u00e9: \u00ab\u00a0Un membre du...\" \/>\n<meta property=\"og:url\" content=\"https:\/\/kapitalis.com\/tunisie\/2015\/12\/17\/caid-essebsi-raille-lazhar-akremi-le-feu-ne-laisse-que-des-cendres\/\" \/>\n<meta property=\"og:site_name\" content=\"Kapitalis\" \/>\n<meta property=\"article:publisher\" content=\"https:\/\/www.facebook.com\/KapitalisInfo\/\" \/>\n<meta property=\"article:published_time\" content=\"2015-12-17T20:33:38+00:00\" \/>\n<meta property=\"article:modified_time\" content=\"2015-12-18T08:37:35+00:00\" \/>\n<meta property=\"og:image\" content=\"https:\/\/kapitalis.com\/tunisie\/wp-content\/uploads\/2022\/05\/kapitalis-logo-fb.png\" \/>\n\t<meta property=\"og:image:width\" content=\"1200\" \/>\n\t<meta property=\"og:image:height\" content=\"630\" \/>\n\t<meta property=\"og:image:type\" content=\"image\/png\" \/>\n<meta name=\"author\" content=\"webmaster aux\" \/>\n<meta name=\"twitter:card\" content=\"summary_large_image\" \/>\n<meta name=\"twitter:creator\" content=\"@KapitalisInfo\" \/>\n<meta name=\"twitter:site\" content=\"@KapitalisInfo\" \/>\n<meta name=\"twitter:label1\" content=\"\u00c9crit par\" \/>\n\t<meta name=\"twitter:data1\" content=\"webmaster aux\" \/>\n\t<meta name=\"twitter:label2\" content=\"Dur\u00e9e de lecture estim\u00e9e\" \/>\n\t<meta name=\"twitter:data2\" content=\"1 minute\" \/>\n<script type=\"application\/ld+json\" class=\"yoast-schema-graph\">{\"@context\":\"https:\/\/schema.org\",\"@graph\":[{\"@type\":\"Article\",\"@id\":\"https:\/\/kapitalis.com\/tunisie\/2015\/12\/17\/caid-essebsi-raille-lazhar-akremi-le-feu-ne-laisse-que-des-cendres\/#article\",\"isPartOf\":{\"@id\":\"https:\/\/kapitalis.com\/tunisie\/2015\/12\/17\/caid-essebsi-raille-lazhar-akremi-le-feu-ne-laisse-que-des-cendres\/\"},\"author\":{\"name\":\"webmaster aux\",\"@id\":\"https:\/\/kapitalis.com\/tunisie\/#\/schema\/person\/aa8b4a429805c4e3f0713a3c3f95212b\"},\"headline\":\"Ca\u00efd Essebsi raille Lazhar Akremi: \u00ab\u00a0Le feu ne laisse que des cendres\u00a0\u00bb\",\"datePublished\":\"2015-12-17T20:33:38+00:00\",\"dateModified\":\"2015-12-18T08:37:35+00:00\",\"mainEntityOfPage\":{\"@id\":\"https:\/\/kapitalis.com\/tunisie\/2015\/12\/17\/caid-essebsi-raille-lazhar-akremi-le-feu-ne-laisse-que-des-cendres\/\"},\"wordCount\":293,\"commentCount\":0,\"publisher\":{\"@id\":\"https:\/\/kapitalis.com\/tunisie\/#organization\"},\"image\":{\"@id\":\"https:\/\/kapitalis.com\/tunisie\/2015\/12\/17\/caid-essebsi-raille-lazhar-akremi-le-feu-ne-laisse-que-des-cendres\/#primaryimage\"},\"thumbnailUrl\":\"\",\"keywords\":[\"d\u00e9mocratie\",\"Lazhar Akremi\"],\"articleSection\":[\"VIDEOS\"],\"inLanguage\":\"fr-FR\",\"potentialAction\":[{\"@type\":\"CommentAction\",\"name\":\"Comment\",\"target\":[\"https:\/\/kapitalis.com\/tunisie\/2015\/12\/17\/caid-essebsi-raille-lazhar-akremi-le-feu-ne-laisse-que-des-cendres\/#respond\"]}]},{\"@type\":\"WebPage\",\"@id\":\"https:\/\/kapitalis.com\/tunisie\/2015\/12\/17\/caid-essebsi-raille-lazhar-akremi-le-feu-ne-laisse-que-des-cendres\/\",\"url\":\"https:\/\/kapitalis.com\/tunisie\/2015\/12\/17\/caid-essebsi-raille-lazhar-akremi-le-feu-ne-laisse-que-des-cendres\/\",\"name\":\"Ca\u00efd Essebsi raille Lazhar Akremi: \\\"Le feu ne laisse que des cendres\\\" - Kapitalis\",\"isPartOf\":{\"@id\":\"https:\/\/kapitalis.com\/tunisie\/#website\"},\"primaryImageOfPage\":{\"@id\":\"https:\/\/kapitalis.com\/tunisie\/2015\/12\/17\/caid-essebsi-raille-lazhar-akremi-le-feu-ne-laisse-que-des-cendres\/#primaryimage\"},\"image\":{\"@id\":\"https:\/\/kapitalis.com\/tunisie\/2015\/12\/17\/caid-essebsi-raille-lazhar-akremi-le-feu-ne-laisse-que-des-cendres\/#primaryimage\"},\"thumbnailUrl\":\"\",\"datePublished\":\"2015-12-17T20:33:38+00:00\",\"dateModified\":\"2015-12-18T08:37:35+00:00\",\"breadcrumb\":{\"@id\":\"https:\/\/kapitalis.com\/tunisie\/2015\/12\/17\/caid-essebsi-raille-lazhar-akremi-le-feu-ne-laisse-que-des-cendres\/#breadcrumb\"},\"inLanguage\":\"fr-FR\",\"potentialAction\":[{\"@type\":\"ReadAction\",\"target\":[\"https:\/\/kapitalis.com\/tunisie\/2015\/12\/17\/caid-essebsi-raille-lazhar-akremi-le-feu-ne-laisse-que-des-cendres\/\"]}]},{\"@type\":\"ImageObject\",\"inLanguage\":\"fr-FR\",\"@id\":\"https:\/\/kapitalis.com\/tunisie\/2015\/12\/17\/caid-essebsi-raille-lazhar-akremi-le-feu-ne-laisse-que-des-cendres\/#primaryimage\",\"url\":\"\",\"contentUrl\":\"\"},{\"@type\":\"BreadcrumbList\",\"@id\":\"https:\/\/kapitalis.com\/tunisie\/2015\/12\/17\/caid-essebsi-raille-lazhar-akremi-le-feu-ne-laisse-que-des-cendres\/#breadcrumb\",\"itemListElement\":[{\"@type\":\"ListItem\",\"position\":1,\"name\":\"Accueil\",\"item\":\"https:\/\/kapitalis.com\/tunisie\/\"},{\"@type\":\"ListItem\",\"position\":2,\"name\":\"Ca\u00efd Essebsi raille Lazhar Akremi: \u00ab\u00a0Le feu ne laisse que des cendres\u00a0\u00bb\"}]},{\"@type\":\"WebSite\",\"@id\":\"https:\/\/kapitalis.com\/tunisie\/#website\",\"url\":\"https:\/\/kapitalis.com\/tunisie\/\",\"name\":\"Kapitalis\",\"description\":\"L&#039;actualit\u00e9 en Tunisie et dans le monde\",\"publisher\":{\"@id\":\"https:\/\/kapitalis.com\/tunisie\/#organization\"},\"potentialAction\":[{\"@type\":\"SearchAction\",\"target\":{\"@type\":\"EntryPoint\",\"urlTemplate\":\"https:\/\/kapitalis.com\/tunisie\/?s={search_term_string}\"},\"query-input\":{\"@type\":\"PropertyValueSpecification\",\"valueRequired\":true,\"valueName\":\"search_term_string\"}}],\"inLanguage\":\"fr-FR\"},{\"@type\":\"Organization\",\"@id\":\"https:\/\/kapitalis.com\/tunisie\/#organization\",\"name\":\"Kapitalis\",\"url\":\"https:\/\/kapitalis.com\/tunisie\/\",\"logo\":{\"@type\":\"ImageObject\",\"inLanguage\":\"fr-FR\",\"@id\":\"https:\/\/kapitalis.com\/tunisie\/#\/schema\/logo\/image\/\",\"url\":\"https:\/\/kapitalis.com\/tunisie\/wp-content\/uploads\/2022\/05\/Kapitalis-big-size.png\",\"contentUrl\":\"https:\/\/kapitalis.com\/tunisie\/wp-content\/uploads\/2022\/05\/Kapitalis-big-size.png\",\"width\":5000,\"height\":1500,\"caption\":\"Kapitalis\"},\"image\":{\"@id\":\"https:\/\/kapitalis.com\/tunisie\/#\/schema\/logo\/image\/\"},\"sameAs\":[\"https:\/\/www.facebook.com\/KapitalisInfo\/\",\"https:\/\/x.com\/KapitalisInfo\",\"https:\/\/www.youtube.com\/channel\/UC-yDYrHyfFBWWZaOw3FPg9Q\"]},{\"@type\":\"Person\",\"@id\":\"https:\/\/kapitalis.com\/tunisie\/#\/schema\/person\/aa8b4a429805c4e3f0713a3c3f95212b\",\"name\":\"webmaster aux\",\"url\":\"https:\/\/kapitalis.com\/tunisie\/author\/webmasteraux\/\"}]}<\/script>\n<!-- \/ Yoast SEO plugin. -->","yoast_head_json":{"title":"Ca\u00efd Essebsi raille Lazhar Akremi: \"Le feu ne laisse que des cendres\" - Kapitalis","robots":{"index":"index","follow":"follow","max-snippet":"max-snippet:-1","max-image-preview":"max-image-preview:large","max-video-preview":"max-video-preview:-1"},"canonical":"https:\/\/kapitalis.com\/tunisie\/2015\/12\/17\/caid-essebsi-raille-lazhar-akremi-le-feu-ne-laisse-que-des-cendres\/","og_locale":"fr_FR","og_type":"article","og_title":"Ca\u00efd Essebsi raille Lazhar Akremi: \"Le feu ne laisse que des cendres\" - Kapitalis","og_description":"Le pr\u00e9sident de la r\u00e9publique Beji Ca\u00efd Essebsi a comment\u00e9 les accusations port\u00e9es \u00e0 son encontre par un dirigeant du parti Nidaa Tounes qui l&rsquo;avait qualifi\u00e9 de \u00ab\u00a0non d\u00e9mocrate\u00a0\u00bb. Au cours de l&rsquo;audience qu&rsquo;il a accord\u00e9e aujourd&rsquo;hui \u00e0 des d\u00e9put\u00e9s repr\u00e9sentant le gouvernorat de Sidi Bouzid, le chef de l&rsquo;Etat a d\u00e9clar\u00e9: \u00ab\u00a0Un membre du...","og_url":"https:\/\/kapitalis.com\/tunisie\/2015\/12\/17\/caid-essebsi-raille-lazhar-akremi-le-feu-ne-laisse-que-des-cendres\/","og_site_name":"Kapitalis","article_publisher":"https:\/\/www.facebook.com\/KapitalisInfo\/","article_published_time":"2015-12-17T20:33:38+00:00","article_modified_time":"2015-12-18T08:37:35+00:00","og_image":[{"width":1200,"height":630,"url":"https:\/\/kapitalis.com\/tunisie\/wp-content\/uploads\/2022\/05\/kapitalis-logo-fb.png","type":"image\/png"}],"author":"webmaster aux","twitter_card":"summary_large_image","twitter_creator":"@KapitalisInfo","twitter_site":"@KapitalisInfo","twitter_misc":{"\u00c9crit par":"webmaster aux","Dur\u00e9e de lecture estim\u00e9e":"1 minute"},"schema":{"@context":"https:\/\/schema.org","@graph":[{"@type":"Article","@id":"https:\/\/kapitalis.com\/tunisie\/2015\/12\/17\/caid-essebsi-raille-lazhar-akremi-le-feu-ne-laisse-que-des-cendres\/#article","isPartOf":{"@id":"https:\/\/kapitalis.com\/tunisie\/2015\/12\/17\/caid-essebsi-raille-lazhar-akremi-le-feu-ne-laisse-que-des-cendres\/"},"author":{"name":"webmaster aux","@id":"https:\/\/kapitalis.com\/tunisie\/#\/schema\/person\/aa8b4a429805c4e3f0713a3c3f95212b"},"headline":"Ca\u00efd Essebsi raille Lazhar Akremi: \u00ab\u00a0Le feu ne laisse que des cendres\u00a0\u00bb","datePublished":"2015-12-17T20:33:38+00:00","dateModified":"2015-12-18T08:37:35+00:00","mainEntityOfPage":{"@id":"https:\/\/kapitalis.com\/tunisie\/2015\/12\/17\/caid-essebsi-raille-lazhar-akremi-le-feu-ne-laisse-que-des-cendres\/"},"wordCount":293,"commentCount":0,"publisher":{"@id":"https:\/\/kapitalis.com\/tunisie\/#organization"},"image":{"@id":"https:\/\/kapitalis.com\/tunisie\/2015\/12\/17\/caid-essebsi-raille-lazhar-akremi-le-feu-ne-laisse-que-des-cendres\/#primaryimage"},"thumbnailUrl":"","keywords":["d\u00e9mocratie","Lazhar Akremi"],"articleSection":["VIDEOS"],"inLanguage":"fr-FR","potentialAction":[{"@type":"CommentAction","name":"Comment","target":["https:\/\/kapitalis.com\/tunisie\/2015\/12\/17\/caid-essebsi-raille-lazhar-akremi-le-feu-ne-laisse-que-des-cendres\/#respond"]}]},{"@type":"WebPage","@id":"https:\/\/kapitalis.com\/tunisie\/2015\/12\/17\/caid-essebsi-raille-lazhar-akremi-le-feu-ne-laisse-que-des-cendres\/","url":"https:\/\/kapitalis.com\/tunisie\/2015\/12\/17\/caid-essebsi-raille-lazhar-akremi-le-feu-ne-laisse-que-des-cendres\/","name":"Ca\u00efd Essebsi raille Lazhar Akremi: \"Le feu ne laisse que des cendres\" - Kapitalis","isPartOf":{"@id":"https:\/\/kapitalis.com\/tunisie\/#website"},"primaryImageOfPage":{"@id":"https:\/\/kapitalis.com\/tunisie\/2015\/12\/17\/caid-essebsi-raille-lazhar-akremi-le-feu-ne-laisse-que-des-cendres\/#primaryimage"},"image":{"@id":"https:\/\/kapitalis.com\/tunisie\/2015\/12\/17\/caid-essebsi-raille-lazhar-akremi-le-feu-ne-laisse-que-des-cendres\/#primaryimage"},"thumbnailUrl":"","datePublished":"2015-12-17T20:33:38+00:00","dateModified":"2015-12-18T08:37:35+00:00","breadcrumb":{"@id":"https:\/\/kapitalis.com\/tunisie\/2015\/12\/17\/caid-essebsi-raille-lazhar-akremi-le-feu-ne-laisse-que-des-cendres\/#breadcrumb"},"inLanguage":"fr-FR","potentialAction":[{"@type":"ReadAction","target":["https:\/\/kapitalis.com\/tunisie\/2015\/12\/17\/caid-essebsi-raille-lazhar-akremi-le-feu-ne-laisse-que-des-cendres\/"]}]},{"@type":"ImageObject","inLanguage":"fr-FR","@id":"https:\/\/kapitalis.com\/tunisie\/2015\/12\/17\/caid-essebsi-raille-lazhar-akremi-le-feu-ne-laisse-que-des-cendres\/#primaryimage","url":"","contentUrl":""},{"@type":"BreadcrumbList","@id":"https:\/\/kapitalis.com\/tunisie\/2015\/12\/17\/caid-essebsi-raille-lazhar-akremi-le-feu-ne-laisse-que-des-cendres\/#breadcrumb","itemListElement":[{"@type":"ListItem","position":1,"name":"Accueil","item":"https:\/\/kapitalis.com\/tunisie\/"},{"@type":"ListItem","position":2,"name":"Ca\u00efd Essebsi raille Lazhar Akremi: \u00ab\u00a0Le feu ne laisse que des cendres\u00a0\u00bb"}]},{"@type":"WebSite","@id":"https:\/\/kapitalis.com\/tunisie\/#website","url":"https:\/\/kapitalis.com\/tunisie\/","name":"Kapitalis","description":"L&#039;actualit\u00e9 en Tunisie et dans le monde","publisher":{"@id":"https:\/\/kapitalis.com\/tunisie\/#organization"},"potentialAction":[{"@type":"SearchAction","target":{"@type":"EntryPoint","urlTemplate":"https:\/\/kapitalis.com\/tunisie\/?s={search_term_string}"},"query-input":{"@type":"PropertyValueSpecification","valueRequired":true,"valueName":"search_term_string"}}],"inLanguage":"fr-FR"},{"@type":"Organization","@id":"https:\/\/kapitalis.com\/tunisie\/#organization","name":"Kapitalis","url":"https:\/\/kapitalis.com\/tunisie\/","logo":{"@type":"ImageObject","inLanguage":"fr-FR","@id":"https:\/\/kapitalis.com\/tunisie\/#\/schema\/logo\/image\/","url":"https:\/\/kapitalis.com\/tunisie\/wp-content\/uploads\/2022\/05\/Kapitalis-big-size.png","contentUrl":"https:\/\/kapitalis.com\/tunisie\/wp-content\/uploads\/2022\/05\/Kapitalis-big-size.png","width":5000,"height":1500,"caption":"Kapitalis"},"image":{"@id":"https:\/\/kapitalis.com\/tunisie\/#\/schema\/logo\/image\/"},"sameAs":["https:\/\/www.facebook.com\/KapitalisInfo\/","https:\/\/x.com\/KapitalisInfo","https:\/\/www.youtube.com\/channel\/UC-yDYrHyfFBWWZaOw3FPg9Q"]},{"@type":"Person","@id":"https:\/\/kapitalis.com\/tunisie\/#\/schema\/person\/aa8b4a429805c4e3f0713a3c3f95212b","name":"webmaster aux","url":"https:\/\/kapitalis.com\/tunisie\/author\/webmasteraux\/"}]}},"_links":{"self":[{"href":"https:\/\/kapitalis.com\/tunisie\/wp-json\/wp\/v2\/posts\/30956","targetHints":{"allow":["GET"]}}],"collection":[{"href":"https:\/\/kapitalis.com\/tunisie\/wp-json\/wp\/v2\/posts"}],"about":[{"href":"https:\/\/kapitalis.com\/tunisie\/wp-json\/wp\/v2\/types\/post"}],"author":[{"embeddable":true,"href":"https:\/\/kapitalis.com\/tunisie\/wp-json\/wp\/v2\/users\/13"}],"replies":[{"embeddable":true,"href":"https:\/\/kapitalis.com\/tunisie\/wp-json\/wp\/v2\/comments?post=30956"}],"version-history":[{"count":0,"href":"https:\/\/kapitalis.com\/tunisie\/wp-json\/wp\/v2\/posts\/30956\/revisions"}],"wp:featuredmedia":[{"embeddable":true,"href":"https:\/\/kapitalis.com\/tunisie\/wp-json\/wp\/v2\/media\/30958"}],"wp:attachment":[{"href":"https:\/\/kapitalis.com\/tunisie\/wp-json\/wp\/v2\/media?parent=30956"}],"wp:term":[{"taxonomy":"category","embeddable":true,"href":"https:\/\/kapitalis.com\/tunisie\/wp-json\/wp\/v2\/categories?post=30956"},{"taxonomy":"post_tag","embeddable":true,"href":"https:\/\/kapitalis.com\/tunisie\/wp-json\/wp\/v2\/tags?post=30956"}],"curies":[{"name":"wp","href":"https:\/\/api.w.org\/{rel}","templated":true}]}}