{"id":309583,"date":"2020-07-27T15:06:55","date_gmt":"2020-07-27T14:06:55","guid":{"rendered":"http:\/\/kapitalis.com\/tunisie\/?p=309583"},"modified":"2020-07-27T16:55:10","modified_gmt":"2020-07-27T15:55:10","slug":"assiste-t-on-a-une-rupture-entre-le-president-saied-et-la-classe-politique","status":"publish","type":"post","link":"https:\/\/kapitalis.com\/tunisie\/2020\/07\/27\/assiste-t-on-a-une-rupture-entre-le-president-saied-et-la-classe-politique\/","title":{"rendered":"Assiste-t-on \u00e0 une rupture entre le pr\u00e9sident Sa\u00efed et la classe politique ?"},"content":{"rendered":"\n<figure class=\"wp-block-image size-large\"><img decoding=\"async\" src=\"http:\/\/kapitalis.com\/tunisie\/wp-content\/uploads\/2020\/07\/Kais-Saied-Martyrs-de-la-nation.jpg\" alt=\"\" class=\"wp-image-309584\"\/><\/figure>\n\n\n\n<p><strong><em>Certains signes ne trompent pas. Il suffit se scruter les faits et gestes du pr\u00e9sident de la r\u00e9publique Ka\u00efs Sa\u00efed pour comprendre qu\u2019un foss\u00e9 le s\u00e9pare d\u00e9sormais d\u2019une classe politique qui a perdu toute cr\u00e9dibilit\u00e9 et pour laquelle il n\u2019a d\u00e9sormais plus de consid\u00e9ration.<\/em><\/strong><\/p>\n\n\n\n<p>Par<strong> Khaled F\u00e9rid Bensoltane<\/strong> *<\/p>\n\n\n\n<!--more-->\n\n\n\n<div class=\"wp-block-image\"><figure class=\"alignleft size-large\"><img decoding=\"async\" src=\"http:\/\/kapitalis.com\/tunisie\/wp-content\/uploads\/2017\/04\/Khaled-Ferid-Bensoltane.jpg\" alt=\"\" class=\"wp-image-93790\"\/><\/figure><\/div>\n\n\n\n<p>Quand on propose au chef de l\u2019Etat des candidatures fantaisistes au poste de chef du gouvernement, notamment le pr\u00e9sident de la F\u00e9d\u00e9ration tunisienne de football (FTF), Wadii Al-Jari, le pr\u00e9sident de l\u2019Etoile sportive du Sahel (ESS) et d\u00e9put\u00e9, Ridha Charfeddine, qui a brill\u00e9 par son absent\u00e9isme \u00e0 l\u2019Assembl\u00e9e des repr\u00e9sentants du peuple (ARP), ainsi que des candidats sur qui p\u00e8sent des soup\u00e7ons de corruption, on peut donc comprendre la col\u00e8re et l\u2019irritation du pr\u00e9sident de la r\u00e9publique Ka\u00efs Sa\u00efed.<\/p>\n\n\n\n<p>On ne badine pas avec les responsabilit\u00e9s premi\u00e8res de l\u2019Etat, le chef du gouvernement m\u00e9rite une consid\u00e9ration particuli\u00e8re et assimiler sa fonction et ses comp\u00e9tences \u00e0 celles d\u2019un dirigeant sportif ou faire de lui un symbole de la corruption administrative et financi\u00e8re est inadmissible.<\/p>\n\n\n\n<p>Autre raison de cette rupture entre le chef de l\u2019Etat et la classe politique serait l\u2019activit\u00e9 r\u00e9duite des parlementaires, l\u2019entrave \u00e0 l\u2019\u00e9lection des membres \u00e0 la Cour Constitutionnelle et l\u2019image pour le moins d\u00e9gradante pr\u00e9sent\u00e9e du travail parlementaire pr\u00e9sent\u00e9e \u00e0 l\u2019occasion des s\u00e9ances pl\u00e9ni\u00e8res diffus\u00e9es en direct \u00e0 la t\u00e9l\u00e9vision : disputes, perte de temps, occupation des si\u00e8ges r\u00e9serv\u00e9s \u00e0 la pr\u00e9sidence, etc.<\/p>\n\n\n\n<p>Dans ces conditions, on peut comprendre, aussi, l\u2019absence du chef de l\u2019Etat \u00e0 l\u2019Assembl\u00e9e le jour la c\u00e9l\u00e9bration de la F\u00eate de la R\u00e9publique, le 25 juillet 2020, ces chers parlementaires ayant largement souill\u00e9 cette instance symbolisant la souverainet\u00e9 populaire.<\/p>\n\n\n\n<p>Autre \u00e9v\u00e9nement qui n\u2019a pas \u00e9chapp\u00e9 aux observateurs, le chef de l\u2019Etat s\u2019est d\u00e9plac\u00e9 seul, le m\u00eame jour, au cimeti\u00e8re du Jellaz, \u00e0 Tunis, pour se recueillir sur la tombe de son pr\u00e9d\u00e9cesseur Feu B\u00e9ji Ca\u00efd Essebsi, d\u00e9c\u00e9d\u00e9 un an auparavant jour pour jour, et sur celles des autres martyrs de la r\u00e9publique, notamment Salah Ben Youssef, Chokri Belaid et Mohamed Brahmi.<\/p>\n\n\n\n<p>Faire associer certains politicards \u00e0 ces c\u00e9r\u00e9monies aurait \u00e9t\u00e9, en effet, souiller la m\u00e9moire des hommes de la nation et c\u2019est peut \u00eatre ce message que M. Sa\u00efed a voulu envoyer \u00e0 certains de nos hommes politiques qui ne m\u00e9ritent ni respect ni consid\u00e9ration ni honneur.<\/p>\n\n\n\n<p><em>* Universitaire, sp\u00e9cialiste de droit public et international. <\/em><\/p>\n\n\n\n<h3 class=\"wp-block-heading\">Article du m\u00eame auteur dans Kapitalis : <\/h3>\n\n\n\n<figure class=\"wp-block-embed-wordpress wp-block-embed is-type-wp-embed is-provider-kapitalis\"><div class=\"wp-block-embed__wrapper\">\n<blockquote class=\"wp-embedded-content\" data-secret=\"tR0ZojjLfa\"><a href=\"https:\/\/kapitalis.com\/tunisie\/2017\/04\/29\/retablir-la-confiance-entre-les-tunisiens-et-leurs-dirigeants\/\">R\u00e9tablir la confiance entre les Tunisiens et leurs dirigeants<\/a><\/blockquote><iframe loading=\"lazy\" class=\"wp-embedded-content\" sandbox=\"allow-scripts\" security=\"restricted\" style=\"position: absolute; clip: rect(1px, 1px, 1px, 1px);\" title=\"\u00ab\u00a0R\u00e9tablir la confiance entre les Tunisiens et leurs dirigeants\u00a0\u00bb &#8212; Kapitalis\" src=\"https:\/\/kapitalis.com\/tunisie\/2017\/04\/29\/retablir-la-confiance-entre-les-tunisiens-et-leurs-dirigeants\/embed\/#?secret=P7o0vvPJw7#?secret=tR0ZojjLfa\" data-secret=\"tR0ZojjLfa\" width=\"600\" height=\"338\" frameborder=\"0\" marginwidth=\"0\" marginheight=\"0\" scrolling=\"no\"><\/iframe>\n<\/div><\/figure>\n","protected":false},"excerpt":{"rendered":"<p>Certains signes ne trompent pas. Il suffit se scruter les faits et gestes du pr\u00e9sident de la r\u00e9publique Ka\u00efs Sa\u00efed pour comprendre qu\u2019un foss\u00e9 le s\u00e9pare d\u00e9sormais d\u2019une classe politique qui a perdu toute cr\u00e9dibilit\u00e9 et pour laquelle il n\u2019a d\u00e9sormais plus de consid\u00e9ration. Par Khaled F\u00e9rid Bensoltane *<\/p>\n","protected":false},"author":8,"featured_media":309584,"comment_status":"open","ping_status":"open","sticky":false,"template":"","format":"standard","meta":{"footnotes":""},"categories":[992,997,1000,2433],"tags":[1108,204,12235,625,7491,13533,35301],"class_list":["post-309583","post","type-post","status-publish","format-standard","has-post-thumbnail","hentry","category-a-la-une","category-politique","category-tribune","category-tunisie","tag-beji-caid-essebsi","tag-chokri-belaid","tag-kais-saied","tag-mohamed-brahmi","tag-ridha-charfeddine","tag-salah-ben-youssef","tag-wadii-al-jari"],"yoast_head":"<!-- This site is optimized with the Yoast SEO plugin v26.6 - https:\/\/yoast.com\/wordpress\/plugins\/seo\/ -->\n<title>Assiste-t-on \u00e0 une rupture entre le pr\u00e9sident Sa\u00efed et la classe politique ? - Kapitalis<\/title>\n<meta name=\"robots\" content=\"index, follow, max-snippet:-1, max-image-preview:large, max-video-preview:-1\" \/>\n<link rel=\"canonical\" href=\"https:\/\/kapitalis.com\/tunisie\/2020\/07\/27\/assiste-t-on-a-une-rupture-entre-le-president-saied-et-la-classe-politique\/\" \/>\n<meta property=\"og:locale\" content=\"fr_FR\" \/>\n<meta property=\"og:type\" content=\"article\" \/>\n<meta property=\"og:title\" content=\"Assiste-t-on \u00e0 une rupture entre le pr\u00e9sident Sa\u00efed et la classe politique ? - Kapitalis\" \/>\n<meta property=\"og:description\" content=\"Certains signes ne trompent pas. Il suffit se scruter les faits et gestes du pr\u00e9sident de la r\u00e9publique Ka\u00efs Sa\u00efed pour comprendre qu\u2019un foss\u00e9 le s\u00e9pare d\u00e9sormais d\u2019une classe politique qui a perdu toute cr\u00e9dibilit\u00e9 et pour laquelle il n\u2019a d\u00e9sormais plus de consid\u00e9ration. Par Khaled F\u00e9rid Bensoltane *\" \/>\n<meta property=\"og:url\" content=\"https:\/\/kapitalis.com\/tunisie\/2020\/07\/27\/assiste-t-on-a-une-rupture-entre-le-president-saied-et-la-classe-politique\/\" \/>\n<meta property=\"og:site_name\" content=\"Kapitalis\" \/>\n<meta property=\"article:publisher\" content=\"https:\/\/www.facebook.com\/KapitalisInfo\/\" \/>\n<meta property=\"article:published_time\" content=\"2020-07-27T14:06:55+00:00\" \/>\n<meta property=\"article:modified_time\" content=\"2020-07-27T15:55:10+00:00\" \/>\n<meta property=\"og:image\" content=\"https:\/\/kapitalis.com\/tunisie\/wp-content\/uploads\/2022\/05\/kapitalis-logo-fb.png\" \/>\n\t<meta property=\"og:image:width\" content=\"1200\" \/>\n\t<meta property=\"og:image:height\" content=\"630\" \/>\n\t<meta property=\"og:image:type\" content=\"image\/png\" \/>\n<meta name=\"author\" content=\"webmaster kapitalis\" \/>\n<meta name=\"twitter:card\" content=\"summary_large_image\" \/>\n<meta name=\"twitter:creator\" content=\"@KapitalisInfo\" \/>\n<meta name=\"twitter:site\" content=\"@KapitalisInfo\" \/>\n<meta name=\"twitter:label1\" content=\"\u00c9crit par\" \/>\n\t<meta name=\"twitter:data1\" content=\"webmaster kapitalis\" \/>\n\t<meta name=\"twitter:label2\" content=\"Dur\u00e9e de lecture estim\u00e9e\" \/>\n\t<meta name=\"twitter:data2\" content=\"2 minutes\" \/>\n<script type=\"application\/ld+json\" class=\"yoast-schema-graph\">{\"@context\":\"https:\/\/schema.org\",\"@graph\":[{\"@type\":\"Article\",\"@id\":\"https:\/\/kapitalis.com\/tunisie\/2020\/07\/27\/assiste-t-on-a-une-rupture-entre-le-president-saied-et-la-classe-politique\/#article\",\"isPartOf\":{\"@id\":\"https:\/\/kapitalis.com\/tunisie\/2020\/07\/27\/assiste-t-on-a-une-rupture-entre-le-president-saied-et-la-classe-politique\/\"},\"author\":{\"name\":\"webmaster kapitalis\",\"@id\":\"https:\/\/kapitalis.com\/tunisie\/#\/schema\/person\/d71f33a9ca44f7bad4698210b480c8e9\"},\"headline\":\"Assiste-t-on \u00e0 une rupture entre le pr\u00e9sident Sa\u00efed et la classe politique ?\",\"datePublished\":\"2020-07-27T14:06:55+00:00\",\"dateModified\":\"2020-07-27T15:55:10+00:00\",\"mainEntityOfPage\":{\"@id\":\"https:\/\/kapitalis.com\/tunisie\/2020\/07\/27\/assiste-t-on-a-une-rupture-entre-le-president-saied-et-la-classe-politique\/\"},\"wordCount\":493,\"commentCount\":1,\"publisher\":{\"@id\":\"https:\/\/kapitalis.com\/tunisie\/#organization\"},\"image\":{\"@id\":\"https:\/\/kapitalis.com\/tunisie\/2020\/07\/27\/assiste-t-on-a-une-rupture-entre-le-president-saied-et-la-classe-politique\/#primaryimage\"},\"thumbnailUrl\":\"\",\"keywords\":[\"B\u00e9ji Ca\u00efd Essebsi\",\"Chokri Belaid\",\"Ka\u00efs Saied\",\"Mohamed Brahmi\",\"ridha Charfeddine\",\"Salah Ben Youssef\",\"Wadii Al-Jari\"],\"articleSection\":[\"A LA UNE\",\"POLITIQUE\",\"TRIBUNE\",\"Tunisie\"],\"inLanguage\":\"fr-FR\",\"potentialAction\":[{\"@type\":\"CommentAction\",\"name\":\"Comment\",\"target\":[\"https:\/\/kapitalis.com\/tunisie\/2020\/07\/27\/assiste-t-on-a-une-rupture-entre-le-president-saied-et-la-classe-politique\/#respond\"]}]},{\"@type\":\"WebPage\",\"@id\":\"https:\/\/kapitalis.com\/tunisie\/2020\/07\/27\/assiste-t-on-a-une-rupture-entre-le-president-saied-et-la-classe-politique\/\",\"url\":\"https:\/\/kapitalis.com\/tunisie\/2020\/07\/27\/assiste-t-on-a-une-rupture-entre-le-president-saied-et-la-classe-politique\/\",\"name\":\"Assiste-t-on \u00e0 une rupture entre le pr\u00e9sident Sa\u00efed et la classe politique ? - Kapitalis\",\"isPartOf\":{\"@id\":\"https:\/\/kapitalis.com\/tunisie\/#website\"},\"primaryImageOfPage\":{\"@id\":\"https:\/\/kapitalis.com\/tunisie\/2020\/07\/27\/assiste-t-on-a-une-rupture-entre-le-president-saied-et-la-classe-politique\/#primaryimage\"},\"image\":{\"@id\":\"https:\/\/kapitalis.com\/tunisie\/2020\/07\/27\/assiste-t-on-a-une-rupture-entre-le-president-saied-et-la-classe-politique\/#primaryimage\"},\"thumbnailUrl\":\"\",\"datePublished\":\"2020-07-27T14:06:55+00:00\",\"dateModified\":\"2020-07-27T15:55:10+00:00\",\"breadcrumb\":{\"@id\":\"https:\/\/kapitalis.com\/tunisie\/2020\/07\/27\/assiste-t-on-a-une-rupture-entre-le-president-saied-et-la-classe-politique\/#breadcrumb\"},\"inLanguage\":\"fr-FR\",\"potentialAction\":[{\"@type\":\"ReadAction\",\"target\":[\"https:\/\/kapitalis.com\/tunisie\/2020\/07\/27\/assiste-t-on-a-une-rupture-entre-le-president-saied-et-la-classe-politique\/\"]}]},{\"@type\":\"ImageObject\",\"inLanguage\":\"fr-FR\",\"@id\":\"https:\/\/kapitalis.com\/tunisie\/2020\/07\/27\/assiste-t-on-a-une-rupture-entre-le-president-saied-et-la-classe-politique\/#primaryimage\",\"url\":\"\",\"contentUrl\":\"\"},{\"@type\":\"BreadcrumbList\",\"@id\":\"https:\/\/kapitalis.com\/tunisie\/2020\/07\/27\/assiste-t-on-a-une-rupture-entre-le-president-saied-et-la-classe-politique\/#breadcrumb\",\"itemListElement\":[{\"@type\":\"ListItem\",\"position\":1,\"name\":\"Accueil\",\"item\":\"https:\/\/kapitalis.com\/tunisie\/\"},{\"@type\":\"ListItem\",\"position\":2,\"name\":\"Assiste-t-on \u00e0 une rupture entre le pr\u00e9sident Sa\u00efed et la classe politique ?\"}]},{\"@type\":\"WebSite\",\"@id\":\"https:\/\/kapitalis.com\/tunisie\/#website\",\"url\":\"https:\/\/kapitalis.com\/tunisie\/\",\"name\":\"Kapitalis\",\"description\":\"L&#039;actualit\u00e9 en Tunisie et dans le monde\",\"publisher\":{\"@id\":\"https:\/\/kapitalis.com\/tunisie\/#organization\"},\"potentialAction\":[{\"@type\":\"SearchAction\",\"target\":{\"@type\":\"EntryPoint\",\"urlTemplate\":\"https:\/\/kapitalis.com\/tunisie\/?s={search_term_string}\"},\"query-input\":{\"@type\":\"PropertyValueSpecification\",\"valueRequired\":true,\"valueName\":\"search_term_string\"}}],\"inLanguage\":\"fr-FR\"},{\"@type\":\"Organization\",\"@id\":\"https:\/\/kapitalis.com\/tunisie\/#organization\",\"name\":\"Kapitalis\",\"url\":\"https:\/\/kapitalis.com\/tunisie\/\",\"logo\":{\"@type\":\"ImageObject\",\"inLanguage\":\"fr-FR\",\"@id\":\"https:\/\/kapitalis.com\/tunisie\/#\/schema\/logo\/image\/\",\"url\":\"https:\/\/kapitalis.com\/tunisie\/wp-content\/uploads\/2022\/05\/Kapitalis-big-size.png\",\"contentUrl\":\"https:\/\/kapitalis.com\/tunisie\/wp-content\/uploads\/2022\/05\/Kapitalis-big-size.png\",\"width\":5000,\"height\":1500,\"caption\":\"Kapitalis\"},\"image\":{\"@id\":\"https:\/\/kapitalis.com\/tunisie\/#\/schema\/logo\/image\/\"},\"sameAs\":[\"https:\/\/www.facebook.com\/KapitalisInfo\/\",\"https:\/\/x.com\/KapitalisInfo\",\"https:\/\/www.youtube.com\/channel\/UC-yDYrHyfFBWWZaOw3FPg9Q\"]},{\"@type\":\"Person\",\"@id\":\"https:\/\/kapitalis.com\/tunisie\/#\/schema\/person\/d71f33a9ca44f7bad4698210b480c8e9\",\"name\":\"webmaster kapitalis\",\"url\":\"https:\/\/kapitalis.com\/tunisie\/author\/webmaster-kapitalis\/\"}]}<\/script>\n<!-- \/ Yoast SEO plugin. -->","yoast_head_json":{"title":"Assiste-t-on \u00e0 une rupture entre le pr\u00e9sident Sa\u00efed et la classe politique ? - Kapitalis","robots":{"index":"index","follow":"follow","max-snippet":"max-snippet:-1","max-image-preview":"max-image-preview:large","max-video-preview":"max-video-preview:-1"},"canonical":"https:\/\/kapitalis.com\/tunisie\/2020\/07\/27\/assiste-t-on-a-une-rupture-entre-le-president-saied-et-la-classe-politique\/","og_locale":"fr_FR","og_type":"article","og_title":"Assiste-t-on \u00e0 une rupture entre le pr\u00e9sident Sa\u00efed et la classe politique ? - Kapitalis","og_description":"Certains signes ne trompent pas. Il suffit se scruter les faits et gestes du pr\u00e9sident de la r\u00e9publique Ka\u00efs Sa\u00efed pour comprendre qu\u2019un foss\u00e9 le s\u00e9pare d\u00e9sormais d\u2019une classe politique qui a perdu toute cr\u00e9dibilit\u00e9 et pour laquelle il n\u2019a d\u00e9sormais plus de consid\u00e9ration. Par Khaled F\u00e9rid Bensoltane *","og_url":"https:\/\/kapitalis.com\/tunisie\/2020\/07\/27\/assiste-t-on-a-une-rupture-entre-le-president-saied-et-la-classe-politique\/","og_site_name":"Kapitalis","article_publisher":"https:\/\/www.facebook.com\/KapitalisInfo\/","article_published_time":"2020-07-27T14:06:55+00:00","article_modified_time":"2020-07-27T15:55:10+00:00","og_image":[{"width":1200,"height":630,"url":"https:\/\/kapitalis.com\/tunisie\/wp-content\/uploads\/2022\/05\/kapitalis-logo-fb.png","type":"image\/png"}],"author":"webmaster kapitalis","twitter_card":"summary_large_image","twitter_creator":"@KapitalisInfo","twitter_site":"@KapitalisInfo","twitter_misc":{"\u00c9crit par":"webmaster kapitalis","Dur\u00e9e de lecture estim\u00e9e":"2 minutes"},"schema":{"@context":"https:\/\/schema.org","@graph":[{"@type":"Article","@id":"https:\/\/kapitalis.com\/tunisie\/2020\/07\/27\/assiste-t-on-a-une-rupture-entre-le-president-saied-et-la-classe-politique\/#article","isPartOf":{"@id":"https:\/\/kapitalis.com\/tunisie\/2020\/07\/27\/assiste-t-on-a-une-rupture-entre-le-president-saied-et-la-classe-politique\/"},"author":{"name":"webmaster kapitalis","@id":"https:\/\/kapitalis.com\/tunisie\/#\/schema\/person\/d71f33a9ca44f7bad4698210b480c8e9"},"headline":"Assiste-t-on \u00e0 une rupture entre le pr\u00e9sident Sa\u00efed et la classe politique ?","datePublished":"2020-07-27T14:06:55+00:00","dateModified":"2020-07-27T15:55:10+00:00","mainEntityOfPage":{"@id":"https:\/\/kapitalis.com\/tunisie\/2020\/07\/27\/assiste-t-on-a-une-rupture-entre-le-president-saied-et-la-classe-politique\/"},"wordCount":493,"commentCount":1,"publisher":{"@id":"https:\/\/kapitalis.com\/tunisie\/#organization"},"image":{"@id":"https:\/\/kapitalis.com\/tunisie\/2020\/07\/27\/assiste-t-on-a-une-rupture-entre-le-president-saied-et-la-classe-politique\/#primaryimage"},"thumbnailUrl":"","keywords":["B\u00e9ji Ca\u00efd Essebsi","Chokri Belaid","Ka\u00efs Saied","Mohamed Brahmi","ridha Charfeddine","Salah Ben Youssef","Wadii Al-Jari"],"articleSection":["A LA UNE","POLITIQUE","TRIBUNE","Tunisie"],"inLanguage":"fr-FR","potentialAction":[{"@type":"CommentAction","name":"Comment","target":["https:\/\/kapitalis.com\/tunisie\/2020\/07\/27\/assiste-t-on-a-une-rupture-entre-le-president-saied-et-la-classe-politique\/#respond"]}]},{"@type":"WebPage","@id":"https:\/\/kapitalis.com\/tunisie\/2020\/07\/27\/assiste-t-on-a-une-rupture-entre-le-president-saied-et-la-classe-politique\/","url":"https:\/\/kapitalis.com\/tunisie\/2020\/07\/27\/assiste-t-on-a-une-rupture-entre-le-president-saied-et-la-classe-politique\/","name":"Assiste-t-on \u00e0 une rupture entre le pr\u00e9sident Sa\u00efed et la classe politique ? - Kapitalis","isPartOf":{"@id":"https:\/\/kapitalis.com\/tunisie\/#website"},"primaryImageOfPage":{"@id":"https:\/\/kapitalis.com\/tunisie\/2020\/07\/27\/assiste-t-on-a-une-rupture-entre-le-president-saied-et-la-classe-politique\/#primaryimage"},"image":{"@id":"https:\/\/kapitalis.com\/tunisie\/2020\/07\/27\/assiste-t-on-a-une-rupture-entre-le-president-saied-et-la-classe-politique\/#primaryimage"},"thumbnailUrl":"","datePublished":"2020-07-27T14:06:55+00:00","dateModified":"2020-07-27T15:55:10+00:00","breadcrumb":{"@id":"https:\/\/kapitalis.com\/tunisie\/2020\/07\/27\/assiste-t-on-a-une-rupture-entre-le-president-saied-et-la-classe-politique\/#breadcrumb"},"inLanguage":"fr-FR","potentialAction":[{"@type":"ReadAction","target":["https:\/\/kapitalis.com\/tunisie\/2020\/07\/27\/assiste-t-on-a-une-rupture-entre-le-president-saied-et-la-classe-politique\/"]}]},{"@type":"ImageObject","inLanguage":"fr-FR","@id":"https:\/\/kapitalis.com\/tunisie\/2020\/07\/27\/assiste-t-on-a-une-rupture-entre-le-president-saied-et-la-classe-politique\/#primaryimage","url":"","contentUrl":""},{"@type":"BreadcrumbList","@id":"https:\/\/kapitalis.com\/tunisie\/2020\/07\/27\/assiste-t-on-a-une-rupture-entre-le-president-saied-et-la-classe-politique\/#breadcrumb","itemListElement":[{"@type":"ListItem","position":1,"name":"Accueil","item":"https:\/\/kapitalis.com\/tunisie\/"},{"@type":"ListItem","position":2,"name":"Assiste-t-on \u00e0 une rupture entre le pr\u00e9sident Sa\u00efed et la classe politique ?"}]},{"@type":"WebSite","@id":"https:\/\/kapitalis.com\/tunisie\/#website","url":"https:\/\/kapitalis.com\/tunisie\/","name":"Kapitalis","description":"L&#039;actualit\u00e9 en Tunisie et dans le monde","publisher":{"@id":"https:\/\/kapitalis.com\/tunisie\/#organization"},"potentialAction":[{"@type":"SearchAction","target":{"@type":"EntryPoint","urlTemplate":"https:\/\/kapitalis.com\/tunisie\/?s={search_term_string}"},"query-input":{"@type":"PropertyValueSpecification","valueRequired":true,"valueName":"search_term_string"}}],"inLanguage":"fr-FR"},{"@type":"Organization","@id":"https:\/\/kapitalis.com\/tunisie\/#organization","name":"Kapitalis","url":"https:\/\/kapitalis.com\/tunisie\/","logo":{"@type":"ImageObject","inLanguage":"fr-FR","@id":"https:\/\/kapitalis.com\/tunisie\/#\/schema\/logo\/image\/","url":"https:\/\/kapitalis.com\/tunisie\/wp-content\/uploads\/2022\/05\/Kapitalis-big-size.png","contentUrl":"https:\/\/kapitalis.com\/tunisie\/wp-content\/uploads\/2022\/05\/Kapitalis-big-size.png","width":5000,"height":1500,"caption":"Kapitalis"},"image":{"@id":"https:\/\/kapitalis.com\/tunisie\/#\/schema\/logo\/image\/"},"sameAs":["https:\/\/www.facebook.com\/KapitalisInfo\/","https:\/\/x.com\/KapitalisInfo","https:\/\/www.youtube.com\/channel\/UC-yDYrHyfFBWWZaOw3FPg9Q"]},{"@type":"Person","@id":"https:\/\/kapitalis.com\/tunisie\/#\/schema\/person\/d71f33a9ca44f7bad4698210b480c8e9","name":"webmaster kapitalis","url":"https:\/\/kapitalis.com\/tunisie\/author\/webmaster-kapitalis\/"}]}},"_links":{"self":[{"href":"https:\/\/kapitalis.com\/tunisie\/wp-json\/wp\/v2\/posts\/309583","targetHints":{"allow":["GET"]}}],"collection":[{"href":"https:\/\/kapitalis.com\/tunisie\/wp-json\/wp\/v2\/posts"}],"about":[{"href":"https:\/\/kapitalis.com\/tunisie\/wp-json\/wp\/v2\/types\/post"}],"author":[{"embeddable":true,"href":"https:\/\/kapitalis.com\/tunisie\/wp-json\/wp\/v2\/users\/8"}],"replies":[{"embeddable":true,"href":"https:\/\/kapitalis.com\/tunisie\/wp-json\/wp\/v2\/comments?post=309583"}],"version-history":[{"count":0,"href":"https:\/\/kapitalis.com\/tunisie\/wp-json\/wp\/v2\/posts\/309583\/revisions"}],"wp:featuredmedia":[{"embeddable":true,"href":"https:\/\/kapitalis.com\/tunisie\/wp-json\/wp\/v2\/media\/309584"}],"wp:attachment":[{"href":"https:\/\/kapitalis.com\/tunisie\/wp-json\/wp\/v2\/media?parent=309583"}],"wp:term":[{"taxonomy":"category","embeddable":true,"href":"https:\/\/kapitalis.com\/tunisie\/wp-json\/wp\/v2\/categories?post=309583"},{"taxonomy":"post_tag","embeddable":true,"href":"https:\/\/kapitalis.com\/tunisie\/wp-json\/wp\/v2\/tags?post=309583"}],"curies":[{"name":"wp","href":"https:\/\/api.w.org\/{rel}","templated":true}]}}