{"id":309636,"date":"2020-07-27T18:54:17","date_gmt":"2020-07-27T17:54:17","guid":{"rendered":"http:\/\/kapitalis.com\/tunisie\/?p=309636"},"modified":"2020-07-27T18:54:18","modified_gmt":"2020-07-27T17:54:18","slug":"tunisie-nadia-akacha-la-vice-presidente","status":"publish","type":"post","link":"https:\/\/kapitalis.com\/tunisie\/2020\/07\/27\/tunisie-nadia-akacha-la-vice-presidente\/","title":{"rendered":"Tunisie : Nadia Akacha, la vice-pr\u00e9sidente"},"content":{"rendered":"\n<figure class=\"wp-block-image size-large\"><img decoding=\"async\" src=\"http:\/\/kapitalis.com\/tunisie\/wp-content\/uploads\/2020\/07\/Nadia-Akacha-1.jpg\" alt=\"\" class=\"wp-image-309638\"\/><\/figure>\n\n\n\n<p><strong><em>Ascension. En quelques mois, Nadia Akacha est devenue le personnage-cl\u00e9 du syst\u00e8me Sa\u00efed. L\u2019influence de la tr\u00e8s ambitieuse directrice du cabinet pr\u00e9sidentiel ne cesse de prendre de l\u2019ampleur et de se faire ressentir. L\u2019ascension fulgurante de Hichem Mechichi et la chute vertigineuse de Noureddine Erray figurent parmi les \u00e9pisodes les plus \u00e9loquents de cette puissance. Jusqu\u2019o\u00f9 peut-elle aller ?<\/em><\/strong><\/p>\n\n\n\n<p>Par <strong>Imed Bahri<\/strong><\/p>\n\n\n\n<!--more-->\n\n\n\n<p>Visage ferm\u00e9, inexpressif, jamais souriante, telle est l\u2019image sur toutes les vid\u00e9os et les photos de celle qui ne quitte jamais le pr\u00e9sident de la r\u00e9publique Ka\u00efs Sa\u00efed d\u2019une semelle. Elle. C\u2019est Nadia Akacha. \u00c9tudiante du <em>\u00abOustadh\u00bb <\/em>(rentr\u00e9e universitaire 2001) puis membre de son \u00e9quipe de droit constitutionnel \u00e0 la Facult\u00e9 des sciences juridiques, politiques et sociales de Tunis, elle l\u2019accompagnera d\u00e8s le premier jour au Palais de Carthage quand il acc\u00e9dera \u00e0 la magistrature supr\u00eame. Et depuis, son ascension est fulgurante. En quelques mois, elle est devenue le personnage-cl\u00e9 et central du syst\u00e8me Sa\u00efed.<\/p>\n\n\n\n<p>En octobre 2019, quand le <em>\u00abOustadh\u00bb<\/em> \u2013 comme le surnomment respectueusement ses disciples \u2013 acc\u00e9da triomphalement \u00e0 la pr\u00e9sidence de la R\u00e9publique, le destin de Nadia Akacha a bascul\u00e9. Elle a \u00e9t\u00e9 affect\u00e9e d\u00e8s le premier jour conseill\u00e8re juridique avec pour mission de chapeauter le d\u00e9partement juridique de Carthage. \u00c7a n\u2019aura dur\u00e9 que trois petits mois et la voil\u00e0 promue, le 28 janvier 2020, directrice du cabinet pr\u00e9sidentiel avec rang de ministre.<\/p>\n\n\n\n<h3 class=\"wp-block-heading\">La directrice du cabinet pr\u00e9sidentiel s\u2019est vite mu\u00e9e en super-conseill\u00e8re<\/h3>\n\n\n\n<p>Il faut dire qu\u2019en arrivant \u00e0 Carthage, Ka\u00efs Sa\u00efed a choisi momentan\u00e9ment un diplomate pour diriger son cabinet en l\u2019occurrence l\u2019ambassadeur Tarak Bettaieb, ambassadeur de Tunisie \u00e0 T\u00e9h\u00e9ran. Ce dernier a \u00e9t\u00e9 affect\u00e9 \u00e0 la pr\u00e9sidence de la R\u00e9publique, selon les dispositions r\u00e9glementaires en vigueur autorisant un diplomate en poste \u00e0 l\u2019\u00e9tranger \u00e0 regagner Tunis pour \u00eatre charg\u00e9e d\u2019une mission au sein de son d\u00e9partement d\u2019origine ou une autre institution, et ce pour une dur\u00e9e limit\u00e9e (trois mois). Ces trois mois ayant pris fin, l\u2019ambassadeur plia bagages et retourna regagner son poste \u00e0 T\u00e9h\u00e9ran et Nadia Akacha a pris les r\u00eanes du cabinet pr\u00e9sidentiel. Une fonction qui est celle de chapeauter l\u2019administration pr\u00e9sidentielle et de coordonner le travail avec les autres institutions de l&rsquo;Etat.<\/p>\n\n\n\n<p>Mais rapidement avec Nadia Akacha, la directrice du cabinet pr\u00e9sidentiel s\u2019est vite mu\u00e9e en super-conseill\u00e8re avec un pouvoir et une influence \u00e9normes. Le caract\u00e8re tr\u00e8s solitaire de l\u2019inaccessible pr\u00e9sident de la R\u00e9publique et sa grande confiance en elle qui fut sa collaboratrice quand il \u00e9tait enseignant \u00e0 la facult\u00e9 a renforc\u00e9 le pouvoir de celle par qui tout passe et par qui tout le monde doit passer. Et ce pouvoir n\u2019a cess\u00e9 de s\u2019accro\u00eetre au fil des mois depuis le 28 janvier.<\/p>\n\n\n\n<p>Dans l&rsquo;\u00e9dition de <em>\u2018\u2018Jeune Afrique\u2019\u2019<\/em> du mois d\u2019ao\u00fbt qui contient un dossier intitul\u00e9 <em>\u00abLes femmes du pr\u00e9sident\u00bb<\/em>, un article sur Nadia Akacha. On y apprend notamment qu\u2019elle est la voisine de Hichem Mechichi \u00e0 Ezzahra \u2013 quartier de la banlieue sud de Tunis \u2013 sachant que l\u2019article a \u00e9t\u00e9 \u00e9crit bien avant la d\u00e9signation de Mechichi pour former le gouvernement.<\/p>\n\n\n\n<p>Comme nous l&rsquo;avons signal\u00e9 plus haut, Akacha a \u00e9t\u00e9 nomm\u00e9e conseill\u00e8re juridique puis quand Tarek Bettaieb est revenu \u00e0 T\u00e9h\u00e9ran, elle a \u00e9t\u00e9 nomm\u00e9e directrice du cabinet du pr\u00e9sident. Et qui lui a succ\u00e9d\u00e9 en tant que conseiller juridique de M. Sa\u00efed ? Hichem Mechichi. Il y \u00e9tait rest\u00e9 peu de temps puis a \u00e9t\u00e9 choisi par Sa\u00efed pour devenir ministre de l\u2019Int\u00e9rieur dans le gouvernement Fakhfakh. Depuis \u00e0 peine quelques mois et ce gouvernement Fakhfakh est tomb\u00e9 suite au scandale politico-financier ayant \u00e9clabouss\u00e9 ce dernier. Et qui pour le remplacer? Le choix s\u2019est port\u00e9 encore une fois sur M. Mechichi.<\/p>\n\n\n\n<h3 class=\"wp-block-heading\">On ne discute pas, on ex\u00e9cute les choix du \u00abOustadh\u00bb et de Mme Akacha, c\u2019est tout !<\/h3>\n\n\n\n<p>Maintenant, celui qui sera \u00e0 la Kasbah, Nadia Akacha a particip\u00e9 \u00e0 son ascension vertigineuse en quelques mois \u00e0 peine et a \u0153uvr\u00e9 ce qu&rsquo;il soit chef de gouvernement. Avoir \u00e0 la Kasbah quelqu\u2019un dont on a \u0153uvr\u00e9 \u00e0 l\u2019arriv\u00e9e au pouvoir est toujours utile et accro\u00eet l\u2019influence de l\u2019artisan de cette nomination.<\/p>\n\n\n\n<p>Dans le m\u00eame article consacr\u00e9 \u00e0 Mme Akacha dans l\u2019hebdomadaire de la rue d\u2019Auteuil, nous pouvions lire: <em>\u00abElle a en quelques mois \u00e9cart\u00e9 ceux qui g\u00eanaient son ascension pour prendre, \u00e0 la fin de janvier 2020, la direction du cabinet pr\u00e9sidentiel. Le g\u00e9n\u00e9ral Mohamed Salah Hamdi, ancien conseiller \u00e0 la s\u00e9curit\u00e9 nationale (qui s\u2019\u00e9tait irrit\u00e9 d\u2019\u00eatre \u00e9cart\u00e9 de certaines rencontres et ne pouvoir voir le pr\u00e9sident en t\u00eate en t\u00eate), et l\u2019ex-ministre conseiller Abderraouf Betbaieb en ont fait les frais.\u00bb<\/em><\/p>\n\n\n\n<p>N\u2019oublions pas aussi que Mme Akacha a eu \u00e9galement un r\u00f4le dans un \u00e9pisode peu glorieux qui est celui de la chute vertigineuse du ministre des Affaires \u00e9trang\u00e8res Noureddine Erray qui a refus\u00e9 de jouer le r\u00f4le de pantin ex\u00e9cutant les ordres venu de Carthage et qui en diplomate de carri\u00e8re sait que toutes ne sont pas les plus ad\u00e9quates surtout que l\u2019actuelle \u00e9quipe pr\u00e9sidentielle n\u2019est pas rod\u00e9e aux affaires de l\u2019Etat et encore moins \u00e0 la diplomatie. Cependant avec M. Sa\u00efed et son \u00e9quipe, on ne peut m\u00eame pas discuter de la justesse des choix, de leur pertinence et \u00e9changer. On ex\u00e9cute les choix du<em> \u00abOustadh\u00bb<\/em> et de Mme Akacha. C\u2019est tout.<\/p>\n\n\n\n<p>Pour le moment et en moins d\u2019une ann\u00e9e, il n\u2019y a eu que Nadia Akacha qui a pu durer et carr\u00e9ment \u00e9tendre ses pouvoir avec M. Sa\u00efed. Tous ceux qui ont essay\u00e9 de prendre plus d\u2019importance \u00e0 ses c\u00f4t\u00e9s ont subi un krash. Ce qui inqui\u00e8te le plus c\u2019est que ce pr\u00e9sident solitaire et qui ne conna\u00eet pas grand monde, les r\u00e9seaux d\u2019influence peuvent approcher sa puissante directrice de cabinet et \u00e0 travers elle concr\u00e9tiser leurs sch\u00e9mas.<\/p>\n\n\n\n<p>M. Sa\u00efed en continuant \u00e0 refuser de s\u2019ouvrir sur les autres mondes, d\u2019\u00e9largir son entourage et de le diversifier ne fera que renforcer encore et encore celle qui est devenue la vice-pr\u00e9sidente Nadia Akacha. Jusqu\u2019o\u00f9 ira elle ?<\/p>\n\n\n\n<figure class=\"wp-block-embed-wordpress wp-block-embed is-type-wp-embed is-provider-kapitalis\"><div class=\"wp-block-embed__wrapper\">\n<blockquote class=\"wp-embedded-content\" data-secret=\"qfxkbDI2Zd\"><a href=\"https:\/\/kapitalis.com\/tunisie\/2020\/07\/24\/nadia-akacha-a-fini-par-avoir-la-peau-de-noureddine-erray\/\">Nadia Akacha a fini par avoir la peau de Noureddine Erray<\/a><\/blockquote><iframe loading=\"lazy\" class=\"wp-embedded-content\" sandbox=\"allow-scripts\" security=\"restricted\" style=\"position: absolute; clip: rect(1px, 1px, 1px, 1px);\" title=\"\u00ab\u00a0Nadia Akacha a fini par avoir la peau de Noureddine Erray\u00a0\u00bb &#8212; Kapitalis\" src=\"https:\/\/kapitalis.com\/tunisie\/2020\/07\/24\/nadia-akacha-a-fini-par-avoir-la-peau-de-noureddine-erray\/embed\/#?secret=xsMhvmSjH9#?secret=qfxkbDI2Zd\" data-secret=\"qfxkbDI2Zd\" width=\"600\" height=\"338\" frameborder=\"0\" marginwidth=\"0\" marginheight=\"0\" scrolling=\"no\"><\/iframe>\n<\/div><\/figure>\n","protected":false},"excerpt":{"rendered":"<p>Ascension. En quelques mois, Nadia Akacha est devenue le personnage-cl\u00e9 du syst\u00e8me Sa\u00efed. L\u2019influence de la tr\u00e8s ambitieuse directrice du cabinet pr\u00e9sidentiel ne cesse de prendre de l\u2019ampleur et de se faire ressentir. L\u2019ascension fulgurante de Hichem Mechichi et la chute vertigineuse de Noureddine Erray figurent parmi les \u00e9pisodes les plus \u00e9loquents de cette puissance&#8230;.<\/p>\n","protected":false},"author":8,"featured_media":309638,"comment_status":"open","ping_status":"open","sticky":false,"template":"","format":"standard","meta":{"footnotes":""},"categories":[992,997,2433],"tags":[67304,3526,74899,12235,81183,81124,75766,71423],"class_list":["post-309636","post","type-post","status-publish","format-standard","has-post-thumbnail","hentry","category-a-la-une","category-politique","category-tunisie","tag-abderraouf-betbaieb","tag-ezzahra","tag-hichem-mechichi","tag-kais-saied","tag-mohamed-salah-hamdi","tag-nadia-akacha","tag-noureddine-erray","tag-tarek-bettaieb"],"yoast_head":"<!-- This site is optimized with the Yoast SEO plugin v26.6 - https:\/\/yoast.com\/wordpress\/plugins\/seo\/ -->\n<title>Tunisie : Nadia Akacha, la vice-pr\u00e9sidente - Kapitalis<\/title>\n<meta name=\"robots\" content=\"index, follow, max-snippet:-1, max-image-preview:large, max-video-preview:-1\" \/>\n<link rel=\"canonical\" href=\"https:\/\/kapitalis.com\/tunisie\/2020\/07\/27\/tunisie-nadia-akacha-la-vice-presidente\/\" \/>\n<meta property=\"og:locale\" content=\"fr_FR\" \/>\n<meta property=\"og:type\" content=\"article\" \/>\n<meta property=\"og:title\" content=\"Tunisie : Nadia Akacha, la vice-pr\u00e9sidente - Kapitalis\" \/>\n<meta property=\"og:description\" content=\"Ascension. En quelques mois, Nadia Akacha est devenue le personnage-cl\u00e9 du syst\u00e8me Sa\u00efed. L\u2019influence de la tr\u00e8s ambitieuse directrice du cabinet pr\u00e9sidentiel ne cesse de prendre de l\u2019ampleur et de se faire ressentir. L\u2019ascension fulgurante de Hichem Mechichi et la chute vertigineuse de Noureddine Erray figurent parmi les \u00e9pisodes les plus \u00e9loquents de cette puissance....\" \/>\n<meta property=\"og:url\" content=\"https:\/\/kapitalis.com\/tunisie\/2020\/07\/27\/tunisie-nadia-akacha-la-vice-presidente\/\" \/>\n<meta property=\"og:site_name\" content=\"Kapitalis\" \/>\n<meta property=\"article:publisher\" content=\"https:\/\/www.facebook.com\/KapitalisInfo\/\" \/>\n<meta property=\"article:published_time\" content=\"2020-07-27T17:54:17+00:00\" \/>\n<meta property=\"article:modified_time\" content=\"2020-07-27T17:54:18+00:00\" \/>\n<meta property=\"og:image\" content=\"https:\/\/kapitalis.com\/tunisie\/wp-content\/uploads\/2022\/05\/kapitalis-logo-fb.png\" \/>\n\t<meta property=\"og:image:width\" content=\"1200\" \/>\n\t<meta property=\"og:image:height\" content=\"630\" \/>\n\t<meta property=\"og:image:type\" content=\"image\/png\" \/>\n<meta name=\"author\" content=\"webmaster kapitalis\" \/>\n<meta name=\"twitter:card\" content=\"summary_large_image\" \/>\n<meta name=\"twitter:creator\" content=\"@KapitalisInfo\" \/>\n<meta name=\"twitter:site\" content=\"@KapitalisInfo\" \/>\n<meta name=\"twitter:label1\" content=\"\u00c9crit par\" \/>\n\t<meta name=\"twitter:data1\" content=\"webmaster kapitalis\" \/>\n\t<meta name=\"twitter:label2\" content=\"Dur\u00e9e de lecture estim\u00e9e\" \/>\n\t<meta name=\"twitter:data2\" content=\"6 minutes\" \/>\n<script type=\"application\/ld+json\" class=\"yoast-schema-graph\">{\"@context\":\"https:\/\/schema.org\",\"@graph\":[{\"@type\":\"Article\",\"@id\":\"https:\/\/kapitalis.com\/tunisie\/2020\/07\/27\/tunisie-nadia-akacha-la-vice-presidente\/#article\",\"isPartOf\":{\"@id\":\"https:\/\/kapitalis.com\/tunisie\/2020\/07\/27\/tunisie-nadia-akacha-la-vice-presidente\/\"},\"author\":{\"name\":\"webmaster kapitalis\",\"@id\":\"https:\/\/kapitalis.com\/tunisie\/#\/schema\/person\/d71f33a9ca44f7bad4698210b480c8e9\"},\"headline\":\"Tunisie : Nadia Akacha, la vice-pr\u00e9sidente\",\"datePublished\":\"2020-07-27T17:54:17+00:00\",\"dateModified\":\"2020-07-27T17:54:18+00:00\",\"mainEntityOfPage\":{\"@id\":\"https:\/\/kapitalis.com\/tunisie\/2020\/07\/27\/tunisie-nadia-akacha-la-vice-presidente\/\"},\"wordCount\":1107,\"commentCount\":11,\"publisher\":{\"@id\":\"https:\/\/kapitalis.com\/tunisie\/#organization\"},\"image\":{\"@id\":\"https:\/\/kapitalis.com\/tunisie\/2020\/07\/27\/tunisie-nadia-akacha-la-vice-presidente\/#primaryimage\"},\"thumbnailUrl\":\"\",\"keywords\":[\"Abderraouf Betbaieb\",\"Ezzahra\",\"Hichem Mechichi\",\"Ka\u00efs Saied\",\"Mohamed Salah Hamdi\",\"Nadia Akacha\",\"Noureddine Erray\",\"Tarek Betta\u00efeb\"],\"articleSection\":[\"A LA UNE\",\"POLITIQUE\",\"Tunisie\"],\"inLanguage\":\"fr-FR\",\"potentialAction\":[{\"@type\":\"CommentAction\",\"name\":\"Comment\",\"target\":[\"https:\/\/kapitalis.com\/tunisie\/2020\/07\/27\/tunisie-nadia-akacha-la-vice-presidente\/#respond\"]}]},{\"@type\":\"WebPage\",\"@id\":\"https:\/\/kapitalis.com\/tunisie\/2020\/07\/27\/tunisie-nadia-akacha-la-vice-presidente\/\",\"url\":\"https:\/\/kapitalis.com\/tunisie\/2020\/07\/27\/tunisie-nadia-akacha-la-vice-presidente\/\",\"name\":\"Tunisie : Nadia Akacha, la vice-pr\u00e9sidente - Kapitalis\",\"isPartOf\":{\"@id\":\"https:\/\/kapitalis.com\/tunisie\/#website\"},\"primaryImageOfPage\":{\"@id\":\"https:\/\/kapitalis.com\/tunisie\/2020\/07\/27\/tunisie-nadia-akacha-la-vice-presidente\/#primaryimage\"},\"image\":{\"@id\":\"https:\/\/kapitalis.com\/tunisie\/2020\/07\/27\/tunisie-nadia-akacha-la-vice-presidente\/#primaryimage\"},\"thumbnailUrl\":\"\",\"datePublished\":\"2020-07-27T17:54:17+00:00\",\"dateModified\":\"2020-07-27T17:54:18+00:00\",\"breadcrumb\":{\"@id\":\"https:\/\/kapitalis.com\/tunisie\/2020\/07\/27\/tunisie-nadia-akacha-la-vice-presidente\/#breadcrumb\"},\"inLanguage\":\"fr-FR\",\"potentialAction\":[{\"@type\":\"ReadAction\",\"target\":[\"https:\/\/kapitalis.com\/tunisie\/2020\/07\/27\/tunisie-nadia-akacha-la-vice-presidente\/\"]}]},{\"@type\":\"ImageObject\",\"inLanguage\":\"fr-FR\",\"@id\":\"https:\/\/kapitalis.com\/tunisie\/2020\/07\/27\/tunisie-nadia-akacha-la-vice-presidente\/#primaryimage\",\"url\":\"\",\"contentUrl\":\"\"},{\"@type\":\"BreadcrumbList\",\"@id\":\"https:\/\/kapitalis.com\/tunisie\/2020\/07\/27\/tunisie-nadia-akacha-la-vice-presidente\/#breadcrumb\",\"itemListElement\":[{\"@type\":\"ListItem\",\"position\":1,\"name\":\"Accueil\",\"item\":\"https:\/\/kapitalis.com\/tunisie\/\"},{\"@type\":\"ListItem\",\"position\":2,\"name\":\"Tunisie : Nadia Akacha, la vice-pr\u00e9sidente\"}]},{\"@type\":\"WebSite\",\"@id\":\"https:\/\/kapitalis.com\/tunisie\/#website\",\"url\":\"https:\/\/kapitalis.com\/tunisie\/\",\"name\":\"Kapitalis\",\"description\":\"L&#039;actualit\u00e9 en Tunisie et dans le monde\",\"publisher\":{\"@id\":\"https:\/\/kapitalis.com\/tunisie\/#organization\"},\"potentialAction\":[{\"@type\":\"SearchAction\",\"target\":{\"@type\":\"EntryPoint\",\"urlTemplate\":\"https:\/\/kapitalis.com\/tunisie\/?s={search_term_string}\"},\"query-input\":{\"@type\":\"PropertyValueSpecification\",\"valueRequired\":true,\"valueName\":\"search_term_string\"}}],\"inLanguage\":\"fr-FR\"},{\"@type\":\"Organization\",\"@id\":\"https:\/\/kapitalis.com\/tunisie\/#organization\",\"name\":\"Kapitalis\",\"url\":\"https:\/\/kapitalis.com\/tunisie\/\",\"logo\":{\"@type\":\"ImageObject\",\"inLanguage\":\"fr-FR\",\"@id\":\"https:\/\/kapitalis.com\/tunisie\/#\/schema\/logo\/image\/\",\"url\":\"https:\/\/kapitalis.com\/tunisie\/wp-content\/uploads\/2022\/05\/Kapitalis-big-size.png\",\"contentUrl\":\"https:\/\/kapitalis.com\/tunisie\/wp-content\/uploads\/2022\/05\/Kapitalis-big-size.png\",\"width\":5000,\"height\":1500,\"caption\":\"Kapitalis\"},\"image\":{\"@id\":\"https:\/\/kapitalis.com\/tunisie\/#\/schema\/logo\/image\/\"},\"sameAs\":[\"https:\/\/www.facebook.com\/KapitalisInfo\/\",\"https:\/\/x.com\/KapitalisInfo\",\"https:\/\/www.youtube.com\/channel\/UC-yDYrHyfFBWWZaOw3FPg9Q\"]},{\"@type\":\"Person\",\"@id\":\"https:\/\/kapitalis.com\/tunisie\/#\/schema\/person\/d71f33a9ca44f7bad4698210b480c8e9\",\"name\":\"webmaster kapitalis\",\"url\":\"https:\/\/kapitalis.com\/tunisie\/author\/webmaster-kapitalis\/\"}]}<\/script>\n<!-- \/ Yoast SEO plugin. -->","yoast_head_json":{"title":"Tunisie : Nadia Akacha, la vice-pr\u00e9sidente - Kapitalis","robots":{"index":"index","follow":"follow","max-snippet":"max-snippet:-1","max-image-preview":"max-image-preview:large","max-video-preview":"max-video-preview:-1"},"canonical":"https:\/\/kapitalis.com\/tunisie\/2020\/07\/27\/tunisie-nadia-akacha-la-vice-presidente\/","og_locale":"fr_FR","og_type":"article","og_title":"Tunisie : Nadia Akacha, la vice-pr\u00e9sidente - Kapitalis","og_description":"Ascension. En quelques mois, Nadia Akacha est devenue le personnage-cl\u00e9 du syst\u00e8me Sa\u00efed. L\u2019influence de la tr\u00e8s ambitieuse directrice du cabinet pr\u00e9sidentiel ne cesse de prendre de l\u2019ampleur et de se faire ressentir. L\u2019ascension fulgurante de Hichem Mechichi et la chute vertigineuse de Noureddine Erray figurent parmi les \u00e9pisodes les plus \u00e9loquents de cette puissance....","og_url":"https:\/\/kapitalis.com\/tunisie\/2020\/07\/27\/tunisie-nadia-akacha-la-vice-presidente\/","og_site_name":"Kapitalis","article_publisher":"https:\/\/www.facebook.com\/KapitalisInfo\/","article_published_time":"2020-07-27T17:54:17+00:00","article_modified_time":"2020-07-27T17:54:18+00:00","og_image":[{"width":1200,"height":630,"url":"https:\/\/kapitalis.com\/tunisie\/wp-content\/uploads\/2022\/05\/kapitalis-logo-fb.png","type":"image\/png"}],"author":"webmaster kapitalis","twitter_card":"summary_large_image","twitter_creator":"@KapitalisInfo","twitter_site":"@KapitalisInfo","twitter_misc":{"\u00c9crit par":"webmaster kapitalis","Dur\u00e9e de lecture estim\u00e9e":"6 minutes"},"schema":{"@context":"https:\/\/schema.org","@graph":[{"@type":"Article","@id":"https:\/\/kapitalis.com\/tunisie\/2020\/07\/27\/tunisie-nadia-akacha-la-vice-presidente\/#article","isPartOf":{"@id":"https:\/\/kapitalis.com\/tunisie\/2020\/07\/27\/tunisie-nadia-akacha-la-vice-presidente\/"},"author":{"name":"webmaster kapitalis","@id":"https:\/\/kapitalis.com\/tunisie\/#\/schema\/person\/d71f33a9ca44f7bad4698210b480c8e9"},"headline":"Tunisie : Nadia Akacha, la vice-pr\u00e9sidente","datePublished":"2020-07-27T17:54:17+00:00","dateModified":"2020-07-27T17:54:18+00:00","mainEntityOfPage":{"@id":"https:\/\/kapitalis.com\/tunisie\/2020\/07\/27\/tunisie-nadia-akacha-la-vice-presidente\/"},"wordCount":1107,"commentCount":11,"publisher":{"@id":"https:\/\/kapitalis.com\/tunisie\/#organization"},"image":{"@id":"https:\/\/kapitalis.com\/tunisie\/2020\/07\/27\/tunisie-nadia-akacha-la-vice-presidente\/#primaryimage"},"thumbnailUrl":"","keywords":["Abderraouf Betbaieb","Ezzahra","Hichem Mechichi","Ka\u00efs Saied","Mohamed Salah Hamdi","Nadia Akacha","Noureddine Erray","Tarek Betta\u00efeb"],"articleSection":["A LA UNE","POLITIQUE","Tunisie"],"inLanguage":"fr-FR","potentialAction":[{"@type":"CommentAction","name":"Comment","target":["https:\/\/kapitalis.com\/tunisie\/2020\/07\/27\/tunisie-nadia-akacha-la-vice-presidente\/#respond"]}]},{"@type":"WebPage","@id":"https:\/\/kapitalis.com\/tunisie\/2020\/07\/27\/tunisie-nadia-akacha-la-vice-presidente\/","url":"https:\/\/kapitalis.com\/tunisie\/2020\/07\/27\/tunisie-nadia-akacha-la-vice-presidente\/","name":"Tunisie : Nadia Akacha, la vice-pr\u00e9sidente - Kapitalis","isPartOf":{"@id":"https:\/\/kapitalis.com\/tunisie\/#website"},"primaryImageOfPage":{"@id":"https:\/\/kapitalis.com\/tunisie\/2020\/07\/27\/tunisie-nadia-akacha-la-vice-presidente\/#primaryimage"},"image":{"@id":"https:\/\/kapitalis.com\/tunisie\/2020\/07\/27\/tunisie-nadia-akacha-la-vice-presidente\/#primaryimage"},"thumbnailUrl":"","datePublished":"2020-07-27T17:54:17+00:00","dateModified":"2020-07-27T17:54:18+00:00","breadcrumb":{"@id":"https:\/\/kapitalis.com\/tunisie\/2020\/07\/27\/tunisie-nadia-akacha-la-vice-presidente\/#breadcrumb"},"inLanguage":"fr-FR","potentialAction":[{"@type":"ReadAction","target":["https:\/\/kapitalis.com\/tunisie\/2020\/07\/27\/tunisie-nadia-akacha-la-vice-presidente\/"]}]},{"@type":"ImageObject","inLanguage":"fr-FR","@id":"https:\/\/kapitalis.com\/tunisie\/2020\/07\/27\/tunisie-nadia-akacha-la-vice-presidente\/#primaryimage","url":"","contentUrl":""},{"@type":"BreadcrumbList","@id":"https:\/\/kapitalis.com\/tunisie\/2020\/07\/27\/tunisie-nadia-akacha-la-vice-presidente\/#breadcrumb","itemListElement":[{"@type":"ListItem","position":1,"name":"Accueil","item":"https:\/\/kapitalis.com\/tunisie\/"},{"@type":"ListItem","position":2,"name":"Tunisie : Nadia Akacha, la vice-pr\u00e9sidente"}]},{"@type":"WebSite","@id":"https:\/\/kapitalis.com\/tunisie\/#website","url":"https:\/\/kapitalis.com\/tunisie\/","name":"Kapitalis","description":"L&#039;actualit\u00e9 en Tunisie et dans le monde","publisher":{"@id":"https:\/\/kapitalis.com\/tunisie\/#organization"},"potentialAction":[{"@type":"SearchAction","target":{"@type":"EntryPoint","urlTemplate":"https:\/\/kapitalis.com\/tunisie\/?s={search_term_string}"},"query-input":{"@type":"PropertyValueSpecification","valueRequired":true,"valueName":"search_term_string"}}],"inLanguage":"fr-FR"},{"@type":"Organization","@id":"https:\/\/kapitalis.com\/tunisie\/#organization","name":"Kapitalis","url":"https:\/\/kapitalis.com\/tunisie\/","logo":{"@type":"ImageObject","inLanguage":"fr-FR","@id":"https:\/\/kapitalis.com\/tunisie\/#\/schema\/logo\/image\/","url":"https:\/\/kapitalis.com\/tunisie\/wp-content\/uploads\/2022\/05\/Kapitalis-big-size.png","contentUrl":"https:\/\/kapitalis.com\/tunisie\/wp-content\/uploads\/2022\/05\/Kapitalis-big-size.png","width":5000,"height":1500,"caption":"Kapitalis"},"image":{"@id":"https:\/\/kapitalis.com\/tunisie\/#\/schema\/logo\/image\/"},"sameAs":["https:\/\/www.facebook.com\/KapitalisInfo\/","https:\/\/x.com\/KapitalisInfo","https:\/\/www.youtube.com\/channel\/UC-yDYrHyfFBWWZaOw3FPg9Q"]},{"@type":"Person","@id":"https:\/\/kapitalis.com\/tunisie\/#\/schema\/person\/d71f33a9ca44f7bad4698210b480c8e9","name":"webmaster kapitalis","url":"https:\/\/kapitalis.com\/tunisie\/author\/webmaster-kapitalis\/"}]}},"_links":{"self":[{"href":"https:\/\/kapitalis.com\/tunisie\/wp-json\/wp\/v2\/posts\/309636","targetHints":{"allow":["GET"]}}],"collection":[{"href":"https:\/\/kapitalis.com\/tunisie\/wp-json\/wp\/v2\/posts"}],"about":[{"href":"https:\/\/kapitalis.com\/tunisie\/wp-json\/wp\/v2\/types\/post"}],"author":[{"embeddable":true,"href":"https:\/\/kapitalis.com\/tunisie\/wp-json\/wp\/v2\/users\/8"}],"replies":[{"embeddable":true,"href":"https:\/\/kapitalis.com\/tunisie\/wp-json\/wp\/v2\/comments?post=309636"}],"version-history":[{"count":0,"href":"https:\/\/kapitalis.com\/tunisie\/wp-json\/wp\/v2\/posts\/309636\/revisions"}],"wp:featuredmedia":[{"embeddable":true,"href":"https:\/\/kapitalis.com\/tunisie\/wp-json\/wp\/v2\/media\/309638"}],"wp:attachment":[{"href":"https:\/\/kapitalis.com\/tunisie\/wp-json\/wp\/v2\/media?parent=309636"}],"wp:term":[{"taxonomy":"category","embeddable":true,"href":"https:\/\/kapitalis.com\/tunisie\/wp-json\/wp\/v2\/categories?post=309636"},{"taxonomy":"post_tag","embeddable":true,"href":"https:\/\/kapitalis.com\/tunisie\/wp-json\/wp\/v2\/tags?post=309636"}],"curies":[{"name":"wp","href":"https:\/\/api.w.org\/{rel}","templated":true}]}}