{"id":309796,"date":"2020-07-29T00:48:05","date_gmt":"2020-07-28T23:48:05","guid":{"rendered":"http:\/\/kapitalis.com\/tunisie\/?p=309796"},"modified":"2020-07-29T07:54:31","modified_gmt":"2020-07-29T06:54:31","slug":"al-karama-decide-de-boycotter-la-seance-pleniere-consacree-au-retrait-de-confiance-a-ghannouchi","status":"publish","type":"post","link":"https:\/\/kapitalis.com\/tunisie\/2020\/07\/29\/al-karama-decide-de-boycotter-la-seance-pleniere-consacree-au-retrait-de-confiance-a-ghannouchi\/","title":{"rendered":"Al-Karama d\u00e9cide de boycotter la s\u00e9ance pl\u00e9ni\u00e8re consacr\u00e9e au retrait de confiance \u00e0 Ghannouchi"},"content":{"rendered":"\n<figure class=\"wp-block-image size-large\"><img decoding=\"async\" src=\"http:\/\/kapitalis.com\/tunisie\/wp-content\/uploads\/2020\/07\/Makhlouf-Ghannouchi.jpg\" alt=\"\" class=\"wp-image-306304\"\/><\/figure>\n\n\n\n<p><strong><em>Le bloc parlementaire Al-Karama a annonc\u00e9 (sans surprise) ce soir, mardi 28 juillet 2020, qu\u2019il boycottera la s\u00e9ance pl\u00e9ni\u00e8re consacr\u00e9e au retrait de confiance au pr\u00e9sident du parlement, Rached Ghannouchi, estimant que la motion de censure est une \u00abman\u0153uvre politique\u00bb.<\/em><\/strong><\/p>\n\n\n\n<!--more-->\n\n\n\n<p>\u00ab<em>Cette motion a \u00e9t\u00e9 \u00e9mise par le bloc fasciste de Ben Ali et d&rsquo;autres blocs, et la coalition Al-Karama informe l&rsquo;opinion publique qu&rsquo;elle n&rsquo;est pas concern\u00e9e par cette bataille, car elle s&rsquo;inscrit dans la continuit\u00e9 du syst\u00e8me corrompu<\/em>\u00bb lit-on encore dans le communiqu\u00e9 de cette coalition islamiste, qui affirme que consid\u00e9rer que la mauvaise gestion de l\u2019Assembl\u00e9e par Rached Ghannouchi comme une raison pour demander \u00e0 sa destitution n\u2019est qu\u2019un \u00ab<em>pr\u00e9texte fallacieux\u00bb.<\/em><\/p>\n\n\n\n<p>\u00ab<em>Les travaux des pl\u00e9ni\u00e8res ainsi que des commissions parlementaires se d\u00e9roulaient normalement s&rsquo;il n&rsquo;y avait pas les perturbations caus\u00e9es par le bloc de Ben Ali\u00bb<\/em>, accuse la coalition Al-Karama.<\/p>\n\n\n\n<p>Le bloc, pr\u00e9sid\u00e9 par Seifeddine Makhlouf, a appel\u00e9 les d\u00e9put\u00e9s \u00e0 se tenir \u00e0 l&rsquo;\u00e9cart de cette bataille et \u00e0 boycotter eux aussi la pl\u00e9ni\u00e8re<em>.<\/em><\/p>\n\n\n\n<p>Cet appel n&rsquo;est de toute fa\u00e7on pas \u00e9tonnant venant d&rsquo;Al-Karama qui, rappelons-le, est une excroissance du parti islamiste Ennahdha, qui d\u00e9fend donc ici son cheikh et ses int\u00e9r\u00eats\u2026<\/p>\n\n\n\n<p>Rappelons que la motion sign\u00e9e par 73 d\u00e9put\u00e9s (en plus des 16 du Parti destourien libre dont la liste a \u00e9t\u00e9 remise s\u00e9par\u00e9ment) qui ont exprim\u00e9 leur accord sur l\u2019\u00e9viction de Ghannouchi, sera examin\u00e9e en pl\u00e9ni\u00e8re, jeudi 30 juillet, et que 109 voix sont requises afin qu\u2019elle soit adopt\u00e9e.<\/p>\n\n\n\n<p class=\"has-text-align-right\"><strong>Y. N.<\/strong><\/p>\n\n\n\n<figure class=\"wp-block-embed-wordpress wp-block-embed is-type-wp-embed is-provider-kapitalis\"><div class=\"wp-block-embed__wrapper\">\n<blockquote class=\"wp-embedded-content\" data-secret=\"PwymTzlF5U\"><a href=\"https:\/\/kapitalis.com\/tunisie\/2020\/07\/13\/makhlouf-etait-il-un-ancien-indicateur-de-la-police-sous-ben-ali\/\">Makhlouf \u00e9tait-il un ancien indicateur de la police sous Ben Ali?<\/a><\/blockquote><iframe loading=\"lazy\" class=\"wp-embedded-content\" sandbox=\"allow-scripts\" security=\"restricted\" style=\"position: absolute; clip: rect(1px, 1px, 1px, 1px);\" title=\"\u00ab\u00a0Makhlouf \u00e9tait-il un ancien indicateur de la police sous Ben Ali?\u00a0\u00bb &#8212; Kapitalis\" src=\"https:\/\/kapitalis.com\/tunisie\/2020\/07\/13\/makhlouf-etait-il-un-ancien-indicateur-de-la-police-sous-ben-ali\/embed\/#?secret=k81lztKbWd#?secret=PwymTzlF5U\" data-secret=\"PwymTzlF5U\" width=\"600\" height=\"338\" frameborder=\"0\" marginwidth=\"0\" marginheight=\"0\" scrolling=\"no\"><\/iframe>\n<\/div><\/figure>\n","protected":false},"excerpt":{"rendered":"<p>Le bloc parlementaire Al-Karama a annonc\u00e9 (sans surprise) ce soir, mardi 28 juillet 2020, qu\u2019il boycottera la s\u00e9ance pl\u00e9ni\u00e8re consacr\u00e9e au retrait de confiance au pr\u00e9sident du parlement, Rached Ghannouchi, estimant que la motion de censure est une \u00abman\u0153uvre politique\u00bb.<\/p>\n","protected":false},"author":6,"featured_media":0,"comment_status":"open","ping_status":"open","sticky":false,"template":"","format":"standard","meta":{"footnotes":""},"categories":[997,2433],"tags":[76464,93,49543,80722,5848,1312,10145,758,79429],"class_list":["post-309796","post","type-post","status-publish","format-standard","hentry","category-politique","category-tunisie","tag-al-karama-2","tag-assemblee","tag-ennahdha","tag-makhlouf","tag-parlement","tag-parti-islamiste","tag-pleniere","tag-rached-ghannouchi","tag-retrait-confiance"],"yoast_head":"<!-- This site is optimized with the Yoast SEO plugin v26.6 - https:\/\/yoast.com\/wordpress\/plugins\/seo\/ -->\n<title>Al-Karama d\u00e9cide de boycotter la s\u00e9ance pl\u00e9ni\u00e8re consacr\u00e9e au retrait de confiance \u00e0 Ghannouchi - Kapitalis<\/title>\n<meta name=\"robots\" content=\"index, follow, max-snippet:-1, max-image-preview:large, max-video-preview:-1\" \/>\n<link rel=\"canonical\" href=\"https:\/\/kapitalis.com\/tunisie\/2020\/07\/29\/al-karama-decide-de-boycotter-la-seance-pleniere-consacree-au-retrait-de-confiance-a-ghannouchi\/\" \/>\n<meta property=\"og:locale\" content=\"fr_FR\" \/>\n<meta property=\"og:type\" content=\"article\" \/>\n<meta property=\"og:title\" content=\"Al-Karama d\u00e9cide de boycotter la s\u00e9ance pl\u00e9ni\u00e8re consacr\u00e9e au retrait de confiance \u00e0 Ghannouchi - Kapitalis\" \/>\n<meta property=\"og:description\" content=\"Le bloc parlementaire Al-Karama a annonc\u00e9 (sans surprise) ce soir, mardi 28 juillet 2020, qu\u2019il boycottera la s\u00e9ance pl\u00e9ni\u00e8re consacr\u00e9e au retrait de confiance au pr\u00e9sident du parlement, Rached Ghannouchi, estimant que la motion de censure est une \u00abman\u0153uvre politique\u00bb.\" \/>\n<meta property=\"og:url\" content=\"https:\/\/kapitalis.com\/tunisie\/2020\/07\/29\/al-karama-decide-de-boycotter-la-seance-pleniere-consacree-au-retrait-de-confiance-a-ghannouchi\/\" \/>\n<meta property=\"og:site_name\" content=\"Kapitalis\" \/>\n<meta property=\"article:publisher\" content=\"https:\/\/www.facebook.com\/KapitalisInfo\/\" \/>\n<meta property=\"article:published_time\" content=\"2020-07-28T23:48:05+00:00\" \/>\n<meta property=\"article:modified_time\" content=\"2020-07-29T06:54:31+00:00\" \/>\n<meta property=\"og:image\" content=\"http:\/\/kapitalis.com\/tunisie\/wp-content\/uploads\/2020\/07\/Makhlouf-Ghannouchi.jpg\" \/>\n<meta name=\"author\" content=\"Yusra NY\" \/>\n<meta name=\"twitter:card\" content=\"summary_large_image\" \/>\n<meta name=\"twitter:creator\" content=\"@KapitalisInfo\" \/>\n<meta name=\"twitter:site\" content=\"@KapitalisInfo\" \/>\n<meta name=\"twitter:label1\" content=\"\u00c9crit par\" \/>\n\t<meta name=\"twitter:data1\" content=\"Yusra NY\" \/>\n\t<meta name=\"twitter:label2\" content=\"Dur\u00e9e de lecture estim\u00e9e\" \/>\n\t<meta name=\"twitter:data2\" content=\"1 minute\" \/>\n<script type=\"application\/ld+json\" class=\"yoast-schema-graph\">{\"@context\":\"https:\/\/schema.org\",\"@graph\":[{\"@type\":\"Article\",\"@id\":\"https:\/\/kapitalis.com\/tunisie\/2020\/07\/29\/al-karama-decide-de-boycotter-la-seance-pleniere-consacree-au-retrait-de-confiance-a-ghannouchi\/#article\",\"isPartOf\":{\"@id\":\"https:\/\/kapitalis.com\/tunisie\/2020\/07\/29\/al-karama-decide-de-boycotter-la-seance-pleniere-consacree-au-retrait-de-confiance-a-ghannouchi\/\"},\"author\":{\"name\":\"Yusra NY\",\"@id\":\"https:\/\/kapitalis.com\/tunisie\/#\/schema\/person\/74bbde0154d49d790a92aaeac5bc01d5\"},\"headline\":\"Al-Karama d\u00e9cide de boycotter la s\u00e9ance pl\u00e9ni\u00e8re consacr\u00e9e au retrait de confiance \u00e0 Ghannouchi\",\"datePublished\":\"2020-07-28T23:48:05+00:00\",\"dateModified\":\"2020-07-29T06:54:31+00:00\",\"mainEntityOfPage\":{\"@id\":\"https:\/\/kapitalis.com\/tunisie\/2020\/07\/29\/al-karama-decide-de-boycotter-la-seance-pleniere-consacree-au-retrait-de-confiance-a-ghannouchi\/\"},\"wordCount\":298,\"commentCount\":3,\"publisher\":{\"@id\":\"https:\/\/kapitalis.com\/tunisie\/#organization\"},\"image\":{\"@id\":\"https:\/\/kapitalis.com\/tunisie\/2020\/07\/29\/al-karama-decide-de-boycotter-la-seance-pleniere-consacree-au-retrait-de-confiance-a-ghannouchi\/#primaryimage\"},\"thumbnailUrl\":\"http:\/\/kapitalis.com\/tunisie\/wp-content\/uploads\/2020\/07\/Makhlouf-Ghannouchi.jpg\",\"keywords\":[\"Al-Karama\",\"Assembl\u00e9e\",\"Ennahdha\",\"Makhlouf\",\"parlement\",\"parti islamiste\",\"pl\u00e9ni\u00e8re\",\"Rached Ghannouchi\",\"retrait confiance\"],\"articleSection\":[\"POLITIQUE\",\"Tunisie\"],\"inLanguage\":\"fr-FR\",\"potentialAction\":[{\"@type\":\"CommentAction\",\"name\":\"Comment\",\"target\":[\"https:\/\/kapitalis.com\/tunisie\/2020\/07\/29\/al-karama-decide-de-boycotter-la-seance-pleniere-consacree-au-retrait-de-confiance-a-ghannouchi\/#respond\"]}]},{\"@type\":\"WebPage\",\"@id\":\"https:\/\/kapitalis.com\/tunisie\/2020\/07\/29\/al-karama-decide-de-boycotter-la-seance-pleniere-consacree-au-retrait-de-confiance-a-ghannouchi\/\",\"url\":\"https:\/\/kapitalis.com\/tunisie\/2020\/07\/29\/al-karama-decide-de-boycotter-la-seance-pleniere-consacree-au-retrait-de-confiance-a-ghannouchi\/\",\"name\":\"Al-Karama d\u00e9cide de boycotter la s\u00e9ance pl\u00e9ni\u00e8re consacr\u00e9e au retrait de confiance \u00e0 Ghannouchi - Kapitalis\",\"isPartOf\":{\"@id\":\"https:\/\/kapitalis.com\/tunisie\/#website\"},\"primaryImageOfPage\":{\"@id\":\"https:\/\/kapitalis.com\/tunisie\/2020\/07\/29\/al-karama-decide-de-boycotter-la-seance-pleniere-consacree-au-retrait-de-confiance-a-ghannouchi\/#primaryimage\"},\"image\":{\"@id\":\"https:\/\/kapitalis.com\/tunisie\/2020\/07\/29\/al-karama-decide-de-boycotter-la-seance-pleniere-consacree-au-retrait-de-confiance-a-ghannouchi\/#primaryimage\"},\"thumbnailUrl\":\"http:\/\/kapitalis.com\/tunisie\/wp-content\/uploads\/2020\/07\/Makhlouf-Ghannouchi.jpg\",\"datePublished\":\"2020-07-28T23:48:05+00:00\",\"dateModified\":\"2020-07-29T06:54:31+00:00\",\"breadcrumb\":{\"@id\":\"https:\/\/kapitalis.com\/tunisie\/2020\/07\/29\/al-karama-decide-de-boycotter-la-seance-pleniere-consacree-au-retrait-de-confiance-a-ghannouchi\/#breadcrumb\"},\"inLanguage\":\"fr-FR\",\"potentialAction\":[{\"@type\":\"ReadAction\",\"target\":[\"https:\/\/kapitalis.com\/tunisie\/2020\/07\/29\/al-karama-decide-de-boycotter-la-seance-pleniere-consacree-au-retrait-de-confiance-a-ghannouchi\/\"]}]},{\"@type\":\"ImageObject\",\"inLanguage\":\"fr-FR\",\"@id\":\"https:\/\/kapitalis.com\/tunisie\/2020\/07\/29\/al-karama-decide-de-boycotter-la-seance-pleniere-consacree-au-retrait-de-confiance-a-ghannouchi\/#primaryimage\",\"url\":\"\",\"contentUrl\":\"\"},{\"@type\":\"BreadcrumbList\",\"@id\":\"https:\/\/kapitalis.com\/tunisie\/2020\/07\/29\/al-karama-decide-de-boycotter-la-seance-pleniere-consacree-au-retrait-de-confiance-a-ghannouchi\/#breadcrumb\",\"itemListElement\":[{\"@type\":\"ListItem\",\"position\":1,\"name\":\"Accueil\",\"item\":\"https:\/\/kapitalis.com\/tunisie\/\"},{\"@type\":\"ListItem\",\"position\":2,\"name\":\"Al-Karama d\u00e9cide de boycotter la s\u00e9ance pl\u00e9ni\u00e8re consacr\u00e9e au retrait de confiance \u00e0 Ghannouchi\"}]},{\"@type\":\"WebSite\",\"@id\":\"https:\/\/kapitalis.com\/tunisie\/#website\",\"url\":\"https:\/\/kapitalis.com\/tunisie\/\",\"name\":\"Kapitalis\",\"description\":\"L&#039;actualit\u00e9 en Tunisie et dans le monde\",\"publisher\":{\"@id\":\"https:\/\/kapitalis.com\/tunisie\/#organization\"},\"potentialAction\":[{\"@type\":\"SearchAction\",\"target\":{\"@type\":\"EntryPoint\",\"urlTemplate\":\"https:\/\/kapitalis.com\/tunisie\/?s={search_term_string}\"},\"query-input\":{\"@type\":\"PropertyValueSpecification\",\"valueRequired\":true,\"valueName\":\"search_term_string\"}}],\"inLanguage\":\"fr-FR\"},{\"@type\":\"Organization\",\"@id\":\"https:\/\/kapitalis.com\/tunisie\/#organization\",\"name\":\"Kapitalis\",\"url\":\"https:\/\/kapitalis.com\/tunisie\/\",\"logo\":{\"@type\":\"ImageObject\",\"inLanguage\":\"fr-FR\",\"@id\":\"https:\/\/kapitalis.com\/tunisie\/#\/schema\/logo\/image\/\",\"url\":\"https:\/\/kapitalis.com\/tunisie\/wp-content\/uploads\/2022\/05\/Kapitalis-big-size.png\",\"contentUrl\":\"https:\/\/kapitalis.com\/tunisie\/wp-content\/uploads\/2022\/05\/Kapitalis-big-size.png\",\"width\":5000,\"height\":1500,\"caption\":\"Kapitalis\"},\"image\":{\"@id\":\"https:\/\/kapitalis.com\/tunisie\/#\/schema\/logo\/image\/\"},\"sameAs\":[\"https:\/\/www.facebook.com\/KapitalisInfo\/\",\"https:\/\/x.com\/KapitalisInfo\",\"https:\/\/www.youtube.com\/channel\/UC-yDYrHyfFBWWZaOw3FPg9Q\"]},{\"@type\":\"Person\",\"@id\":\"https:\/\/kapitalis.com\/tunisie\/#\/schema\/person\/74bbde0154d49d790a92aaeac5bc01d5\",\"name\":\"Yusra NY\",\"url\":\"https:\/\/kapitalis.com\/tunisie\/author\/yuza_adam\/\"}]}<\/script>\n<!-- \/ Yoast SEO plugin. -->","yoast_head_json":{"title":"Al-Karama d\u00e9cide de boycotter la s\u00e9ance pl\u00e9ni\u00e8re consacr\u00e9e au retrait de confiance \u00e0 Ghannouchi - Kapitalis","robots":{"index":"index","follow":"follow","max-snippet":"max-snippet:-1","max-image-preview":"max-image-preview:large","max-video-preview":"max-video-preview:-1"},"canonical":"https:\/\/kapitalis.com\/tunisie\/2020\/07\/29\/al-karama-decide-de-boycotter-la-seance-pleniere-consacree-au-retrait-de-confiance-a-ghannouchi\/","og_locale":"fr_FR","og_type":"article","og_title":"Al-Karama d\u00e9cide de boycotter la s\u00e9ance pl\u00e9ni\u00e8re consacr\u00e9e au retrait de confiance \u00e0 Ghannouchi - Kapitalis","og_description":"Le bloc parlementaire Al-Karama a annonc\u00e9 (sans surprise) ce soir, mardi 28 juillet 2020, qu\u2019il boycottera la s\u00e9ance pl\u00e9ni\u00e8re consacr\u00e9e au retrait de confiance au pr\u00e9sident du parlement, Rached Ghannouchi, estimant que la motion de censure est une \u00abman\u0153uvre politique\u00bb.","og_url":"https:\/\/kapitalis.com\/tunisie\/2020\/07\/29\/al-karama-decide-de-boycotter-la-seance-pleniere-consacree-au-retrait-de-confiance-a-ghannouchi\/","og_site_name":"Kapitalis","article_publisher":"https:\/\/www.facebook.com\/KapitalisInfo\/","article_published_time":"2020-07-28T23:48:05+00:00","article_modified_time":"2020-07-29T06:54:31+00:00","og_image":[{"url":"http:\/\/kapitalis.com\/tunisie\/wp-content\/uploads\/2020\/07\/Makhlouf-Ghannouchi.jpg","type":"","width":"","height":""}],"author":"Yusra NY","twitter_card":"summary_large_image","twitter_creator":"@KapitalisInfo","twitter_site":"@KapitalisInfo","twitter_misc":{"\u00c9crit par":"Yusra NY","Dur\u00e9e de lecture estim\u00e9e":"1 minute"},"schema":{"@context":"https:\/\/schema.org","@graph":[{"@type":"Article","@id":"https:\/\/kapitalis.com\/tunisie\/2020\/07\/29\/al-karama-decide-de-boycotter-la-seance-pleniere-consacree-au-retrait-de-confiance-a-ghannouchi\/#article","isPartOf":{"@id":"https:\/\/kapitalis.com\/tunisie\/2020\/07\/29\/al-karama-decide-de-boycotter-la-seance-pleniere-consacree-au-retrait-de-confiance-a-ghannouchi\/"},"author":{"name":"Yusra NY","@id":"https:\/\/kapitalis.com\/tunisie\/#\/schema\/person\/74bbde0154d49d790a92aaeac5bc01d5"},"headline":"Al-Karama d\u00e9cide de boycotter la s\u00e9ance pl\u00e9ni\u00e8re consacr\u00e9e au retrait de confiance \u00e0 Ghannouchi","datePublished":"2020-07-28T23:48:05+00:00","dateModified":"2020-07-29T06:54:31+00:00","mainEntityOfPage":{"@id":"https:\/\/kapitalis.com\/tunisie\/2020\/07\/29\/al-karama-decide-de-boycotter-la-seance-pleniere-consacree-au-retrait-de-confiance-a-ghannouchi\/"},"wordCount":298,"commentCount":3,"publisher":{"@id":"https:\/\/kapitalis.com\/tunisie\/#organization"},"image":{"@id":"https:\/\/kapitalis.com\/tunisie\/2020\/07\/29\/al-karama-decide-de-boycotter-la-seance-pleniere-consacree-au-retrait-de-confiance-a-ghannouchi\/#primaryimage"},"thumbnailUrl":"http:\/\/kapitalis.com\/tunisie\/wp-content\/uploads\/2020\/07\/Makhlouf-Ghannouchi.jpg","keywords":["Al-Karama","Assembl\u00e9e","Ennahdha","Makhlouf","parlement","parti islamiste","pl\u00e9ni\u00e8re","Rached Ghannouchi","retrait confiance"],"articleSection":["POLITIQUE","Tunisie"],"inLanguage":"fr-FR","potentialAction":[{"@type":"CommentAction","name":"Comment","target":["https:\/\/kapitalis.com\/tunisie\/2020\/07\/29\/al-karama-decide-de-boycotter-la-seance-pleniere-consacree-au-retrait-de-confiance-a-ghannouchi\/#respond"]}]},{"@type":"WebPage","@id":"https:\/\/kapitalis.com\/tunisie\/2020\/07\/29\/al-karama-decide-de-boycotter-la-seance-pleniere-consacree-au-retrait-de-confiance-a-ghannouchi\/","url":"https:\/\/kapitalis.com\/tunisie\/2020\/07\/29\/al-karama-decide-de-boycotter-la-seance-pleniere-consacree-au-retrait-de-confiance-a-ghannouchi\/","name":"Al-Karama d\u00e9cide de boycotter la s\u00e9ance pl\u00e9ni\u00e8re consacr\u00e9e au retrait de confiance \u00e0 Ghannouchi - Kapitalis","isPartOf":{"@id":"https:\/\/kapitalis.com\/tunisie\/#website"},"primaryImageOfPage":{"@id":"https:\/\/kapitalis.com\/tunisie\/2020\/07\/29\/al-karama-decide-de-boycotter-la-seance-pleniere-consacree-au-retrait-de-confiance-a-ghannouchi\/#primaryimage"},"image":{"@id":"https:\/\/kapitalis.com\/tunisie\/2020\/07\/29\/al-karama-decide-de-boycotter-la-seance-pleniere-consacree-au-retrait-de-confiance-a-ghannouchi\/#primaryimage"},"thumbnailUrl":"http:\/\/kapitalis.com\/tunisie\/wp-content\/uploads\/2020\/07\/Makhlouf-Ghannouchi.jpg","datePublished":"2020-07-28T23:48:05+00:00","dateModified":"2020-07-29T06:54:31+00:00","breadcrumb":{"@id":"https:\/\/kapitalis.com\/tunisie\/2020\/07\/29\/al-karama-decide-de-boycotter-la-seance-pleniere-consacree-au-retrait-de-confiance-a-ghannouchi\/#breadcrumb"},"inLanguage":"fr-FR","potentialAction":[{"@type":"ReadAction","target":["https:\/\/kapitalis.com\/tunisie\/2020\/07\/29\/al-karama-decide-de-boycotter-la-seance-pleniere-consacree-au-retrait-de-confiance-a-ghannouchi\/"]}]},{"@type":"ImageObject","inLanguage":"fr-FR","@id":"https:\/\/kapitalis.com\/tunisie\/2020\/07\/29\/al-karama-decide-de-boycotter-la-seance-pleniere-consacree-au-retrait-de-confiance-a-ghannouchi\/#primaryimage","url":"","contentUrl":""},{"@type":"BreadcrumbList","@id":"https:\/\/kapitalis.com\/tunisie\/2020\/07\/29\/al-karama-decide-de-boycotter-la-seance-pleniere-consacree-au-retrait-de-confiance-a-ghannouchi\/#breadcrumb","itemListElement":[{"@type":"ListItem","position":1,"name":"Accueil","item":"https:\/\/kapitalis.com\/tunisie\/"},{"@type":"ListItem","position":2,"name":"Al-Karama d\u00e9cide de boycotter la s\u00e9ance pl\u00e9ni\u00e8re consacr\u00e9e au retrait de confiance \u00e0 Ghannouchi"}]},{"@type":"WebSite","@id":"https:\/\/kapitalis.com\/tunisie\/#website","url":"https:\/\/kapitalis.com\/tunisie\/","name":"Kapitalis","description":"L&#039;actualit\u00e9 en Tunisie et dans le monde","publisher":{"@id":"https:\/\/kapitalis.com\/tunisie\/#organization"},"potentialAction":[{"@type":"SearchAction","target":{"@type":"EntryPoint","urlTemplate":"https:\/\/kapitalis.com\/tunisie\/?s={search_term_string}"},"query-input":{"@type":"PropertyValueSpecification","valueRequired":true,"valueName":"search_term_string"}}],"inLanguage":"fr-FR"},{"@type":"Organization","@id":"https:\/\/kapitalis.com\/tunisie\/#organization","name":"Kapitalis","url":"https:\/\/kapitalis.com\/tunisie\/","logo":{"@type":"ImageObject","inLanguage":"fr-FR","@id":"https:\/\/kapitalis.com\/tunisie\/#\/schema\/logo\/image\/","url":"https:\/\/kapitalis.com\/tunisie\/wp-content\/uploads\/2022\/05\/Kapitalis-big-size.png","contentUrl":"https:\/\/kapitalis.com\/tunisie\/wp-content\/uploads\/2022\/05\/Kapitalis-big-size.png","width":5000,"height":1500,"caption":"Kapitalis"},"image":{"@id":"https:\/\/kapitalis.com\/tunisie\/#\/schema\/logo\/image\/"},"sameAs":["https:\/\/www.facebook.com\/KapitalisInfo\/","https:\/\/x.com\/KapitalisInfo","https:\/\/www.youtube.com\/channel\/UC-yDYrHyfFBWWZaOw3FPg9Q"]},{"@type":"Person","@id":"https:\/\/kapitalis.com\/tunisie\/#\/schema\/person\/74bbde0154d49d790a92aaeac5bc01d5","name":"Yusra NY","url":"https:\/\/kapitalis.com\/tunisie\/author\/yuza_adam\/"}]}},"_links":{"self":[{"href":"https:\/\/kapitalis.com\/tunisie\/wp-json\/wp\/v2\/posts\/309796","targetHints":{"allow":["GET"]}}],"collection":[{"href":"https:\/\/kapitalis.com\/tunisie\/wp-json\/wp\/v2\/posts"}],"about":[{"href":"https:\/\/kapitalis.com\/tunisie\/wp-json\/wp\/v2\/types\/post"}],"author":[{"embeddable":true,"href":"https:\/\/kapitalis.com\/tunisie\/wp-json\/wp\/v2\/users\/6"}],"replies":[{"embeddable":true,"href":"https:\/\/kapitalis.com\/tunisie\/wp-json\/wp\/v2\/comments?post=309796"}],"version-history":[{"count":0,"href":"https:\/\/kapitalis.com\/tunisie\/wp-json\/wp\/v2\/posts\/309796\/revisions"}],"wp:attachment":[{"href":"https:\/\/kapitalis.com\/tunisie\/wp-json\/wp\/v2\/media?parent=309796"}],"wp:term":[{"taxonomy":"category","embeddable":true,"href":"https:\/\/kapitalis.com\/tunisie\/wp-json\/wp\/v2\/categories?post=309796"},{"taxonomy":"post_tag","embeddable":true,"href":"https:\/\/kapitalis.com\/tunisie\/wp-json\/wp\/v2\/tags?post=309796"}],"curies":[{"name":"wp","href":"https:\/\/api.w.org\/{rel}","templated":true}]}}