{"id":309953,"date":"2020-07-29T21:21:17","date_gmt":"2020-07-29T20:21:17","guid":{"rendered":"http:\/\/kapitalis.com\/tunisie\/?p=309953"},"modified":"2020-07-30T07:38:03","modified_gmt":"2020-07-30T06:38:03","slug":"coronavirus-tunisie-nouvelle-classification-des-pays-selon-le-niveau-du-risque-epidemique-2","status":"publish","type":"post","link":"https:\/\/kapitalis.com\/tunisie\/2020\/07\/29\/coronavirus-tunisie-nouvelle-classification-des-pays-selon-le-niveau-du-risque-epidemique-2\/","title":{"rendered":"Coronavirus-Tunisie : Nouvelle classification des pays selon le niveau du risque \u00e9pid\u00e9mique"},"content":{"rendered":"\n<figure class=\"wp-block-image size-large\"><img decoding=\"async\" src=\"http:\/\/kapitalis.com\/tunisie\/wp-content\/uploads\/2020\/06\/Tunisie-coronavirus.jpg\" alt=\"\" class=\"wp-image-303084\"\/><\/figure>\n\n\n\n<p><strong><em>Le minist\u00e8re de la Sant\u00e9 a publi\u00e9 ce soir, mercredi 29 juillet 2020, une nouvelle classification des pays selon le niveau du risque \u00e9pid\u00e9mique. Des changements ont \u00e9t\u00e9 apport\u00e9s par rapport \u00e0 la derni\u00e8re liste : l&rsquo;Espagne et la Suisse repassent dans la zone orange, l\u2019Autriche est d\u00e9sormais dans le vert.<\/em><\/strong><\/p>\n\n\n\n<!--more-->\n\n\n\n<p>Les pays sont class\u00e9s en 3 niveaux de risque (vert-orange-rouge), sur la base de crit\u00e8res scientifiques et d&rsquo;indicateurs \u00e9pid\u00e9miologiques, utilis\u00e9es par diff\u00e9rentes instances nationales, rappelle le minist\u00e8re, en pr\u00e9cisant que le classement d\u00e9termine les mesures de pr\u00e9vention sanitaire \u00e0 appliquer avec les visiteurs \u00e0 leur arriv\u00e9e en Tunisie.<\/p>\n\n\n\n<p><em><strong>Voici la liste mise \u00e0 jour :<\/strong><\/em><\/p>\n\n\n\n<ul class=\"wp-block-list\"><li><strong>Liste verte :<\/strong><\/li><\/ul>\n\n\n\n<div class=\"wp-block-image\"><figure class=\"aligncenter size-large is-resized\"><img decoding=\"async\" src=\"http:\/\/kapitalis.com\/tunisie\/wp-content\/uploads\/2020\/07\/V1-1.jpg\" alt=\"\" class=\"wp-image-309955\" width=\"500\"\/><\/figure><\/div>\n\n\n\n<div class=\"wp-block-image\"><figure class=\"aligncenter size-large is-resized\"><img decoding=\"async\" src=\"http:\/\/kapitalis.com\/tunisie\/wp-content\/uploads\/2020\/07\/V2-2.jpg\" alt=\"\" class=\"wp-image-309956\" width=\"500\"\/><\/figure><\/div>\n\n\n\n<div class=\"wp-block-image\"><figure class=\"aligncenter size-large\"><img decoding=\"async\" src=\"http:\/\/kapitalis.com\/tunisie\/wp-content\/uploads\/2020\/07\/V3-2.jpg\" alt=\"\" class=\"wp-image-309957\"\/><\/figure><\/div>\n\n\n\n<ul class=\"wp-block-list\"><li><strong>Liste orange :<\/strong><\/li><\/ul>\n\n\n\n<div class=\"wp-block-image\"><figure class=\"aligncenter size-large is-resized\"><img decoding=\"async\" src=\"http:\/\/kapitalis.com\/tunisie\/wp-content\/uploads\/2020\/07\/O1-1.jpg\" alt=\"\" class=\"wp-image-309958\" width=\"500\"\/><\/figure><\/div>\n\n\n\n<div class=\"wp-block-image\"><figure class=\"aligncenter size-large is-resized\"><img decoding=\"async\" src=\"http:\/\/kapitalis.com\/tunisie\/wp-content\/uploads\/2020\/07\/O2-2.jpg\" alt=\"\" class=\"wp-image-309959\" width=\"500\"\/><\/figure><\/div>\n\n\n\n<p>Quant aux pays qui ne figurent sur aucune de ces listes, ils sont dans la zone rouge et cela signifie que les mesures sont renforc\u00e9es pour les voyageurs, qui sont plac\u00e9s \u00e0 l&rsquo;isolement obligatoire dans un centre d\u00e9di\u00e9 (\u00e0 leurs frais), d\u00e8s leur arriv\u00e9e en Tunisie.<\/p>\n\n\n\n<p><strong>Ci-dessous les recommandations par zone :<\/strong><\/p>\n\n\n\n<div class=\"wp-block-image\"><figure class=\"aligncenter size-large is-resized\"><img decoding=\"async\" src=\"http:\/\/kapitalis.com\/tunisie\/wp-content\/uploads\/2020\/07\/recommandations.jpg\" alt=\"\" class=\"wp-image-309960\" width=\"500\"\/><\/figure><\/div>\n\n\n\n<p class=\"has-text-align-right\"><strong>Y. N.<\/strong><\/p>\n","protected":false},"excerpt":{"rendered":"<p>Le minist\u00e8re de la Sant\u00e9 a publi\u00e9 ce soir, mercredi 29 juillet 2020, une nouvelle classification des pays selon le niveau du risque \u00e9pid\u00e9mique. Des changements ont \u00e9t\u00e9 apport\u00e9s par rapport \u00e0 la derni\u00e8re liste : l&rsquo;Espagne et la Suisse repassent dans la zone orange, l\u2019Autriche est d\u00e9sormais dans le vert.<\/p>\n","protected":false},"author":6,"featured_media":309955,"comment_status":"open","ping_status":"open","sticky":false,"template":"","format":"standard","meta":{"footnotes":""},"categories":[998,2433],"tags":[81255,73060,341,80412,810,866,62643],"class_list":["post-309953","post","type-post","status-publish","format-standard","has-post-thumbnail","hentry","category-societe","category-tunisie","tag-classification","tag-coronavirus","tag-espagne","tag-risque-epidemique","tag-sante","tag-suisse","tag-tunisie"],"yoast_head":"<!-- This site is optimized with the Yoast SEO plugin v26.6 - https:\/\/yoast.com\/wordpress\/plugins\/seo\/ -->\n<title>Coronavirus-Tunisie : Nouvelle classification des pays selon le niveau du risque \u00e9pid\u00e9mique - Kapitalis<\/title>\n<meta name=\"robots\" content=\"index, follow, max-snippet:-1, max-image-preview:large, max-video-preview:-1\" \/>\n<link rel=\"canonical\" href=\"https:\/\/kapitalis.com\/tunisie\/2020\/07\/29\/coronavirus-tunisie-nouvelle-classification-des-pays-selon-le-niveau-du-risque-epidemique-2\/\" \/>\n<meta property=\"og:locale\" content=\"fr_FR\" \/>\n<meta property=\"og:type\" content=\"article\" \/>\n<meta property=\"og:title\" content=\"Coronavirus-Tunisie : Nouvelle classification des pays selon le niveau du risque \u00e9pid\u00e9mique - Kapitalis\" \/>\n<meta property=\"og:description\" content=\"Le minist\u00e8re de la Sant\u00e9 a publi\u00e9 ce soir, mercredi 29 juillet 2020, une nouvelle classification des pays selon le niveau du risque \u00e9pid\u00e9mique. Des changements ont \u00e9t\u00e9 apport\u00e9s par rapport \u00e0 la derni\u00e8re liste : l&rsquo;Espagne et la Suisse repassent dans la zone orange, l\u2019Autriche est d\u00e9sormais dans le vert.\" \/>\n<meta property=\"og:url\" content=\"https:\/\/kapitalis.com\/tunisie\/2020\/07\/29\/coronavirus-tunisie-nouvelle-classification-des-pays-selon-le-niveau-du-risque-epidemique-2\/\" \/>\n<meta property=\"og:site_name\" content=\"Kapitalis\" \/>\n<meta property=\"article:publisher\" content=\"https:\/\/www.facebook.com\/KapitalisInfo\/\" \/>\n<meta property=\"article:published_time\" content=\"2020-07-29T20:21:17+00:00\" \/>\n<meta property=\"article:modified_time\" content=\"2020-07-30T06:38:03+00:00\" \/>\n<meta property=\"og:image\" content=\"https:\/\/kapitalis.com\/tunisie\/wp-content\/uploads\/2022\/05\/kapitalis-logo-fb.png\" \/>\n\t<meta property=\"og:image:width\" content=\"1200\" \/>\n\t<meta property=\"og:image:height\" content=\"630\" \/>\n\t<meta property=\"og:image:type\" content=\"image\/png\" \/>\n<meta name=\"author\" content=\"Yusra NY\" \/>\n<meta name=\"twitter:card\" content=\"summary_large_image\" \/>\n<meta name=\"twitter:creator\" content=\"@KapitalisInfo\" \/>\n<meta name=\"twitter:site\" content=\"@KapitalisInfo\" \/>\n<meta name=\"twitter:label1\" content=\"\u00c9crit par\" \/>\n\t<meta name=\"twitter:data1\" content=\"Yusra NY\" \/>\n\t<meta name=\"twitter:label2\" content=\"Dur\u00e9e de lecture estim\u00e9e\" \/>\n\t<meta name=\"twitter:data2\" content=\"1 minute\" \/>\n<script type=\"application\/ld+json\" class=\"yoast-schema-graph\">{\"@context\":\"https:\/\/schema.org\",\"@graph\":[{\"@type\":\"Article\",\"@id\":\"https:\/\/kapitalis.com\/tunisie\/2020\/07\/29\/coronavirus-tunisie-nouvelle-classification-des-pays-selon-le-niveau-du-risque-epidemique-2\/#article\",\"isPartOf\":{\"@id\":\"https:\/\/kapitalis.com\/tunisie\/2020\/07\/29\/coronavirus-tunisie-nouvelle-classification-des-pays-selon-le-niveau-du-risque-epidemique-2\/\"},\"author\":{\"name\":\"Yusra NY\",\"@id\":\"https:\/\/kapitalis.com\/tunisie\/#\/schema\/person\/74bbde0154d49d790a92aaeac5bc01d5\"},\"headline\":\"Coronavirus-Tunisie : Nouvelle classification des pays selon le niveau du risque \u00e9pid\u00e9mique\",\"datePublished\":\"2020-07-29T20:21:17+00:00\",\"dateModified\":\"2020-07-30T06:38:03+00:00\",\"mainEntityOfPage\":{\"@id\":\"https:\/\/kapitalis.com\/tunisie\/2020\/07\/29\/coronavirus-tunisie-nouvelle-classification-des-pays-selon-le-niveau-du-risque-epidemique-2\/\"},\"wordCount\":185,\"commentCount\":2,\"publisher\":{\"@id\":\"https:\/\/kapitalis.com\/tunisie\/#organization\"},\"image\":{\"@id\":\"https:\/\/kapitalis.com\/tunisie\/2020\/07\/29\/coronavirus-tunisie-nouvelle-classification-des-pays-selon-le-niveau-du-risque-epidemique-2\/#primaryimage\"},\"thumbnailUrl\":\"\",\"keywords\":[\"classification\",\"Coronavirus\",\"Espagne\",\"risque \u00e9pid\u00e9mique\",\"Sant\u00e9\",\"Suisse\",\"Tunisie\"],\"articleSection\":[\"SOCIETE\",\"Tunisie\"],\"inLanguage\":\"fr-FR\",\"potentialAction\":[{\"@type\":\"CommentAction\",\"name\":\"Comment\",\"target\":[\"https:\/\/kapitalis.com\/tunisie\/2020\/07\/29\/coronavirus-tunisie-nouvelle-classification-des-pays-selon-le-niveau-du-risque-epidemique-2\/#respond\"]}]},{\"@type\":\"WebPage\",\"@id\":\"https:\/\/kapitalis.com\/tunisie\/2020\/07\/29\/coronavirus-tunisie-nouvelle-classification-des-pays-selon-le-niveau-du-risque-epidemique-2\/\",\"url\":\"https:\/\/kapitalis.com\/tunisie\/2020\/07\/29\/coronavirus-tunisie-nouvelle-classification-des-pays-selon-le-niveau-du-risque-epidemique-2\/\",\"name\":\"Coronavirus-Tunisie : Nouvelle classification des pays selon le niveau du risque \u00e9pid\u00e9mique - Kapitalis\",\"isPartOf\":{\"@id\":\"https:\/\/kapitalis.com\/tunisie\/#website\"},\"primaryImageOfPage\":{\"@id\":\"https:\/\/kapitalis.com\/tunisie\/2020\/07\/29\/coronavirus-tunisie-nouvelle-classification-des-pays-selon-le-niveau-du-risque-epidemique-2\/#primaryimage\"},\"image\":{\"@id\":\"https:\/\/kapitalis.com\/tunisie\/2020\/07\/29\/coronavirus-tunisie-nouvelle-classification-des-pays-selon-le-niveau-du-risque-epidemique-2\/#primaryimage\"},\"thumbnailUrl\":\"\",\"datePublished\":\"2020-07-29T20:21:17+00:00\",\"dateModified\":\"2020-07-30T06:38:03+00:00\",\"breadcrumb\":{\"@id\":\"https:\/\/kapitalis.com\/tunisie\/2020\/07\/29\/coronavirus-tunisie-nouvelle-classification-des-pays-selon-le-niveau-du-risque-epidemique-2\/#breadcrumb\"},\"inLanguage\":\"fr-FR\",\"potentialAction\":[{\"@type\":\"ReadAction\",\"target\":[\"https:\/\/kapitalis.com\/tunisie\/2020\/07\/29\/coronavirus-tunisie-nouvelle-classification-des-pays-selon-le-niveau-du-risque-epidemique-2\/\"]}]},{\"@type\":\"ImageObject\",\"inLanguage\":\"fr-FR\",\"@id\":\"https:\/\/kapitalis.com\/tunisie\/2020\/07\/29\/coronavirus-tunisie-nouvelle-classification-des-pays-selon-le-niveau-du-risque-epidemique-2\/#primaryimage\",\"url\":\"\",\"contentUrl\":\"\"},{\"@type\":\"BreadcrumbList\",\"@id\":\"https:\/\/kapitalis.com\/tunisie\/2020\/07\/29\/coronavirus-tunisie-nouvelle-classification-des-pays-selon-le-niveau-du-risque-epidemique-2\/#breadcrumb\",\"itemListElement\":[{\"@type\":\"ListItem\",\"position\":1,\"name\":\"Accueil\",\"item\":\"https:\/\/kapitalis.com\/tunisie\/\"},{\"@type\":\"ListItem\",\"position\":2,\"name\":\"Coronavirus-Tunisie : Nouvelle classification des pays selon le niveau du risque \u00e9pid\u00e9mique\"}]},{\"@type\":\"WebSite\",\"@id\":\"https:\/\/kapitalis.com\/tunisie\/#website\",\"url\":\"https:\/\/kapitalis.com\/tunisie\/\",\"name\":\"Kapitalis\",\"description\":\"L&#039;actualit\u00e9 en Tunisie et dans le monde\",\"publisher\":{\"@id\":\"https:\/\/kapitalis.com\/tunisie\/#organization\"},\"potentialAction\":[{\"@type\":\"SearchAction\",\"target\":{\"@type\":\"EntryPoint\",\"urlTemplate\":\"https:\/\/kapitalis.com\/tunisie\/?s={search_term_string}\"},\"query-input\":{\"@type\":\"PropertyValueSpecification\",\"valueRequired\":true,\"valueName\":\"search_term_string\"}}],\"inLanguage\":\"fr-FR\"},{\"@type\":\"Organization\",\"@id\":\"https:\/\/kapitalis.com\/tunisie\/#organization\",\"name\":\"Kapitalis\",\"url\":\"https:\/\/kapitalis.com\/tunisie\/\",\"logo\":{\"@type\":\"ImageObject\",\"inLanguage\":\"fr-FR\",\"@id\":\"https:\/\/kapitalis.com\/tunisie\/#\/schema\/logo\/image\/\",\"url\":\"https:\/\/kapitalis.com\/tunisie\/wp-content\/uploads\/2022\/05\/Kapitalis-big-size.png\",\"contentUrl\":\"https:\/\/kapitalis.com\/tunisie\/wp-content\/uploads\/2022\/05\/Kapitalis-big-size.png\",\"width\":5000,\"height\":1500,\"caption\":\"Kapitalis\"},\"image\":{\"@id\":\"https:\/\/kapitalis.com\/tunisie\/#\/schema\/logo\/image\/\"},\"sameAs\":[\"https:\/\/www.facebook.com\/KapitalisInfo\/\",\"https:\/\/x.com\/KapitalisInfo\",\"https:\/\/www.youtube.com\/channel\/UC-yDYrHyfFBWWZaOw3FPg9Q\"]},{\"@type\":\"Person\",\"@id\":\"https:\/\/kapitalis.com\/tunisie\/#\/schema\/person\/74bbde0154d49d790a92aaeac5bc01d5\",\"name\":\"Yusra NY\",\"url\":\"https:\/\/kapitalis.com\/tunisie\/author\/yuza_adam\/\"}]}<\/script>\n<!-- \/ Yoast SEO plugin. -->","yoast_head_json":{"title":"Coronavirus-Tunisie : Nouvelle classification des pays selon le niveau du risque \u00e9pid\u00e9mique - Kapitalis","robots":{"index":"index","follow":"follow","max-snippet":"max-snippet:-1","max-image-preview":"max-image-preview:large","max-video-preview":"max-video-preview:-1"},"canonical":"https:\/\/kapitalis.com\/tunisie\/2020\/07\/29\/coronavirus-tunisie-nouvelle-classification-des-pays-selon-le-niveau-du-risque-epidemique-2\/","og_locale":"fr_FR","og_type":"article","og_title":"Coronavirus-Tunisie : Nouvelle classification des pays selon le niveau du risque \u00e9pid\u00e9mique - Kapitalis","og_description":"Le minist\u00e8re de la Sant\u00e9 a publi\u00e9 ce soir, mercredi 29 juillet 2020, une nouvelle classification des pays selon le niveau du risque \u00e9pid\u00e9mique. Des changements ont \u00e9t\u00e9 apport\u00e9s par rapport \u00e0 la derni\u00e8re liste : l&rsquo;Espagne et la Suisse repassent dans la zone orange, l\u2019Autriche est d\u00e9sormais dans le vert.","og_url":"https:\/\/kapitalis.com\/tunisie\/2020\/07\/29\/coronavirus-tunisie-nouvelle-classification-des-pays-selon-le-niveau-du-risque-epidemique-2\/","og_site_name":"Kapitalis","article_publisher":"https:\/\/www.facebook.com\/KapitalisInfo\/","article_published_time":"2020-07-29T20:21:17+00:00","article_modified_time":"2020-07-30T06:38:03+00:00","og_image":[{"width":1200,"height":630,"url":"https:\/\/kapitalis.com\/tunisie\/wp-content\/uploads\/2022\/05\/kapitalis-logo-fb.png","type":"image\/png"}],"author":"Yusra NY","twitter_card":"summary_large_image","twitter_creator":"@KapitalisInfo","twitter_site":"@KapitalisInfo","twitter_misc":{"\u00c9crit par":"Yusra NY","Dur\u00e9e de lecture estim\u00e9e":"1 minute"},"schema":{"@context":"https:\/\/schema.org","@graph":[{"@type":"Article","@id":"https:\/\/kapitalis.com\/tunisie\/2020\/07\/29\/coronavirus-tunisie-nouvelle-classification-des-pays-selon-le-niveau-du-risque-epidemique-2\/#article","isPartOf":{"@id":"https:\/\/kapitalis.com\/tunisie\/2020\/07\/29\/coronavirus-tunisie-nouvelle-classification-des-pays-selon-le-niveau-du-risque-epidemique-2\/"},"author":{"name":"Yusra NY","@id":"https:\/\/kapitalis.com\/tunisie\/#\/schema\/person\/74bbde0154d49d790a92aaeac5bc01d5"},"headline":"Coronavirus-Tunisie : Nouvelle classification des pays selon le niveau du risque \u00e9pid\u00e9mique","datePublished":"2020-07-29T20:21:17+00:00","dateModified":"2020-07-30T06:38:03+00:00","mainEntityOfPage":{"@id":"https:\/\/kapitalis.com\/tunisie\/2020\/07\/29\/coronavirus-tunisie-nouvelle-classification-des-pays-selon-le-niveau-du-risque-epidemique-2\/"},"wordCount":185,"commentCount":2,"publisher":{"@id":"https:\/\/kapitalis.com\/tunisie\/#organization"},"image":{"@id":"https:\/\/kapitalis.com\/tunisie\/2020\/07\/29\/coronavirus-tunisie-nouvelle-classification-des-pays-selon-le-niveau-du-risque-epidemique-2\/#primaryimage"},"thumbnailUrl":"","keywords":["classification","Coronavirus","Espagne","risque \u00e9pid\u00e9mique","Sant\u00e9","Suisse","Tunisie"],"articleSection":["SOCIETE","Tunisie"],"inLanguage":"fr-FR","potentialAction":[{"@type":"CommentAction","name":"Comment","target":["https:\/\/kapitalis.com\/tunisie\/2020\/07\/29\/coronavirus-tunisie-nouvelle-classification-des-pays-selon-le-niveau-du-risque-epidemique-2\/#respond"]}]},{"@type":"WebPage","@id":"https:\/\/kapitalis.com\/tunisie\/2020\/07\/29\/coronavirus-tunisie-nouvelle-classification-des-pays-selon-le-niveau-du-risque-epidemique-2\/","url":"https:\/\/kapitalis.com\/tunisie\/2020\/07\/29\/coronavirus-tunisie-nouvelle-classification-des-pays-selon-le-niveau-du-risque-epidemique-2\/","name":"Coronavirus-Tunisie : Nouvelle classification des pays selon le niveau du risque \u00e9pid\u00e9mique - Kapitalis","isPartOf":{"@id":"https:\/\/kapitalis.com\/tunisie\/#website"},"primaryImageOfPage":{"@id":"https:\/\/kapitalis.com\/tunisie\/2020\/07\/29\/coronavirus-tunisie-nouvelle-classification-des-pays-selon-le-niveau-du-risque-epidemique-2\/#primaryimage"},"image":{"@id":"https:\/\/kapitalis.com\/tunisie\/2020\/07\/29\/coronavirus-tunisie-nouvelle-classification-des-pays-selon-le-niveau-du-risque-epidemique-2\/#primaryimage"},"thumbnailUrl":"","datePublished":"2020-07-29T20:21:17+00:00","dateModified":"2020-07-30T06:38:03+00:00","breadcrumb":{"@id":"https:\/\/kapitalis.com\/tunisie\/2020\/07\/29\/coronavirus-tunisie-nouvelle-classification-des-pays-selon-le-niveau-du-risque-epidemique-2\/#breadcrumb"},"inLanguage":"fr-FR","potentialAction":[{"@type":"ReadAction","target":["https:\/\/kapitalis.com\/tunisie\/2020\/07\/29\/coronavirus-tunisie-nouvelle-classification-des-pays-selon-le-niveau-du-risque-epidemique-2\/"]}]},{"@type":"ImageObject","inLanguage":"fr-FR","@id":"https:\/\/kapitalis.com\/tunisie\/2020\/07\/29\/coronavirus-tunisie-nouvelle-classification-des-pays-selon-le-niveau-du-risque-epidemique-2\/#primaryimage","url":"","contentUrl":""},{"@type":"BreadcrumbList","@id":"https:\/\/kapitalis.com\/tunisie\/2020\/07\/29\/coronavirus-tunisie-nouvelle-classification-des-pays-selon-le-niveau-du-risque-epidemique-2\/#breadcrumb","itemListElement":[{"@type":"ListItem","position":1,"name":"Accueil","item":"https:\/\/kapitalis.com\/tunisie\/"},{"@type":"ListItem","position":2,"name":"Coronavirus-Tunisie : Nouvelle classification des pays selon le niveau du risque \u00e9pid\u00e9mique"}]},{"@type":"WebSite","@id":"https:\/\/kapitalis.com\/tunisie\/#website","url":"https:\/\/kapitalis.com\/tunisie\/","name":"Kapitalis","description":"L&#039;actualit\u00e9 en Tunisie et dans le monde","publisher":{"@id":"https:\/\/kapitalis.com\/tunisie\/#organization"},"potentialAction":[{"@type":"SearchAction","target":{"@type":"EntryPoint","urlTemplate":"https:\/\/kapitalis.com\/tunisie\/?s={search_term_string}"},"query-input":{"@type":"PropertyValueSpecification","valueRequired":true,"valueName":"search_term_string"}}],"inLanguage":"fr-FR"},{"@type":"Organization","@id":"https:\/\/kapitalis.com\/tunisie\/#organization","name":"Kapitalis","url":"https:\/\/kapitalis.com\/tunisie\/","logo":{"@type":"ImageObject","inLanguage":"fr-FR","@id":"https:\/\/kapitalis.com\/tunisie\/#\/schema\/logo\/image\/","url":"https:\/\/kapitalis.com\/tunisie\/wp-content\/uploads\/2022\/05\/Kapitalis-big-size.png","contentUrl":"https:\/\/kapitalis.com\/tunisie\/wp-content\/uploads\/2022\/05\/Kapitalis-big-size.png","width":5000,"height":1500,"caption":"Kapitalis"},"image":{"@id":"https:\/\/kapitalis.com\/tunisie\/#\/schema\/logo\/image\/"},"sameAs":["https:\/\/www.facebook.com\/KapitalisInfo\/","https:\/\/x.com\/KapitalisInfo","https:\/\/www.youtube.com\/channel\/UC-yDYrHyfFBWWZaOw3FPg9Q"]},{"@type":"Person","@id":"https:\/\/kapitalis.com\/tunisie\/#\/schema\/person\/74bbde0154d49d790a92aaeac5bc01d5","name":"Yusra NY","url":"https:\/\/kapitalis.com\/tunisie\/author\/yuza_adam\/"}]}},"_links":{"self":[{"href":"https:\/\/kapitalis.com\/tunisie\/wp-json\/wp\/v2\/posts\/309953","targetHints":{"allow":["GET"]}}],"collection":[{"href":"https:\/\/kapitalis.com\/tunisie\/wp-json\/wp\/v2\/posts"}],"about":[{"href":"https:\/\/kapitalis.com\/tunisie\/wp-json\/wp\/v2\/types\/post"}],"author":[{"embeddable":true,"href":"https:\/\/kapitalis.com\/tunisie\/wp-json\/wp\/v2\/users\/6"}],"replies":[{"embeddable":true,"href":"https:\/\/kapitalis.com\/tunisie\/wp-json\/wp\/v2\/comments?post=309953"}],"version-history":[{"count":0,"href":"https:\/\/kapitalis.com\/tunisie\/wp-json\/wp\/v2\/posts\/309953\/revisions"}],"wp:featuredmedia":[{"embeddable":true,"href":"https:\/\/kapitalis.com\/tunisie\/wp-json\/wp\/v2\/media\/309955"}],"wp:attachment":[{"href":"https:\/\/kapitalis.com\/tunisie\/wp-json\/wp\/v2\/media?parent=309953"}],"wp:term":[{"taxonomy":"category","embeddable":true,"href":"https:\/\/kapitalis.com\/tunisie\/wp-json\/wp\/v2\/categories?post=309953"},{"taxonomy":"post_tag","embeddable":true,"href":"https:\/\/kapitalis.com\/tunisie\/wp-json\/wp\/v2\/tags?post=309953"}],"curies":[{"name":"wp","href":"https:\/\/api.w.org\/{rel}","templated":true}]}}