{"id":310058,"date":"2020-07-30T15:00:43","date_gmt":"2020-07-30T14:00:43","guid":{"rendered":"http:\/\/kapitalis.com\/tunisie\/?p=310058"},"modified":"2020-07-31T08:11:18","modified_gmt":"2020-07-31T07:11:18","slug":"abir-moussi-ghannouchi-a-ete-sauve-par-des-traitres","status":"publish","type":"post","link":"https:\/\/kapitalis.com\/tunisie\/2020\/07\/30\/abir-moussi-ghannouchi-a-ete-sauve-par-des-traitres\/","title":{"rendered":"Abir Moussi : \u00abGhannouchi a \u00e9t\u00e9 sauv\u00e9 par des tra\u00eetres\u00bb"},"content":{"rendered":"\n<figure class=\"wp-block-image size-large\"><img decoding=\"async\" src=\"http:\/\/kapitalis.com\/tunisie\/wp-content\/uploads\/2020\/06\/Abir-Moussi-et-Nabil-Karoui.jpg\" alt=\"\" class=\"wp-image-305223\"\/><\/figure>\n\n\n\n<p><strong><em>Dans une d\u00e9claration m\u00e9diatique \u00e0 chaud suite \u00e0 la chute de la motion de retrait de confiance au pr\u00e9sident du Parlement, jeudi 30 juillet 2020, Rached Ghannouchi, la pr\u00e9sidente du Parti destourien libre (PDL), Abir Moussi, a estim\u00e9 que c&rsquo;est la supercherie de certains d\u00e9put\u00e9s <strong><em>\u00abtra\u00eetres\u00bb<\/em><\/strong> qui a sauv\u00e9, de justesse, le leader islamiste.<\/em><\/strong><\/p>\n\n\n\n<!--more-->\n\n\n\n<p>Abir Moussi a, \u00e0 cet effet, exprim\u00e9 son m\u00e9pris vis-\u00e0-vis des 18 d\u00e9put\u00e9s qui ont fait en sorte que leurs voix soient annul\u00e9es en cochant \u00e0 la fois les deux options de vote.<\/p>\n\n\n\n<p>Selon elle, ces \u00e9lus appartiennent forc\u00e9ment \u00e0 un m\u00eame bloc parlementaire et se sont entendus \u00e0 faire mine de soutenir la motion de censure en cochant la case <em>\u00aboui\u00bb<\/em> et en affichant ce vote, avant d&rsquo;ajouter, secr\u00e8tement, une croix devant l&rsquo;autre choix, annulant ainsi la valeur de leurs papiers, ce qui est synonyme d&rsquo;une voix contre la motion.<\/p>\n\n\n\n<p>Moussi n&rsquo;a pas accus\u00e9 une partie en particulier, mais il est clair que ce sont les d\u00e9put\u00e9s de Qalb Tounes qui ont finalement choisi de se ranger du c\u00f4t\u00e9 de leurs partenaires parlementaires officieux, Ennahdha et Al-Karama.<\/p>\n\n\n\n<p>Le bloc Qalb Tounes est, en effet, le seul \u00e0 avoir cach\u00e9 sa position officielle envers la motion de censure, et certains de ses d\u00e9put\u00e9s auraient, selon certains \u00e9chos, pr\u00e9tendu dans les coulisses que leur parti leur a laiss\u00e9 le libre arbitre et qu&rsquo;ils allaient voter pour la destitution de Ghannouchi.<\/p>\n\n\n\n<p>Finalement, ils se sont, vraisemblablement, bien foutus d&rsquo;eux, comme ils ont fait avec leurs \u00e9lecteurs en leur promettant de ne jamais s&rsquo;allier \u00e0 Ennahdha. La tra\u00eetrise et la f\u00e9lonie est une seconde nature chez certains politiciens et Nabil Karoui et <em>\u00abses\u00bb<\/em> d\u00e9put\u00e9s sont devenus des orf\u00e8vres dans l&rsquo;art de la tromperie et du mensonge.  <\/p>\n\n\n\n<p class=\"has-text-align-right\"><strong>C. B. Y.<\/strong><\/p>\n","protected":false},"excerpt":{"rendered":"<p>Dans une d\u00e9claration m\u00e9diatique \u00e0 chaud suite \u00e0 la chute de la motion de retrait de confiance au pr\u00e9sident du Parlement, jeudi 30 juillet 2020, Rached Ghannouchi, la pr\u00e9sidente du Parti destourien libre (PDL), Abir Moussi, a estim\u00e9 que c&rsquo;est la supercherie de certains d\u00e9put\u00e9s \u00abtra\u00eetres\u00bb qui a sauv\u00e9, de justesse, le leader islamiste.<\/p>\n","protected":false},"author":24,"featured_media":0,"comment_status":"open","ping_status":"open","sticky":false,"template":"","format":"standard","meta":{"footnotes":""},"categories":[997,2433],"tags":[15144,76464,49543,61989,81274],"class_list":["post-310058","post","type-post","status-publish","format-standard","hentry","category-politique","category-tunisie","tag-abir-moussi","tag-al-karama-2","tag-ennahdha","tag-qalb-tounes","tag-rahced-ghannouchi"],"yoast_head":"<!-- This site is optimized with the Yoast SEO plugin v26.6 - https:\/\/yoast.com\/wordpress\/plugins\/seo\/ -->\n<title>Abir Moussi : \u00abGhannouchi a \u00e9t\u00e9 sauv\u00e9 par des tra\u00eetres\u00bb - Kapitalis<\/title>\n<meta name=\"robots\" content=\"index, follow, max-snippet:-1, max-image-preview:large, max-video-preview:-1\" \/>\n<link rel=\"canonical\" href=\"https:\/\/kapitalis.com\/tunisie\/2020\/07\/30\/abir-moussi-ghannouchi-a-ete-sauve-par-des-traitres\/\" \/>\n<meta property=\"og:locale\" content=\"fr_FR\" \/>\n<meta property=\"og:type\" content=\"article\" \/>\n<meta property=\"og:title\" content=\"Abir Moussi : \u00abGhannouchi a \u00e9t\u00e9 sauv\u00e9 par des tra\u00eetres\u00bb - Kapitalis\" \/>\n<meta property=\"og:description\" content=\"Dans une d\u00e9claration m\u00e9diatique \u00e0 chaud suite \u00e0 la chute de la motion de retrait de confiance au pr\u00e9sident du Parlement, jeudi 30 juillet 2020, Rached Ghannouchi, la pr\u00e9sidente du Parti destourien libre (PDL), Abir Moussi, a estim\u00e9 que c&rsquo;est la supercherie de certains d\u00e9put\u00e9s \u00abtra\u00eetres\u00bb qui a sauv\u00e9, de justesse, le leader islamiste.\" \/>\n<meta property=\"og:url\" content=\"https:\/\/kapitalis.com\/tunisie\/2020\/07\/30\/abir-moussi-ghannouchi-a-ete-sauve-par-des-traitres\/\" \/>\n<meta property=\"og:site_name\" content=\"Kapitalis\" \/>\n<meta property=\"article:publisher\" content=\"https:\/\/www.facebook.com\/KapitalisInfo\/\" \/>\n<meta property=\"article:published_time\" content=\"2020-07-30T14:00:43+00:00\" \/>\n<meta property=\"article:modified_time\" content=\"2020-07-31T07:11:18+00:00\" \/>\n<meta property=\"og:image\" content=\"http:\/\/kapitalis.com\/tunisie\/wp-content\/uploads\/2020\/06\/Abir-Moussi-et-Nabil-Karoui.jpg\" \/>\n<meta name=\"author\" content=\"Cherif Benyounes\" \/>\n<meta name=\"twitter:card\" content=\"summary_large_image\" \/>\n<meta name=\"twitter:creator\" content=\"@KapitalisInfo\" \/>\n<meta name=\"twitter:site\" content=\"@KapitalisInfo\" \/>\n<meta name=\"twitter:label1\" content=\"\u00c9crit par\" \/>\n\t<meta name=\"twitter:data1\" content=\"Cherif Benyounes\" \/>\n\t<meta name=\"twitter:label2\" content=\"Dur\u00e9e de lecture estim\u00e9e\" \/>\n\t<meta name=\"twitter:data2\" content=\"2 minutes\" \/>\n<script type=\"application\/ld+json\" class=\"yoast-schema-graph\">{\"@context\":\"https:\/\/schema.org\",\"@graph\":[{\"@type\":\"Article\",\"@id\":\"https:\/\/kapitalis.com\/tunisie\/2020\/07\/30\/abir-moussi-ghannouchi-a-ete-sauve-par-des-traitres\/#article\",\"isPartOf\":{\"@id\":\"https:\/\/kapitalis.com\/tunisie\/2020\/07\/30\/abir-moussi-ghannouchi-a-ete-sauve-par-des-traitres\/\"},\"author\":{\"name\":\"Cherif Benyounes\",\"@id\":\"https:\/\/kapitalis.com\/tunisie\/#\/schema\/person\/b35b8d631961131107263178aeb8019e\"},\"headline\":\"Abir Moussi : \u00abGhannouchi a \u00e9t\u00e9 sauv\u00e9 par des tra\u00eetres\u00bb\",\"datePublished\":\"2020-07-30T14:00:43+00:00\",\"dateModified\":\"2020-07-31T07:11:18+00:00\",\"mainEntityOfPage\":{\"@id\":\"https:\/\/kapitalis.com\/tunisie\/2020\/07\/30\/abir-moussi-ghannouchi-a-ete-sauve-par-des-traitres\/\"},\"wordCount\":315,\"commentCount\":5,\"publisher\":{\"@id\":\"https:\/\/kapitalis.com\/tunisie\/#organization\"},\"image\":{\"@id\":\"https:\/\/kapitalis.com\/tunisie\/2020\/07\/30\/abir-moussi-ghannouchi-a-ete-sauve-par-des-traitres\/#primaryimage\"},\"thumbnailUrl\":\"http:\/\/kapitalis.com\/tunisie\/wp-content\/uploads\/2020\/06\/Abir-Moussi-et-Nabil-Karoui.jpg\",\"keywords\":[\"Abir Moussi\",\"Al-Karama\",\"Ennahdha\",\"Qalb Tounes\",\"rahced ghannouchi\"],\"articleSection\":[\"POLITIQUE\",\"Tunisie\"],\"inLanguage\":\"fr-FR\",\"potentialAction\":[{\"@type\":\"CommentAction\",\"name\":\"Comment\",\"target\":[\"https:\/\/kapitalis.com\/tunisie\/2020\/07\/30\/abir-moussi-ghannouchi-a-ete-sauve-par-des-traitres\/#respond\"]}]},{\"@type\":\"WebPage\",\"@id\":\"https:\/\/kapitalis.com\/tunisie\/2020\/07\/30\/abir-moussi-ghannouchi-a-ete-sauve-par-des-traitres\/\",\"url\":\"https:\/\/kapitalis.com\/tunisie\/2020\/07\/30\/abir-moussi-ghannouchi-a-ete-sauve-par-des-traitres\/\",\"name\":\"Abir Moussi : \u00abGhannouchi a \u00e9t\u00e9 sauv\u00e9 par des tra\u00eetres\u00bb - Kapitalis\",\"isPartOf\":{\"@id\":\"https:\/\/kapitalis.com\/tunisie\/#website\"},\"primaryImageOfPage\":{\"@id\":\"https:\/\/kapitalis.com\/tunisie\/2020\/07\/30\/abir-moussi-ghannouchi-a-ete-sauve-par-des-traitres\/#primaryimage\"},\"image\":{\"@id\":\"https:\/\/kapitalis.com\/tunisie\/2020\/07\/30\/abir-moussi-ghannouchi-a-ete-sauve-par-des-traitres\/#primaryimage\"},\"thumbnailUrl\":\"http:\/\/kapitalis.com\/tunisie\/wp-content\/uploads\/2020\/06\/Abir-Moussi-et-Nabil-Karoui.jpg\",\"datePublished\":\"2020-07-30T14:00:43+00:00\",\"dateModified\":\"2020-07-31T07:11:18+00:00\",\"breadcrumb\":{\"@id\":\"https:\/\/kapitalis.com\/tunisie\/2020\/07\/30\/abir-moussi-ghannouchi-a-ete-sauve-par-des-traitres\/#breadcrumb\"},\"inLanguage\":\"fr-FR\",\"potentialAction\":[{\"@type\":\"ReadAction\",\"target\":[\"https:\/\/kapitalis.com\/tunisie\/2020\/07\/30\/abir-moussi-ghannouchi-a-ete-sauve-par-des-traitres\/\"]}]},{\"@type\":\"ImageObject\",\"inLanguage\":\"fr-FR\",\"@id\":\"https:\/\/kapitalis.com\/tunisie\/2020\/07\/30\/abir-moussi-ghannouchi-a-ete-sauve-par-des-traitres\/#primaryimage\",\"url\":\"\",\"contentUrl\":\"\"},{\"@type\":\"BreadcrumbList\",\"@id\":\"https:\/\/kapitalis.com\/tunisie\/2020\/07\/30\/abir-moussi-ghannouchi-a-ete-sauve-par-des-traitres\/#breadcrumb\",\"itemListElement\":[{\"@type\":\"ListItem\",\"position\":1,\"name\":\"Accueil\",\"item\":\"https:\/\/kapitalis.com\/tunisie\/\"},{\"@type\":\"ListItem\",\"position\":2,\"name\":\"Abir Moussi : \u00abGhannouchi a \u00e9t\u00e9 sauv\u00e9 par des tra\u00eetres\u00bb\"}]},{\"@type\":\"WebSite\",\"@id\":\"https:\/\/kapitalis.com\/tunisie\/#website\",\"url\":\"https:\/\/kapitalis.com\/tunisie\/\",\"name\":\"Kapitalis\",\"description\":\"L&#039;actualit\u00e9 en Tunisie et dans le monde\",\"publisher\":{\"@id\":\"https:\/\/kapitalis.com\/tunisie\/#organization\"},\"potentialAction\":[{\"@type\":\"SearchAction\",\"target\":{\"@type\":\"EntryPoint\",\"urlTemplate\":\"https:\/\/kapitalis.com\/tunisie\/?s={search_term_string}\"},\"query-input\":{\"@type\":\"PropertyValueSpecification\",\"valueRequired\":true,\"valueName\":\"search_term_string\"}}],\"inLanguage\":\"fr-FR\"},{\"@type\":\"Organization\",\"@id\":\"https:\/\/kapitalis.com\/tunisie\/#organization\",\"name\":\"Kapitalis\",\"url\":\"https:\/\/kapitalis.com\/tunisie\/\",\"logo\":{\"@type\":\"ImageObject\",\"inLanguage\":\"fr-FR\",\"@id\":\"https:\/\/kapitalis.com\/tunisie\/#\/schema\/logo\/image\/\",\"url\":\"https:\/\/kapitalis.com\/tunisie\/wp-content\/uploads\/2022\/05\/Kapitalis-big-size.png\",\"contentUrl\":\"https:\/\/kapitalis.com\/tunisie\/wp-content\/uploads\/2022\/05\/Kapitalis-big-size.png\",\"width\":5000,\"height\":1500,\"caption\":\"Kapitalis\"},\"image\":{\"@id\":\"https:\/\/kapitalis.com\/tunisie\/#\/schema\/logo\/image\/\"},\"sameAs\":[\"https:\/\/www.facebook.com\/KapitalisInfo\/\",\"https:\/\/x.com\/KapitalisInfo\",\"https:\/\/www.youtube.com\/channel\/UC-yDYrHyfFBWWZaOw3FPg9Q\"]},{\"@type\":\"Person\",\"@id\":\"https:\/\/kapitalis.com\/tunisie\/#\/schema\/person\/b35b8d631961131107263178aeb8019e\",\"name\":\"Cherif Benyounes\",\"url\":\"https:\/\/kapitalis.com\/tunisie\/author\/cherif\/\"}]}<\/script>\n<!-- \/ Yoast SEO plugin. -->","yoast_head_json":{"title":"Abir Moussi : \u00abGhannouchi a \u00e9t\u00e9 sauv\u00e9 par des tra\u00eetres\u00bb - Kapitalis","robots":{"index":"index","follow":"follow","max-snippet":"max-snippet:-1","max-image-preview":"max-image-preview:large","max-video-preview":"max-video-preview:-1"},"canonical":"https:\/\/kapitalis.com\/tunisie\/2020\/07\/30\/abir-moussi-ghannouchi-a-ete-sauve-par-des-traitres\/","og_locale":"fr_FR","og_type":"article","og_title":"Abir Moussi : \u00abGhannouchi a \u00e9t\u00e9 sauv\u00e9 par des tra\u00eetres\u00bb - Kapitalis","og_description":"Dans une d\u00e9claration m\u00e9diatique \u00e0 chaud suite \u00e0 la chute de la motion de retrait de confiance au pr\u00e9sident du Parlement, jeudi 30 juillet 2020, Rached Ghannouchi, la pr\u00e9sidente du Parti destourien libre (PDL), Abir Moussi, a estim\u00e9 que c&rsquo;est la supercherie de certains d\u00e9put\u00e9s \u00abtra\u00eetres\u00bb qui a sauv\u00e9, de justesse, le leader islamiste.","og_url":"https:\/\/kapitalis.com\/tunisie\/2020\/07\/30\/abir-moussi-ghannouchi-a-ete-sauve-par-des-traitres\/","og_site_name":"Kapitalis","article_publisher":"https:\/\/www.facebook.com\/KapitalisInfo\/","article_published_time":"2020-07-30T14:00:43+00:00","article_modified_time":"2020-07-31T07:11:18+00:00","og_image":[{"url":"http:\/\/kapitalis.com\/tunisie\/wp-content\/uploads\/2020\/06\/Abir-Moussi-et-Nabil-Karoui.jpg","type":"","width":"","height":""}],"author":"Cherif Benyounes","twitter_card":"summary_large_image","twitter_creator":"@KapitalisInfo","twitter_site":"@KapitalisInfo","twitter_misc":{"\u00c9crit par":"Cherif Benyounes","Dur\u00e9e de lecture estim\u00e9e":"2 minutes"},"schema":{"@context":"https:\/\/schema.org","@graph":[{"@type":"Article","@id":"https:\/\/kapitalis.com\/tunisie\/2020\/07\/30\/abir-moussi-ghannouchi-a-ete-sauve-par-des-traitres\/#article","isPartOf":{"@id":"https:\/\/kapitalis.com\/tunisie\/2020\/07\/30\/abir-moussi-ghannouchi-a-ete-sauve-par-des-traitres\/"},"author":{"name":"Cherif Benyounes","@id":"https:\/\/kapitalis.com\/tunisie\/#\/schema\/person\/b35b8d631961131107263178aeb8019e"},"headline":"Abir Moussi : \u00abGhannouchi a \u00e9t\u00e9 sauv\u00e9 par des tra\u00eetres\u00bb","datePublished":"2020-07-30T14:00:43+00:00","dateModified":"2020-07-31T07:11:18+00:00","mainEntityOfPage":{"@id":"https:\/\/kapitalis.com\/tunisie\/2020\/07\/30\/abir-moussi-ghannouchi-a-ete-sauve-par-des-traitres\/"},"wordCount":315,"commentCount":5,"publisher":{"@id":"https:\/\/kapitalis.com\/tunisie\/#organization"},"image":{"@id":"https:\/\/kapitalis.com\/tunisie\/2020\/07\/30\/abir-moussi-ghannouchi-a-ete-sauve-par-des-traitres\/#primaryimage"},"thumbnailUrl":"http:\/\/kapitalis.com\/tunisie\/wp-content\/uploads\/2020\/06\/Abir-Moussi-et-Nabil-Karoui.jpg","keywords":["Abir Moussi","Al-Karama","Ennahdha","Qalb Tounes","rahced ghannouchi"],"articleSection":["POLITIQUE","Tunisie"],"inLanguage":"fr-FR","potentialAction":[{"@type":"CommentAction","name":"Comment","target":["https:\/\/kapitalis.com\/tunisie\/2020\/07\/30\/abir-moussi-ghannouchi-a-ete-sauve-par-des-traitres\/#respond"]}]},{"@type":"WebPage","@id":"https:\/\/kapitalis.com\/tunisie\/2020\/07\/30\/abir-moussi-ghannouchi-a-ete-sauve-par-des-traitres\/","url":"https:\/\/kapitalis.com\/tunisie\/2020\/07\/30\/abir-moussi-ghannouchi-a-ete-sauve-par-des-traitres\/","name":"Abir Moussi : \u00abGhannouchi a \u00e9t\u00e9 sauv\u00e9 par des tra\u00eetres\u00bb - Kapitalis","isPartOf":{"@id":"https:\/\/kapitalis.com\/tunisie\/#website"},"primaryImageOfPage":{"@id":"https:\/\/kapitalis.com\/tunisie\/2020\/07\/30\/abir-moussi-ghannouchi-a-ete-sauve-par-des-traitres\/#primaryimage"},"image":{"@id":"https:\/\/kapitalis.com\/tunisie\/2020\/07\/30\/abir-moussi-ghannouchi-a-ete-sauve-par-des-traitres\/#primaryimage"},"thumbnailUrl":"http:\/\/kapitalis.com\/tunisie\/wp-content\/uploads\/2020\/06\/Abir-Moussi-et-Nabil-Karoui.jpg","datePublished":"2020-07-30T14:00:43+00:00","dateModified":"2020-07-31T07:11:18+00:00","breadcrumb":{"@id":"https:\/\/kapitalis.com\/tunisie\/2020\/07\/30\/abir-moussi-ghannouchi-a-ete-sauve-par-des-traitres\/#breadcrumb"},"inLanguage":"fr-FR","potentialAction":[{"@type":"ReadAction","target":["https:\/\/kapitalis.com\/tunisie\/2020\/07\/30\/abir-moussi-ghannouchi-a-ete-sauve-par-des-traitres\/"]}]},{"@type":"ImageObject","inLanguage":"fr-FR","@id":"https:\/\/kapitalis.com\/tunisie\/2020\/07\/30\/abir-moussi-ghannouchi-a-ete-sauve-par-des-traitres\/#primaryimage","url":"","contentUrl":""},{"@type":"BreadcrumbList","@id":"https:\/\/kapitalis.com\/tunisie\/2020\/07\/30\/abir-moussi-ghannouchi-a-ete-sauve-par-des-traitres\/#breadcrumb","itemListElement":[{"@type":"ListItem","position":1,"name":"Accueil","item":"https:\/\/kapitalis.com\/tunisie\/"},{"@type":"ListItem","position":2,"name":"Abir Moussi : \u00abGhannouchi a \u00e9t\u00e9 sauv\u00e9 par des tra\u00eetres\u00bb"}]},{"@type":"WebSite","@id":"https:\/\/kapitalis.com\/tunisie\/#website","url":"https:\/\/kapitalis.com\/tunisie\/","name":"Kapitalis","description":"L&#039;actualit\u00e9 en Tunisie et dans le monde","publisher":{"@id":"https:\/\/kapitalis.com\/tunisie\/#organization"},"potentialAction":[{"@type":"SearchAction","target":{"@type":"EntryPoint","urlTemplate":"https:\/\/kapitalis.com\/tunisie\/?s={search_term_string}"},"query-input":{"@type":"PropertyValueSpecification","valueRequired":true,"valueName":"search_term_string"}}],"inLanguage":"fr-FR"},{"@type":"Organization","@id":"https:\/\/kapitalis.com\/tunisie\/#organization","name":"Kapitalis","url":"https:\/\/kapitalis.com\/tunisie\/","logo":{"@type":"ImageObject","inLanguage":"fr-FR","@id":"https:\/\/kapitalis.com\/tunisie\/#\/schema\/logo\/image\/","url":"https:\/\/kapitalis.com\/tunisie\/wp-content\/uploads\/2022\/05\/Kapitalis-big-size.png","contentUrl":"https:\/\/kapitalis.com\/tunisie\/wp-content\/uploads\/2022\/05\/Kapitalis-big-size.png","width":5000,"height":1500,"caption":"Kapitalis"},"image":{"@id":"https:\/\/kapitalis.com\/tunisie\/#\/schema\/logo\/image\/"},"sameAs":["https:\/\/www.facebook.com\/KapitalisInfo\/","https:\/\/x.com\/KapitalisInfo","https:\/\/www.youtube.com\/channel\/UC-yDYrHyfFBWWZaOw3FPg9Q"]},{"@type":"Person","@id":"https:\/\/kapitalis.com\/tunisie\/#\/schema\/person\/b35b8d631961131107263178aeb8019e","name":"Cherif Benyounes","url":"https:\/\/kapitalis.com\/tunisie\/author\/cherif\/"}]}},"_links":{"self":[{"href":"https:\/\/kapitalis.com\/tunisie\/wp-json\/wp\/v2\/posts\/310058","targetHints":{"allow":["GET"]}}],"collection":[{"href":"https:\/\/kapitalis.com\/tunisie\/wp-json\/wp\/v2\/posts"}],"about":[{"href":"https:\/\/kapitalis.com\/tunisie\/wp-json\/wp\/v2\/types\/post"}],"author":[{"embeddable":true,"href":"https:\/\/kapitalis.com\/tunisie\/wp-json\/wp\/v2\/users\/24"}],"replies":[{"embeddable":true,"href":"https:\/\/kapitalis.com\/tunisie\/wp-json\/wp\/v2\/comments?post=310058"}],"version-history":[{"count":0,"href":"https:\/\/kapitalis.com\/tunisie\/wp-json\/wp\/v2\/posts\/310058\/revisions"}],"wp:attachment":[{"href":"https:\/\/kapitalis.com\/tunisie\/wp-json\/wp\/v2\/media?parent=310058"}],"wp:term":[{"taxonomy":"category","embeddable":true,"href":"https:\/\/kapitalis.com\/tunisie\/wp-json\/wp\/v2\/categories?post=310058"},{"taxonomy":"post_tag","embeddable":true,"href":"https:\/\/kapitalis.com\/tunisie\/wp-json\/wp\/v2\/tags?post=310058"}],"curies":[{"name":"wp","href":"https:\/\/api.w.org\/{rel}","templated":true}]}}