{"id":310078,"date":"2020-07-30T16:41:08","date_gmt":"2020-07-30T15:41:08","guid":{"rendered":"http:\/\/kapitalis.com\/tunisie\/?p=310078"},"modified":"2020-07-31T08:32:34","modified_gmt":"2020-07-31T07:32:34","slug":"oussama-khelifi-nous-ne-sommes-pas-satisfaits-de-la-chute-de-la-motion-de-retrait-de-confiance-a-ghannouchi","status":"publish","type":"post","link":"https:\/\/kapitalis.com\/tunisie\/2020\/07\/30\/oussama-khelifi-nous-ne-sommes-pas-satisfaits-de-la-chute-de-la-motion-de-retrait-de-confiance-a-ghannouchi\/","title":{"rendered":"Oussama Khelifi : \u00abNous ne sommes pas satisfaits de la chute de la motion de retrait de confiance \u00e0 Ghannouchi\u00bb"},"content":{"rendered":"\n<figure class=\"wp-block-image size-large\"><img decoding=\"async\" src=\"http:\/\/kapitalis.com\/tunisie\/wp-content\/uploads\/2020\/05\/oussama-khelifi.jpg\" alt=\"\" class=\"wp-image-298439\"\/><\/figure>\n\n\n\n<p><em><strong>Dans sa premi\u00e8re d\u00e9claration m\u00e9diatique suite \u00e0 la chute de la motion de retrait de confiance au pr\u00e9sident du Parlement, Rached Ghannouchi, Oussama Khelifi, chef du bloc parlementaire de Qalb Tounes, n&rsquo;a pas avou\u00e9 que son parti a d\u00e9cid\u00e9 de soutenir le leader islamiste. Au contraire, il a choisi de faire durer encore plus la pi\u00e8ce de th\u00e9\u00e2tre.<\/strong><\/em><strong><em>..<\/em><\/strong> <\/p>\n\n\n\n<!--more-->\n\n\n\n<p>\u00ab<em>Aujourd&rsquo;hui, nous avons exerc\u00e9 notre droit d\u00e9mocratique en tant que d\u00e9put\u00e9s, et nous avons fait parler notre conscience. Personne n&rsquo;a le droit de remettre en question l&rsquo;autre parce que personne n&rsquo;a la v\u00e9rit\u00e9<\/em>\u00bb, a-t-il d\u00e9clar\u00e9 \u00e0 Express FM, ajoutant que les d\u00e9put\u00e9s de son bloc \u00ab<em>ne sont pas pas satisfaits de la chute de la motion de retrait de confiance \u00e0 Ghannouchi, ni contents de ce qui arrive au Parlement<\/em>\u00bb.<\/p>\n\n\n\n<p>Pourtant, selon toute vraisemblance, le bloc Qalb Tounes, qui est &#8211; comme par hasard &#8211; le seul \u00e0 ne pas avoir affich\u00e9 sa position officielle envers la motion de censure, a finalement opt\u00e9 pour le soutien de Rached Ghannouchi, comme en t\u00e9moignent les 18 bulletins de vote nuls et la d\u00e9mission de la d\u00e9put\u00e9e, Lilia Bellil, du parti <a href=\"http:\/\/kapitalis.com\/tunisie\/2020\/07\/30\/harcelee-pour-avoir-vote-pour-la-destitution-de-rahced-ghannouchi-lilia-bellil-quitte-qalb-tounes\/\"><strong>apr\u00e8s avoir subi des pressions<\/strong><\/a> suite \u00e0 sa d\u00e9cision de voter pour la destitution du chef d&rsquo;Ennahdha.<\/p>\n\n\n\n<p>Que cherche M. Khelifi donc \u00e0 travers cette d\u00e9claration ? Perdre le peu de cr\u00e9dibilit\u00e9 qui reste \u00e0 son parti, qui avait promis \u00e0 ses \u00e9lecteurs de ne jamais s&rsquo;allier \u00e0 Ennahdha ? Montrer qu&rsquo;il n&rsquo;a aucun principe ni sens de l&rsquo;\u00e9thique ? Si tels sont ses r\u00e9els objectifs, il est vrai qu&rsquo;il est difficile de faire mieux.<\/p>\n\n\n\n<p class=\"has-text-align-right\"><strong>C. B. Y.<\/strong><\/p>\n\n\n\n<figure class=\"wp-block-embed-wordpress wp-block-embed is-type-wp-embed is-provider-kapitalis\"><div class=\"wp-block-embed__wrapper\">\n<blockquote class=\"wp-embedded-content\" data-secret=\"iyDlvIfnFX\"><a href=\"https:\/\/kapitalis.com\/tunisie\/2020\/07\/30\/harcelee-pour-avoir-vote-pour-la-destitution-de-rahced-ghannouchi-lilia-bellil-quitte-qalb-tounes\/\">Harcel\u00e9e pour avoir vot\u00e9 pour la destitution de Rached Ghannouchi, Lilia Bellil quitte Qalb Tounes<\/a><\/blockquote><iframe loading=\"lazy\" class=\"wp-embedded-content\" sandbox=\"allow-scripts\" security=\"restricted\" style=\"position: absolute; clip: rect(1px, 1px, 1px, 1px);\" title=\"\u00ab\u00a0Harcel\u00e9e pour avoir vot\u00e9 pour la destitution de Rached Ghannouchi, Lilia Bellil quitte Qalb Tounes\u00a0\u00bb &#8212; Kapitalis\" src=\"https:\/\/kapitalis.com\/tunisie\/2020\/07\/30\/harcelee-pour-avoir-vote-pour-la-destitution-de-rahced-ghannouchi-lilia-bellil-quitte-qalb-tounes\/embed\/#?secret=1xT2rqIAKB#?secret=iyDlvIfnFX\" data-secret=\"iyDlvIfnFX\" width=\"600\" height=\"338\" frameborder=\"0\" marginwidth=\"0\" marginheight=\"0\" scrolling=\"no\"><\/iframe>\n<\/div><\/figure>\n\n\n\n<figure class=\"wp-block-embed-wordpress wp-block-embed is-type-wp-embed is-provider-kapitalis\"><div class=\"wp-block-embed__wrapper\">\n<blockquote class=\"wp-embedded-content\" data-secret=\"mGamtqWxYj\"><a href=\"https:\/\/kapitalis.com\/tunisie\/2020\/07\/30\/assemblee-rached-ghannouchi-echappe-de-peu-a-la-destitution\/\">Assembl\u00e9e : Rached Ghannouchi \u00e9chappe de peu \u00e0 la destitution<\/a><\/blockquote><iframe loading=\"lazy\" class=\"wp-embedded-content\" sandbox=\"allow-scripts\" security=\"restricted\" style=\"position: absolute; clip: rect(1px, 1px, 1px, 1px);\" title=\"\u00ab\u00a0Assembl\u00e9e : Rached Ghannouchi \u00e9chappe de peu \u00e0 la destitution\u00a0\u00bb &#8212; Kapitalis\" src=\"https:\/\/kapitalis.com\/tunisie\/2020\/07\/30\/assemblee-rached-ghannouchi-echappe-de-peu-a-la-destitution\/embed\/#?secret=YtJ68JzLK0#?secret=mGamtqWxYj\" data-secret=\"mGamtqWxYj\" width=\"600\" height=\"338\" frameborder=\"0\" marginwidth=\"0\" marginheight=\"0\" scrolling=\"no\"><\/iframe>\n<\/div><\/figure>\n\n\n\n<figure class=\"wp-block-embed-wordpress wp-block-embed is-type-wp-embed is-provider-kapitalis\"><div class=\"wp-block-embed__wrapper\">\n<blockquote class=\"wp-embedded-content\" data-secret=\"sIgDoDqnfg\"><a href=\"https:\/\/kapitalis.com\/tunisie\/2020\/07\/30\/qalb-ennahdha-consomme-une-nouvelle-fois-son-mariage\/\">Qalb Ennahdha consomme une nouvelle fois son mariage<\/a><\/blockquote><iframe loading=\"lazy\" class=\"wp-embedded-content\" sandbox=\"allow-scripts\" security=\"restricted\" style=\"position: absolute; clip: rect(1px, 1px, 1px, 1px);\" title=\"\u00ab\u00a0Qalb Ennahdha consomme une nouvelle fois son mariage\u00a0\u00bb &#8212; Kapitalis\" src=\"https:\/\/kapitalis.com\/tunisie\/2020\/07\/30\/qalb-ennahdha-consomme-une-nouvelle-fois-son-mariage\/embed\/#?secret=pX6VNvuCcD#?secret=sIgDoDqnfg\" data-secret=\"sIgDoDqnfg\" width=\"600\" height=\"338\" frameborder=\"0\" marginwidth=\"0\" marginheight=\"0\" scrolling=\"no\"><\/iframe>\n<\/div><\/figure>\n\n\n\n<figure class=\"wp-block-embed-wordpress wp-block-embed is-type-wp-embed is-provider-kapitalis\"><div class=\"wp-block-embed__wrapper\">\n<blockquote class=\"wp-embedded-content\" data-secret=\"Ig3liJrWtG\"><a href=\"https:\/\/kapitalis.com\/tunisie\/2020\/07\/30\/abir-moussi-ghannouchi-a-ete-sauve-par-des-traitres\/\">Abir Moussi : \u00abGhannouchi a \u00e9t\u00e9 sauv\u00e9 par des tra\u00eetres\u00bb<\/a><\/blockquote><iframe loading=\"lazy\" class=\"wp-embedded-content\" sandbox=\"allow-scripts\" security=\"restricted\" style=\"position: absolute; clip: rect(1px, 1px, 1px, 1px);\" title=\"\u00ab\u00a0Abir Moussi : \u00abGhannouchi a \u00e9t\u00e9 sauv\u00e9 par des tra\u00eetres\u00bb\u00a0\u00bb &#8212; Kapitalis\" src=\"https:\/\/kapitalis.com\/tunisie\/2020\/07\/30\/abir-moussi-ghannouchi-a-ete-sauve-par-des-traitres\/embed\/#?secret=vsEXD49Aj3#?secret=Ig3liJrWtG\" data-secret=\"Ig3liJrWtG\" width=\"600\" height=\"338\" frameborder=\"0\" marginwidth=\"0\" marginheight=\"0\" scrolling=\"no\"><\/iframe>\n<\/div><\/figure>\n","protected":false},"excerpt":{"rendered":"<p>Dans sa premi\u00e8re d\u00e9claration m\u00e9diatique suite \u00e0 la chute de la motion de retrait de confiance au pr\u00e9sident du Parlement, Rached Ghannouchi, Oussama Khelifi, chef du bloc parlementaire de Qalb Tounes, n&rsquo;a pas avou\u00e9 que son parti a d\u00e9cid\u00e9 de soutenir le leader islamiste. Au contraire, il a choisi de faire durer encore plus la&#8230;<\/p>\n","protected":false},"author":24,"featured_media":0,"comment_status":"open","ping_status":"open","sticky":false,"template":"","format":"standard","meta":{"footnotes":""},"categories":[997,2433],"tags":[15144,49543,81246,76328,61989,758],"class_list":["post-310078","post","type-post","status-publish","format-standard","hentry","category-politique","category-tunisie","tag-abir-moussi","tag-ennahdha","tag-lilia-bellil","tag-oussama-khelifi","tag-qalb-tounes","tag-rached-ghannouchi"],"yoast_head":"<!-- This site is optimized with the Yoast SEO plugin v26.6 - https:\/\/yoast.com\/wordpress\/plugins\/seo\/ -->\n<title>Oussama Khelifi : \u00abNous ne sommes pas satisfaits de la chute de la motion de retrait de confiance \u00e0 Ghannouchi\u00bb - Kapitalis<\/title>\n<meta name=\"robots\" content=\"index, follow, max-snippet:-1, max-image-preview:large, max-video-preview:-1\" \/>\n<link rel=\"canonical\" href=\"https:\/\/kapitalis.com\/tunisie\/2020\/07\/30\/oussama-khelifi-nous-ne-sommes-pas-satisfaits-de-la-chute-de-la-motion-de-retrait-de-confiance-a-ghannouchi\/\" \/>\n<meta property=\"og:locale\" content=\"fr_FR\" \/>\n<meta property=\"og:type\" content=\"article\" \/>\n<meta property=\"og:title\" content=\"Oussama Khelifi : \u00abNous ne sommes pas satisfaits de la chute de la motion de retrait de confiance \u00e0 Ghannouchi\u00bb - Kapitalis\" \/>\n<meta property=\"og:description\" content=\"Dans sa premi\u00e8re d\u00e9claration m\u00e9diatique suite \u00e0 la chute de la motion de retrait de confiance au pr\u00e9sident du Parlement, Rached Ghannouchi, Oussama Khelifi, chef du bloc parlementaire de Qalb Tounes, n&rsquo;a pas avou\u00e9 que son parti a d\u00e9cid\u00e9 de soutenir le leader islamiste. Au contraire, il a choisi de faire durer encore plus la...\" \/>\n<meta property=\"og:url\" content=\"https:\/\/kapitalis.com\/tunisie\/2020\/07\/30\/oussama-khelifi-nous-ne-sommes-pas-satisfaits-de-la-chute-de-la-motion-de-retrait-de-confiance-a-ghannouchi\/\" \/>\n<meta property=\"og:site_name\" content=\"Kapitalis\" \/>\n<meta property=\"article:publisher\" content=\"https:\/\/www.facebook.com\/KapitalisInfo\/\" \/>\n<meta property=\"article:published_time\" content=\"2020-07-30T15:41:08+00:00\" \/>\n<meta property=\"article:modified_time\" content=\"2020-07-31T07:32:34+00:00\" \/>\n<meta property=\"og:image\" content=\"http:\/\/kapitalis.com\/tunisie\/wp-content\/uploads\/2020\/05\/oussama-khelifi.jpg\" \/>\n<meta name=\"author\" content=\"Cherif Benyounes\" \/>\n<meta name=\"twitter:card\" content=\"summary_large_image\" \/>\n<meta name=\"twitter:creator\" content=\"@KapitalisInfo\" \/>\n<meta name=\"twitter:site\" content=\"@KapitalisInfo\" \/>\n<meta name=\"twitter:label1\" content=\"\u00c9crit par\" \/>\n\t<meta name=\"twitter:data1\" content=\"Cherif Benyounes\" \/>\n\t<meta name=\"twitter:label2\" content=\"Dur\u00e9e de lecture estim\u00e9e\" \/>\n\t<meta name=\"twitter:data2\" content=\"1 minute\" \/>\n<script type=\"application\/ld+json\" class=\"yoast-schema-graph\">{\"@context\":\"https:\/\/schema.org\",\"@graph\":[{\"@type\":\"Article\",\"@id\":\"https:\/\/kapitalis.com\/tunisie\/2020\/07\/30\/oussama-khelifi-nous-ne-sommes-pas-satisfaits-de-la-chute-de-la-motion-de-retrait-de-confiance-a-ghannouchi\/#article\",\"isPartOf\":{\"@id\":\"https:\/\/kapitalis.com\/tunisie\/2020\/07\/30\/oussama-khelifi-nous-ne-sommes-pas-satisfaits-de-la-chute-de-la-motion-de-retrait-de-confiance-a-ghannouchi\/\"},\"author\":{\"name\":\"Cherif Benyounes\",\"@id\":\"https:\/\/kapitalis.com\/tunisie\/#\/schema\/person\/b35b8d631961131107263178aeb8019e\"},\"headline\":\"Oussama Khelifi : \u00abNous ne sommes pas satisfaits de la chute de la motion de retrait de confiance \u00e0 Ghannouchi\u00bb\",\"datePublished\":\"2020-07-30T15:41:08+00:00\",\"dateModified\":\"2020-07-31T07:32:34+00:00\",\"mainEntityOfPage\":{\"@id\":\"https:\/\/kapitalis.com\/tunisie\/2020\/07\/30\/oussama-khelifi-nous-ne-sommes-pas-satisfaits-de-la-chute-de-la-motion-de-retrait-de-confiance-a-ghannouchi\/\"},\"wordCount\":313,\"commentCount\":9,\"publisher\":{\"@id\":\"https:\/\/kapitalis.com\/tunisie\/#organization\"},\"image\":{\"@id\":\"https:\/\/kapitalis.com\/tunisie\/2020\/07\/30\/oussama-khelifi-nous-ne-sommes-pas-satisfaits-de-la-chute-de-la-motion-de-retrait-de-confiance-a-ghannouchi\/#primaryimage\"},\"thumbnailUrl\":\"http:\/\/kapitalis.com\/tunisie\/wp-content\/uploads\/2020\/05\/oussama-khelifi.jpg\",\"keywords\":[\"Abir Moussi\",\"Ennahdha\",\"Lilia Bellil\",\"Oussama Khelifi\",\"Qalb Tounes\",\"Rached Ghannouchi\"],\"articleSection\":[\"POLITIQUE\",\"Tunisie\"],\"inLanguage\":\"fr-FR\",\"potentialAction\":[{\"@type\":\"CommentAction\",\"name\":\"Comment\",\"target\":[\"https:\/\/kapitalis.com\/tunisie\/2020\/07\/30\/oussama-khelifi-nous-ne-sommes-pas-satisfaits-de-la-chute-de-la-motion-de-retrait-de-confiance-a-ghannouchi\/#respond\"]}]},{\"@type\":\"WebPage\",\"@id\":\"https:\/\/kapitalis.com\/tunisie\/2020\/07\/30\/oussama-khelifi-nous-ne-sommes-pas-satisfaits-de-la-chute-de-la-motion-de-retrait-de-confiance-a-ghannouchi\/\",\"url\":\"https:\/\/kapitalis.com\/tunisie\/2020\/07\/30\/oussama-khelifi-nous-ne-sommes-pas-satisfaits-de-la-chute-de-la-motion-de-retrait-de-confiance-a-ghannouchi\/\",\"name\":\"Oussama Khelifi : \u00abNous ne sommes pas satisfaits de la chute de la motion de retrait de confiance \u00e0 Ghannouchi\u00bb - Kapitalis\",\"isPartOf\":{\"@id\":\"https:\/\/kapitalis.com\/tunisie\/#website\"},\"primaryImageOfPage\":{\"@id\":\"https:\/\/kapitalis.com\/tunisie\/2020\/07\/30\/oussama-khelifi-nous-ne-sommes-pas-satisfaits-de-la-chute-de-la-motion-de-retrait-de-confiance-a-ghannouchi\/#primaryimage\"},\"image\":{\"@id\":\"https:\/\/kapitalis.com\/tunisie\/2020\/07\/30\/oussama-khelifi-nous-ne-sommes-pas-satisfaits-de-la-chute-de-la-motion-de-retrait-de-confiance-a-ghannouchi\/#primaryimage\"},\"thumbnailUrl\":\"http:\/\/kapitalis.com\/tunisie\/wp-content\/uploads\/2020\/05\/oussama-khelifi.jpg\",\"datePublished\":\"2020-07-30T15:41:08+00:00\",\"dateModified\":\"2020-07-31T07:32:34+00:00\",\"breadcrumb\":{\"@id\":\"https:\/\/kapitalis.com\/tunisie\/2020\/07\/30\/oussama-khelifi-nous-ne-sommes-pas-satisfaits-de-la-chute-de-la-motion-de-retrait-de-confiance-a-ghannouchi\/#breadcrumb\"},\"inLanguage\":\"fr-FR\",\"potentialAction\":[{\"@type\":\"ReadAction\",\"target\":[\"https:\/\/kapitalis.com\/tunisie\/2020\/07\/30\/oussama-khelifi-nous-ne-sommes-pas-satisfaits-de-la-chute-de-la-motion-de-retrait-de-confiance-a-ghannouchi\/\"]}]},{\"@type\":\"ImageObject\",\"inLanguage\":\"fr-FR\",\"@id\":\"https:\/\/kapitalis.com\/tunisie\/2020\/07\/30\/oussama-khelifi-nous-ne-sommes-pas-satisfaits-de-la-chute-de-la-motion-de-retrait-de-confiance-a-ghannouchi\/#primaryimage\",\"url\":\"\",\"contentUrl\":\"\"},{\"@type\":\"BreadcrumbList\",\"@id\":\"https:\/\/kapitalis.com\/tunisie\/2020\/07\/30\/oussama-khelifi-nous-ne-sommes-pas-satisfaits-de-la-chute-de-la-motion-de-retrait-de-confiance-a-ghannouchi\/#breadcrumb\",\"itemListElement\":[{\"@type\":\"ListItem\",\"position\":1,\"name\":\"Accueil\",\"item\":\"https:\/\/kapitalis.com\/tunisie\/\"},{\"@type\":\"ListItem\",\"position\":2,\"name\":\"Oussama Khelifi : \u00abNous ne sommes pas satisfaits de la chute de la motion de retrait de confiance \u00e0 Ghannouchi\u00bb\"}]},{\"@type\":\"WebSite\",\"@id\":\"https:\/\/kapitalis.com\/tunisie\/#website\",\"url\":\"https:\/\/kapitalis.com\/tunisie\/\",\"name\":\"Kapitalis\",\"description\":\"L&#039;actualit\u00e9 en Tunisie et dans le monde\",\"publisher\":{\"@id\":\"https:\/\/kapitalis.com\/tunisie\/#organization\"},\"potentialAction\":[{\"@type\":\"SearchAction\",\"target\":{\"@type\":\"EntryPoint\",\"urlTemplate\":\"https:\/\/kapitalis.com\/tunisie\/?s={search_term_string}\"},\"query-input\":{\"@type\":\"PropertyValueSpecification\",\"valueRequired\":true,\"valueName\":\"search_term_string\"}}],\"inLanguage\":\"fr-FR\"},{\"@type\":\"Organization\",\"@id\":\"https:\/\/kapitalis.com\/tunisie\/#organization\",\"name\":\"Kapitalis\",\"url\":\"https:\/\/kapitalis.com\/tunisie\/\",\"logo\":{\"@type\":\"ImageObject\",\"inLanguage\":\"fr-FR\",\"@id\":\"https:\/\/kapitalis.com\/tunisie\/#\/schema\/logo\/image\/\",\"url\":\"https:\/\/kapitalis.com\/tunisie\/wp-content\/uploads\/2022\/05\/Kapitalis-big-size.png\",\"contentUrl\":\"https:\/\/kapitalis.com\/tunisie\/wp-content\/uploads\/2022\/05\/Kapitalis-big-size.png\",\"width\":5000,\"height\":1500,\"caption\":\"Kapitalis\"},\"image\":{\"@id\":\"https:\/\/kapitalis.com\/tunisie\/#\/schema\/logo\/image\/\"},\"sameAs\":[\"https:\/\/www.facebook.com\/KapitalisInfo\/\",\"https:\/\/x.com\/KapitalisInfo\",\"https:\/\/www.youtube.com\/channel\/UC-yDYrHyfFBWWZaOw3FPg9Q\"]},{\"@type\":\"Person\",\"@id\":\"https:\/\/kapitalis.com\/tunisie\/#\/schema\/person\/b35b8d631961131107263178aeb8019e\",\"name\":\"Cherif Benyounes\",\"url\":\"https:\/\/kapitalis.com\/tunisie\/author\/cherif\/\"}]}<\/script>\n<!-- \/ Yoast SEO plugin. -->","yoast_head_json":{"title":"Oussama Khelifi : \u00abNous ne sommes pas satisfaits de la chute de la motion de retrait de confiance \u00e0 Ghannouchi\u00bb - Kapitalis","robots":{"index":"index","follow":"follow","max-snippet":"max-snippet:-1","max-image-preview":"max-image-preview:large","max-video-preview":"max-video-preview:-1"},"canonical":"https:\/\/kapitalis.com\/tunisie\/2020\/07\/30\/oussama-khelifi-nous-ne-sommes-pas-satisfaits-de-la-chute-de-la-motion-de-retrait-de-confiance-a-ghannouchi\/","og_locale":"fr_FR","og_type":"article","og_title":"Oussama Khelifi : \u00abNous ne sommes pas satisfaits de la chute de la motion de retrait de confiance \u00e0 Ghannouchi\u00bb - Kapitalis","og_description":"Dans sa premi\u00e8re d\u00e9claration m\u00e9diatique suite \u00e0 la chute de la motion de retrait de confiance au pr\u00e9sident du Parlement, Rached Ghannouchi, Oussama Khelifi, chef du bloc parlementaire de Qalb Tounes, n&rsquo;a pas avou\u00e9 que son parti a d\u00e9cid\u00e9 de soutenir le leader islamiste. Au contraire, il a choisi de faire durer encore plus la...","og_url":"https:\/\/kapitalis.com\/tunisie\/2020\/07\/30\/oussama-khelifi-nous-ne-sommes-pas-satisfaits-de-la-chute-de-la-motion-de-retrait-de-confiance-a-ghannouchi\/","og_site_name":"Kapitalis","article_publisher":"https:\/\/www.facebook.com\/KapitalisInfo\/","article_published_time":"2020-07-30T15:41:08+00:00","article_modified_time":"2020-07-31T07:32:34+00:00","og_image":[{"url":"http:\/\/kapitalis.com\/tunisie\/wp-content\/uploads\/2020\/05\/oussama-khelifi.jpg","type":"","width":"","height":""}],"author":"Cherif Benyounes","twitter_card":"summary_large_image","twitter_creator":"@KapitalisInfo","twitter_site":"@KapitalisInfo","twitter_misc":{"\u00c9crit par":"Cherif Benyounes","Dur\u00e9e de lecture estim\u00e9e":"1 minute"},"schema":{"@context":"https:\/\/schema.org","@graph":[{"@type":"Article","@id":"https:\/\/kapitalis.com\/tunisie\/2020\/07\/30\/oussama-khelifi-nous-ne-sommes-pas-satisfaits-de-la-chute-de-la-motion-de-retrait-de-confiance-a-ghannouchi\/#article","isPartOf":{"@id":"https:\/\/kapitalis.com\/tunisie\/2020\/07\/30\/oussama-khelifi-nous-ne-sommes-pas-satisfaits-de-la-chute-de-la-motion-de-retrait-de-confiance-a-ghannouchi\/"},"author":{"name":"Cherif Benyounes","@id":"https:\/\/kapitalis.com\/tunisie\/#\/schema\/person\/b35b8d631961131107263178aeb8019e"},"headline":"Oussama Khelifi : \u00abNous ne sommes pas satisfaits de la chute de la motion de retrait de confiance \u00e0 Ghannouchi\u00bb","datePublished":"2020-07-30T15:41:08+00:00","dateModified":"2020-07-31T07:32:34+00:00","mainEntityOfPage":{"@id":"https:\/\/kapitalis.com\/tunisie\/2020\/07\/30\/oussama-khelifi-nous-ne-sommes-pas-satisfaits-de-la-chute-de-la-motion-de-retrait-de-confiance-a-ghannouchi\/"},"wordCount":313,"commentCount":9,"publisher":{"@id":"https:\/\/kapitalis.com\/tunisie\/#organization"},"image":{"@id":"https:\/\/kapitalis.com\/tunisie\/2020\/07\/30\/oussama-khelifi-nous-ne-sommes-pas-satisfaits-de-la-chute-de-la-motion-de-retrait-de-confiance-a-ghannouchi\/#primaryimage"},"thumbnailUrl":"http:\/\/kapitalis.com\/tunisie\/wp-content\/uploads\/2020\/05\/oussama-khelifi.jpg","keywords":["Abir Moussi","Ennahdha","Lilia Bellil","Oussama Khelifi","Qalb Tounes","Rached Ghannouchi"],"articleSection":["POLITIQUE","Tunisie"],"inLanguage":"fr-FR","potentialAction":[{"@type":"CommentAction","name":"Comment","target":["https:\/\/kapitalis.com\/tunisie\/2020\/07\/30\/oussama-khelifi-nous-ne-sommes-pas-satisfaits-de-la-chute-de-la-motion-de-retrait-de-confiance-a-ghannouchi\/#respond"]}]},{"@type":"WebPage","@id":"https:\/\/kapitalis.com\/tunisie\/2020\/07\/30\/oussama-khelifi-nous-ne-sommes-pas-satisfaits-de-la-chute-de-la-motion-de-retrait-de-confiance-a-ghannouchi\/","url":"https:\/\/kapitalis.com\/tunisie\/2020\/07\/30\/oussama-khelifi-nous-ne-sommes-pas-satisfaits-de-la-chute-de-la-motion-de-retrait-de-confiance-a-ghannouchi\/","name":"Oussama Khelifi : \u00abNous ne sommes pas satisfaits de la chute de la motion de retrait de confiance \u00e0 Ghannouchi\u00bb - Kapitalis","isPartOf":{"@id":"https:\/\/kapitalis.com\/tunisie\/#website"},"primaryImageOfPage":{"@id":"https:\/\/kapitalis.com\/tunisie\/2020\/07\/30\/oussama-khelifi-nous-ne-sommes-pas-satisfaits-de-la-chute-de-la-motion-de-retrait-de-confiance-a-ghannouchi\/#primaryimage"},"image":{"@id":"https:\/\/kapitalis.com\/tunisie\/2020\/07\/30\/oussama-khelifi-nous-ne-sommes-pas-satisfaits-de-la-chute-de-la-motion-de-retrait-de-confiance-a-ghannouchi\/#primaryimage"},"thumbnailUrl":"http:\/\/kapitalis.com\/tunisie\/wp-content\/uploads\/2020\/05\/oussama-khelifi.jpg","datePublished":"2020-07-30T15:41:08+00:00","dateModified":"2020-07-31T07:32:34+00:00","breadcrumb":{"@id":"https:\/\/kapitalis.com\/tunisie\/2020\/07\/30\/oussama-khelifi-nous-ne-sommes-pas-satisfaits-de-la-chute-de-la-motion-de-retrait-de-confiance-a-ghannouchi\/#breadcrumb"},"inLanguage":"fr-FR","potentialAction":[{"@type":"ReadAction","target":["https:\/\/kapitalis.com\/tunisie\/2020\/07\/30\/oussama-khelifi-nous-ne-sommes-pas-satisfaits-de-la-chute-de-la-motion-de-retrait-de-confiance-a-ghannouchi\/"]}]},{"@type":"ImageObject","inLanguage":"fr-FR","@id":"https:\/\/kapitalis.com\/tunisie\/2020\/07\/30\/oussama-khelifi-nous-ne-sommes-pas-satisfaits-de-la-chute-de-la-motion-de-retrait-de-confiance-a-ghannouchi\/#primaryimage","url":"","contentUrl":""},{"@type":"BreadcrumbList","@id":"https:\/\/kapitalis.com\/tunisie\/2020\/07\/30\/oussama-khelifi-nous-ne-sommes-pas-satisfaits-de-la-chute-de-la-motion-de-retrait-de-confiance-a-ghannouchi\/#breadcrumb","itemListElement":[{"@type":"ListItem","position":1,"name":"Accueil","item":"https:\/\/kapitalis.com\/tunisie\/"},{"@type":"ListItem","position":2,"name":"Oussama Khelifi : \u00abNous ne sommes pas satisfaits de la chute de la motion de retrait de confiance \u00e0 Ghannouchi\u00bb"}]},{"@type":"WebSite","@id":"https:\/\/kapitalis.com\/tunisie\/#website","url":"https:\/\/kapitalis.com\/tunisie\/","name":"Kapitalis","description":"L&#039;actualit\u00e9 en Tunisie et dans le monde","publisher":{"@id":"https:\/\/kapitalis.com\/tunisie\/#organization"},"potentialAction":[{"@type":"SearchAction","target":{"@type":"EntryPoint","urlTemplate":"https:\/\/kapitalis.com\/tunisie\/?s={search_term_string}"},"query-input":{"@type":"PropertyValueSpecification","valueRequired":true,"valueName":"search_term_string"}}],"inLanguage":"fr-FR"},{"@type":"Organization","@id":"https:\/\/kapitalis.com\/tunisie\/#organization","name":"Kapitalis","url":"https:\/\/kapitalis.com\/tunisie\/","logo":{"@type":"ImageObject","inLanguage":"fr-FR","@id":"https:\/\/kapitalis.com\/tunisie\/#\/schema\/logo\/image\/","url":"https:\/\/kapitalis.com\/tunisie\/wp-content\/uploads\/2022\/05\/Kapitalis-big-size.png","contentUrl":"https:\/\/kapitalis.com\/tunisie\/wp-content\/uploads\/2022\/05\/Kapitalis-big-size.png","width":5000,"height":1500,"caption":"Kapitalis"},"image":{"@id":"https:\/\/kapitalis.com\/tunisie\/#\/schema\/logo\/image\/"},"sameAs":["https:\/\/www.facebook.com\/KapitalisInfo\/","https:\/\/x.com\/KapitalisInfo","https:\/\/www.youtube.com\/channel\/UC-yDYrHyfFBWWZaOw3FPg9Q"]},{"@type":"Person","@id":"https:\/\/kapitalis.com\/tunisie\/#\/schema\/person\/b35b8d631961131107263178aeb8019e","name":"Cherif Benyounes","url":"https:\/\/kapitalis.com\/tunisie\/author\/cherif\/"}]}},"_links":{"self":[{"href":"https:\/\/kapitalis.com\/tunisie\/wp-json\/wp\/v2\/posts\/310078","targetHints":{"allow":["GET"]}}],"collection":[{"href":"https:\/\/kapitalis.com\/tunisie\/wp-json\/wp\/v2\/posts"}],"about":[{"href":"https:\/\/kapitalis.com\/tunisie\/wp-json\/wp\/v2\/types\/post"}],"author":[{"embeddable":true,"href":"https:\/\/kapitalis.com\/tunisie\/wp-json\/wp\/v2\/users\/24"}],"replies":[{"embeddable":true,"href":"https:\/\/kapitalis.com\/tunisie\/wp-json\/wp\/v2\/comments?post=310078"}],"version-history":[{"count":0,"href":"https:\/\/kapitalis.com\/tunisie\/wp-json\/wp\/v2\/posts\/310078\/revisions"}],"wp:attachment":[{"href":"https:\/\/kapitalis.com\/tunisie\/wp-json\/wp\/v2\/media?parent=310078"}],"wp:term":[{"taxonomy":"category","embeddable":true,"href":"https:\/\/kapitalis.com\/tunisie\/wp-json\/wp\/v2\/categories?post=310078"},{"taxonomy":"post_tag","embeddable":true,"href":"https:\/\/kapitalis.com\/tunisie\/wp-json\/wp\/v2\/tags?post=310078"}],"curies":[{"name":"wp","href":"https:\/\/api.w.org\/{rel}","templated":true}]}}