{"id":310090,"date":"2020-07-30T17:00:53","date_gmt":"2020-07-30T16:00:53","guid":{"rendered":"http:\/\/kapitalis.com\/tunisie\/?p=310090"},"modified":"2020-07-30T17:06:18","modified_gmt":"2020-07-30T16:06:18","slug":"maintenu-a-la-tete-de-lassemblee-ghannouchi-veut-eviter-sa-dissolution-par-le-president-saied","status":"publish","type":"post","link":"https:\/\/kapitalis.com\/tunisie\/2020\/07\/30\/maintenu-a-la-tete-de-lassemblee-ghannouchi-veut-eviter-sa-dissolution-par-le-president-saied\/","title":{"rendered":"Maintenu \u00e0 la t\u00eate de l\u2019Assembl\u00e9e, Ghannouchi veut \u00e9viter sa dissolution par le pr\u00e9sident Sa\u00efed"},"content":{"rendered":"\n<figure class=\"wp-block-image size-large\"><img decoding=\"async\" src=\"http:\/\/kapitalis.com\/tunisie\/wp-content\/uploads\/2020\/07\/Rached-Ghannouchi-CP.jpg\" alt=\"\" class=\"wp-image-310091\"\/><\/figure>\n\n\n\n<p><strong><em>Apr\u00e8s le rejet, aujourd\u2019hui, jeudi 30 juillet 2020, de la motion de retrait de confiance \u00e9mise par ses opposants, le pr\u00e9sident de l\u2019Assembl\u00e9e des repr\u00e9sentants du peuple (ARP), Rached Ghannouchi, a annonc\u00e9 que son parti, Ennahdha, soutiendra le chef de gouvernement d\u00e9sign\u00e9 Hichem Mechichi. En fait, il n\u2019a pas envie de voir l\u2019Assembl\u00e9e dissoute par le pr\u00e9sident de la r\u00e9publique Ka\u00efs Sa\u00efed.<\/em><\/strong><\/p>\n\n\n\n<!--more-->\n\n\n\n<p>En effet, en cas de refus d&rsquo;octroyer la confiance \u00e0 la prochaine formation gouvernementale, le chef de l&rsquo;Etat sera contraint de dissoudre l&rsquo;Assembl\u00e9e et il y aura peu de chance qu&rsquo;apr\u00e8s des l\u00e9gislatives anticip\u00e9es, M. Ghannouchi puisse \u00eatre \u00e0 nouveau \u00e9lu \u00e0 la t\u00eate du parlement.  <\/p>\n\n\n\n<p>Rached Ghannouchi, qui parlait lors d&rsquo;un point de presse, apr\u00e8s la s\u00e9ance pl\u00e9ni\u00e8re houleuse ayant abouti au rejet de la motion de retrait de confiance le concernant, a d\u00e9clar\u00e9 que la Tunisie a besoin d\u2019avoir un agenda unique pour les trois pr\u00e9sidents, de la r\u00e9publique, du gouvernent et de l\u2019Assembl\u00e9e, lui qui, au cours des derniers mois, a tent\u00e9 d\u2019impliquer la Tunisie aux c\u00f4t\u00e9s de la Turquie dans son aventure militaire en Libye, s\u2019inscrivant ainsi en faux contre la doctrine de la diplomatie tunisienne, fond\u00e9e sur la neutralit\u00e9 et la recherche du dialogue. Et suscitant la col\u00e8re du chef de l\u2019Etat.<\/p>\n\n\n\n<p><em>\u00abNous tenons \u00e0 collaborer avec le pr\u00e9sident de la R\u00e9publique, symbole de l\u2019unit\u00e9 de l\u2019Etat\u00bb,<\/em> a ajout\u00e9 Ghannouchi, ce qui, venant de lui, sonne comme un nouveau mensonge, l\u2019homme s\u2019\u00e9tant toujours employ\u00e9 au cours des derniers mois \u00e0 outrepasser ses pr\u00e9rogatives et \u00e0 marcher sur les plate-bandes de la pr\u00e9sidence de la r\u00e9publique et \u00e0 lui disputer ses pr\u00e9rogatives.<\/p>\n\n\n\n<p class=\"has-text-align-right\"><strong>I. B.<\/strong><\/p>\n","protected":false},"excerpt":{"rendered":"<p>Apr\u00e8s le rejet, aujourd\u2019hui, jeudi 30 juillet 2020, de la motion de retrait de confiance \u00e9mise par ses opposants, le pr\u00e9sident de l\u2019Assembl\u00e9e des repr\u00e9sentants du peuple (ARP), Rached Ghannouchi, a annonc\u00e9 que son parti, Ennahdha, soutiendra le chef de gouvernement d\u00e9sign\u00e9 Hichem Mechichi. En fait, il n\u2019a pas envie de voir l\u2019Assembl\u00e9e dissoute par&#8230;<\/p>\n","protected":false},"author":8,"featured_media":310091,"comment_status":"open","ping_status":"open","sticky":false,"template":"","format":"standard","meta":{"footnotes":""},"categories":[997,2433],"tags":[49543,74899,76012,758],"class_list":["post-310090","post","type-post","status-publish","format-standard","has-post-thumbnail","hentry","category-politique","category-tunisie","tag-ennahdha","tag-hichem-mechichi","tag-kais-saied-2","tag-rached-ghannouchi"],"yoast_head":"<!-- This site is optimized with the Yoast SEO plugin v26.6 - https:\/\/yoast.com\/wordpress\/plugins\/seo\/ -->\n<title>Maintenu \u00e0 la t\u00eate de l\u2019Assembl\u00e9e, Ghannouchi veut \u00e9viter sa dissolution par le pr\u00e9sident Sa\u00efed - Kapitalis<\/title>\n<meta name=\"robots\" content=\"index, follow, max-snippet:-1, max-image-preview:large, max-video-preview:-1\" \/>\n<link rel=\"canonical\" href=\"https:\/\/kapitalis.com\/tunisie\/2020\/07\/30\/maintenu-a-la-tete-de-lassemblee-ghannouchi-veut-eviter-sa-dissolution-par-le-president-saied\/\" \/>\n<meta property=\"og:locale\" content=\"fr_FR\" \/>\n<meta property=\"og:type\" content=\"article\" \/>\n<meta property=\"og:title\" content=\"Maintenu \u00e0 la t\u00eate de l\u2019Assembl\u00e9e, Ghannouchi veut \u00e9viter sa dissolution par le pr\u00e9sident Sa\u00efed - Kapitalis\" \/>\n<meta property=\"og:description\" content=\"Apr\u00e8s le rejet, aujourd\u2019hui, jeudi 30 juillet 2020, de la motion de retrait de confiance \u00e9mise par ses opposants, le pr\u00e9sident de l\u2019Assembl\u00e9e des repr\u00e9sentants du peuple (ARP), Rached Ghannouchi, a annonc\u00e9 que son parti, Ennahdha, soutiendra le chef de gouvernement d\u00e9sign\u00e9 Hichem Mechichi. En fait, il n\u2019a pas envie de voir l\u2019Assembl\u00e9e dissoute par...\" \/>\n<meta property=\"og:url\" content=\"https:\/\/kapitalis.com\/tunisie\/2020\/07\/30\/maintenu-a-la-tete-de-lassemblee-ghannouchi-veut-eviter-sa-dissolution-par-le-president-saied\/\" \/>\n<meta property=\"og:site_name\" content=\"Kapitalis\" \/>\n<meta property=\"article:publisher\" content=\"https:\/\/www.facebook.com\/KapitalisInfo\/\" \/>\n<meta property=\"article:published_time\" content=\"2020-07-30T16:00:53+00:00\" \/>\n<meta property=\"article:modified_time\" content=\"2020-07-30T16:06:18+00:00\" \/>\n<meta property=\"og:image\" content=\"https:\/\/kapitalis.com\/tunisie\/wp-content\/uploads\/2022\/05\/kapitalis-logo-fb.png\" \/>\n\t<meta property=\"og:image:width\" content=\"1200\" \/>\n\t<meta property=\"og:image:height\" content=\"630\" \/>\n\t<meta property=\"og:image:type\" content=\"image\/png\" \/>\n<meta name=\"author\" content=\"webmaster kapitalis\" \/>\n<meta name=\"twitter:card\" content=\"summary_large_image\" \/>\n<meta name=\"twitter:creator\" content=\"@KapitalisInfo\" \/>\n<meta name=\"twitter:site\" content=\"@KapitalisInfo\" \/>\n<meta name=\"twitter:label1\" content=\"\u00c9crit par\" \/>\n\t<meta name=\"twitter:data1\" content=\"webmaster kapitalis\" \/>\n\t<meta name=\"twitter:label2\" content=\"Dur\u00e9e de lecture estim\u00e9e\" \/>\n\t<meta name=\"twitter:data2\" content=\"2 minutes\" \/>\n<script type=\"application\/ld+json\" class=\"yoast-schema-graph\">{\"@context\":\"https:\/\/schema.org\",\"@graph\":[{\"@type\":\"Article\",\"@id\":\"https:\/\/kapitalis.com\/tunisie\/2020\/07\/30\/maintenu-a-la-tete-de-lassemblee-ghannouchi-veut-eviter-sa-dissolution-par-le-president-saied\/#article\",\"isPartOf\":{\"@id\":\"https:\/\/kapitalis.com\/tunisie\/2020\/07\/30\/maintenu-a-la-tete-de-lassemblee-ghannouchi-veut-eviter-sa-dissolution-par-le-president-saied\/\"},\"author\":{\"name\":\"webmaster kapitalis\",\"@id\":\"https:\/\/kapitalis.com\/tunisie\/#\/schema\/person\/d71f33a9ca44f7bad4698210b480c8e9\"},\"headline\":\"Maintenu \u00e0 la t\u00eate de l\u2019Assembl\u00e9e, Ghannouchi veut \u00e9viter sa dissolution par le pr\u00e9sident Sa\u00efed\",\"datePublished\":\"2020-07-30T16:00:53+00:00\",\"dateModified\":\"2020-07-30T16:06:18+00:00\",\"mainEntityOfPage\":{\"@id\":\"https:\/\/kapitalis.com\/tunisie\/2020\/07\/30\/maintenu-a-la-tete-de-lassemblee-ghannouchi-veut-eviter-sa-dissolution-par-le-president-saied\/\"},\"wordCount\":326,\"commentCount\":0,\"publisher\":{\"@id\":\"https:\/\/kapitalis.com\/tunisie\/#organization\"},\"image\":{\"@id\":\"https:\/\/kapitalis.com\/tunisie\/2020\/07\/30\/maintenu-a-la-tete-de-lassemblee-ghannouchi-veut-eviter-sa-dissolution-par-le-president-saied\/#primaryimage\"},\"thumbnailUrl\":\"\",\"keywords\":[\"Ennahdha\",\"Hichem Mechichi\",\"Ka\u00efs Sa\u00efed\",\"Rached Ghannouchi\"],\"articleSection\":[\"POLITIQUE\",\"Tunisie\"],\"inLanguage\":\"fr-FR\",\"potentialAction\":[{\"@type\":\"CommentAction\",\"name\":\"Comment\",\"target\":[\"https:\/\/kapitalis.com\/tunisie\/2020\/07\/30\/maintenu-a-la-tete-de-lassemblee-ghannouchi-veut-eviter-sa-dissolution-par-le-president-saied\/#respond\"]}]},{\"@type\":\"WebPage\",\"@id\":\"https:\/\/kapitalis.com\/tunisie\/2020\/07\/30\/maintenu-a-la-tete-de-lassemblee-ghannouchi-veut-eviter-sa-dissolution-par-le-president-saied\/\",\"url\":\"https:\/\/kapitalis.com\/tunisie\/2020\/07\/30\/maintenu-a-la-tete-de-lassemblee-ghannouchi-veut-eviter-sa-dissolution-par-le-president-saied\/\",\"name\":\"Maintenu \u00e0 la t\u00eate de l\u2019Assembl\u00e9e, Ghannouchi veut \u00e9viter sa dissolution par le pr\u00e9sident Sa\u00efed - Kapitalis\",\"isPartOf\":{\"@id\":\"https:\/\/kapitalis.com\/tunisie\/#website\"},\"primaryImageOfPage\":{\"@id\":\"https:\/\/kapitalis.com\/tunisie\/2020\/07\/30\/maintenu-a-la-tete-de-lassemblee-ghannouchi-veut-eviter-sa-dissolution-par-le-president-saied\/#primaryimage\"},\"image\":{\"@id\":\"https:\/\/kapitalis.com\/tunisie\/2020\/07\/30\/maintenu-a-la-tete-de-lassemblee-ghannouchi-veut-eviter-sa-dissolution-par-le-president-saied\/#primaryimage\"},\"thumbnailUrl\":\"\",\"datePublished\":\"2020-07-30T16:00:53+00:00\",\"dateModified\":\"2020-07-30T16:06:18+00:00\",\"breadcrumb\":{\"@id\":\"https:\/\/kapitalis.com\/tunisie\/2020\/07\/30\/maintenu-a-la-tete-de-lassemblee-ghannouchi-veut-eviter-sa-dissolution-par-le-president-saied\/#breadcrumb\"},\"inLanguage\":\"fr-FR\",\"potentialAction\":[{\"@type\":\"ReadAction\",\"target\":[\"https:\/\/kapitalis.com\/tunisie\/2020\/07\/30\/maintenu-a-la-tete-de-lassemblee-ghannouchi-veut-eviter-sa-dissolution-par-le-president-saied\/\"]}]},{\"@type\":\"ImageObject\",\"inLanguage\":\"fr-FR\",\"@id\":\"https:\/\/kapitalis.com\/tunisie\/2020\/07\/30\/maintenu-a-la-tete-de-lassemblee-ghannouchi-veut-eviter-sa-dissolution-par-le-president-saied\/#primaryimage\",\"url\":\"\",\"contentUrl\":\"\"},{\"@type\":\"BreadcrumbList\",\"@id\":\"https:\/\/kapitalis.com\/tunisie\/2020\/07\/30\/maintenu-a-la-tete-de-lassemblee-ghannouchi-veut-eviter-sa-dissolution-par-le-president-saied\/#breadcrumb\",\"itemListElement\":[{\"@type\":\"ListItem\",\"position\":1,\"name\":\"Accueil\",\"item\":\"https:\/\/kapitalis.com\/tunisie\/\"},{\"@type\":\"ListItem\",\"position\":2,\"name\":\"Maintenu \u00e0 la t\u00eate de l\u2019Assembl\u00e9e, Ghannouchi veut \u00e9viter sa dissolution par le pr\u00e9sident Sa\u00efed\"}]},{\"@type\":\"WebSite\",\"@id\":\"https:\/\/kapitalis.com\/tunisie\/#website\",\"url\":\"https:\/\/kapitalis.com\/tunisie\/\",\"name\":\"Kapitalis\",\"description\":\"L&#039;actualit\u00e9 en Tunisie et dans le monde\",\"publisher\":{\"@id\":\"https:\/\/kapitalis.com\/tunisie\/#organization\"},\"potentialAction\":[{\"@type\":\"SearchAction\",\"target\":{\"@type\":\"EntryPoint\",\"urlTemplate\":\"https:\/\/kapitalis.com\/tunisie\/?s={search_term_string}\"},\"query-input\":{\"@type\":\"PropertyValueSpecification\",\"valueRequired\":true,\"valueName\":\"search_term_string\"}}],\"inLanguage\":\"fr-FR\"},{\"@type\":\"Organization\",\"@id\":\"https:\/\/kapitalis.com\/tunisie\/#organization\",\"name\":\"Kapitalis\",\"url\":\"https:\/\/kapitalis.com\/tunisie\/\",\"logo\":{\"@type\":\"ImageObject\",\"inLanguage\":\"fr-FR\",\"@id\":\"https:\/\/kapitalis.com\/tunisie\/#\/schema\/logo\/image\/\",\"url\":\"https:\/\/kapitalis.com\/tunisie\/wp-content\/uploads\/2022\/05\/Kapitalis-big-size.png\",\"contentUrl\":\"https:\/\/kapitalis.com\/tunisie\/wp-content\/uploads\/2022\/05\/Kapitalis-big-size.png\",\"width\":5000,\"height\":1500,\"caption\":\"Kapitalis\"},\"image\":{\"@id\":\"https:\/\/kapitalis.com\/tunisie\/#\/schema\/logo\/image\/\"},\"sameAs\":[\"https:\/\/www.facebook.com\/KapitalisInfo\/\",\"https:\/\/x.com\/KapitalisInfo\",\"https:\/\/www.youtube.com\/channel\/UC-yDYrHyfFBWWZaOw3FPg9Q\"]},{\"@type\":\"Person\",\"@id\":\"https:\/\/kapitalis.com\/tunisie\/#\/schema\/person\/d71f33a9ca44f7bad4698210b480c8e9\",\"name\":\"webmaster kapitalis\",\"url\":\"https:\/\/kapitalis.com\/tunisie\/author\/webmaster-kapitalis\/\"}]}<\/script>\n<!-- \/ Yoast SEO plugin. -->","yoast_head_json":{"title":"Maintenu \u00e0 la t\u00eate de l\u2019Assembl\u00e9e, Ghannouchi veut \u00e9viter sa dissolution par le pr\u00e9sident Sa\u00efed - Kapitalis","robots":{"index":"index","follow":"follow","max-snippet":"max-snippet:-1","max-image-preview":"max-image-preview:large","max-video-preview":"max-video-preview:-1"},"canonical":"https:\/\/kapitalis.com\/tunisie\/2020\/07\/30\/maintenu-a-la-tete-de-lassemblee-ghannouchi-veut-eviter-sa-dissolution-par-le-president-saied\/","og_locale":"fr_FR","og_type":"article","og_title":"Maintenu \u00e0 la t\u00eate de l\u2019Assembl\u00e9e, Ghannouchi veut \u00e9viter sa dissolution par le pr\u00e9sident Sa\u00efed - Kapitalis","og_description":"Apr\u00e8s le rejet, aujourd\u2019hui, jeudi 30 juillet 2020, de la motion de retrait de confiance \u00e9mise par ses opposants, le pr\u00e9sident de l\u2019Assembl\u00e9e des repr\u00e9sentants du peuple (ARP), Rached Ghannouchi, a annonc\u00e9 que son parti, Ennahdha, soutiendra le chef de gouvernement d\u00e9sign\u00e9 Hichem Mechichi. En fait, il n\u2019a pas envie de voir l\u2019Assembl\u00e9e dissoute par...","og_url":"https:\/\/kapitalis.com\/tunisie\/2020\/07\/30\/maintenu-a-la-tete-de-lassemblee-ghannouchi-veut-eviter-sa-dissolution-par-le-president-saied\/","og_site_name":"Kapitalis","article_publisher":"https:\/\/www.facebook.com\/KapitalisInfo\/","article_published_time":"2020-07-30T16:00:53+00:00","article_modified_time":"2020-07-30T16:06:18+00:00","og_image":[{"width":1200,"height":630,"url":"https:\/\/kapitalis.com\/tunisie\/wp-content\/uploads\/2022\/05\/kapitalis-logo-fb.png","type":"image\/png"}],"author":"webmaster kapitalis","twitter_card":"summary_large_image","twitter_creator":"@KapitalisInfo","twitter_site":"@KapitalisInfo","twitter_misc":{"\u00c9crit par":"webmaster kapitalis","Dur\u00e9e de lecture estim\u00e9e":"2 minutes"},"schema":{"@context":"https:\/\/schema.org","@graph":[{"@type":"Article","@id":"https:\/\/kapitalis.com\/tunisie\/2020\/07\/30\/maintenu-a-la-tete-de-lassemblee-ghannouchi-veut-eviter-sa-dissolution-par-le-president-saied\/#article","isPartOf":{"@id":"https:\/\/kapitalis.com\/tunisie\/2020\/07\/30\/maintenu-a-la-tete-de-lassemblee-ghannouchi-veut-eviter-sa-dissolution-par-le-president-saied\/"},"author":{"name":"webmaster kapitalis","@id":"https:\/\/kapitalis.com\/tunisie\/#\/schema\/person\/d71f33a9ca44f7bad4698210b480c8e9"},"headline":"Maintenu \u00e0 la t\u00eate de l\u2019Assembl\u00e9e, Ghannouchi veut \u00e9viter sa dissolution par le pr\u00e9sident Sa\u00efed","datePublished":"2020-07-30T16:00:53+00:00","dateModified":"2020-07-30T16:06:18+00:00","mainEntityOfPage":{"@id":"https:\/\/kapitalis.com\/tunisie\/2020\/07\/30\/maintenu-a-la-tete-de-lassemblee-ghannouchi-veut-eviter-sa-dissolution-par-le-president-saied\/"},"wordCount":326,"commentCount":0,"publisher":{"@id":"https:\/\/kapitalis.com\/tunisie\/#organization"},"image":{"@id":"https:\/\/kapitalis.com\/tunisie\/2020\/07\/30\/maintenu-a-la-tete-de-lassemblee-ghannouchi-veut-eviter-sa-dissolution-par-le-president-saied\/#primaryimage"},"thumbnailUrl":"","keywords":["Ennahdha","Hichem Mechichi","Ka\u00efs Sa\u00efed","Rached Ghannouchi"],"articleSection":["POLITIQUE","Tunisie"],"inLanguage":"fr-FR","potentialAction":[{"@type":"CommentAction","name":"Comment","target":["https:\/\/kapitalis.com\/tunisie\/2020\/07\/30\/maintenu-a-la-tete-de-lassemblee-ghannouchi-veut-eviter-sa-dissolution-par-le-president-saied\/#respond"]}]},{"@type":"WebPage","@id":"https:\/\/kapitalis.com\/tunisie\/2020\/07\/30\/maintenu-a-la-tete-de-lassemblee-ghannouchi-veut-eviter-sa-dissolution-par-le-president-saied\/","url":"https:\/\/kapitalis.com\/tunisie\/2020\/07\/30\/maintenu-a-la-tete-de-lassemblee-ghannouchi-veut-eviter-sa-dissolution-par-le-president-saied\/","name":"Maintenu \u00e0 la t\u00eate de l\u2019Assembl\u00e9e, Ghannouchi veut \u00e9viter sa dissolution par le pr\u00e9sident Sa\u00efed - Kapitalis","isPartOf":{"@id":"https:\/\/kapitalis.com\/tunisie\/#website"},"primaryImageOfPage":{"@id":"https:\/\/kapitalis.com\/tunisie\/2020\/07\/30\/maintenu-a-la-tete-de-lassemblee-ghannouchi-veut-eviter-sa-dissolution-par-le-president-saied\/#primaryimage"},"image":{"@id":"https:\/\/kapitalis.com\/tunisie\/2020\/07\/30\/maintenu-a-la-tete-de-lassemblee-ghannouchi-veut-eviter-sa-dissolution-par-le-president-saied\/#primaryimage"},"thumbnailUrl":"","datePublished":"2020-07-30T16:00:53+00:00","dateModified":"2020-07-30T16:06:18+00:00","breadcrumb":{"@id":"https:\/\/kapitalis.com\/tunisie\/2020\/07\/30\/maintenu-a-la-tete-de-lassemblee-ghannouchi-veut-eviter-sa-dissolution-par-le-president-saied\/#breadcrumb"},"inLanguage":"fr-FR","potentialAction":[{"@type":"ReadAction","target":["https:\/\/kapitalis.com\/tunisie\/2020\/07\/30\/maintenu-a-la-tete-de-lassemblee-ghannouchi-veut-eviter-sa-dissolution-par-le-president-saied\/"]}]},{"@type":"ImageObject","inLanguage":"fr-FR","@id":"https:\/\/kapitalis.com\/tunisie\/2020\/07\/30\/maintenu-a-la-tete-de-lassemblee-ghannouchi-veut-eviter-sa-dissolution-par-le-president-saied\/#primaryimage","url":"","contentUrl":""},{"@type":"BreadcrumbList","@id":"https:\/\/kapitalis.com\/tunisie\/2020\/07\/30\/maintenu-a-la-tete-de-lassemblee-ghannouchi-veut-eviter-sa-dissolution-par-le-president-saied\/#breadcrumb","itemListElement":[{"@type":"ListItem","position":1,"name":"Accueil","item":"https:\/\/kapitalis.com\/tunisie\/"},{"@type":"ListItem","position":2,"name":"Maintenu \u00e0 la t\u00eate de l\u2019Assembl\u00e9e, Ghannouchi veut \u00e9viter sa dissolution par le pr\u00e9sident Sa\u00efed"}]},{"@type":"WebSite","@id":"https:\/\/kapitalis.com\/tunisie\/#website","url":"https:\/\/kapitalis.com\/tunisie\/","name":"Kapitalis","description":"L&#039;actualit\u00e9 en Tunisie et dans le monde","publisher":{"@id":"https:\/\/kapitalis.com\/tunisie\/#organization"},"potentialAction":[{"@type":"SearchAction","target":{"@type":"EntryPoint","urlTemplate":"https:\/\/kapitalis.com\/tunisie\/?s={search_term_string}"},"query-input":{"@type":"PropertyValueSpecification","valueRequired":true,"valueName":"search_term_string"}}],"inLanguage":"fr-FR"},{"@type":"Organization","@id":"https:\/\/kapitalis.com\/tunisie\/#organization","name":"Kapitalis","url":"https:\/\/kapitalis.com\/tunisie\/","logo":{"@type":"ImageObject","inLanguage":"fr-FR","@id":"https:\/\/kapitalis.com\/tunisie\/#\/schema\/logo\/image\/","url":"https:\/\/kapitalis.com\/tunisie\/wp-content\/uploads\/2022\/05\/Kapitalis-big-size.png","contentUrl":"https:\/\/kapitalis.com\/tunisie\/wp-content\/uploads\/2022\/05\/Kapitalis-big-size.png","width":5000,"height":1500,"caption":"Kapitalis"},"image":{"@id":"https:\/\/kapitalis.com\/tunisie\/#\/schema\/logo\/image\/"},"sameAs":["https:\/\/www.facebook.com\/KapitalisInfo\/","https:\/\/x.com\/KapitalisInfo","https:\/\/www.youtube.com\/channel\/UC-yDYrHyfFBWWZaOw3FPg9Q"]},{"@type":"Person","@id":"https:\/\/kapitalis.com\/tunisie\/#\/schema\/person\/d71f33a9ca44f7bad4698210b480c8e9","name":"webmaster kapitalis","url":"https:\/\/kapitalis.com\/tunisie\/author\/webmaster-kapitalis\/"}]}},"_links":{"self":[{"href":"https:\/\/kapitalis.com\/tunisie\/wp-json\/wp\/v2\/posts\/310090","targetHints":{"allow":["GET"]}}],"collection":[{"href":"https:\/\/kapitalis.com\/tunisie\/wp-json\/wp\/v2\/posts"}],"about":[{"href":"https:\/\/kapitalis.com\/tunisie\/wp-json\/wp\/v2\/types\/post"}],"author":[{"embeddable":true,"href":"https:\/\/kapitalis.com\/tunisie\/wp-json\/wp\/v2\/users\/8"}],"replies":[{"embeddable":true,"href":"https:\/\/kapitalis.com\/tunisie\/wp-json\/wp\/v2\/comments?post=310090"}],"version-history":[{"count":0,"href":"https:\/\/kapitalis.com\/tunisie\/wp-json\/wp\/v2\/posts\/310090\/revisions"}],"wp:featuredmedia":[{"embeddable":true,"href":"https:\/\/kapitalis.com\/tunisie\/wp-json\/wp\/v2\/media\/310091"}],"wp:attachment":[{"href":"https:\/\/kapitalis.com\/tunisie\/wp-json\/wp\/v2\/media?parent=310090"}],"wp:term":[{"taxonomy":"category","embeddable":true,"href":"https:\/\/kapitalis.com\/tunisie\/wp-json\/wp\/v2\/categories?post=310090"},{"taxonomy":"post_tag","embeddable":true,"href":"https:\/\/kapitalis.com\/tunisie\/wp-json\/wp\/v2\/tags?post=310090"}],"curies":[{"name":"wp","href":"https:\/\/api.w.org\/{rel}","templated":true}]}}