{"id":310214,"date":"2020-08-01T14:45:20","date_gmt":"2020-08-01T13:45:20","guid":{"rendered":"http:\/\/kapitalis.com\/tunisie\/?p=310214"},"modified":"2020-08-01T14:45:21","modified_gmt":"2020-08-01T13:45:21","slug":"tunisie-une-forte-contraction-de-65-de-la-croissance-economique-en-2020","status":"publish","type":"post","link":"https:\/\/kapitalis.com\/tunisie\/2020\/08\/01\/tunisie-une-forte-contraction-de-65-de-la-croissance-economique-en-2020\/","title":{"rendered":"Tunisie : une forte contraction de 6,5% de la croissance \u00e9conomique en 2020"},"content":{"rendered":"\n<figure class=\"wp-block-image size-large\"><img decoding=\"async\" src=\"http:\/\/kapitalis.com\/tunisie\/wp-content\/uploads\/2017\/12\/Banque-centrale-de-Tunisie.jpg\" alt=\"\" class=\"wp-image-130748\"\/><\/figure>\n\n\n\n<p><strong><em>Selon le conseil d\u2019administration (CA) de la Banque centrale de Tunisie (BCT), qui a tenu sa r\u00e9union p\u00e9riodique le 29 juillet 2020, la croissance \u00e9conomique devrait conna\u00eetre une forte contraction de l\u2019ordre de 6,5% durant l\u2019ann\u00e9e en cours.<\/em><\/strong><\/p>\n\n\n\n<!--more-->\n\n\n\n<p>Le CA a pris connaissance des \u00e9volutions r\u00e9centes sur les plans \u00e9conomique, mon\u00e9taire et financier, notamment la derni\u00e8re mise \u00e0 jour des pr\u00e9visions de la croissance \u00e9conomique qui devrait conna\u00eetre une forte contraction de l\u2019ordre de 6,5%, durant l\u2019ann\u00e9e en cours, en relation avec la baisse de l\u2019activit\u00e9 dans la plupart des secteurs, en particulier les industries exportatrices ainsi que le tourisme et le transport et, \u00e0 un moindre degr\u00e9, les industries non-manufacturi\u00e8res.<\/p>\n\n\n\n<h3 class=\"wp-block-heading\">Perspectives incertaines en rapport avec la pand\u00e9mie Covid-19<\/h3>\n\n\n\n<p>Les principaux moteurs de la croissance devraient \u00e9galement conna\u00eetre une nette r\u00e9gression de leur rythme de progression, particuli\u00e8rement les investissements au vu des perspectives incertaines en rapport avec la pand\u00e9mie Covid-19 et la consommation priv\u00e9e, en plus de la contraction du volume des \u00e9changes commerciaux avec l\u2019ext\u00e9rieur, due principalement au repli de la demande dans la Zone Euro, ainsi que la persistance des difficult\u00e9s dans les secteurs extractifs, \u00e0 savoir le p\u00e9trole et le phosphate.<\/p>\n\n\n\n<p>En revanche, le CA de la BCT a soulign\u00e9 le ralentissement du taux d\u2019inflation pour revenir en juin 2020 \u00e0 5,8% en glissement annuel, contre 6,3% le mois pr\u00e9c\u00e9dent, suite \u00e0 la d\u00e9c\u00e9l\u00e9ration du rythme de progression des prix des produits manufacturiers et alimentaires et de ceux des services.<\/p>\n\n\n\n<p>Pour sa part, l\u2019inflation sous-jacente (hors produits encadr\u00e9s et frais) a \u00e9galement connu, au cours du m\u00eame mois, une baisse de son rythme d\u2019accroissement, apr\u00e8s avoir atteint des niveaux assez \u00e9lev\u00e9s durant les derniers mois, pour revenir \u00e0 5,6% contre 6% en mai 2020.<\/p>\n\n\n\n<p>S\u2019agissant des \u00e9volutions r\u00e9centes du secteur ext\u00e9rieur, le CA a constat\u00e9 la r\u00e9gression du d\u00e9ficit courant aux environs de 4% du PIB au premier semestre de l\u2019ann\u00e9e en cours, contre 5,6% pour la m\u00eame p\u00e9riode de l\u2019ann\u00e9e pr\u00e9c\u00e9dente. Ce r\u00e9sultat est imputable principalement \u00e0 la contraction de l\u2019activit\u00e9 \u00e9conomique aux niveaux national et international, ce qui a impact\u00e9 le rythme des \u00e9changes commerciaux et de l\u2019activit\u00e9 touristique.<\/p>\n\n\n\n<h3 class=\"wp-block-heading\">Maintien inchang\u00e9 le taux d\u2019int\u00e9r\u00eat directeur de la BCT.<\/h3>\n\n\n\n<p>N\u00e9anmoins, les flux nets de capitaux ext\u00e9rieurs ont permis de couvrir le d\u00e9ficit courant et de consolider le niveau des avoirs nets en devises qui ont atteint 20.903 MDT ou 136 jours d\u2019importation au 27 juillet 2020 contre 16.078 MDT ou 90 jours d\u2019importation \u00e0 la m\u00eame date de l\u2019ann\u00e9e pr\u00e9c\u00e9dente. Apr\u00e8s discussions et d\u00e9lib\u00e9rations sur les points susmentionn\u00e9s, le CA a soulign\u00e9 la n\u00e9cessit\u00e9 de retrouver la stabilit\u00e9 politique afin d\u2019\u00e9viter le climat d\u2019incertitudes qui aggrave la crise \u00e9conomique.<\/p>\n\n\n\n<p>En effet, cette stabilit\u00e9 repr\u00e9sente un facteur essentiel pour acc\u00e9l\u00e9rer la mise en \u0153uvre des r\u00e9formes structurelles, n\u00e9cessaires pour relancer l\u2019\u00e9conomie et promouvoir l\u2019investissement. Aussi, le Conseil a-t-il r\u00e9it\u00e9r\u00e9 que la Banque centrale continuera de suivre de pr\u00e8s l\u2019\u00e9volution des indicateurs \u00e9conomiques, mon\u00e9taires et financiers et a d\u00e9cid\u00e9 de maintenir inchang\u00e9 le taux d\u2019int\u00e9r\u00eat directeur de la BCT.<\/p>\n","protected":false},"excerpt":{"rendered":"<p>Selon le conseil d\u2019administration (CA) de la Banque centrale de Tunisie (BCT), qui a tenu sa r\u00e9union p\u00e9riodique le 29 juillet 2020, la croissance \u00e9conomique devrait conna\u00eetre une forte contraction de l\u2019ordre de 6,5% durant l\u2019ann\u00e9e en cours.<\/p>\n","protected":false},"author":8,"featured_media":0,"comment_status":"open","ping_status":"open","sticky":false,"template":"","format":"standard","meta":{"footnotes":""},"categories":[995,2433],"tags":[8938,4750,77690],"class_list":["post-310214","post","type-post","status-publish","format-standard","hentry","category-economie","category-tunisie","tag-banque-centrale-de-tunisie","tag-croissance-economique","tag-taux-dinteret-directeur-2"],"yoast_head":"<!-- This site is optimized with the Yoast SEO plugin v26.6 - https:\/\/yoast.com\/wordpress\/plugins\/seo\/ -->\n<title>Tunisie : une forte contraction de 6,5% de la croissance \u00e9conomique en 2020 - Kapitalis<\/title>\n<meta name=\"robots\" content=\"index, follow, max-snippet:-1, max-image-preview:large, max-video-preview:-1\" \/>\n<link rel=\"canonical\" href=\"https:\/\/kapitalis.com\/tunisie\/2020\/08\/01\/tunisie-une-forte-contraction-de-65-de-la-croissance-economique-en-2020\/\" \/>\n<meta property=\"og:locale\" content=\"fr_FR\" \/>\n<meta property=\"og:type\" content=\"article\" \/>\n<meta property=\"og:title\" content=\"Tunisie : une forte contraction de 6,5% de la croissance \u00e9conomique en 2020 - Kapitalis\" \/>\n<meta property=\"og:description\" content=\"Selon le conseil d\u2019administration (CA) de la Banque centrale de Tunisie (BCT), qui a tenu sa r\u00e9union p\u00e9riodique le 29 juillet 2020, la croissance \u00e9conomique devrait conna\u00eetre une forte contraction de l\u2019ordre de 6,5% durant l\u2019ann\u00e9e en cours.\" \/>\n<meta property=\"og:url\" content=\"https:\/\/kapitalis.com\/tunisie\/2020\/08\/01\/tunisie-une-forte-contraction-de-65-de-la-croissance-economique-en-2020\/\" \/>\n<meta property=\"og:site_name\" content=\"Kapitalis\" \/>\n<meta property=\"article:publisher\" content=\"https:\/\/www.facebook.com\/KapitalisInfo\/\" \/>\n<meta property=\"article:published_time\" content=\"2020-08-01T13:45:20+00:00\" \/>\n<meta property=\"article:modified_time\" content=\"2020-08-01T13:45:21+00:00\" \/>\n<meta property=\"og:image\" content=\"http:\/\/kapitalis.com\/tunisie\/wp-content\/uploads\/2017\/12\/Banque-centrale-de-Tunisie.jpg\" \/>\n<meta name=\"author\" content=\"webmaster kapitalis\" \/>\n<meta name=\"twitter:card\" content=\"summary_large_image\" \/>\n<meta name=\"twitter:creator\" content=\"@KapitalisInfo\" \/>\n<meta name=\"twitter:site\" content=\"@KapitalisInfo\" \/>\n<meta name=\"twitter:label1\" content=\"\u00c9crit par\" \/>\n\t<meta name=\"twitter:data1\" content=\"webmaster kapitalis\" \/>\n\t<meta name=\"twitter:label2\" content=\"Dur\u00e9e de lecture estim\u00e9e\" \/>\n\t<meta name=\"twitter:data2\" content=\"3 minutes\" \/>\n<script type=\"application\/ld+json\" class=\"yoast-schema-graph\">{\"@context\":\"https:\/\/schema.org\",\"@graph\":[{\"@type\":\"Article\",\"@id\":\"https:\/\/kapitalis.com\/tunisie\/2020\/08\/01\/tunisie-une-forte-contraction-de-65-de-la-croissance-economique-en-2020\/#article\",\"isPartOf\":{\"@id\":\"https:\/\/kapitalis.com\/tunisie\/2020\/08\/01\/tunisie-une-forte-contraction-de-65-de-la-croissance-economique-en-2020\/\"},\"author\":{\"name\":\"webmaster kapitalis\",\"@id\":\"https:\/\/kapitalis.com\/tunisie\/#\/schema\/person\/d71f33a9ca44f7bad4698210b480c8e9\"},\"headline\":\"Tunisie : une forte contraction de 6,5% de la croissance \u00e9conomique en 2020\",\"datePublished\":\"2020-08-01T13:45:20+00:00\",\"dateModified\":\"2020-08-01T13:45:21+00:00\",\"mainEntityOfPage\":{\"@id\":\"https:\/\/kapitalis.com\/tunisie\/2020\/08\/01\/tunisie-une-forte-contraction-de-65-de-la-croissance-economique-en-2020\/\"},\"wordCount\":576,\"commentCount\":0,\"publisher\":{\"@id\":\"https:\/\/kapitalis.com\/tunisie\/#organization\"},\"image\":{\"@id\":\"https:\/\/kapitalis.com\/tunisie\/2020\/08\/01\/tunisie-une-forte-contraction-de-65-de-la-croissance-economique-en-2020\/#primaryimage\"},\"thumbnailUrl\":\"http:\/\/kapitalis.com\/tunisie\/wp-content\/uploads\/2017\/12\/Banque-centrale-de-Tunisie.jpg\",\"keywords\":[\"Banque centrale de Tunisie\",\"croissance \u00e9conomique\",\"taux d\u2019int\u00e9r\u00eat directeur\"],\"articleSection\":[\"ECONOMIE\",\"Tunisie\"],\"inLanguage\":\"fr-FR\",\"potentialAction\":[{\"@type\":\"CommentAction\",\"name\":\"Comment\",\"target\":[\"https:\/\/kapitalis.com\/tunisie\/2020\/08\/01\/tunisie-une-forte-contraction-de-65-de-la-croissance-economique-en-2020\/#respond\"]}]},{\"@type\":\"WebPage\",\"@id\":\"https:\/\/kapitalis.com\/tunisie\/2020\/08\/01\/tunisie-une-forte-contraction-de-65-de-la-croissance-economique-en-2020\/\",\"url\":\"https:\/\/kapitalis.com\/tunisie\/2020\/08\/01\/tunisie-une-forte-contraction-de-65-de-la-croissance-economique-en-2020\/\",\"name\":\"Tunisie : une forte contraction de 6,5% de la croissance \u00e9conomique en 2020 - Kapitalis\",\"isPartOf\":{\"@id\":\"https:\/\/kapitalis.com\/tunisie\/#website\"},\"primaryImageOfPage\":{\"@id\":\"https:\/\/kapitalis.com\/tunisie\/2020\/08\/01\/tunisie-une-forte-contraction-de-65-de-la-croissance-economique-en-2020\/#primaryimage\"},\"image\":{\"@id\":\"https:\/\/kapitalis.com\/tunisie\/2020\/08\/01\/tunisie-une-forte-contraction-de-65-de-la-croissance-economique-en-2020\/#primaryimage\"},\"thumbnailUrl\":\"http:\/\/kapitalis.com\/tunisie\/wp-content\/uploads\/2017\/12\/Banque-centrale-de-Tunisie.jpg\",\"datePublished\":\"2020-08-01T13:45:20+00:00\",\"dateModified\":\"2020-08-01T13:45:21+00:00\",\"breadcrumb\":{\"@id\":\"https:\/\/kapitalis.com\/tunisie\/2020\/08\/01\/tunisie-une-forte-contraction-de-65-de-la-croissance-economique-en-2020\/#breadcrumb\"},\"inLanguage\":\"fr-FR\",\"potentialAction\":[{\"@type\":\"ReadAction\",\"target\":[\"https:\/\/kapitalis.com\/tunisie\/2020\/08\/01\/tunisie-une-forte-contraction-de-65-de-la-croissance-economique-en-2020\/\"]}]},{\"@type\":\"ImageObject\",\"inLanguage\":\"fr-FR\",\"@id\":\"https:\/\/kapitalis.com\/tunisie\/2020\/08\/01\/tunisie-une-forte-contraction-de-65-de-la-croissance-economique-en-2020\/#primaryimage\",\"url\":\"http:\/\/kapitalis.com\/tunisie\/wp-content\/uploads\/2017\/12\/Banque-centrale-de-Tunisie.jpg\",\"contentUrl\":\"http:\/\/kapitalis.com\/tunisie\/wp-content\/uploads\/2017\/12\/Banque-centrale-de-Tunisie.jpg\"},{\"@type\":\"BreadcrumbList\",\"@id\":\"https:\/\/kapitalis.com\/tunisie\/2020\/08\/01\/tunisie-une-forte-contraction-de-65-de-la-croissance-economique-en-2020\/#breadcrumb\",\"itemListElement\":[{\"@type\":\"ListItem\",\"position\":1,\"name\":\"Accueil\",\"item\":\"https:\/\/kapitalis.com\/tunisie\/\"},{\"@type\":\"ListItem\",\"position\":2,\"name\":\"Tunisie : une forte contraction de 6,5% de la croissance \u00e9conomique en 2020\"}]},{\"@type\":\"WebSite\",\"@id\":\"https:\/\/kapitalis.com\/tunisie\/#website\",\"url\":\"https:\/\/kapitalis.com\/tunisie\/\",\"name\":\"Kapitalis\",\"description\":\"L&#039;actualit\u00e9 en Tunisie et dans le monde\",\"publisher\":{\"@id\":\"https:\/\/kapitalis.com\/tunisie\/#organization\"},\"potentialAction\":[{\"@type\":\"SearchAction\",\"target\":{\"@type\":\"EntryPoint\",\"urlTemplate\":\"https:\/\/kapitalis.com\/tunisie\/?s={search_term_string}\"},\"query-input\":{\"@type\":\"PropertyValueSpecification\",\"valueRequired\":true,\"valueName\":\"search_term_string\"}}],\"inLanguage\":\"fr-FR\"},{\"@type\":\"Organization\",\"@id\":\"https:\/\/kapitalis.com\/tunisie\/#organization\",\"name\":\"Kapitalis\",\"url\":\"https:\/\/kapitalis.com\/tunisie\/\",\"logo\":{\"@type\":\"ImageObject\",\"inLanguage\":\"fr-FR\",\"@id\":\"https:\/\/kapitalis.com\/tunisie\/#\/schema\/logo\/image\/\",\"url\":\"https:\/\/kapitalis.com\/tunisie\/wp-content\/uploads\/2022\/05\/Kapitalis-big-size.png\",\"contentUrl\":\"https:\/\/kapitalis.com\/tunisie\/wp-content\/uploads\/2022\/05\/Kapitalis-big-size.png\",\"width\":5000,\"height\":1500,\"caption\":\"Kapitalis\"},\"image\":{\"@id\":\"https:\/\/kapitalis.com\/tunisie\/#\/schema\/logo\/image\/\"},\"sameAs\":[\"https:\/\/www.facebook.com\/KapitalisInfo\/\",\"https:\/\/x.com\/KapitalisInfo\",\"https:\/\/www.youtube.com\/channel\/UC-yDYrHyfFBWWZaOw3FPg9Q\"]},{\"@type\":\"Person\",\"@id\":\"https:\/\/kapitalis.com\/tunisie\/#\/schema\/person\/d71f33a9ca44f7bad4698210b480c8e9\",\"name\":\"webmaster kapitalis\",\"url\":\"https:\/\/kapitalis.com\/tunisie\/author\/webmaster-kapitalis\/\"}]}<\/script>\n<!-- \/ Yoast SEO plugin. -->","yoast_head_json":{"title":"Tunisie : une forte contraction de 6,5% de la croissance \u00e9conomique en 2020 - Kapitalis","robots":{"index":"index","follow":"follow","max-snippet":"max-snippet:-1","max-image-preview":"max-image-preview:large","max-video-preview":"max-video-preview:-1"},"canonical":"https:\/\/kapitalis.com\/tunisie\/2020\/08\/01\/tunisie-une-forte-contraction-de-65-de-la-croissance-economique-en-2020\/","og_locale":"fr_FR","og_type":"article","og_title":"Tunisie : une forte contraction de 6,5% de la croissance \u00e9conomique en 2020 - Kapitalis","og_description":"Selon le conseil d\u2019administration (CA) de la Banque centrale de Tunisie (BCT), qui a tenu sa r\u00e9union p\u00e9riodique le 29 juillet 2020, la croissance \u00e9conomique devrait conna\u00eetre une forte contraction de l\u2019ordre de 6,5% durant l\u2019ann\u00e9e en cours.","og_url":"https:\/\/kapitalis.com\/tunisie\/2020\/08\/01\/tunisie-une-forte-contraction-de-65-de-la-croissance-economique-en-2020\/","og_site_name":"Kapitalis","article_publisher":"https:\/\/www.facebook.com\/KapitalisInfo\/","article_published_time":"2020-08-01T13:45:20+00:00","article_modified_time":"2020-08-01T13:45:21+00:00","og_image":[{"url":"http:\/\/kapitalis.com\/tunisie\/wp-content\/uploads\/2017\/12\/Banque-centrale-de-Tunisie.jpg","type":"","width":"","height":""}],"author":"webmaster kapitalis","twitter_card":"summary_large_image","twitter_creator":"@KapitalisInfo","twitter_site":"@KapitalisInfo","twitter_misc":{"\u00c9crit par":"webmaster kapitalis","Dur\u00e9e de lecture estim\u00e9e":"3 minutes"},"schema":{"@context":"https:\/\/schema.org","@graph":[{"@type":"Article","@id":"https:\/\/kapitalis.com\/tunisie\/2020\/08\/01\/tunisie-une-forte-contraction-de-65-de-la-croissance-economique-en-2020\/#article","isPartOf":{"@id":"https:\/\/kapitalis.com\/tunisie\/2020\/08\/01\/tunisie-une-forte-contraction-de-65-de-la-croissance-economique-en-2020\/"},"author":{"name":"webmaster kapitalis","@id":"https:\/\/kapitalis.com\/tunisie\/#\/schema\/person\/d71f33a9ca44f7bad4698210b480c8e9"},"headline":"Tunisie : une forte contraction de 6,5% de la croissance \u00e9conomique en 2020","datePublished":"2020-08-01T13:45:20+00:00","dateModified":"2020-08-01T13:45:21+00:00","mainEntityOfPage":{"@id":"https:\/\/kapitalis.com\/tunisie\/2020\/08\/01\/tunisie-une-forte-contraction-de-65-de-la-croissance-economique-en-2020\/"},"wordCount":576,"commentCount":0,"publisher":{"@id":"https:\/\/kapitalis.com\/tunisie\/#organization"},"image":{"@id":"https:\/\/kapitalis.com\/tunisie\/2020\/08\/01\/tunisie-une-forte-contraction-de-65-de-la-croissance-economique-en-2020\/#primaryimage"},"thumbnailUrl":"http:\/\/kapitalis.com\/tunisie\/wp-content\/uploads\/2017\/12\/Banque-centrale-de-Tunisie.jpg","keywords":["Banque centrale de Tunisie","croissance \u00e9conomique","taux d\u2019int\u00e9r\u00eat directeur"],"articleSection":["ECONOMIE","Tunisie"],"inLanguage":"fr-FR","potentialAction":[{"@type":"CommentAction","name":"Comment","target":["https:\/\/kapitalis.com\/tunisie\/2020\/08\/01\/tunisie-une-forte-contraction-de-65-de-la-croissance-economique-en-2020\/#respond"]}]},{"@type":"WebPage","@id":"https:\/\/kapitalis.com\/tunisie\/2020\/08\/01\/tunisie-une-forte-contraction-de-65-de-la-croissance-economique-en-2020\/","url":"https:\/\/kapitalis.com\/tunisie\/2020\/08\/01\/tunisie-une-forte-contraction-de-65-de-la-croissance-economique-en-2020\/","name":"Tunisie : une forte contraction de 6,5% de la croissance \u00e9conomique en 2020 - Kapitalis","isPartOf":{"@id":"https:\/\/kapitalis.com\/tunisie\/#website"},"primaryImageOfPage":{"@id":"https:\/\/kapitalis.com\/tunisie\/2020\/08\/01\/tunisie-une-forte-contraction-de-65-de-la-croissance-economique-en-2020\/#primaryimage"},"image":{"@id":"https:\/\/kapitalis.com\/tunisie\/2020\/08\/01\/tunisie-une-forte-contraction-de-65-de-la-croissance-economique-en-2020\/#primaryimage"},"thumbnailUrl":"http:\/\/kapitalis.com\/tunisie\/wp-content\/uploads\/2017\/12\/Banque-centrale-de-Tunisie.jpg","datePublished":"2020-08-01T13:45:20+00:00","dateModified":"2020-08-01T13:45:21+00:00","breadcrumb":{"@id":"https:\/\/kapitalis.com\/tunisie\/2020\/08\/01\/tunisie-une-forte-contraction-de-65-de-la-croissance-economique-en-2020\/#breadcrumb"},"inLanguage":"fr-FR","potentialAction":[{"@type":"ReadAction","target":["https:\/\/kapitalis.com\/tunisie\/2020\/08\/01\/tunisie-une-forte-contraction-de-65-de-la-croissance-economique-en-2020\/"]}]},{"@type":"ImageObject","inLanguage":"fr-FR","@id":"https:\/\/kapitalis.com\/tunisie\/2020\/08\/01\/tunisie-une-forte-contraction-de-65-de-la-croissance-economique-en-2020\/#primaryimage","url":"http:\/\/kapitalis.com\/tunisie\/wp-content\/uploads\/2017\/12\/Banque-centrale-de-Tunisie.jpg","contentUrl":"http:\/\/kapitalis.com\/tunisie\/wp-content\/uploads\/2017\/12\/Banque-centrale-de-Tunisie.jpg"},{"@type":"BreadcrumbList","@id":"https:\/\/kapitalis.com\/tunisie\/2020\/08\/01\/tunisie-une-forte-contraction-de-65-de-la-croissance-economique-en-2020\/#breadcrumb","itemListElement":[{"@type":"ListItem","position":1,"name":"Accueil","item":"https:\/\/kapitalis.com\/tunisie\/"},{"@type":"ListItem","position":2,"name":"Tunisie : une forte contraction de 6,5% de la croissance \u00e9conomique en 2020"}]},{"@type":"WebSite","@id":"https:\/\/kapitalis.com\/tunisie\/#website","url":"https:\/\/kapitalis.com\/tunisie\/","name":"Kapitalis","description":"L&#039;actualit\u00e9 en Tunisie et dans le monde","publisher":{"@id":"https:\/\/kapitalis.com\/tunisie\/#organization"},"potentialAction":[{"@type":"SearchAction","target":{"@type":"EntryPoint","urlTemplate":"https:\/\/kapitalis.com\/tunisie\/?s={search_term_string}"},"query-input":{"@type":"PropertyValueSpecification","valueRequired":true,"valueName":"search_term_string"}}],"inLanguage":"fr-FR"},{"@type":"Organization","@id":"https:\/\/kapitalis.com\/tunisie\/#organization","name":"Kapitalis","url":"https:\/\/kapitalis.com\/tunisie\/","logo":{"@type":"ImageObject","inLanguage":"fr-FR","@id":"https:\/\/kapitalis.com\/tunisie\/#\/schema\/logo\/image\/","url":"https:\/\/kapitalis.com\/tunisie\/wp-content\/uploads\/2022\/05\/Kapitalis-big-size.png","contentUrl":"https:\/\/kapitalis.com\/tunisie\/wp-content\/uploads\/2022\/05\/Kapitalis-big-size.png","width":5000,"height":1500,"caption":"Kapitalis"},"image":{"@id":"https:\/\/kapitalis.com\/tunisie\/#\/schema\/logo\/image\/"},"sameAs":["https:\/\/www.facebook.com\/KapitalisInfo\/","https:\/\/x.com\/KapitalisInfo","https:\/\/www.youtube.com\/channel\/UC-yDYrHyfFBWWZaOw3FPg9Q"]},{"@type":"Person","@id":"https:\/\/kapitalis.com\/tunisie\/#\/schema\/person\/d71f33a9ca44f7bad4698210b480c8e9","name":"webmaster kapitalis","url":"https:\/\/kapitalis.com\/tunisie\/author\/webmaster-kapitalis\/"}]}},"_links":{"self":[{"href":"https:\/\/kapitalis.com\/tunisie\/wp-json\/wp\/v2\/posts\/310214","targetHints":{"allow":["GET"]}}],"collection":[{"href":"https:\/\/kapitalis.com\/tunisie\/wp-json\/wp\/v2\/posts"}],"about":[{"href":"https:\/\/kapitalis.com\/tunisie\/wp-json\/wp\/v2\/types\/post"}],"author":[{"embeddable":true,"href":"https:\/\/kapitalis.com\/tunisie\/wp-json\/wp\/v2\/users\/8"}],"replies":[{"embeddable":true,"href":"https:\/\/kapitalis.com\/tunisie\/wp-json\/wp\/v2\/comments?post=310214"}],"version-history":[{"count":0,"href":"https:\/\/kapitalis.com\/tunisie\/wp-json\/wp\/v2\/posts\/310214\/revisions"}],"wp:attachment":[{"href":"https:\/\/kapitalis.com\/tunisie\/wp-json\/wp\/v2\/media?parent=310214"}],"wp:term":[{"taxonomy":"category","embeddable":true,"href":"https:\/\/kapitalis.com\/tunisie\/wp-json\/wp\/v2\/categories?post=310214"},{"taxonomy":"post_tag","embeddable":true,"href":"https:\/\/kapitalis.com\/tunisie\/wp-json\/wp\/v2\/tags?post=310214"}],"curies":[{"name":"wp","href":"https:\/\/api.w.org\/{rel}","templated":true}]}}