{"id":310420,"date":"2020-08-03T21:13:51","date_gmt":"2020-08-03T20:13:51","guid":{"rendered":"http:\/\/kapitalis.com\/tunisie\/?p=310420"},"modified":"2020-08-04T08:27:34","modified_gmt":"2020-08-04T07:27:34","slug":"tunisie-quarante-deux-incendies-de-forets-du-30-juillet-au-2-aout","status":"publish","type":"post","link":"https:\/\/kapitalis.com\/tunisie\/2020\/08\/03\/tunisie-quarante-deux-incendies-de-forets-du-30-juillet-au-2-aout\/","title":{"rendered":"Tunisie : Quarante-deux incendies de for\u00eats en 4 jours"},"content":{"rendered":"\n<figure class=\"wp-block-image size-large\"><img decoding=\"async\" src=\"http:\/\/kapitalis.com\/tunisie\/wp-content\/uploads\/2020\/08\/Pompier-incendie.jpg\" alt=\"\" class=\"wp-image-310422\"\/><\/figure>\n\n\n\n<p><strong><em>Le minist\u00e8re de l&rsquo;Int\u00e9rieur a annonc\u00e9 que du 30 juillet au 2 ao\u00fbt 2020, soit en 4 jours, 42 incendies ont \u00e9t\u00e9 enregistr\u00e9s dans des zones foresti\u00e8res situ\u00e9es dans 10 gouvernorats du pays.<\/em><\/strong><\/p>\n\n\n\n<!--more-->\n\n\n\n<p>Dans un communiqu\u00e9 publi\u00e9 cet apr\u00e8s-midi, lundi 3 ao\u00fbt 2020, le minist\u00e8re a pr\u00e9cis\u00e9 que les directions r\u00e9gionales de la Protection civile, en coordination avec les directions r\u00e9gionales des for\u00eats, ainsi qu&rsquo;avec l&rsquo;arm\u00e9e de l&rsquo;air, sont intervenues au cours de ces derniers jours pour ma\u00eetriser ces incendies, qui se sont d\u00e9clar\u00e9s dans les gouvernorats de Jendouba, de B\u00e9ja, du Kef, de Siliana, de Bizerte, de Nabeul, de Kairouan, de la Manouba, de Sidi Bouzid et de Kasserine.<\/p>\n\n\n\n<p>Aucune perte humaine n&rsquo;est \u00e0 d\u00e9plorer et les habitations ont \u00e9t\u00e9 \u00e9pargn\u00e9es, ajoute la m\u00eame source, en rappelant que les fortes chaleurs enregistr\u00e9es ces derniers jours (d\u00e9passant les normales saisonni\u00e8res de 8\u00b0C) n&rsquo;ont pas facilit\u00e9 la t\u00e2che des agents.<\/p>\n\n\n\n<p>Le minist\u00e8re rappelle aussi que l&rsquo;on a enregistr\u00e9, en deux mois, du 1er juin au 2 ao\u00fbt, 133 incendies de for\u00eats.<\/p>\n\n\n\n<p class=\"has-text-align-right\"><strong>Y. N.<\/strong><\/p>\n","protected":false},"excerpt":{"rendered":"<p>Le minist\u00e8re de l&rsquo;Int\u00e9rieur a annonc\u00e9 que du 30 juillet au 2 ao\u00fbt 2020, soit en 4 jours, 42 incendies ont \u00e9t\u00e9 enregistr\u00e9s dans des zones foresti\u00e8res situ\u00e9es dans 10 gouvernorats du pays.<\/p>\n","protected":false},"author":6,"featured_media":310422,"comment_status":"open","ping_status":"open","sticky":false,"template":"","format":"standard","meta":{"footnotes":""},"categories":[998,2433],"tags":[80,380,81346,472,754],"class_list":["post-310420","post","type-post","status-publish","format-standard","has-post-thumbnail","hentry","category-societe","category-tunisie","tag-armee","tag-feu","tag-forets","tag-incendies","tag-protection-civile"],"yoast_head":"<!-- This site is optimized with the Yoast SEO plugin v26.6 - https:\/\/yoast.com\/wordpress\/plugins\/seo\/ -->\n<title>Tunisie : Quarante-deux incendies de for\u00eats en 4 jours - Kapitalis<\/title>\n<meta name=\"robots\" content=\"index, follow, max-snippet:-1, max-image-preview:large, max-video-preview:-1\" \/>\n<link rel=\"canonical\" href=\"https:\/\/kapitalis.com\/tunisie\/2020\/08\/03\/tunisie-quarante-deux-incendies-de-forets-du-30-juillet-au-2-aout\/\" \/>\n<meta property=\"og:locale\" content=\"fr_FR\" \/>\n<meta property=\"og:type\" content=\"article\" \/>\n<meta property=\"og:title\" content=\"Tunisie : Quarante-deux incendies de for\u00eats en 4 jours - Kapitalis\" \/>\n<meta property=\"og:description\" content=\"Le minist\u00e8re de l&rsquo;Int\u00e9rieur a annonc\u00e9 que du 30 juillet au 2 ao\u00fbt 2020, soit en 4 jours, 42 incendies ont \u00e9t\u00e9 enregistr\u00e9s dans des zones foresti\u00e8res situ\u00e9es dans 10 gouvernorats du pays.\" \/>\n<meta property=\"og:url\" content=\"https:\/\/kapitalis.com\/tunisie\/2020\/08\/03\/tunisie-quarante-deux-incendies-de-forets-du-30-juillet-au-2-aout\/\" \/>\n<meta property=\"og:site_name\" content=\"Kapitalis\" \/>\n<meta property=\"article:publisher\" content=\"https:\/\/www.facebook.com\/KapitalisInfo\/\" \/>\n<meta property=\"article:published_time\" content=\"2020-08-03T20:13:51+00:00\" \/>\n<meta property=\"article:modified_time\" content=\"2020-08-04T07:27:34+00:00\" \/>\n<meta property=\"og:image\" content=\"https:\/\/kapitalis.com\/tunisie\/wp-content\/uploads\/2022\/05\/kapitalis-logo-fb.png\" \/>\n\t<meta property=\"og:image:width\" content=\"1200\" \/>\n\t<meta property=\"og:image:height\" content=\"630\" \/>\n\t<meta property=\"og:image:type\" content=\"image\/png\" \/>\n<meta name=\"author\" content=\"Yusra NY\" \/>\n<meta name=\"twitter:card\" content=\"summary_large_image\" \/>\n<meta name=\"twitter:creator\" content=\"@KapitalisInfo\" \/>\n<meta name=\"twitter:site\" content=\"@KapitalisInfo\" \/>\n<meta name=\"twitter:label1\" content=\"\u00c9crit par\" \/>\n\t<meta name=\"twitter:data1\" content=\"Yusra NY\" \/>\n\t<meta name=\"twitter:label2\" content=\"Dur\u00e9e de lecture estim\u00e9e\" \/>\n\t<meta name=\"twitter:data2\" content=\"1 minute\" \/>\n<script type=\"application\/ld+json\" class=\"yoast-schema-graph\">{\"@context\":\"https:\/\/schema.org\",\"@graph\":[{\"@type\":\"Article\",\"@id\":\"https:\/\/kapitalis.com\/tunisie\/2020\/08\/03\/tunisie-quarante-deux-incendies-de-forets-du-30-juillet-au-2-aout\/#article\",\"isPartOf\":{\"@id\":\"https:\/\/kapitalis.com\/tunisie\/2020\/08\/03\/tunisie-quarante-deux-incendies-de-forets-du-30-juillet-au-2-aout\/\"},\"author\":{\"name\":\"Yusra NY\",\"@id\":\"https:\/\/kapitalis.com\/tunisie\/#\/schema\/person\/74bbde0154d49d790a92aaeac5bc01d5\"},\"headline\":\"Tunisie : Quarante-deux incendies de for\u00eats en 4 jours\",\"datePublished\":\"2020-08-03T20:13:51+00:00\",\"dateModified\":\"2020-08-04T07:27:34+00:00\",\"mainEntityOfPage\":{\"@id\":\"https:\/\/kapitalis.com\/tunisie\/2020\/08\/03\/tunisie-quarante-deux-incendies-de-forets-du-30-juillet-au-2-aout\/\"},\"wordCount\":197,\"commentCount\":0,\"publisher\":{\"@id\":\"https:\/\/kapitalis.com\/tunisie\/#organization\"},\"image\":{\"@id\":\"https:\/\/kapitalis.com\/tunisie\/2020\/08\/03\/tunisie-quarante-deux-incendies-de-forets-du-30-juillet-au-2-aout\/#primaryimage\"},\"thumbnailUrl\":\"\",\"keywords\":[\"arm\u00e9e\",\"feu\",\"for\u00eats\",\"incendies\",\"protection civile\"],\"articleSection\":[\"SOCIETE\",\"Tunisie\"],\"inLanguage\":\"fr-FR\",\"potentialAction\":[{\"@type\":\"CommentAction\",\"name\":\"Comment\",\"target\":[\"https:\/\/kapitalis.com\/tunisie\/2020\/08\/03\/tunisie-quarante-deux-incendies-de-forets-du-30-juillet-au-2-aout\/#respond\"]}]},{\"@type\":\"WebPage\",\"@id\":\"https:\/\/kapitalis.com\/tunisie\/2020\/08\/03\/tunisie-quarante-deux-incendies-de-forets-du-30-juillet-au-2-aout\/\",\"url\":\"https:\/\/kapitalis.com\/tunisie\/2020\/08\/03\/tunisie-quarante-deux-incendies-de-forets-du-30-juillet-au-2-aout\/\",\"name\":\"Tunisie : Quarante-deux incendies de for\u00eats en 4 jours - Kapitalis\",\"isPartOf\":{\"@id\":\"https:\/\/kapitalis.com\/tunisie\/#website\"},\"primaryImageOfPage\":{\"@id\":\"https:\/\/kapitalis.com\/tunisie\/2020\/08\/03\/tunisie-quarante-deux-incendies-de-forets-du-30-juillet-au-2-aout\/#primaryimage\"},\"image\":{\"@id\":\"https:\/\/kapitalis.com\/tunisie\/2020\/08\/03\/tunisie-quarante-deux-incendies-de-forets-du-30-juillet-au-2-aout\/#primaryimage\"},\"thumbnailUrl\":\"\",\"datePublished\":\"2020-08-03T20:13:51+00:00\",\"dateModified\":\"2020-08-04T07:27:34+00:00\",\"breadcrumb\":{\"@id\":\"https:\/\/kapitalis.com\/tunisie\/2020\/08\/03\/tunisie-quarante-deux-incendies-de-forets-du-30-juillet-au-2-aout\/#breadcrumb\"},\"inLanguage\":\"fr-FR\",\"potentialAction\":[{\"@type\":\"ReadAction\",\"target\":[\"https:\/\/kapitalis.com\/tunisie\/2020\/08\/03\/tunisie-quarante-deux-incendies-de-forets-du-30-juillet-au-2-aout\/\"]}]},{\"@type\":\"ImageObject\",\"inLanguage\":\"fr-FR\",\"@id\":\"https:\/\/kapitalis.com\/tunisie\/2020\/08\/03\/tunisie-quarante-deux-incendies-de-forets-du-30-juillet-au-2-aout\/#primaryimage\",\"url\":\"\",\"contentUrl\":\"\"},{\"@type\":\"BreadcrumbList\",\"@id\":\"https:\/\/kapitalis.com\/tunisie\/2020\/08\/03\/tunisie-quarante-deux-incendies-de-forets-du-30-juillet-au-2-aout\/#breadcrumb\",\"itemListElement\":[{\"@type\":\"ListItem\",\"position\":1,\"name\":\"Accueil\",\"item\":\"https:\/\/kapitalis.com\/tunisie\/\"},{\"@type\":\"ListItem\",\"position\":2,\"name\":\"Tunisie : Quarante-deux incendies de for\u00eats en 4 jours\"}]},{\"@type\":\"WebSite\",\"@id\":\"https:\/\/kapitalis.com\/tunisie\/#website\",\"url\":\"https:\/\/kapitalis.com\/tunisie\/\",\"name\":\"Kapitalis\",\"description\":\"L&#039;actualit\u00e9 en Tunisie et dans le monde\",\"publisher\":{\"@id\":\"https:\/\/kapitalis.com\/tunisie\/#organization\"},\"potentialAction\":[{\"@type\":\"SearchAction\",\"target\":{\"@type\":\"EntryPoint\",\"urlTemplate\":\"https:\/\/kapitalis.com\/tunisie\/?s={search_term_string}\"},\"query-input\":{\"@type\":\"PropertyValueSpecification\",\"valueRequired\":true,\"valueName\":\"search_term_string\"}}],\"inLanguage\":\"fr-FR\"},{\"@type\":\"Organization\",\"@id\":\"https:\/\/kapitalis.com\/tunisie\/#organization\",\"name\":\"Kapitalis\",\"url\":\"https:\/\/kapitalis.com\/tunisie\/\",\"logo\":{\"@type\":\"ImageObject\",\"inLanguage\":\"fr-FR\",\"@id\":\"https:\/\/kapitalis.com\/tunisie\/#\/schema\/logo\/image\/\",\"url\":\"https:\/\/kapitalis.com\/tunisie\/wp-content\/uploads\/2022\/05\/Kapitalis-big-size.png\",\"contentUrl\":\"https:\/\/kapitalis.com\/tunisie\/wp-content\/uploads\/2022\/05\/Kapitalis-big-size.png\",\"width\":5000,\"height\":1500,\"caption\":\"Kapitalis\"},\"image\":{\"@id\":\"https:\/\/kapitalis.com\/tunisie\/#\/schema\/logo\/image\/\"},\"sameAs\":[\"https:\/\/www.facebook.com\/KapitalisInfo\/\",\"https:\/\/x.com\/KapitalisInfo\",\"https:\/\/www.youtube.com\/channel\/UC-yDYrHyfFBWWZaOw3FPg9Q\"]},{\"@type\":\"Person\",\"@id\":\"https:\/\/kapitalis.com\/tunisie\/#\/schema\/person\/74bbde0154d49d790a92aaeac5bc01d5\",\"name\":\"Yusra NY\",\"url\":\"https:\/\/kapitalis.com\/tunisie\/author\/yuza_adam\/\"}]}<\/script>\n<!-- \/ Yoast SEO plugin. -->","yoast_head_json":{"title":"Tunisie : Quarante-deux incendies de for\u00eats en 4 jours - Kapitalis","robots":{"index":"index","follow":"follow","max-snippet":"max-snippet:-1","max-image-preview":"max-image-preview:large","max-video-preview":"max-video-preview:-1"},"canonical":"https:\/\/kapitalis.com\/tunisie\/2020\/08\/03\/tunisie-quarante-deux-incendies-de-forets-du-30-juillet-au-2-aout\/","og_locale":"fr_FR","og_type":"article","og_title":"Tunisie : Quarante-deux incendies de for\u00eats en 4 jours - Kapitalis","og_description":"Le minist\u00e8re de l&rsquo;Int\u00e9rieur a annonc\u00e9 que du 30 juillet au 2 ao\u00fbt 2020, soit en 4 jours, 42 incendies ont \u00e9t\u00e9 enregistr\u00e9s dans des zones foresti\u00e8res situ\u00e9es dans 10 gouvernorats du pays.","og_url":"https:\/\/kapitalis.com\/tunisie\/2020\/08\/03\/tunisie-quarante-deux-incendies-de-forets-du-30-juillet-au-2-aout\/","og_site_name":"Kapitalis","article_publisher":"https:\/\/www.facebook.com\/KapitalisInfo\/","article_published_time":"2020-08-03T20:13:51+00:00","article_modified_time":"2020-08-04T07:27:34+00:00","og_image":[{"width":1200,"height":630,"url":"https:\/\/kapitalis.com\/tunisie\/wp-content\/uploads\/2022\/05\/kapitalis-logo-fb.png","type":"image\/png"}],"author":"Yusra NY","twitter_card":"summary_large_image","twitter_creator":"@KapitalisInfo","twitter_site":"@KapitalisInfo","twitter_misc":{"\u00c9crit par":"Yusra NY","Dur\u00e9e de lecture estim\u00e9e":"1 minute"},"schema":{"@context":"https:\/\/schema.org","@graph":[{"@type":"Article","@id":"https:\/\/kapitalis.com\/tunisie\/2020\/08\/03\/tunisie-quarante-deux-incendies-de-forets-du-30-juillet-au-2-aout\/#article","isPartOf":{"@id":"https:\/\/kapitalis.com\/tunisie\/2020\/08\/03\/tunisie-quarante-deux-incendies-de-forets-du-30-juillet-au-2-aout\/"},"author":{"name":"Yusra NY","@id":"https:\/\/kapitalis.com\/tunisie\/#\/schema\/person\/74bbde0154d49d790a92aaeac5bc01d5"},"headline":"Tunisie : Quarante-deux incendies de for\u00eats en 4 jours","datePublished":"2020-08-03T20:13:51+00:00","dateModified":"2020-08-04T07:27:34+00:00","mainEntityOfPage":{"@id":"https:\/\/kapitalis.com\/tunisie\/2020\/08\/03\/tunisie-quarante-deux-incendies-de-forets-du-30-juillet-au-2-aout\/"},"wordCount":197,"commentCount":0,"publisher":{"@id":"https:\/\/kapitalis.com\/tunisie\/#organization"},"image":{"@id":"https:\/\/kapitalis.com\/tunisie\/2020\/08\/03\/tunisie-quarante-deux-incendies-de-forets-du-30-juillet-au-2-aout\/#primaryimage"},"thumbnailUrl":"","keywords":["arm\u00e9e","feu","for\u00eats","incendies","protection civile"],"articleSection":["SOCIETE","Tunisie"],"inLanguage":"fr-FR","potentialAction":[{"@type":"CommentAction","name":"Comment","target":["https:\/\/kapitalis.com\/tunisie\/2020\/08\/03\/tunisie-quarante-deux-incendies-de-forets-du-30-juillet-au-2-aout\/#respond"]}]},{"@type":"WebPage","@id":"https:\/\/kapitalis.com\/tunisie\/2020\/08\/03\/tunisie-quarante-deux-incendies-de-forets-du-30-juillet-au-2-aout\/","url":"https:\/\/kapitalis.com\/tunisie\/2020\/08\/03\/tunisie-quarante-deux-incendies-de-forets-du-30-juillet-au-2-aout\/","name":"Tunisie : Quarante-deux incendies de for\u00eats en 4 jours - Kapitalis","isPartOf":{"@id":"https:\/\/kapitalis.com\/tunisie\/#website"},"primaryImageOfPage":{"@id":"https:\/\/kapitalis.com\/tunisie\/2020\/08\/03\/tunisie-quarante-deux-incendies-de-forets-du-30-juillet-au-2-aout\/#primaryimage"},"image":{"@id":"https:\/\/kapitalis.com\/tunisie\/2020\/08\/03\/tunisie-quarante-deux-incendies-de-forets-du-30-juillet-au-2-aout\/#primaryimage"},"thumbnailUrl":"","datePublished":"2020-08-03T20:13:51+00:00","dateModified":"2020-08-04T07:27:34+00:00","breadcrumb":{"@id":"https:\/\/kapitalis.com\/tunisie\/2020\/08\/03\/tunisie-quarante-deux-incendies-de-forets-du-30-juillet-au-2-aout\/#breadcrumb"},"inLanguage":"fr-FR","potentialAction":[{"@type":"ReadAction","target":["https:\/\/kapitalis.com\/tunisie\/2020\/08\/03\/tunisie-quarante-deux-incendies-de-forets-du-30-juillet-au-2-aout\/"]}]},{"@type":"ImageObject","inLanguage":"fr-FR","@id":"https:\/\/kapitalis.com\/tunisie\/2020\/08\/03\/tunisie-quarante-deux-incendies-de-forets-du-30-juillet-au-2-aout\/#primaryimage","url":"","contentUrl":""},{"@type":"BreadcrumbList","@id":"https:\/\/kapitalis.com\/tunisie\/2020\/08\/03\/tunisie-quarante-deux-incendies-de-forets-du-30-juillet-au-2-aout\/#breadcrumb","itemListElement":[{"@type":"ListItem","position":1,"name":"Accueil","item":"https:\/\/kapitalis.com\/tunisie\/"},{"@type":"ListItem","position":2,"name":"Tunisie : Quarante-deux incendies de for\u00eats en 4 jours"}]},{"@type":"WebSite","@id":"https:\/\/kapitalis.com\/tunisie\/#website","url":"https:\/\/kapitalis.com\/tunisie\/","name":"Kapitalis","description":"L&#039;actualit\u00e9 en Tunisie et dans le monde","publisher":{"@id":"https:\/\/kapitalis.com\/tunisie\/#organization"},"potentialAction":[{"@type":"SearchAction","target":{"@type":"EntryPoint","urlTemplate":"https:\/\/kapitalis.com\/tunisie\/?s={search_term_string}"},"query-input":{"@type":"PropertyValueSpecification","valueRequired":true,"valueName":"search_term_string"}}],"inLanguage":"fr-FR"},{"@type":"Organization","@id":"https:\/\/kapitalis.com\/tunisie\/#organization","name":"Kapitalis","url":"https:\/\/kapitalis.com\/tunisie\/","logo":{"@type":"ImageObject","inLanguage":"fr-FR","@id":"https:\/\/kapitalis.com\/tunisie\/#\/schema\/logo\/image\/","url":"https:\/\/kapitalis.com\/tunisie\/wp-content\/uploads\/2022\/05\/Kapitalis-big-size.png","contentUrl":"https:\/\/kapitalis.com\/tunisie\/wp-content\/uploads\/2022\/05\/Kapitalis-big-size.png","width":5000,"height":1500,"caption":"Kapitalis"},"image":{"@id":"https:\/\/kapitalis.com\/tunisie\/#\/schema\/logo\/image\/"},"sameAs":["https:\/\/www.facebook.com\/KapitalisInfo\/","https:\/\/x.com\/KapitalisInfo","https:\/\/www.youtube.com\/channel\/UC-yDYrHyfFBWWZaOw3FPg9Q"]},{"@type":"Person","@id":"https:\/\/kapitalis.com\/tunisie\/#\/schema\/person\/74bbde0154d49d790a92aaeac5bc01d5","name":"Yusra NY","url":"https:\/\/kapitalis.com\/tunisie\/author\/yuza_adam\/"}]}},"_links":{"self":[{"href":"https:\/\/kapitalis.com\/tunisie\/wp-json\/wp\/v2\/posts\/310420","targetHints":{"allow":["GET"]}}],"collection":[{"href":"https:\/\/kapitalis.com\/tunisie\/wp-json\/wp\/v2\/posts"}],"about":[{"href":"https:\/\/kapitalis.com\/tunisie\/wp-json\/wp\/v2\/types\/post"}],"author":[{"embeddable":true,"href":"https:\/\/kapitalis.com\/tunisie\/wp-json\/wp\/v2\/users\/6"}],"replies":[{"embeddable":true,"href":"https:\/\/kapitalis.com\/tunisie\/wp-json\/wp\/v2\/comments?post=310420"}],"version-history":[{"count":0,"href":"https:\/\/kapitalis.com\/tunisie\/wp-json\/wp\/v2\/posts\/310420\/revisions"}],"wp:featuredmedia":[{"embeddable":true,"href":"https:\/\/kapitalis.com\/tunisie\/wp-json\/wp\/v2\/media\/310422"}],"wp:attachment":[{"href":"https:\/\/kapitalis.com\/tunisie\/wp-json\/wp\/v2\/media?parent=310420"}],"wp:term":[{"taxonomy":"category","embeddable":true,"href":"https:\/\/kapitalis.com\/tunisie\/wp-json\/wp\/v2\/categories?post=310420"},{"taxonomy":"post_tag","embeddable":true,"href":"https:\/\/kapitalis.com\/tunisie\/wp-json\/wp\/v2\/tags?post=310420"}],"curies":[{"name":"wp","href":"https:\/\/api.w.org\/{rel}","templated":true}]}}