{"id":310465,"date":"2020-08-04T10:17:06","date_gmt":"2020-08-04T09:17:06","guid":{"rendered":"http:\/\/kapitalis.com\/tunisie\/?p=310465"},"modified":"2020-08-04T10:22:52","modified_gmt":"2020-08-04T09:22:52","slug":"migrants-en-provenance-de-la-tunisie-lunion-europeenne-soutient-litalie","status":"publish","type":"post","link":"https:\/\/kapitalis.com\/tunisie\/2020\/08\/04\/migrants-en-provenance-de-la-tunisie-lunion-europeenne-soutient-litalie\/","title":{"rendered":"Migrants en provenance de la Tunisie : L\u2019Union europ\u00e9enne soutient l\u2019Italie"},"content":{"rendered":"\n<figure class=\"wp-block-image size-large\"><img decoding=\"async\" src=\"http:\/\/kapitalis.com\/tunisie\/wp-content\/uploads\/2020\/08\/Migrants-tunisiens-Italie.jpg\" alt=\"\" class=\"wp-image-310466\"\/><\/figure>\n\n\n\n<p><strong><em>Dans tweet a publi\u00e9 lundi 3 ao\u00fbt 2020, le Commissaire europ\u00e9en au Voisinage et \u00e0 l\u2019Elargissement, Oliver Varhelyi a parl\u00e9 de la gestion de la migration et du travail de l\u2019Union europ\u00e9enne (UE) avec ses voisins du Sud, et notamment la Tunisie.<\/em><\/strong><\/p>\n\n\n\n<!--more-->\n\n\n\n<p><em>\u00abL\u2019UE soutiendra l\u2019Italie et s\u2019inspirera de son exemple dans la r\u00e9daction d\u2019une liste de pays tiers s\u00fbrs. Les flux ill\u00e9gaux doivent cesser et nous comptons sur la coop\u00e9ration des autorit\u00e9s de la Tunisie, y compris sur les retours\u00bb<\/em>, a-t-il notamment \u00e9crit, laissant entendre que l\u2019intransigeance exprim\u00e9e la semaine derni\u00e8re par l\u2019Italie \u00e0 l\u2019\u00e9gard de la Tunisie, qui s\u2019est montr\u00e9e incapable de contenir les flux de migrants clandestins en provenance de ses c\u00f4tes et d\u00e9ferlant sur celles de l\u2019Italie, sera aussi exprim\u00e9e par les autres pays europ\u00e9ens.<\/p>\n\n\n\n<div class=\"wp-block-image\"><figure class=\"aligncenter size-large is-resized\"><img decoding=\"async\" src=\"http:\/\/kapitalis.com\/tunisie\/wp-content\/uploads\/2020\/08\/Tweet-de-Varhelyi.png\" alt=\"\" class=\"wp-image-310470\" width=\"500\"\/><\/figure><\/div>\n\n\n\n<p>Les clignotants rouges vont se multiplier et ne vont pas concerner seulement la question de la migration clandestine. Ils concerneront aussi les aides multiformes europ\u00e9ennes \u00e0 la Tunisie.<\/p>\n\n\n\n<p class=\"has-text-align-right\"><strong>I. B.<\/strong><\/p>\n\n\n\n<figure class=\"wp-block-embed-wordpress wp-block-embed is-type-wp-embed is-provider-kapitalis\"><div class=\"wp-block-embed__wrapper\">\n<blockquote class=\"wp-embedded-content\" data-secret=\"ZIVN3dAYUW\"><a href=\"https:\/\/kapitalis.com\/tunisie\/2020\/08\/03\/migration-clandestine-le-traitement-securitaire-actuel-est-insuffisant-selon-kais-saied\/\">Migration clandestine : Le traitement s\u00e9curitaire actuel est insuffisant, selon Ka\u00efs Sa\u00efed<\/a><\/blockquote><iframe loading=\"lazy\" class=\"wp-embedded-content\" sandbox=\"allow-scripts\" security=\"restricted\" style=\"position: absolute; clip: rect(1px, 1px, 1px, 1px);\" title=\"\u00ab\u00a0Migration clandestine : Le traitement s\u00e9curitaire actuel est insuffisant, selon Ka\u00efs Sa\u00efed\u00a0\u00bb &#8212; Kapitalis\" src=\"https:\/\/kapitalis.com\/tunisie\/2020\/08\/03\/migration-clandestine-le-traitement-securitaire-actuel-est-insuffisant-selon-kais-saied\/embed\/#?secret=nvRIOos5Ql#?secret=ZIVN3dAYUW\" data-secret=\"ZIVN3dAYUW\" width=\"600\" height=\"338\" frameborder=\"0\" marginwidth=\"0\" marginheight=\"0\" scrolling=\"no\"><\/iframe>\n<\/div><\/figure>\n\n\n\n<figure class=\"wp-block-embed-wordpress wp-block-embed is-type-wp-embed is-provider-kapitalis\"><div class=\"wp-block-embed__wrapper\">\n<blockquote class=\"wp-embedded-content\" data-secret=\"l3Ggp6sG2k\"><a href=\"https:\/\/kapitalis.com\/tunisie\/2020\/07\/31\/la-harga-est-de-retour\/\">La harga est de retour<\/a><\/blockquote><iframe loading=\"lazy\" class=\"wp-embedded-content\" sandbox=\"allow-scripts\" security=\"restricted\" style=\"position: absolute; clip: rect(1px, 1px, 1px, 1px);\" title=\"\u00ab\u00a0La harga est de retour\u00a0\u00bb &#8212; Kapitalis\" src=\"https:\/\/kapitalis.com\/tunisie\/2020\/07\/31\/la-harga-est-de-retour\/embed\/#?secret=KD41pitIBa#?secret=l3Ggp6sG2k\" data-secret=\"l3Ggp6sG2k\" width=\"600\" height=\"338\" frameborder=\"0\" marginwidth=\"0\" marginheight=\"0\" scrolling=\"no\"><\/iframe>\n<\/div><\/figure>\n","protected":false},"excerpt":{"rendered":"<p>Dans tweet a publi\u00e9 lundi 3 ao\u00fbt 2020, le Commissaire europ\u00e9en au Voisinage et \u00e0 l\u2019Elargissement, Oliver Varhelyi a parl\u00e9 de la gestion de la migration et du travail de l\u2019Union europ\u00e9enne (UE) avec ses voisins du Sud, et notamment la Tunisie.<\/p>\n","protected":false},"author":8,"featured_media":310466,"comment_status":"open","ping_status":"open","sticky":false,"template":"","format":"standard","meta":{"footnotes":""},"categories":[997,998,2433],"tags":[505,4132,2843,77114,937],"class_list":["post-310465","post","type-post","status-publish","format-standard","has-post-thumbnail","hentry","category-politique","category-societe","category-tunisie","tag-italie","tag-migrants-clandestins","tag-migration-clandestine","tag-oliver-varhelyi","tag-union-europeenne"],"yoast_head":"<!-- This site is optimized with the Yoast SEO plugin v26.6 - https:\/\/yoast.com\/wordpress\/plugins\/seo\/ -->\n<title>Migrants en provenance de la Tunisie : L\u2019Union europ\u00e9enne soutient l\u2019Italie - Kapitalis<\/title>\n<meta name=\"robots\" content=\"index, follow, max-snippet:-1, max-image-preview:large, max-video-preview:-1\" \/>\n<link rel=\"canonical\" href=\"https:\/\/kapitalis.com\/tunisie\/2020\/08\/04\/migrants-en-provenance-de-la-tunisie-lunion-europeenne-soutient-litalie\/\" \/>\n<meta property=\"og:locale\" content=\"fr_FR\" \/>\n<meta property=\"og:type\" content=\"article\" \/>\n<meta property=\"og:title\" content=\"Migrants en provenance de la Tunisie : L\u2019Union europ\u00e9enne soutient l\u2019Italie - Kapitalis\" \/>\n<meta property=\"og:description\" content=\"Dans tweet a publi\u00e9 lundi 3 ao\u00fbt 2020, le Commissaire europ\u00e9en au Voisinage et \u00e0 l\u2019Elargissement, Oliver Varhelyi a parl\u00e9 de la gestion de la migration et du travail de l\u2019Union europ\u00e9enne (UE) avec ses voisins du Sud, et notamment la Tunisie.\" \/>\n<meta property=\"og:url\" content=\"https:\/\/kapitalis.com\/tunisie\/2020\/08\/04\/migrants-en-provenance-de-la-tunisie-lunion-europeenne-soutient-litalie\/\" \/>\n<meta property=\"og:site_name\" content=\"Kapitalis\" \/>\n<meta property=\"article:publisher\" content=\"https:\/\/www.facebook.com\/KapitalisInfo\/\" \/>\n<meta property=\"article:published_time\" content=\"2020-08-04T09:17:06+00:00\" \/>\n<meta property=\"article:modified_time\" content=\"2020-08-04T09:22:52+00:00\" \/>\n<meta property=\"og:image\" content=\"https:\/\/kapitalis.com\/tunisie\/wp-content\/uploads\/2022\/05\/kapitalis-logo-fb.png\" \/>\n\t<meta property=\"og:image:width\" content=\"1200\" \/>\n\t<meta property=\"og:image:height\" content=\"630\" \/>\n\t<meta property=\"og:image:type\" content=\"image\/png\" \/>\n<meta name=\"author\" content=\"webmaster kapitalis\" \/>\n<meta name=\"twitter:card\" content=\"summary_large_image\" \/>\n<meta name=\"twitter:creator\" content=\"@KapitalisInfo\" \/>\n<meta name=\"twitter:site\" content=\"@KapitalisInfo\" \/>\n<meta name=\"twitter:label1\" content=\"\u00c9crit par\" \/>\n\t<meta name=\"twitter:data1\" content=\"webmaster kapitalis\" \/>\n\t<meta name=\"twitter:label2\" content=\"Dur\u00e9e de lecture estim\u00e9e\" \/>\n\t<meta name=\"twitter:data2\" content=\"1 minute\" \/>\n<script type=\"application\/ld+json\" class=\"yoast-schema-graph\">{\"@context\":\"https:\/\/schema.org\",\"@graph\":[{\"@type\":\"Article\",\"@id\":\"https:\/\/kapitalis.com\/tunisie\/2020\/08\/04\/migrants-en-provenance-de-la-tunisie-lunion-europeenne-soutient-litalie\/#article\",\"isPartOf\":{\"@id\":\"https:\/\/kapitalis.com\/tunisie\/2020\/08\/04\/migrants-en-provenance-de-la-tunisie-lunion-europeenne-soutient-litalie\/\"},\"author\":{\"name\":\"webmaster kapitalis\",\"@id\":\"https:\/\/kapitalis.com\/tunisie\/#\/schema\/person\/d71f33a9ca44f7bad4698210b480c8e9\"},\"headline\":\"Migrants en provenance de la Tunisie : L\u2019Union europ\u00e9enne soutient l\u2019Italie\",\"datePublished\":\"2020-08-04T09:17:06+00:00\",\"dateModified\":\"2020-08-04T09:22:52+00:00\",\"mainEntityOfPage\":{\"@id\":\"https:\/\/kapitalis.com\/tunisie\/2020\/08\/04\/migrants-en-provenance-de-la-tunisie-lunion-europeenne-soutient-litalie\/\"},\"wordCount\":203,\"commentCount\":11,\"publisher\":{\"@id\":\"https:\/\/kapitalis.com\/tunisie\/#organization\"},\"image\":{\"@id\":\"https:\/\/kapitalis.com\/tunisie\/2020\/08\/04\/migrants-en-provenance-de-la-tunisie-lunion-europeenne-soutient-litalie\/#primaryimage\"},\"thumbnailUrl\":\"\",\"keywords\":[\"Italie\",\"migrants clandestins\",\"migration clandestine\",\"Oliver Varhelyi\",\"Union europ\u00e9enne\"],\"articleSection\":[\"POLITIQUE\",\"SOCIETE\",\"Tunisie\"],\"inLanguage\":\"fr-FR\",\"potentialAction\":[{\"@type\":\"CommentAction\",\"name\":\"Comment\",\"target\":[\"https:\/\/kapitalis.com\/tunisie\/2020\/08\/04\/migrants-en-provenance-de-la-tunisie-lunion-europeenne-soutient-litalie\/#respond\"]}]},{\"@type\":\"WebPage\",\"@id\":\"https:\/\/kapitalis.com\/tunisie\/2020\/08\/04\/migrants-en-provenance-de-la-tunisie-lunion-europeenne-soutient-litalie\/\",\"url\":\"https:\/\/kapitalis.com\/tunisie\/2020\/08\/04\/migrants-en-provenance-de-la-tunisie-lunion-europeenne-soutient-litalie\/\",\"name\":\"Migrants en provenance de la Tunisie : L\u2019Union europ\u00e9enne soutient l\u2019Italie - Kapitalis\",\"isPartOf\":{\"@id\":\"https:\/\/kapitalis.com\/tunisie\/#website\"},\"primaryImageOfPage\":{\"@id\":\"https:\/\/kapitalis.com\/tunisie\/2020\/08\/04\/migrants-en-provenance-de-la-tunisie-lunion-europeenne-soutient-litalie\/#primaryimage\"},\"image\":{\"@id\":\"https:\/\/kapitalis.com\/tunisie\/2020\/08\/04\/migrants-en-provenance-de-la-tunisie-lunion-europeenne-soutient-litalie\/#primaryimage\"},\"thumbnailUrl\":\"\",\"datePublished\":\"2020-08-04T09:17:06+00:00\",\"dateModified\":\"2020-08-04T09:22:52+00:00\",\"breadcrumb\":{\"@id\":\"https:\/\/kapitalis.com\/tunisie\/2020\/08\/04\/migrants-en-provenance-de-la-tunisie-lunion-europeenne-soutient-litalie\/#breadcrumb\"},\"inLanguage\":\"fr-FR\",\"potentialAction\":[{\"@type\":\"ReadAction\",\"target\":[\"https:\/\/kapitalis.com\/tunisie\/2020\/08\/04\/migrants-en-provenance-de-la-tunisie-lunion-europeenne-soutient-litalie\/\"]}]},{\"@type\":\"ImageObject\",\"inLanguage\":\"fr-FR\",\"@id\":\"https:\/\/kapitalis.com\/tunisie\/2020\/08\/04\/migrants-en-provenance-de-la-tunisie-lunion-europeenne-soutient-litalie\/#primaryimage\",\"url\":\"\",\"contentUrl\":\"\"},{\"@type\":\"BreadcrumbList\",\"@id\":\"https:\/\/kapitalis.com\/tunisie\/2020\/08\/04\/migrants-en-provenance-de-la-tunisie-lunion-europeenne-soutient-litalie\/#breadcrumb\",\"itemListElement\":[{\"@type\":\"ListItem\",\"position\":1,\"name\":\"Accueil\",\"item\":\"https:\/\/kapitalis.com\/tunisie\/\"},{\"@type\":\"ListItem\",\"position\":2,\"name\":\"Migrants en provenance de la Tunisie : L\u2019Union europ\u00e9enne soutient l\u2019Italie\"}]},{\"@type\":\"WebSite\",\"@id\":\"https:\/\/kapitalis.com\/tunisie\/#website\",\"url\":\"https:\/\/kapitalis.com\/tunisie\/\",\"name\":\"Kapitalis\",\"description\":\"L&#039;actualit\u00e9 en Tunisie et dans le monde\",\"publisher\":{\"@id\":\"https:\/\/kapitalis.com\/tunisie\/#organization\"},\"potentialAction\":[{\"@type\":\"SearchAction\",\"target\":{\"@type\":\"EntryPoint\",\"urlTemplate\":\"https:\/\/kapitalis.com\/tunisie\/?s={search_term_string}\"},\"query-input\":{\"@type\":\"PropertyValueSpecification\",\"valueRequired\":true,\"valueName\":\"search_term_string\"}}],\"inLanguage\":\"fr-FR\"},{\"@type\":\"Organization\",\"@id\":\"https:\/\/kapitalis.com\/tunisie\/#organization\",\"name\":\"Kapitalis\",\"url\":\"https:\/\/kapitalis.com\/tunisie\/\",\"logo\":{\"@type\":\"ImageObject\",\"inLanguage\":\"fr-FR\",\"@id\":\"https:\/\/kapitalis.com\/tunisie\/#\/schema\/logo\/image\/\",\"url\":\"https:\/\/kapitalis.com\/tunisie\/wp-content\/uploads\/2022\/05\/Kapitalis-big-size.png\",\"contentUrl\":\"https:\/\/kapitalis.com\/tunisie\/wp-content\/uploads\/2022\/05\/Kapitalis-big-size.png\",\"width\":5000,\"height\":1500,\"caption\":\"Kapitalis\"},\"image\":{\"@id\":\"https:\/\/kapitalis.com\/tunisie\/#\/schema\/logo\/image\/\"},\"sameAs\":[\"https:\/\/www.facebook.com\/KapitalisInfo\/\",\"https:\/\/x.com\/KapitalisInfo\",\"https:\/\/www.youtube.com\/channel\/UC-yDYrHyfFBWWZaOw3FPg9Q\"]},{\"@type\":\"Person\",\"@id\":\"https:\/\/kapitalis.com\/tunisie\/#\/schema\/person\/d71f33a9ca44f7bad4698210b480c8e9\",\"name\":\"webmaster kapitalis\",\"url\":\"https:\/\/kapitalis.com\/tunisie\/author\/webmaster-kapitalis\/\"}]}<\/script>\n<!-- \/ Yoast SEO plugin. -->","yoast_head_json":{"title":"Migrants en provenance de la Tunisie : L\u2019Union europ\u00e9enne soutient l\u2019Italie - Kapitalis","robots":{"index":"index","follow":"follow","max-snippet":"max-snippet:-1","max-image-preview":"max-image-preview:large","max-video-preview":"max-video-preview:-1"},"canonical":"https:\/\/kapitalis.com\/tunisie\/2020\/08\/04\/migrants-en-provenance-de-la-tunisie-lunion-europeenne-soutient-litalie\/","og_locale":"fr_FR","og_type":"article","og_title":"Migrants en provenance de la Tunisie : L\u2019Union europ\u00e9enne soutient l\u2019Italie - Kapitalis","og_description":"Dans tweet a publi\u00e9 lundi 3 ao\u00fbt 2020, le Commissaire europ\u00e9en au Voisinage et \u00e0 l\u2019Elargissement, Oliver Varhelyi a parl\u00e9 de la gestion de la migration et du travail de l\u2019Union europ\u00e9enne (UE) avec ses voisins du Sud, et notamment la Tunisie.","og_url":"https:\/\/kapitalis.com\/tunisie\/2020\/08\/04\/migrants-en-provenance-de-la-tunisie-lunion-europeenne-soutient-litalie\/","og_site_name":"Kapitalis","article_publisher":"https:\/\/www.facebook.com\/KapitalisInfo\/","article_published_time":"2020-08-04T09:17:06+00:00","article_modified_time":"2020-08-04T09:22:52+00:00","og_image":[{"width":1200,"height":630,"url":"https:\/\/kapitalis.com\/tunisie\/wp-content\/uploads\/2022\/05\/kapitalis-logo-fb.png","type":"image\/png"}],"author":"webmaster kapitalis","twitter_card":"summary_large_image","twitter_creator":"@KapitalisInfo","twitter_site":"@KapitalisInfo","twitter_misc":{"\u00c9crit par":"webmaster kapitalis","Dur\u00e9e de lecture estim\u00e9e":"1 minute"},"schema":{"@context":"https:\/\/schema.org","@graph":[{"@type":"Article","@id":"https:\/\/kapitalis.com\/tunisie\/2020\/08\/04\/migrants-en-provenance-de-la-tunisie-lunion-europeenne-soutient-litalie\/#article","isPartOf":{"@id":"https:\/\/kapitalis.com\/tunisie\/2020\/08\/04\/migrants-en-provenance-de-la-tunisie-lunion-europeenne-soutient-litalie\/"},"author":{"name":"webmaster kapitalis","@id":"https:\/\/kapitalis.com\/tunisie\/#\/schema\/person\/d71f33a9ca44f7bad4698210b480c8e9"},"headline":"Migrants en provenance de la Tunisie : L\u2019Union europ\u00e9enne soutient l\u2019Italie","datePublished":"2020-08-04T09:17:06+00:00","dateModified":"2020-08-04T09:22:52+00:00","mainEntityOfPage":{"@id":"https:\/\/kapitalis.com\/tunisie\/2020\/08\/04\/migrants-en-provenance-de-la-tunisie-lunion-europeenne-soutient-litalie\/"},"wordCount":203,"commentCount":11,"publisher":{"@id":"https:\/\/kapitalis.com\/tunisie\/#organization"},"image":{"@id":"https:\/\/kapitalis.com\/tunisie\/2020\/08\/04\/migrants-en-provenance-de-la-tunisie-lunion-europeenne-soutient-litalie\/#primaryimage"},"thumbnailUrl":"","keywords":["Italie","migrants clandestins","migration clandestine","Oliver Varhelyi","Union europ\u00e9enne"],"articleSection":["POLITIQUE","SOCIETE","Tunisie"],"inLanguage":"fr-FR","potentialAction":[{"@type":"CommentAction","name":"Comment","target":["https:\/\/kapitalis.com\/tunisie\/2020\/08\/04\/migrants-en-provenance-de-la-tunisie-lunion-europeenne-soutient-litalie\/#respond"]}]},{"@type":"WebPage","@id":"https:\/\/kapitalis.com\/tunisie\/2020\/08\/04\/migrants-en-provenance-de-la-tunisie-lunion-europeenne-soutient-litalie\/","url":"https:\/\/kapitalis.com\/tunisie\/2020\/08\/04\/migrants-en-provenance-de-la-tunisie-lunion-europeenne-soutient-litalie\/","name":"Migrants en provenance de la Tunisie : L\u2019Union europ\u00e9enne soutient l\u2019Italie - Kapitalis","isPartOf":{"@id":"https:\/\/kapitalis.com\/tunisie\/#website"},"primaryImageOfPage":{"@id":"https:\/\/kapitalis.com\/tunisie\/2020\/08\/04\/migrants-en-provenance-de-la-tunisie-lunion-europeenne-soutient-litalie\/#primaryimage"},"image":{"@id":"https:\/\/kapitalis.com\/tunisie\/2020\/08\/04\/migrants-en-provenance-de-la-tunisie-lunion-europeenne-soutient-litalie\/#primaryimage"},"thumbnailUrl":"","datePublished":"2020-08-04T09:17:06+00:00","dateModified":"2020-08-04T09:22:52+00:00","breadcrumb":{"@id":"https:\/\/kapitalis.com\/tunisie\/2020\/08\/04\/migrants-en-provenance-de-la-tunisie-lunion-europeenne-soutient-litalie\/#breadcrumb"},"inLanguage":"fr-FR","potentialAction":[{"@type":"ReadAction","target":["https:\/\/kapitalis.com\/tunisie\/2020\/08\/04\/migrants-en-provenance-de-la-tunisie-lunion-europeenne-soutient-litalie\/"]}]},{"@type":"ImageObject","inLanguage":"fr-FR","@id":"https:\/\/kapitalis.com\/tunisie\/2020\/08\/04\/migrants-en-provenance-de-la-tunisie-lunion-europeenne-soutient-litalie\/#primaryimage","url":"","contentUrl":""},{"@type":"BreadcrumbList","@id":"https:\/\/kapitalis.com\/tunisie\/2020\/08\/04\/migrants-en-provenance-de-la-tunisie-lunion-europeenne-soutient-litalie\/#breadcrumb","itemListElement":[{"@type":"ListItem","position":1,"name":"Accueil","item":"https:\/\/kapitalis.com\/tunisie\/"},{"@type":"ListItem","position":2,"name":"Migrants en provenance de la Tunisie : L\u2019Union europ\u00e9enne soutient l\u2019Italie"}]},{"@type":"WebSite","@id":"https:\/\/kapitalis.com\/tunisie\/#website","url":"https:\/\/kapitalis.com\/tunisie\/","name":"Kapitalis","description":"L&#039;actualit\u00e9 en Tunisie et dans le monde","publisher":{"@id":"https:\/\/kapitalis.com\/tunisie\/#organization"},"potentialAction":[{"@type":"SearchAction","target":{"@type":"EntryPoint","urlTemplate":"https:\/\/kapitalis.com\/tunisie\/?s={search_term_string}"},"query-input":{"@type":"PropertyValueSpecification","valueRequired":true,"valueName":"search_term_string"}}],"inLanguage":"fr-FR"},{"@type":"Organization","@id":"https:\/\/kapitalis.com\/tunisie\/#organization","name":"Kapitalis","url":"https:\/\/kapitalis.com\/tunisie\/","logo":{"@type":"ImageObject","inLanguage":"fr-FR","@id":"https:\/\/kapitalis.com\/tunisie\/#\/schema\/logo\/image\/","url":"https:\/\/kapitalis.com\/tunisie\/wp-content\/uploads\/2022\/05\/Kapitalis-big-size.png","contentUrl":"https:\/\/kapitalis.com\/tunisie\/wp-content\/uploads\/2022\/05\/Kapitalis-big-size.png","width":5000,"height":1500,"caption":"Kapitalis"},"image":{"@id":"https:\/\/kapitalis.com\/tunisie\/#\/schema\/logo\/image\/"},"sameAs":["https:\/\/www.facebook.com\/KapitalisInfo\/","https:\/\/x.com\/KapitalisInfo","https:\/\/www.youtube.com\/channel\/UC-yDYrHyfFBWWZaOw3FPg9Q"]},{"@type":"Person","@id":"https:\/\/kapitalis.com\/tunisie\/#\/schema\/person\/d71f33a9ca44f7bad4698210b480c8e9","name":"webmaster kapitalis","url":"https:\/\/kapitalis.com\/tunisie\/author\/webmaster-kapitalis\/"}]}},"_links":{"self":[{"href":"https:\/\/kapitalis.com\/tunisie\/wp-json\/wp\/v2\/posts\/310465","targetHints":{"allow":["GET"]}}],"collection":[{"href":"https:\/\/kapitalis.com\/tunisie\/wp-json\/wp\/v2\/posts"}],"about":[{"href":"https:\/\/kapitalis.com\/tunisie\/wp-json\/wp\/v2\/types\/post"}],"author":[{"embeddable":true,"href":"https:\/\/kapitalis.com\/tunisie\/wp-json\/wp\/v2\/users\/8"}],"replies":[{"embeddable":true,"href":"https:\/\/kapitalis.com\/tunisie\/wp-json\/wp\/v2\/comments?post=310465"}],"version-history":[{"count":0,"href":"https:\/\/kapitalis.com\/tunisie\/wp-json\/wp\/v2\/posts\/310465\/revisions"}],"wp:featuredmedia":[{"embeddable":true,"href":"https:\/\/kapitalis.com\/tunisie\/wp-json\/wp\/v2\/media\/310466"}],"wp:attachment":[{"href":"https:\/\/kapitalis.com\/tunisie\/wp-json\/wp\/v2\/media?parent=310465"}],"wp:term":[{"taxonomy":"category","embeddable":true,"href":"https:\/\/kapitalis.com\/tunisie\/wp-json\/wp\/v2\/categories?post=310465"},{"taxonomy":"post_tag","embeddable":true,"href":"https:\/\/kapitalis.com\/tunisie\/wp-json\/wp\/v2\/tags?post=310465"}],"curies":[{"name":"wp","href":"https:\/\/api.w.org\/{rel}","templated":true}]}}