{"id":3105869,"date":"2022-08-15T10:22:06","date_gmt":"2022-08-15T09:22:06","guid":{"rendered":"https:\/\/kapitalis.com\/tunisie\/?p=3105869"},"modified":"2022-08-16T06:46:32","modified_gmt":"2022-08-16T05:46:32","slug":"tunisie-quel-role-pour-mme-saied-dans-la-nouvelle-republique","status":"publish","type":"post","link":"https:\/\/kapitalis.com\/tunisie\/2022\/08\/15\/tunisie-quel-role-pour-mme-saied-dans-la-nouvelle-republique\/","title":{"rendered":"Tunisie : Quel r\u00f4le pour Mme Sa\u00efed dans la \u00abnouvelle r\u00e9publique\u00bb ?"},"content":{"rendered":"\n<p><strong><em>Achraf Chebil Sa\u00efed, l\u2019\u00e9pouse du pr\u00e9sident de la r\u00e9publique Ka\u00efs Sa\u00efed, \u00e9tait jusque-l\u00e0 tr\u00e8s discr\u00e8te et presque effac\u00e9e, et ses apparitions officielles se comptaient sur les doigts d\u2019une seule main. On ne s\u2019\u00e9tonnera pas, d\u00e8s lors, que le discours officiel qu\u2019elle a prononc\u00e9, le 13 ao\u00fbt 2022, dans le cadre de la c\u00e9l\u00e9bration officielle de la f\u00eate nationale de la femme, ait suscit\u00e9 tant d\u2019interrogations.<\/em><\/strong><\/p>\n\n\n\n<p>Par<strong> Ridha Kefi<\/strong><\/p>\n\n\n\n<!--more-->\n\n\n<div class=\"wp-block-image\">\n<figure class=\"alignleft size-full\"><img decoding=\"async\" src=\"http:\/\/kapitalis.com\/tunisie\/wp-content\/uploads\/2019\/03\/Ridha-Kefi.jpg\" alt=\"\" class=\"wp-image-203122\"\/><\/figure>\n<\/div>\n\n\n<p>Ces interrogations sont d\u2019autant plus l\u00e9gitimes que, jusqu\u2019ici, la c\u00e9r\u00e9monie officielle de c\u00e9l\u00e9bration de la f\u00eate nationale de la femme se tenait au palais de Carthage, \u00e9tait pr\u00e9sid\u00e9e par le pr\u00e9sident de la r\u00e9publique et offrait l\u2019occasion d\u2019un bilan politique des avanc\u00e9es dans le domaine des droits de la femme.<\/p>\n\n\n\n<p>Tous les pr\u00e9sidents qui se sont succ\u00e9d\u00e9 depuis l\u2019ind\u00e9pendance du pays en 1956 ont respect\u00e9 cette tradition politique. Pourquoi M. Sa\u00efed la transgresse-t-il aujourd\u2019hui, et quel message a-t-il voulu envoyer, ce faisant, aux femmes, lui, le plus conservateur de tous les pr\u00e9sidents qu\u2019a connus la Tunisie, et qui a solennellement exprim\u00e9 son opposition cat\u00e9gorique \u00e0 l\u2019\u00e9galit\u00e9 totale entre les deux sexes, parce que cela est en contradiction avec le texte de l\u2019islam, comme il l\u2019a justifi\u00e9?<\/p>\n\n\n\n<h2 class=\"wp-block-heading\">Les femmes craignent pour leurs acquis<\/h2>\n\n\n\n<p>M. Sa\u00efed sait que, selon les sondages, les femmes ont repr\u00e9sent\u00e9 \u00e0 peine 6% de l\u2019ensemble des \u00e9lecteurs ayant vot\u00e9 pour <em>\u00absa\u00bb<\/em> nouvelle constitution lors du r\u00e9f\u00e9rendum du 25 juillet dernier. A-t-il voulu leur dire, \u00e0 cette occasion, qu\u2019il a compris leur message et que, par cons\u00e9quent ou pour les punir, il va continuer \u00e0 d\u00e9tricoter les acquis que leur ont conc\u00e9d\u00e9s tous ses pr\u00e9d\u00e9cesseurs&nbsp;? &nbsp;&nbsp;&nbsp;&nbsp;&nbsp;<\/p>\n\n\n\n<figure class=\"wp-block-embed is-type-wp-embed is-provider-kapitalis wp-block-embed-kapitalis\"><div class=\"wp-block-embed__wrapper\">\n<blockquote class=\"wp-embedded-content\" data-secret=\"XFBZ7LlkgG\"><a href=\"https:\/\/kapitalis.com\/tunisie\/2022\/06\/24\/tunisie-quelle-place-pour-les-femmes-dans-la-republique-de-kais-saied\/\">Tunisie\u00a0: Quelle place pour les femmes dans la \u00abr\u00e9publique\u00bb de Ka\u00efs Sa\u00efed\u00a0?<\/a><\/blockquote><iframe loading=\"lazy\" class=\"wp-embedded-content\" sandbox=\"allow-scripts\" security=\"restricted\" style=\"position: absolute; clip: rect(1px, 1px, 1px, 1px);\" title=\"\u00ab\u00a0Tunisie\u00a0: Quelle place pour les femmes dans la \u00abr\u00e9publique\u00bb de Ka\u00efs Sa\u00efed\u00a0?\u00a0\u00bb &#8212; Kapitalis\" src=\"https:\/\/kapitalis.com\/tunisie\/2022\/06\/24\/tunisie-quelle-place-pour-les-femmes-dans-la-republique-de-kais-saied\/embed\/#?secret=2rV3bSQNTd#?secret=XFBZ7LlkgG\" data-secret=\"XFBZ7LlkgG\" width=\"600\" height=\"338\" frameborder=\"0\" marginwidth=\"0\" marginheight=\"0\" scrolling=\"no\"><\/iframe>\n<\/div><\/figure>\n\n\n\n<p>Le protocole de la c\u00e9r\u00e9monie, qui s\u2019est d\u00e9roul\u00e9e dans la cour du lyc\u00e9e des jeunes filles de la rue du Pacha, dans la m\u00e9dina de Tunis (autre innovation inexpliqu\u00e9e), suscite lui aussi des interrogations.<\/p>\n\n\n\n<p>A quel titre, en effet, Mme Sa\u00efed a-t-elle pris la parole, qui plus est, pour <em>\u00abfaire de la politique\u00bb<\/em>, en soulignant notamment les acquis obtenus par les femmes gr\u00e2ce \u00e0 la constitution de la nouvelle r\u00e9publique que son auguste mari avait fait voter trois semaines auparavant, <em>\u00abacquis\u00bb<\/em> que du reste elle seule semble avoir vus&nbsp;?<\/p>\n\n\n\n<p>Le statut d\u2019\u00e9pouse du chef de l\u2019Etat donne-t-il la pr\u00e9s\u00e9ance \u00e0 Mme Sa\u00efed sur la cheffe du gouvernement Najla Bouden dans l\u2019ordre protocolaire suivi lors de la c\u00e9r\u00e9monie&nbsp;officielle ? Pendant toute la c\u00e9r\u00e9monie, celle-ci \u00e9tait dans ses petits souliers et s\u2019effa\u00e7ait autant qu\u2019elle le pouvait \u2013 et dans cet exercice d\u2019auto-effacement, la professeure de g\u00e9ologie bombard\u00e9e cheffe de gouvernement a toujours brill\u00e9 \u2013 pour laisser toute la lumi\u00e8re \u00e0 celle qui est cens\u00e9e n\u2019\u00eatre <em>\u00abque\u00bb<\/em> Mme Sa\u00efed. &nbsp;&nbsp;<\/p>\n\n\n\n<h2 class=\"wp-block-heading\">Chat \u00e9chaud\u00e9 craint le froid<\/h2>\n\n\n\n<p>On ne sait pas quelles sont les motivations qui ont pouss\u00e9 M. Sa\u00efed \u00e0 bouder la c\u00e9r\u00e9monie officielle de c\u00e9l\u00e9bration de la f\u00eate nationale de femme, mais on est s\u00fbr qu\u2019elles ne sont pas <em>\u00abf\u00e9ministes\u00bb<\/em>, loin s\u2019en faut.<\/p>\n\n\n\n<figure class=\"wp-block-embed is-type-wp-embed is-provider-kapitalis wp-block-embed-kapitalis\"><div class=\"wp-block-embed__wrapper\">\n<blockquote class=\"wp-embedded-content\" data-secret=\"WNHomzK7Ds\"><a href=\"https:\/\/kapitalis.com\/tunisie\/2020\/08\/13\/fete-nationale-de-la-femme-le-president-saied-sexprime-sur-legalite-successorale\/\">F\u00eate nationale de la Femme : Le pr\u00e9sident Sa\u00efed s&rsquo;exprime sur l&rsquo;\u00e9galit\u00e9 successorale<\/a><\/blockquote><iframe loading=\"lazy\" class=\"wp-embedded-content\" sandbox=\"allow-scripts\" security=\"restricted\" style=\"position: absolute; clip: rect(1px, 1px, 1px, 1px);\" title=\"\u00ab\u00a0F\u00eate nationale de la Femme : Le pr\u00e9sident Sa\u00efed s&rsquo;exprime sur l&rsquo;\u00e9galit\u00e9 successorale\u00a0\u00bb &#8212; Kapitalis\" src=\"https:\/\/kapitalis.com\/tunisie\/2020\/08\/13\/fete-nationale-de-la-femme-le-president-saied-sexprime-sur-legalite-successorale\/embed\/#?secret=S8yOa4JOQQ#?secret=WNHomzK7Ds\" data-secret=\"WNHomzK7Ds\" width=\"600\" height=\"338\" frameborder=\"0\" marginwidth=\"0\" marginheight=\"0\" scrolling=\"no\"><\/iframe>\n<\/div><\/figure>\n\n\n\n<p>Le pr\u00e9sident de la r\u00e9publique, qui ne cesse de diviser les Tunisien(ne)s et de les opposer les un(e)s aux autres, a pr\u00e9f\u00e9r\u00e9 nous rejouer, le 13 ao\u00fbt, son ennuyeux num\u00e9ro de visite aux femmes poti\u00e8res du Hay Helal, quartier pauvre situ\u00e9 \u00e0 la lisi\u00e8re ouest de Tunis, comme pour dire aux militantes f\u00e9ministes, trop intellectuelles et trop bourgeoises \u00e0 son go\u00fbt, qu\u2019il a horreur de leur compagnie \u00e0 laquelle il pr\u00e9f\u00e8re celle des femmes du peuple, ce peuple dont il se r\u00e9clame tapageusement et qui attend toujours la prosp\u00e9rit\u00e9 qu\u2019il lui avait promise et qu\u2019il croit pouvoir amener \u00e0 coups de textes de lois, aussi inutiles qu\u2019inapplicables et ne r\u00e9pondant \u00e0 aucune n\u00e9cessit\u00e9 ni \u00e0 aucune urgence populaires.<\/p>\n\n\n\n<p>Sur un autre plan, on ne conna\u00eet pas Mme Sa\u00efed. On ne sait pas si la magistrate qui exerce toujours au sein de l\u2019administration judiciaire a une quelconque influence sur les d\u00e9cisions de son \u00e9poux, notamment en ce qui concerne la justice. Mais les Tunisiens, qui gardent encore en m\u00e9moire le r\u00f4le invasif de Wassila Bourguiba et Leila Ben Ali dans la gestion des affaires publiques de leur pays dans les ann\u00e9es 1970-1980 pour la premi\u00e8re et les ann\u00e9es 1990-2010 pour la seconde, sont en droit d\u2019appr\u00e9hender cette brusque mise des projecteurs sur Achraf Sa\u00efed, au moment o\u00f9 <em>\u00abMonsieur Fr\u00e8re\u00bb<\/em>, Naoufel Sa\u00efed, semble avoir une influence certaine dans l&rsquo;entourage pr\u00e9sidentiel. Ou comme dit l\u2019adage, <em>\u00abChat \u00e9caud\u00e9 craint l&rsquo;eau froide\u00bb<\/em>. <\/p>\n","protected":false},"excerpt":{"rendered":"<p>Le discours officiel prononc\u00e9 par Achraf Chebil Sa\u00efed, le 13 ao\u00fbt 2022, dans le cadre de la c\u00e9l\u00e9bration officielle de la f\u00eate nationale de la femme, continue de susciter  des interrogations.<\/p>\n","protected":false},"author":8,"featured_media":3106481,"comment_status":"open","ping_status":"open","sticky":false,"template":"","format":"standard","meta":{"footnotes":""},"categories":[992,997,2433],"tags":[102056,4476,76012,6390,93702,82600,84371,62643,14959],"class_list":["post-3105869","post","type-post","status-publish","format-standard","has-post-thumbnail","hentry","category-a-la-une","category-politique","category-tunisie","tag-achraf-chebil","tag-fete-de-la-femme","tag-kais-saied-2","tag-leila-ben-ali","tag-najla-bouden","tag-naoufel-saied-2","tag-ridha-kefi","tag-tunisie","tag-wassila-bourguiba"],"yoast_head":"<!-- This site is optimized with the Yoast SEO plugin v26.6 - https:\/\/yoast.com\/wordpress\/plugins\/seo\/ -->\n<title>Tunisie : Quel r\u00f4le pour Mme Sa\u00efed dans la \u00abnouvelle r\u00e9publique\u00bb ? - Kapitalis<\/title>\n<meta name=\"robots\" content=\"index, follow, max-snippet:-1, max-image-preview:large, max-video-preview:-1\" \/>\n<link rel=\"canonical\" href=\"https:\/\/kapitalis.com\/tunisie\/2022\/08\/15\/tunisie-quel-role-pour-mme-saied-dans-la-nouvelle-republique\/\" \/>\n<meta property=\"og:locale\" content=\"fr_FR\" \/>\n<meta property=\"og:type\" content=\"article\" \/>\n<meta property=\"og:title\" content=\"Tunisie : Quel r\u00f4le pour Mme Sa\u00efed dans la \u00abnouvelle r\u00e9publique\u00bb ? - Kapitalis\" \/>\n<meta property=\"og:description\" content=\"Le discours officiel prononc\u00e9 par Achraf Chebil Sa\u00efed, le 13 ao\u00fbt 2022, dans le cadre de la c\u00e9l\u00e9bration officielle de la f\u00eate nationale de la femme, continue de susciter des interrogations.\" \/>\n<meta property=\"og:url\" content=\"https:\/\/kapitalis.com\/tunisie\/2022\/08\/15\/tunisie-quel-role-pour-mme-saied-dans-la-nouvelle-republique\/\" \/>\n<meta property=\"og:site_name\" content=\"Kapitalis\" \/>\n<meta property=\"article:publisher\" content=\"https:\/\/www.facebook.com\/KapitalisInfo\/\" \/>\n<meta property=\"article:published_time\" content=\"2022-08-15T09:22:06+00:00\" \/>\n<meta property=\"article:modified_time\" content=\"2022-08-16T05:46:32+00:00\" \/>\n<meta property=\"og:image\" content=\"https:\/\/kapitalis.com\/tunisie\/wp-content\/uploads\/2022\/08\/Achraf-Chebil-Najla-Bouden.jpg\" \/>\n\t<meta property=\"og:image:width\" content=\"1200\" \/>\n\t<meta property=\"og:image:height\" content=\"630\" \/>\n\t<meta property=\"og:image:type\" content=\"image\/jpeg\" \/>\n<meta name=\"author\" content=\"webmaster kapitalis\" \/>\n<meta name=\"twitter:card\" content=\"summary_large_image\" \/>\n<meta name=\"twitter:creator\" content=\"@KapitalisInfo\" \/>\n<meta name=\"twitter:site\" content=\"@KapitalisInfo\" \/>\n<meta name=\"twitter:label1\" content=\"\u00c9crit par\" \/>\n\t<meta name=\"twitter:data1\" content=\"webmaster kapitalis\" \/>\n\t<meta name=\"twitter:label2\" content=\"Dur\u00e9e de lecture estim\u00e9e\" \/>\n\t<meta name=\"twitter:data2\" content=\"4 minutes\" \/>\n<script type=\"application\/ld+json\" class=\"yoast-schema-graph\">{\"@context\":\"https:\/\/schema.org\",\"@graph\":[{\"@type\":\"Article\",\"@id\":\"https:\/\/kapitalis.com\/tunisie\/2022\/08\/15\/tunisie-quel-role-pour-mme-saied-dans-la-nouvelle-republique\/#article\",\"isPartOf\":{\"@id\":\"https:\/\/kapitalis.com\/tunisie\/2022\/08\/15\/tunisie-quel-role-pour-mme-saied-dans-la-nouvelle-republique\/\"},\"author\":{\"name\":\"webmaster kapitalis\",\"@id\":\"https:\/\/kapitalis.com\/tunisie\/#\/schema\/person\/d71f33a9ca44f7bad4698210b480c8e9\"},\"headline\":\"Tunisie : Quel r\u00f4le pour Mme Sa\u00efed dans la \u00abnouvelle r\u00e9publique\u00bb ?\",\"datePublished\":\"2022-08-15T09:22:06+00:00\",\"dateModified\":\"2022-08-16T05:46:32+00:00\",\"mainEntityOfPage\":{\"@id\":\"https:\/\/kapitalis.com\/tunisie\/2022\/08\/15\/tunisie-quel-role-pour-mme-saied-dans-la-nouvelle-republique\/\"},\"wordCount\":860,\"commentCount\":4,\"publisher\":{\"@id\":\"https:\/\/kapitalis.com\/tunisie\/#organization\"},\"image\":{\"@id\":\"https:\/\/kapitalis.com\/tunisie\/2022\/08\/15\/tunisie-quel-role-pour-mme-saied-dans-la-nouvelle-republique\/#primaryimage\"},\"thumbnailUrl\":\"https:\/\/kapitalis.com\/tunisie\/wp-content\/uploads\/2022\/08\/Achraf-Chebil-Najla-Bouden.jpg\",\"keywords\":[\"Achraf Chebil\",\"f\u00eate de la femme\",\"Ka\u00efs Sa\u00efed\",\"Leila Ben Ali\",\"Najla Bouden\",\"Naoufel Sa\u00efed\",\"Ridha Kefi\",\"Tunisie\",\"Wassila Bourguiba\"],\"articleSection\":[\"A LA UNE\",\"POLITIQUE\",\"Tunisie\"],\"inLanguage\":\"fr-FR\",\"potentialAction\":[{\"@type\":\"CommentAction\",\"name\":\"Comment\",\"target\":[\"https:\/\/kapitalis.com\/tunisie\/2022\/08\/15\/tunisie-quel-role-pour-mme-saied-dans-la-nouvelle-republique\/#respond\"]}]},{\"@type\":\"WebPage\",\"@id\":\"https:\/\/kapitalis.com\/tunisie\/2022\/08\/15\/tunisie-quel-role-pour-mme-saied-dans-la-nouvelle-republique\/\",\"url\":\"https:\/\/kapitalis.com\/tunisie\/2022\/08\/15\/tunisie-quel-role-pour-mme-saied-dans-la-nouvelle-republique\/\",\"name\":\"Tunisie : Quel r\u00f4le pour Mme Sa\u00efed dans la \u00abnouvelle r\u00e9publique\u00bb ? - Kapitalis\",\"isPartOf\":{\"@id\":\"https:\/\/kapitalis.com\/tunisie\/#website\"},\"primaryImageOfPage\":{\"@id\":\"https:\/\/kapitalis.com\/tunisie\/2022\/08\/15\/tunisie-quel-role-pour-mme-saied-dans-la-nouvelle-republique\/#primaryimage\"},\"image\":{\"@id\":\"https:\/\/kapitalis.com\/tunisie\/2022\/08\/15\/tunisie-quel-role-pour-mme-saied-dans-la-nouvelle-republique\/#primaryimage\"},\"thumbnailUrl\":\"https:\/\/kapitalis.com\/tunisie\/wp-content\/uploads\/2022\/08\/Achraf-Chebil-Najla-Bouden.jpg\",\"datePublished\":\"2022-08-15T09:22:06+00:00\",\"dateModified\":\"2022-08-16T05:46:32+00:00\",\"breadcrumb\":{\"@id\":\"https:\/\/kapitalis.com\/tunisie\/2022\/08\/15\/tunisie-quel-role-pour-mme-saied-dans-la-nouvelle-republique\/#breadcrumb\"},\"inLanguage\":\"fr-FR\",\"potentialAction\":[{\"@type\":\"ReadAction\",\"target\":[\"https:\/\/kapitalis.com\/tunisie\/2022\/08\/15\/tunisie-quel-role-pour-mme-saied-dans-la-nouvelle-republique\/\"]}]},{\"@type\":\"ImageObject\",\"inLanguage\":\"fr-FR\",\"@id\":\"https:\/\/kapitalis.com\/tunisie\/2022\/08\/15\/tunisie-quel-role-pour-mme-saied-dans-la-nouvelle-republique\/#primaryimage\",\"url\":\"https:\/\/kapitalis.com\/tunisie\/wp-content\/uploads\/2022\/08\/Achraf-Chebil-Najla-Bouden.jpg\",\"contentUrl\":\"https:\/\/kapitalis.com\/tunisie\/wp-content\/uploads\/2022\/08\/Achraf-Chebil-Najla-Bouden.jpg\",\"width\":1200,\"height\":630},{\"@type\":\"BreadcrumbList\",\"@id\":\"https:\/\/kapitalis.com\/tunisie\/2022\/08\/15\/tunisie-quel-role-pour-mme-saied-dans-la-nouvelle-republique\/#breadcrumb\",\"itemListElement\":[{\"@type\":\"ListItem\",\"position\":1,\"name\":\"Accueil\",\"item\":\"https:\/\/kapitalis.com\/tunisie\/\"},{\"@type\":\"ListItem\",\"position\":2,\"name\":\"Tunisie : Quel r\u00f4le pour Mme Sa\u00efed dans la \u00abnouvelle r\u00e9publique\u00bb ?\"}]},{\"@type\":\"WebSite\",\"@id\":\"https:\/\/kapitalis.com\/tunisie\/#website\",\"url\":\"https:\/\/kapitalis.com\/tunisie\/\",\"name\":\"Kapitalis\",\"description\":\"L&#039;actualit\u00e9 en Tunisie et dans le monde\",\"publisher\":{\"@id\":\"https:\/\/kapitalis.com\/tunisie\/#organization\"},\"potentialAction\":[{\"@type\":\"SearchAction\",\"target\":{\"@type\":\"EntryPoint\",\"urlTemplate\":\"https:\/\/kapitalis.com\/tunisie\/?s={search_term_string}\"},\"query-input\":{\"@type\":\"PropertyValueSpecification\",\"valueRequired\":true,\"valueName\":\"search_term_string\"}}],\"inLanguage\":\"fr-FR\"},{\"@type\":\"Organization\",\"@id\":\"https:\/\/kapitalis.com\/tunisie\/#organization\",\"name\":\"Kapitalis\",\"url\":\"https:\/\/kapitalis.com\/tunisie\/\",\"logo\":{\"@type\":\"ImageObject\",\"inLanguage\":\"fr-FR\",\"@id\":\"https:\/\/kapitalis.com\/tunisie\/#\/schema\/logo\/image\/\",\"url\":\"https:\/\/kapitalis.com\/tunisie\/wp-content\/uploads\/2022\/05\/Kapitalis-big-size.png\",\"contentUrl\":\"https:\/\/kapitalis.com\/tunisie\/wp-content\/uploads\/2022\/05\/Kapitalis-big-size.png\",\"width\":5000,\"height\":1500,\"caption\":\"Kapitalis\"},\"image\":{\"@id\":\"https:\/\/kapitalis.com\/tunisie\/#\/schema\/logo\/image\/\"},\"sameAs\":[\"https:\/\/www.facebook.com\/KapitalisInfo\/\",\"https:\/\/x.com\/KapitalisInfo\",\"https:\/\/www.youtube.com\/channel\/UC-yDYrHyfFBWWZaOw3FPg9Q\"]},{\"@type\":\"Person\",\"@id\":\"https:\/\/kapitalis.com\/tunisie\/#\/schema\/person\/d71f33a9ca44f7bad4698210b480c8e9\",\"name\":\"webmaster kapitalis\",\"url\":\"https:\/\/kapitalis.com\/tunisie\/author\/webmaster-kapitalis\/\"}]}<\/script>\n<!-- \/ Yoast SEO plugin. -->","yoast_head_json":{"title":"Tunisie : Quel r\u00f4le pour Mme Sa\u00efed dans la \u00abnouvelle r\u00e9publique\u00bb ? - Kapitalis","robots":{"index":"index","follow":"follow","max-snippet":"max-snippet:-1","max-image-preview":"max-image-preview:large","max-video-preview":"max-video-preview:-1"},"canonical":"https:\/\/kapitalis.com\/tunisie\/2022\/08\/15\/tunisie-quel-role-pour-mme-saied-dans-la-nouvelle-republique\/","og_locale":"fr_FR","og_type":"article","og_title":"Tunisie : Quel r\u00f4le pour Mme Sa\u00efed dans la \u00abnouvelle r\u00e9publique\u00bb ? - Kapitalis","og_description":"Le discours officiel prononc\u00e9 par Achraf Chebil Sa\u00efed, le 13 ao\u00fbt 2022, dans le cadre de la c\u00e9l\u00e9bration officielle de la f\u00eate nationale de la femme, continue de susciter des interrogations.","og_url":"https:\/\/kapitalis.com\/tunisie\/2022\/08\/15\/tunisie-quel-role-pour-mme-saied-dans-la-nouvelle-republique\/","og_site_name":"Kapitalis","article_publisher":"https:\/\/www.facebook.com\/KapitalisInfo\/","article_published_time":"2022-08-15T09:22:06+00:00","article_modified_time":"2022-08-16T05:46:32+00:00","og_image":[{"width":1200,"height":630,"url":"https:\/\/kapitalis.com\/tunisie\/wp-content\/uploads\/2022\/08\/Achraf-Chebil-Najla-Bouden.jpg","type":"image\/jpeg"}],"author":"webmaster kapitalis","twitter_card":"summary_large_image","twitter_creator":"@KapitalisInfo","twitter_site":"@KapitalisInfo","twitter_misc":{"\u00c9crit par":"webmaster kapitalis","Dur\u00e9e de lecture estim\u00e9e":"4 minutes"},"schema":{"@context":"https:\/\/schema.org","@graph":[{"@type":"Article","@id":"https:\/\/kapitalis.com\/tunisie\/2022\/08\/15\/tunisie-quel-role-pour-mme-saied-dans-la-nouvelle-republique\/#article","isPartOf":{"@id":"https:\/\/kapitalis.com\/tunisie\/2022\/08\/15\/tunisie-quel-role-pour-mme-saied-dans-la-nouvelle-republique\/"},"author":{"name":"webmaster kapitalis","@id":"https:\/\/kapitalis.com\/tunisie\/#\/schema\/person\/d71f33a9ca44f7bad4698210b480c8e9"},"headline":"Tunisie : Quel r\u00f4le pour Mme Sa\u00efed dans la \u00abnouvelle r\u00e9publique\u00bb ?","datePublished":"2022-08-15T09:22:06+00:00","dateModified":"2022-08-16T05:46:32+00:00","mainEntityOfPage":{"@id":"https:\/\/kapitalis.com\/tunisie\/2022\/08\/15\/tunisie-quel-role-pour-mme-saied-dans-la-nouvelle-republique\/"},"wordCount":860,"commentCount":4,"publisher":{"@id":"https:\/\/kapitalis.com\/tunisie\/#organization"},"image":{"@id":"https:\/\/kapitalis.com\/tunisie\/2022\/08\/15\/tunisie-quel-role-pour-mme-saied-dans-la-nouvelle-republique\/#primaryimage"},"thumbnailUrl":"https:\/\/kapitalis.com\/tunisie\/wp-content\/uploads\/2022\/08\/Achraf-Chebil-Najla-Bouden.jpg","keywords":["Achraf Chebil","f\u00eate de la femme","Ka\u00efs Sa\u00efed","Leila Ben Ali","Najla Bouden","Naoufel Sa\u00efed","Ridha Kefi","Tunisie","Wassila Bourguiba"],"articleSection":["A LA UNE","POLITIQUE","Tunisie"],"inLanguage":"fr-FR","potentialAction":[{"@type":"CommentAction","name":"Comment","target":["https:\/\/kapitalis.com\/tunisie\/2022\/08\/15\/tunisie-quel-role-pour-mme-saied-dans-la-nouvelle-republique\/#respond"]}]},{"@type":"WebPage","@id":"https:\/\/kapitalis.com\/tunisie\/2022\/08\/15\/tunisie-quel-role-pour-mme-saied-dans-la-nouvelle-republique\/","url":"https:\/\/kapitalis.com\/tunisie\/2022\/08\/15\/tunisie-quel-role-pour-mme-saied-dans-la-nouvelle-republique\/","name":"Tunisie : Quel r\u00f4le pour Mme Sa\u00efed dans la \u00abnouvelle r\u00e9publique\u00bb ? - Kapitalis","isPartOf":{"@id":"https:\/\/kapitalis.com\/tunisie\/#website"},"primaryImageOfPage":{"@id":"https:\/\/kapitalis.com\/tunisie\/2022\/08\/15\/tunisie-quel-role-pour-mme-saied-dans-la-nouvelle-republique\/#primaryimage"},"image":{"@id":"https:\/\/kapitalis.com\/tunisie\/2022\/08\/15\/tunisie-quel-role-pour-mme-saied-dans-la-nouvelle-republique\/#primaryimage"},"thumbnailUrl":"https:\/\/kapitalis.com\/tunisie\/wp-content\/uploads\/2022\/08\/Achraf-Chebil-Najla-Bouden.jpg","datePublished":"2022-08-15T09:22:06+00:00","dateModified":"2022-08-16T05:46:32+00:00","breadcrumb":{"@id":"https:\/\/kapitalis.com\/tunisie\/2022\/08\/15\/tunisie-quel-role-pour-mme-saied-dans-la-nouvelle-republique\/#breadcrumb"},"inLanguage":"fr-FR","potentialAction":[{"@type":"ReadAction","target":["https:\/\/kapitalis.com\/tunisie\/2022\/08\/15\/tunisie-quel-role-pour-mme-saied-dans-la-nouvelle-republique\/"]}]},{"@type":"ImageObject","inLanguage":"fr-FR","@id":"https:\/\/kapitalis.com\/tunisie\/2022\/08\/15\/tunisie-quel-role-pour-mme-saied-dans-la-nouvelle-republique\/#primaryimage","url":"https:\/\/kapitalis.com\/tunisie\/wp-content\/uploads\/2022\/08\/Achraf-Chebil-Najla-Bouden.jpg","contentUrl":"https:\/\/kapitalis.com\/tunisie\/wp-content\/uploads\/2022\/08\/Achraf-Chebil-Najla-Bouden.jpg","width":1200,"height":630},{"@type":"BreadcrumbList","@id":"https:\/\/kapitalis.com\/tunisie\/2022\/08\/15\/tunisie-quel-role-pour-mme-saied-dans-la-nouvelle-republique\/#breadcrumb","itemListElement":[{"@type":"ListItem","position":1,"name":"Accueil","item":"https:\/\/kapitalis.com\/tunisie\/"},{"@type":"ListItem","position":2,"name":"Tunisie : Quel r\u00f4le pour Mme Sa\u00efed dans la \u00abnouvelle r\u00e9publique\u00bb ?"}]},{"@type":"WebSite","@id":"https:\/\/kapitalis.com\/tunisie\/#website","url":"https:\/\/kapitalis.com\/tunisie\/","name":"Kapitalis","description":"L&#039;actualit\u00e9 en Tunisie et dans le monde","publisher":{"@id":"https:\/\/kapitalis.com\/tunisie\/#organization"},"potentialAction":[{"@type":"SearchAction","target":{"@type":"EntryPoint","urlTemplate":"https:\/\/kapitalis.com\/tunisie\/?s={search_term_string}"},"query-input":{"@type":"PropertyValueSpecification","valueRequired":true,"valueName":"search_term_string"}}],"inLanguage":"fr-FR"},{"@type":"Organization","@id":"https:\/\/kapitalis.com\/tunisie\/#organization","name":"Kapitalis","url":"https:\/\/kapitalis.com\/tunisie\/","logo":{"@type":"ImageObject","inLanguage":"fr-FR","@id":"https:\/\/kapitalis.com\/tunisie\/#\/schema\/logo\/image\/","url":"https:\/\/kapitalis.com\/tunisie\/wp-content\/uploads\/2022\/05\/Kapitalis-big-size.png","contentUrl":"https:\/\/kapitalis.com\/tunisie\/wp-content\/uploads\/2022\/05\/Kapitalis-big-size.png","width":5000,"height":1500,"caption":"Kapitalis"},"image":{"@id":"https:\/\/kapitalis.com\/tunisie\/#\/schema\/logo\/image\/"},"sameAs":["https:\/\/www.facebook.com\/KapitalisInfo\/","https:\/\/x.com\/KapitalisInfo","https:\/\/www.youtube.com\/channel\/UC-yDYrHyfFBWWZaOw3FPg9Q"]},{"@type":"Person","@id":"https:\/\/kapitalis.com\/tunisie\/#\/schema\/person\/d71f33a9ca44f7bad4698210b480c8e9","name":"webmaster kapitalis","url":"https:\/\/kapitalis.com\/tunisie\/author\/webmaster-kapitalis\/"}]}},"_links":{"self":[{"href":"https:\/\/kapitalis.com\/tunisie\/wp-json\/wp\/v2\/posts\/3105869","targetHints":{"allow":["GET"]}}],"collection":[{"href":"https:\/\/kapitalis.com\/tunisie\/wp-json\/wp\/v2\/posts"}],"about":[{"href":"https:\/\/kapitalis.com\/tunisie\/wp-json\/wp\/v2\/types\/post"}],"author":[{"embeddable":true,"href":"https:\/\/kapitalis.com\/tunisie\/wp-json\/wp\/v2\/users\/8"}],"replies":[{"embeddable":true,"href":"https:\/\/kapitalis.com\/tunisie\/wp-json\/wp\/v2\/comments?post=3105869"}],"version-history":[{"count":0,"href":"https:\/\/kapitalis.com\/tunisie\/wp-json\/wp\/v2\/posts\/3105869\/revisions"}],"wp:featuredmedia":[{"embeddable":true,"href":"https:\/\/kapitalis.com\/tunisie\/wp-json\/wp\/v2\/media\/3106481"}],"wp:attachment":[{"href":"https:\/\/kapitalis.com\/tunisie\/wp-json\/wp\/v2\/media?parent=3105869"}],"wp:term":[{"taxonomy":"category","embeddable":true,"href":"https:\/\/kapitalis.com\/tunisie\/wp-json\/wp\/v2\/categories?post=3105869"},{"taxonomy":"post_tag","embeddable":true,"href":"https:\/\/kapitalis.com\/tunisie\/wp-json\/wp\/v2\/tags?post=3105869"}],"curies":[{"name":"wp","href":"https:\/\/api.w.org\/{rel}","templated":true}]}}