{"id":310631,"date":"2020-08-05T12:04:08","date_gmt":"2020-08-05T11:04:08","guid":{"rendered":"http:\/\/kapitalis.com\/tunisie\/?p=310631"},"modified":"2020-08-07T13:46:46","modified_gmt":"2020-08-07T12:46:46","slug":"concours-de-mode-reserve-aux-jeunes-createurs-tunisiens-et-italiens-de-moins-de-30-ans","status":"publish","type":"post","link":"https:\/\/kapitalis.com\/tunisie\/2020\/08\/05\/concours-de-mode-reserve-aux-jeunes-createurs-tunisiens-et-italiens-de-moins-de-30-ans\/","title":{"rendered":"Concours de mode r\u00e9serv\u00e9 aux jeunes cr\u00e9ateurs tunisiens et italiens de moins de 30 ans"},"content":{"rendered":"\n<figure class=\"wp-block-image size-large\"><img decoding=\"async\" src=\"http:\/\/kapitalis.com\/tunisie\/wp-content\/uploads\/2020\/08\/Young-Fashion-Designers.jpg\" alt=\"\" class=\"wp-image-310633\"\/><\/figure>\n\n\n\n<p><strong><em>En r\u00e9ponse \u00e0 la crise du Covid-19, Open Art Week (OAW) lance Young Fashion Designers Mobile Video Contest, un concours de vid\u00e9os mobile de format court, destin\u00e9 aux jeunes cr\u00e9ateurs de mode italiens et tunisiens.<\/em><\/strong><\/p>\n\n\n\n<!--more-->\n\n\n\n<p>Ce concours est lanc\u00e9 en partenariat avec l\u2019Institut culturel italien \u00e0 Tunis, le coordinateur de Saint Laurent Couture Institute et D&amp;B Consulting, en collaboration avec l\u2019ambassade d\u2019Italie \u00e0 Tunis, la Chambre tuniso-italienne du commerce et de l\u2019industrie, l\u2019Istituto Europeo di Design (IED) et Esmod Tunisie.<\/p>\n\n\n\n<p>Initi\u00e9 par l\u2019association italienne sans but lucratif REA, OAW est un projet cr\u00e9\u00e9 pour connecter des artistes et des espaces ind\u00e9pendants dans le monde. Lanc\u00e9 en 2018, OAW a mis en r\u00e9seau plus de 60 organisations culturelles entre l\u2019Italie, la Tunisie et l\u2019Europe de l\u2019Est, favoris\u00e9 la mobilit\u00e9 internationale de plus de 100 cr\u00e9ateurs, promu 5 semaines d\u2019art ind\u00e9pendant dans les pays partenaires du projet et plus de 100 \u00e9v\u00e9nements ouverts au public dans les domaines de la musique, du th\u00e9\u00e2tre, du cin\u00e9ma, de la danse, des arts visuels et de la formation, touchant une audience de plus de 50.000 personnes.<\/p>\n\n\n\n<p>En 2018 OAW a \u00e9t\u00e9 reconnue par l\u2019Unesco et European Cultural Foundation comme une des initiatives qui ont eu un impact majeur sur la transformation culturelle dans la r\u00e9gion Moyen Orient et Afrique du Nord (Mena).<\/p>\n\n\n\n<p>Tu es un cr\u00e9ateur de mode italien ou tunisien ? Tu as moins de 30 ans ? Tu as une imagination innovatrice, sensible aux changements sociaux et green ? Tu as un smartphone et tu r\u00e9alises de courtes vid\u00e9os pour raconter le mood de tes collections, ton univers cr\u00e9atif et tes sources d\u2019inspiration ? Cette initiative r\u00e9alis\u00e9e en collaboration avec l\u2019ambassade d&rsquo;Italie \u00e0 Tunis, la Chambre tuniso-italienne du commerce et de l\u2019industrie et des \u00e9coles internationales de design.<\/p>\n\n\n\n<p>L\u2019appel \u00e0 candidature est ouvert aux \u00e9tudiants italiens et tunisiens et aux jeunes cr\u00e9ateurs en d\u00e9but de carri\u00e8re.<\/p>\n\n\n\n<p>Young Fashion Designers Mobile Video Contest a \u00e9t\u00e9 cr\u00e9\u00e9 pour soutenir et promouvoir des jeunes talents internationaux dans l\u2019un des secteurs cr\u00e9atifs les plus touch\u00e9s par la crise pand\u00e9mique.<\/p>\n\n\n\n<p>Les th\u00e8mes principaux du concours sont : Exp\u00e9rimentation; Vivre et agir dans le monde en devenir &#8211; nouvelles visions et id\u00e9aux; Durabilit\u00e9 ; Savoir-faire local.<\/p>\n\n\n\n<p>Les 10 vid\u00e9os finalistes participeront \u00e0 une exposition collective en ligne organis\u00e9e par Open Art Week et le coordinateur du Saint Laurent Couture Institute et seront diffus\u00e9es, en novembre 2020, \u00e0 travers les canaux de communication de OAW, de l\u2019Institut italien de culture \u00e0 Tunis et des partenaires du projet.<\/p>\n\n\n\n<p>Enfin, 2 prix seront d\u00e9cern\u00e9s, en d\u00e9cembre 2020, aux laur\u00e9ats du concours, s\u00e9lectionn\u00e9s par un jury d\u2019experts du secteur.<\/p>\n\n\n\n<p>Pour s\u2019inscrire ou en savoir plus sur le concours, cliquez <strong><em><a href=\"http:\/\/www.openartweek.com\" target=\"_blank\" aria-label=\"undefined (s\u2019ouvre dans un nouvel onglet)\" rel=\"noreferrer noopener\">sur ce lien<\/a><\/em><\/strong>.<br><\/p>\n","protected":false},"excerpt":{"rendered":"<p>En r\u00e9ponse \u00e0 la crise du Covid-19, Open Art Week (OAW) lance Young Fashion Designers Mobile Video Contest, un concours de vid\u00e9os mobile de format court, destin\u00e9 aux jeunes cr\u00e9ateurs de mode italiens et tunisiens.<\/p>\n","protected":false},"author":8,"featured_media":310633,"comment_status":"open","ping_status":"open","sticky":false,"template":"","format":"standard","meta":{"footnotes":""},"categories":[994,2433],"tags":[81397,81399,81398,81395,66809,81396,81394],"class_list":["post-310631","post","type-post","status-publish","format-standard","has-post-thumbnail","hentry","category-culture","category-tunisie","tag-db-consulting","tag-esmod-tunisie","tag-istituto-europeo-di-design","tag-jeunes-createurs-de-mode","tag-open-art-week","tag-saint-laurent-couture-institute","tag-young-fashion-designers-mobile-video-contest"],"yoast_head":"<!-- This site is optimized with the Yoast SEO plugin v26.6 - https:\/\/yoast.com\/wordpress\/plugins\/seo\/ -->\n<title>Concours de mode r\u00e9serv\u00e9 aux jeunes cr\u00e9ateurs tunisiens et italiens de moins de 30 ans - Kapitalis<\/title>\n<meta name=\"robots\" content=\"index, follow, max-snippet:-1, max-image-preview:large, max-video-preview:-1\" \/>\n<link rel=\"canonical\" href=\"https:\/\/kapitalis.com\/tunisie\/2020\/08\/05\/concours-de-mode-reserve-aux-jeunes-createurs-tunisiens-et-italiens-de-moins-de-30-ans\/\" \/>\n<meta property=\"og:locale\" content=\"fr_FR\" \/>\n<meta property=\"og:type\" content=\"article\" \/>\n<meta property=\"og:title\" content=\"Concours de mode r\u00e9serv\u00e9 aux jeunes cr\u00e9ateurs tunisiens et italiens de moins de 30 ans - Kapitalis\" \/>\n<meta property=\"og:description\" content=\"En r\u00e9ponse \u00e0 la crise du Covid-19, Open Art Week (OAW) lance Young Fashion Designers Mobile Video Contest, un concours de vid\u00e9os mobile de format court, destin\u00e9 aux jeunes cr\u00e9ateurs de mode italiens et tunisiens.\" \/>\n<meta property=\"og:url\" content=\"https:\/\/kapitalis.com\/tunisie\/2020\/08\/05\/concours-de-mode-reserve-aux-jeunes-createurs-tunisiens-et-italiens-de-moins-de-30-ans\/\" \/>\n<meta property=\"og:site_name\" content=\"Kapitalis\" \/>\n<meta property=\"article:publisher\" content=\"https:\/\/www.facebook.com\/KapitalisInfo\/\" \/>\n<meta property=\"article:published_time\" content=\"2020-08-05T11:04:08+00:00\" \/>\n<meta property=\"article:modified_time\" content=\"2020-08-07T12:46:46+00:00\" \/>\n<meta property=\"og:image\" content=\"https:\/\/kapitalis.com\/tunisie\/wp-content\/uploads\/2022\/05\/kapitalis-logo-fb.png\" \/>\n\t<meta property=\"og:image:width\" content=\"1200\" \/>\n\t<meta property=\"og:image:height\" content=\"630\" \/>\n\t<meta property=\"og:image:type\" content=\"image\/png\" \/>\n<meta name=\"author\" content=\"webmaster kapitalis\" \/>\n<meta name=\"twitter:card\" content=\"summary_large_image\" \/>\n<meta name=\"twitter:creator\" content=\"@KapitalisInfo\" \/>\n<meta name=\"twitter:site\" content=\"@KapitalisInfo\" \/>\n<meta name=\"twitter:label1\" content=\"\u00c9crit par\" \/>\n\t<meta name=\"twitter:data1\" content=\"webmaster kapitalis\" \/>\n\t<meta name=\"twitter:label2\" content=\"Dur\u00e9e de lecture estim\u00e9e\" \/>\n\t<meta name=\"twitter:data2\" content=\"2 minutes\" \/>\n<script type=\"application\/ld+json\" class=\"yoast-schema-graph\">{\"@context\":\"https:\/\/schema.org\",\"@graph\":[{\"@type\":\"Article\",\"@id\":\"https:\/\/kapitalis.com\/tunisie\/2020\/08\/05\/concours-de-mode-reserve-aux-jeunes-createurs-tunisiens-et-italiens-de-moins-de-30-ans\/#article\",\"isPartOf\":{\"@id\":\"https:\/\/kapitalis.com\/tunisie\/2020\/08\/05\/concours-de-mode-reserve-aux-jeunes-createurs-tunisiens-et-italiens-de-moins-de-30-ans\/\"},\"author\":{\"name\":\"webmaster kapitalis\",\"@id\":\"https:\/\/kapitalis.com\/tunisie\/#\/schema\/person\/d71f33a9ca44f7bad4698210b480c8e9\"},\"headline\":\"Concours de mode r\u00e9serv\u00e9 aux jeunes cr\u00e9ateurs tunisiens et italiens de moins de 30 ans\",\"datePublished\":\"2020-08-05T11:04:08+00:00\",\"dateModified\":\"2020-08-07T12:46:46+00:00\",\"mainEntityOfPage\":{\"@id\":\"https:\/\/kapitalis.com\/tunisie\/2020\/08\/05\/concours-de-mode-reserve-aux-jeunes-createurs-tunisiens-et-italiens-de-moins-de-30-ans\/\"},\"wordCount\":495,\"commentCount\":0,\"publisher\":{\"@id\":\"https:\/\/kapitalis.com\/tunisie\/#organization\"},\"image\":{\"@id\":\"https:\/\/kapitalis.com\/tunisie\/2020\/08\/05\/concours-de-mode-reserve-aux-jeunes-createurs-tunisiens-et-italiens-de-moins-de-30-ans\/#primaryimage\"},\"thumbnailUrl\":\"\",\"keywords\":[\"D&amp;B Consulting\",\"Esmod Tunisie\",\"Istituto Europeo di Design\",\"jeunes cr\u00e9ateurs de mode\",\"Open Art Week\",\"Saint Laurent Couture Institute\",\"Young Fashion Designers Mobile Video Contest\"],\"articleSection\":[\"CULTURE\",\"Tunisie\"],\"inLanguage\":\"fr-FR\",\"potentialAction\":[{\"@type\":\"CommentAction\",\"name\":\"Comment\",\"target\":[\"https:\/\/kapitalis.com\/tunisie\/2020\/08\/05\/concours-de-mode-reserve-aux-jeunes-createurs-tunisiens-et-italiens-de-moins-de-30-ans\/#respond\"]}]},{\"@type\":\"WebPage\",\"@id\":\"https:\/\/kapitalis.com\/tunisie\/2020\/08\/05\/concours-de-mode-reserve-aux-jeunes-createurs-tunisiens-et-italiens-de-moins-de-30-ans\/\",\"url\":\"https:\/\/kapitalis.com\/tunisie\/2020\/08\/05\/concours-de-mode-reserve-aux-jeunes-createurs-tunisiens-et-italiens-de-moins-de-30-ans\/\",\"name\":\"Concours de mode r\u00e9serv\u00e9 aux jeunes cr\u00e9ateurs tunisiens et italiens de moins de 30 ans - Kapitalis\",\"isPartOf\":{\"@id\":\"https:\/\/kapitalis.com\/tunisie\/#website\"},\"primaryImageOfPage\":{\"@id\":\"https:\/\/kapitalis.com\/tunisie\/2020\/08\/05\/concours-de-mode-reserve-aux-jeunes-createurs-tunisiens-et-italiens-de-moins-de-30-ans\/#primaryimage\"},\"image\":{\"@id\":\"https:\/\/kapitalis.com\/tunisie\/2020\/08\/05\/concours-de-mode-reserve-aux-jeunes-createurs-tunisiens-et-italiens-de-moins-de-30-ans\/#primaryimage\"},\"thumbnailUrl\":\"\",\"datePublished\":\"2020-08-05T11:04:08+00:00\",\"dateModified\":\"2020-08-07T12:46:46+00:00\",\"breadcrumb\":{\"@id\":\"https:\/\/kapitalis.com\/tunisie\/2020\/08\/05\/concours-de-mode-reserve-aux-jeunes-createurs-tunisiens-et-italiens-de-moins-de-30-ans\/#breadcrumb\"},\"inLanguage\":\"fr-FR\",\"potentialAction\":[{\"@type\":\"ReadAction\",\"target\":[\"https:\/\/kapitalis.com\/tunisie\/2020\/08\/05\/concours-de-mode-reserve-aux-jeunes-createurs-tunisiens-et-italiens-de-moins-de-30-ans\/\"]}]},{\"@type\":\"ImageObject\",\"inLanguage\":\"fr-FR\",\"@id\":\"https:\/\/kapitalis.com\/tunisie\/2020\/08\/05\/concours-de-mode-reserve-aux-jeunes-createurs-tunisiens-et-italiens-de-moins-de-30-ans\/#primaryimage\",\"url\":\"\",\"contentUrl\":\"\"},{\"@type\":\"BreadcrumbList\",\"@id\":\"https:\/\/kapitalis.com\/tunisie\/2020\/08\/05\/concours-de-mode-reserve-aux-jeunes-createurs-tunisiens-et-italiens-de-moins-de-30-ans\/#breadcrumb\",\"itemListElement\":[{\"@type\":\"ListItem\",\"position\":1,\"name\":\"Accueil\",\"item\":\"https:\/\/kapitalis.com\/tunisie\/\"},{\"@type\":\"ListItem\",\"position\":2,\"name\":\"Concours de mode r\u00e9serv\u00e9 aux jeunes cr\u00e9ateurs tunisiens et italiens de moins de 30 ans\"}]},{\"@type\":\"WebSite\",\"@id\":\"https:\/\/kapitalis.com\/tunisie\/#website\",\"url\":\"https:\/\/kapitalis.com\/tunisie\/\",\"name\":\"Kapitalis\",\"description\":\"L&#039;actualit\u00e9 en Tunisie et dans le monde\",\"publisher\":{\"@id\":\"https:\/\/kapitalis.com\/tunisie\/#organization\"},\"potentialAction\":[{\"@type\":\"SearchAction\",\"target\":{\"@type\":\"EntryPoint\",\"urlTemplate\":\"https:\/\/kapitalis.com\/tunisie\/?s={search_term_string}\"},\"query-input\":{\"@type\":\"PropertyValueSpecification\",\"valueRequired\":true,\"valueName\":\"search_term_string\"}}],\"inLanguage\":\"fr-FR\"},{\"@type\":\"Organization\",\"@id\":\"https:\/\/kapitalis.com\/tunisie\/#organization\",\"name\":\"Kapitalis\",\"url\":\"https:\/\/kapitalis.com\/tunisie\/\",\"logo\":{\"@type\":\"ImageObject\",\"inLanguage\":\"fr-FR\",\"@id\":\"https:\/\/kapitalis.com\/tunisie\/#\/schema\/logo\/image\/\",\"url\":\"https:\/\/kapitalis.com\/tunisie\/wp-content\/uploads\/2022\/05\/Kapitalis-big-size.png\",\"contentUrl\":\"https:\/\/kapitalis.com\/tunisie\/wp-content\/uploads\/2022\/05\/Kapitalis-big-size.png\",\"width\":5000,\"height\":1500,\"caption\":\"Kapitalis\"},\"image\":{\"@id\":\"https:\/\/kapitalis.com\/tunisie\/#\/schema\/logo\/image\/\"},\"sameAs\":[\"https:\/\/www.facebook.com\/KapitalisInfo\/\",\"https:\/\/x.com\/KapitalisInfo\",\"https:\/\/www.youtube.com\/channel\/UC-yDYrHyfFBWWZaOw3FPg9Q\"]},{\"@type\":\"Person\",\"@id\":\"https:\/\/kapitalis.com\/tunisie\/#\/schema\/person\/d71f33a9ca44f7bad4698210b480c8e9\",\"name\":\"webmaster kapitalis\",\"url\":\"https:\/\/kapitalis.com\/tunisie\/author\/webmaster-kapitalis\/\"}]}<\/script>\n<!-- \/ Yoast SEO plugin. -->","yoast_head_json":{"title":"Concours de mode r\u00e9serv\u00e9 aux jeunes cr\u00e9ateurs tunisiens et italiens de moins de 30 ans - Kapitalis","robots":{"index":"index","follow":"follow","max-snippet":"max-snippet:-1","max-image-preview":"max-image-preview:large","max-video-preview":"max-video-preview:-1"},"canonical":"https:\/\/kapitalis.com\/tunisie\/2020\/08\/05\/concours-de-mode-reserve-aux-jeunes-createurs-tunisiens-et-italiens-de-moins-de-30-ans\/","og_locale":"fr_FR","og_type":"article","og_title":"Concours de mode r\u00e9serv\u00e9 aux jeunes cr\u00e9ateurs tunisiens et italiens de moins de 30 ans - Kapitalis","og_description":"En r\u00e9ponse \u00e0 la crise du Covid-19, Open Art Week (OAW) lance Young Fashion Designers Mobile Video Contest, un concours de vid\u00e9os mobile de format court, destin\u00e9 aux jeunes cr\u00e9ateurs de mode italiens et tunisiens.","og_url":"https:\/\/kapitalis.com\/tunisie\/2020\/08\/05\/concours-de-mode-reserve-aux-jeunes-createurs-tunisiens-et-italiens-de-moins-de-30-ans\/","og_site_name":"Kapitalis","article_publisher":"https:\/\/www.facebook.com\/KapitalisInfo\/","article_published_time":"2020-08-05T11:04:08+00:00","article_modified_time":"2020-08-07T12:46:46+00:00","og_image":[{"width":1200,"height":630,"url":"https:\/\/kapitalis.com\/tunisie\/wp-content\/uploads\/2022\/05\/kapitalis-logo-fb.png","type":"image\/png"}],"author":"webmaster kapitalis","twitter_card":"summary_large_image","twitter_creator":"@KapitalisInfo","twitter_site":"@KapitalisInfo","twitter_misc":{"\u00c9crit par":"webmaster kapitalis","Dur\u00e9e de lecture estim\u00e9e":"2 minutes"},"schema":{"@context":"https:\/\/schema.org","@graph":[{"@type":"Article","@id":"https:\/\/kapitalis.com\/tunisie\/2020\/08\/05\/concours-de-mode-reserve-aux-jeunes-createurs-tunisiens-et-italiens-de-moins-de-30-ans\/#article","isPartOf":{"@id":"https:\/\/kapitalis.com\/tunisie\/2020\/08\/05\/concours-de-mode-reserve-aux-jeunes-createurs-tunisiens-et-italiens-de-moins-de-30-ans\/"},"author":{"name":"webmaster kapitalis","@id":"https:\/\/kapitalis.com\/tunisie\/#\/schema\/person\/d71f33a9ca44f7bad4698210b480c8e9"},"headline":"Concours de mode r\u00e9serv\u00e9 aux jeunes cr\u00e9ateurs tunisiens et italiens de moins de 30 ans","datePublished":"2020-08-05T11:04:08+00:00","dateModified":"2020-08-07T12:46:46+00:00","mainEntityOfPage":{"@id":"https:\/\/kapitalis.com\/tunisie\/2020\/08\/05\/concours-de-mode-reserve-aux-jeunes-createurs-tunisiens-et-italiens-de-moins-de-30-ans\/"},"wordCount":495,"commentCount":0,"publisher":{"@id":"https:\/\/kapitalis.com\/tunisie\/#organization"},"image":{"@id":"https:\/\/kapitalis.com\/tunisie\/2020\/08\/05\/concours-de-mode-reserve-aux-jeunes-createurs-tunisiens-et-italiens-de-moins-de-30-ans\/#primaryimage"},"thumbnailUrl":"","keywords":["D&amp;B Consulting","Esmod Tunisie","Istituto Europeo di Design","jeunes cr\u00e9ateurs de mode","Open Art Week","Saint Laurent Couture Institute","Young Fashion Designers Mobile Video Contest"],"articleSection":["CULTURE","Tunisie"],"inLanguage":"fr-FR","potentialAction":[{"@type":"CommentAction","name":"Comment","target":["https:\/\/kapitalis.com\/tunisie\/2020\/08\/05\/concours-de-mode-reserve-aux-jeunes-createurs-tunisiens-et-italiens-de-moins-de-30-ans\/#respond"]}]},{"@type":"WebPage","@id":"https:\/\/kapitalis.com\/tunisie\/2020\/08\/05\/concours-de-mode-reserve-aux-jeunes-createurs-tunisiens-et-italiens-de-moins-de-30-ans\/","url":"https:\/\/kapitalis.com\/tunisie\/2020\/08\/05\/concours-de-mode-reserve-aux-jeunes-createurs-tunisiens-et-italiens-de-moins-de-30-ans\/","name":"Concours de mode r\u00e9serv\u00e9 aux jeunes cr\u00e9ateurs tunisiens et italiens de moins de 30 ans - Kapitalis","isPartOf":{"@id":"https:\/\/kapitalis.com\/tunisie\/#website"},"primaryImageOfPage":{"@id":"https:\/\/kapitalis.com\/tunisie\/2020\/08\/05\/concours-de-mode-reserve-aux-jeunes-createurs-tunisiens-et-italiens-de-moins-de-30-ans\/#primaryimage"},"image":{"@id":"https:\/\/kapitalis.com\/tunisie\/2020\/08\/05\/concours-de-mode-reserve-aux-jeunes-createurs-tunisiens-et-italiens-de-moins-de-30-ans\/#primaryimage"},"thumbnailUrl":"","datePublished":"2020-08-05T11:04:08+00:00","dateModified":"2020-08-07T12:46:46+00:00","breadcrumb":{"@id":"https:\/\/kapitalis.com\/tunisie\/2020\/08\/05\/concours-de-mode-reserve-aux-jeunes-createurs-tunisiens-et-italiens-de-moins-de-30-ans\/#breadcrumb"},"inLanguage":"fr-FR","potentialAction":[{"@type":"ReadAction","target":["https:\/\/kapitalis.com\/tunisie\/2020\/08\/05\/concours-de-mode-reserve-aux-jeunes-createurs-tunisiens-et-italiens-de-moins-de-30-ans\/"]}]},{"@type":"ImageObject","inLanguage":"fr-FR","@id":"https:\/\/kapitalis.com\/tunisie\/2020\/08\/05\/concours-de-mode-reserve-aux-jeunes-createurs-tunisiens-et-italiens-de-moins-de-30-ans\/#primaryimage","url":"","contentUrl":""},{"@type":"BreadcrumbList","@id":"https:\/\/kapitalis.com\/tunisie\/2020\/08\/05\/concours-de-mode-reserve-aux-jeunes-createurs-tunisiens-et-italiens-de-moins-de-30-ans\/#breadcrumb","itemListElement":[{"@type":"ListItem","position":1,"name":"Accueil","item":"https:\/\/kapitalis.com\/tunisie\/"},{"@type":"ListItem","position":2,"name":"Concours de mode r\u00e9serv\u00e9 aux jeunes cr\u00e9ateurs tunisiens et italiens de moins de 30 ans"}]},{"@type":"WebSite","@id":"https:\/\/kapitalis.com\/tunisie\/#website","url":"https:\/\/kapitalis.com\/tunisie\/","name":"Kapitalis","description":"L&#039;actualit\u00e9 en Tunisie et dans le monde","publisher":{"@id":"https:\/\/kapitalis.com\/tunisie\/#organization"},"potentialAction":[{"@type":"SearchAction","target":{"@type":"EntryPoint","urlTemplate":"https:\/\/kapitalis.com\/tunisie\/?s={search_term_string}"},"query-input":{"@type":"PropertyValueSpecification","valueRequired":true,"valueName":"search_term_string"}}],"inLanguage":"fr-FR"},{"@type":"Organization","@id":"https:\/\/kapitalis.com\/tunisie\/#organization","name":"Kapitalis","url":"https:\/\/kapitalis.com\/tunisie\/","logo":{"@type":"ImageObject","inLanguage":"fr-FR","@id":"https:\/\/kapitalis.com\/tunisie\/#\/schema\/logo\/image\/","url":"https:\/\/kapitalis.com\/tunisie\/wp-content\/uploads\/2022\/05\/Kapitalis-big-size.png","contentUrl":"https:\/\/kapitalis.com\/tunisie\/wp-content\/uploads\/2022\/05\/Kapitalis-big-size.png","width":5000,"height":1500,"caption":"Kapitalis"},"image":{"@id":"https:\/\/kapitalis.com\/tunisie\/#\/schema\/logo\/image\/"},"sameAs":["https:\/\/www.facebook.com\/KapitalisInfo\/","https:\/\/x.com\/KapitalisInfo","https:\/\/www.youtube.com\/channel\/UC-yDYrHyfFBWWZaOw3FPg9Q"]},{"@type":"Person","@id":"https:\/\/kapitalis.com\/tunisie\/#\/schema\/person\/d71f33a9ca44f7bad4698210b480c8e9","name":"webmaster kapitalis","url":"https:\/\/kapitalis.com\/tunisie\/author\/webmaster-kapitalis\/"}]}},"_links":{"self":[{"href":"https:\/\/kapitalis.com\/tunisie\/wp-json\/wp\/v2\/posts\/310631","targetHints":{"allow":["GET"]}}],"collection":[{"href":"https:\/\/kapitalis.com\/tunisie\/wp-json\/wp\/v2\/posts"}],"about":[{"href":"https:\/\/kapitalis.com\/tunisie\/wp-json\/wp\/v2\/types\/post"}],"author":[{"embeddable":true,"href":"https:\/\/kapitalis.com\/tunisie\/wp-json\/wp\/v2\/users\/8"}],"replies":[{"embeddable":true,"href":"https:\/\/kapitalis.com\/tunisie\/wp-json\/wp\/v2\/comments?post=310631"}],"version-history":[{"count":0,"href":"https:\/\/kapitalis.com\/tunisie\/wp-json\/wp\/v2\/posts\/310631\/revisions"}],"wp:featuredmedia":[{"embeddable":true,"href":"https:\/\/kapitalis.com\/tunisie\/wp-json\/wp\/v2\/media\/310633"}],"wp:attachment":[{"href":"https:\/\/kapitalis.com\/tunisie\/wp-json\/wp\/v2\/media?parent=310631"}],"wp:term":[{"taxonomy":"category","embeddable":true,"href":"https:\/\/kapitalis.com\/tunisie\/wp-json\/wp\/v2\/categories?post=310631"},{"taxonomy":"post_tag","embeddable":true,"href":"https:\/\/kapitalis.com\/tunisie\/wp-json\/wp\/v2\/tags?post=310631"}],"curies":[{"name":"wp","href":"https:\/\/api.w.org\/{rel}","templated":true}]}}