{"id":310638,"date":"2020-08-05T12:48:36","date_gmt":"2020-08-05T11:48:36","guid":{"rendered":"http:\/\/kapitalis.com\/tunisie\/?p=310638"},"modified":"2020-08-05T12:48:39","modified_gmt":"2020-08-05T11:48:39","slug":"tunisie-trois-presidences-pour-un-pouvoir-disperse-et-affaibli","status":"publish","type":"post","link":"https:\/\/kapitalis.com\/tunisie\/2020\/08\/05\/tunisie-trois-presidences-pour-un-pouvoir-disperse-et-affaibli\/","title":{"rendered":"Tunisie : trois pr\u00e9sidences pour un pouvoir dispers\u00e9 et affaibli"},"content":{"rendered":"\n<figure class=\"wp-block-image size-large\"><img decoding=\"async\" src=\"http:\/\/kapitalis.com\/tunisie\/wp-content\/uploads\/2020\/06\/Saied-Ghannouchi-et-Fakhfakh.jpg\" alt=\"\" class=\"wp-image-302654\"\/><\/figure>\n\n\n\n<p><strong><em>Le pouvoir en Tunisie est confisqu\u00e9 par les lobbys et les r\u00e9seaux qui se cachent derri\u00e8re les partis qu\u2019ils financent \u00e0 coup d\u2019argent liquide. Il est entre les mains d\u2019une grappe d\u2019affairistes et de contrebandiers pouss\u00e9s par l\u2019instinct de cupidit\u00e9 et par un imp\u00e9rieux besoin de domination. Ce sont les individus les plus fut\u00e9s qui se partagent l\u2019essentiel des postes cl\u00e9s et se battent toujours pour les garder par tous les moyens. Plus besoin de comp\u00e9tences, c\u2019est l\u2019argent qui donne valeur aux gouvernants. Cela doit changer, et les pr\u00e9mices du changement sont l\u00e0.<\/em><\/strong><\/p>\n\n\n\n<p>Par <strong>Ezzeddine<\/strong> <strong>Kaboudi<\/strong> *<\/p>\n\n\n\n<!--more-->\n\n\n\n<div class=\"wp-block-image\"><figure class=\"alignleft size-large\"><img decoding=\"async\" src=\"http:\/\/kapitalis.com\/tunisie\/wp-content\/uploads\/2017\/09\/Ezzeddine-Kaboudi.jpg\" alt=\"\" class=\"wp-image-113623\"\/><\/figure><\/div>\n\n\n\n<p>La vie politique en Tunisie est ponctu\u00e9e de grands \u00e9v\u00e9nements qui ne manquent pas de marquer les esprits. C\u2019est le cas r\u00e9cemment du rejet de la motion de retrait de confiance au pr\u00e9sident du parlement.<\/p>\n\n\n\n<p>C\u2019est, certes, une nouvelle victoire de la jeune d\u00e9mocratie repr\u00e9sentative tunisienne, mais c\u2019est \u00e9galement une crise de plus, qui n\u2019est ni tenable, ni viable et qui risque de causer des dissensions lourdes de cons\u00e9quences.<\/p>\n\n\n\n<p>En effet, la confrontation impos\u00e9e par les deux grands partis actuels en course a \u00e9t\u00e9 r\u00e9gul\u00e9e en partie \u00e0 travers le jeu des pouvoirs, durant lequel les parties prenantes ont us\u00e9 avec plus ou moins d\u2019habilet\u00e9 tous les subterfuges dont ils disposaient. Chacun a tent\u00e9 \u00e0 sa mani\u00e8re d\u2019influencer la d\u00e9cision finale : n\u00e9gociations, alliances, ruses, tra\u00eetrises, tout \u00e9tait bon pourvu que les int\u00e9r\u00eats soient pr\u00e9serv\u00e9s.<\/p>\n\n\n\n<p>M\u00eame si l\u2019issue \u00e9tait a priori attendue et ne faisait gu\u00e8re de myst\u00e8re, ce bras-de-fer a, tout de m\u00eame, r\u00e9ussi \u00e0 nous faire d\u00e9couvrir un parlement fractur\u00e9 \u00e0 l\u2019image du pays. Comme il a \u00e9galement mis \u00e0 nu les limites d\u2019un syst\u00e8me politique, cens\u00e9 devoir fixer les attributions et les fonctions de l\u2019\u00c9tat, tout en confiant leur exercice exclusif \u00e0 diff\u00e9rents corps \u00e9lus et \u00e0 des ind\u00e9pendants.<\/p>\n\n\n\n<h3 class=\"wp-block-heading\">S\u00e9paration des pouvoirs et pouvoir dispers\u00e9<\/h3>\n\n\n\n<p>D\u2019ailleurs, on a cru comprendre que la r\u00e8gle de la s\u00e9paration des pouvoirs devait \u00eatre observ\u00e9e \u00e0 la lettre. Elle s\u2019av\u00e9rait incontournable, et devait \u00eatre une r\u00e9alit\u00e9 effective, car elle permettait de limiter l\u2019arbitraire et d\u2019emp\u00eacher les abus li\u00e9s \u00e0 l\u2019exercice de missions souveraines.<\/p>\n\n\n\n<p>Ainsi, le propre d\u2019une constitution r\u00e9publicaine, c\u2019est justement de sp\u00e9cifier la l\u00e9gislation r\u00e9gissant les r\u00e8gles d\u2019ind\u00e9pendance, celles qui organisent les moyens de pression dont pourraient disposer les instances politiques. Du coup, on conseillait souvent aux Etats de confier la gouvernance et l\u2019application des lois \u00e0 l\u2019ex\u00e9cutif, le vote des lois au l\u00e9gislatif, et la justice au pouvoir judiciaire.<\/p>\n\n\n\n<p>Certes, les juristes tunisiens ont cru bien faire en veillant \u00e0 ce que le pouvoir soit dispers\u00e9 et non concentr\u00e9 dans les mains d&rsquo;un seul homme ou d&rsquo;un seul parti. Mais, si on regarde de plus pr\u00e8s le cadre constitutionnel de la Tunisie, il y a de quoi tomber \u00e0 la renverse.<\/p>\n\n\n\n<p>Une fois de plus, le syst\u00e8me politique a montr\u00e9 ses limites, en r\u00e9v\u00e9lant le profond clivage entre les trois pr\u00e9sidences et en faisant \u00e9clater au grand jour la guerre des positions que se livrent les trois institutions pour affirmer leur pouvoir et marquer leur territoire.<\/p>\n\n\n\n<h3 class=\"wp-block-heading\">Un parlement qui prend les gouvernements en otages<\/h3>\n\n\n\n<p>Le souci, c\u2019est qu\u2019on s\u2019est retrouv\u00e9 \u00e0 composer, avec un parlement qui exerce, sans conteste, son pouvoir sur les trois pr\u00e9sidences, au risque d\u2019alt\u00e9rer l\u2019\u00e9quilibre des institutions. C\u2019est, donc, une situation-probl\u00e8me, puisque cette h\u00e9g\u00e9monie sans partage a litt\u00e9ralement permis \u00e0 certains partis politiques de prendre les gouvernements successifs en otage, les for\u00e7ant parfois \u00e0 d\u00e9missionner. Ce qui explique, d\u2019ailleurs, le fait qu\u2019ils n\u2019arrivaient pas \u00e0 exercer plus que quelques mois.<\/p>\n\n\n\n<p>En effet, durant des ann\u00e9es, on s\u2019est retrouv\u00e9 avec :<\/p>\n\n\n\n<p>-un l\u00e9gislatif impliqu\u00e9 dans les conflits qui opposent les partis et dont le seul souci est de contr\u00f4ler l\u2019ex\u00e9cutif avec comme ligne de mire les postes cl\u00e9s (minist\u00e8res de l\u2019Int\u00e9rieur, de la Justice, de la Communication\u2026), uniquement dans le but d\u2019\u00e9viter \u00e0 certains partis de rendre des comptes dans les affaires de corruption, de contrebande et de terrorisme;<\/p>\n\n\n\n<p>-un ex\u00e9cutif qui a perdu le gouvernail d\u2019une Tunisie en pleine tourmente et qui se trouve souvent tiraill\u00e9 entre des partis qui se regardent en chien de fa\u00efence;<\/p>\n\n\n\n<p>-une pr\u00e9sidence de la r\u00e9publique affaiblie, de par l&rsquo;article 71 de la Constitution de 2014 qui ne lui a attribu\u00e9 que la gestion des portefeuilles des Affaires \u00e9trang\u00e8res et de la D\u00e9fense, conjointement avec le chef du gouvernement<\/p>\n\n\n\n<h3 class=\"wp-block-heading\">Le pouvoir confisqu\u00e9 par les lobbys cach\u00e9s derri\u00e8re les partis<\/h3>\n\n\n\n<p>Cette r\u00e9alit\u00e9, qui se passe de tout commentaire, montre toute la difficult\u00e9 \u00e0 cerner celui qui d\u00e9tient r\u00e9ellement les r\u00eanes du pouvoir en Tunisie ? Est-ce le pr\u00e9sident du parlement, ou bien le pr\u00e9sident de la r\u00e9publique ou bien le chef du gouvernement ?<\/p>\n\n\n\n<p>En fait, ni l\u2019un ni l\u2019autre !<\/p>\n\n\n\n<p>Le pouvoir est confisqu\u00e9 par les lobbys et les r\u00e9seaux qui se cachent derri\u00e8re les partis qu\u2019ils financent \u00e0 coup d\u2019argent liquide. Le pouvoir est entre les mains d\u2019une grappe d\u2019hommes d\u2019affaires et de contrebandiers d\u00e9sabus\u00e9s, pouss\u00e9s par l\u2019instinct de cupidit\u00e9 et par un imp\u00e9rieux besoin de s\u2019accaparer le pouvoir. Ce sont les individus les plus d\u00e9brouillards et les plus fut\u00e9s qui se partagent l\u2019essentiel des postes cl\u00e9s et se battent toujours pour les garder par tous les moyens. Plus besoin de comp\u00e9tences ni m\u00eame parfois de baccalaur\u00e9at, c\u2019est l\u2019argent qui donne valeur aux personnes qui gouvernent la Tunisie.<\/p>\n\n\n\n<p>Force est de constater que ces m\u00eames personnes paradent toujours sur le devant des m\u00e9dias et promettent encore monts et merveilles \u00e0 coup de beaux discours. Il n\u2019y a plus rien \u00e0 esp\u00e9rer, plus rien \u00e0 attendre de ces personnes. Cette classe politique n\u2019est, donc, plus digne de nous repr\u00e9senter, ni en capacit\u00e9 de nous gouverner.<\/p>\n\n\n\n<p>Il faudrait les d\u00e9masquer, les traquer et les d\u00e9busquer, avec une seule id\u00e9e en t\u00eate : oser d\u00e9noncer ceux qui bloquent le fonctionnement du gouvernement et qui le maintiennent sous le joug de la cupidit\u00e9.<\/p>\n\n\n\n<p>Aujourd\u2019hui, les pr\u00e9mices sont bonnes, et c\u2019est une belle occasion pour permettre aux institutions politiques de se repositionner et de se consacrer finalement aux probl\u00e8mes du pays. Parmi ces pr\u00e9mices :<\/p>\n\n\n\n<p>-nous avons enfin un pr\u00e9sident qui ne trempe pas dans les man\u0153uvres politiciennes et qui ne se pr\u00e9occupe que de l\u2019int\u00e9r\u00eat sup\u00e9rieur de la nation;<\/p>\n\n\n\n<p>-un futur chef de gouvernement d\u00e9sign\u00e9 par la pr\u00e9sidence de la r\u00e9publique, qui fait montre d\u2019une honn\u00eatet\u00e9 exemplaire, et qui n\u2019appartient pas au monde de la politique ni au monde des affaires. Ce sc\u00e9nario semble le mieux \u00e0 m\u00eame d\u2019assurer l\u2019ind\u00e9pendance du pouvoir ex\u00e9cutif vis-\u00e0-vis du dictat du parlement;<\/p>\n\n\n\n<p>-et une farouche opposition au parlement qui va certainement permettre d\u2019\u00e9viter le d\u00e9s\u00e9quilibre des institutions.<\/p>\n\n\n\n<p>L\u2019enjeu, c\u2019est de lever le flou qui persiste encore sur l\u2019implication des partis politiques dans la corruption et la contrebande, dans les assassinats politiques, les transferts d\u2019argent, le sort des emprunts, le financement des associations et des partis politiques, la chambre noire du minist\u00e8re de l\u2019Int\u00e9rieur et l\u2019appareil secret\u2026 \u00c7a fait froid dans le dos.<\/p>\n\n\n\n<p>Mais cela n\u2019enl\u00e8ve rien au fait que, d\u00e9mocratiquement, la Tunisie continue \u00e0 donner des le\u00e7ons.<\/p>\n\n\n\n<p>* <em>Universitaire, auteur du livre \u2018\u2018\u00c0 la recherche de la structure cach\u00e9e du Coran\u2019\u2019, \u00e9d. Edilivre.<\/em><\/p>\n\n\n\n<h3 class=\"wp-block-heading\">Articles du m\u00eame auteur dans Kapitalis : <\/h3>\n\n\n\n<figure class=\"wp-block-embed-wordpress wp-block-embed is-type-wp-embed is-provider-kapitalis\"><div class=\"wp-block-embed__wrapper\">\n<blockquote class=\"wp-embedded-content\" data-secret=\"wVDixspqkr\"><a href=\"https:\/\/kapitalis.com\/tunisie\/2019\/08\/24\/presidentielle-tunisienne-ces-candidats-zero-virgule-qui-nagent-dans-le-brouillard\/\">Pr\u00e9sidentielle tunisienne : ces candidats \u00abz\u00e9ro-virgule\u00bb qui nagent dans le brouillard<\/a><\/blockquote><iframe loading=\"lazy\" class=\"wp-embedded-content\" sandbox=\"allow-scripts\" security=\"restricted\" style=\"position: absolute; clip: rect(1px, 1px, 1px, 1px);\" title=\"\u00ab\u00a0Pr\u00e9sidentielle tunisienne : ces candidats \u00abz\u00e9ro-virgule\u00bb qui nagent dans le brouillard\u00a0\u00bb &#8212; Kapitalis\" src=\"https:\/\/kapitalis.com\/tunisie\/2019\/08\/24\/presidentielle-tunisienne-ces-candidats-zero-virgule-qui-nagent-dans-le-brouillard\/embed\/#?secret=8RGJk2EBgx#?secret=wVDixspqkr\" data-secret=\"wVDixspqkr\" width=\"600\" height=\"338\" frameborder=\"0\" marginwidth=\"0\" marginheight=\"0\" scrolling=\"no\"><\/iframe>\n<\/div><\/figure>\n\n\n\n<figure class=\"wp-block-embed-wordpress wp-block-embed is-type-wp-embed is-provider-kapitalis\"><div class=\"wp-block-embed__wrapper\">\n<blockquote class=\"wp-embedded-content\" data-secret=\"RNjHnfXer6\"><a href=\"https:\/\/kapitalis.com\/tunisie\/2019\/03\/07\/egalite-successorale-en-tunisie-meprise-sur-la-question-de-la-laicite-en-islam\/\">Egalit\u00e9 successorale en Tunisie : M\u00e9prise sur la question de la la\u00efcit\u00e9 en islam<\/a><\/blockquote><iframe loading=\"lazy\" class=\"wp-embedded-content\" sandbox=\"allow-scripts\" security=\"restricted\" style=\"position: absolute; clip: rect(1px, 1px, 1px, 1px);\" title=\"\u00ab\u00a0Egalit\u00e9 successorale en Tunisie : M\u00e9prise sur la question de la la\u00efcit\u00e9 en islam\u00a0\u00bb &#8212; Kapitalis\" src=\"https:\/\/kapitalis.com\/tunisie\/2019\/03\/07\/egalite-successorale-en-tunisie-meprise-sur-la-question-de-la-laicite-en-islam\/embed\/#?secret=edpAcagBxY#?secret=RNjHnfXer6\" data-secret=\"RNjHnfXer6\" width=\"600\" height=\"338\" frameborder=\"0\" marginwidth=\"0\" marginheight=\"0\" scrolling=\"no\"><\/iframe>\n<\/div><\/figure>\n\n\n\n<figure class=\"wp-block-embed-wordpress wp-block-embed is-type-wp-embed is-provider-kapitalis\"><div class=\"wp-block-embed__wrapper\">\n<blockquote class=\"wp-embedded-content\" data-secret=\"c2kzBJKmBW\"><a href=\"https:\/\/kapitalis.com\/tunisie\/2018\/12\/01\/la-tunisie-entre-le-marteau-de-la-crise-et-lenclume-de-lirresponsabilite\/\">La Tunisie entre le marteau de la crise et l\u2019enclume de l\u2019irresponsabilit\u00e9<\/a><\/blockquote><iframe loading=\"lazy\" class=\"wp-embedded-content\" sandbox=\"allow-scripts\" security=\"restricted\" style=\"position: absolute; clip: rect(1px, 1px, 1px, 1px);\" title=\"\u00ab\u00a0La Tunisie entre le marteau de la crise et l\u2019enclume de l\u2019irresponsabilit\u00e9\u00a0\u00bb &#8212; Kapitalis\" src=\"https:\/\/kapitalis.com\/tunisie\/2018\/12\/01\/la-tunisie-entre-le-marteau-de-la-crise-et-lenclume-de-lirresponsabilite\/embed\/#?secret=8ZsCpDntrN#?secret=c2kzBJKmBW\" data-secret=\"c2kzBJKmBW\" width=\"600\" height=\"338\" frameborder=\"0\" marginwidth=\"0\" marginheight=\"0\" scrolling=\"no\"><\/iframe>\n<\/div><\/figure>\n","protected":false},"excerpt":{"rendered":"<p>Le pouvoir en Tunisie est confisqu\u00e9 par les lobbys et les r\u00e9seaux qui se cachent derri\u00e8re les partis qu\u2019ils financent \u00e0 coup d\u2019argent liquide. Il est entre les mains d\u2019une grappe d\u2019affairistes et de contrebandiers pouss\u00e9s par l\u2019instinct de cupidit\u00e9 et par un imp\u00e9rieux besoin de domination. Ce sont les individus les plus fut\u00e9s qui&#8230;<\/p>\n","protected":false},"author":8,"featured_media":0,"comment_status":"open","ping_status":"open","sticky":false,"template":"","format":"standard","meta":{"footnotes":""},"categories":[992,997,1000,2433],"tags":[3592,81401,81402,81400],"class_list":["post-310638","post","type-post","status-publish","format-standard","hentry","category-a-la-une","category-politique","category-tribune","category-tunisie","tag-contrebandiers","tag-lobbys","tag-reseaux","tag-trois-presidence"],"yoast_head":"<!-- This site is optimized with the Yoast SEO plugin v26.6 - https:\/\/yoast.com\/wordpress\/plugins\/seo\/ -->\n<title>Tunisie : trois pr\u00e9sidences pour un pouvoir dispers\u00e9 et affaibli - Kapitalis<\/title>\n<meta name=\"robots\" content=\"index, follow, max-snippet:-1, max-image-preview:large, max-video-preview:-1\" \/>\n<link rel=\"canonical\" href=\"https:\/\/kapitalis.com\/tunisie\/2020\/08\/05\/tunisie-trois-presidences-pour-un-pouvoir-disperse-et-affaibli\/\" \/>\n<meta property=\"og:locale\" content=\"fr_FR\" \/>\n<meta property=\"og:type\" content=\"article\" \/>\n<meta property=\"og:title\" content=\"Tunisie : trois pr\u00e9sidences pour un pouvoir dispers\u00e9 et affaibli - Kapitalis\" \/>\n<meta property=\"og:description\" content=\"Le pouvoir en Tunisie est confisqu\u00e9 par les lobbys et les r\u00e9seaux qui se cachent derri\u00e8re les partis qu\u2019ils financent \u00e0 coup d\u2019argent liquide. Il est entre les mains d\u2019une grappe d\u2019affairistes et de contrebandiers pouss\u00e9s par l\u2019instinct de cupidit\u00e9 et par un imp\u00e9rieux besoin de domination. Ce sont les individus les plus fut\u00e9s qui...\" \/>\n<meta property=\"og:url\" content=\"https:\/\/kapitalis.com\/tunisie\/2020\/08\/05\/tunisie-trois-presidences-pour-un-pouvoir-disperse-et-affaibli\/\" \/>\n<meta property=\"og:site_name\" content=\"Kapitalis\" \/>\n<meta property=\"article:publisher\" content=\"https:\/\/www.facebook.com\/KapitalisInfo\/\" \/>\n<meta property=\"article:published_time\" content=\"2020-08-05T11:48:36+00:00\" \/>\n<meta property=\"article:modified_time\" content=\"2020-08-05T11:48:39+00:00\" \/>\n<meta property=\"og:image\" content=\"http:\/\/kapitalis.com\/tunisie\/wp-content\/uploads\/2020\/06\/Saied-Ghannouchi-et-Fakhfakh.jpg\" \/>\n<meta name=\"author\" content=\"webmaster kapitalis\" \/>\n<meta name=\"twitter:card\" content=\"summary_large_image\" \/>\n<meta name=\"twitter:creator\" content=\"@KapitalisInfo\" \/>\n<meta name=\"twitter:site\" content=\"@KapitalisInfo\" \/>\n<meta name=\"twitter:label1\" content=\"\u00c9crit par\" \/>\n\t<meta name=\"twitter:data1\" content=\"webmaster kapitalis\" \/>\n\t<meta name=\"twitter:label2\" content=\"Dur\u00e9e de lecture estim\u00e9e\" \/>\n\t<meta name=\"twitter:data2\" content=\"7 minutes\" \/>\n<script type=\"application\/ld+json\" class=\"yoast-schema-graph\">{\"@context\":\"https:\/\/schema.org\",\"@graph\":[{\"@type\":\"Article\",\"@id\":\"https:\/\/kapitalis.com\/tunisie\/2020\/08\/05\/tunisie-trois-presidences-pour-un-pouvoir-disperse-et-affaibli\/#article\",\"isPartOf\":{\"@id\":\"https:\/\/kapitalis.com\/tunisie\/2020\/08\/05\/tunisie-trois-presidences-pour-un-pouvoir-disperse-et-affaibli\/\"},\"author\":{\"name\":\"webmaster kapitalis\",\"@id\":\"https:\/\/kapitalis.com\/tunisie\/#\/schema\/person\/d71f33a9ca44f7bad4698210b480c8e9\"},\"headline\":\"Tunisie : trois pr\u00e9sidences pour un pouvoir dispers\u00e9 et affaibli\",\"datePublished\":\"2020-08-05T11:48:36+00:00\",\"dateModified\":\"2020-08-05T11:48:39+00:00\",\"mainEntityOfPage\":{\"@id\":\"https:\/\/kapitalis.com\/tunisie\/2020\/08\/05\/tunisie-trois-presidences-pour-un-pouvoir-disperse-et-affaibli\/\"},\"wordCount\":1372,\"commentCount\":6,\"publisher\":{\"@id\":\"https:\/\/kapitalis.com\/tunisie\/#organization\"},\"image\":{\"@id\":\"https:\/\/kapitalis.com\/tunisie\/2020\/08\/05\/tunisie-trois-presidences-pour-un-pouvoir-disperse-et-affaibli\/#primaryimage\"},\"thumbnailUrl\":\"http:\/\/kapitalis.com\/tunisie\/wp-content\/uploads\/2020\/06\/Saied-Ghannouchi-et-Fakhfakh.jpg\",\"keywords\":[\"contrebandiers\",\"lobbys\",\"r\u00e9seaux\",\"trois pr\u00e9sidence\"],\"articleSection\":[\"A LA UNE\",\"POLITIQUE\",\"TRIBUNE\",\"Tunisie\"],\"inLanguage\":\"fr-FR\",\"potentialAction\":[{\"@type\":\"CommentAction\",\"name\":\"Comment\",\"target\":[\"https:\/\/kapitalis.com\/tunisie\/2020\/08\/05\/tunisie-trois-presidences-pour-un-pouvoir-disperse-et-affaibli\/#respond\"]}]},{\"@type\":\"WebPage\",\"@id\":\"https:\/\/kapitalis.com\/tunisie\/2020\/08\/05\/tunisie-trois-presidences-pour-un-pouvoir-disperse-et-affaibli\/\",\"url\":\"https:\/\/kapitalis.com\/tunisie\/2020\/08\/05\/tunisie-trois-presidences-pour-un-pouvoir-disperse-et-affaibli\/\",\"name\":\"Tunisie : trois pr\u00e9sidences pour un pouvoir dispers\u00e9 et affaibli - Kapitalis\",\"isPartOf\":{\"@id\":\"https:\/\/kapitalis.com\/tunisie\/#website\"},\"primaryImageOfPage\":{\"@id\":\"https:\/\/kapitalis.com\/tunisie\/2020\/08\/05\/tunisie-trois-presidences-pour-un-pouvoir-disperse-et-affaibli\/#primaryimage\"},\"image\":{\"@id\":\"https:\/\/kapitalis.com\/tunisie\/2020\/08\/05\/tunisie-trois-presidences-pour-un-pouvoir-disperse-et-affaibli\/#primaryimage\"},\"thumbnailUrl\":\"http:\/\/kapitalis.com\/tunisie\/wp-content\/uploads\/2020\/06\/Saied-Ghannouchi-et-Fakhfakh.jpg\",\"datePublished\":\"2020-08-05T11:48:36+00:00\",\"dateModified\":\"2020-08-05T11:48:39+00:00\",\"breadcrumb\":{\"@id\":\"https:\/\/kapitalis.com\/tunisie\/2020\/08\/05\/tunisie-trois-presidences-pour-un-pouvoir-disperse-et-affaibli\/#breadcrumb\"},\"inLanguage\":\"fr-FR\",\"potentialAction\":[{\"@type\":\"ReadAction\",\"target\":[\"https:\/\/kapitalis.com\/tunisie\/2020\/08\/05\/tunisie-trois-presidences-pour-un-pouvoir-disperse-et-affaibli\/\"]}]},{\"@type\":\"ImageObject\",\"inLanguage\":\"fr-FR\",\"@id\":\"https:\/\/kapitalis.com\/tunisie\/2020\/08\/05\/tunisie-trois-presidences-pour-un-pouvoir-disperse-et-affaibli\/#primaryimage\",\"url\":\"\",\"contentUrl\":\"\"},{\"@type\":\"BreadcrumbList\",\"@id\":\"https:\/\/kapitalis.com\/tunisie\/2020\/08\/05\/tunisie-trois-presidences-pour-un-pouvoir-disperse-et-affaibli\/#breadcrumb\",\"itemListElement\":[{\"@type\":\"ListItem\",\"position\":1,\"name\":\"Accueil\",\"item\":\"https:\/\/kapitalis.com\/tunisie\/\"},{\"@type\":\"ListItem\",\"position\":2,\"name\":\"Tunisie : trois pr\u00e9sidences pour un pouvoir dispers\u00e9 et affaibli\"}]},{\"@type\":\"WebSite\",\"@id\":\"https:\/\/kapitalis.com\/tunisie\/#website\",\"url\":\"https:\/\/kapitalis.com\/tunisie\/\",\"name\":\"Kapitalis\",\"description\":\"L&#039;actualit\u00e9 en Tunisie et dans le monde\",\"publisher\":{\"@id\":\"https:\/\/kapitalis.com\/tunisie\/#organization\"},\"potentialAction\":[{\"@type\":\"SearchAction\",\"target\":{\"@type\":\"EntryPoint\",\"urlTemplate\":\"https:\/\/kapitalis.com\/tunisie\/?s={search_term_string}\"},\"query-input\":{\"@type\":\"PropertyValueSpecification\",\"valueRequired\":true,\"valueName\":\"search_term_string\"}}],\"inLanguage\":\"fr-FR\"},{\"@type\":\"Organization\",\"@id\":\"https:\/\/kapitalis.com\/tunisie\/#organization\",\"name\":\"Kapitalis\",\"url\":\"https:\/\/kapitalis.com\/tunisie\/\",\"logo\":{\"@type\":\"ImageObject\",\"inLanguage\":\"fr-FR\",\"@id\":\"https:\/\/kapitalis.com\/tunisie\/#\/schema\/logo\/image\/\",\"url\":\"https:\/\/kapitalis.com\/tunisie\/wp-content\/uploads\/2022\/05\/Kapitalis-big-size.png\",\"contentUrl\":\"https:\/\/kapitalis.com\/tunisie\/wp-content\/uploads\/2022\/05\/Kapitalis-big-size.png\",\"width\":5000,\"height\":1500,\"caption\":\"Kapitalis\"},\"image\":{\"@id\":\"https:\/\/kapitalis.com\/tunisie\/#\/schema\/logo\/image\/\"},\"sameAs\":[\"https:\/\/www.facebook.com\/KapitalisInfo\/\",\"https:\/\/x.com\/KapitalisInfo\",\"https:\/\/www.youtube.com\/channel\/UC-yDYrHyfFBWWZaOw3FPg9Q\"]},{\"@type\":\"Person\",\"@id\":\"https:\/\/kapitalis.com\/tunisie\/#\/schema\/person\/d71f33a9ca44f7bad4698210b480c8e9\",\"name\":\"webmaster kapitalis\",\"url\":\"https:\/\/kapitalis.com\/tunisie\/author\/webmaster-kapitalis\/\"}]}<\/script>\n<!-- \/ Yoast SEO plugin. -->","yoast_head_json":{"title":"Tunisie : trois pr\u00e9sidences pour un pouvoir dispers\u00e9 et affaibli - Kapitalis","robots":{"index":"index","follow":"follow","max-snippet":"max-snippet:-1","max-image-preview":"max-image-preview:large","max-video-preview":"max-video-preview:-1"},"canonical":"https:\/\/kapitalis.com\/tunisie\/2020\/08\/05\/tunisie-trois-presidences-pour-un-pouvoir-disperse-et-affaibli\/","og_locale":"fr_FR","og_type":"article","og_title":"Tunisie : trois pr\u00e9sidences pour un pouvoir dispers\u00e9 et affaibli - Kapitalis","og_description":"Le pouvoir en Tunisie est confisqu\u00e9 par les lobbys et les r\u00e9seaux qui se cachent derri\u00e8re les partis qu\u2019ils financent \u00e0 coup d\u2019argent liquide. Il est entre les mains d\u2019une grappe d\u2019affairistes et de contrebandiers pouss\u00e9s par l\u2019instinct de cupidit\u00e9 et par un imp\u00e9rieux besoin de domination. Ce sont les individus les plus fut\u00e9s qui...","og_url":"https:\/\/kapitalis.com\/tunisie\/2020\/08\/05\/tunisie-trois-presidences-pour-un-pouvoir-disperse-et-affaibli\/","og_site_name":"Kapitalis","article_publisher":"https:\/\/www.facebook.com\/KapitalisInfo\/","article_published_time":"2020-08-05T11:48:36+00:00","article_modified_time":"2020-08-05T11:48:39+00:00","og_image":[{"url":"http:\/\/kapitalis.com\/tunisie\/wp-content\/uploads\/2020\/06\/Saied-Ghannouchi-et-Fakhfakh.jpg","type":"","width":"","height":""}],"author":"webmaster kapitalis","twitter_card":"summary_large_image","twitter_creator":"@KapitalisInfo","twitter_site":"@KapitalisInfo","twitter_misc":{"\u00c9crit par":"webmaster kapitalis","Dur\u00e9e de lecture estim\u00e9e":"7 minutes"},"schema":{"@context":"https:\/\/schema.org","@graph":[{"@type":"Article","@id":"https:\/\/kapitalis.com\/tunisie\/2020\/08\/05\/tunisie-trois-presidences-pour-un-pouvoir-disperse-et-affaibli\/#article","isPartOf":{"@id":"https:\/\/kapitalis.com\/tunisie\/2020\/08\/05\/tunisie-trois-presidences-pour-un-pouvoir-disperse-et-affaibli\/"},"author":{"name":"webmaster kapitalis","@id":"https:\/\/kapitalis.com\/tunisie\/#\/schema\/person\/d71f33a9ca44f7bad4698210b480c8e9"},"headline":"Tunisie : trois pr\u00e9sidences pour un pouvoir dispers\u00e9 et affaibli","datePublished":"2020-08-05T11:48:36+00:00","dateModified":"2020-08-05T11:48:39+00:00","mainEntityOfPage":{"@id":"https:\/\/kapitalis.com\/tunisie\/2020\/08\/05\/tunisie-trois-presidences-pour-un-pouvoir-disperse-et-affaibli\/"},"wordCount":1372,"commentCount":6,"publisher":{"@id":"https:\/\/kapitalis.com\/tunisie\/#organization"},"image":{"@id":"https:\/\/kapitalis.com\/tunisie\/2020\/08\/05\/tunisie-trois-presidences-pour-un-pouvoir-disperse-et-affaibli\/#primaryimage"},"thumbnailUrl":"http:\/\/kapitalis.com\/tunisie\/wp-content\/uploads\/2020\/06\/Saied-Ghannouchi-et-Fakhfakh.jpg","keywords":["contrebandiers","lobbys","r\u00e9seaux","trois pr\u00e9sidence"],"articleSection":["A LA UNE","POLITIQUE","TRIBUNE","Tunisie"],"inLanguage":"fr-FR","potentialAction":[{"@type":"CommentAction","name":"Comment","target":["https:\/\/kapitalis.com\/tunisie\/2020\/08\/05\/tunisie-trois-presidences-pour-un-pouvoir-disperse-et-affaibli\/#respond"]}]},{"@type":"WebPage","@id":"https:\/\/kapitalis.com\/tunisie\/2020\/08\/05\/tunisie-trois-presidences-pour-un-pouvoir-disperse-et-affaibli\/","url":"https:\/\/kapitalis.com\/tunisie\/2020\/08\/05\/tunisie-trois-presidences-pour-un-pouvoir-disperse-et-affaibli\/","name":"Tunisie : trois pr\u00e9sidences pour un pouvoir dispers\u00e9 et affaibli - Kapitalis","isPartOf":{"@id":"https:\/\/kapitalis.com\/tunisie\/#website"},"primaryImageOfPage":{"@id":"https:\/\/kapitalis.com\/tunisie\/2020\/08\/05\/tunisie-trois-presidences-pour-un-pouvoir-disperse-et-affaibli\/#primaryimage"},"image":{"@id":"https:\/\/kapitalis.com\/tunisie\/2020\/08\/05\/tunisie-trois-presidences-pour-un-pouvoir-disperse-et-affaibli\/#primaryimage"},"thumbnailUrl":"http:\/\/kapitalis.com\/tunisie\/wp-content\/uploads\/2020\/06\/Saied-Ghannouchi-et-Fakhfakh.jpg","datePublished":"2020-08-05T11:48:36+00:00","dateModified":"2020-08-05T11:48:39+00:00","breadcrumb":{"@id":"https:\/\/kapitalis.com\/tunisie\/2020\/08\/05\/tunisie-trois-presidences-pour-un-pouvoir-disperse-et-affaibli\/#breadcrumb"},"inLanguage":"fr-FR","potentialAction":[{"@type":"ReadAction","target":["https:\/\/kapitalis.com\/tunisie\/2020\/08\/05\/tunisie-trois-presidences-pour-un-pouvoir-disperse-et-affaibli\/"]}]},{"@type":"ImageObject","inLanguage":"fr-FR","@id":"https:\/\/kapitalis.com\/tunisie\/2020\/08\/05\/tunisie-trois-presidences-pour-un-pouvoir-disperse-et-affaibli\/#primaryimage","url":"","contentUrl":""},{"@type":"BreadcrumbList","@id":"https:\/\/kapitalis.com\/tunisie\/2020\/08\/05\/tunisie-trois-presidences-pour-un-pouvoir-disperse-et-affaibli\/#breadcrumb","itemListElement":[{"@type":"ListItem","position":1,"name":"Accueil","item":"https:\/\/kapitalis.com\/tunisie\/"},{"@type":"ListItem","position":2,"name":"Tunisie : trois pr\u00e9sidences pour un pouvoir dispers\u00e9 et affaibli"}]},{"@type":"WebSite","@id":"https:\/\/kapitalis.com\/tunisie\/#website","url":"https:\/\/kapitalis.com\/tunisie\/","name":"Kapitalis","description":"L&#039;actualit\u00e9 en Tunisie et dans le monde","publisher":{"@id":"https:\/\/kapitalis.com\/tunisie\/#organization"},"potentialAction":[{"@type":"SearchAction","target":{"@type":"EntryPoint","urlTemplate":"https:\/\/kapitalis.com\/tunisie\/?s={search_term_string}"},"query-input":{"@type":"PropertyValueSpecification","valueRequired":true,"valueName":"search_term_string"}}],"inLanguage":"fr-FR"},{"@type":"Organization","@id":"https:\/\/kapitalis.com\/tunisie\/#organization","name":"Kapitalis","url":"https:\/\/kapitalis.com\/tunisie\/","logo":{"@type":"ImageObject","inLanguage":"fr-FR","@id":"https:\/\/kapitalis.com\/tunisie\/#\/schema\/logo\/image\/","url":"https:\/\/kapitalis.com\/tunisie\/wp-content\/uploads\/2022\/05\/Kapitalis-big-size.png","contentUrl":"https:\/\/kapitalis.com\/tunisie\/wp-content\/uploads\/2022\/05\/Kapitalis-big-size.png","width":5000,"height":1500,"caption":"Kapitalis"},"image":{"@id":"https:\/\/kapitalis.com\/tunisie\/#\/schema\/logo\/image\/"},"sameAs":["https:\/\/www.facebook.com\/KapitalisInfo\/","https:\/\/x.com\/KapitalisInfo","https:\/\/www.youtube.com\/channel\/UC-yDYrHyfFBWWZaOw3FPg9Q"]},{"@type":"Person","@id":"https:\/\/kapitalis.com\/tunisie\/#\/schema\/person\/d71f33a9ca44f7bad4698210b480c8e9","name":"webmaster kapitalis","url":"https:\/\/kapitalis.com\/tunisie\/author\/webmaster-kapitalis\/"}]}},"_links":{"self":[{"href":"https:\/\/kapitalis.com\/tunisie\/wp-json\/wp\/v2\/posts\/310638","targetHints":{"allow":["GET"]}}],"collection":[{"href":"https:\/\/kapitalis.com\/tunisie\/wp-json\/wp\/v2\/posts"}],"about":[{"href":"https:\/\/kapitalis.com\/tunisie\/wp-json\/wp\/v2\/types\/post"}],"author":[{"embeddable":true,"href":"https:\/\/kapitalis.com\/tunisie\/wp-json\/wp\/v2\/users\/8"}],"replies":[{"embeddable":true,"href":"https:\/\/kapitalis.com\/tunisie\/wp-json\/wp\/v2\/comments?post=310638"}],"version-history":[{"count":0,"href":"https:\/\/kapitalis.com\/tunisie\/wp-json\/wp\/v2\/posts\/310638\/revisions"}],"wp:attachment":[{"href":"https:\/\/kapitalis.com\/tunisie\/wp-json\/wp\/v2\/media?parent=310638"}],"wp:term":[{"taxonomy":"category","embeddable":true,"href":"https:\/\/kapitalis.com\/tunisie\/wp-json\/wp\/v2\/categories?post=310638"},{"taxonomy":"post_tag","embeddable":true,"href":"https:\/\/kapitalis.com\/tunisie\/wp-json\/wp\/v2\/tags?post=310638"}],"curies":[{"name":"wp","href":"https:\/\/api.w.org\/{rel}","templated":true}]}}