{"id":310701,"date":"2020-08-06T08:09:31","date_gmt":"2020-08-06T07:09:31","guid":{"rendered":"http:\/\/kapitalis.com\/tunisie\/?p=310701"},"modified":"2020-08-06T08:09:32","modified_gmt":"2020-08-06T07:09:32","slug":"lart-rue-de-beaux-projets-pour-initier-les-enfants-a-la-creation","status":"publish","type":"post","link":"https:\/\/kapitalis.com\/tunisie\/2020\/08\/06\/lart-rue-de-beaux-projets-pour-initier-les-enfants-a-la-creation\/","title":{"rendered":"L&rsquo;art Rue : De beaux projets pour initier les enfants \u00e0 la cr\u00e9ation"},"content":{"rendered":"\n<div class=\"wp-block-image\"><figure class=\"aligncenter size-large\"><img decoding=\"async\" src=\"http:\/\/kapitalis.com\/tunisie\/wp-content\/uploads\/2020\/08\/Untitled-2.jpg\" alt=\"\" class=\"wp-image-310723\"\/><\/figure><\/div>\n\n\n\n<p><strong><em>L\u2019association culturelle L\u2019Art Rue a mis en place diff\u00e9rents projets artistiques destin\u00e9s aux enfants afin de leur permettre de d\u00e9velopper leur potentiel cr\u00e9atif.<\/em><\/strong><\/p>\n\n\n\n<!--more-->\n\n\n\n<p>L\u2019Art Rue, qui se d\u00e9finit comme \u00ab<em>une fabrique d\u2019espaces artistiques au c\u0153ur de la M\u00e9dina de Tunis<\/em>\u00bb et qui organise notamment la c\u00e9l\u00e8bre biennale <em>Dream City<\/em>, \u00e9tait ravie de voir son si\u00e8ge \u00e0 Dar Bach Hamba se faire enfin classer comme monument historique prot\u00e9g\u00e9.<\/p>\n\n\n\n<p>Le collectif, qui organise tout au long de l\u2019ann\u00e9e des activit\u00e9s culturelles et des r\u00e9sidences artistiques mettant en valeur le potentiel de la M\u00e9dina, a accueilli durant le mois de juillet des groupes d\u2019enfants \u00e2g\u00e9s de 6 \u00e0 12 ans dans le cadre de deux beaux projets\u00a0: la <em>R\u00e9sidence de th\u00e9\u00e2tre<\/em> de Nejma Zeghidi qui aboutira en octobre prochain \u00e0 un spectacle de sensibilisation sur les jeux \u00e0 risque, et puis le nouveaux concept <em>S\u00e2ni<\/em> (cr\u00e9ateur) qui marie l\u2019artisanat et le design au service du patrimoine tunisien et dont la premi\u00e8re activit\u00e9 a fait r\u00e9unir la dinanderie et le jeu populaire de la \u00ab<em>kharbga<\/em>\u00bb.<\/p>\n\n\n\n<div class=\"wp-block-image\"><figure class=\"aligncenter size-large is-resized\"><img decoding=\"async\" src=\"http:\/\/kapitalis.com\/tunisie\/wp-content\/uploads\/2020\/08\/Untitled-1-3.jpg\" alt=\"\" class=\"wp-image-310724\" width=\"500\"\/><\/figure><\/div>\n\n\n\n<p>L\u2019Art Rue annonce \u00e9galement que la programmation digitale <em>\u00abDPDW<\/em>\u00bb reprendra en septembre avec un nouveau format qui rendra hommage aux figures de la danse contemporaine tunisienne. Au programme \u00e9galement le lancement l\u2019initiative \u00ab<em>Al Moutawassit<\/em>\u00bb\u00a0: la m\u00e9diation culturelle comme point de rencontre.<\/p>\n\n\n\n<p class=\"has-text-align-right\"><strong>Fawz Ben Ali<\/strong><\/p>\n","protected":false},"excerpt":{"rendered":"<p>L\u2019association culturelle L\u2019Art Rue a mis en place diff\u00e9rents projets artistiques destin\u00e9s aux enfants afin de leur permettre de d\u00e9velopper leur potentiel cr\u00e9atif.<\/p>\n","protected":false},"author":26,"featured_media":310722,"comment_status":"open","ping_status":"open","sticky":false,"template":"","format":"standard","meta":{"footnotes":""},"categories":[994,2433],"tags":[81419,81417,6784,8866,81418],"class_list":["post-310701","post","type-post","status-publish","format-standard","has-post-thumbnail","hentry","category-culture","category-tunisie","tag-culture-pour-enfants","tag-dar-bach-hamba","tag-lart-rue","tag-medina-de-tunis","tag-residences-artistiques-pour-enfants"],"yoast_head":"<!-- This site is optimized with the Yoast SEO plugin v26.6 - https:\/\/yoast.com\/wordpress\/plugins\/seo\/ -->\n<title>L&#039;art Rue : De beaux projets pour initier les enfants \u00e0 la cr\u00e9ation - Kapitalis<\/title>\n<meta name=\"robots\" content=\"index, follow, max-snippet:-1, max-image-preview:large, max-video-preview:-1\" \/>\n<link rel=\"canonical\" href=\"https:\/\/kapitalis.com\/tunisie\/2020\/08\/06\/lart-rue-de-beaux-projets-pour-initier-les-enfants-a-la-creation\/\" \/>\n<meta property=\"og:locale\" content=\"fr_FR\" \/>\n<meta property=\"og:type\" content=\"article\" \/>\n<meta property=\"og:title\" content=\"L&#039;art Rue : De beaux projets pour initier les enfants \u00e0 la cr\u00e9ation - Kapitalis\" \/>\n<meta property=\"og:description\" content=\"L\u2019association culturelle L\u2019Art Rue a mis en place diff\u00e9rents projets artistiques destin\u00e9s aux enfants afin de leur permettre de d\u00e9velopper leur potentiel cr\u00e9atif.\" \/>\n<meta property=\"og:url\" content=\"https:\/\/kapitalis.com\/tunisie\/2020\/08\/06\/lart-rue-de-beaux-projets-pour-initier-les-enfants-a-la-creation\/\" \/>\n<meta property=\"og:site_name\" content=\"Kapitalis\" \/>\n<meta property=\"article:publisher\" content=\"https:\/\/www.facebook.com\/KapitalisInfo\/\" \/>\n<meta property=\"article:published_time\" content=\"2020-08-06T07:09:31+00:00\" \/>\n<meta property=\"article:modified_time\" content=\"2020-08-06T07:09:32+00:00\" \/>\n<meta property=\"og:image\" content=\"https:\/\/kapitalis.com\/tunisie\/wp-content\/uploads\/2022\/05\/kapitalis-logo-fb.png\" \/>\n\t<meta property=\"og:image:width\" content=\"1200\" \/>\n\t<meta property=\"og:image:height\" content=\"630\" \/>\n\t<meta property=\"og:image:type\" content=\"image\/png\" \/>\n<meta name=\"author\" content=\"Fawz BenAli\" \/>\n<meta name=\"twitter:card\" content=\"summary_large_image\" \/>\n<meta name=\"twitter:creator\" content=\"@KapitalisInfo\" \/>\n<meta name=\"twitter:site\" content=\"@KapitalisInfo\" \/>\n<meta name=\"twitter:label1\" content=\"\u00c9crit par\" \/>\n\t<meta name=\"twitter:data1\" content=\"Fawz BenAli\" \/>\n\t<meta name=\"twitter:label2\" content=\"Dur\u00e9e de lecture estim\u00e9e\" \/>\n\t<meta name=\"twitter:data2\" content=\"1 minute\" \/>\n<script type=\"application\/ld+json\" class=\"yoast-schema-graph\">{\"@context\":\"https:\/\/schema.org\",\"@graph\":[{\"@type\":\"Article\",\"@id\":\"https:\/\/kapitalis.com\/tunisie\/2020\/08\/06\/lart-rue-de-beaux-projets-pour-initier-les-enfants-a-la-creation\/#article\",\"isPartOf\":{\"@id\":\"https:\/\/kapitalis.com\/tunisie\/2020\/08\/06\/lart-rue-de-beaux-projets-pour-initier-les-enfants-a-la-creation\/\"},\"author\":{\"name\":\"Fawz BenAli\",\"@id\":\"https:\/\/kapitalis.com\/tunisie\/#\/schema\/person\/73a5ecc1f6ae540c6ed91342eadca948\"},\"headline\":\"L&rsquo;art Rue : De beaux projets pour initier les enfants \u00e0 la cr\u00e9ation\",\"datePublished\":\"2020-08-06T07:09:31+00:00\",\"dateModified\":\"2020-08-06T07:09:32+00:00\",\"mainEntityOfPage\":{\"@id\":\"https:\/\/kapitalis.com\/tunisie\/2020\/08\/06\/lart-rue-de-beaux-projets-pour-initier-les-enfants-a-la-creation\/\"},\"wordCount\":253,\"commentCount\":0,\"publisher\":{\"@id\":\"https:\/\/kapitalis.com\/tunisie\/#organization\"},\"image\":{\"@id\":\"https:\/\/kapitalis.com\/tunisie\/2020\/08\/06\/lart-rue-de-beaux-projets-pour-initier-les-enfants-a-la-creation\/#primaryimage\"},\"thumbnailUrl\":\"\",\"keywords\":[\"culture pour enfants\",\"Dar Bach Hamba\",\"L'Art Rue\",\"m\u00e9dina de Tunis\",\"r\u00e9sidences artistiques pour enfants\"],\"articleSection\":[\"CULTURE\",\"Tunisie\"],\"inLanguage\":\"fr-FR\",\"potentialAction\":[{\"@type\":\"CommentAction\",\"name\":\"Comment\",\"target\":[\"https:\/\/kapitalis.com\/tunisie\/2020\/08\/06\/lart-rue-de-beaux-projets-pour-initier-les-enfants-a-la-creation\/#respond\"]}]},{\"@type\":\"WebPage\",\"@id\":\"https:\/\/kapitalis.com\/tunisie\/2020\/08\/06\/lart-rue-de-beaux-projets-pour-initier-les-enfants-a-la-creation\/\",\"url\":\"https:\/\/kapitalis.com\/tunisie\/2020\/08\/06\/lart-rue-de-beaux-projets-pour-initier-les-enfants-a-la-creation\/\",\"name\":\"L'art Rue : De beaux projets pour initier les enfants \u00e0 la cr\u00e9ation - Kapitalis\",\"isPartOf\":{\"@id\":\"https:\/\/kapitalis.com\/tunisie\/#website\"},\"primaryImageOfPage\":{\"@id\":\"https:\/\/kapitalis.com\/tunisie\/2020\/08\/06\/lart-rue-de-beaux-projets-pour-initier-les-enfants-a-la-creation\/#primaryimage\"},\"image\":{\"@id\":\"https:\/\/kapitalis.com\/tunisie\/2020\/08\/06\/lart-rue-de-beaux-projets-pour-initier-les-enfants-a-la-creation\/#primaryimage\"},\"thumbnailUrl\":\"\",\"datePublished\":\"2020-08-06T07:09:31+00:00\",\"dateModified\":\"2020-08-06T07:09:32+00:00\",\"breadcrumb\":{\"@id\":\"https:\/\/kapitalis.com\/tunisie\/2020\/08\/06\/lart-rue-de-beaux-projets-pour-initier-les-enfants-a-la-creation\/#breadcrumb\"},\"inLanguage\":\"fr-FR\",\"potentialAction\":[{\"@type\":\"ReadAction\",\"target\":[\"https:\/\/kapitalis.com\/tunisie\/2020\/08\/06\/lart-rue-de-beaux-projets-pour-initier-les-enfants-a-la-creation\/\"]}]},{\"@type\":\"ImageObject\",\"inLanguage\":\"fr-FR\",\"@id\":\"https:\/\/kapitalis.com\/tunisie\/2020\/08\/06\/lart-rue-de-beaux-projets-pour-initier-les-enfants-a-la-creation\/#primaryimage\",\"url\":\"\",\"contentUrl\":\"\"},{\"@type\":\"BreadcrumbList\",\"@id\":\"https:\/\/kapitalis.com\/tunisie\/2020\/08\/06\/lart-rue-de-beaux-projets-pour-initier-les-enfants-a-la-creation\/#breadcrumb\",\"itemListElement\":[{\"@type\":\"ListItem\",\"position\":1,\"name\":\"Accueil\",\"item\":\"https:\/\/kapitalis.com\/tunisie\/\"},{\"@type\":\"ListItem\",\"position\":2,\"name\":\"L&rsquo;art Rue : De beaux projets pour initier les enfants \u00e0 la cr\u00e9ation\"}]},{\"@type\":\"WebSite\",\"@id\":\"https:\/\/kapitalis.com\/tunisie\/#website\",\"url\":\"https:\/\/kapitalis.com\/tunisie\/\",\"name\":\"Kapitalis\",\"description\":\"L&#039;actualit\u00e9 en Tunisie et dans le monde\",\"publisher\":{\"@id\":\"https:\/\/kapitalis.com\/tunisie\/#organization\"},\"potentialAction\":[{\"@type\":\"SearchAction\",\"target\":{\"@type\":\"EntryPoint\",\"urlTemplate\":\"https:\/\/kapitalis.com\/tunisie\/?s={search_term_string}\"},\"query-input\":{\"@type\":\"PropertyValueSpecification\",\"valueRequired\":true,\"valueName\":\"search_term_string\"}}],\"inLanguage\":\"fr-FR\"},{\"@type\":\"Organization\",\"@id\":\"https:\/\/kapitalis.com\/tunisie\/#organization\",\"name\":\"Kapitalis\",\"url\":\"https:\/\/kapitalis.com\/tunisie\/\",\"logo\":{\"@type\":\"ImageObject\",\"inLanguage\":\"fr-FR\",\"@id\":\"https:\/\/kapitalis.com\/tunisie\/#\/schema\/logo\/image\/\",\"url\":\"https:\/\/kapitalis.com\/tunisie\/wp-content\/uploads\/2022\/05\/Kapitalis-big-size.png\",\"contentUrl\":\"https:\/\/kapitalis.com\/tunisie\/wp-content\/uploads\/2022\/05\/Kapitalis-big-size.png\",\"width\":5000,\"height\":1500,\"caption\":\"Kapitalis\"},\"image\":{\"@id\":\"https:\/\/kapitalis.com\/tunisie\/#\/schema\/logo\/image\/\"},\"sameAs\":[\"https:\/\/www.facebook.com\/KapitalisInfo\/\",\"https:\/\/x.com\/KapitalisInfo\",\"https:\/\/www.youtube.com\/channel\/UC-yDYrHyfFBWWZaOw3FPg9Q\"]},{\"@type\":\"Person\",\"@id\":\"https:\/\/kapitalis.com\/tunisie\/#\/schema\/person\/73a5ecc1f6ae540c6ed91342eadca948\",\"name\":\"Fawz BenAli\",\"url\":\"https:\/\/kapitalis.com\/tunisie\/author\/fawz\/\"}]}<\/script>\n<!-- \/ Yoast SEO plugin. -->","yoast_head_json":{"title":"L'art Rue : De beaux projets pour initier les enfants \u00e0 la cr\u00e9ation - Kapitalis","robots":{"index":"index","follow":"follow","max-snippet":"max-snippet:-1","max-image-preview":"max-image-preview:large","max-video-preview":"max-video-preview:-1"},"canonical":"https:\/\/kapitalis.com\/tunisie\/2020\/08\/06\/lart-rue-de-beaux-projets-pour-initier-les-enfants-a-la-creation\/","og_locale":"fr_FR","og_type":"article","og_title":"L'art Rue : De beaux projets pour initier les enfants \u00e0 la cr\u00e9ation - Kapitalis","og_description":"L\u2019association culturelle L\u2019Art Rue a mis en place diff\u00e9rents projets artistiques destin\u00e9s aux enfants afin de leur permettre de d\u00e9velopper leur potentiel cr\u00e9atif.","og_url":"https:\/\/kapitalis.com\/tunisie\/2020\/08\/06\/lart-rue-de-beaux-projets-pour-initier-les-enfants-a-la-creation\/","og_site_name":"Kapitalis","article_publisher":"https:\/\/www.facebook.com\/KapitalisInfo\/","article_published_time":"2020-08-06T07:09:31+00:00","article_modified_time":"2020-08-06T07:09:32+00:00","og_image":[{"width":1200,"height":630,"url":"https:\/\/kapitalis.com\/tunisie\/wp-content\/uploads\/2022\/05\/kapitalis-logo-fb.png","type":"image\/png"}],"author":"Fawz BenAli","twitter_card":"summary_large_image","twitter_creator":"@KapitalisInfo","twitter_site":"@KapitalisInfo","twitter_misc":{"\u00c9crit par":"Fawz BenAli","Dur\u00e9e de lecture estim\u00e9e":"1 minute"},"schema":{"@context":"https:\/\/schema.org","@graph":[{"@type":"Article","@id":"https:\/\/kapitalis.com\/tunisie\/2020\/08\/06\/lart-rue-de-beaux-projets-pour-initier-les-enfants-a-la-creation\/#article","isPartOf":{"@id":"https:\/\/kapitalis.com\/tunisie\/2020\/08\/06\/lart-rue-de-beaux-projets-pour-initier-les-enfants-a-la-creation\/"},"author":{"name":"Fawz BenAli","@id":"https:\/\/kapitalis.com\/tunisie\/#\/schema\/person\/73a5ecc1f6ae540c6ed91342eadca948"},"headline":"L&rsquo;art Rue : De beaux projets pour initier les enfants \u00e0 la cr\u00e9ation","datePublished":"2020-08-06T07:09:31+00:00","dateModified":"2020-08-06T07:09:32+00:00","mainEntityOfPage":{"@id":"https:\/\/kapitalis.com\/tunisie\/2020\/08\/06\/lart-rue-de-beaux-projets-pour-initier-les-enfants-a-la-creation\/"},"wordCount":253,"commentCount":0,"publisher":{"@id":"https:\/\/kapitalis.com\/tunisie\/#organization"},"image":{"@id":"https:\/\/kapitalis.com\/tunisie\/2020\/08\/06\/lart-rue-de-beaux-projets-pour-initier-les-enfants-a-la-creation\/#primaryimage"},"thumbnailUrl":"","keywords":["culture pour enfants","Dar Bach Hamba","L'Art Rue","m\u00e9dina de Tunis","r\u00e9sidences artistiques pour enfants"],"articleSection":["CULTURE","Tunisie"],"inLanguage":"fr-FR","potentialAction":[{"@type":"CommentAction","name":"Comment","target":["https:\/\/kapitalis.com\/tunisie\/2020\/08\/06\/lart-rue-de-beaux-projets-pour-initier-les-enfants-a-la-creation\/#respond"]}]},{"@type":"WebPage","@id":"https:\/\/kapitalis.com\/tunisie\/2020\/08\/06\/lart-rue-de-beaux-projets-pour-initier-les-enfants-a-la-creation\/","url":"https:\/\/kapitalis.com\/tunisie\/2020\/08\/06\/lart-rue-de-beaux-projets-pour-initier-les-enfants-a-la-creation\/","name":"L'art Rue : De beaux projets pour initier les enfants \u00e0 la cr\u00e9ation - Kapitalis","isPartOf":{"@id":"https:\/\/kapitalis.com\/tunisie\/#website"},"primaryImageOfPage":{"@id":"https:\/\/kapitalis.com\/tunisie\/2020\/08\/06\/lart-rue-de-beaux-projets-pour-initier-les-enfants-a-la-creation\/#primaryimage"},"image":{"@id":"https:\/\/kapitalis.com\/tunisie\/2020\/08\/06\/lart-rue-de-beaux-projets-pour-initier-les-enfants-a-la-creation\/#primaryimage"},"thumbnailUrl":"","datePublished":"2020-08-06T07:09:31+00:00","dateModified":"2020-08-06T07:09:32+00:00","breadcrumb":{"@id":"https:\/\/kapitalis.com\/tunisie\/2020\/08\/06\/lart-rue-de-beaux-projets-pour-initier-les-enfants-a-la-creation\/#breadcrumb"},"inLanguage":"fr-FR","potentialAction":[{"@type":"ReadAction","target":["https:\/\/kapitalis.com\/tunisie\/2020\/08\/06\/lart-rue-de-beaux-projets-pour-initier-les-enfants-a-la-creation\/"]}]},{"@type":"ImageObject","inLanguage":"fr-FR","@id":"https:\/\/kapitalis.com\/tunisie\/2020\/08\/06\/lart-rue-de-beaux-projets-pour-initier-les-enfants-a-la-creation\/#primaryimage","url":"","contentUrl":""},{"@type":"BreadcrumbList","@id":"https:\/\/kapitalis.com\/tunisie\/2020\/08\/06\/lart-rue-de-beaux-projets-pour-initier-les-enfants-a-la-creation\/#breadcrumb","itemListElement":[{"@type":"ListItem","position":1,"name":"Accueil","item":"https:\/\/kapitalis.com\/tunisie\/"},{"@type":"ListItem","position":2,"name":"L&rsquo;art Rue : De beaux projets pour initier les enfants \u00e0 la cr\u00e9ation"}]},{"@type":"WebSite","@id":"https:\/\/kapitalis.com\/tunisie\/#website","url":"https:\/\/kapitalis.com\/tunisie\/","name":"Kapitalis","description":"L&#039;actualit\u00e9 en Tunisie et dans le monde","publisher":{"@id":"https:\/\/kapitalis.com\/tunisie\/#organization"},"potentialAction":[{"@type":"SearchAction","target":{"@type":"EntryPoint","urlTemplate":"https:\/\/kapitalis.com\/tunisie\/?s={search_term_string}"},"query-input":{"@type":"PropertyValueSpecification","valueRequired":true,"valueName":"search_term_string"}}],"inLanguage":"fr-FR"},{"@type":"Organization","@id":"https:\/\/kapitalis.com\/tunisie\/#organization","name":"Kapitalis","url":"https:\/\/kapitalis.com\/tunisie\/","logo":{"@type":"ImageObject","inLanguage":"fr-FR","@id":"https:\/\/kapitalis.com\/tunisie\/#\/schema\/logo\/image\/","url":"https:\/\/kapitalis.com\/tunisie\/wp-content\/uploads\/2022\/05\/Kapitalis-big-size.png","contentUrl":"https:\/\/kapitalis.com\/tunisie\/wp-content\/uploads\/2022\/05\/Kapitalis-big-size.png","width":5000,"height":1500,"caption":"Kapitalis"},"image":{"@id":"https:\/\/kapitalis.com\/tunisie\/#\/schema\/logo\/image\/"},"sameAs":["https:\/\/www.facebook.com\/KapitalisInfo\/","https:\/\/x.com\/KapitalisInfo","https:\/\/www.youtube.com\/channel\/UC-yDYrHyfFBWWZaOw3FPg9Q"]},{"@type":"Person","@id":"https:\/\/kapitalis.com\/tunisie\/#\/schema\/person\/73a5ecc1f6ae540c6ed91342eadca948","name":"Fawz BenAli","url":"https:\/\/kapitalis.com\/tunisie\/author\/fawz\/"}]}},"_links":{"self":[{"href":"https:\/\/kapitalis.com\/tunisie\/wp-json\/wp\/v2\/posts\/310701","targetHints":{"allow":["GET"]}}],"collection":[{"href":"https:\/\/kapitalis.com\/tunisie\/wp-json\/wp\/v2\/posts"}],"about":[{"href":"https:\/\/kapitalis.com\/tunisie\/wp-json\/wp\/v2\/types\/post"}],"author":[{"embeddable":true,"href":"https:\/\/kapitalis.com\/tunisie\/wp-json\/wp\/v2\/users\/26"}],"replies":[{"embeddable":true,"href":"https:\/\/kapitalis.com\/tunisie\/wp-json\/wp\/v2\/comments?post=310701"}],"version-history":[{"count":0,"href":"https:\/\/kapitalis.com\/tunisie\/wp-json\/wp\/v2\/posts\/310701\/revisions"}],"wp:featuredmedia":[{"embeddable":true,"href":"https:\/\/kapitalis.com\/tunisie\/wp-json\/wp\/v2\/media\/310722"}],"wp:attachment":[{"href":"https:\/\/kapitalis.com\/tunisie\/wp-json\/wp\/v2\/media?parent=310701"}],"wp:term":[{"taxonomy":"category","embeddable":true,"href":"https:\/\/kapitalis.com\/tunisie\/wp-json\/wp\/v2\/categories?post=310701"},{"taxonomy":"post_tag","embeddable":true,"href":"https:\/\/kapitalis.com\/tunisie\/wp-json\/wp\/v2\/tags?post=310701"}],"curies":[{"name":"wp","href":"https:\/\/api.w.org\/{rel}","templated":true}]}}