{"id":310920,"date":"2020-08-07T00:30:34","date_gmt":"2020-08-06T23:30:34","guid":{"rendered":"http:\/\/kapitalis.com\/tunisie\/?p=310920"},"modified":"2020-08-07T08:00:34","modified_gmt":"2020-08-07T07:00:34","slug":"formation-du-prochain-gouvernement-mechichi-va-rencontrer-les-anciens-chefs-detat-et-de-gouvernement","status":"publish","type":"post","link":"https:\/\/kapitalis.com\/tunisie\/2020\/08\/07\/formation-du-prochain-gouvernement-mechichi-va-rencontrer-les-anciens-chefs-detat-et-de-gouvernement\/","title":{"rendered":"Formation du prochain gouvernement : Mechichi va rencontrer les anciens chefs d&rsquo;Etat et de gouvernement"},"content":{"rendered":"\n<figure class=\"wp-block-image size-large\"><img decoding=\"async\" src=\"http:\/\/kapitalis.com\/tunisie\/wp-content\/uploads\/2020\/08\/Mechichi.jpg\" alt=\"\" class=\"wp-image-310922\"\/><\/figure>\n\n\n\n<p><strong><em>Hichem Mechichi organisera, demain, vendredi 7 ao\u00fbt 2020, une s\u00e9rie de rencontres avec les anciens pr\u00e9sidents de la r\u00e9publique et anciens chefs de gouvernement, dans le cadre des consultations relatives \u00e0 la composition du prochain gouvernement.<\/em><\/strong><\/p>\n\n\n\n<!--more-->\n\n\n\n<p>La matin\u00e9e sera consacr\u00e9e \u00e0 ses rencontres avec les anciens chefs de gouvernement, notamment Hamadi Jebali, Ali Larayedh, Habib Essid et Youssef Chahed, indique l&rsquo;agence Tap, citant le charg\u00e9 de communication aupr\u00e8s du chef du gouvernement d\u00e9sign\u00e9, en ajoutant que Hichem Mechichi rencontrera, l&rsquo;apr\u00e8s-midi m\u00eame, les anciens pr\u00e9sidents de la r\u00e9publique, \u00e0 savoir, Foued Mebazaa et Mohamed Ennaceur.<\/p>\n\n\n\n<p>Quant \u00e0 Moncef Marzouki, ancien pr\u00e9sident par int\u00e9rim, il a d\u00e9clin\u00e9 l&rsquo;invitation de M. Mechichi car il se trouve actuellement \u00e0 l\u2019\u00e9tranger, ajoute la m\u00eame source, en affirmant que ces rencontres visent \u00e0 avoir une meilleure visibilit\u00e9 sur la situation du pays et la d\u00e9marche \u00e0 suivre.<\/p>\n\n\n\n<p class=\"has-text-align-right\"><strong>Y. N.<\/strong><\/p>\n","protected":false},"excerpt":{"rendered":"<p>Hichem Mechichi organisera, demain, vendredi 7 ao\u00fbt 2020, une s\u00e9rie de rencontres avec les anciens pr\u00e9sidents de la r\u00e9publique et anciens chefs de gouvernement, dans le cadre des consultations relatives \u00e0 la composition du prochain gouvernement.<\/p>\n","protected":false},"author":6,"featured_media":310922,"comment_status":"open","ping_status":"open","sticky":false,"template":"","format":"standard","meta":{"footnotes":""},"categories":[997,2433],"tags":[76646,418,74899,81482],"class_list":["post-310920","post","type-post","status-publish","format-standard","has-post-thumbnail","hentry","category-politique","category-tunisie","tag-consultations","tag-gouvernement","tag-hichem-mechichi","tag-prochain-gouvernement"],"yoast_head":"<!-- This site is optimized with the Yoast SEO plugin v26.6 - https:\/\/yoast.com\/wordpress\/plugins\/seo\/ -->\n<title>Formation du prochain gouvernement : Mechichi va rencontrer les anciens chefs d&#039;Etat et de gouvernement - Kapitalis<\/title>\n<meta name=\"robots\" content=\"index, follow, max-snippet:-1, max-image-preview:large, max-video-preview:-1\" \/>\n<link rel=\"canonical\" href=\"https:\/\/kapitalis.com\/tunisie\/2020\/08\/07\/formation-du-prochain-gouvernement-mechichi-va-rencontrer-les-anciens-chefs-detat-et-de-gouvernement\/\" \/>\n<meta property=\"og:locale\" content=\"fr_FR\" \/>\n<meta property=\"og:type\" content=\"article\" \/>\n<meta property=\"og:title\" content=\"Formation du prochain gouvernement : Mechichi va rencontrer les anciens chefs d&#039;Etat et de gouvernement - Kapitalis\" \/>\n<meta property=\"og:description\" content=\"Hichem Mechichi organisera, demain, vendredi 7 ao\u00fbt 2020, une s\u00e9rie de rencontres avec les anciens pr\u00e9sidents de la r\u00e9publique et anciens chefs de gouvernement, dans le cadre des consultations relatives \u00e0 la composition du prochain gouvernement.\" \/>\n<meta property=\"og:url\" content=\"https:\/\/kapitalis.com\/tunisie\/2020\/08\/07\/formation-du-prochain-gouvernement-mechichi-va-rencontrer-les-anciens-chefs-detat-et-de-gouvernement\/\" \/>\n<meta property=\"og:site_name\" content=\"Kapitalis\" \/>\n<meta property=\"article:publisher\" content=\"https:\/\/www.facebook.com\/KapitalisInfo\/\" \/>\n<meta property=\"article:published_time\" content=\"2020-08-06T23:30:34+00:00\" \/>\n<meta property=\"article:modified_time\" content=\"2020-08-07T07:00:34+00:00\" \/>\n<meta property=\"og:image\" content=\"https:\/\/kapitalis.com\/tunisie\/wp-content\/uploads\/2022\/05\/kapitalis-logo-fb.png\" \/>\n\t<meta property=\"og:image:width\" content=\"1200\" \/>\n\t<meta property=\"og:image:height\" content=\"630\" \/>\n\t<meta property=\"og:image:type\" content=\"image\/png\" \/>\n<meta name=\"author\" content=\"Yusra NY\" \/>\n<meta name=\"twitter:card\" content=\"summary_large_image\" \/>\n<meta name=\"twitter:creator\" content=\"@KapitalisInfo\" \/>\n<meta name=\"twitter:site\" content=\"@KapitalisInfo\" \/>\n<meta name=\"twitter:label1\" content=\"\u00c9crit par\" \/>\n\t<meta name=\"twitter:data1\" content=\"Yusra NY\" \/>\n\t<meta name=\"twitter:label2\" content=\"Dur\u00e9e de lecture estim\u00e9e\" \/>\n\t<meta name=\"twitter:data2\" content=\"1 minute\" \/>\n<script type=\"application\/ld+json\" class=\"yoast-schema-graph\">{\"@context\":\"https:\/\/schema.org\",\"@graph\":[{\"@type\":\"Article\",\"@id\":\"https:\/\/kapitalis.com\/tunisie\/2020\/08\/07\/formation-du-prochain-gouvernement-mechichi-va-rencontrer-les-anciens-chefs-detat-et-de-gouvernement\/#article\",\"isPartOf\":{\"@id\":\"https:\/\/kapitalis.com\/tunisie\/2020\/08\/07\/formation-du-prochain-gouvernement-mechichi-va-rencontrer-les-anciens-chefs-detat-et-de-gouvernement\/\"},\"author\":{\"name\":\"Yusra NY\",\"@id\":\"https:\/\/kapitalis.com\/tunisie\/#\/schema\/person\/74bbde0154d49d790a92aaeac5bc01d5\"},\"headline\":\"Formation du prochain gouvernement : Mechichi va rencontrer les anciens chefs d&rsquo;Etat et de gouvernement\",\"datePublished\":\"2020-08-06T23:30:34+00:00\",\"dateModified\":\"2020-08-07T07:00:34+00:00\",\"mainEntityOfPage\":{\"@id\":\"https:\/\/kapitalis.com\/tunisie\/2020\/08\/07\/formation-du-prochain-gouvernement-mechichi-va-rencontrer-les-anciens-chefs-detat-et-de-gouvernement\/\"},\"wordCount\":166,\"commentCount\":6,\"publisher\":{\"@id\":\"https:\/\/kapitalis.com\/tunisie\/#organization\"},\"image\":{\"@id\":\"https:\/\/kapitalis.com\/tunisie\/2020\/08\/07\/formation-du-prochain-gouvernement-mechichi-va-rencontrer-les-anciens-chefs-detat-et-de-gouvernement\/#primaryimage\"},\"thumbnailUrl\":\"\",\"keywords\":[\"consultations\",\"gouvernement\",\"Hichem Mechichi\",\"prochain gouvernement\"],\"articleSection\":[\"POLITIQUE\",\"Tunisie\"],\"inLanguage\":\"fr-FR\",\"potentialAction\":[{\"@type\":\"CommentAction\",\"name\":\"Comment\",\"target\":[\"https:\/\/kapitalis.com\/tunisie\/2020\/08\/07\/formation-du-prochain-gouvernement-mechichi-va-rencontrer-les-anciens-chefs-detat-et-de-gouvernement\/#respond\"]}]},{\"@type\":\"WebPage\",\"@id\":\"https:\/\/kapitalis.com\/tunisie\/2020\/08\/07\/formation-du-prochain-gouvernement-mechichi-va-rencontrer-les-anciens-chefs-detat-et-de-gouvernement\/\",\"url\":\"https:\/\/kapitalis.com\/tunisie\/2020\/08\/07\/formation-du-prochain-gouvernement-mechichi-va-rencontrer-les-anciens-chefs-detat-et-de-gouvernement\/\",\"name\":\"Formation du prochain gouvernement : Mechichi va rencontrer les anciens chefs d'Etat et de gouvernement - Kapitalis\",\"isPartOf\":{\"@id\":\"https:\/\/kapitalis.com\/tunisie\/#website\"},\"primaryImageOfPage\":{\"@id\":\"https:\/\/kapitalis.com\/tunisie\/2020\/08\/07\/formation-du-prochain-gouvernement-mechichi-va-rencontrer-les-anciens-chefs-detat-et-de-gouvernement\/#primaryimage\"},\"image\":{\"@id\":\"https:\/\/kapitalis.com\/tunisie\/2020\/08\/07\/formation-du-prochain-gouvernement-mechichi-va-rencontrer-les-anciens-chefs-detat-et-de-gouvernement\/#primaryimage\"},\"thumbnailUrl\":\"\",\"datePublished\":\"2020-08-06T23:30:34+00:00\",\"dateModified\":\"2020-08-07T07:00:34+00:00\",\"breadcrumb\":{\"@id\":\"https:\/\/kapitalis.com\/tunisie\/2020\/08\/07\/formation-du-prochain-gouvernement-mechichi-va-rencontrer-les-anciens-chefs-detat-et-de-gouvernement\/#breadcrumb\"},\"inLanguage\":\"fr-FR\",\"potentialAction\":[{\"@type\":\"ReadAction\",\"target\":[\"https:\/\/kapitalis.com\/tunisie\/2020\/08\/07\/formation-du-prochain-gouvernement-mechichi-va-rencontrer-les-anciens-chefs-detat-et-de-gouvernement\/\"]}]},{\"@type\":\"ImageObject\",\"inLanguage\":\"fr-FR\",\"@id\":\"https:\/\/kapitalis.com\/tunisie\/2020\/08\/07\/formation-du-prochain-gouvernement-mechichi-va-rencontrer-les-anciens-chefs-detat-et-de-gouvernement\/#primaryimage\",\"url\":\"\",\"contentUrl\":\"\"},{\"@type\":\"BreadcrumbList\",\"@id\":\"https:\/\/kapitalis.com\/tunisie\/2020\/08\/07\/formation-du-prochain-gouvernement-mechichi-va-rencontrer-les-anciens-chefs-detat-et-de-gouvernement\/#breadcrumb\",\"itemListElement\":[{\"@type\":\"ListItem\",\"position\":1,\"name\":\"Accueil\",\"item\":\"https:\/\/kapitalis.com\/tunisie\/\"},{\"@type\":\"ListItem\",\"position\":2,\"name\":\"Formation du prochain gouvernement : Mechichi va rencontrer les anciens chefs d&rsquo;Etat et de gouvernement\"}]},{\"@type\":\"WebSite\",\"@id\":\"https:\/\/kapitalis.com\/tunisie\/#website\",\"url\":\"https:\/\/kapitalis.com\/tunisie\/\",\"name\":\"Kapitalis\",\"description\":\"L&#039;actualit\u00e9 en Tunisie et dans le monde\",\"publisher\":{\"@id\":\"https:\/\/kapitalis.com\/tunisie\/#organization\"},\"potentialAction\":[{\"@type\":\"SearchAction\",\"target\":{\"@type\":\"EntryPoint\",\"urlTemplate\":\"https:\/\/kapitalis.com\/tunisie\/?s={search_term_string}\"},\"query-input\":{\"@type\":\"PropertyValueSpecification\",\"valueRequired\":true,\"valueName\":\"search_term_string\"}}],\"inLanguage\":\"fr-FR\"},{\"@type\":\"Organization\",\"@id\":\"https:\/\/kapitalis.com\/tunisie\/#organization\",\"name\":\"Kapitalis\",\"url\":\"https:\/\/kapitalis.com\/tunisie\/\",\"logo\":{\"@type\":\"ImageObject\",\"inLanguage\":\"fr-FR\",\"@id\":\"https:\/\/kapitalis.com\/tunisie\/#\/schema\/logo\/image\/\",\"url\":\"https:\/\/kapitalis.com\/tunisie\/wp-content\/uploads\/2022\/05\/Kapitalis-big-size.png\",\"contentUrl\":\"https:\/\/kapitalis.com\/tunisie\/wp-content\/uploads\/2022\/05\/Kapitalis-big-size.png\",\"width\":5000,\"height\":1500,\"caption\":\"Kapitalis\"},\"image\":{\"@id\":\"https:\/\/kapitalis.com\/tunisie\/#\/schema\/logo\/image\/\"},\"sameAs\":[\"https:\/\/www.facebook.com\/KapitalisInfo\/\",\"https:\/\/x.com\/KapitalisInfo\",\"https:\/\/www.youtube.com\/channel\/UC-yDYrHyfFBWWZaOw3FPg9Q\"]},{\"@type\":\"Person\",\"@id\":\"https:\/\/kapitalis.com\/tunisie\/#\/schema\/person\/74bbde0154d49d790a92aaeac5bc01d5\",\"name\":\"Yusra NY\",\"url\":\"https:\/\/kapitalis.com\/tunisie\/author\/yuza_adam\/\"}]}<\/script>\n<!-- \/ Yoast SEO plugin. -->","yoast_head_json":{"title":"Formation du prochain gouvernement : Mechichi va rencontrer les anciens chefs d'Etat et de gouvernement - Kapitalis","robots":{"index":"index","follow":"follow","max-snippet":"max-snippet:-1","max-image-preview":"max-image-preview:large","max-video-preview":"max-video-preview:-1"},"canonical":"https:\/\/kapitalis.com\/tunisie\/2020\/08\/07\/formation-du-prochain-gouvernement-mechichi-va-rencontrer-les-anciens-chefs-detat-et-de-gouvernement\/","og_locale":"fr_FR","og_type":"article","og_title":"Formation du prochain gouvernement : Mechichi va rencontrer les anciens chefs d'Etat et de gouvernement - Kapitalis","og_description":"Hichem Mechichi organisera, demain, vendredi 7 ao\u00fbt 2020, une s\u00e9rie de rencontres avec les anciens pr\u00e9sidents de la r\u00e9publique et anciens chefs de gouvernement, dans le cadre des consultations relatives \u00e0 la composition du prochain gouvernement.","og_url":"https:\/\/kapitalis.com\/tunisie\/2020\/08\/07\/formation-du-prochain-gouvernement-mechichi-va-rencontrer-les-anciens-chefs-detat-et-de-gouvernement\/","og_site_name":"Kapitalis","article_publisher":"https:\/\/www.facebook.com\/KapitalisInfo\/","article_published_time":"2020-08-06T23:30:34+00:00","article_modified_time":"2020-08-07T07:00:34+00:00","og_image":[{"width":1200,"height":630,"url":"https:\/\/kapitalis.com\/tunisie\/wp-content\/uploads\/2022\/05\/kapitalis-logo-fb.png","type":"image\/png"}],"author":"Yusra NY","twitter_card":"summary_large_image","twitter_creator":"@KapitalisInfo","twitter_site":"@KapitalisInfo","twitter_misc":{"\u00c9crit par":"Yusra NY","Dur\u00e9e de lecture estim\u00e9e":"1 minute"},"schema":{"@context":"https:\/\/schema.org","@graph":[{"@type":"Article","@id":"https:\/\/kapitalis.com\/tunisie\/2020\/08\/07\/formation-du-prochain-gouvernement-mechichi-va-rencontrer-les-anciens-chefs-detat-et-de-gouvernement\/#article","isPartOf":{"@id":"https:\/\/kapitalis.com\/tunisie\/2020\/08\/07\/formation-du-prochain-gouvernement-mechichi-va-rencontrer-les-anciens-chefs-detat-et-de-gouvernement\/"},"author":{"name":"Yusra NY","@id":"https:\/\/kapitalis.com\/tunisie\/#\/schema\/person\/74bbde0154d49d790a92aaeac5bc01d5"},"headline":"Formation du prochain gouvernement : Mechichi va rencontrer les anciens chefs d&rsquo;Etat et de gouvernement","datePublished":"2020-08-06T23:30:34+00:00","dateModified":"2020-08-07T07:00:34+00:00","mainEntityOfPage":{"@id":"https:\/\/kapitalis.com\/tunisie\/2020\/08\/07\/formation-du-prochain-gouvernement-mechichi-va-rencontrer-les-anciens-chefs-detat-et-de-gouvernement\/"},"wordCount":166,"commentCount":6,"publisher":{"@id":"https:\/\/kapitalis.com\/tunisie\/#organization"},"image":{"@id":"https:\/\/kapitalis.com\/tunisie\/2020\/08\/07\/formation-du-prochain-gouvernement-mechichi-va-rencontrer-les-anciens-chefs-detat-et-de-gouvernement\/#primaryimage"},"thumbnailUrl":"","keywords":["consultations","gouvernement","Hichem Mechichi","prochain gouvernement"],"articleSection":["POLITIQUE","Tunisie"],"inLanguage":"fr-FR","potentialAction":[{"@type":"CommentAction","name":"Comment","target":["https:\/\/kapitalis.com\/tunisie\/2020\/08\/07\/formation-du-prochain-gouvernement-mechichi-va-rencontrer-les-anciens-chefs-detat-et-de-gouvernement\/#respond"]}]},{"@type":"WebPage","@id":"https:\/\/kapitalis.com\/tunisie\/2020\/08\/07\/formation-du-prochain-gouvernement-mechichi-va-rencontrer-les-anciens-chefs-detat-et-de-gouvernement\/","url":"https:\/\/kapitalis.com\/tunisie\/2020\/08\/07\/formation-du-prochain-gouvernement-mechichi-va-rencontrer-les-anciens-chefs-detat-et-de-gouvernement\/","name":"Formation du prochain gouvernement : Mechichi va rencontrer les anciens chefs d'Etat et de gouvernement - Kapitalis","isPartOf":{"@id":"https:\/\/kapitalis.com\/tunisie\/#website"},"primaryImageOfPage":{"@id":"https:\/\/kapitalis.com\/tunisie\/2020\/08\/07\/formation-du-prochain-gouvernement-mechichi-va-rencontrer-les-anciens-chefs-detat-et-de-gouvernement\/#primaryimage"},"image":{"@id":"https:\/\/kapitalis.com\/tunisie\/2020\/08\/07\/formation-du-prochain-gouvernement-mechichi-va-rencontrer-les-anciens-chefs-detat-et-de-gouvernement\/#primaryimage"},"thumbnailUrl":"","datePublished":"2020-08-06T23:30:34+00:00","dateModified":"2020-08-07T07:00:34+00:00","breadcrumb":{"@id":"https:\/\/kapitalis.com\/tunisie\/2020\/08\/07\/formation-du-prochain-gouvernement-mechichi-va-rencontrer-les-anciens-chefs-detat-et-de-gouvernement\/#breadcrumb"},"inLanguage":"fr-FR","potentialAction":[{"@type":"ReadAction","target":["https:\/\/kapitalis.com\/tunisie\/2020\/08\/07\/formation-du-prochain-gouvernement-mechichi-va-rencontrer-les-anciens-chefs-detat-et-de-gouvernement\/"]}]},{"@type":"ImageObject","inLanguage":"fr-FR","@id":"https:\/\/kapitalis.com\/tunisie\/2020\/08\/07\/formation-du-prochain-gouvernement-mechichi-va-rencontrer-les-anciens-chefs-detat-et-de-gouvernement\/#primaryimage","url":"","contentUrl":""},{"@type":"BreadcrumbList","@id":"https:\/\/kapitalis.com\/tunisie\/2020\/08\/07\/formation-du-prochain-gouvernement-mechichi-va-rencontrer-les-anciens-chefs-detat-et-de-gouvernement\/#breadcrumb","itemListElement":[{"@type":"ListItem","position":1,"name":"Accueil","item":"https:\/\/kapitalis.com\/tunisie\/"},{"@type":"ListItem","position":2,"name":"Formation du prochain gouvernement : Mechichi va rencontrer les anciens chefs d&rsquo;Etat et de gouvernement"}]},{"@type":"WebSite","@id":"https:\/\/kapitalis.com\/tunisie\/#website","url":"https:\/\/kapitalis.com\/tunisie\/","name":"Kapitalis","description":"L&#039;actualit\u00e9 en Tunisie et dans le monde","publisher":{"@id":"https:\/\/kapitalis.com\/tunisie\/#organization"},"potentialAction":[{"@type":"SearchAction","target":{"@type":"EntryPoint","urlTemplate":"https:\/\/kapitalis.com\/tunisie\/?s={search_term_string}"},"query-input":{"@type":"PropertyValueSpecification","valueRequired":true,"valueName":"search_term_string"}}],"inLanguage":"fr-FR"},{"@type":"Organization","@id":"https:\/\/kapitalis.com\/tunisie\/#organization","name":"Kapitalis","url":"https:\/\/kapitalis.com\/tunisie\/","logo":{"@type":"ImageObject","inLanguage":"fr-FR","@id":"https:\/\/kapitalis.com\/tunisie\/#\/schema\/logo\/image\/","url":"https:\/\/kapitalis.com\/tunisie\/wp-content\/uploads\/2022\/05\/Kapitalis-big-size.png","contentUrl":"https:\/\/kapitalis.com\/tunisie\/wp-content\/uploads\/2022\/05\/Kapitalis-big-size.png","width":5000,"height":1500,"caption":"Kapitalis"},"image":{"@id":"https:\/\/kapitalis.com\/tunisie\/#\/schema\/logo\/image\/"},"sameAs":["https:\/\/www.facebook.com\/KapitalisInfo\/","https:\/\/x.com\/KapitalisInfo","https:\/\/www.youtube.com\/channel\/UC-yDYrHyfFBWWZaOw3FPg9Q"]},{"@type":"Person","@id":"https:\/\/kapitalis.com\/tunisie\/#\/schema\/person\/74bbde0154d49d790a92aaeac5bc01d5","name":"Yusra NY","url":"https:\/\/kapitalis.com\/tunisie\/author\/yuza_adam\/"}]}},"_links":{"self":[{"href":"https:\/\/kapitalis.com\/tunisie\/wp-json\/wp\/v2\/posts\/310920","targetHints":{"allow":["GET"]}}],"collection":[{"href":"https:\/\/kapitalis.com\/tunisie\/wp-json\/wp\/v2\/posts"}],"about":[{"href":"https:\/\/kapitalis.com\/tunisie\/wp-json\/wp\/v2\/types\/post"}],"author":[{"embeddable":true,"href":"https:\/\/kapitalis.com\/tunisie\/wp-json\/wp\/v2\/users\/6"}],"replies":[{"embeddable":true,"href":"https:\/\/kapitalis.com\/tunisie\/wp-json\/wp\/v2\/comments?post=310920"}],"version-history":[{"count":0,"href":"https:\/\/kapitalis.com\/tunisie\/wp-json\/wp\/v2\/posts\/310920\/revisions"}],"wp:featuredmedia":[{"embeddable":true,"href":"https:\/\/kapitalis.com\/tunisie\/wp-json\/wp\/v2\/media\/310922"}],"wp:attachment":[{"href":"https:\/\/kapitalis.com\/tunisie\/wp-json\/wp\/v2\/media?parent=310920"}],"wp:term":[{"taxonomy":"category","embeddable":true,"href":"https:\/\/kapitalis.com\/tunisie\/wp-json\/wp\/v2\/categories?post=310920"},{"taxonomy":"post_tag","embeddable":true,"href":"https:\/\/kapitalis.com\/tunisie\/wp-json\/wp\/v2\/tags?post=310920"}],"curies":[{"name":"wp","href":"https:\/\/api.w.org\/{rel}","templated":true}]}}