{"id":311054,"date":"2020-08-07T21:17:55","date_gmt":"2020-08-07T20:17:55","guid":{"rendered":"http:\/\/kapitalis.com\/tunisie\/?p=311054"},"modified":"2020-08-08T08:05:36","modified_gmt":"2020-08-08T07:05:36","slug":"makhlouf-khedher-a-demissionne-suite-a-la-campagne-menee-par-le-pdl-et-attayar","status":"publish","type":"post","link":"https:\/\/kapitalis.com\/tunisie\/2020\/08\/07\/makhlouf-khedher-a-demissionne-suite-a-la-campagne-menee-par-le-pdl-et-attayar\/","title":{"rendered":"Makhlouf : \u00abKhedher a d\u00e9missionn\u00e9 suite \u00e0 la campagne men\u00e9e contre lui par le PDL et Attayar\u00bb"},"content":{"rendered":"\n<figure class=\"wp-block-image size-large\"><img decoding=\"async\" src=\"http:\/\/kapitalis.com\/tunisie\/wp-content\/uploads\/2020\/08\/Seifeddine-Makhlouf-Habib-Khedher.jpg\" alt=\"\" class=\"wp-image-311057\"\/><\/figure>\n\n\n\n<p><strong><em>Selon <strong><em>Seifeddine Makhlouf,<\/em><\/strong> pr\u00e9sident du bloc pseudo-r\u00e9volutionnaire Al-Karama, le Parti destourien libre (PDL) et Attayar ont pouss\u00e9 Habib Khedher \u00e0 d\u00e9missionner de son poste de chef de cabinet du pr\u00e9sident de l&rsquo;Assembl\u00e9e, Rached Ghannouchi.<\/em><\/strong> <strong><em>Il ne dit pas cependant pourquoi ce dernier l&rsquo;a aussit\u00f4t accept\u00e9e&#8230; s&rsquo;il ne la lui a pas express\u00e9ment demand\u00e9e!<\/em><\/strong><\/p>\n\n\n\n<!--more-->\n\n\n\n<p><em>\u00abHabib Khedher a d\u00e9missionn\u00e9 suite \u00e0 la campagne men\u00e9e contre lui par le bloc de Ben Ali <\/em>(en r\u00e9f\u00e9rence au PDL, Ndlr) <em>et son alli\u00e9, celui de Samia Abbou <\/em>(Attayar, Ndlr)\u00bb, a-t-il \u00e9crit dans un post publi\u00e9 cet apr\u00e8s-midi, vendredi 7 ao\u00fbt 2020, sur son compte Facebook.<\/p>\n\n\n\n<p>Le pr\u00e9sident d&rsquo;Al-Karama, filiale extr\u00e9miste d&rsquo;Ennahdha, a \u00e9galement fait l&rsquo;\u00e9loge de Habib Khedher en assurant que ce dernier est <em>\u00abun homme droit, brave et humble, r\u00e9put\u00e9 pour son \u00e9ducation<\/em>\u00bb, dit-il.<\/p>\n\n\n\n<p>\u00ab<em>Habib Khedher est une comp\u00e9tence et je t\u00e9moigne qu&rsquo;il a les mains propres, mais ces vagabonds pr\u00e9f\u00e8rent les clochards et les corrompus\u00bb<\/em>, a-t-il encore accus\u00e9, dans son langage habituel.<\/p>\n\n\n\n<p>Rappelons que Habib Khedher a annonc\u00e9 sa d\u00e9mission, aujourd&rsquo;hui, en assurant que celle-ci a \u00e9t\u00e9 d\u00e9cid\u00e9e, apr\u00e8s concertation avec Rached Ghannouchi, mais sans en expliquer les raisons. Lesquelles, on le sait, tiennent au fait que son comportement a braqu\u00e9 contre lui une majorit\u00e9 de d\u00e9put\u00e9s qui lui reprochent de veiller davantage aux int\u00e9r\u00eats de sa secte, le parti Ennahdha, qu&rsquo;aux int\u00e9r\u00eats de l&rsquo;Etat tunisien qu&rsquo;il est cens\u00e9 servir. <\/p>\n\n\n\n<p>C&rsquo;est ce que M. Makhlouf feint d&rsquo;oublier, et pour cause : M. Khedher \u00e9tait aussi au service de sa camarilla d&rsquo;extr\u00e9mistes religieux et de r\u00e9volutionnaires de la 25e heures.  <\/p>\n\n\n\n<p class=\"has-text-align-right\"><strong>Y. N.<\/strong><\/p>\n\n\n\n<figure class=\"wp-block-embed-wordpress wp-block-embed is-type-wp-embed is-provider-kapitalis\"><div class=\"wp-block-embed__wrapper\">\n<blockquote class=\"wp-embedded-content\" data-secret=\"VqfoEVk6wx\"><a href=\"https:\/\/kapitalis.com\/tunisie\/2020\/08\/07\/assemblee-demission-de-habib-khedher-chef-de-cabinet-de-rached-ghannouchi\/\">Assembl\u00e9e : D\u00e9mission de Habib Khedher, chef de cabinet de Rached Ghannouchi<\/a><\/blockquote><iframe loading=\"lazy\" class=\"wp-embedded-content\" sandbox=\"allow-scripts\" security=\"restricted\" style=\"position: absolute; clip: rect(1px, 1px, 1px, 1px);\" title=\"\u00ab\u00a0Assembl\u00e9e : D\u00e9mission de Habib Khedher, chef de cabinet de Rached Ghannouchi\u00a0\u00bb &#8212; Kapitalis\" src=\"https:\/\/kapitalis.com\/tunisie\/2020\/08\/07\/assemblee-demission-de-habib-khedher-chef-de-cabinet-de-rached-ghannouchi\/embed\/#?secret=TDCyPFwj9Q#?secret=VqfoEVk6wx\" data-secret=\"VqfoEVk6wx\" width=\"600\" height=\"338\" frameborder=\"0\" marginwidth=\"0\" marginheight=\"0\" scrolling=\"no\"><\/iframe>\n<\/div><\/figure>\n\n\n\n<figure class=\"wp-block-embed-wordpress wp-block-embed is-type-wp-embed is-provider-kapitalis\"><div class=\"wp-block-embed__wrapper\">\n<blockquote class=\"wp-embedded-content\" data-secret=\"NJzjGpAJs9\"><a href=\"https:\/\/kapitalis.com\/tunisie\/2020\/07\/16\/assemblee-habib-khehder-tente-denfermer-les-deputes-pdl-dans-son-bureau-video\/\">Assembl\u00e9e : Habib Khedher tente d&rsquo;enfermer les d\u00e9put\u00e9s PDL dans son bureau (Vid\u00e9o)<\/a><\/blockquote><iframe loading=\"lazy\" class=\"wp-embedded-content\" sandbox=\"allow-scripts\" security=\"restricted\" style=\"position: absolute; clip: rect(1px, 1px, 1px, 1px);\" title=\"\u00ab\u00a0Assembl\u00e9e : Habib Khedher tente d&rsquo;enfermer les d\u00e9put\u00e9s PDL dans son bureau (Vid\u00e9o)\u00a0\u00bb &#8212; Kapitalis\" src=\"https:\/\/kapitalis.com\/tunisie\/2020\/07\/16\/assemblee-habib-khehder-tente-denfermer-les-deputes-pdl-dans-son-bureau-video\/embed\/#?secret=dS8HXIpg1m#?secret=NJzjGpAJs9\" data-secret=\"NJzjGpAJs9\" width=\"600\" height=\"338\" frameborder=\"0\" marginwidth=\"0\" marginheight=\"0\" scrolling=\"no\"><\/iframe>\n<\/div><\/figure>\n","protected":false},"excerpt":{"rendered":"<p>Selon Seifeddine Makhlouf, pr\u00e9sident du bloc pseudo-r\u00e9volutionnaire Al-Karama, le Parti destourien libre (PDL) et Attayar ont pouss\u00e9 Habib Khedher \u00e0 d\u00e9missionner de son poste de chef de cabinet du pr\u00e9sident de l&rsquo;Assembl\u00e9e, Rached Ghannouchi. Il ne dit pas cependant pourquoi ce dernier l&rsquo;a aussit\u00f4t accept\u00e9e&#8230; s&rsquo;il ne la lui a pas express\u00e9ment demand\u00e9e!<\/p>\n","protected":false},"author":6,"featured_media":311057,"comment_status":"open","ping_status":"open","sticky":false,"template":"","format":"standard","meta":{"footnotes":""},"categories":[997,2433],"tags":[76464,15519,71194,33536,758,8752],"class_list":["post-311054","post","type-post","status-publish","format-standard","has-post-thumbnail","hentry","category-politique","category-tunisie","tag-al-karama-2","tag-attayar","tag-habib-khedher","tag-pdl","tag-rached-ghannouchi","tag-seifeddine-makhlouf"],"yoast_head":"<!-- This site is optimized with the Yoast SEO plugin v26.6 - https:\/\/yoast.com\/wordpress\/plugins\/seo\/ -->\n<title>Makhlouf : \u00abKhedher a d\u00e9missionn\u00e9 suite \u00e0 la campagne men\u00e9e contre lui par le PDL et Attayar\u00bb - Kapitalis<\/title>\n<meta name=\"robots\" content=\"index, follow, max-snippet:-1, max-image-preview:large, max-video-preview:-1\" \/>\n<link rel=\"canonical\" href=\"https:\/\/kapitalis.com\/tunisie\/2020\/08\/07\/makhlouf-khedher-a-demissionne-suite-a-la-campagne-menee-par-le-pdl-et-attayar\/\" \/>\n<meta property=\"og:locale\" content=\"fr_FR\" \/>\n<meta property=\"og:type\" content=\"article\" \/>\n<meta property=\"og:title\" content=\"Makhlouf : \u00abKhedher a d\u00e9missionn\u00e9 suite \u00e0 la campagne men\u00e9e contre lui par le PDL et Attayar\u00bb - Kapitalis\" \/>\n<meta property=\"og:description\" content=\"Selon Seifeddine Makhlouf, pr\u00e9sident du bloc pseudo-r\u00e9volutionnaire Al-Karama, le Parti destourien libre (PDL) et Attayar ont pouss\u00e9 Habib Khedher \u00e0 d\u00e9missionner de son poste de chef de cabinet du pr\u00e9sident de l&rsquo;Assembl\u00e9e, Rached Ghannouchi. Il ne dit pas cependant pourquoi ce dernier l&rsquo;a aussit\u00f4t accept\u00e9e&#8230; s&rsquo;il ne la lui a pas express\u00e9ment demand\u00e9e!\" \/>\n<meta property=\"og:url\" content=\"https:\/\/kapitalis.com\/tunisie\/2020\/08\/07\/makhlouf-khedher-a-demissionne-suite-a-la-campagne-menee-par-le-pdl-et-attayar\/\" \/>\n<meta property=\"og:site_name\" content=\"Kapitalis\" \/>\n<meta property=\"article:publisher\" content=\"https:\/\/www.facebook.com\/KapitalisInfo\/\" \/>\n<meta property=\"article:published_time\" content=\"2020-08-07T20:17:55+00:00\" \/>\n<meta property=\"article:modified_time\" content=\"2020-08-08T07:05:36+00:00\" \/>\n<meta property=\"og:image\" content=\"https:\/\/kapitalis.com\/tunisie\/wp-content\/uploads\/2022\/05\/kapitalis-logo-fb.png\" \/>\n\t<meta property=\"og:image:width\" content=\"1200\" \/>\n\t<meta property=\"og:image:height\" content=\"630\" \/>\n\t<meta property=\"og:image:type\" content=\"image\/png\" \/>\n<meta name=\"author\" content=\"Yusra NY\" \/>\n<meta name=\"twitter:card\" content=\"summary_large_image\" \/>\n<meta name=\"twitter:creator\" content=\"@KapitalisInfo\" \/>\n<meta name=\"twitter:site\" content=\"@KapitalisInfo\" \/>\n<meta name=\"twitter:label1\" content=\"\u00c9crit par\" \/>\n\t<meta name=\"twitter:data1\" content=\"Yusra NY\" \/>\n\t<meta name=\"twitter:label2\" content=\"Dur\u00e9e de lecture estim\u00e9e\" \/>\n\t<meta name=\"twitter:data2\" content=\"1 minute\" \/>\n<script type=\"application\/ld+json\" class=\"yoast-schema-graph\">{\"@context\":\"https:\/\/schema.org\",\"@graph\":[{\"@type\":\"Article\",\"@id\":\"https:\/\/kapitalis.com\/tunisie\/2020\/08\/07\/makhlouf-khedher-a-demissionne-suite-a-la-campagne-menee-par-le-pdl-et-attayar\/#article\",\"isPartOf\":{\"@id\":\"https:\/\/kapitalis.com\/tunisie\/2020\/08\/07\/makhlouf-khedher-a-demissionne-suite-a-la-campagne-menee-par-le-pdl-et-attayar\/\"},\"author\":{\"name\":\"Yusra NY\",\"@id\":\"https:\/\/kapitalis.com\/tunisie\/#\/schema\/person\/74bbde0154d49d790a92aaeac5bc01d5\"},\"headline\":\"Makhlouf : \u00abKhedher a d\u00e9missionn\u00e9 suite \u00e0 la campagne men\u00e9e contre lui par le PDL et Attayar\u00bb\",\"datePublished\":\"2020-08-07T20:17:55+00:00\",\"dateModified\":\"2020-08-08T07:05:36+00:00\",\"mainEntityOfPage\":{\"@id\":\"https:\/\/kapitalis.com\/tunisie\/2020\/08\/07\/makhlouf-khedher-a-demissionne-suite-a-la-campagne-menee-par-le-pdl-et-attayar\/\"},\"wordCount\":315,\"commentCount\":4,\"publisher\":{\"@id\":\"https:\/\/kapitalis.com\/tunisie\/#organization\"},\"image\":{\"@id\":\"https:\/\/kapitalis.com\/tunisie\/2020\/08\/07\/makhlouf-khedher-a-demissionne-suite-a-la-campagne-menee-par-le-pdl-et-attayar\/#primaryimage\"},\"thumbnailUrl\":\"\",\"keywords\":[\"Al-Karama\",\"Attayar\",\"Habib Khedher\",\"PDL\",\"Rached Ghannouchi\",\"Seifeddine Makhlouf\"],\"articleSection\":[\"POLITIQUE\",\"Tunisie\"],\"inLanguage\":\"fr-FR\",\"potentialAction\":[{\"@type\":\"CommentAction\",\"name\":\"Comment\",\"target\":[\"https:\/\/kapitalis.com\/tunisie\/2020\/08\/07\/makhlouf-khedher-a-demissionne-suite-a-la-campagne-menee-par-le-pdl-et-attayar\/#respond\"]}]},{\"@type\":\"WebPage\",\"@id\":\"https:\/\/kapitalis.com\/tunisie\/2020\/08\/07\/makhlouf-khedher-a-demissionne-suite-a-la-campagne-menee-par-le-pdl-et-attayar\/\",\"url\":\"https:\/\/kapitalis.com\/tunisie\/2020\/08\/07\/makhlouf-khedher-a-demissionne-suite-a-la-campagne-menee-par-le-pdl-et-attayar\/\",\"name\":\"Makhlouf : \u00abKhedher a d\u00e9missionn\u00e9 suite \u00e0 la campagne men\u00e9e contre lui par le PDL et Attayar\u00bb - Kapitalis\",\"isPartOf\":{\"@id\":\"https:\/\/kapitalis.com\/tunisie\/#website\"},\"primaryImageOfPage\":{\"@id\":\"https:\/\/kapitalis.com\/tunisie\/2020\/08\/07\/makhlouf-khedher-a-demissionne-suite-a-la-campagne-menee-par-le-pdl-et-attayar\/#primaryimage\"},\"image\":{\"@id\":\"https:\/\/kapitalis.com\/tunisie\/2020\/08\/07\/makhlouf-khedher-a-demissionne-suite-a-la-campagne-menee-par-le-pdl-et-attayar\/#primaryimage\"},\"thumbnailUrl\":\"\",\"datePublished\":\"2020-08-07T20:17:55+00:00\",\"dateModified\":\"2020-08-08T07:05:36+00:00\",\"breadcrumb\":{\"@id\":\"https:\/\/kapitalis.com\/tunisie\/2020\/08\/07\/makhlouf-khedher-a-demissionne-suite-a-la-campagne-menee-par-le-pdl-et-attayar\/#breadcrumb\"},\"inLanguage\":\"fr-FR\",\"potentialAction\":[{\"@type\":\"ReadAction\",\"target\":[\"https:\/\/kapitalis.com\/tunisie\/2020\/08\/07\/makhlouf-khedher-a-demissionne-suite-a-la-campagne-menee-par-le-pdl-et-attayar\/\"]}]},{\"@type\":\"ImageObject\",\"inLanguage\":\"fr-FR\",\"@id\":\"https:\/\/kapitalis.com\/tunisie\/2020\/08\/07\/makhlouf-khedher-a-demissionne-suite-a-la-campagne-menee-par-le-pdl-et-attayar\/#primaryimage\",\"url\":\"\",\"contentUrl\":\"\"},{\"@type\":\"BreadcrumbList\",\"@id\":\"https:\/\/kapitalis.com\/tunisie\/2020\/08\/07\/makhlouf-khedher-a-demissionne-suite-a-la-campagne-menee-par-le-pdl-et-attayar\/#breadcrumb\",\"itemListElement\":[{\"@type\":\"ListItem\",\"position\":1,\"name\":\"Accueil\",\"item\":\"https:\/\/kapitalis.com\/tunisie\/\"},{\"@type\":\"ListItem\",\"position\":2,\"name\":\"Makhlouf : \u00abKhedher a d\u00e9missionn\u00e9 suite \u00e0 la campagne men\u00e9e contre lui par le PDL et Attayar\u00bb\"}]},{\"@type\":\"WebSite\",\"@id\":\"https:\/\/kapitalis.com\/tunisie\/#website\",\"url\":\"https:\/\/kapitalis.com\/tunisie\/\",\"name\":\"Kapitalis\",\"description\":\"L&#039;actualit\u00e9 en Tunisie et dans le monde\",\"publisher\":{\"@id\":\"https:\/\/kapitalis.com\/tunisie\/#organization\"},\"potentialAction\":[{\"@type\":\"SearchAction\",\"target\":{\"@type\":\"EntryPoint\",\"urlTemplate\":\"https:\/\/kapitalis.com\/tunisie\/?s={search_term_string}\"},\"query-input\":{\"@type\":\"PropertyValueSpecification\",\"valueRequired\":true,\"valueName\":\"search_term_string\"}}],\"inLanguage\":\"fr-FR\"},{\"@type\":\"Organization\",\"@id\":\"https:\/\/kapitalis.com\/tunisie\/#organization\",\"name\":\"Kapitalis\",\"url\":\"https:\/\/kapitalis.com\/tunisie\/\",\"logo\":{\"@type\":\"ImageObject\",\"inLanguage\":\"fr-FR\",\"@id\":\"https:\/\/kapitalis.com\/tunisie\/#\/schema\/logo\/image\/\",\"url\":\"https:\/\/kapitalis.com\/tunisie\/wp-content\/uploads\/2022\/05\/Kapitalis-big-size.png\",\"contentUrl\":\"https:\/\/kapitalis.com\/tunisie\/wp-content\/uploads\/2022\/05\/Kapitalis-big-size.png\",\"width\":5000,\"height\":1500,\"caption\":\"Kapitalis\"},\"image\":{\"@id\":\"https:\/\/kapitalis.com\/tunisie\/#\/schema\/logo\/image\/\"},\"sameAs\":[\"https:\/\/www.facebook.com\/KapitalisInfo\/\",\"https:\/\/x.com\/KapitalisInfo\",\"https:\/\/www.youtube.com\/channel\/UC-yDYrHyfFBWWZaOw3FPg9Q\"]},{\"@type\":\"Person\",\"@id\":\"https:\/\/kapitalis.com\/tunisie\/#\/schema\/person\/74bbde0154d49d790a92aaeac5bc01d5\",\"name\":\"Yusra NY\",\"url\":\"https:\/\/kapitalis.com\/tunisie\/author\/yuza_adam\/\"}]}<\/script>\n<!-- \/ Yoast SEO plugin. -->","yoast_head_json":{"title":"Makhlouf : \u00abKhedher a d\u00e9missionn\u00e9 suite \u00e0 la campagne men\u00e9e contre lui par le PDL et Attayar\u00bb - Kapitalis","robots":{"index":"index","follow":"follow","max-snippet":"max-snippet:-1","max-image-preview":"max-image-preview:large","max-video-preview":"max-video-preview:-1"},"canonical":"https:\/\/kapitalis.com\/tunisie\/2020\/08\/07\/makhlouf-khedher-a-demissionne-suite-a-la-campagne-menee-par-le-pdl-et-attayar\/","og_locale":"fr_FR","og_type":"article","og_title":"Makhlouf : \u00abKhedher a d\u00e9missionn\u00e9 suite \u00e0 la campagne men\u00e9e contre lui par le PDL et Attayar\u00bb - Kapitalis","og_description":"Selon Seifeddine Makhlouf, pr\u00e9sident du bloc pseudo-r\u00e9volutionnaire Al-Karama, le Parti destourien libre (PDL) et Attayar ont pouss\u00e9 Habib Khedher \u00e0 d\u00e9missionner de son poste de chef de cabinet du pr\u00e9sident de l&rsquo;Assembl\u00e9e, Rached Ghannouchi. Il ne dit pas cependant pourquoi ce dernier l&rsquo;a aussit\u00f4t accept\u00e9e&#8230; s&rsquo;il ne la lui a pas express\u00e9ment demand\u00e9e!","og_url":"https:\/\/kapitalis.com\/tunisie\/2020\/08\/07\/makhlouf-khedher-a-demissionne-suite-a-la-campagne-menee-par-le-pdl-et-attayar\/","og_site_name":"Kapitalis","article_publisher":"https:\/\/www.facebook.com\/KapitalisInfo\/","article_published_time":"2020-08-07T20:17:55+00:00","article_modified_time":"2020-08-08T07:05:36+00:00","og_image":[{"width":1200,"height":630,"url":"https:\/\/kapitalis.com\/tunisie\/wp-content\/uploads\/2022\/05\/kapitalis-logo-fb.png","type":"image\/png"}],"author":"Yusra NY","twitter_card":"summary_large_image","twitter_creator":"@KapitalisInfo","twitter_site":"@KapitalisInfo","twitter_misc":{"\u00c9crit par":"Yusra NY","Dur\u00e9e de lecture estim\u00e9e":"1 minute"},"schema":{"@context":"https:\/\/schema.org","@graph":[{"@type":"Article","@id":"https:\/\/kapitalis.com\/tunisie\/2020\/08\/07\/makhlouf-khedher-a-demissionne-suite-a-la-campagne-menee-par-le-pdl-et-attayar\/#article","isPartOf":{"@id":"https:\/\/kapitalis.com\/tunisie\/2020\/08\/07\/makhlouf-khedher-a-demissionne-suite-a-la-campagne-menee-par-le-pdl-et-attayar\/"},"author":{"name":"Yusra NY","@id":"https:\/\/kapitalis.com\/tunisie\/#\/schema\/person\/74bbde0154d49d790a92aaeac5bc01d5"},"headline":"Makhlouf : \u00abKhedher a d\u00e9missionn\u00e9 suite \u00e0 la campagne men\u00e9e contre lui par le PDL et Attayar\u00bb","datePublished":"2020-08-07T20:17:55+00:00","dateModified":"2020-08-08T07:05:36+00:00","mainEntityOfPage":{"@id":"https:\/\/kapitalis.com\/tunisie\/2020\/08\/07\/makhlouf-khedher-a-demissionne-suite-a-la-campagne-menee-par-le-pdl-et-attayar\/"},"wordCount":315,"commentCount":4,"publisher":{"@id":"https:\/\/kapitalis.com\/tunisie\/#organization"},"image":{"@id":"https:\/\/kapitalis.com\/tunisie\/2020\/08\/07\/makhlouf-khedher-a-demissionne-suite-a-la-campagne-menee-par-le-pdl-et-attayar\/#primaryimage"},"thumbnailUrl":"","keywords":["Al-Karama","Attayar","Habib Khedher","PDL","Rached Ghannouchi","Seifeddine Makhlouf"],"articleSection":["POLITIQUE","Tunisie"],"inLanguage":"fr-FR","potentialAction":[{"@type":"CommentAction","name":"Comment","target":["https:\/\/kapitalis.com\/tunisie\/2020\/08\/07\/makhlouf-khedher-a-demissionne-suite-a-la-campagne-menee-par-le-pdl-et-attayar\/#respond"]}]},{"@type":"WebPage","@id":"https:\/\/kapitalis.com\/tunisie\/2020\/08\/07\/makhlouf-khedher-a-demissionne-suite-a-la-campagne-menee-par-le-pdl-et-attayar\/","url":"https:\/\/kapitalis.com\/tunisie\/2020\/08\/07\/makhlouf-khedher-a-demissionne-suite-a-la-campagne-menee-par-le-pdl-et-attayar\/","name":"Makhlouf : \u00abKhedher a d\u00e9missionn\u00e9 suite \u00e0 la campagne men\u00e9e contre lui par le PDL et Attayar\u00bb - Kapitalis","isPartOf":{"@id":"https:\/\/kapitalis.com\/tunisie\/#website"},"primaryImageOfPage":{"@id":"https:\/\/kapitalis.com\/tunisie\/2020\/08\/07\/makhlouf-khedher-a-demissionne-suite-a-la-campagne-menee-par-le-pdl-et-attayar\/#primaryimage"},"image":{"@id":"https:\/\/kapitalis.com\/tunisie\/2020\/08\/07\/makhlouf-khedher-a-demissionne-suite-a-la-campagne-menee-par-le-pdl-et-attayar\/#primaryimage"},"thumbnailUrl":"","datePublished":"2020-08-07T20:17:55+00:00","dateModified":"2020-08-08T07:05:36+00:00","breadcrumb":{"@id":"https:\/\/kapitalis.com\/tunisie\/2020\/08\/07\/makhlouf-khedher-a-demissionne-suite-a-la-campagne-menee-par-le-pdl-et-attayar\/#breadcrumb"},"inLanguage":"fr-FR","potentialAction":[{"@type":"ReadAction","target":["https:\/\/kapitalis.com\/tunisie\/2020\/08\/07\/makhlouf-khedher-a-demissionne-suite-a-la-campagne-menee-par-le-pdl-et-attayar\/"]}]},{"@type":"ImageObject","inLanguage":"fr-FR","@id":"https:\/\/kapitalis.com\/tunisie\/2020\/08\/07\/makhlouf-khedher-a-demissionne-suite-a-la-campagne-menee-par-le-pdl-et-attayar\/#primaryimage","url":"","contentUrl":""},{"@type":"BreadcrumbList","@id":"https:\/\/kapitalis.com\/tunisie\/2020\/08\/07\/makhlouf-khedher-a-demissionne-suite-a-la-campagne-menee-par-le-pdl-et-attayar\/#breadcrumb","itemListElement":[{"@type":"ListItem","position":1,"name":"Accueil","item":"https:\/\/kapitalis.com\/tunisie\/"},{"@type":"ListItem","position":2,"name":"Makhlouf : \u00abKhedher a d\u00e9missionn\u00e9 suite \u00e0 la campagne men\u00e9e contre lui par le PDL et Attayar\u00bb"}]},{"@type":"WebSite","@id":"https:\/\/kapitalis.com\/tunisie\/#website","url":"https:\/\/kapitalis.com\/tunisie\/","name":"Kapitalis","description":"L&#039;actualit\u00e9 en Tunisie et dans le monde","publisher":{"@id":"https:\/\/kapitalis.com\/tunisie\/#organization"},"potentialAction":[{"@type":"SearchAction","target":{"@type":"EntryPoint","urlTemplate":"https:\/\/kapitalis.com\/tunisie\/?s={search_term_string}"},"query-input":{"@type":"PropertyValueSpecification","valueRequired":true,"valueName":"search_term_string"}}],"inLanguage":"fr-FR"},{"@type":"Organization","@id":"https:\/\/kapitalis.com\/tunisie\/#organization","name":"Kapitalis","url":"https:\/\/kapitalis.com\/tunisie\/","logo":{"@type":"ImageObject","inLanguage":"fr-FR","@id":"https:\/\/kapitalis.com\/tunisie\/#\/schema\/logo\/image\/","url":"https:\/\/kapitalis.com\/tunisie\/wp-content\/uploads\/2022\/05\/Kapitalis-big-size.png","contentUrl":"https:\/\/kapitalis.com\/tunisie\/wp-content\/uploads\/2022\/05\/Kapitalis-big-size.png","width":5000,"height":1500,"caption":"Kapitalis"},"image":{"@id":"https:\/\/kapitalis.com\/tunisie\/#\/schema\/logo\/image\/"},"sameAs":["https:\/\/www.facebook.com\/KapitalisInfo\/","https:\/\/x.com\/KapitalisInfo","https:\/\/www.youtube.com\/channel\/UC-yDYrHyfFBWWZaOw3FPg9Q"]},{"@type":"Person","@id":"https:\/\/kapitalis.com\/tunisie\/#\/schema\/person\/74bbde0154d49d790a92aaeac5bc01d5","name":"Yusra NY","url":"https:\/\/kapitalis.com\/tunisie\/author\/yuza_adam\/"}]}},"_links":{"self":[{"href":"https:\/\/kapitalis.com\/tunisie\/wp-json\/wp\/v2\/posts\/311054","targetHints":{"allow":["GET"]}}],"collection":[{"href":"https:\/\/kapitalis.com\/tunisie\/wp-json\/wp\/v2\/posts"}],"about":[{"href":"https:\/\/kapitalis.com\/tunisie\/wp-json\/wp\/v2\/types\/post"}],"author":[{"embeddable":true,"href":"https:\/\/kapitalis.com\/tunisie\/wp-json\/wp\/v2\/users\/6"}],"replies":[{"embeddable":true,"href":"https:\/\/kapitalis.com\/tunisie\/wp-json\/wp\/v2\/comments?post=311054"}],"version-history":[{"count":0,"href":"https:\/\/kapitalis.com\/tunisie\/wp-json\/wp\/v2\/posts\/311054\/revisions"}],"wp:featuredmedia":[{"embeddable":true,"href":"https:\/\/kapitalis.com\/tunisie\/wp-json\/wp\/v2\/media\/311057"}],"wp:attachment":[{"href":"https:\/\/kapitalis.com\/tunisie\/wp-json\/wp\/v2\/media?parent=311054"}],"wp:term":[{"taxonomy":"category","embeddable":true,"href":"https:\/\/kapitalis.com\/tunisie\/wp-json\/wp\/v2\/categories?post=311054"},{"taxonomy":"post_tag","embeddable":true,"href":"https:\/\/kapitalis.com\/tunisie\/wp-json\/wp\/v2\/tags?post=311054"}],"curies":[{"name":"wp","href":"https:\/\/api.w.org\/{rel}","templated":true}]}}