{"id":31106,"date":"2015-12-18T18:08:42","date_gmt":"2015-12-18T17:08:42","guid":{"rendered":"http:\/\/kapitalis.com\/tunisie\/?p=31106"},"modified":"2015-12-19T14:28:37","modified_gmt":"2015-12-19T13:28:37","slug":"akremi-le-feu-ne-laisse-que-des-cendres-sapplique-plutot-a-hafedh-caid-essebsi","status":"publish","type":"post","link":"https:\/\/kapitalis.com\/tunisie\/2015\/12\/18\/akremi-le-feu-ne-laisse-que-des-cendres-sapplique-plutot-a-hafedh-caid-essebsi\/","title":{"rendered":"Akremi: \u00ab\u00a0Le feu ne laisse que des cendres\u00a0\u00bb s&rsquo;applique plut\u00f4t \u00e0 Hafedh Ca\u00efd Essebsi"},"content":{"rendered":"<div class=\"embed\">\n<div class=\"video\"><iframe loading=\"lazy\" id=\"div1\" src=\"https:\/\/www.youtube.com\/embed\/53tS0I1HASs?start=07&amp;end=515;rel=0&amp;iv_load_policy=3&amp;showinfo=0&amp;modestbranding=1&amp;fs=1\" width=\"560\" height=\"315\" frameborder=\"0\" allowfullscreen=\"allowfullscreen\"><\/iframe><\/div>\n<\/div>\n<p><strong><em>Lazhar Akremi a affirm\u00e9 que le dicton tunisien \u00ab\u00a0le feu ne laisse que des cendres\u00a0\u00bb, prononc\u00e9 en allusion \u00e0 sa personne par le pr\u00e9sident Beji Ca\u00efd Essebsi, concerne plut\u00f4t, Hafedh Ca\u00efd Essebsi.<\/em><\/strong><\/p>\n<p>\u00ab\u00a0<em>Je crois fort que ce proverbe concerne plut\u00f4t le fils du chef de l&rsquo;Etat, Hafedh Ca\u00efd Essebsi\u00a0\u00bb<\/em>, a lanc\u00e9 le dirigeant nidaaiste Lazhar Akremi. \u00ab\u00a0<em>D&rsquo;abord, je ne suis pas un tas de cendres<\/em>, a ajout\u00e9 Akremi. <em>J&rsquo;ai poursuivi mes \u00e9tudes alors que mon p\u00e8re s&rsquo;\u00e9tait content\u00e9 d&rsquo;apprendre par\u00a0c\u0153ur\u00a0le Coran. Je suis devenu\u00a0avocat tandis que mon p\u00e8re \u00e9tait un agriculteur. En outre, j&rsquo;ai rejoint les fronts de combat o\u00f9 j&rsquo;ai milit\u00e9 pendant pr\u00e8s de 6 ans. J&rsquo;ai travaill\u00e9 d\u00e8s l&rsquo;\u00e2ge de 16 ans avant d&rsquo;int\u00e9grer le corps journalistique. Je suis un autodidacte qui a longtemps v\u00e9cu \u00e0 l&rsquo;\u00e9tranger et qui n&rsquo;a jamais \u00e9t\u00e9 expuls\u00e9. De m\u00eame, je n&rsquo;ai jamais \u00e9t\u00e9 un consommateur de stup\u00e9fiants ni impliqu\u00e9 dans des affaires de corruption. <\/em><em>Tout cela prouve que je ne suis pas un tas de cendres\u00a0\u00bb<\/em>, s&rsquo;est d\u00e9fendu le dirigeant nidaaiste.<\/p>\n<p>Lazhar Akremi a soulign\u00e9 qu&rsquo;il n&rsquo;entendait pas, par la critique qu&rsquo;il a adress\u00e9e au pr\u00e9sident Ca\u00efd Essebsi, lui porter atteinte personnellement: \u00ab\u00a0<em>Quand j&rsquo;ai dit que le pr\u00e9sident de la r\u00e9publique est non d\u00e9mocrate<\/em>, a poursuivi Akremi, <em>cela n&rsquo;\u00e9tait pas une insulte. C&rsquo;est juste une description politique qui concerne monsieur Beji Ca\u00efd Essebsi. Cependant, Tout le monde sait pourquoi le dicton tunisien qui dit [le feu ne laisse que des cendres] s&rsquo;applique bien \u00e0 son fils\u00a0\u00bb.<\/em><\/p>\n<p style=\"text-align: right;\"><strong>H. A.<\/strong><\/p>\n","protected":false},"excerpt":{"rendered":"<p>Lazhar Akremi a affirm\u00e9 que le dicton tunisien \u00ab\u00a0le feu ne laisse que des cendres\u00a0\u00bb, prononc\u00e9 en allusion \u00e0 sa personne par le pr\u00e9sident Beji Ca\u00efd Essebsi, concerne plut\u00f4t, Hafedh Ca\u00efd Essebsi. \u00ab\u00a0Je crois fort que ce proverbe concerne plut\u00f4t le fils du chef de l&rsquo;Etat, Hafedh Ca\u00efd Essebsi\u00a0\u00bb, a lanc\u00e9 le dirigeant nidaaiste Lazhar&#8230;<\/p>\n","protected":false},"author":13,"featured_media":31129,"comment_status":"open","ping_status":"open","sticky":false,"template":"","format":"standard","meta":{"footnotes":""},"categories":[4806],"tags":[271,536],"class_list":["post-31106","post","type-post","status-publish","format-standard","has-post-thumbnail","hentry","category-videos","tag-democratie","tag-lazhar-akremi"],"yoast_head":"<!-- This site is optimized with the Yoast SEO plugin v26.6 - https:\/\/yoast.com\/wordpress\/plugins\/seo\/ -->\n<title>Akremi: &quot;Le feu ne laisse que des cendres&quot; s&#039;applique plut\u00f4t \u00e0 Hafedh Ca\u00efd Essebsi - Kapitalis<\/title>\n<meta name=\"robots\" content=\"index, follow, max-snippet:-1, max-image-preview:large, max-video-preview:-1\" \/>\n<link rel=\"canonical\" href=\"https:\/\/kapitalis.com\/tunisie\/2015\/12\/18\/akremi-le-feu-ne-laisse-que-des-cendres-sapplique-plutot-a-hafedh-caid-essebsi\/\" \/>\n<meta property=\"og:locale\" content=\"fr_FR\" \/>\n<meta property=\"og:type\" content=\"article\" \/>\n<meta property=\"og:title\" content=\"Akremi: &quot;Le feu ne laisse que des cendres&quot; s&#039;applique plut\u00f4t \u00e0 Hafedh Ca\u00efd Essebsi - Kapitalis\" \/>\n<meta property=\"og:description\" content=\"Lazhar Akremi a affirm\u00e9 que le dicton tunisien \u00ab\u00a0le feu ne laisse que des cendres\u00a0\u00bb, prononc\u00e9 en allusion \u00e0 sa personne par le pr\u00e9sident Beji Ca\u00efd Essebsi, concerne plut\u00f4t, Hafedh Ca\u00efd Essebsi. \u00ab\u00a0Je crois fort que ce proverbe concerne plut\u00f4t le fils du chef de l&rsquo;Etat, Hafedh Ca\u00efd Essebsi\u00a0\u00bb, a lanc\u00e9 le dirigeant nidaaiste Lazhar...\" \/>\n<meta property=\"og:url\" content=\"https:\/\/kapitalis.com\/tunisie\/2015\/12\/18\/akremi-le-feu-ne-laisse-que-des-cendres-sapplique-plutot-a-hafedh-caid-essebsi\/\" \/>\n<meta property=\"og:site_name\" content=\"Kapitalis\" \/>\n<meta property=\"article:publisher\" content=\"https:\/\/www.facebook.com\/KapitalisInfo\/\" \/>\n<meta property=\"article:published_time\" content=\"2015-12-18T17:08:42+00:00\" \/>\n<meta property=\"article:modified_time\" content=\"2015-12-19T13:28:37+00:00\" \/>\n<meta property=\"og:image\" content=\"https:\/\/kapitalis.com\/tunisie\/wp-content\/uploads\/2022\/05\/kapitalis-logo-fb.png\" \/>\n\t<meta property=\"og:image:width\" content=\"1200\" \/>\n\t<meta property=\"og:image:height\" content=\"630\" \/>\n\t<meta property=\"og:image:type\" content=\"image\/png\" \/>\n<meta name=\"author\" content=\"webmaster aux\" \/>\n<meta name=\"twitter:card\" content=\"summary_large_image\" \/>\n<meta name=\"twitter:creator\" content=\"@KapitalisInfo\" \/>\n<meta name=\"twitter:site\" content=\"@KapitalisInfo\" \/>\n<meta name=\"twitter:label1\" content=\"\u00c9crit par\" \/>\n\t<meta name=\"twitter:data1\" content=\"webmaster aux\" \/>\n\t<meta name=\"twitter:label2\" content=\"Dur\u00e9e de lecture estim\u00e9e\" \/>\n\t<meta name=\"twitter:data2\" content=\"1 minute\" \/>\n<script type=\"application\/ld+json\" class=\"yoast-schema-graph\">{\"@context\":\"https:\/\/schema.org\",\"@graph\":[{\"@type\":\"Article\",\"@id\":\"https:\/\/kapitalis.com\/tunisie\/2015\/12\/18\/akremi-le-feu-ne-laisse-que-des-cendres-sapplique-plutot-a-hafedh-caid-essebsi\/#article\",\"isPartOf\":{\"@id\":\"https:\/\/kapitalis.com\/tunisie\/2015\/12\/18\/akremi-le-feu-ne-laisse-que-des-cendres-sapplique-plutot-a-hafedh-caid-essebsi\/\"},\"author\":{\"name\":\"webmaster aux\",\"@id\":\"https:\/\/kapitalis.com\/tunisie\/#\/schema\/person\/aa8b4a429805c4e3f0713a3c3f95212b\"},\"headline\":\"Akremi: \u00ab\u00a0Le feu ne laisse que des cendres\u00a0\u00bb s&rsquo;applique plut\u00f4t \u00e0 Hafedh Ca\u00efd Essebsi\",\"datePublished\":\"2015-12-18T17:08:42+00:00\",\"dateModified\":\"2015-12-19T13:28:37+00:00\",\"mainEntityOfPage\":{\"@id\":\"https:\/\/kapitalis.com\/tunisie\/2015\/12\/18\/akremi-le-feu-ne-laisse-que-des-cendres-sapplique-plutot-a-hafedh-caid-essebsi\/\"},\"wordCount\":286,\"commentCount\":3,\"publisher\":{\"@id\":\"https:\/\/kapitalis.com\/tunisie\/#organization\"},\"image\":{\"@id\":\"https:\/\/kapitalis.com\/tunisie\/2015\/12\/18\/akremi-le-feu-ne-laisse-que-des-cendres-sapplique-plutot-a-hafedh-caid-essebsi\/#primaryimage\"},\"thumbnailUrl\":\"\",\"keywords\":[\"d\u00e9mocratie\",\"Lazhar Akremi\"],\"articleSection\":[\"VIDEOS\"],\"inLanguage\":\"fr-FR\",\"potentialAction\":[{\"@type\":\"CommentAction\",\"name\":\"Comment\",\"target\":[\"https:\/\/kapitalis.com\/tunisie\/2015\/12\/18\/akremi-le-feu-ne-laisse-que-des-cendres-sapplique-plutot-a-hafedh-caid-essebsi\/#respond\"]}]},{\"@type\":\"WebPage\",\"@id\":\"https:\/\/kapitalis.com\/tunisie\/2015\/12\/18\/akremi-le-feu-ne-laisse-que-des-cendres-sapplique-plutot-a-hafedh-caid-essebsi\/\",\"url\":\"https:\/\/kapitalis.com\/tunisie\/2015\/12\/18\/akremi-le-feu-ne-laisse-que-des-cendres-sapplique-plutot-a-hafedh-caid-essebsi\/\",\"name\":\"Akremi: \\\"Le feu ne laisse que des cendres\\\" s'applique plut\u00f4t \u00e0 Hafedh Ca\u00efd Essebsi - Kapitalis\",\"isPartOf\":{\"@id\":\"https:\/\/kapitalis.com\/tunisie\/#website\"},\"primaryImageOfPage\":{\"@id\":\"https:\/\/kapitalis.com\/tunisie\/2015\/12\/18\/akremi-le-feu-ne-laisse-que-des-cendres-sapplique-plutot-a-hafedh-caid-essebsi\/#primaryimage\"},\"image\":{\"@id\":\"https:\/\/kapitalis.com\/tunisie\/2015\/12\/18\/akremi-le-feu-ne-laisse-que-des-cendres-sapplique-plutot-a-hafedh-caid-essebsi\/#primaryimage\"},\"thumbnailUrl\":\"\",\"datePublished\":\"2015-12-18T17:08:42+00:00\",\"dateModified\":\"2015-12-19T13:28:37+00:00\",\"breadcrumb\":{\"@id\":\"https:\/\/kapitalis.com\/tunisie\/2015\/12\/18\/akremi-le-feu-ne-laisse-que-des-cendres-sapplique-plutot-a-hafedh-caid-essebsi\/#breadcrumb\"},\"inLanguage\":\"fr-FR\",\"potentialAction\":[{\"@type\":\"ReadAction\",\"target\":[\"https:\/\/kapitalis.com\/tunisie\/2015\/12\/18\/akremi-le-feu-ne-laisse-que-des-cendres-sapplique-plutot-a-hafedh-caid-essebsi\/\"]}]},{\"@type\":\"ImageObject\",\"inLanguage\":\"fr-FR\",\"@id\":\"https:\/\/kapitalis.com\/tunisie\/2015\/12\/18\/akremi-le-feu-ne-laisse-que-des-cendres-sapplique-plutot-a-hafedh-caid-essebsi\/#primaryimage\",\"url\":\"\",\"contentUrl\":\"\"},{\"@type\":\"BreadcrumbList\",\"@id\":\"https:\/\/kapitalis.com\/tunisie\/2015\/12\/18\/akremi-le-feu-ne-laisse-que-des-cendres-sapplique-plutot-a-hafedh-caid-essebsi\/#breadcrumb\",\"itemListElement\":[{\"@type\":\"ListItem\",\"position\":1,\"name\":\"Accueil\",\"item\":\"https:\/\/kapitalis.com\/tunisie\/\"},{\"@type\":\"ListItem\",\"position\":2,\"name\":\"Akremi: \u00ab\u00a0Le feu ne laisse que des cendres\u00a0\u00bb s&rsquo;applique plut\u00f4t \u00e0 Hafedh Ca\u00efd Essebsi\"}]},{\"@type\":\"WebSite\",\"@id\":\"https:\/\/kapitalis.com\/tunisie\/#website\",\"url\":\"https:\/\/kapitalis.com\/tunisie\/\",\"name\":\"Kapitalis\",\"description\":\"L&#039;actualit\u00e9 en Tunisie et dans le monde\",\"publisher\":{\"@id\":\"https:\/\/kapitalis.com\/tunisie\/#organization\"},\"potentialAction\":[{\"@type\":\"SearchAction\",\"target\":{\"@type\":\"EntryPoint\",\"urlTemplate\":\"https:\/\/kapitalis.com\/tunisie\/?s={search_term_string}\"},\"query-input\":{\"@type\":\"PropertyValueSpecification\",\"valueRequired\":true,\"valueName\":\"search_term_string\"}}],\"inLanguage\":\"fr-FR\"},{\"@type\":\"Organization\",\"@id\":\"https:\/\/kapitalis.com\/tunisie\/#organization\",\"name\":\"Kapitalis\",\"url\":\"https:\/\/kapitalis.com\/tunisie\/\",\"logo\":{\"@type\":\"ImageObject\",\"inLanguage\":\"fr-FR\",\"@id\":\"https:\/\/kapitalis.com\/tunisie\/#\/schema\/logo\/image\/\",\"url\":\"https:\/\/kapitalis.com\/tunisie\/wp-content\/uploads\/2022\/05\/Kapitalis-big-size.png\",\"contentUrl\":\"https:\/\/kapitalis.com\/tunisie\/wp-content\/uploads\/2022\/05\/Kapitalis-big-size.png\",\"width\":5000,\"height\":1500,\"caption\":\"Kapitalis\"},\"image\":{\"@id\":\"https:\/\/kapitalis.com\/tunisie\/#\/schema\/logo\/image\/\"},\"sameAs\":[\"https:\/\/www.facebook.com\/KapitalisInfo\/\",\"https:\/\/x.com\/KapitalisInfo\",\"https:\/\/www.youtube.com\/channel\/UC-yDYrHyfFBWWZaOw3FPg9Q\"]},{\"@type\":\"Person\",\"@id\":\"https:\/\/kapitalis.com\/tunisie\/#\/schema\/person\/aa8b4a429805c4e3f0713a3c3f95212b\",\"name\":\"webmaster aux\",\"url\":\"https:\/\/kapitalis.com\/tunisie\/author\/webmasteraux\/\"}]}<\/script>\n<!-- \/ Yoast SEO plugin. -->","yoast_head_json":{"title":"Akremi: \"Le feu ne laisse que des cendres\" s'applique plut\u00f4t \u00e0 Hafedh Ca\u00efd Essebsi - Kapitalis","robots":{"index":"index","follow":"follow","max-snippet":"max-snippet:-1","max-image-preview":"max-image-preview:large","max-video-preview":"max-video-preview:-1"},"canonical":"https:\/\/kapitalis.com\/tunisie\/2015\/12\/18\/akremi-le-feu-ne-laisse-que-des-cendres-sapplique-plutot-a-hafedh-caid-essebsi\/","og_locale":"fr_FR","og_type":"article","og_title":"Akremi: \"Le feu ne laisse que des cendres\" s'applique plut\u00f4t \u00e0 Hafedh Ca\u00efd Essebsi - Kapitalis","og_description":"Lazhar Akremi a affirm\u00e9 que le dicton tunisien \u00ab\u00a0le feu ne laisse que des cendres\u00a0\u00bb, prononc\u00e9 en allusion \u00e0 sa personne par le pr\u00e9sident Beji Ca\u00efd Essebsi, concerne plut\u00f4t, Hafedh Ca\u00efd Essebsi. \u00ab\u00a0Je crois fort que ce proverbe concerne plut\u00f4t le fils du chef de l&rsquo;Etat, Hafedh Ca\u00efd Essebsi\u00a0\u00bb, a lanc\u00e9 le dirigeant nidaaiste Lazhar...","og_url":"https:\/\/kapitalis.com\/tunisie\/2015\/12\/18\/akremi-le-feu-ne-laisse-que-des-cendres-sapplique-plutot-a-hafedh-caid-essebsi\/","og_site_name":"Kapitalis","article_publisher":"https:\/\/www.facebook.com\/KapitalisInfo\/","article_published_time":"2015-12-18T17:08:42+00:00","article_modified_time":"2015-12-19T13:28:37+00:00","og_image":[{"width":1200,"height":630,"url":"https:\/\/kapitalis.com\/tunisie\/wp-content\/uploads\/2022\/05\/kapitalis-logo-fb.png","type":"image\/png"}],"author":"webmaster aux","twitter_card":"summary_large_image","twitter_creator":"@KapitalisInfo","twitter_site":"@KapitalisInfo","twitter_misc":{"\u00c9crit par":"webmaster aux","Dur\u00e9e de lecture estim\u00e9e":"1 minute"},"schema":{"@context":"https:\/\/schema.org","@graph":[{"@type":"Article","@id":"https:\/\/kapitalis.com\/tunisie\/2015\/12\/18\/akremi-le-feu-ne-laisse-que-des-cendres-sapplique-plutot-a-hafedh-caid-essebsi\/#article","isPartOf":{"@id":"https:\/\/kapitalis.com\/tunisie\/2015\/12\/18\/akremi-le-feu-ne-laisse-que-des-cendres-sapplique-plutot-a-hafedh-caid-essebsi\/"},"author":{"name":"webmaster aux","@id":"https:\/\/kapitalis.com\/tunisie\/#\/schema\/person\/aa8b4a429805c4e3f0713a3c3f95212b"},"headline":"Akremi: \u00ab\u00a0Le feu ne laisse que des cendres\u00a0\u00bb s&rsquo;applique plut\u00f4t \u00e0 Hafedh Ca\u00efd Essebsi","datePublished":"2015-12-18T17:08:42+00:00","dateModified":"2015-12-19T13:28:37+00:00","mainEntityOfPage":{"@id":"https:\/\/kapitalis.com\/tunisie\/2015\/12\/18\/akremi-le-feu-ne-laisse-que-des-cendres-sapplique-plutot-a-hafedh-caid-essebsi\/"},"wordCount":286,"commentCount":3,"publisher":{"@id":"https:\/\/kapitalis.com\/tunisie\/#organization"},"image":{"@id":"https:\/\/kapitalis.com\/tunisie\/2015\/12\/18\/akremi-le-feu-ne-laisse-que-des-cendres-sapplique-plutot-a-hafedh-caid-essebsi\/#primaryimage"},"thumbnailUrl":"","keywords":["d\u00e9mocratie","Lazhar Akremi"],"articleSection":["VIDEOS"],"inLanguage":"fr-FR","potentialAction":[{"@type":"CommentAction","name":"Comment","target":["https:\/\/kapitalis.com\/tunisie\/2015\/12\/18\/akremi-le-feu-ne-laisse-que-des-cendres-sapplique-plutot-a-hafedh-caid-essebsi\/#respond"]}]},{"@type":"WebPage","@id":"https:\/\/kapitalis.com\/tunisie\/2015\/12\/18\/akremi-le-feu-ne-laisse-que-des-cendres-sapplique-plutot-a-hafedh-caid-essebsi\/","url":"https:\/\/kapitalis.com\/tunisie\/2015\/12\/18\/akremi-le-feu-ne-laisse-que-des-cendres-sapplique-plutot-a-hafedh-caid-essebsi\/","name":"Akremi: \"Le feu ne laisse que des cendres\" s'applique plut\u00f4t \u00e0 Hafedh Ca\u00efd Essebsi - Kapitalis","isPartOf":{"@id":"https:\/\/kapitalis.com\/tunisie\/#website"},"primaryImageOfPage":{"@id":"https:\/\/kapitalis.com\/tunisie\/2015\/12\/18\/akremi-le-feu-ne-laisse-que-des-cendres-sapplique-plutot-a-hafedh-caid-essebsi\/#primaryimage"},"image":{"@id":"https:\/\/kapitalis.com\/tunisie\/2015\/12\/18\/akremi-le-feu-ne-laisse-que-des-cendres-sapplique-plutot-a-hafedh-caid-essebsi\/#primaryimage"},"thumbnailUrl":"","datePublished":"2015-12-18T17:08:42+00:00","dateModified":"2015-12-19T13:28:37+00:00","breadcrumb":{"@id":"https:\/\/kapitalis.com\/tunisie\/2015\/12\/18\/akremi-le-feu-ne-laisse-que-des-cendres-sapplique-plutot-a-hafedh-caid-essebsi\/#breadcrumb"},"inLanguage":"fr-FR","potentialAction":[{"@type":"ReadAction","target":["https:\/\/kapitalis.com\/tunisie\/2015\/12\/18\/akremi-le-feu-ne-laisse-que-des-cendres-sapplique-plutot-a-hafedh-caid-essebsi\/"]}]},{"@type":"ImageObject","inLanguage":"fr-FR","@id":"https:\/\/kapitalis.com\/tunisie\/2015\/12\/18\/akremi-le-feu-ne-laisse-que-des-cendres-sapplique-plutot-a-hafedh-caid-essebsi\/#primaryimage","url":"","contentUrl":""},{"@type":"BreadcrumbList","@id":"https:\/\/kapitalis.com\/tunisie\/2015\/12\/18\/akremi-le-feu-ne-laisse-que-des-cendres-sapplique-plutot-a-hafedh-caid-essebsi\/#breadcrumb","itemListElement":[{"@type":"ListItem","position":1,"name":"Accueil","item":"https:\/\/kapitalis.com\/tunisie\/"},{"@type":"ListItem","position":2,"name":"Akremi: \u00ab\u00a0Le feu ne laisse que des cendres\u00a0\u00bb s&rsquo;applique plut\u00f4t \u00e0 Hafedh Ca\u00efd Essebsi"}]},{"@type":"WebSite","@id":"https:\/\/kapitalis.com\/tunisie\/#website","url":"https:\/\/kapitalis.com\/tunisie\/","name":"Kapitalis","description":"L&#039;actualit\u00e9 en Tunisie et dans le monde","publisher":{"@id":"https:\/\/kapitalis.com\/tunisie\/#organization"},"potentialAction":[{"@type":"SearchAction","target":{"@type":"EntryPoint","urlTemplate":"https:\/\/kapitalis.com\/tunisie\/?s={search_term_string}"},"query-input":{"@type":"PropertyValueSpecification","valueRequired":true,"valueName":"search_term_string"}}],"inLanguage":"fr-FR"},{"@type":"Organization","@id":"https:\/\/kapitalis.com\/tunisie\/#organization","name":"Kapitalis","url":"https:\/\/kapitalis.com\/tunisie\/","logo":{"@type":"ImageObject","inLanguage":"fr-FR","@id":"https:\/\/kapitalis.com\/tunisie\/#\/schema\/logo\/image\/","url":"https:\/\/kapitalis.com\/tunisie\/wp-content\/uploads\/2022\/05\/Kapitalis-big-size.png","contentUrl":"https:\/\/kapitalis.com\/tunisie\/wp-content\/uploads\/2022\/05\/Kapitalis-big-size.png","width":5000,"height":1500,"caption":"Kapitalis"},"image":{"@id":"https:\/\/kapitalis.com\/tunisie\/#\/schema\/logo\/image\/"},"sameAs":["https:\/\/www.facebook.com\/KapitalisInfo\/","https:\/\/x.com\/KapitalisInfo","https:\/\/www.youtube.com\/channel\/UC-yDYrHyfFBWWZaOw3FPg9Q"]},{"@type":"Person","@id":"https:\/\/kapitalis.com\/tunisie\/#\/schema\/person\/aa8b4a429805c4e3f0713a3c3f95212b","name":"webmaster aux","url":"https:\/\/kapitalis.com\/tunisie\/author\/webmasteraux\/"}]}},"_links":{"self":[{"href":"https:\/\/kapitalis.com\/tunisie\/wp-json\/wp\/v2\/posts\/31106","targetHints":{"allow":["GET"]}}],"collection":[{"href":"https:\/\/kapitalis.com\/tunisie\/wp-json\/wp\/v2\/posts"}],"about":[{"href":"https:\/\/kapitalis.com\/tunisie\/wp-json\/wp\/v2\/types\/post"}],"author":[{"embeddable":true,"href":"https:\/\/kapitalis.com\/tunisie\/wp-json\/wp\/v2\/users\/13"}],"replies":[{"embeddable":true,"href":"https:\/\/kapitalis.com\/tunisie\/wp-json\/wp\/v2\/comments?post=31106"}],"version-history":[{"count":0,"href":"https:\/\/kapitalis.com\/tunisie\/wp-json\/wp\/v2\/posts\/31106\/revisions"}],"wp:featuredmedia":[{"embeddable":true,"href":"https:\/\/kapitalis.com\/tunisie\/wp-json\/wp\/v2\/media\/31129"}],"wp:attachment":[{"href":"https:\/\/kapitalis.com\/tunisie\/wp-json\/wp\/v2\/media?parent=31106"}],"wp:term":[{"taxonomy":"category","embeddable":true,"href":"https:\/\/kapitalis.com\/tunisie\/wp-json\/wp\/v2\/categories?post=31106"},{"taxonomy":"post_tag","embeddable":true,"href":"https:\/\/kapitalis.com\/tunisie\/wp-json\/wp\/v2\/tags?post=31106"}],"curies":[{"name":"wp","href":"https:\/\/api.w.org\/{rel}","templated":true}]}}