{"id":311262,"date":"2020-08-10T09:45:00","date_gmt":"2020-08-10T08:45:00","guid":{"rendered":"http:\/\/kapitalis.com\/tunisie\/?p=311262"},"modified":"2020-08-10T11:31:26","modified_gmt":"2020-08-10T10:31:26","slug":"tunisie-ennahdha-veut-un-gouvernement-de-quotas-partisans","status":"publish","type":"post","link":"https:\/\/kapitalis.com\/tunisie\/2020\/08\/10\/tunisie-ennahdha-veut-un-gouvernement-de-quotas-partisans\/","title":{"rendered":"Tunisie : Ennahdha veut un gouvernement de quotas partisans"},"content":{"rendered":"\n<figure class=\"wp-block-image size-large\"><img decoding=\"async\" src=\"http:\/\/kapitalis.com\/tunisie\/wp-content\/uploads\/2020\/08\/abdelkarim-harouni.jpg\" alt=\"\" class=\"wp-image-311270\"\/><\/figure>\n\n\n\n<p><em><strong>\u00abUn gouvernement politique qui respecte les \u00e9quilibres parlementaires\u00bb, voil\u00e0 comment Abdelkarim Harouni, pr\u00e9sident du Conseil de la Choura au sein d&rsquo;Ennahdha, verrait le gouvernement de Hichem Mechichi.<\/strong><\/em><\/p>\n\n\n\n<!--more-->\n\n\n\n<p>Interview\u00e9 par la cha\u00eene qatarienne, Al Jazeera, en marge de la 42e session des travaux du Conseil de la Choura, tenus samedi 8 et dimanche 9 ao\u00fbt 2020, Harouni a assur\u00e9 qu&rsquo;un gouvernement tel qu&rsquo;il l&rsquo;a d\u00e9crit \u00ab<em>aurait une large ceinture parlementaire qui lui permettrait de d&rsquo;appliquer des d\u00e9cisions et de r\u00e9aliser des r\u00e9formes<\/em>\u00bb.<\/p>\n\n\n\n<p>\u00ab<em>Les gouvernements se b\u00e2tissent sur les r\u00e9sultats des \u00e9lections. Il n&rsquo;est pas normal d&rsquo;en former un avec des partis minoritaires, ni avec ceux qui n&rsquo;ont pas r\u00e9ussi \u00e0 cr\u00e9er un terrain de solidarit\u00e9 gouvernementale<\/em>\u00bb, a-t-il ajout\u00e9, en faisant allusion \u00e0 Attayar et Echa\u00e2b, qui doivent donc porter seuls, selon M. Harouni, la responsabilit\u00e9 des conflits entre les composantes de la coalition gouvernementale pr\u00e9c\u00e9dente et de l&rsquo;\u00e9chec de celle-ci. <\/p>\n\n\n\n<p>Pourtant, la raison principale ayant conduit \u00e0 l&rsquo;aggravation des probl\u00e8mes au sein du gouvernement Fakhfakh \u00e9tait la formation d&rsquo;une sorte d&rsquo;alliance parlementaire parall\u00e8le o\u00f9 \u00e9tait notamment impliqu\u00e9 le mouvement islamiste, aux c\u00f4t\u00e9s des partis de l&rsquo;opposition, Qalb Tounes et la coalition Al-Karama.<\/p>\n\n\n\n<p>Rappelons que Seifeddine Makhlouf, pr\u00e9sident du bloc parlementaire d&rsquo;Al-Karama, avait, de son c\u00f4t\u00e9, demand\u00e9, lors de sa rencontre avec Hichem Mechichi, la semaine pass\u00e9e, que le prochain gouvernement soit \u00ab<em>bas\u00e9 sur les quotas partisans<\/em>\u00bb. Une formulation plus directe de l&rsquo;id\u00e9e d\u00e9fendue par Ennahdha et son dirigeant Abdelkarim Harouni, et ne devant \u00e9videmment pas \u00eatre adopt\u00e9e par le chef du gouvernement d\u00e9sign\u00e9, qui se dirigerait vers la formation d&rsquo;un gouvernement de comp\u00e9tences non partisanes.<\/p>\n\n\n\n<p class=\"has-text-align-right\"><strong>C. B. Y.<\/strong><\/p>\n","protected":false},"excerpt":{"rendered":"<p>\u00abUn gouvernement politique qui respecte les \u00e9quilibres parlementaires\u00bb, voil\u00e0 comment Abdelkarim Harouni, pr\u00e9sident du Conseil de la Choura au sein d&rsquo;Ennahdha, verrait le gouvernement de Hichem Mechichi.<\/p>\n","protected":false},"author":24,"featured_media":311270,"comment_status":"open","ping_status":"open","sticky":false,"template":"","format":"standard","meta":{"footnotes":""},"categories":[997,2433],"tags":[19234,76464,75931,49543,73554,74899,8752],"class_list":["post-311262","post","type-post","status-publish","format-standard","has-post-thumbnail","hentry","category-politique","category-tunisie","tag-abdelkarim-harouni","tag-al-karama-2","tag-echaab-2","tag-ennahdha","tag-fakhfakh","tag-hichem-mechichi","tag-seifeddine-makhlouf"],"yoast_head":"<!-- This site is optimized with the Yoast SEO plugin v26.6 - https:\/\/yoast.com\/wordpress\/plugins\/seo\/ -->\n<title>Tunisie : Ennahdha veut un gouvernement de quotas partisans - Kapitalis<\/title>\n<meta name=\"robots\" content=\"index, follow, max-snippet:-1, max-image-preview:large, max-video-preview:-1\" \/>\n<link rel=\"canonical\" href=\"https:\/\/kapitalis.com\/tunisie\/2020\/08\/10\/tunisie-ennahdha-veut-un-gouvernement-de-quotas-partisans\/\" \/>\n<meta property=\"og:locale\" content=\"fr_FR\" \/>\n<meta property=\"og:type\" content=\"article\" \/>\n<meta property=\"og:title\" content=\"Tunisie : Ennahdha veut un gouvernement de quotas partisans - Kapitalis\" \/>\n<meta property=\"og:description\" content=\"\u00abUn gouvernement politique qui respecte les \u00e9quilibres parlementaires\u00bb, voil\u00e0 comment Abdelkarim Harouni, pr\u00e9sident du Conseil de la Choura au sein d&rsquo;Ennahdha, verrait le gouvernement de Hichem Mechichi.\" \/>\n<meta property=\"og:url\" content=\"https:\/\/kapitalis.com\/tunisie\/2020\/08\/10\/tunisie-ennahdha-veut-un-gouvernement-de-quotas-partisans\/\" \/>\n<meta property=\"og:site_name\" content=\"Kapitalis\" \/>\n<meta property=\"article:publisher\" content=\"https:\/\/www.facebook.com\/KapitalisInfo\/\" \/>\n<meta property=\"article:published_time\" content=\"2020-08-10T08:45:00+00:00\" \/>\n<meta property=\"article:modified_time\" content=\"2020-08-10T10:31:26+00:00\" \/>\n<meta property=\"og:image\" content=\"https:\/\/kapitalis.com\/tunisie\/wp-content\/uploads\/2022\/05\/kapitalis-logo-fb.png\" \/>\n\t<meta property=\"og:image:width\" content=\"1200\" \/>\n\t<meta property=\"og:image:height\" content=\"630\" \/>\n\t<meta property=\"og:image:type\" content=\"image\/png\" \/>\n<meta name=\"author\" content=\"Cherif Benyounes\" \/>\n<meta name=\"twitter:card\" content=\"summary_large_image\" \/>\n<meta name=\"twitter:creator\" content=\"@KapitalisInfo\" \/>\n<meta name=\"twitter:site\" content=\"@KapitalisInfo\" \/>\n<meta name=\"twitter:label1\" content=\"\u00c9crit par\" \/>\n\t<meta name=\"twitter:data1\" content=\"Cherif Benyounes\" \/>\n\t<meta name=\"twitter:label2\" content=\"Dur\u00e9e de lecture estim\u00e9e\" \/>\n\t<meta name=\"twitter:data2\" content=\"1 minute\" \/>\n<script type=\"application\/ld+json\" class=\"yoast-schema-graph\">{\"@context\":\"https:\/\/schema.org\",\"@graph\":[{\"@type\":\"Article\",\"@id\":\"https:\/\/kapitalis.com\/tunisie\/2020\/08\/10\/tunisie-ennahdha-veut-un-gouvernement-de-quotas-partisans\/#article\",\"isPartOf\":{\"@id\":\"https:\/\/kapitalis.com\/tunisie\/2020\/08\/10\/tunisie-ennahdha-veut-un-gouvernement-de-quotas-partisans\/\"},\"author\":{\"name\":\"Cherif Benyounes\",\"@id\":\"https:\/\/kapitalis.com\/tunisie\/#\/schema\/person\/b35b8d631961131107263178aeb8019e\"},\"headline\":\"Tunisie : Ennahdha veut un gouvernement de quotas partisans\",\"datePublished\":\"2020-08-10T08:45:00+00:00\",\"dateModified\":\"2020-08-10T10:31:26+00:00\",\"mainEntityOfPage\":{\"@id\":\"https:\/\/kapitalis.com\/tunisie\/2020\/08\/10\/tunisie-ennahdha-veut-un-gouvernement-de-quotas-partisans\/\"},\"wordCount\":296,\"commentCount\":5,\"publisher\":{\"@id\":\"https:\/\/kapitalis.com\/tunisie\/#organization\"},\"image\":{\"@id\":\"https:\/\/kapitalis.com\/tunisie\/2020\/08\/10\/tunisie-ennahdha-veut-un-gouvernement-de-quotas-partisans\/#primaryimage\"},\"thumbnailUrl\":\"\",\"keywords\":[\"Abdelkarim Harouni\",\"Al-Karama\",\"echa\u00e2b\",\"Ennahdha\",\"fakhfakh\",\"Hichem Mechichi\",\"Seifeddine Makhlouf\"],\"articleSection\":[\"POLITIQUE\",\"Tunisie\"],\"inLanguage\":\"fr-FR\",\"potentialAction\":[{\"@type\":\"CommentAction\",\"name\":\"Comment\",\"target\":[\"https:\/\/kapitalis.com\/tunisie\/2020\/08\/10\/tunisie-ennahdha-veut-un-gouvernement-de-quotas-partisans\/#respond\"]}]},{\"@type\":\"WebPage\",\"@id\":\"https:\/\/kapitalis.com\/tunisie\/2020\/08\/10\/tunisie-ennahdha-veut-un-gouvernement-de-quotas-partisans\/\",\"url\":\"https:\/\/kapitalis.com\/tunisie\/2020\/08\/10\/tunisie-ennahdha-veut-un-gouvernement-de-quotas-partisans\/\",\"name\":\"Tunisie : Ennahdha veut un gouvernement de quotas partisans - Kapitalis\",\"isPartOf\":{\"@id\":\"https:\/\/kapitalis.com\/tunisie\/#website\"},\"primaryImageOfPage\":{\"@id\":\"https:\/\/kapitalis.com\/tunisie\/2020\/08\/10\/tunisie-ennahdha-veut-un-gouvernement-de-quotas-partisans\/#primaryimage\"},\"image\":{\"@id\":\"https:\/\/kapitalis.com\/tunisie\/2020\/08\/10\/tunisie-ennahdha-veut-un-gouvernement-de-quotas-partisans\/#primaryimage\"},\"thumbnailUrl\":\"\",\"datePublished\":\"2020-08-10T08:45:00+00:00\",\"dateModified\":\"2020-08-10T10:31:26+00:00\",\"breadcrumb\":{\"@id\":\"https:\/\/kapitalis.com\/tunisie\/2020\/08\/10\/tunisie-ennahdha-veut-un-gouvernement-de-quotas-partisans\/#breadcrumb\"},\"inLanguage\":\"fr-FR\",\"potentialAction\":[{\"@type\":\"ReadAction\",\"target\":[\"https:\/\/kapitalis.com\/tunisie\/2020\/08\/10\/tunisie-ennahdha-veut-un-gouvernement-de-quotas-partisans\/\"]}]},{\"@type\":\"ImageObject\",\"inLanguage\":\"fr-FR\",\"@id\":\"https:\/\/kapitalis.com\/tunisie\/2020\/08\/10\/tunisie-ennahdha-veut-un-gouvernement-de-quotas-partisans\/#primaryimage\",\"url\":\"\",\"contentUrl\":\"\"},{\"@type\":\"BreadcrumbList\",\"@id\":\"https:\/\/kapitalis.com\/tunisie\/2020\/08\/10\/tunisie-ennahdha-veut-un-gouvernement-de-quotas-partisans\/#breadcrumb\",\"itemListElement\":[{\"@type\":\"ListItem\",\"position\":1,\"name\":\"Accueil\",\"item\":\"https:\/\/kapitalis.com\/tunisie\/\"},{\"@type\":\"ListItem\",\"position\":2,\"name\":\"Tunisie : Ennahdha veut un gouvernement de quotas partisans\"}]},{\"@type\":\"WebSite\",\"@id\":\"https:\/\/kapitalis.com\/tunisie\/#website\",\"url\":\"https:\/\/kapitalis.com\/tunisie\/\",\"name\":\"Kapitalis\",\"description\":\"L&#039;actualit\u00e9 en Tunisie et dans le monde\",\"publisher\":{\"@id\":\"https:\/\/kapitalis.com\/tunisie\/#organization\"},\"potentialAction\":[{\"@type\":\"SearchAction\",\"target\":{\"@type\":\"EntryPoint\",\"urlTemplate\":\"https:\/\/kapitalis.com\/tunisie\/?s={search_term_string}\"},\"query-input\":{\"@type\":\"PropertyValueSpecification\",\"valueRequired\":true,\"valueName\":\"search_term_string\"}}],\"inLanguage\":\"fr-FR\"},{\"@type\":\"Organization\",\"@id\":\"https:\/\/kapitalis.com\/tunisie\/#organization\",\"name\":\"Kapitalis\",\"url\":\"https:\/\/kapitalis.com\/tunisie\/\",\"logo\":{\"@type\":\"ImageObject\",\"inLanguage\":\"fr-FR\",\"@id\":\"https:\/\/kapitalis.com\/tunisie\/#\/schema\/logo\/image\/\",\"url\":\"https:\/\/kapitalis.com\/tunisie\/wp-content\/uploads\/2022\/05\/Kapitalis-big-size.png\",\"contentUrl\":\"https:\/\/kapitalis.com\/tunisie\/wp-content\/uploads\/2022\/05\/Kapitalis-big-size.png\",\"width\":5000,\"height\":1500,\"caption\":\"Kapitalis\"},\"image\":{\"@id\":\"https:\/\/kapitalis.com\/tunisie\/#\/schema\/logo\/image\/\"},\"sameAs\":[\"https:\/\/www.facebook.com\/KapitalisInfo\/\",\"https:\/\/x.com\/KapitalisInfo\",\"https:\/\/www.youtube.com\/channel\/UC-yDYrHyfFBWWZaOw3FPg9Q\"]},{\"@type\":\"Person\",\"@id\":\"https:\/\/kapitalis.com\/tunisie\/#\/schema\/person\/b35b8d631961131107263178aeb8019e\",\"name\":\"Cherif Benyounes\",\"url\":\"https:\/\/kapitalis.com\/tunisie\/author\/cherif\/\"}]}<\/script>\n<!-- \/ Yoast SEO plugin. -->","yoast_head_json":{"title":"Tunisie : Ennahdha veut un gouvernement de quotas partisans - Kapitalis","robots":{"index":"index","follow":"follow","max-snippet":"max-snippet:-1","max-image-preview":"max-image-preview:large","max-video-preview":"max-video-preview:-1"},"canonical":"https:\/\/kapitalis.com\/tunisie\/2020\/08\/10\/tunisie-ennahdha-veut-un-gouvernement-de-quotas-partisans\/","og_locale":"fr_FR","og_type":"article","og_title":"Tunisie : Ennahdha veut un gouvernement de quotas partisans - Kapitalis","og_description":"\u00abUn gouvernement politique qui respecte les \u00e9quilibres parlementaires\u00bb, voil\u00e0 comment Abdelkarim Harouni, pr\u00e9sident du Conseil de la Choura au sein d&rsquo;Ennahdha, verrait le gouvernement de Hichem Mechichi.","og_url":"https:\/\/kapitalis.com\/tunisie\/2020\/08\/10\/tunisie-ennahdha-veut-un-gouvernement-de-quotas-partisans\/","og_site_name":"Kapitalis","article_publisher":"https:\/\/www.facebook.com\/KapitalisInfo\/","article_published_time":"2020-08-10T08:45:00+00:00","article_modified_time":"2020-08-10T10:31:26+00:00","og_image":[{"width":1200,"height":630,"url":"https:\/\/kapitalis.com\/tunisie\/wp-content\/uploads\/2022\/05\/kapitalis-logo-fb.png","type":"image\/png"}],"author":"Cherif Benyounes","twitter_card":"summary_large_image","twitter_creator":"@KapitalisInfo","twitter_site":"@KapitalisInfo","twitter_misc":{"\u00c9crit par":"Cherif Benyounes","Dur\u00e9e de lecture estim\u00e9e":"1 minute"},"schema":{"@context":"https:\/\/schema.org","@graph":[{"@type":"Article","@id":"https:\/\/kapitalis.com\/tunisie\/2020\/08\/10\/tunisie-ennahdha-veut-un-gouvernement-de-quotas-partisans\/#article","isPartOf":{"@id":"https:\/\/kapitalis.com\/tunisie\/2020\/08\/10\/tunisie-ennahdha-veut-un-gouvernement-de-quotas-partisans\/"},"author":{"name":"Cherif Benyounes","@id":"https:\/\/kapitalis.com\/tunisie\/#\/schema\/person\/b35b8d631961131107263178aeb8019e"},"headline":"Tunisie : Ennahdha veut un gouvernement de quotas partisans","datePublished":"2020-08-10T08:45:00+00:00","dateModified":"2020-08-10T10:31:26+00:00","mainEntityOfPage":{"@id":"https:\/\/kapitalis.com\/tunisie\/2020\/08\/10\/tunisie-ennahdha-veut-un-gouvernement-de-quotas-partisans\/"},"wordCount":296,"commentCount":5,"publisher":{"@id":"https:\/\/kapitalis.com\/tunisie\/#organization"},"image":{"@id":"https:\/\/kapitalis.com\/tunisie\/2020\/08\/10\/tunisie-ennahdha-veut-un-gouvernement-de-quotas-partisans\/#primaryimage"},"thumbnailUrl":"","keywords":["Abdelkarim Harouni","Al-Karama","echa\u00e2b","Ennahdha","fakhfakh","Hichem Mechichi","Seifeddine Makhlouf"],"articleSection":["POLITIQUE","Tunisie"],"inLanguage":"fr-FR","potentialAction":[{"@type":"CommentAction","name":"Comment","target":["https:\/\/kapitalis.com\/tunisie\/2020\/08\/10\/tunisie-ennahdha-veut-un-gouvernement-de-quotas-partisans\/#respond"]}]},{"@type":"WebPage","@id":"https:\/\/kapitalis.com\/tunisie\/2020\/08\/10\/tunisie-ennahdha-veut-un-gouvernement-de-quotas-partisans\/","url":"https:\/\/kapitalis.com\/tunisie\/2020\/08\/10\/tunisie-ennahdha-veut-un-gouvernement-de-quotas-partisans\/","name":"Tunisie : Ennahdha veut un gouvernement de quotas partisans - Kapitalis","isPartOf":{"@id":"https:\/\/kapitalis.com\/tunisie\/#website"},"primaryImageOfPage":{"@id":"https:\/\/kapitalis.com\/tunisie\/2020\/08\/10\/tunisie-ennahdha-veut-un-gouvernement-de-quotas-partisans\/#primaryimage"},"image":{"@id":"https:\/\/kapitalis.com\/tunisie\/2020\/08\/10\/tunisie-ennahdha-veut-un-gouvernement-de-quotas-partisans\/#primaryimage"},"thumbnailUrl":"","datePublished":"2020-08-10T08:45:00+00:00","dateModified":"2020-08-10T10:31:26+00:00","breadcrumb":{"@id":"https:\/\/kapitalis.com\/tunisie\/2020\/08\/10\/tunisie-ennahdha-veut-un-gouvernement-de-quotas-partisans\/#breadcrumb"},"inLanguage":"fr-FR","potentialAction":[{"@type":"ReadAction","target":["https:\/\/kapitalis.com\/tunisie\/2020\/08\/10\/tunisie-ennahdha-veut-un-gouvernement-de-quotas-partisans\/"]}]},{"@type":"ImageObject","inLanguage":"fr-FR","@id":"https:\/\/kapitalis.com\/tunisie\/2020\/08\/10\/tunisie-ennahdha-veut-un-gouvernement-de-quotas-partisans\/#primaryimage","url":"","contentUrl":""},{"@type":"BreadcrumbList","@id":"https:\/\/kapitalis.com\/tunisie\/2020\/08\/10\/tunisie-ennahdha-veut-un-gouvernement-de-quotas-partisans\/#breadcrumb","itemListElement":[{"@type":"ListItem","position":1,"name":"Accueil","item":"https:\/\/kapitalis.com\/tunisie\/"},{"@type":"ListItem","position":2,"name":"Tunisie : Ennahdha veut un gouvernement de quotas partisans"}]},{"@type":"WebSite","@id":"https:\/\/kapitalis.com\/tunisie\/#website","url":"https:\/\/kapitalis.com\/tunisie\/","name":"Kapitalis","description":"L&#039;actualit\u00e9 en Tunisie et dans le monde","publisher":{"@id":"https:\/\/kapitalis.com\/tunisie\/#organization"},"potentialAction":[{"@type":"SearchAction","target":{"@type":"EntryPoint","urlTemplate":"https:\/\/kapitalis.com\/tunisie\/?s={search_term_string}"},"query-input":{"@type":"PropertyValueSpecification","valueRequired":true,"valueName":"search_term_string"}}],"inLanguage":"fr-FR"},{"@type":"Organization","@id":"https:\/\/kapitalis.com\/tunisie\/#organization","name":"Kapitalis","url":"https:\/\/kapitalis.com\/tunisie\/","logo":{"@type":"ImageObject","inLanguage":"fr-FR","@id":"https:\/\/kapitalis.com\/tunisie\/#\/schema\/logo\/image\/","url":"https:\/\/kapitalis.com\/tunisie\/wp-content\/uploads\/2022\/05\/Kapitalis-big-size.png","contentUrl":"https:\/\/kapitalis.com\/tunisie\/wp-content\/uploads\/2022\/05\/Kapitalis-big-size.png","width":5000,"height":1500,"caption":"Kapitalis"},"image":{"@id":"https:\/\/kapitalis.com\/tunisie\/#\/schema\/logo\/image\/"},"sameAs":["https:\/\/www.facebook.com\/KapitalisInfo\/","https:\/\/x.com\/KapitalisInfo","https:\/\/www.youtube.com\/channel\/UC-yDYrHyfFBWWZaOw3FPg9Q"]},{"@type":"Person","@id":"https:\/\/kapitalis.com\/tunisie\/#\/schema\/person\/b35b8d631961131107263178aeb8019e","name":"Cherif Benyounes","url":"https:\/\/kapitalis.com\/tunisie\/author\/cherif\/"}]}},"_links":{"self":[{"href":"https:\/\/kapitalis.com\/tunisie\/wp-json\/wp\/v2\/posts\/311262","targetHints":{"allow":["GET"]}}],"collection":[{"href":"https:\/\/kapitalis.com\/tunisie\/wp-json\/wp\/v2\/posts"}],"about":[{"href":"https:\/\/kapitalis.com\/tunisie\/wp-json\/wp\/v2\/types\/post"}],"author":[{"embeddable":true,"href":"https:\/\/kapitalis.com\/tunisie\/wp-json\/wp\/v2\/users\/24"}],"replies":[{"embeddable":true,"href":"https:\/\/kapitalis.com\/tunisie\/wp-json\/wp\/v2\/comments?post=311262"}],"version-history":[{"count":0,"href":"https:\/\/kapitalis.com\/tunisie\/wp-json\/wp\/v2\/posts\/311262\/revisions"}],"wp:featuredmedia":[{"embeddable":true,"href":"https:\/\/kapitalis.com\/tunisie\/wp-json\/wp\/v2\/media\/311270"}],"wp:attachment":[{"href":"https:\/\/kapitalis.com\/tunisie\/wp-json\/wp\/v2\/media?parent=311262"}],"wp:term":[{"taxonomy":"category","embeddable":true,"href":"https:\/\/kapitalis.com\/tunisie\/wp-json\/wp\/v2\/categories?post=311262"},{"taxonomy":"post_tag","embeddable":true,"href":"https:\/\/kapitalis.com\/tunisie\/wp-json\/wp\/v2\/tags?post=311262"}],"curies":[{"name":"wp","href":"https:\/\/api.w.org\/{rel}","templated":true}]}}