{"id":311324,"date":"2020-08-10T15:51:16","date_gmt":"2020-08-10T14:51:16","guid":{"rendered":"http:\/\/kapitalis.com\/tunisie\/?p=311324"},"modified":"2020-08-10T15:51:21","modified_gmt":"2020-08-10T14:51:21","slug":"islam-politique-la-liberte-dexpression-jusqua-la-prochaine-station","status":"publish","type":"post","link":"https:\/\/kapitalis.com\/tunisie\/2020\/08\/10\/islam-politique-la-liberte-dexpression-jusqua-la-prochaine-station\/","title":{"rendered":"Islam politique : la libert\u00e9 d\u2019expression, jusqu\u2019\u00e0 la prochaine station"},"content":{"rendered":"\n<figure class=\"wp-block-image size-large\"><img decoding=\"async\" src=\"http:\/\/kapitalis.com\/tunisie\/wp-content\/uploads\/2020\/08\/Emna-Chargui-Taoufik-Ben-Brik-Hattab-Ben-Othman-Lotfi-Abdelli.jpg\" alt=\"\" class=\"wp-image-311325\"\/><figcaption><em>Emna Chargui, Taoufik Ben Brik, Hattab Ben Othman, Seifeddine Makhlouf, Lotfi Abdelli<\/em>.<\/figcaption><\/figure>\n\n\n\n<p><strong><em>En essayant de se poser opportun\u00e9ment en champions des libert\u00e9s constitutionnelles et contre la dictature, les dirigeants du parti islamiste Ennahdha, habituellement peu soucieux des libert\u00e9s publiques, ainsi que l\u2019avait d\u00e9montr\u00e9 la condamnation d\u2019une jeune fille \u00e0 une peine de prison pour avoir reproduit une fausse sourate sur les r\u00e9seaux sociaux, poursuit trois buts, la r\u00e9cup\u00e9ration des \u00e9lecteurs en vue d\u2019\u00e9ventuelles \u00e9lections anticip\u00e9es, le discr\u00e9dit de ses adversaires associ\u00e9s au retour du RCD ou au spectre d\u2019un r\u00e9gime de type Sissi, et l\u2019intimidation afin de paralyser les enqu\u00eates en cours.<\/em><\/strong><\/p>\n\n\n\n<p>Par <strong>Dr Mounir Hanablia<\/strong> *<\/p>\n\n\n\n<!--more-->\n\n\n\n<p>Selon la vision qu\u2019un certain nombre de partis politiques veulent imposer \u00e0 l\u2019opinion publique, le processus d\u00e9mocratique dans son ensemble est menac\u00e9 par deux tendances: le c\u00e9sarisme, qu\u2019on attribue au pr\u00e9sident de la r\u00e9publique, du fait de ses visites r\u00e9p\u00e9t\u00e9es dans les casernes et sa pr\u00e9tention \u00e0 nommer le chef du gouvernement en dehors des \u00e9quilibres parlementaires; l\u2019autoritarisme partisan dont beaucoup estiment Abir Moussi, pr\u00e9sidente du Parti destourien libre (PDL), le d\u00e9positaire le plus achev\u00e9.<\/p>\n\n\n\n<p>Dans cette optique un certain nombre d\u2019affaires ont acquis valeur de symbole de la confrontation en cours entre les forces qui pr\u00e9tendent d\u00e9fendre la d\u00e9mocratie, et celles \u00e0 qui leurs adversaires attribuent des intentions dictatoriales.<\/p>\n\n\n\n<h3 class=\"wp-block-heading\">Les d\u00e9fenseurs autoproclam\u00e9s de la d\u00e9mocratie&#8230; jusqu&rsquo;\u00e0 la prochaine station<\/h3>\n\n\n\n<p>Il faut d\u2019abord comprendre que pour ces \u00abd\u00e9mocrates\u00bb, la derni\u00e8re fronde contre le pr\u00e9sident de l\u2019Assembl\u00e9e des repr\u00e9sentants du peuple (ARP), et pr\u00e9sident du parti islamiste Ennahdha, Rached Ghannouchi, ne rel\u00e8ve pas d\u2019une quelconque subordination de son secr\u00e9tariat \u00e0 des imp\u00e9ratifs partisans violant sa n\u00e9cessaire neutralit\u00e9, ni \u00e0 la confusion entretenue entre les pr\u00e9rogatives inh\u00e9rentes \u00e0 l\u2019exercice simultan\u00e9 des fonctions \u00e0 la t\u00eate du parlement et d\u2019un parti politique, en l\u2019occurrence Ennahdha. En fin de compte, apr\u00e8s toutes les p\u00e9rip\u00e9ties qui ont conduit \u00e0 une motion de d\u00e9fiance rejet\u00e9e de justesse, le pr\u00e9sident du parlement a finalement accept\u00e9 de se d\u00e9faire de son homme de confiance, Habib Kheder, auquel beaucoup ont attribu\u00e9 la responsabilit\u00e9 des dysfonctionnements du cabinet de l\u2019ombre dont il assumait la direction au b\u00e9n\u00e9fice de son commanditaire. En acceptant de d\u00e9missionner, et de servir de bouc \u00e9missaire, M. Kheder a du m\u00eame coup fait passer \u00e0 l\u2019arri\u00e8re plan la d\u00e9licate question des relations obscures de M. Ghannouchi avec la Turquie et la Libye, ainsi que celle de l\u2019empi\u00e8tement sur les pr\u00e9rogatives du pr\u00e9sident de la R\u00e9publique.<\/p>\n\n\n\n<p>Il n\u2019en demeure pas moins que, dans les m\u00eames milieux, on a claironn\u00e9 que cette d\u00e9mission honorait son auteur, qualifi\u00e9 de propre, contrairement \u00e0 celle du chef du gouvernement, condamn\u00e9 sans proc\u00e8s, et qui continue d\u2019exp\u00e9dier les affaires courantes bien qu\u2019une commission parlementaire, au sein de laquelle il n\u2019avait pas que des amis, l\u2019ait reconnu politiquement coupable des faits qui lui sont reproch\u00e9s, \u00e0 savoir le conflit d\u2019int\u00e9r\u00eats. Et comme il a \u00e9t\u00e9 choisi par le pr\u00e9sident de la r\u00e9publique, on a \u00e9videmment incrimin\u00e9 la responsabilit\u00e9 de ce dernier, non seulement dans ce choix, mais aussi dans celui \u00e0 venir, et on y a vu une preuve de sa volont\u00e9 de gouverner par-dessus le jeu parlementaire, c\u2019est-\u00e0-dire d\u2019instaurer la dictature.<\/p>\n\n\n\n<p>Il y a donc une \u00e9vidence qui s\u2019impose : les d\u00e9fenseurs autoproclam\u00e9s de la d\u00e9mocratie ne sont en r\u00e9alit\u00e9 que ceux de la subordination de la pr\u00e9sidence de la r\u00e9publique au pouvoir du parlement, c\u2019est-\u00e0-dire \u00e0 des jeux parlementaires par lesquels un parti politique auquel personne n\u2019avait jusqu\u2019ici d\u00e9livr\u00e9 le label de la probit\u00e9, Qalb Toun\u00e8s, accepte de trahir la confiance de ses \u00e9lecteurs en confiant la responsabilit\u00e9 de la pr\u00e9sidence du parlement \u00e0 M. Ghannouchi, avec toutes les cons\u00e9quences qui en ont r\u00e9sult\u00e9.<\/p>\n\n\n\n<h3 class=\"wp-block-heading\">Un parlementarisme malhonn\u00eate se situant de facto au dessus des lois<\/h3>\n\n\n\n<p>Mais en s\u2019obstinant \u00e0 pr\u00eater au chef de l\u2019Etat des intentions dictatoriales, les tenants du parlementarisme ont argu\u00e9 d\u2019une arrestation qu\u2019ils ont jug\u00e9e abusive, celle d\u2019un greffier du tribunal pour insulte contre le pr\u00e9sident de la r\u00e9publique, apr\u00e8s que ce dernier e\u00fbt publiquement fait \u00e9tat de la disparition du tribunal d\u2019un dossier se rapportant \u00e0 un accident qui avait fait grand bruit, celui de la fille d\u2019un ex-ministre nahdhaoui, Anouar Maarouf, conduisant une voiture de l\u2019administration. L\u2019opinion publique avait attribu\u00e9 l\u2019impunit\u00e9 dont elle avait jusque-l\u00e0 b\u00e9n\u00e9fici\u00e9 aux relations de son p\u00e8re, issu d\u2019un parti politique bien connu, membre de la coalition gouvernementale, et cette affaire \u00e9tait devenue le symbole d\u2019un parlementarisme malhonn\u00eate se situant de facto au dessus des lois.<\/p>\n\n\n\n<p>Ainsi donc si l\u2019\u00e9vocation de ce dossier n\u2019\u00e9tait pas innocente, celle de sa disparition avait une autre signification, se rapportant \u00e0 la probit\u00e9 d\u2019une partie de la justice, celle des greffiers, et \u00e0 la responsabilit\u00e9 administrative et politique du ministre. Et le pr\u00e9sident de la r\u00e9publique \u00e9tant lui-m\u00eame un professeur de droit constitutionnel, son \u00e9pouse une ancienne juge, on peut supposer qu\u2019il savait de quoi il parlait. En tous cas, comme par miracle, le dossier disparu a resurgi, et un sombre greffier du tribunal, se pr\u00e9sentant comme un membre du syndicat de sa profession, n\u2019a pas manqu\u00e9 de d\u00e9noncer, invocation de versets du Coran \u00e0 l\u2019appui, l\u2019inexactitude des propos tenus par le Chef de l\u2019Etat, d\u00e9shonorant l\u2019ensemble de la corporation des greffiers. Le choix des versets du Coran invoqu\u00e9s pouvant laisser entendre que le pr\u00e9sident de la r\u00e9publique, ou ceux charg\u00e9s de lui rapporter les informations, soient d\u00e9pourvus de cr\u00e9dibilit\u00e9 morale, l\u2019\u00e9quivoque entretenue n\u2019a pas suffi, et le greffier a donc \u00e9t\u00e9 incarc\u00e9r\u00e9.<\/p>\n\n\n\n<p>Renseignement pris il s\u2019est av\u00e9r\u00e9 que le syndicat au nom duquel ledit greffier s\u2019\u00e9tait exprim\u00e9 \u00e9tait affili\u00e9 au parti islamiste Ennahdha et ne faisait pas partie de l\u2019Union g\u00e9n\u00e9rale tunisienne du travail (UGTT), le syndicat quasi majoritaire, qui s\u2019est empress\u00e9 de s\u2019en d\u00e9solidariser.<\/p>\n\n\n\n<h3 class=\"wp-block-heading\">L\u2019hypoth\u00e8se de plus en plus cr\u00e9dible d\u2019une justice aux ordres<\/h3>\n\n\n\n<p>Ainsi donc cette affaire a r\u00e9v\u00e9l\u00e9 une troisi\u00e8me r\u00e9alit\u00e9, la plus grave, celle d\u2019un syndicat islamiste op\u00e9rant au sein du tribunal et capable d\u2019occulter les dossiers au b\u00e9n\u00e9fice de ses commanditaires. Le spectre d\u2019une justice aux ordres capable de dissimuler des preuves dans les nombreuses affaires non r\u00e9solues d\u2019assassinats politiques et de terrorisme passait ainsi du stade du r\u00e9cit fantastique, \u00e0 celui de l\u2019hypoth\u00e8se raisonnable, imposant une enqu\u00eate interne approfondie, \u00e0 tout le moins au sein du tribunal de Tunis. Le transfert r\u00e9cent du dossier de l\u2019assassinat de Mohamed Brahmi, par la Cour de Cassation, vers le tribunal d\u2019Ariana, semble d\u2019ailleurs d\u00e9montrer que le minist\u00e8re de la Justice en est d\u00e9sormais bien conscient. Dans ces conditions l\u2019arrestation de ce greffier ne reposerait pas simplement sur des interpr\u00e9tations divergentes du Coran, ni sur des propos injurieux \u00e0 l\u2019encontre de l\u2019autorit\u00e9, ou des manquements graves au respect de la libert\u00e9 d\u2019expression, ainsi qu\u2019en font d\u00e9sormais \u00e9tat des partis politiques gravitant dans la sph\u00e8re islamiste.<\/p>\n\n\n\n<p>En essayant de se poser opportun\u00e9ment en champions des libert\u00e9s constitutionnelles et contre la dictature, la mouvance islamiste, habituellement peu soucieuse des libert\u00e9s publiques, ainsi que l\u2019avait d\u00e9montr\u00e9 la condamnation d\u2019une jeune fille \u00e0 une peine de prison pour avoir reproduit une fausse sourate sur les r\u00e9seaux sociaux, poursuit donc trois buts, la r\u00e9cup\u00e9ration des \u00e9lecteurs en vue d\u2019\u00e9ventuelles \u00e9lections anticip\u00e9es, le discr\u00e9dit de ses adversaires associ\u00e9s au retour du Rassemblement constitutionnel d\u00e9mocratique (RCD) ou au spectre d\u2019un r\u00e9gime de type Sissi, et l\u2019intimidation afin de paralyser les enqu\u00eates en cours, notamment sur les assassinats de Chokri Belaid et Mohamed Brahmi o\u00f9 sont impliqu\u00e9s des personnes issues de la n\u00e9buleuse islamiste.<\/p>\n\n\n\n<p>L\u2019irruption de l\u2019affaire Lotfi Abdelli, un humoriste obs\u00e9d\u00e9 dans les termes les plus vulgaires par l\u2019anatomie de Mme Moussi et dont certains spectacles ont \u00e9t\u00e9 annul\u00e9s, d\u00e9montre jusqu\u2019\u00e0 quel degr\u00e9 de cynisme, de mauvais go\u00fbt, et de mauvaise foi, certains d\u00e9put\u00e9s islamistes sont pr\u00eats \u00e0 aller afin de d\u00e9cha\u00eener les instincts les plus vils de leurs compatriotes et \u00e0 les induire en erreur.<\/p>\n\n\n\n<h3 class=\"wp-block-heading\">Une affaire de libert\u00e9 d\u2019expression en cache d\u2019autres<\/h3>\n\n\n\n<p>Evidemment on a argu\u00e9 du droit de M. Abdelli de pr\u00e9senter ses spectacles au nom de la sacrosainte libert\u00e9 d\u2019expression, et on s\u2019est interrog\u00e9 pour savoir pourquoi tous ceux qui avaient d\u00e9fendu Taoufik Ben Brik, un blogueur opposant de longue date de Ben Ali et r\u00e9cemment condamn\u00e9 par la justice pour des propos tenus sur un plateau t\u00e9l\u00e9vis\u00e9, n\u2019avaient pas cette fois boug\u00e9 en faveur de l\u2019humoriste.<\/p>\n\n\n\n<p>Il y a quand m\u00eame une diff\u00e9rence entre des propos tenus une seule fois, exprimant une opinion dont on doive se justifier, et un spectacle constitu\u00e9 de propos orduriers \u00e0 l\u2019encontre d\u2019une personnalit\u00e9 politique, qu\u2019on r\u00e9p\u00e8te \u00e0 longueur d\u2019ann\u00e9e plusieurs soir\u00e9es par semaine dans plusieurs villes de la r\u00e9publique. C\u2019est la m\u00eame diff\u00e9rence qu\u2019il y a entre le nu expos\u00e9 dans une galerie de peinture ou les versets pas si blasph\u00e9matoires que cela dans leur contenu, relay\u00e9s par une adolescente sur le facebook, et les grossi\u00e8ret\u00e9s et les jurons de charretiers dont on agresse nos oreilles et nos \u00eatres \u00e0 longueur de journ\u00e9e qui rendent impossible toute perspective de vie digne dans nos villes et nos villages, et dont nos islamistes se sont bien gard\u00e9s d\u2019obtenir des condamnations exemplaires.<\/p>\n\n\n\n<p>On en arrive \u00e0 cette hypoth\u00e8se \u00e9tonnante: dans la lutte contre le blasph\u00e8me, d\u2019aucuns sont plus int\u00e9ress\u00e9s par le pouvoir de le d\u00e9signer \u00e0 la vindicte publique, selon leur bon vouloir, que par sa suppression. Mais l\u2019intimidation ne se r\u00e9sume pas qu\u2019en la comparaison de ce qui n\u2019est pas comparable. Tout ceci cr\u00e9e un environnement propice aux d\u00e9passements de toutes sortes visant avant tout l\u2019autorit\u00e9 de l\u2019Etat, des soldats assassin\u00e9s par les contrebandiers sur la fronti\u00e8re sud du pays, au secr\u00e9taire g\u00e9n\u00e9ral d\u2019une facult\u00e9 marqu\u00e9 au visage, devant chez lui, au couteau, en passant par les \u00e9preuves de baccalaur\u00e9at dont le d\u00e9roulement anormal cette ann\u00e9e en dehors de l\u2019habituelle surveillance polici\u00e8re, a \u00e9t\u00e9 plusieurs fois rapport\u00e9. L\u2019existence d\u2019un corporatisme r\u00e9publicain au sein de la police en rend la collaboration d\u00e9sormais plus ardue dans le sens o\u00f9 c\u2019est souvent elle qui d\u00e9finit ses t\u00e2ches prioritaires.<\/p>\n\n\n\n<p>Mais cela contribue aussi \u00e0 la d\u00e9liquescence de l\u2019autorit\u00e9 de l\u2019Etat qui semble \u00eatre finalement l\u2019objectif commun que se sont assign\u00e9s tous ceux qui pr\u00e9tendent au sein du parlement lutter pour la d\u00e9mocratie, dont autant leurs r\u00e9f\u00e9rences mentales qu\u2019id\u00e9ologiques demeurent pourtant fort \u00e9loign\u00e9es, et qui excitent pour arriver \u00e0 leur fin la misogynie de la rue, et son agressivit\u00e9, pour le moment verbale.<\/p>\n\n\n\n<p>Erdogan reprenant sans doute des propos de L\u00e9nine, avait bien dit : <em>\u00abNous prendrons le train de la d\u00e9mocratie, et quand il nous aura men\u00e9s l\u00e0 o\u00f9 nous voulons, nous en descendrons!\u00bb.<\/em><\/p>\n\n\n\n<p><em>* Cardiologue, Gammarth, La Marsa.<\/em><\/p>\n","protected":false},"excerpt":{"rendered":"<p>En essayant de se poser opportun\u00e9ment en champions des libert\u00e9s constitutionnelles et contre la dictature, les dirigeants du parti islamiste Ennahdha, habituellement peu soucieux des libert\u00e9s publiques, ainsi que l\u2019avait d\u00e9montr\u00e9 la condamnation d\u2019une jeune fille \u00e0 une peine de prison pour avoir reproduit une fausse sourate sur les r\u00e9seaux sociaux, poursuit trois buts, la&#8230;<\/p>\n","protected":false},"author":8,"featured_media":311325,"comment_status":"open","ping_status":"open","sticky":false,"template":"","format":"standard","meta":{"footnotes":""},"categories":[992,997,1000,2433],"tags":[15144,78566,49543,1857,71194,81094,1648,11199,8752,65632],"class_list":["post-311324","post","type-post","status-publish","format-standard","has-post-thumbnail","hentry","category-a-la-une","category-politique","category-tribune","category-tunisie","tag-abir-moussi","tag-emna-chargui","tag-ennahdha","tag-erdogan","tag-habib-khedher","tag-hattab-ben-othman","tag-islamistes","tag-lotfi-abdelli","tag-seifeddine-makhlouf","tag-taoufik-ben-brik"],"yoast_head":"<!-- This site is optimized with the Yoast SEO plugin v26.6 - https:\/\/yoast.com\/wordpress\/plugins\/seo\/ -->\n<title>Islam politique : la libert\u00e9 d\u2019expression, jusqu\u2019\u00e0 la prochaine station - Kapitalis<\/title>\n<meta name=\"robots\" content=\"index, follow, max-snippet:-1, max-image-preview:large, max-video-preview:-1\" \/>\n<link rel=\"canonical\" href=\"https:\/\/kapitalis.com\/tunisie\/2020\/08\/10\/islam-politique-la-liberte-dexpression-jusqua-la-prochaine-station\/\" \/>\n<meta property=\"og:locale\" content=\"fr_FR\" \/>\n<meta property=\"og:type\" content=\"article\" \/>\n<meta property=\"og:title\" content=\"Islam politique : la libert\u00e9 d\u2019expression, jusqu\u2019\u00e0 la prochaine station - Kapitalis\" \/>\n<meta property=\"og:description\" content=\"En essayant de se poser opportun\u00e9ment en champions des libert\u00e9s constitutionnelles et contre la dictature, les dirigeants du parti islamiste Ennahdha, habituellement peu soucieux des libert\u00e9s publiques, ainsi que l\u2019avait d\u00e9montr\u00e9 la condamnation d\u2019une jeune fille \u00e0 une peine de prison pour avoir reproduit une fausse sourate sur les r\u00e9seaux sociaux, poursuit trois buts, la...\" \/>\n<meta property=\"og:url\" content=\"https:\/\/kapitalis.com\/tunisie\/2020\/08\/10\/islam-politique-la-liberte-dexpression-jusqua-la-prochaine-station\/\" \/>\n<meta property=\"og:site_name\" content=\"Kapitalis\" \/>\n<meta property=\"article:publisher\" content=\"https:\/\/www.facebook.com\/KapitalisInfo\/\" \/>\n<meta property=\"article:published_time\" content=\"2020-08-10T14:51:16+00:00\" \/>\n<meta property=\"article:modified_time\" content=\"2020-08-10T14:51:21+00:00\" \/>\n<meta property=\"og:image\" content=\"https:\/\/kapitalis.com\/tunisie\/wp-content\/uploads\/2022\/05\/kapitalis-logo-fb.png\" \/>\n\t<meta property=\"og:image:width\" content=\"1200\" \/>\n\t<meta property=\"og:image:height\" content=\"630\" \/>\n\t<meta property=\"og:image:type\" content=\"image\/png\" \/>\n<meta name=\"author\" content=\"webmaster kapitalis\" \/>\n<meta name=\"twitter:card\" content=\"summary_large_image\" \/>\n<meta name=\"twitter:creator\" content=\"@KapitalisInfo\" \/>\n<meta name=\"twitter:site\" content=\"@KapitalisInfo\" \/>\n<meta name=\"twitter:label1\" content=\"\u00c9crit par\" \/>\n\t<meta name=\"twitter:data1\" content=\"webmaster kapitalis\" \/>\n\t<meta name=\"twitter:label2\" content=\"Dur\u00e9e de lecture estim\u00e9e\" \/>\n\t<meta name=\"twitter:data2\" content=\"10 minutes\" \/>\n<script type=\"application\/ld+json\" class=\"yoast-schema-graph\">{\"@context\":\"https:\/\/schema.org\",\"@graph\":[{\"@type\":\"Article\",\"@id\":\"https:\/\/kapitalis.com\/tunisie\/2020\/08\/10\/islam-politique-la-liberte-dexpression-jusqua-la-prochaine-station\/#article\",\"isPartOf\":{\"@id\":\"https:\/\/kapitalis.com\/tunisie\/2020\/08\/10\/islam-politique-la-liberte-dexpression-jusqua-la-prochaine-station\/\"},\"author\":{\"name\":\"webmaster kapitalis\",\"@id\":\"https:\/\/kapitalis.com\/tunisie\/#\/schema\/person\/d71f33a9ca44f7bad4698210b480c8e9\"},\"headline\":\"Islam politique : la libert\u00e9 d\u2019expression, jusqu\u2019\u00e0 la prochaine station\",\"datePublished\":\"2020-08-10T14:51:16+00:00\",\"dateModified\":\"2020-08-10T14:51:21+00:00\",\"mainEntityOfPage\":{\"@id\":\"https:\/\/kapitalis.com\/tunisie\/2020\/08\/10\/islam-politique-la-liberte-dexpression-jusqua-la-prochaine-station\/\"},\"wordCount\":2028,\"commentCount\":2,\"publisher\":{\"@id\":\"https:\/\/kapitalis.com\/tunisie\/#organization\"},\"image\":{\"@id\":\"https:\/\/kapitalis.com\/tunisie\/2020\/08\/10\/islam-politique-la-liberte-dexpression-jusqua-la-prochaine-station\/#primaryimage\"},\"thumbnailUrl\":\"\",\"keywords\":[\"Abir Moussi\",\"Emna Chargui\",\"Ennahdha\",\"Erdogan\",\"Habib Khedher\",\"Hattab Ben Othman\",\"islamistes\",\"Lotfi Abdelli\",\"Seifeddine Makhlouf\",\"Taoufik Ben Brik\"],\"articleSection\":[\"A LA UNE\",\"POLITIQUE\",\"TRIBUNE\",\"Tunisie\"],\"inLanguage\":\"fr-FR\",\"potentialAction\":[{\"@type\":\"CommentAction\",\"name\":\"Comment\",\"target\":[\"https:\/\/kapitalis.com\/tunisie\/2020\/08\/10\/islam-politique-la-liberte-dexpression-jusqua-la-prochaine-station\/#respond\"]}]},{\"@type\":\"WebPage\",\"@id\":\"https:\/\/kapitalis.com\/tunisie\/2020\/08\/10\/islam-politique-la-liberte-dexpression-jusqua-la-prochaine-station\/\",\"url\":\"https:\/\/kapitalis.com\/tunisie\/2020\/08\/10\/islam-politique-la-liberte-dexpression-jusqua-la-prochaine-station\/\",\"name\":\"Islam politique : la libert\u00e9 d\u2019expression, jusqu\u2019\u00e0 la prochaine station - Kapitalis\",\"isPartOf\":{\"@id\":\"https:\/\/kapitalis.com\/tunisie\/#website\"},\"primaryImageOfPage\":{\"@id\":\"https:\/\/kapitalis.com\/tunisie\/2020\/08\/10\/islam-politique-la-liberte-dexpression-jusqua-la-prochaine-station\/#primaryimage\"},\"image\":{\"@id\":\"https:\/\/kapitalis.com\/tunisie\/2020\/08\/10\/islam-politique-la-liberte-dexpression-jusqua-la-prochaine-station\/#primaryimage\"},\"thumbnailUrl\":\"\",\"datePublished\":\"2020-08-10T14:51:16+00:00\",\"dateModified\":\"2020-08-10T14:51:21+00:00\",\"breadcrumb\":{\"@id\":\"https:\/\/kapitalis.com\/tunisie\/2020\/08\/10\/islam-politique-la-liberte-dexpression-jusqua-la-prochaine-station\/#breadcrumb\"},\"inLanguage\":\"fr-FR\",\"potentialAction\":[{\"@type\":\"ReadAction\",\"target\":[\"https:\/\/kapitalis.com\/tunisie\/2020\/08\/10\/islam-politique-la-liberte-dexpression-jusqua-la-prochaine-station\/\"]}]},{\"@type\":\"ImageObject\",\"inLanguage\":\"fr-FR\",\"@id\":\"https:\/\/kapitalis.com\/tunisie\/2020\/08\/10\/islam-politique-la-liberte-dexpression-jusqua-la-prochaine-station\/#primaryimage\",\"url\":\"\",\"contentUrl\":\"\"},{\"@type\":\"BreadcrumbList\",\"@id\":\"https:\/\/kapitalis.com\/tunisie\/2020\/08\/10\/islam-politique-la-liberte-dexpression-jusqua-la-prochaine-station\/#breadcrumb\",\"itemListElement\":[{\"@type\":\"ListItem\",\"position\":1,\"name\":\"Accueil\",\"item\":\"https:\/\/kapitalis.com\/tunisie\/\"},{\"@type\":\"ListItem\",\"position\":2,\"name\":\"Islam politique : la libert\u00e9 d\u2019expression, jusqu\u2019\u00e0 la prochaine station\"}]},{\"@type\":\"WebSite\",\"@id\":\"https:\/\/kapitalis.com\/tunisie\/#website\",\"url\":\"https:\/\/kapitalis.com\/tunisie\/\",\"name\":\"Kapitalis\",\"description\":\"L&#039;actualit\u00e9 en Tunisie et dans le monde\",\"publisher\":{\"@id\":\"https:\/\/kapitalis.com\/tunisie\/#organization\"},\"potentialAction\":[{\"@type\":\"SearchAction\",\"target\":{\"@type\":\"EntryPoint\",\"urlTemplate\":\"https:\/\/kapitalis.com\/tunisie\/?s={search_term_string}\"},\"query-input\":{\"@type\":\"PropertyValueSpecification\",\"valueRequired\":true,\"valueName\":\"search_term_string\"}}],\"inLanguage\":\"fr-FR\"},{\"@type\":\"Organization\",\"@id\":\"https:\/\/kapitalis.com\/tunisie\/#organization\",\"name\":\"Kapitalis\",\"url\":\"https:\/\/kapitalis.com\/tunisie\/\",\"logo\":{\"@type\":\"ImageObject\",\"inLanguage\":\"fr-FR\",\"@id\":\"https:\/\/kapitalis.com\/tunisie\/#\/schema\/logo\/image\/\",\"url\":\"https:\/\/kapitalis.com\/tunisie\/wp-content\/uploads\/2022\/05\/Kapitalis-big-size.png\",\"contentUrl\":\"https:\/\/kapitalis.com\/tunisie\/wp-content\/uploads\/2022\/05\/Kapitalis-big-size.png\",\"width\":5000,\"height\":1500,\"caption\":\"Kapitalis\"},\"image\":{\"@id\":\"https:\/\/kapitalis.com\/tunisie\/#\/schema\/logo\/image\/\"},\"sameAs\":[\"https:\/\/www.facebook.com\/KapitalisInfo\/\",\"https:\/\/x.com\/KapitalisInfo\",\"https:\/\/www.youtube.com\/channel\/UC-yDYrHyfFBWWZaOw3FPg9Q\"]},{\"@type\":\"Person\",\"@id\":\"https:\/\/kapitalis.com\/tunisie\/#\/schema\/person\/d71f33a9ca44f7bad4698210b480c8e9\",\"name\":\"webmaster kapitalis\",\"url\":\"https:\/\/kapitalis.com\/tunisie\/author\/webmaster-kapitalis\/\"}]}<\/script>\n<!-- \/ Yoast SEO plugin. -->","yoast_head_json":{"title":"Islam politique : la libert\u00e9 d\u2019expression, jusqu\u2019\u00e0 la prochaine station - Kapitalis","robots":{"index":"index","follow":"follow","max-snippet":"max-snippet:-1","max-image-preview":"max-image-preview:large","max-video-preview":"max-video-preview:-1"},"canonical":"https:\/\/kapitalis.com\/tunisie\/2020\/08\/10\/islam-politique-la-liberte-dexpression-jusqua-la-prochaine-station\/","og_locale":"fr_FR","og_type":"article","og_title":"Islam politique : la libert\u00e9 d\u2019expression, jusqu\u2019\u00e0 la prochaine station - Kapitalis","og_description":"En essayant de se poser opportun\u00e9ment en champions des libert\u00e9s constitutionnelles et contre la dictature, les dirigeants du parti islamiste Ennahdha, habituellement peu soucieux des libert\u00e9s publiques, ainsi que l\u2019avait d\u00e9montr\u00e9 la condamnation d\u2019une jeune fille \u00e0 une peine de prison pour avoir reproduit une fausse sourate sur les r\u00e9seaux sociaux, poursuit trois buts, la...","og_url":"https:\/\/kapitalis.com\/tunisie\/2020\/08\/10\/islam-politique-la-liberte-dexpression-jusqua-la-prochaine-station\/","og_site_name":"Kapitalis","article_publisher":"https:\/\/www.facebook.com\/KapitalisInfo\/","article_published_time":"2020-08-10T14:51:16+00:00","article_modified_time":"2020-08-10T14:51:21+00:00","og_image":[{"width":1200,"height":630,"url":"https:\/\/kapitalis.com\/tunisie\/wp-content\/uploads\/2022\/05\/kapitalis-logo-fb.png","type":"image\/png"}],"author":"webmaster kapitalis","twitter_card":"summary_large_image","twitter_creator":"@KapitalisInfo","twitter_site":"@KapitalisInfo","twitter_misc":{"\u00c9crit par":"webmaster kapitalis","Dur\u00e9e de lecture estim\u00e9e":"10 minutes"},"schema":{"@context":"https:\/\/schema.org","@graph":[{"@type":"Article","@id":"https:\/\/kapitalis.com\/tunisie\/2020\/08\/10\/islam-politique-la-liberte-dexpression-jusqua-la-prochaine-station\/#article","isPartOf":{"@id":"https:\/\/kapitalis.com\/tunisie\/2020\/08\/10\/islam-politique-la-liberte-dexpression-jusqua-la-prochaine-station\/"},"author":{"name":"webmaster kapitalis","@id":"https:\/\/kapitalis.com\/tunisie\/#\/schema\/person\/d71f33a9ca44f7bad4698210b480c8e9"},"headline":"Islam politique : la libert\u00e9 d\u2019expression, jusqu\u2019\u00e0 la prochaine station","datePublished":"2020-08-10T14:51:16+00:00","dateModified":"2020-08-10T14:51:21+00:00","mainEntityOfPage":{"@id":"https:\/\/kapitalis.com\/tunisie\/2020\/08\/10\/islam-politique-la-liberte-dexpression-jusqua-la-prochaine-station\/"},"wordCount":2028,"commentCount":2,"publisher":{"@id":"https:\/\/kapitalis.com\/tunisie\/#organization"},"image":{"@id":"https:\/\/kapitalis.com\/tunisie\/2020\/08\/10\/islam-politique-la-liberte-dexpression-jusqua-la-prochaine-station\/#primaryimage"},"thumbnailUrl":"","keywords":["Abir Moussi","Emna Chargui","Ennahdha","Erdogan","Habib Khedher","Hattab Ben Othman","islamistes","Lotfi Abdelli","Seifeddine Makhlouf","Taoufik Ben Brik"],"articleSection":["A LA UNE","POLITIQUE","TRIBUNE","Tunisie"],"inLanguage":"fr-FR","potentialAction":[{"@type":"CommentAction","name":"Comment","target":["https:\/\/kapitalis.com\/tunisie\/2020\/08\/10\/islam-politique-la-liberte-dexpression-jusqua-la-prochaine-station\/#respond"]}]},{"@type":"WebPage","@id":"https:\/\/kapitalis.com\/tunisie\/2020\/08\/10\/islam-politique-la-liberte-dexpression-jusqua-la-prochaine-station\/","url":"https:\/\/kapitalis.com\/tunisie\/2020\/08\/10\/islam-politique-la-liberte-dexpression-jusqua-la-prochaine-station\/","name":"Islam politique : la libert\u00e9 d\u2019expression, jusqu\u2019\u00e0 la prochaine station - Kapitalis","isPartOf":{"@id":"https:\/\/kapitalis.com\/tunisie\/#website"},"primaryImageOfPage":{"@id":"https:\/\/kapitalis.com\/tunisie\/2020\/08\/10\/islam-politique-la-liberte-dexpression-jusqua-la-prochaine-station\/#primaryimage"},"image":{"@id":"https:\/\/kapitalis.com\/tunisie\/2020\/08\/10\/islam-politique-la-liberte-dexpression-jusqua-la-prochaine-station\/#primaryimage"},"thumbnailUrl":"","datePublished":"2020-08-10T14:51:16+00:00","dateModified":"2020-08-10T14:51:21+00:00","breadcrumb":{"@id":"https:\/\/kapitalis.com\/tunisie\/2020\/08\/10\/islam-politique-la-liberte-dexpression-jusqua-la-prochaine-station\/#breadcrumb"},"inLanguage":"fr-FR","potentialAction":[{"@type":"ReadAction","target":["https:\/\/kapitalis.com\/tunisie\/2020\/08\/10\/islam-politique-la-liberte-dexpression-jusqua-la-prochaine-station\/"]}]},{"@type":"ImageObject","inLanguage":"fr-FR","@id":"https:\/\/kapitalis.com\/tunisie\/2020\/08\/10\/islam-politique-la-liberte-dexpression-jusqua-la-prochaine-station\/#primaryimage","url":"","contentUrl":""},{"@type":"BreadcrumbList","@id":"https:\/\/kapitalis.com\/tunisie\/2020\/08\/10\/islam-politique-la-liberte-dexpression-jusqua-la-prochaine-station\/#breadcrumb","itemListElement":[{"@type":"ListItem","position":1,"name":"Accueil","item":"https:\/\/kapitalis.com\/tunisie\/"},{"@type":"ListItem","position":2,"name":"Islam politique : la libert\u00e9 d\u2019expression, jusqu\u2019\u00e0 la prochaine station"}]},{"@type":"WebSite","@id":"https:\/\/kapitalis.com\/tunisie\/#website","url":"https:\/\/kapitalis.com\/tunisie\/","name":"Kapitalis","description":"L&#039;actualit\u00e9 en Tunisie et dans le monde","publisher":{"@id":"https:\/\/kapitalis.com\/tunisie\/#organization"},"potentialAction":[{"@type":"SearchAction","target":{"@type":"EntryPoint","urlTemplate":"https:\/\/kapitalis.com\/tunisie\/?s={search_term_string}"},"query-input":{"@type":"PropertyValueSpecification","valueRequired":true,"valueName":"search_term_string"}}],"inLanguage":"fr-FR"},{"@type":"Organization","@id":"https:\/\/kapitalis.com\/tunisie\/#organization","name":"Kapitalis","url":"https:\/\/kapitalis.com\/tunisie\/","logo":{"@type":"ImageObject","inLanguage":"fr-FR","@id":"https:\/\/kapitalis.com\/tunisie\/#\/schema\/logo\/image\/","url":"https:\/\/kapitalis.com\/tunisie\/wp-content\/uploads\/2022\/05\/Kapitalis-big-size.png","contentUrl":"https:\/\/kapitalis.com\/tunisie\/wp-content\/uploads\/2022\/05\/Kapitalis-big-size.png","width":5000,"height":1500,"caption":"Kapitalis"},"image":{"@id":"https:\/\/kapitalis.com\/tunisie\/#\/schema\/logo\/image\/"},"sameAs":["https:\/\/www.facebook.com\/KapitalisInfo\/","https:\/\/x.com\/KapitalisInfo","https:\/\/www.youtube.com\/channel\/UC-yDYrHyfFBWWZaOw3FPg9Q"]},{"@type":"Person","@id":"https:\/\/kapitalis.com\/tunisie\/#\/schema\/person\/d71f33a9ca44f7bad4698210b480c8e9","name":"webmaster kapitalis","url":"https:\/\/kapitalis.com\/tunisie\/author\/webmaster-kapitalis\/"}]}},"_links":{"self":[{"href":"https:\/\/kapitalis.com\/tunisie\/wp-json\/wp\/v2\/posts\/311324","targetHints":{"allow":["GET"]}}],"collection":[{"href":"https:\/\/kapitalis.com\/tunisie\/wp-json\/wp\/v2\/posts"}],"about":[{"href":"https:\/\/kapitalis.com\/tunisie\/wp-json\/wp\/v2\/types\/post"}],"author":[{"embeddable":true,"href":"https:\/\/kapitalis.com\/tunisie\/wp-json\/wp\/v2\/users\/8"}],"replies":[{"embeddable":true,"href":"https:\/\/kapitalis.com\/tunisie\/wp-json\/wp\/v2\/comments?post=311324"}],"version-history":[{"count":0,"href":"https:\/\/kapitalis.com\/tunisie\/wp-json\/wp\/v2\/posts\/311324\/revisions"}],"wp:featuredmedia":[{"embeddable":true,"href":"https:\/\/kapitalis.com\/tunisie\/wp-json\/wp\/v2\/media\/311325"}],"wp:attachment":[{"href":"https:\/\/kapitalis.com\/tunisie\/wp-json\/wp\/v2\/media?parent=311324"}],"wp:term":[{"taxonomy":"category","embeddable":true,"href":"https:\/\/kapitalis.com\/tunisie\/wp-json\/wp\/v2\/categories?post=311324"},{"taxonomy":"post_tag","embeddable":true,"href":"https:\/\/kapitalis.com\/tunisie\/wp-json\/wp\/v2\/tags?post=311324"}],"curies":[{"name":"wp","href":"https:\/\/api.w.org\/{rel}","templated":true}]}}