{"id":311511,"date":"2020-08-11T16:33:53","date_gmt":"2020-08-11T15:33:53","guid":{"rendered":"http:\/\/kapitalis.com\/tunisie\/?p=311511"},"modified":"2020-08-12T07:31:39","modified_gmt":"2020-08-12T06:31:39","slug":"la-ctn-annonce-lannulation-de-la-traversee-tunis-marseille-prevue-mercredi-12-aout","status":"publish","type":"post","link":"https:\/\/kapitalis.com\/tunisie\/2020\/08\/11\/la-ctn-annonce-lannulation-de-la-traversee-tunis-marseille-prevue-mercredi-12-aout\/","title":{"rendered":"La CTN annonce l&rsquo;annulation de la travers\u00e9e Tunis-Marseille, pr\u00e9vue mercredi 12 ao\u00fbt"},"content":{"rendered":"\n<figure class=\"wp-block-image size-large\"><img decoding=\"async\" src=\"http:\/\/kapitalis.com\/tunisie\/wp-content\/uploads\/2018\/11\/CTN-Carthage.jpg\" alt=\"\" class=\"wp-image-185794\"\/><\/figure>\n\n\n\n<p><strong><em>La travers\u00e9e Tunis-Marseille, programm\u00e9e demain, mercredi 12 ao\u00fbt 2020, \u00e0 bord du car-ferry Carthage, a \u00e9t\u00e9 annul\u00e9e, annonce la Compagnie tunisienne de navigation (CTN).<\/em><\/strong><\/p>\n\n\n\n<!--more-->\n\n\n\n<p>Les passagers peuvent modifier, sans frais, leurs billets sur toutes les travers\u00e9es programm\u00e9es du 13 au 16 ao\u00fbt, sur les deux lignes G\u00eanes ou Marseille, ajoute la CTN dans un communiqu\u00e9, publi\u00e9 cet apr\u00e8s-midi, sans expliquer les raisons de cette annulation.<\/p>\n\n\n\n<p>Les passagers peuvent contacter le N\u00b0 de t\u00e9l\u00e9phone 71.346.061, pour toute information compl\u00e9mentaire.<\/p>\n\n\n\n<p class=\"has-text-align-right\"><strong>Y. N.<\/strong><\/p>\n","protected":false},"excerpt":{"rendered":"<p>La travers\u00e9e Tunis-Marseille, programm\u00e9e demain, mercredi 12 ao\u00fbt 2020, \u00e0 bord du car-ferry Carthage, a \u00e9t\u00e9 annul\u00e9e, annonce la Compagnie tunisienne de navigation (CTN).<\/p>\n","protected":false},"author":6,"featured_media":0,"comment_status":"open","ping_status":"open","sticky":false,"template":"","format":"standard","meta":{"footnotes":""},"categories":[998,2433],"tags":[81632,1234,2262,81631],"class_list":["post-311511","post","type-post","status-publish","format-standard","hentry","category-societe","category-tunisie","tag-car-ferry","tag-carthage","tag-ctn","tag-tunis-marseille"],"yoast_head":"<!-- This site is optimized with the Yoast SEO plugin v26.6 - https:\/\/yoast.com\/wordpress\/plugins\/seo\/ -->\n<title>La CTN annonce l&#039;annulation de la travers\u00e9e Tunis-Marseille, pr\u00e9vue mercredi 12 ao\u00fbt - Kapitalis<\/title>\n<meta name=\"robots\" content=\"index, follow, max-snippet:-1, max-image-preview:large, max-video-preview:-1\" \/>\n<link rel=\"canonical\" href=\"https:\/\/kapitalis.com\/tunisie\/2020\/08\/11\/la-ctn-annonce-lannulation-de-la-traversee-tunis-marseille-prevue-mercredi-12-aout\/\" \/>\n<meta property=\"og:locale\" content=\"fr_FR\" \/>\n<meta property=\"og:type\" content=\"article\" \/>\n<meta property=\"og:title\" content=\"La CTN annonce l&#039;annulation de la travers\u00e9e Tunis-Marseille, pr\u00e9vue mercredi 12 ao\u00fbt - Kapitalis\" \/>\n<meta property=\"og:description\" content=\"La travers\u00e9e Tunis-Marseille, programm\u00e9e demain, mercredi 12 ao\u00fbt 2020, \u00e0 bord du car-ferry Carthage, a \u00e9t\u00e9 annul\u00e9e, annonce la Compagnie tunisienne de navigation (CTN).\" \/>\n<meta property=\"og:url\" content=\"https:\/\/kapitalis.com\/tunisie\/2020\/08\/11\/la-ctn-annonce-lannulation-de-la-traversee-tunis-marseille-prevue-mercredi-12-aout\/\" \/>\n<meta property=\"og:site_name\" content=\"Kapitalis\" \/>\n<meta property=\"article:publisher\" content=\"https:\/\/www.facebook.com\/KapitalisInfo\/\" \/>\n<meta property=\"article:published_time\" content=\"2020-08-11T15:33:53+00:00\" \/>\n<meta property=\"article:modified_time\" content=\"2020-08-12T06:31:39+00:00\" \/>\n<meta property=\"og:image\" content=\"http:\/\/kapitalis.com\/tunisie\/wp-content\/uploads\/2018\/11\/CTN-Carthage.jpg\" \/>\n<meta name=\"author\" content=\"Yusra NY\" \/>\n<meta name=\"twitter:card\" content=\"summary_large_image\" \/>\n<meta name=\"twitter:creator\" content=\"@KapitalisInfo\" \/>\n<meta name=\"twitter:site\" content=\"@KapitalisInfo\" \/>\n<meta name=\"twitter:label1\" content=\"\u00c9crit par\" \/>\n\t<meta name=\"twitter:data1\" content=\"Yusra NY\" \/>\n<script type=\"application\/ld+json\" class=\"yoast-schema-graph\">{\"@context\":\"https:\/\/schema.org\",\"@graph\":[{\"@type\":\"Article\",\"@id\":\"https:\/\/kapitalis.com\/tunisie\/2020\/08\/11\/la-ctn-annonce-lannulation-de-la-traversee-tunis-marseille-prevue-mercredi-12-aout\/#article\",\"isPartOf\":{\"@id\":\"https:\/\/kapitalis.com\/tunisie\/2020\/08\/11\/la-ctn-annonce-lannulation-de-la-traversee-tunis-marseille-prevue-mercredi-12-aout\/\"},\"author\":{\"name\":\"Yusra NY\",\"@id\":\"https:\/\/kapitalis.com\/tunisie\/#\/schema\/person\/74bbde0154d49d790a92aaeac5bc01d5\"},\"headline\":\"La CTN annonce l&rsquo;annulation de la travers\u00e9e Tunis-Marseille, pr\u00e9vue mercredi 12 ao\u00fbt\",\"datePublished\":\"2020-08-11T15:33:53+00:00\",\"dateModified\":\"2020-08-12T06:31:39+00:00\",\"mainEntityOfPage\":{\"@id\":\"https:\/\/kapitalis.com\/tunisie\/2020\/08\/11\/la-ctn-annonce-lannulation-de-la-traversee-tunis-marseille-prevue-mercredi-12-aout\/\"},\"wordCount\":100,\"commentCount\":1,\"publisher\":{\"@id\":\"https:\/\/kapitalis.com\/tunisie\/#organization\"},\"image\":{\"@id\":\"https:\/\/kapitalis.com\/tunisie\/2020\/08\/11\/la-ctn-annonce-lannulation-de-la-traversee-tunis-marseille-prevue-mercredi-12-aout\/#primaryimage\"},\"thumbnailUrl\":\"http:\/\/kapitalis.com\/tunisie\/wp-content\/uploads\/2018\/11\/CTN-Carthage.jpg\",\"keywords\":[\"car-ferry\",\"Carthage\",\"CTN\",\"Tunis-Marseille\"],\"articleSection\":[\"SOCIETE\",\"Tunisie\"],\"inLanguage\":\"fr-FR\",\"potentialAction\":[{\"@type\":\"CommentAction\",\"name\":\"Comment\",\"target\":[\"https:\/\/kapitalis.com\/tunisie\/2020\/08\/11\/la-ctn-annonce-lannulation-de-la-traversee-tunis-marseille-prevue-mercredi-12-aout\/#respond\"]}]},{\"@type\":\"WebPage\",\"@id\":\"https:\/\/kapitalis.com\/tunisie\/2020\/08\/11\/la-ctn-annonce-lannulation-de-la-traversee-tunis-marseille-prevue-mercredi-12-aout\/\",\"url\":\"https:\/\/kapitalis.com\/tunisie\/2020\/08\/11\/la-ctn-annonce-lannulation-de-la-traversee-tunis-marseille-prevue-mercredi-12-aout\/\",\"name\":\"La CTN annonce l'annulation de la travers\u00e9e Tunis-Marseille, pr\u00e9vue mercredi 12 ao\u00fbt - Kapitalis\",\"isPartOf\":{\"@id\":\"https:\/\/kapitalis.com\/tunisie\/#website\"},\"primaryImageOfPage\":{\"@id\":\"https:\/\/kapitalis.com\/tunisie\/2020\/08\/11\/la-ctn-annonce-lannulation-de-la-traversee-tunis-marseille-prevue-mercredi-12-aout\/#primaryimage\"},\"image\":{\"@id\":\"https:\/\/kapitalis.com\/tunisie\/2020\/08\/11\/la-ctn-annonce-lannulation-de-la-traversee-tunis-marseille-prevue-mercredi-12-aout\/#primaryimage\"},\"thumbnailUrl\":\"http:\/\/kapitalis.com\/tunisie\/wp-content\/uploads\/2018\/11\/CTN-Carthage.jpg\",\"datePublished\":\"2020-08-11T15:33:53+00:00\",\"dateModified\":\"2020-08-12T06:31:39+00:00\",\"breadcrumb\":{\"@id\":\"https:\/\/kapitalis.com\/tunisie\/2020\/08\/11\/la-ctn-annonce-lannulation-de-la-traversee-tunis-marseille-prevue-mercredi-12-aout\/#breadcrumb\"},\"inLanguage\":\"fr-FR\",\"potentialAction\":[{\"@type\":\"ReadAction\",\"target\":[\"https:\/\/kapitalis.com\/tunisie\/2020\/08\/11\/la-ctn-annonce-lannulation-de-la-traversee-tunis-marseille-prevue-mercredi-12-aout\/\"]}]},{\"@type\":\"ImageObject\",\"inLanguage\":\"fr-FR\",\"@id\":\"https:\/\/kapitalis.com\/tunisie\/2020\/08\/11\/la-ctn-annonce-lannulation-de-la-traversee-tunis-marseille-prevue-mercredi-12-aout\/#primaryimage\",\"url\":\"http:\/\/kapitalis.com\/tunisie\/wp-content\/uploads\/2018\/11\/CTN-Carthage.jpg\",\"contentUrl\":\"http:\/\/kapitalis.com\/tunisie\/wp-content\/uploads\/2018\/11\/CTN-Carthage.jpg\"},{\"@type\":\"BreadcrumbList\",\"@id\":\"https:\/\/kapitalis.com\/tunisie\/2020\/08\/11\/la-ctn-annonce-lannulation-de-la-traversee-tunis-marseille-prevue-mercredi-12-aout\/#breadcrumb\",\"itemListElement\":[{\"@type\":\"ListItem\",\"position\":1,\"name\":\"Accueil\",\"item\":\"https:\/\/kapitalis.com\/tunisie\/\"},{\"@type\":\"ListItem\",\"position\":2,\"name\":\"La CTN annonce l&rsquo;annulation de la travers\u00e9e Tunis-Marseille, pr\u00e9vue mercredi 12 ao\u00fbt\"}]},{\"@type\":\"WebSite\",\"@id\":\"https:\/\/kapitalis.com\/tunisie\/#website\",\"url\":\"https:\/\/kapitalis.com\/tunisie\/\",\"name\":\"Kapitalis\",\"description\":\"L&#039;actualit\u00e9 en Tunisie et dans le monde\",\"publisher\":{\"@id\":\"https:\/\/kapitalis.com\/tunisie\/#organization\"},\"potentialAction\":[{\"@type\":\"SearchAction\",\"target\":{\"@type\":\"EntryPoint\",\"urlTemplate\":\"https:\/\/kapitalis.com\/tunisie\/?s={search_term_string}\"},\"query-input\":{\"@type\":\"PropertyValueSpecification\",\"valueRequired\":true,\"valueName\":\"search_term_string\"}}],\"inLanguage\":\"fr-FR\"},{\"@type\":\"Organization\",\"@id\":\"https:\/\/kapitalis.com\/tunisie\/#organization\",\"name\":\"Kapitalis\",\"url\":\"https:\/\/kapitalis.com\/tunisie\/\",\"logo\":{\"@type\":\"ImageObject\",\"inLanguage\":\"fr-FR\",\"@id\":\"https:\/\/kapitalis.com\/tunisie\/#\/schema\/logo\/image\/\",\"url\":\"https:\/\/kapitalis.com\/tunisie\/wp-content\/uploads\/2022\/05\/Kapitalis-big-size.png\",\"contentUrl\":\"https:\/\/kapitalis.com\/tunisie\/wp-content\/uploads\/2022\/05\/Kapitalis-big-size.png\",\"width\":5000,\"height\":1500,\"caption\":\"Kapitalis\"},\"image\":{\"@id\":\"https:\/\/kapitalis.com\/tunisie\/#\/schema\/logo\/image\/\"},\"sameAs\":[\"https:\/\/www.facebook.com\/KapitalisInfo\/\",\"https:\/\/x.com\/KapitalisInfo\",\"https:\/\/www.youtube.com\/channel\/UC-yDYrHyfFBWWZaOw3FPg9Q\"]},{\"@type\":\"Person\",\"@id\":\"https:\/\/kapitalis.com\/tunisie\/#\/schema\/person\/74bbde0154d49d790a92aaeac5bc01d5\",\"name\":\"Yusra NY\",\"url\":\"https:\/\/kapitalis.com\/tunisie\/author\/yuza_adam\/\"}]}<\/script>\n<!-- \/ Yoast SEO plugin. -->","yoast_head_json":{"title":"La CTN annonce l'annulation de la travers\u00e9e Tunis-Marseille, pr\u00e9vue mercredi 12 ao\u00fbt - Kapitalis","robots":{"index":"index","follow":"follow","max-snippet":"max-snippet:-1","max-image-preview":"max-image-preview:large","max-video-preview":"max-video-preview:-1"},"canonical":"https:\/\/kapitalis.com\/tunisie\/2020\/08\/11\/la-ctn-annonce-lannulation-de-la-traversee-tunis-marseille-prevue-mercredi-12-aout\/","og_locale":"fr_FR","og_type":"article","og_title":"La CTN annonce l'annulation de la travers\u00e9e Tunis-Marseille, pr\u00e9vue mercredi 12 ao\u00fbt - Kapitalis","og_description":"La travers\u00e9e Tunis-Marseille, programm\u00e9e demain, mercredi 12 ao\u00fbt 2020, \u00e0 bord du car-ferry Carthage, a \u00e9t\u00e9 annul\u00e9e, annonce la Compagnie tunisienne de navigation (CTN).","og_url":"https:\/\/kapitalis.com\/tunisie\/2020\/08\/11\/la-ctn-annonce-lannulation-de-la-traversee-tunis-marseille-prevue-mercredi-12-aout\/","og_site_name":"Kapitalis","article_publisher":"https:\/\/www.facebook.com\/KapitalisInfo\/","article_published_time":"2020-08-11T15:33:53+00:00","article_modified_time":"2020-08-12T06:31:39+00:00","og_image":[{"url":"http:\/\/kapitalis.com\/tunisie\/wp-content\/uploads\/2018\/11\/CTN-Carthage.jpg","type":"","width":"","height":""}],"author":"Yusra NY","twitter_card":"summary_large_image","twitter_creator":"@KapitalisInfo","twitter_site":"@KapitalisInfo","twitter_misc":{"\u00c9crit par":"Yusra NY"},"schema":{"@context":"https:\/\/schema.org","@graph":[{"@type":"Article","@id":"https:\/\/kapitalis.com\/tunisie\/2020\/08\/11\/la-ctn-annonce-lannulation-de-la-traversee-tunis-marseille-prevue-mercredi-12-aout\/#article","isPartOf":{"@id":"https:\/\/kapitalis.com\/tunisie\/2020\/08\/11\/la-ctn-annonce-lannulation-de-la-traversee-tunis-marseille-prevue-mercredi-12-aout\/"},"author":{"name":"Yusra NY","@id":"https:\/\/kapitalis.com\/tunisie\/#\/schema\/person\/74bbde0154d49d790a92aaeac5bc01d5"},"headline":"La CTN annonce l&rsquo;annulation de la travers\u00e9e Tunis-Marseille, pr\u00e9vue mercredi 12 ao\u00fbt","datePublished":"2020-08-11T15:33:53+00:00","dateModified":"2020-08-12T06:31:39+00:00","mainEntityOfPage":{"@id":"https:\/\/kapitalis.com\/tunisie\/2020\/08\/11\/la-ctn-annonce-lannulation-de-la-traversee-tunis-marseille-prevue-mercredi-12-aout\/"},"wordCount":100,"commentCount":1,"publisher":{"@id":"https:\/\/kapitalis.com\/tunisie\/#organization"},"image":{"@id":"https:\/\/kapitalis.com\/tunisie\/2020\/08\/11\/la-ctn-annonce-lannulation-de-la-traversee-tunis-marseille-prevue-mercredi-12-aout\/#primaryimage"},"thumbnailUrl":"http:\/\/kapitalis.com\/tunisie\/wp-content\/uploads\/2018\/11\/CTN-Carthage.jpg","keywords":["car-ferry","Carthage","CTN","Tunis-Marseille"],"articleSection":["SOCIETE","Tunisie"],"inLanguage":"fr-FR","potentialAction":[{"@type":"CommentAction","name":"Comment","target":["https:\/\/kapitalis.com\/tunisie\/2020\/08\/11\/la-ctn-annonce-lannulation-de-la-traversee-tunis-marseille-prevue-mercredi-12-aout\/#respond"]}]},{"@type":"WebPage","@id":"https:\/\/kapitalis.com\/tunisie\/2020\/08\/11\/la-ctn-annonce-lannulation-de-la-traversee-tunis-marseille-prevue-mercredi-12-aout\/","url":"https:\/\/kapitalis.com\/tunisie\/2020\/08\/11\/la-ctn-annonce-lannulation-de-la-traversee-tunis-marseille-prevue-mercredi-12-aout\/","name":"La CTN annonce l'annulation de la travers\u00e9e Tunis-Marseille, pr\u00e9vue mercredi 12 ao\u00fbt - Kapitalis","isPartOf":{"@id":"https:\/\/kapitalis.com\/tunisie\/#website"},"primaryImageOfPage":{"@id":"https:\/\/kapitalis.com\/tunisie\/2020\/08\/11\/la-ctn-annonce-lannulation-de-la-traversee-tunis-marseille-prevue-mercredi-12-aout\/#primaryimage"},"image":{"@id":"https:\/\/kapitalis.com\/tunisie\/2020\/08\/11\/la-ctn-annonce-lannulation-de-la-traversee-tunis-marseille-prevue-mercredi-12-aout\/#primaryimage"},"thumbnailUrl":"http:\/\/kapitalis.com\/tunisie\/wp-content\/uploads\/2018\/11\/CTN-Carthage.jpg","datePublished":"2020-08-11T15:33:53+00:00","dateModified":"2020-08-12T06:31:39+00:00","breadcrumb":{"@id":"https:\/\/kapitalis.com\/tunisie\/2020\/08\/11\/la-ctn-annonce-lannulation-de-la-traversee-tunis-marseille-prevue-mercredi-12-aout\/#breadcrumb"},"inLanguage":"fr-FR","potentialAction":[{"@type":"ReadAction","target":["https:\/\/kapitalis.com\/tunisie\/2020\/08\/11\/la-ctn-annonce-lannulation-de-la-traversee-tunis-marseille-prevue-mercredi-12-aout\/"]}]},{"@type":"ImageObject","inLanguage":"fr-FR","@id":"https:\/\/kapitalis.com\/tunisie\/2020\/08\/11\/la-ctn-annonce-lannulation-de-la-traversee-tunis-marseille-prevue-mercredi-12-aout\/#primaryimage","url":"http:\/\/kapitalis.com\/tunisie\/wp-content\/uploads\/2018\/11\/CTN-Carthage.jpg","contentUrl":"http:\/\/kapitalis.com\/tunisie\/wp-content\/uploads\/2018\/11\/CTN-Carthage.jpg"},{"@type":"BreadcrumbList","@id":"https:\/\/kapitalis.com\/tunisie\/2020\/08\/11\/la-ctn-annonce-lannulation-de-la-traversee-tunis-marseille-prevue-mercredi-12-aout\/#breadcrumb","itemListElement":[{"@type":"ListItem","position":1,"name":"Accueil","item":"https:\/\/kapitalis.com\/tunisie\/"},{"@type":"ListItem","position":2,"name":"La CTN annonce l&rsquo;annulation de la travers\u00e9e Tunis-Marseille, pr\u00e9vue mercredi 12 ao\u00fbt"}]},{"@type":"WebSite","@id":"https:\/\/kapitalis.com\/tunisie\/#website","url":"https:\/\/kapitalis.com\/tunisie\/","name":"Kapitalis","description":"L&#039;actualit\u00e9 en Tunisie et dans le monde","publisher":{"@id":"https:\/\/kapitalis.com\/tunisie\/#organization"},"potentialAction":[{"@type":"SearchAction","target":{"@type":"EntryPoint","urlTemplate":"https:\/\/kapitalis.com\/tunisie\/?s={search_term_string}"},"query-input":{"@type":"PropertyValueSpecification","valueRequired":true,"valueName":"search_term_string"}}],"inLanguage":"fr-FR"},{"@type":"Organization","@id":"https:\/\/kapitalis.com\/tunisie\/#organization","name":"Kapitalis","url":"https:\/\/kapitalis.com\/tunisie\/","logo":{"@type":"ImageObject","inLanguage":"fr-FR","@id":"https:\/\/kapitalis.com\/tunisie\/#\/schema\/logo\/image\/","url":"https:\/\/kapitalis.com\/tunisie\/wp-content\/uploads\/2022\/05\/Kapitalis-big-size.png","contentUrl":"https:\/\/kapitalis.com\/tunisie\/wp-content\/uploads\/2022\/05\/Kapitalis-big-size.png","width":5000,"height":1500,"caption":"Kapitalis"},"image":{"@id":"https:\/\/kapitalis.com\/tunisie\/#\/schema\/logo\/image\/"},"sameAs":["https:\/\/www.facebook.com\/KapitalisInfo\/","https:\/\/x.com\/KapitalisInfo","https:\/\/www.youtube.com\/channel\/UC-yDYrHyfFBWWZaOw3FPg9Q"]},{"@type":"Person","@id":"https:\/\/kapitalis.com\/tunisie\/#\/schema\/person\/74bbde0154d49d790a92aaeac5bc01d5","name":"Yusra NY","url":"https:\/\/kapitalis.com\/tunisie\/author\/yuza_adam\/"}]}},"_links":{"self":[{"href":"https:\/\/kapitalis.com\/tunisie\/wp-json\/wp\/v2\/posts\/311511","targetHints":{"allow":["GET"]}}],"collection":[{"href":"https:\/\/kapitalis.com\/tunisie\/wp-json\/wp\/v2\/posts"}],"about":[{"href":"https:\/\/kapitalis.com\/tunisie\/wp-json\/wp\/v2\/types\/post"}],"author":[{"embeddable":true,"href":"https:\/\/kapitalis.com\/tunisie\/wp-json\/wp\/v2\/users\/6"}],"replies":[{"embeddable":true,"href":"https:\/\/kapitalis.com\/tunisie\/wp-json\/wp\/v2\/comments?post=311511"}],"version-history":[{"count":0,"href":"https:\/\/kapitalis.com\/tunisie\/wp-json\/wp\/v2\/posts\/311511\/revisions"}],"wp:attachment":[{"href":"https:\/\/kapitalis.com\/tunisie\/wp-json\/wp\/v2\/media?parent=311511"}],"wp:term":[{"taxonomy":"category","embeddable":true,"href":"https:\/\/kapitalis.com\/tunisie\/wp-json\/wp\/v2\/categories?post=311511"},{"taxonomy":"post_tag","embeddable":true,"href":"https:\/\/kapitalis.com\/tunisie\/wp-json\/wp\/v2\/tags?post=311511"}],"curies":[{"name":"wp","href":"https:\/\/api.w.org\/{rel}","templated":true}]}}