{"id":311576,"date":"2020-08-12T09:33:17","date_gmt":"2020-08-12T08:33:17","guid":{"rendered":"http:\/\/kapitalis.com\/tunisie\/?p=311576"},"modified":"2020-08-12T10:12:01","modified_gmt":"2020-08-12T09:12:01","slug":"tunisie-prolongation-du-decret-relatif-a-la-zone-militaire-tampon","status":"publish","type":"post","link":"https:\/\/kapitalis.com\/tunisie\/2020\/08\/12\/tunisie-prolongation-du-decret-relatif-a-la-zone-militaire-tampon\/","title":{"rendered":"Tunisie : Prolongation du d\u00e9cret relatif \u00e0 la zone militaire tampon \u00e0 Tataouine"},"content":{"rendered":"\n<figure class=\"wp-block-image size-large\"><img decoding=\"async\" src=\"http:\/\/kapitalis.com\/tunisie\/wp-content\/uploads\/2016\/02\/frontiere-tunisie-libye-5.jpg\" alt=\"\" class=\"wp-image-38734\"\/><\/figure>\n\n\n\n<p><em><strong>Le pr\u00e9sident de la r\u00e9publique, Ka\u00efs Sa\u00efed, a prolong\u00e9, <strong>pour une ann\u00e9e suppl\u00e9mentaire<\/strong><\/strong>,<strong> le d\u00e9cret qui consid\u00e8re la zone frontali\u00e8re sud de la Tunisie comme \u00e9tant une zone militaire tampon, et qui avait \u00e9t\u00e9 promulgu\u00e9 le 29 ao\u00fbt 2013 par l&rsquo;ancien pr\u00e9sident provisoire, Moncef Marzouki.<\/strong><\/em><\/p>\n\n\n\n<!--more-->\n\n\n\n<p>La d\u00e9cision de Sa\u00efed est paru au Journal officiel de la r\u00e9publique tunisienne (Jort) mercredi dernier, 5 ao\u00fbt 2020.<\/p>\n\n\n\n<p> Rappelons que Marzouki avait mis en place des dispositions exceptionnelles, applicables \u00e0 une zone tampon frontali\u00e8re, le long de la fronti\u00e8re-sud de la Tunisie avec la Libye et l\u2019Alg\u00e9rie. Une zone qui recouvre tout le Sahara tunisien tel que d\u00e9limit\u00e9 en 1989.<\/p>\n\n\n\n<p>Cette d\u00e9cision, prise dans le cadre de la lutte contre le terrorisme, signifiait, entre autres, que cette zone \u00e9tait devenue sous contr\u00f4le de l\u2019arm\u00e9e et que pour y acc\u00e9der, il est n\u00e9cessaire d&rsquo;avoir une autorisation pr\u00e9alable d\u00e9livr\u00e9e par les autorit\u00e9s locales. Cela n&rsquo;a pas emp\u00each\u00e9 les contrebandiers, qui infestent la zone, de la traverser dans les deux sens et m\u00eame d&rsquo;entrer en confrontation avec les militaires qui y sont stationn\u00e9s. Il y eut m\u00eame des morts et des bless\u00e9s.   <\/p>\n\n\n\n<p class=\"has-text-align-right\"><strong>C. B. Y.<\/strong><\/p>\n","protected":false},"excerpt":{"rendered":"<p>Le pr\u00e9sident de la r\u00e9publique, Ka\u00efs Sa\u00efed, a prolong\u00e9, pour une ann\u00e9e suppl\u00e9mentaire, le d\u00e9cret qui consid\u00e8re la zone frontali\u00e8re sud de la Tunisie comme \u00e9tant une zone militaire tampon, et qui avait \u00e9t\u00e9 promulgu\u00e9 le 29 ao\u00fbt 2013 par l&rsquo;ancien pr\u00e9sident provisoire, Moncef Marzouki.<\/p>\n","protected":false},"author":24,"featured_media":0,"comment_status":"open","ping_status":"open","sticky":false,"template":"","format":"standard","meta":{"footnotes":""},"categories":[997,2433],"tags":[76012,634,81639],"class_list":["post-311576","post","type-post","status-publish","format-standard","hentry","category-politique","category-tunisie","tag-kais-saied-2","tag-moncef-marzouki","tag-zone-militaire-tampon"],"yoast_head":"<!-- This site is optimized with the Yoast SEO plugin v26.6 - https:\/\/yoast.com\/wordpress\/plugins\/seo\/ -->\n<title>Tunisie : Prolongation du d\u00e9cret relatif \u00e0 la zone militaire tampon \u00e0 Tataouine - Kapitalis<\/title>\n<meta name=\"robots\" content=\"index, follow, max-snippet:-1, max-image-preview:large, max-video-preview:-1\" \/>\n<link rel=\"canonical\" href=\"https:\/\/kapitalis.com\/tunisie\/2020\/08\/12\/tunisie-prolongation-du-decret-relatif-a-la-zone-militaire-tampon\/\" \/>\n<meta property=\"og:locale\" content=\"fr_FR\" \/>\n<meta property=\"og:type\" content=\"article\" \/>\n<meta property=\"og:title\" content=\"Tunisie : Prolongation du d\u00e9cret relatif \u00e0 la zone militaire tampon \u00e0 Tataouine - Kapitalis\" \/>\n<meta property=\"og:description\" content=\"Le pr\u00e9sident de la r\u00e9publique, Ka\u00efs Sa\u00efed, a prolong\u00e9, pour une ann\u00e9e suppl\u00e9mentaire, le d\u00e9cret qui consid\u00e8re la zone frontali\u00e8re sud de la Tunisie comme \u00e9tant une zone militaire tampon, et qui avait \u00e9t\u00e9 promulgu\u00e9 le 29 ao\u00fbt 2013 par l&rsquo;ancien pr\u00e9sident provisoire, Moncef Marzouki.\" \/>\n<meta property=\"og:url\" content=\"https:\/\/kapitalis.com\/tunisie\/2020\/08\/12\/tunisie-prolongation-du-decret-relatif-a-la-zone-militaire-tampon\/\" \/>\n<meta property=\"og:site_name\" content=\"Kapitalis\" \/>\n<meta property=\"article:publisher\" content=\"https:\/\/www.facebook.com\/KapitalisInfo\/\" \/>\n<meta property=\"article:published_time\" content=\"2020-08-12T08:33:17+00:00\" \/>\n<meta property=\"article:modified_time\" content=\"2020-08-12T09:12:01+00:00\" \/>\n<meta property=\"og:image\" content=\"http:\/\/kapitalis.com\/tunisie\/wp-content\/uploads\/2016\/02\/frontiere-tunisie-libye-5.jpg\" \/>\n<meta name=\"author\" content=\"Cherif Benyounes\" \/>\n<meta name=\"twitter:card\" content=\"summary_large_image\" \/>\n<meta name=\"twitter:creator\" content=\"@KapitalisInfo\" \/>\n<meta name=\"twitter:site\" content=\"@KapitalisInfo\" \/>\n<meta name=\"twitter:label1\" content=\"\u00c9crit par\" \/>\n\t<meta name=\"twitter:data1\" content=\"Cherif Benyounes\" \/>\n\t<meta name=\"twitter:label2\" content=\"Dur\u00e9e de lecture estim\u00e9e\" \/>\n\t<meta name=\"twitter:data2\" content=\"1 minute\" \/>\n<script type=\"application\/ld+json\" class=\"yoast-schema-graph\">{\"@context\":\"https:\/\/schema.org\",\"@graph\":[{\"@type\":\"Article\",\"@id\":\"https:\/\/kapitalis.com\/tunisie\/2020\/08\/12\/tunisie-prolongation-du-decret-relatif-a-la-zone-militaire-tampon\/#article\",\"isPartOf\":{\"@id\":\"https:\/\/kapitalis.com\/tunisie\/2020\/08\/12\/tunisie-prolongation-du-decret-relatif-a-la-zone-militaire-tampon\/\"},\"author\":{\"name\":\"Cherif Benyounes\",\"@id\":\"https:\/\/kapitalis.com\/tunisie\/#\/schema\/person\/b35b8d631961131107263178aeb8019e\"},\"headline\":\"Tunisie : Prolongation du d\u00e9cret relatif \u00e0 la zone militaire tampon \u00e0 Tataouine\",\"datePublished\":\"2020-08-12T08:33:17+00:00\",\"dateModified\":\"2020-08-12T09:12:01+00:00\",\"mainEntityOfPage\":{\"@id\":\"https:\/\/kapitalis.com\/tunisie\/2020\/08\/12\/tunisie-prolongation-du-decret-relatif-a-la-zone-militaire-tampon\/\"},\"wordCount\":228,\"commentCount\":0,\"publisher\":{\"@id\":\"https:\/\/kapitalis.com\/tunisie\/#organization\"},\"image\":{\"@id\":\"https:\/\/kapitalis.com\/tunisie\/2020\/08\/12\/tunisie-prolongation-du-decret-relatif-a-la-zone-militaire-tampon\/#primaryimage\"},\"thumbnailUrl\":\"http:\/\/kapitalis.com\/tunisie\/wp-content\/uploads\/2016\/02\/frontiere-tunisie-libye-5.jpg\",\"keywords\":[\"Ka\u00efs Sa\u00efed\",\"Moncef Marzouki\",\"zone militaire tampon\"],\"articleSection\":[\"POLITIQUE\",\"Tunisie\"],\"inLanguage\":\"fr-FR\",\"potentialAction\":[{\"@type\":\"CommentAction\",\"name\":\"Comment\",\"target\":[\"https:\/\/kapitalis.com\/tunisie\/2020\/08\/12\/tunisie-prolongation-du-decret-relatif-a-la-zone-militaire-tampon\/#respond\"]}]},{\"@type\":\"WebPage\",\"@id\":\"https:\/\/kapitalis.com\/tunisie\/2020\/08\/12\/tunisie-prolongation-du-decret-relatif-a-la-zone-militaire-tampon\/\",\"url\":\"https:\/\/kapitalis.com\/tunisie\/2020\/08\/12\/tunisie-prolongation-du-decret-relatif-a-la-zone-militaire-tampon\/\",\"name\":\"Tunisie : Prolongation du d\u00e9cret relatif \u00e0 la zone militaire tampon \u00e0 Tataouine - Kapitalis\",\"isPartOf\":{\"@id\":\"https:\/\/kapitalis.com\/tunisie\/#website\"},\"primaryImageOfPage\":{\"@id\":\"https:\/\/kapitalis.com\/tunisie\/2020\/08\/12\/tunisie-prolongation-du-decret-relatif-a-la-zone-militaire-tampon\/#primaryimage\"},\"image\":{\"@id\":\"https:\/\/kapitalis.com\/tunisie\/2020\/08\/12\/tunisie-prolongation-du-decret-relatif-a-la-zone-militaire-tampon\/#primaryimage\"},\"thumbnailUrl\":\"http:\/\/kapitalis.com\/tunisie\/wp-content\/uploads\/2016\/02\/frontiere-tunisie-libye-5.jpg\",\"datePublished\":\"2020-08-12T08:33:17+00:00\",\"dateModified\":\"2020-08-12T09:12:01+00:00\",\"breadcrumb\":{\"@id\":\"https:\/\/kapitalis.com\/tunisie\/2020\/08\/12\/tunisie-prolongation-du-decret-relatif-a-la-zone-militaire-tampon\/#breadcrumb\"},\"inLanguage\":\"fr-FR\",\"potentialAction\":[{\"@type\":\"ReadAction\",\"target\":[\"https:\/\/kapitalis.com\/tunisie\/2020\/08\/12\/tunisie-prolongation-du-decret-relatif-a-la-zone-militaire-tampon\/\"]}]},{\"@type\":\"ImageObject\",\"inLanguage\":\"fr-FR\",\"@id\":\"https:\/\/kapitalis.com\/tunisie\/2020\/08\/12\/tunisie-prolongation-du-decret-relatif-a-la-zone-militaire-tampon\/#primaryimage\",\"url\":\"http:\/\/kapitalis.com\/tunisie\/wp-content\/uploads\/2016\/02\/frontiere-tunisie-libye-5.jpg\",\"contentUrl\":\"http:\/\/kapitalis.com\/tunisie\/wp-content\/uploads\/2016\/02\/frontiere-tunisie-libye-5.jpg\"},{\"@type\":\"BreadcrumbList\",\"@id\":\"https:\/\/kapitalis.com\/tunisie\/2020\/08\/12\/tunisie-prolongation-du-decret-relatif-a-la-zone-militaire-tampon\/#breadcrumb\",\"itemListElement\":[{\"@type\":\"ListItem\",\"position\":1,\"name\":\"Accueil\",\"item\":\"https:\/\/kapitalis.com\/tunisie\/\"},{\"@type\":\"ListItem\",\"position\":2,\"name\":\"Tunisie : Prolongation du d\u00e9cret relatif \u00e0 la zone militaire tampon \u00e0 Tataouine\"}]},{\"@type\":\"WebSite\",\"@id\":\"https:\/\/kapitalis.com\/tunisie\/#website\",\"url\":\"https:\/\/kapitalis.com\/tunisie\/\",\"name\":\"Kapitalis\",\"description\":\"L&#039;actualit\u00e9 en Tunisie et dans le monde\",\"publisher\":{\"@id\":\"https:\/\/kapitalis.com\/tunisie\/#organization\"},\"potentialAction\":[{\"@type\":\"SearchAction\",\"target\":{\"@type\":\"EntryPoint\",\"urlTemplate\":\"https:\/\/kapitalis.com\/tunisie\/?s={search_term_string}\"},\"query-input\":{\"@type\":\"PropertyValueSpecification\",\"valueRequired\":true,\"valueName\":\"search_term_string\"}}],\"inLanguage\":\"fr-FR\"},{\"@type\":\"Organization\",\"@id\":\"https:\/\/kapitalis.com\/tunisie\/#organization\",\"name\":\"Kapitalis\",\"url\":\"https:\/\/kapitalis.com\/tunisie\/\",\"logo\":{\"@type\":\"ImageObject\",\"inLanguage\":\"fr-FR\",\"@id\":\"https:\/\/kapitalis.com\/tunisie\/#\/schema\/logo\/image\/\",\"url\":\"https:\/\/kapitalis.com\/tunisie\/wp-content\/uploads\/2022\/05\/Kapitalis-big-size.png\",\"contentUrl\":\"https:\/\/kapitalis.com\/tunisie\/wp-content\/uploads\/2022\/05\/Kapitalis-big-size.png\",\"width\":5000,\"height\":1500,\"caption\":\"Kapitalis\"},\"image\":{\"@id\":\"https:\/\/kapitalis.com\/tunisie\/#\/schema\/logo\/image\/\"},\"sameAs\":[\"https:\/\/www.facebook.com\/KapitalisInfo\/\",\"https:\/\/x.com\/KapitalisInfo\",\"https:\/\/www.youtube.com\/channel\/UC-yDYrHyfFBWWZaOw3FPg9Q\"]},{\"@type\":\"Person\",\"@id\":\"https:\/\/kapitalis.com\/tunisie\/#\/schema\/person\/b35b8d631961131107263178aeb8019e\",\"name\":\"Cherif Benyounes\",\"url\":\"https:\/\/kapitalis.com\/tunisie\/author\/cherif\/\"}]}<\/script>\n<!-- \/ Yoast SEO plugin. -->","yoast_head_json":{"title":"Tunisie : Prolongation du d\u00e9cret relatif \u00e0 la zone militaire tampon \u00e0 Tataouine - Kapitalis","robots":{"index":"index","follow":"follow","max-snippet":"max-snippet:-1","max-image-preview":"max-image-preview:large","max-video-preview":"max-video-preview:-1"},"canonical":"https:\/\/kapitalis.com\/tunisie\/2020\/08\/12\/tunisie-prolongation-du-decret-relatif-a-la-zone-militaire-tampon\/","og_locale":"fr_FR","og_type":"article","og_title":"Tunisie : Prolongation du d\u00e9cret relatif \u00e0 la zone militaire tampon \u00e0 Tataouine - Kapitalis","og_description":"Le pr\u00e9sident de la r\u00e9publique, Ka\u00efs Sa\u00efed, a prolong\u00e9, pour une ann\u00e9e suppl\u00e9mentaire, le d\u00e9cret qui consid\u00e8re la zone frontali\u00e8re sud de la Tunisie comme \u00e9tant une zone militaire tampon, et qui avait \u00e9t\u00e9 promulgu\u00e9 le 29 ao\u00fbt 2013 par l&rsquo;ancien pr\u00e9sident provisoire, Moncef Marzouki.","og_url":"https:\/\/kapitalis.com\/tunisie\/2020\/08\/12\/tunisie-prolongation-du-decret-relatif-a-la-zone-militaire-tampon\/","og_site_name":"Kapitalis","article_publisher":"https:\/\/www.facebook.com\/KapitalisInfo\/","article_published_time":"2020-08-12T08:33:17+00:00","article_modified_time":"2020-08-12T09:12:01+00:00","og_image":[{"url":"http:\/\/kapitalis.com\/tunisie\/wp-content\/uploads\/2016\/02\/frontiere-tunisie-libye-5.jpg","type":"","width":"","height":""}],"author":"Cherif Benyounes","twitter_card":"summary_large_image","twitter_creator":"@KapitalisInfo","twitter_site":"@KapitalisInfo","twitter_misc":{"\u00c9crit par":"Cherif Benyounes","Dur\u00e9e de lecture estim\u00e9e":"1 minute"},"schema":{"@context":"https:\/\/schema.org","@graph":[{"@type":"Article","@id":"https:\/\/kapitalis.com\/tunisie\/2020\/08\/12\/tunisie-prolongation-du-decret-relatif-a-la-zone-militaire-tampon\/#article","isPartOf":{"@id":"https:\/\/kapitalis.com\/tunisie\/2020\/08\/12\/tunisie-prolongation-du-decret-relatif-a-la-zone-militaire-tampon\/"},"author":{"name":"Cherif Benyounes","@id":"https:\/\/kapitalis.com\/tunisie\/#\/schema\/person\/b35b8d631961131107263178aeb8019e"},"headline":"Tunisie : Prolongation du d\u00e9cret relatif \u00e0 la zone militaire tampon \u00e0 Tataouine","datePublished":"2020-08-12T08:33:17+00:00","dateModified":"2020-08-12T09:12:01+00:00","mainEntityOfPage":{"@id":"https:\/\/kapitalis.com\/tunisie\/2020\/08\/12\/tunisie-prolongation-du-decret-relatif-a-la-zone-militaire-tampon\/"},"wordCount":228,"commentCount":0,"publisher":{"@id":"https:\/\/kapitalis.com\/tunisie\/#organization"},"image":{"@id":"https:\/\/kapitalis.com\/tunisie\/2020\/08\/12\/tunisie-prolongation-du-decret-relatif-a-la-zone-militaire-tampon\/#primaryimage"},"thumbnailUrl":"http:\/\/kapitalis.com\/tunisie\/wp-content\/uploads\/2016\/02\/frontiere-tunisie-libye-5.jpg","keywords":["Ka\u00efs Sa\u00efed","Moncef Marzouki","zone militaire tampon"],"articleSection":["POLITIQUE","Tunisie"],"inLanguage":"fr-FR","potentialAction":[{"@type":"CommentAction","name":"Comment","target":["https:\/\/kapitalis.com\/tunisie\/2020\/08\/12\/tunisie-prolongation-du-decret-relatif-a-la-zone-militaire-tampon\/#respond"]}]},{"@type":"WebPage","@id":"https:\/\/kapitalis.com\/tunisie\/2020\/08\/12\/tunisie-prolongation-du-decret-relatif-a-la-zone-militaire-tampon\/","url":"https:\/\/kapitalis.com\/tunisie\/2020\/08\/12\/tunisie-prolongation-du-decret-relatif-a-la-zone-militaire-tampon\/","name":"Tunisie : Prolongation du d\u00e9cret relatif \u00e0 la zone militaire tampon \u00e0 Tataouine - Kapitalis","isPartOf":{"@id":"https:\/\/kapitalis.com\/tunisie\/#website"},"primaryImageOfPage":{"@id":"https:\/\/kapitalis.com\/tunisie\/2020\/08\/12\/tunisie-prolongation-du-decret-relatif-a-la-zone-militaire-tampon\/#primaryimage"},"image":{"@id":"https:\/\/kapitalis.com\/tunisie\/2020\/08\/12\/tunisie-prolongation-du-decret-relatif-a-la-zone-militaire-tampon\/#primaryimage"},"thumbnailUrl":"http:\/\/kapitalis.com\/tunisie\/wp-content\/uploads\/2016\/02\/frontiere-tunisie-libye-5.jpg","datePublished":"2020-08-12T08:33:17+00:00","dateModified":"2020-08-12T09:12:01+00:00","breadcrumb":{"@id":"https:\/\/kapitalis.com\/tunisie\/2020\/08\/12\/tunisie-prolongation-du-decret-relatif-a-la-zone-militaire-tampon\/#breadcrumb"},"inLanguage":"fr-FR","potentialAction":[{"@type":"ReadAction","target":["https:\/\/kapitalis.com\/tunisie\/2020\/08\/12\/tunisie-prolongation-du-decret-relatif-a-la-zone-militaire-tampon\/"]}]},{"@type":"ImageObject","inLanguage":"fr-FR","@id":"https:\/\/kapitalis.com\/tunisie\/2020\/08\/12\/tunisie-prolongation-du-decret-relatif-a-la-zone-militaire-tampon\/#primaryimage","url":"http:\/\/kapitalis.com\/tunisie\/wp-content\/uploads\/2016\/02\/frontiere-tunisie-libye-5.jpg","contentUrl":"http:\/\/kapitalis.com\/tunisie\/wp-content\/uploads\/2016\/02\/frontiere-tunisie-libye-5.jpg"},{"@type":"BreadcrumbList","@id":"https:\/\/kapitalis.com\/tunisie\/2020\/08\/12\/tunisie-prolongation-du-decret-relatif-a-la-zone-militaire-tampon\/#breadcrumb","itemListElement":[{"@type":"ListItem","position":1,"name":"Accueil","item":"https:\/\/kapitalis.com\/tunisie\/"},{"@type":"ListItem","position":2,"name":"Tunisie : Prolongation du d\u00e9cret relatif \u00e0 la zone militaire tampon \u00e0 Tataouine"}]},{"@type":"WebSite","@id":"https:\/\/kapitalis.com\/tunisie\/#website","url":"https:\/\/kapitalis.com\/tunisie\/","name":"Kapitalis","description":"L&#039;actualit\u00e9 en Tunisie et dans le monde","publisher":{"@id":"https:\/\/kapitalis.com\/tunisie\/#organization"},"potentialAction":[{"@type":"SearchAction","target":{"@type":"EntryPoint","urlTemplate":"https:\/\/kapitalis.com\/tunisie\/?s={search_term_string}"},"query-input":{"@type":"PropertyValueSpecification","valueRequired":true,"valueName":"search_term_string"}}],"inLanguage":"fr-FR"},{"@type":"Organization","@id":"https:\/\/kapitalis.com\/tunisie\/#organization","name":"Kapitalis","url":"https:\/\/kapitalis.com\/tunisie\/","logo":{"@type":"ImageObject","inLanguage":"fr-FR","@id":"https:\/\/kapitalis.com\/tunisie\/#\/schema\/logo\/image\/","url":"https:\/\/kapitalis.com\/tunisie\/wp-content\/uploads\/2022\/05\/Kapitalis-big-size.png","contentUrl":"https:\/\/kapitalis.com\/tunisie\/wp-content\/uploads\/2022\/05\/Kapitalis-big-size.png","width":5000,"height":1500,"caption":"Kapitalis"},"image":{"@id":"https:\/\/kapitalis.com\/tunisie\/#\/schema\/logo\/image\/"},"sameAs":["https:\/\/www.facebook.com\/KapitalisInfo\/","https:\/\/x.com\/KapitalisInfo","https:\/\/www.youtube.com\/channel\/UC-yDYrHyfFBWWZaOw3FPg9Q"]},{"@type":"Person","@id":"https:\/\/kapitalis.com\/tunisie\/#\/schema\/person\/b35b8d631961131107263178aeb8019e","name":"Cherif Benyounes","url":"https:\/\/kapitalis.com\/tunisie\/author\/cherif\/"}]}},"_links":{"self":[{"href":"https:\/\/kapitalis.com\/tunisie\/wp-json\/wp\/v2\/posts\/311576","targetHints":{"allow":["GET"]}}],"collection":[{"href":"https:\/\/kapitalis.com\/tunisie\/wp-json\/wp\/v2\/posts"}],"about":[{"href":"https:\/\/kapitalis.com\/tunisie\/wp-json\/wp\/v2\/types\/post"}],"author":[{"embeddable":true,"href":"https:\/\/kapitalis.com\/tunisie\/wp-json\/wp\/v2\/users\/24"}],"replies":[{"embeddable":true,"href":"https:\/\/kapitalis.com\/tunisie\/wp-json\/wp\/v2\/comments?post=311576"}],"version-history":[{"count":0,"href":"https:\/\/kapitalis.com\/tunisie\/wp-json\/wp\/v2\/posts\/311576\/revisions"}],"wp:attachment":[{"href":"https:\/\/kapitalis.com\/tunisie\/wp-json\/wp\/v2\/media?parent=311576"}],"wp:term":[{"taxonomy":"category","embeddable":true,"href":"https:\/\/kapitalis.com\/tunisie\/wp-json\/wp\/v2\/categories?post=311576"},{"taxonomy":"post_tag","embeddable":true,"href":"https:\/\/kapitalis.com\/tunisie\/wp-json\/wp\/v2\/tags?post=311576"}],"curies":[{"name":"wp","href":"https:\/\/api.w.org\/{rel}","templated":true}]}}