{"id":311654,"date":"2020-08-12T16:36:04","date_gmt":"2020-08-12T15:36:04","guid":{"rendered":"http:\/\/kapitalis.com\/tunisie\/?p=311654"},"modified":"2020-08-13T08:09:49","modified_gmt":"2020-08-13T07:09:49","slug":"affaire-yassine-ayari-julien-balkany-rached-ghannouchi-recoit-le-depute-tunisien","status":"publish","type":"post","link":"https:\/\/kapitalis.com\/tunisie\/2020\/08\/12\/affaire-yassine-ayari-julien-balkany-rached-ghannouchi-recoit-le-depute-tunisien\/","title":{"rendered":"Affaire Yassine Ayari &#8211; Julien Balkany : Rached Ghannouchi re\u00e7oit le d\u00e9put\u00e9 tunisien"},"content":{"rendered":"\n<figure class=\"wp-block-image size-large\"><img decoding=\"async\" src=\"http:\/\/kapitalis.com\/tunisie\/wp-content\/uploads\/2020\/08\/yassine-ayari-rached-ghannouchi.jpg\" alt=\"\" class=\"wp-image-311666\"\/><\/figure>\n\n\n\n<p><strong><em>Le pr\u00e9sident de l&rsquo;Assembl\u00e9e des repr\u00e9sentants du peuple, Rached Ghannouchi, a re\u00e7u aujourd&rsquo;hui, mercredi 12 ao\u00fbt 2020, le d\u00e9put\u00e9 du mouvement Amal wa 3amal, Yassine Ayari, au palais du Bardo, pour discuter de la plainte judiciaire d\u00e9pos\u00e9e contre ce dernier par Julien Balkany, pr\u00e9sident non-ex\u00e9cutif du conseil d&rsquo;administration de la soci\u00e9t\u00e9 p\u00e9troli\u00e8re norv\u00e9gienne Panoro Energy Asa (PEA).<\/em><\/strong><\/p>\n\n\n\n<!--more-->\n\n\n\n<p>Rappelons que Yassine Ayari a indiqu\u00e9 en d\u00e9but de semaine, sur Facebook, que la police judiciaire fran\u00e7aise lui avait envoy\u00e9 une correspondance pour l&rsquo;informer qu&rsquo;il \u00e9tait recherch\u00e9 par la justice fran\u00e7aise en raison d\u2019une plainte d\u00e9pos\u00e9e par la soci\u00e9t\u00e9 susmentionn\u00e9e et par son pr\u00e9sident, Julien Balkany, pour diffamation.<\/p>\n\n\n\n<p>A l&rsquo;occasion de sa rencontre avec Ghannouchi, Ayari a expliqu\u00e9 qu&rsquo;il \u00e9tait \u00ab<em>la cible de harc\u00e8lement, de menaces et de pressions<\/em>\u00bb, apr\u00e8s avoir demand\u00e9 au ministre de l\u2019Industrie, en 2019, d&rsquo;enqu\u00eater sur la cession des actions de la soci\u00e9t\u00e9 autrichienne OMV exploitant des champs p\u00e9troliers en Tunisie au profit de la compagnie PEA.<\/p>\n\n\n\n<p>Il a, par ailleurs, appel\u00e9 le pr\u00e9sident du Parlement \u00e0 \u00ab<em>d\u00e9fendre les droits des d\u00e9put\u00e9s et \u00e0 les soutenir dans l&rsquo;exercice de leurs diff\u00e9rentes fonctions, en particulier le travail de contr\u00f4le<\/em>\u00bb, selon un communiqu\u00e9 de l&rsquo;Assembl\u00e9e.<\/p>\n\n\n\n<p>De son c\u00f4t\u00e9, Rached Ghannouchi a exprim\u00e9 son soutien \u00e0 l&rsquo;\u00e9gard du jeune d\u00e9put\u00e9, tout en saluant \u00ab<em>la r\u00e9action positive<\/em>\u00bb de Thouraya Jribi, ministre de la Justice, qui avait signifi\u00e9, hier, \u00e0 Yassine Ayari qu&rsquo;elle allait suivre l&rsquo;affaire en question.<\/p>\n\n\n\n<p>Notons que Julien Balkany a, pour sa part, confirm\u00e9, hier, via un communiqu\u00e9, qu&rsquo;il avait d\u00e9pos\u00e9 sa plainte (en son propre nom et au nom de Panoro Energy Asa), avec constitution de partie civile, \u00e0 l&rsquo;encontre de Yassine Ayari, \u00e0 la date 18 mars 2019, accusant ce dernier d&rsquo;avoir \u00ab<em>publi\u00e9 le 1er mars 2019, sur sa page publique Facebook, plusieurs documents comportant de nombreux \u00e9l\u00e9ments inexacts et diffamatoires, dont une lettre non sign\u00e9e et pr\u00e9tendument r\u00e9dig\u00e9e par une association fictive d\u00e9nomm\u00e9e \u00ab\u00a0Veronga Watch\u00a0\u00bb, avec une adresse inexistante \u00e0 Paris et non enregistr\u00e9e au r\u00e9pertoire national des associations fran\u00e7aises<\/em>\u00bb.<\/p>\n\n\n\n<p>Il a ainsi estim\u00e9 que le d\u00e9put\u00e9 \u00ab<em>a relay\u00e9 ainsi de graves propos diffamatoires et calomnieux\u00bb <\/em>\u00e0 son encontre et \u00e0 l&rsquo;encontre de sa soci\u00e9t\u00e9, souhaitant que cette affaire ne sorte pas de son cadre purement judiciaire et que la justice fran\u00e7aise puisse travailler en \u00e9troite collaboration avec la justice tunisienne afin de poursuivre ses investigations dans un climat serein et apais\u00e9.<\/p>\n\n\n\n<p class=\"has-text-align-right\"><strong>C. B. Y.<\/strong><\/p>\n","protected":false},"excerpt":{"rendered":"<p>Le pr\u00e9sident de l&rsquo;Assembl\u00e9e des repr\u00e9sentants du peuple, Rached Ghannouchi, a re\u00e7u aujourd&rsquo;hui, mercredi 12 ao\u00fbt 2020, le d\u00e9put\u00e9 du mouvement Amal wa 3amal, Yassine Ayari, au palais du Bardo, pour discuter de la plainte judiciaire d\u00e9pos\u00e9e contre ce dernier par Julien Balkany, pr\u00e9sident non-ex\u00e9cutif du conseil d&rsquo;administration de la soci\u00e9t\u00e9 p\u00e9troli\u00e8re norv\u00e9gienne Panoro Energy&#8230;<\/p>\n","protected":false},"author":24,"featured_media":311666,"comment_status":"open","ping_status":"open","sticky":false,"template":"","format":"standard","meta":{"footnotes":""},"categories":[997,2433],"tags":[81693,72107,74884,758,76114,971],"class_list":["post-311654","post","type-post","status-publish","format-standard","has-post-thumbnail","hentry","category-politique","category-tunisie","tag-julien-balkany","tag-omv","tag-panoro-energy-asa","tag-rached-ghannouchi","tag-thouraya-jribi","tag-yassine-ayari"],"yoast_head":"<!-- This site is optimized with the Yoast SEO plugin v26.6 - https:\/\/yoast.com\/wordpress\/plugins\/seo\/ -->\n<title>Affaire Yassine Ayari - Julien Balkany : Rached Ghannouchi re\u00e7oit le d\u00e9put\u00e9 tunisien - Kapitalis<\/title>\n<meta name=\"robots\" content=\"index, follow, max-snippet:-1, max-image-preview:large, max-video-preview:-1\" \/>\n<link rel=\"canonical\" href=\"https:\/\/kapitalis.com\/tunisie\/2020\/08\/12\/affaire-yassine-ayari-julien-balkany-rached-ghannouchi-recoit-le-depute-tunisien\/\" \/>\n<meta property=\"og:locale\" content=\"fr_FR\" \/>\n<meta property=\"og:type\" content=\"article\" \/>\n<meta property=\"og:title\" content=\"Affaire Yassine Ayari - Julien Balkany : Rached Ghannouchi re\u00e7oit le d\u00e9put\u00e9 tunisien - Kapitalis\" \/>\n<meta property=\"og:description\" content=\"Le pr\u00e9sident de l&rsquo;Assembl\u00e9e des repr\u00e9sentants du peuple, Rached Ghannouchi, a re\u00e7u aujourd&rsquo;hui, mercredi 12 ao\u00fbt 2020, le d\u00e9put\u00e9 du mouvement Amal wa 3amal, Yassine Ayari, au palais du Bardo, pour discuter de la plainte judiciaire d\u00e9pos\u00e9e contre ce dernier par Julien Balkany, pr\u00e9sident non-ex\u00e9cutif du conseil d&rsquo;administration de la soci\u00e9t\u00e9 p\u00e9troli\u00e8re norv\u00e9gienne Panoro Energy...\" \/>\n<meta property=\"og:url\" content=\"https:\/\/kapitalis.com\/tunisie\/2020\/08\/12\/affaire-yassine-ayari-julien-balkany-rached-ghannouchi-recoit-le-depute-tunisien\/\" \/>\n<meta property=\"og:site_name\" content=\"Kapitalis\" \/>\n<meta property=\"article:publisher\" content=\"https:\/\/www.facebook.com\/KapitalisInfo\/\" \/>\n<meta property=\"article:published_time\" content=\"2020-08-12T15:36:04+00:00\" \/>\n<meta property=\"article:modified_time\" content=\"2020-08-13T07:09:49+00:00\" \/>\n<meta property=\"og:image\" content=\"https:\/\/kapitalis.com\/tunisie\/wp-content\/uploads\/2022\/05\/kapitalis-logo-fb.png\" \/>\n\t<meta property=\"og:image:width\" content=\"1200\" \/>\n\t<meta property=\"og:image:height\" content=\"630\" \/>\n\t<meta property=\"og:image:type\" content=\"image\/png\" \/>\n<meta name=\"author\" content=\"Cherif Benyounes\" \/>\n<meta name=\"twitter:card\" content=\"summary_large_image\" \/>\n<meta name=\"twitter:creator\" content=\"@KapitalisInfo\" \/>\n<meta name=\"twitter:site\" content=\"@KapitalisInfo\" \/>\n<meta name=\"twitter:label1\" content=\"\u00c9crit par\" \/>\n\t<meta name=\"twitter:data1\" content=\"Cherif Benyounes\" \/>\n\t<meta name=\"twitter:label2\" content=\"Dur\u00e9e de lecture estim\u00e9e\" \/>\n\t<meta name=\"twitter:data2\" content=\"2 minutes\" \/>\n<script type=\"application\/ld+json\" class=\"yoast-schema-graph\">{\"@context\":\"https:\/\/schema.org\",\"@graph\":[{\"@type\":\"Article\",\"@id\":\"https:\/\/kapitalis.com\/tunisie\/2020\/08\/12\/affaire-yassine-ayari-julien-balkany-rached-ghannouchi-recoit-le-depute-tunisien\/#article\",\"isPartOf\":{\"@id\":\"https:\/\/kapitalis.com\/tunisie\/2020\/08\/12\/affaire-yassine-ayari-julien-balkany-rached-ghannouchi-recoit-le-depute-tunisien\/\"},\"author\":{\"name\":\"Cherif Benyounes\",\"@id\":\"https:\/\/kapitalis.com\/tunisie\/#\/schema\/person\/b35b8d631961131107263178aeb8019e\"},\"headline\":\"Affaire Yassine Ayari &#8211; Julien Balkany : Rached Ghannouchi re\u00e7oit le d\u00e9put\u00e9 tunisien\",\"datePublished\":\"2020-08-12T15:36:04+00:00\",\"dateModified\":\"2020-08-13T07:09:49+00:00\",\"mainEntityOfPage\":{\"@id\":\"https:\/\/kapitalis.com\/tunisie\/2020\/08\/12\/affaire-yassine-ayari-julien-balkany-rached-ghannouchi-recoit-le-depute-tunisien\/\"},\"wordCount\":450,\"commentCount\":6,\"publisher\":{\"@id\":\"https:\/\/kapitalis.com\/tunisie\/#organization\"},\"image\":{\"@id\":\"https:\/\/kapitalis.com\/tunisie\/2020\/08\/12\/affaire-yassine-ayari-julien-balkany-rached-ghannouchi-recoit-le-depute-tunisien\/#primaryimage\"},\"thumbnailUrl\":\"\",\"keywords\":[\"Julien Balkany\",\"OMV\",\"Panoro Energy ASA\",\"Rached Ghannouchi\",\"Thouraya Jribi\",\"Yassine Ayari\"],\"articleSection\":[\"POLITIQUE\",\"Tunisie\"],\"inLanguage\":\"fr-FR\",\"potentialAction\":[{\"@type\":\"CommentAction\",\"name\":\"Comment\",\"target\":[\"https:\/\/kapitalis.com\/tunisie\/2020\/08\/12\/affaire-yassine-ayari-julien-balkany-rached-ghannouchi-recoit-le-depute-tunisien\/#respond\"]}]},{\"@type\":\"WebPage\",\"@id\":\"https:\/\/kapitalis.com\/tunisie\/2020\/08\/12\/affaire-yassine-ayari-julien-balkany-rached-ghannouchi-recoit-le-depute-tunisien\/\",\"url\":\"https:\/\/kapitalis.com\/tunisie\/2020\/08\/12\/affaire-yassine-ayari-julien-balkany-rached-ghannouchi-recoit-le-depute-tunisien\/\",\"name\":\"Affaire Yassine Ayari - Julien Balkany : Rached Ghannouchi re\u00e7oit le d\u00e9put\u00e9 tunisien - Kapitalis\",\"isPartOf\":{\"@id\":\"https:\/\/kapitalis.com\/tunisie\/#website\"},\"primaryImageOfPage\":{\"@id\":\"https:\/\/kapitalis.com\/tunisie\/2020\/08\/12\/affaire-yassine-ayari-julien-balkany-rached-ghannouchi-recoit-le-depute-tunisien\/#primaryimage\"},\"image\":{\"@id\":\"https:\/\/kapitalis.com\/tunisie\/2020\/08\/12\/affaire-yassine-ayari-julien-balkany-rached-ghannouchi-recoit-le-depute-tunisien\/#primaryimage\"},\"thumbnailUrl\":\"\",\"datePublished\":\"2020-08-12T15:36:04+00:00\",\"dateModified\":\"2020-08-13T07:09:49+00:00\",\"breadcrumb\":{\"@id\":\"https:\/\/kapitalis.com\/tunisie\/2020\/08\/12\/affaire-yassine-ayari-julien-balkany-rached-ghannouchi-recoit-le-depute-tunisien\/#breadcrumb\"},\"inLanguage\":\"fr-FR\",\"potentialAction\":[{\"@type\":\"ReadAction\",\"target\":[\"https:\/\/kapitalis.com\/tunisie\/2020\/08\/12\/affaire-yassine-ayari-julien-balkany-rached-ghannouchi-recoit-le-depute-tunisien\/\"]}]},{\"@type\":\"ImageObject\",\"inLanguage\":\"fr-FR\",\"@id\":\"https:\/\/kapitalis.com\/tunisie\/2020\/08\/12\/affaire-yassine-ayari-julien-balkany-rached-ghannouchi-recoit-le-depute-tunisien\/#primaryimage\",\"url\":\"\",\"contentUrl\":\"\"},{\"@type\":\"BreadcrumbList\",\"@id\":\"https:\/\/kapitalis.com\/tunisie\/2020\/08\/12\/affaire-yassine-ayari-julien-balkany-rached-ghannouchi-recoit-le-depute-tunisien\/#breadcrumb\",\"itemListElement\":[{\"@type\":\"ListItem\",\"position\":1,\"name\":\"Accueil\",\"item\":\"https:\/\/kapitalis.com\/tunisie\/\"},{\"@type\":\"ListItem\",\"position\":2,\"name\":\"Affaire Yassine Ayari &#8211; Julien Balkany : Rached Ghannouchi re\u00e7oit le d\u00e9put\u00e9 tunisien\"}]},{\"@type\":\"WebSite\",\"@id\":\"https:\/\/kapitalis.com\/tunisie\/#website\",\"url\":\"https:\/\/kapitalis.com\/tunisie\/\",\"name\":\"Kapitalis\",\"description\":\"L&#039;actualit\u00e9 en Tunisie et dans le monde\",\"publisher\":{\"@id\":\"https:\/\/kapitalis.com\/tunisie\/#organization\"},\"potentialAction\":[{\"@type\":\"SearchAction\",\"target\":{\"@type\":\"EntryPoint\",\"urlTemplate\":\"https:\/\/kapitalis.com\/tunisie\/?s={search_term_string}\"},\"query-input\":{\"@type\":\"PropertyValueSpecification\",\"valueRequired\":true,\"valueName\":\"search_term_string\"}}],\"inLanguage\":\"fr-FR\"},{\"@type\":\"Organization\",\"@id\":\"https:\/\/kapitalis.com\/tunisie\/#organization\",\"name\":\"Kapitalis\",\"url\":\"https:\/\/kapitalis.com\/tunisie\/\",\"logo\":{\"@type\":\"ImageObject\",\"inLanguage\":\"fr-FR\",\"@id\":\"https:\/\/kapitalis.com\/tunisie\/#\/schema\/logo\/image\/\",\"url\":\"https:\/\/kapitalis.com\/tunisie\/wp-content\/uploads\/2022\/05\/Kapitalis-big-size.png\",\"contentUrl\":\"https:\/\/kapitalis.com\/tunisie\/wp-content\/uploads\/2022\/05\/Kapitalis-big-size.png\",\"width\":5000,\"height\":1500,\"caption\":\"Kapitalis\"},\"image\":{\"@id\":\"https:\/\/kapitalis.com\/tunisie\/#\/schema\/logo\/image\/\"},\"sameAs\":[\"https:\/\/www.facebook.com\/KapitalisInfo\/\",\"https:\/\/x.com\/KapitalisInfo\",\"https:\/\/www.youtube.com\/channel\/UC-yDYrHyfFBWWZaOw3FPg9Q\"]},{\"@type\":\"Person\",\"@id\":\"https:\/\/kapitalis.com\/tunisie\/#\/schema\/person\/b35b8d631961131107263178aeb8019e\",\"name\":\"Cherif Benyounes\",\"url\":\"https:\/\/kapitalis.com\/tunisie\/author\/cherif\/\"}]}<\/script>\n<!-- \/ Yoast SEO plugin. -->","yoast_head_json":{"title":"Affaire Yassine Ayari - Julien Balkany : Rached Ghannouchi re\u00e7oit le d\u00e9put\u00e9 tunisien - Kapitalis","robots":{"index":"index","follow":"follow","max-snippet":"max-snippet:-1","max-image-preview":"max-image-preview:large","max-video-preview":"max-video-preview:-1"},"canonical":"https:\/\/kapitalis.com\/tunisie\/2020\/08\/12\/affaire-yassine-ayari-julien-balkany-rached-ghannouchi-recoit-le-depute-tunisien\/","og_locale":"fr_FR","og_type":"article","og_title":"Affaire Yassine Ayari - Julien Balkany : Rached Ghannouchi re\u00e7oit le d\u00e9put\u00e9 tunisien - Kapitalis","og_description":"Le pr\u00e9sident de l&rsquo;Assembl\u00e9e des repr\u00e9sentants du peuple, Rached Ghannouchi, a re\u00e7u aujourd&rsquo;hui, mercredi 12 ao\u00fbt 2020, le d\u00e9put\u00e9 du mouvement Amal wa 3amal, Yassine Ayari, au palais du Bardo, pour discuter de la plainte judiciaire d\u00e9pos\u00e9e contre ce dernier par Julien Balkany, pr\u00e9sident non-ex\u00e9cutif du conseil d&rsquo;administration de la soci\u00e9t\u00e9 p\u00e9troli\u00e8re norv\u00e9gienne Panoro Energy...","og_url":"https:\/\/kapitalis.com\/tunisie\/2020\/08\/12\/affaire-yassine-ayari-julien-balkany-rached-ghannouchi-recoit-le-depute-tunisien\/","og_site_name":"Kapitalis","article_publisher":"https:\/\/www.facebook.com\/KapitalisInfo\/","article_published_time":"2020-08-12T15:36:04+00:00","article_modified_time":"2020-08-13T07:09:49+00:00","og_image":[{"width":1200,"height":630,"url":"https:\/\/kapitalis.com\/tunisie\/wp-content\/uploads\/2022\/05\/kapitalis-logo-fb.png","type":"image\/png"}],"author":"Cherif Benyounes","twitter_card":"summary_large_image","twitter_creator":"@KapitalisInfo","twitter_site":"@KapitalisInfo","twitter_misc":{"\u00c9crit par":"Cherif Benyounes","Dur\u00e9e de lecture estim\u00e9e":"2 minutes"},"schema":{"@context":"https:\/\/schema.org","@graph":[{"@type":"Article","@id":"https:\/\/kapitalis.com\/tunisie\/2020\/08\/12\/affaire-yassine-ayari-julien-balkany-rached-ghannouchi-recoit-le-depute-tunisien\/#article","isPartOf":{"@id":"https:\/\/kapitalis.com\/tunisie\/2020\/08\/12\/affaire-yassine-ayari-julien-balkany-rached-ghannouchi-recoit-le-depute-tunisien\/"},"author":{"name":"Cherif Benyounes","@id":"https:\/\/kapitalis.com\/tunisie\/#\/schema\/person\/b35b8d631961131107263178aeb8019e"},"headline":"Affaire Yassine Ayari &#8211; Julien Balkany : Rached Ghannouchi re\u00e7oit le d\u00e9put\u00e9 tunisien","datePublished":"2020-08-12T15:36:04+00:00","dateModified":"2020-08-13T07:09:49+00:00","mainEntityOfPage":{"@id":"https:\/\/kapitalis.com\/tunisie\/2020\/08\/12\/affaire-yassine-ayari-julien-balkany-rached-ghannouchi-recoit-le-depute-tunisien\/"},"wordCount":450,"commentCount":6,"publisher":{"@id":"https:\/\/kapitalis.com\/tunisie\/#organization"},"image":{"@id":"https:\/\/kapitalis.com\/tunisie\/2020\/08\/12\/affaire-yassine-ayari-julien-balkany-rached-ghannouchi-recoit-le-depute-tunisien\/#primaryimage"},"thumbnailUrl":"","keywords":["Julien Balkany","OMV","Panoro Energy ASA","Rached Ghannouchi","Thouraya Jribi","Yassine Ayari"],"articleSection":["POLITIQUE","Tunisie"],"inLanguage":"fr-FR","potentialAction":[{"@type":"CommentAction","name":"Comment","target":["https:\/\/kapitalis.com\/tunisie\/2020\/08\/12\/affaire-yassine-ayari-julien-balkany-rached-ghannouchi-recoit-le-depute-tunisien\/#respond"]}]},{"@type":"WebPage","@id":"https:\/\/kapitalis.com\/tunisie\/2020\/08\/12\/affaire-yassine-ayari-julien-balkany-rached-ghannouchi-recoit-le-depute-tunisien\/","url":"https:\/\/kapitalis.com\/tunisie\/2020\/08\/12\/affaire-yassine-ayari-julien-balkany-rached-ghannouchi-recoit-le-depute-tunisien\/","name":"Affaire Yassine Ayari - Julien Balkany : Rached Ghannouchi re\u00e7oit le d\u00e9put\u00e9 tunisien - Kapitalis","isPartOf":{"@id":"https:\/\/kapitalis.com\/tunisie\/#website"},"primaryImageOfPage":{"@id":"https:\/\/kapitalis.com\/tunisie\/2020\/08\/12\/affaire-yassine-ayari-julien-balkany-rached-ghannouchi-recoit-le-depute-tunisien\/#primaryimage"},"image":{"@id":"https:\/\/kapitalis.com\/tunisie\/2020\/08\/12\/affaire-yassine-ayari-julien-balkany-rached-ghannouchi-recoit-le-depute-tunisien\/#primaryimage"},"thumbnailUrl":"","datePublished":"2020-08-12T15:36:04+00:00","dateModified":"2020-08-13T07:09:49+00:00","breadcrumb":{"@id":"https:\/\/kapitalis.com\/tunisie\/2020\/08\/12\/affaire-yassine-ayari-julien-balkany-rached-ghannouchi-recoit-le-depute-tunisien\/#breadcrumb"},"inLanguage":"fr-FR","potentialAction":[{"@type":"ReadAction","target":["https:\/\/kapitalis.com\/tunisie\/2020\/08\/12\/affaire-yassine-ayari-julien-balkany-rached-ghannouchi-recoit-le-depute-tunisien\/"]}]},{"@type":"ImageObject","inLanguage":"fr-FR","@id":"https:\/\/kapitalis.com\/tunisie\/2020\/08\/12\/affaire-yassine-ayari-julien-balkany-rached-ghannouchi-recoit-le-depute-tunisien\/#primaryimage","url":"","contentUrl":""},{"@type":"BreadcrumbList","@id":"https:\/\/kapitalis.com\/tunisie\/2020\/08\/12\/affaire-yassine-ayari-julien-balkany-rached-ghannouchi-recoit-le-depute-tunisien\/#breadcrumb","itemListElement":[{"@type":"ListItem","position":1,"name":"Accueil","item":"https:\/\/kapitalis.com\/tunisie\/"},{"@type":"ListItem","position":2,"name":"Affaire Yassine Ayari &#8211; Julien Balkany : Rached Ghannouchi re\u00e7oit le d\u00e9put\u00e9 tunisien"}]},{"@type":"WebSite","@id":"https:\/\/kapitalis.com\/tunisie\/#website","url":"https:\/\/kapitalis.com\/tunisie\/","name":"Kapitalis","description":"L&#039;actualit\u00e9 en Tunisie et dans le monde","publisher":{"@id":"https:\/\/kapitalis.com\/tunisie\/#organization"},"potentialAction":[{"@type":"SearchAction","target":{"@type":"EntryPoint","urlTemplate":"https:\/\/kapitalis.com\/tunisie\/?s={search_term_string}"},"query-input":{"@type":"PropertyValueSpecification","valueRequired":true,"valueName":"search_term_string"}}],"inLanguage":"fr-FR"},{"@type":"Organization","@id":"https:\/\/kapitalis.com\/tunisie\/#organization","name":"Kapitalis","url":"https:\/\/kapitalis.com\/tunisie\/","logo":{"@type":"ImageObject","inLanguage":"fr-FR","@id":"https:\/\/kapitalis.com\/tunisie\/#\/schema\/logo\/image\/","url":"https:\/\/kapitalis.com\/tunisie\/wp-content\/uploads\/2022\/05\/Kapitalis-big-size.png","contentUrl":"https:\/\/kapitalis.com\/tunisie\/wp-content\/uploads\/2022\/05\/Kapitalis-big-size.png","width":5000,"height":1500,"caption":"Kapitalis"},"image":{"@id":"https:\/\/kapitalis.com\/tunisie\/#\/schema\/logo\/image\/"},"sameAs":["https:\/\/www.facebook.com\/KapitalisInfo\/","https:\/\/x.com\/KapitalisInfo","https:\/\/www.youtube.com\/channel\/UC-yDYrHyfFBWWZaOw3FPg9Q"]},{"@type":"Person","@id":"https:\/\/kapitalis.com\/tunisie\/#\/schema\/person\/b35b8d631961131107263178aeb8019e","name":"Cherif Benyounes","url":"https:\/\/kapitalis.com\/tunisie\/author\/cherif\/"}]}},"_links":{"self":[{"href":"https:\/\/kapitalis.com\/tunisie\/wp-json\/wp\/v2\/posts\/311654","targetHints":{"allow":["GET"]}}],"collection":[{"href":"https:\/\/kapitalis.com\/tunisie\/wp-json\/wp\/v2\/posts"}],"about":[{"href":"https:\/\/kapitalis.com\/tunisie\/wp-json\/wp\/v2\/types\/post"}],"author":[{"embeddable":true,"href":"https:\/\/kapitalis.com\/tunisie\/wp-json\/wp\/v2\/users\/24"}],"replies":[{"embeddable":true,"href":"https:\/\/kapitalis.com\/tunisie\/wp-json\/wp\/v2\/comments?post=311654"}],"version-history":[{"count":0,"href":"https:\/\/kapitalis.com\/tunisie\/wp-json\/wp\/v2\/posts\/311654\/revisions"}],"wp:featuredmedia":[{"embeddable":true,"href":"https:\/\/kapitalis.com\/tunisie\/wp-json\/wp\/v2\/media\/311666"}],"wp:attachment":[{"href":"https:\/\/kapitalis.com\/tunisie\/wp-json\/wp\/v2\/media?parent=311654"}],"wp:term":[{"taxonomy":"category","embeddable":true,"href":"https:\/\/kapitalis.com\/tunisie\/wp-json\/wp\/v2\/categories?post=311654"},{"taxonomy":"post_tag","embeddable":true,"href":"https:\/\/kapitalis.com\/tunisie\/wp-json\/wp\/v2\/tags?post=311654"}],"curies":[{"name":"wp","href":"https:\/\/api.w.org\/{rel}","templated":true}]}}