{"id":311839,"date":"2020-08-13T16:43:46","date_gmt":"2020-08-13T15:43:46","guid":{"rendered":"http:\/\/kapitalis.com\/tunisie\/?p=311839"},"modified":"2020-08-14T07:12:55","modified_gmt":"2020-08-14T06:12:55","slug":"fete-nationale-de-la-femme-le-president-saied-rend-visite-a-la-militante-radhia-nasraoui-video","status":"publish","type":"post","link":"https:\/\/kapitalis.com\/tunisie\/2020\/08\/13\/fete-nationale-de-la-femme-le-president-saied-rend-visite-a-la-militante-radhia-nasraoui-video\/","title":{"rendered":"F\u00eate nationale de la Femme : Le pr\u00e9sident Sa\u00efed rend visite \u00e0 la militante Radhia Nasraoui (Vid\u00e9o)"},"content":{"rendered":"\n<figure class=\"wp-block-image size-large\"><img decoding=\"async\" src=\"http:\/\/kapitalis.com\/tunisie\/wp-content\/uploads\/2020\/08\/Kais-Saied-Radhia-Nasraoui.jpg\" alt=\"\" class=\"wp-image-311848\"\/><\/figure>\n\n\n\n<p><strong><em>A l\u2019occasion de la Journ\u00e9e nationale de la Femme, le pr\u00e9sident de la r\u00e9publique Ka\u00efs Sa\u00efed a rendu visite, aujourd\u2019hui jeudi 13 ao\u00fbt 2020, \u00e0 la militante des Droits de l\u2019Homme, Radhia Nasraoui, qui est en convalescence, chez elle, apr\u00e8s plusieurs hospitalisations.<\/em><\/strong><\/p>\n\n\n\n<!--more-->\n\n\n\n<p>\u00ab<em>Je vous souhaite prompt r\u00e9tablissement, nous avons encore besoin de vous, de votre militantisme et de vos positions in\u00e9branlables\u00bb,<\/em> a lanc\u00e9 Ka\u00efs Sa\u00efed, en s&rsquo;adressant \u00e0 Radhia Nasraoui et en saluant ses efforts et ses engagements en tant que femme, avocate et militante, durant de longues ann\u00e9es, et qui ont beaucoup apport\u00e9 \u00e0 la Tunisie.<\/p>\n\n\n\n<figure class=\"wp-block-gallery columns-2 is-cropped wp-block-gallery-1 is-layout-flex wp-block-gallery-is-layout-flex\"><ul class=\"blocks-gallery-grid\"><li class=\"blocks-gallery-item\"><figure><img decoding=\"async\" src=\"http:\/\/kapitalis.com\/tunisie\/wp-content\/uploads\/2020\/08\/3-1024x683.jpg\" alt=\"\" data-id=\"311844\" data-full-url=\"http:\/\/kapitalis.com\/tunisie\/wp-content\/uploads\/2020\/08\/3.jpg\" data-link=\"http:\/\/kapitalis.com\/tunisie\/?attachment_id=311844\" class=\"wp-image-311844\"\/><\/figure><\/li><li class=\"blocks-gallery-item\"><figure><img decoding=\"async\" src=\"http:\/\/kapitalis.com\/tunisie\/wp-content\/uploads\/2020\/08\/2-1024x688.jpg\" alt=\"\" data-id=\"311845\" data-full-url=\"http:\/\/kapitalis.com\/tunisie\/wp-content\/uploads\/2020\/08\/2.jpg\" data-link=\"http:\/\/kapitalis.com\/tunisie\/?attachment_id=311845\" class=\"wp-image-311845\"\/><\/figure><\/li><li class=\"blocks-gallery-item\"><figure><img decoding=\"async\" src=\"http:\/\/kapitalis.com\/tunisie\/wp-content\/uploads\/2020\/08\/117643271_3448243768566989_8298222042475982015_o-1024x684.jpg\" alt=\"\" data-id=\"311846\" data-full-url=\"http:\/\/kapitalis.com\/tunisie\/wp-content\/uploads\/2020\/08\/117643271_3448243768566989_8298222042475982015_o.jpg\" data-link=\"http:\/\/kapitalis.com\/tunisie\/?attachment_id=311846\" class=\"wp-image-311846\"\/><\/figure><\/li><\/ul><\/figure>\n\n\n\n<p>Notons que Radhia Nasroui est souffrante depuis plus d&rsquo;un an et a m\u00eame \u00e9t\u00e9 hospitalis\u00e9e en France o\u00f9 elle s&rsquo;\u00e9tait rendue sous les conseils de sp\u00e9cialistes tunisiens, afin de d\u00e9terminer la source des maux de t\u00eate et des pertes de m\u00e9moire dont elle souffre et qui sont les cons\u00e9quences des violences polici\u00e8res dont elle a \u00e9t\u00e9 victime durant ses ann\u00e9es de combat.<\/p>\n\n\n\n<figure class=\"wp-block-embed-facebook wp-block-embed is-type-video is-provider-facebook\"><div class=\"wp-block-embed__wrapper\">\nhttps:\/\/www.facebook.com\/Presidence.tn\/videos\/315339693131846\/?q=%D8%B1%D8%A7%D8%B6%D9%8A%D8%A9%20%D8%A7%D9%84%D9%86%D8%B5%D8%B1%D8%A7%D9%88%D9%8A%20&#038;epa=SEARCH_BOX\n<\/div><\/figure>\n\n\n\n<p>Rappelons que le chef de l&rsquo;Etat s&rsquo;est rendu, ce matin, dans la r\u00e9gion d\u2019El-Moura\u00efdia dans la d\u00e9l\u00e9gation de Bousalem (Jendouba), o\u00f9 il a rencontr\u00e9 des ouvri\u00e8res agricole et \u00e9cout\u00e9 leurs pr\u00e9occupations et les difficult\u00e9s qu\u2019elles rencontrent au quotidien, tout en s&rsquo;engageant \u00e0 les am\u00e9liorer.<\/p>\n\n\n\n<p>\u00ab<em>Le pr\u00e9sident a \u00e9galement valoris\u00e9 le travail des femmes rurales : elles doivent \u00eatre honor\u00e9es, sp\u00e9cialement, en cette Journ\u00e9e. Ce sont les femmes libres de Jendouba et de la Tunisie. Elles sont \u00e0 la t\u00eate des militantes qui travaillent pour leur gagne-pain et pour la s\u00e9curit\u00e9 alimentaire du citoyen. Merci !<\/em>\u00bb, a-t-il lanc\u00e9.<\/p>\n\n\n\n<p class=\"has-text-align-right\"><strong>Y. N.<\/strong><\/p>\n\n\n\n<figure class=\"wp-block-embed-wordpress wp-block-embed is-type-wp-embed is-provider-kapitalis\"><div class=\"wp-block-embed__wrapper\">\n<blockquote class=\"wp-embedded-content\" data-secret=\"jLWZVOG5nj\"><a href=\"https:\/\/kapitalis.com\/tunisie\/2019\/12\/08\/la-militante-des-droits-de-lhomme-radhia-nasraoui-en-france-pour-se-faire-soigner-photos\/\">La militante des droits de l&rsquo;homme Radhia Nasraoui en France pour se faire soigner  (Photos)<\/a><\/blockquote><iframe loading=\"lazy\" class=\"wp-embedded-content\" sandbox=\"allow-scripts\" security=\"restricted\" style=\"position: absolute; clip: rect(1px, 1px, 1px, 1px);\" title=\"\u00ab\u00a0La militante des droits de l&rsquo;homme Radhia Nasraoui en France pour se faire soigner  (Photos)\u00a0\u00bb &#8212; Kapitalis\" src=\"https:\/\/kapitalis.com\/tunisie\/2019\/12\/08\/la-militante-des-droits-de-lhomme-radhia-nasraoui-en-france-pour-se-faire-soigner-photos\/embed\/#?secret=zhaDAV7oba#?secret=jLWZVOG5nj\" data-secret=\"jLWZVOG5nj\" width=\"600\" height=\"338\" frameborder=\"0\" marginwidth=\"0\" marginheight=\"0\" scrolling=\"no\"><\/iframe>\n<\/div><\/figure>\n\n\n\n<figure class=\"wp-block-embed-wordpress wp-block-embed is-type-wp-embed is-provider-kapitalis\"><div class=\"wp-block-embed__wrapper\">\n<blockquote class=\"wp-embedded-content\" data-secret=\"yZoB7TT3za\"><a href=\"https:\/\/kapitalis.com\/tunisie\/2019\/12\/05\/emu-hamma-hammami-evoque-pour-la-premiere-fois-dans-les-medias-la-maladie-de-radhia-nasraoui\/\">Emu, Hamma Hammami \u00e9voque, pour la premi\u00e8re fois dans les m\u00e9dias, la maladie de Radhia Nasraoui<\/a><\/blockquote><iframe loading=\"lazy\" class=\"wp-embedded-content\" sandbox=\"allow-scripts\" security=\"restricted\" style=\"position: absolute; clip: rect(1px, 1px, 1px, 1px);\" title=\"\u00ab\u00a0Emu, Hamma Hammami \u00e9voque, pour la premi\u00e8re fois dans les m\u00e9dias, la maladie de Radhia Nasraoui\u00a0\u00bb &#8212; Kapitalis\" src=\"https:\/\/kapitalis.com\/tunisie\/2019\/12\/05\/emu-hamma-hammami-evoque-pour-la-premiere-fois-dans-les-medias-la-maladie-de-radhia-nasraoui\/embed\/#?secret=iFMQhd7ElL#?secret=yZoB7TT3za\" data-secret=\"yZoB7TT3za\" width=\"600\" height=\"338\" frameborder=\"0\" marginwidth=\"0\" marginheight=\"0\" scrolling=\"no\"><\/iframe>\n<\/div><\/figure>\n","protected":false},"excerpt":{"rendered":"<p>A l\u2019occasion de la Journ\u00e9e nationale de la Femme, le pr\u00e9sident de la r\u00e9publique Ka\u00efs Sa\u00efed a rendu visite, aujourd\u2019hui jeudi 13 ao\u00fbt 2020, \u00e0 la militante des Droits de l\u2019Homme, Radhia Nasraoui, qui est en convalescence, chez elle, apr\u00e8s plusieurs hospitalisations.<\/p>\n","protected":false},"author":6,"featured_media":311844,"comment_status":"open","ping_status":"open","sticky":false,"template":"","format":"standard","meta":{"footnotes":""},"categories":[997,2433,4806],"tags":[9741,3138,81722,79627,11520,759],"class_list":["post-311839","post","type-post","status-publish","format-standard","has-post-thumbnail","hentry","category-politique","category-tunisie","category-videos","tag-avocate","tag-droits-de-lhomme","tag-journee-nationale-femme","tag-kais-saied","tag-militante","tag-radhia-nasraoui"],"yoast_head":"<!-- This site is optimized with the Yoast SEO plugin v26.6 - https:\/\/yoast.com\/wordpress\/plugins\/seo\/ -->\n<title>F\u00eate nationale de la Femme : Le pr\u00e9sident Sa\u00efed rend visite \u00e0 la militante Radhia Nasraoui (Vid\u00e9o) - Kapitalis<\/title>\n<meta name=\"robots\" content=\"index, follow, max-snippet:-1, max-image-preview:large, max-video-preview:-1\" \/>\n<link rel=\"canonical\" href=\"https:\/\/kapitalis.com\/tunisie\/2020\/08\/13\/fete-nationale-de-la-femme-le-president-saied-rend-visite-a-la-militante-radhia-nasraoui-video\/\" \/>\n<meta property=\"og:locale\" content=\"fr_FR\" \/>\n<meta property=\"og:type\" content=\"article\" \/>\n<meta property=\"og:title\" content=\"F\u00eate nationale de la Femme : Le pr\u00e9sident Sa\u00efed rend visite \u00e0 la militante Radhia Nasraoui (Vid\u00e9o) - Kapitalis\" \/>\n<meta property=\"og:description\" content=\"A l\u2019occasion de la Journ\u00e9e nationale de la Femme, le pr\u00e9sident de la r\u00e9publique Ka\u00efs Sa\u00efed a rendu visite, aujourd\u2019hui jeudi 13 ao\u00fbt 2020, \u00e0 la militante des Droits de l\u2019Homme, Radhia Nasraoui, qui est en convalescence, chez elle, apr\u00e8s plusieurs hospitalisations.\" \/>\n<meta property=\"og:url\" content=\"https:\/\/kapitalis.com\/tunisie\/2020\/08\/13\/fete-nationale-de-la-femme-le-president-saied-rend-visite-a-la-militante-radhia-nasraoui-video\/\" \/>\n<meta property=\"og:site_name\" content=\"Kapitalis\" \/>\n<meta property=\"article:publisher\" content=\"https:\/\/www.facebook.com\/KapitalisInfo\/\" \/>\n<meta property=\"article:published_time\" content=\"2020-08-13T15:43:46+00:00\" \/>\n<meta property=\"article:modified_time\" content=\"2020-08-14T06:12:55+00:00\" \/>\n<meta property=\"og:image\" content=\"https:\/\/kapitalis.com\/tunisie\/wp-content\/uploads\/2022\/05\/kapitalis-logo-fb.png\" \/>\n\t<meta property=\"og:image:width\" content=\"1200\" \/>\n\t<meta property=\"og:image:height\" content=\"630\" \/>\n\t<meta property=\"og:image:type\" content=\"image\/png\" \/>\n<meta name=\"author\" content=\"Yusra NY\" \/>\n<meta name=\"twitter:card\" content=\"summary_large_image\" \/>\n<meta name=\"twitter:creator\" content=\"@KapitalisInfo\" \/>\n<meta name=\"twitter:site\" content=\"@KapitalisInfo\" \/>\n<meta name=\"twitter:label1\" content=\"\u00c9crit par\" \/>\n\t<meta name=\"twitter:data1\" content=\"Yusra NY\" \/>\n\t<meta name=\"twitter:label2\" content=\"Dur\u00e9e de lecture estim\u00e9e\" \/>\n\t<meta name=\"twitter:data2\" content=\"2 minutes\" \/>\n<script type=\"application\/ld+json\" class=\"yoast-schema-graph\">{\"@context\":\"https:\/\/schema.org\",\"@graph\":[{\"@type\":\"Article\",\"@id\":\"https:\/\/kapitalis.com\/tunisie\/2020\/08\/13\/fete-nationale-de-la-femme-le-president-saied-rend-visite-a-la-militante-radhia-nasraoui-video\/#article\",\"isPartOf\":{\"@id\":\"https:\/\/kapitalis.com\/tunisie\/2020\/08\/13\/fete-nationale-de-la-femme-le-president-saied-rend-visite-a-la-militante-radhia-nasraoui-video\/\"},\"author\":{\"name\":\"Yusra NY\",\"@id\":\"https:\/\/kapitalis.com\/tunisie\/#\/schema\/person\/74bbde0154d49d790a92aaeac5bc01d5\"},\"headline\":\"F\u00eate nationale de la Femme : Le pr\u00e9sident Sa\u00efed rend visite \u00e0 la militante Radhia Nasraoui (Vid\u00e9o)\",\"datePublished\":\"2020-08-13T15:43:46+00:00\",\"dateModified\":\"2020-08-14T06:12:55+00:00\",\"mainEntityOfPage\":{\"@id\":\"https:\/\/kapitalis.com\/tunisie\/2020\/08\/13\/fete-nationale-de-la-femme-le-president-saied-rend-visite-a-la-militante-radhia-nasraoui-video\/\"},\"wordCount\":354,\"commentCount\":1,\"publisher\":{\"@id\":\"https:\/\/kapitalis.com\/tunisie\/#organization\"},\"image\":{\"@id\":\"https:\/\/kapitalis.com\/tunisie\/2020\/08\/13\/fete-nationale-de-la-femme-le-president-saied-rend-visite-a-la-militante-radhia-nasraoui-video\/#primaryimage\"},\"thumbnailUrl\":\"\",\"keywords\":[\"avocate\",\"droits de l\u2019Homme\",\"Journ\u00e9e nationale Femme\",\"\u064fKa\u00efs Sa\u00efed\",\"militante\",\"Radhia Nasraoui\"],\"articleSection\":[\"POLITIQUE\",\"Tunisie\",\"VIDEOS\"],\"inLanguage\":\"fr-FR\",\"potentialAction\":[{\"@type\":\"CommentAction\",\"name\":\"Comment\",\"target\":[\"https:\/\/kapitalis.com\/tunisie\/2020\/08\/13\/fete-nationale-de-la-femme-le-president-saied-rend-visite-a-la-militante-radhia-nasraoui-video\/#respond\"]}]},{\"@type\":\"WebPage\",\"@id\":\"https:\/\/kapitalis.com\/tunisie\/2020\/08\/13\/fete-nationale-de-la-femme-le-president-saied-rend-visite-a-la-militante-radhia-nasraoui-video\/\",\"url\":\"https:\/\/kapitalis.com\/tunisie\/2020\/08\/13\/fete-nationale-de-la-femme-le-president-saied-rend-visite-a-la-militante-radhia-nasraoui-video\/\",\"name\":\"F\u00eate nationale de la Femme : Le pr\u00e9sident Sa\u00efed rend visite \u00e0 la militante Radhia Nasraoui (Vid\u00e9o) - Kapitalis\",\"isPartOf\":{\"@id\":\"https:\/\/kapitalis.com\/tunisie\/#website\"},\"primaryImageOfPage\":{\"@id\":\"https:\/\/kapitalis.com\/tunisie\/2020\/08\/13\/fete-nationale-de-la-femme-le-president-saied-rend-visite-a-la-militante-radhia-nasraoui-video\/#primaryimage\"},\"image\":{\"@id\":\"https:\/\/kapitalis.com\/tunisie\/2020\/08\/13\/fete-nationale-de-la-femme-le-president-saied-rend-visite-a-la-militante-radhia-nasraoui-video\/#primaryimage\"},\"thumbnailUrl\":\"\",\"datePublished\":\"2020-08-13T15:43:46+00:00\",\"dateModified\":\"2020-08-14T06:12:55+00:00\",\"breadcrumb\":{\"@id\":\"https:\/\/kapitalis.com\/tunisie\/2020\/08\/13\/fete-nationale-de-la-femme-le-president-saied-rend-visite-a-la-militante-radhia-nasraoui-video\/#breadcrumb\"},\"inLanguage\":\"fr-FR\",\"potentialAction\":[{\"@type\":\"ReadAction\",\"target\":[\"https:\/\/kapitalis.com\/tunisie\/2020\/08\/13\/fete-nationale-de-la-femme-le-president-saied-rend-visite-a-la-militante-radhia-nasraoui-video\/\"]}]},{\"@type\":\"ImageObject\",\"inLanguage\":\"fr-FR\",\"@id\":\"https:\/\/kapitalis.com\/tunisie\/2020\/08\/13\/fete-nationale-de-la-femme-le-president-saied-rend-visite-a-la-militante-radhia-nasraoui-video\/#primaryimage\",\"url\":\"\",\"contentUrl\":\"\"},{\"@type\":\"BreadcrumbList\",\"@id\":\"https:\/\/kapitalis.com\/tunisie\/2020\/08\/13\/fete-nationale-de-la-femme-le-president-saied-rend-visite-a-la-militante-radhia-nasraoui-video\/#breadcrumb\",\"itemListElement\":[{\"@type\":\"ListItem\",\"position\":1,\"name\":\"Accueil\",\"item\":\"https:\/\/kapitalis.com\/tunisie\/\"},{\"@type\":\"ListItem\",\"position\":2,\"name\":\"F\u00eate nationale de la Femme : Le pr\u00e9sident Sa\u00efed rend visite \u00e0 la militante Radhia Nasraoui (Vid\u00e9o)\"}]},{\"@type\":\"WebSite\",\"@id\":\"https:\/\/kapitalis.com\/tunisie\/#website\",\"url\":\"https:\/\/kapitalis.com\/tunisie\/\",\"name\":\"Kapitalis\",\"description\":\"L&#039;actualit\u00e9 en Tunisie et dans le monde\",\"publisher\":{\"@id\":\"https:\/\/kapitalis.com\/tunisie\/#organization\"},\"potentialAction\":[{\"@type\":\"SearchAction\",\"target\":{\"@type\":\"EntryPoint\",\"urlTemplate\":\"https:\/\/kapitalis.com\/tunisie\/?s={search_term_string}\"},\"query-input\":{\"@type\":\"PropertyValueSpecification\",\"valueRequired\":true,\"valueName\":\"search_term_string\"}}],\"inLanguage\":\"fr-FR\"},{\"@type\":\"Organization\",\"@id\":\"https:\/\/kapitalis.com\/tunisie\/#organization\",\"name\":\"Kapitalis\",\"url\":\"https:\/\/kapitalis.com\/tunisie\/\",\"logo\":{\"@type\":\"ImageObject\",\"inLanguage\":\"fr-FR\",\"@id\":\"https:\/\/kapitalis.com\/tunisie\/#\/schema\/logo\/image\/\",\"url\":\"https:\/\/kapitalis.com\/tunisie\/wp-content\/uploads\/2022\/05\/Kapitalis-big-size.png\",\"contentUrl\":\"https:\/\/kapitalis.com\/tunisie\/wp-content\/uploads\/2022\/05\/Kapitalis-big-size.png\",\"width\":5000,\"height\":1500,\"caption\":\"Kapitalis\"},\"image\":{\"@id\":\"https:\/\/kapitalis.com\/tunisie\/#\/schema\/logo\/image\/\"},\"sameAs\":[\"https:\/\/www.facebook.com\/KapitalisInfo\/\",\"https:\/\/x.com\/KapitalisInfo\",\"https:\/\/www.youtube.com\/channel\/UC-yDYrHyfFBWWZaOw3FPg9Q\"]},{\"@type\":\"Person\",\"@id\":\"https:\/\/kapitalis.com\/tunisie\/#\/schema\/person\/74bbde0154d49d790a92aaeac5bc01d5\",\"name\":\"Yusra NY\",\"url\":\"https:\/\/kapitalis.com\/tunisie\/author\/yuza_adam\/\"}]}<\/script>\n<!-- \/ Yoast SEO plugin. -->","yoast_head_json":{"title":"F\u00eate nationale de la Femme : Le pr\u00e9sident Sa\u00efed rend visite \u00e0 la militante Radhia Nasraoui (Vid\u00e9o) - Kapitalis","robots":{"index":"index","follow":"follow","max-snippet":"max-snippet:-1","max-image-preview":"max-image-preview:large","max-video-preview":"max-video-preview:-1"},"canonical":"https:\/\/kapitalis.com\/tunisie\/2020\/08\/13\/fete-nationale-de-la-femme-le-president-saied-rend-visite-a-la-militante-radhia-nasraoui-video\/","og_locale":"fr_FR","og_type":"article","og_title":"F\u00eate nationale de la Femme : Le pr\u00e9sident Sa\u00efed rend visite \u00e0 la militante Radhia Nasraoui (Vid\u00e9o) - Kapitalis","og_description":"A l\u2019occasion de la Journ\u00e9e nationale de la Femme, le pr\u00e9sident de la r\u00e9publique Ka\u00efs Sa\u00efed a rendu visite, aujourd\u2019hui jeudi 13 ao\u00fbt 2020, \u00e0 la militante des Droits de l\u2019Homme, Radhia Nasraoui, qui est en convalescence, chez elle, apr\u00e8s plusieurs hospitalisations.","og_url":"https:\/\/kapitalis.com\/tunisie\/2020\/08\/13\/fete-nationale-de-la-femme-le-president-saied-rend-visite-a-la-militante-radhia-nasraoui-video\/","og_site_name":"Kapitalis","article_publisher":"https:\/\/www.facebook.com\/KapitalisInfo\/","article_published_time":"2020-08-13T15:43:46+00:00","article_modified_time":"2020-08-14T06:12:55+00:00","og_image":[{"width":1200,"height":630,"url":"https:\/\/kapitalis.com\/tunisie\/wp-content\/uploads\/2022\/05\/kapitalis-logo-fb.png","type":"image\/png"}],"author":"Yusra NY","twitter_card":"summary_large_image","twitter_creator":"@KapitalisInfo","twitter_site":"@KapitalisInfo","twitter_misc":{"\u00c9crit par":"Yusra NY","Dur\u00e9e de lecture estim\u00e9e":"2 minutes"},"schema":{"@context":"https:\/\/schema.org","@graph":[{"@type":"Article","@id":"https:\/\/kapitalis.com\/tunisie\/2020\/08\/13\/fete-nationale-de-la-femme-le-president-saied-rend-visite-a-la-militante-radhia-nasraoui-video\/#article","isPartOf":{"@id":"https:\/\/kapitalis.com\/tunisie\/2020\/08\/13\/fete-nationale-de-la-femme-le-president-saied-rend-visite-a-la-militante-radhia-nasraoui-video\/"},"author":{"name":"Yusra NY","@id":"https:\/\/kapitalis.com\/tunisie\/#\/schema\/person\/74bbde0154d49d790a92aaeac5bc01d5"},"headline":"F\u00eate nationale de la Femme : Le pr\u00e9sident Sa\u00efed rend visite \u00e0 la militante Radhia Nasraoui (Vid\u00e9o)","datePublished":"2020-08-13T15:43:46+00:00","dateModified":"2020-08-14T06:12:55+00:00","mainEntityOfPage":{"@id":"https:\/\/kapitalis.com\/tunisie\/2020\/08\/13\/fete-nationale-de-la-femme-le-president-saied-rend-visite-a-la-militante-radhia-nasraoui-video\/"},"wordCount":354,"commentCount":1,"publisher":{"@id":"https:\/\/kapitalis.com\/tunisie\/#organization"},"image":{"@id":"https:\/\/kapitalis.com\/tunisie\/2020\/08\/13\/fete-nationale-de-la-femme-le-president-saied-rend-visite-a-la-militante-radhia-nasraoui-video\/#primaryimage"},"thumbnailUrl":"","keywords":["avocate","droits de l\u2019Homme","Journ\u00e9e nationale Femme","\u064fKa\u00efs Sa\u00efed","militante","Radhia Nasraoui"],"articleSection":["POLITIQUE","Tunisie","VIDEOS"],"inLanguage":"fr-FR","potentialAction":[{"@type":"CommentAction","name":"Comment","target":["https:\/\/kapitalis.com\/tunisie\/2020\/08\/13\/fete-nationale-de-la-femme-le-president-saied-rend-visite-a-la-militante-radhia-nasraoui-video\/#respond"]}]},{"@type":"WebPage","@id":"https:\/\/kapitalis.com\/tunisie\/2020\/08\/13\/fete-nationale-de-la-femme-le-president-saied-rend-visite-a-la-militante-radhia-nasraoui-video\/","url":"https:\/\/kapitalis.com\/tunisie\/2020\/08\/13\/fete-nationale-de-la-femme-le-president-saied-rend-visite-a-la-militante-radhia-nasraoui-video\/","name":"F\u00eate nationale de la Femme : Le pr\u00e9sident Sa\u00efed rend visite \u00e0 la militante Radhia Nasraoui (Vid\u00e9o) - Kapitalis","isPartOf":{"@id":"https:\/\/kapitalis.com\/tunisie\/#website"},"primaryImageOfPage":{"@id":"https:\/\/kapitalis.com\/tunisie\/2020\/08\/13\/fete-nationale-de-la-femme-le-president-saied-rend-visite-a-la-militante-radhia-nasraoui-video\/#primaryimage"},"image":{"@id":"https:\/\/kapitalis.com\/tunisie\/2020\/08\/13\/fete-nationale-de-la-femme-le-president-saied-rend-visite-a-la-militante-radhia-nasraoui-video\/#primaryimage"},"thumbnailUrl":"","datePublished":"2020-08-13T15:43:46+00:00","dateModified":"2020-08-14T06:12:55+00:00","breadcrumb":{"@id":"https:\/\/kapitalis.com\/tunisie\/2020\/08\/13\/fete-nationale-de-la-femme-le-president-saied-rend-visite-a-la-militante-radhia-nasraoui-video\/#breadcrumb"},"inLanguage":"fr-FR","potentialAction":[{"@type":"ReadAction","target":["https:\/\/kapitalis.com\/tunisie\/2020\/08\/13\/fete-nationale-de-la-femme-le-president-saied-rend-visite-a-la-militante-radhia-nasraoui-video\/"]}]},{"@type":"ImageObject","inLanguage":"fr-FR","@id":"https:\/\/kapitalis.com\/tunisie\/2020\/08\/13\/fete-nationale-de-la-femme-le-president-saied-rend-visite-a-la-militante-radhia-nasraoui-video\/#primaryimage","url":"","contentUrl":""},{"@type":"BreadcrumbList","@id":"https:\/\/kapitalis.com\/tunisie\/2020\/08\/13\/fete-nationale-de-la-femme-le-president-saied-rend-visite-a-la-militante-radhia-nasraoui-video\/#breadcrumb","itemListElement":[{"@type":"ListItem","position":1,"name":"Accueil","item":"https:\/\/kapitalis.com\/tunisie\/"},{"@type":"ListItem","position":2,"name":"F\u00eate nationale de la Femme : Le pr\u00e9sident Sa\u00efed rend visite \u00e0 la militante Radhia Nasraoui (Vid\u00e9o)"}]},{"@type":"WebSite","@id":"https:\/\/kapitalis.com\/tunisie\/#website","url":"https:\/\/kapitalis.com\/tunisie\/","name":"Kapitalis","description":"L&#039;actualit\u00e9 en Tunisie et dans le monde","publisher":{"@id":"https:\/\/kapitalis.com\/tunisie\/#organization"},"potentialAction":[{"@type":"SearchAction","target":{"@type":"EntryPoint","urlTemplate":"https:\/\/kapitalis.com\/tunisie\/?s={search_term_string}"},"query-input":{"@type":"PropertyValueSpecification","valueRequired":true,"valueName":"search_term_string"}}],"inLanguage":"fr-FR"},{"@type":"Organization","@id":"https:\/\/kapitalis.com\/tunisie\/#organization","name":"Kapitalis","url":"https:\/\/kapitalis.com\/tunisie\/","logo":{"@type":"ImageObject","inLanguage":"fr-FR","@id":"https:\/\/kapitalis.com\/tunisie\/#\/schema\/logo\/image\/","url":"https:\/\/kapitalis.com\/tunisie\/wp-content\/uploads\/2022\/05\/Kapitalis-big-size.png","contentUrl":"https:\/\/kapitalis.com\/tunisie\/wp-content\/uploads\/2022\/05\/Kapitalis-big-size.png","width":5000,"height":1500,"caption":"Kapitalis"},"image":{"@id":"https:\/\/kapitalis.com\/tunisie\/#\/schema\/logo\/image\/"},"sameAs":["https:\/\/www.facebook.com\/KapitalisInfo\/","https:\/\/x.com\/KapitalisInfo","https:\/\/www.youtube.com\/channel\/UC-yDYrHyfFBWWZaOw3FPg9Q"]},{"@type":"Person","@id":"https:\/\/kapitalis.com\/tunisie\/#\/schema\/person\/74bbde0154d49d790a92aaeac5bc01d5","name":"Yusra NY","url":"https:\/\/kapitalis.com\/tunisie\/author\/yuza_adam\/"}]}},"_links":{"self":[{"href":"https:\/\/kapitalis.com\/tunisie\/wp-json\/wp\/v2\/posts\/311839","targetHints":{"allow":["GET"]}}],"collection":[{"href":"https:\/\/kapitalis.com\/tunisie\/wp-json\/wp\/v2\/posts"}],"about":[{"href":"https:\/\/kapitalis.com\/tunisie\/wp-json\/wp\/v2\/types\/post"}],"author":[{"embeddable":true,"href":"https:\/\/kapitalis.com\/tunisie\/wp-json\/wp\/v2\/users\/6"}],"replies":[{"embeddable":true,"href":"https:\/\/kapitalis.com\/tunisie\/wp-json\/wp\/v2\/comments?post=311839"}],"version-history":[{"count":0,"href":"https:\/\/kapitalis.com\/tunisie\/wp-json\/wp\/v2\/posts\/311839\/revisions"}],"wp:featuredmedia":[{"embeddable":true,"href":"https:\/\/kapitalis.com\/tunisie\/wp-json\/wp\/v2\/media\/311844"}],"wp:attachment":[{"href":"https:\/\/kapitalis.com\/tunisie\/wp-json\/wp\/v2\/media?parent=311839"}],"wp:term":[{"taxonomy":"category","embeddable":true,"href":"https:\/\/kapitalis.com\/tunisie\/wp-json\/wp\/v2\/categories?post=311839"},{"taxonomy":"post_tag","embeddable":true,"href":"https:\/\/kapitalis.com\/tunisie\/wp-json\/wp\/v2\/tags?post=311839"}],"curies":[{"name":"wp","href":"https:\/\/api.w.org\/{rel}","templated":true}]}}