{"id":311870,"date":"2020-08-13T17:24:32","date_gmt":"2020-08-13T16:24:32","guid":{"rendered":"http:\/\/kapitalis.com\/tunisie\/?p=311870"},"modified":"2020-08-13T18:38:02","modified_gmt":"2020-08-13T17:38:02","slug":"trump-annonce-un-accord-de-paix-historique-entre-israel-et-les-emirats","status":"publish","type":"post","link":"https:\/\/kapitalis.com\/tunisie\/2020\/08\/13\/trump-annonce-un-accord-de-paix-historique-entre-israel-et-les-emirats\/","title":{"rendered":"Trump annonce un \u00abaccord de paix historique\u00bb entre Isra\u00ebl et les \u00c9mirats"},"content":{"rendered":"\n<figure class=\"wp-block-image size-large\"><img decoding=\"async\" src=\"http:\/\/kapitalis.com\/tunisie\/wp-content\/uploads\/2020\/08\/Emirats-Israel.jpg\" alt=\"\" class=\"wp-image-311872\"\/><\/figure>\n\n\n\n<p><strong><em>Isra\u00ebl et les Emirats arabes unis (EAU) ont annonc\u00e9 ce jeudi 13 ao\u00fbt 2020 un accord de paix pr\u00e9sent\u00e9 comme historique, n\u00e9goci\u00e9 sous la houlette des Etats-Unis et qui doit aboutir \u00e0 une normalisation compl\u00e8te des relations diplomatiques entre les deux pays du Moyen-Orient.<\/em><\/strong><\/p>\n\n\n\n<!--more-->\n\n\n\n<p>L\u2019accord pr\u00e9voit qu\u2019Isra\u00ebl suspende l\u2019application de sa souverainet\u00e9 sur plusieurs zones de Cisjordanie dont il \u00e9voquait l\u2019annexion, ont pr\u00e9cis\u00e9 \u00e0 Reuters plusieurs responsables de la Maison blanche, une concession isra\u00e9lienne (provisoire ?) pour permettre aux Emiratis de faire dorer la pilule \u00e0 leurs peuples.<\/p>\n\n\n\n<div class=\"wp-block-image\"><figure class=\"aligncenter size-large is-resized\"><img decoding=\"async\" src=\"http:\/\/kapitalis.com\/tunisie\/wp-content\/uploads\/2020\/08\/Tweet-Trump.jpg\" alt=\"\" class=\"wp-image-311873\" width=\"500\"\/><\/figure><\/div>\n\n\n\n<p>Donald Trump est sur un nuage. Il esp\u00e8re avec ce coup politique redorer son blason sur les plans international et, surtout, national, en se repla\u00e7ant dans la course \u00e0 la Maison blanche o\u00f9, selon les sondages, il accuse un retard de 10 points. <\/p>\n\n\n\n<div class=\"wp-block-image\"><figure class=\"aligncenter size-large is-resized\"><img decoding=\"async\" src=\"http:\/\/kapitalis.com\/tunisie\/wp-content\/uploads\/2020\/08\/Tweet-de-MohamedBinZayed.jpg\" alt=\"\" class=\"wp-image-311874\" width=\"500\"\/><\/figure><\/div>\n\n\n\n<p>Sur un autre plan, dans le duel entre Abu Dhabi et Doha, les \u00c9mirats entendent en se rapprochant de Tel Aviv \u00eatre les plus proches des \u00c9tats-Unis et ainsi damer le pion de l\u2019\u00e9mirat gazier du Qatar \u00e0 l\u2019heure o\u00f9 l\u2019axe Ankara-Doha est dans un affrontement permanent contre l\u2019axe Abu Dhabi-Riyad-Le Caire et ce sur plusieurs th\u00e9\u00e2tres d\u2019op\u00e9ration et dans des pays o\u00f9 la guerre se fait par procuration entre ces deux Axes.<\/p>\n\n\n\n<p>Il convient aussi de rappeler cet accord de paix vient juste apr\u00e8s une date importante pour les Emirats, le 1er ao\u00fbt dernier, Abu Dhabi \u00e0 mis en\u00a0 route le premier r\u00e9acteur nucl\u00e9aire (il y aura 4 en tout), construit par les Sud Cor\u00e9ens avec la b\u00e9n\u00e9diction de l&rsquo;AIEA, des Etats-Unis et&#8230; d&rsquo;Isra\u00ebl.<\/p>\n\n\n\n<p class=\"has-text-align-right\"><strong>I. B.<\/strong><\/p>\n","protected":false},"excerpt":{"rendered":"<p>Isra\u00ebl et les Emirats arabes unis (EAU) ont annonc\u00e9 ce jeudi 13 ao\u00fbt 2020 un accord de paix pr\u00e9sent\u00e9 comme historique, n\u00e9goci\u00e9 sous la houlette des Etats-Unis et qui doit aboutir \u00e0 une normalisation compl\u00e8te des relations diplomatiques entre les deux pays du Moyen-Orient.<\/p>\n","protected":false},"author":8,"featured_media":311872,"comment_status":"open","ping_status":"open","sticky":false,"template":"","format":"standard","meta":{"footnotes":""},"categories":[997],"tags":[76710,81726,4027,1518,9054,6442,2478,756],"class_list":["post-311870","post","type-post","status-publish","format-standard","has-post-thumbnail","hentry","category-politique","tag-abu-dhabi","tag-accord-de-paix","tag-cisjordanie","tag-doha","tag-donald-trump","tag-emirats-arabes-unis","tag-israel","tag-qatar"],"yoast_head":"<!-- This site is optimized with the Yoast SEO plugin v26.6 - https:\/\/yoast.com\/wordpress\/plugins\/seo\/ -->\n<title>Trump annonce un \u00abaccord de paix historique\u00bb entre Isra\u00ebl et les \u00c9mirats - Kapitalis<\/title>\n<meta name=\"robots\" content=\"index, follow, max-snippet:-1, max-image-preview:large, max-video-preview:-1\" \/>\n<link rel=\"canonical\" href=\"https:\/\/kapitalis.com\/tunisie\/2020\/08\/13\/trump-annonce-un-accord-de-paix-historique-entre-israel-et-les-emirats\/\" \/>\n<meta property=\"og:locale\" content=\"fr_FR\" \/>\n<meta property=\"og:type\" content=\"article\" \/>\n<meta property=\"og:title\" content=\"Trump annonce un \u00abaccord de paix historique\u00bb entre Isra\u00ebl et les \u00c9mirats - Kapitalis\" \/>\n<meta property=\"og:description\" content=\"Isra\u00ebl et les Emirats arabes unis (EAU) ont annonc\u00e9 ce jeudi 13 ao\u00fbt 2020 un accord de paix pr\u00e9sent\u00e9 comme historique, n\u00e9goci\u00e9 sous la houlette des Etats-Unis et qui doit aboutir \u00e0 une normalisation compl\u00e8te des relations diplomatiques entre les deux pays du Moyen-Orient.\" \/>\n<meta property=\"og:url\" content=\"https:\/\/kapitalis.com\/tunisie\/2020\/08\/13\/trump-annonce-un-accord-de-paix-historique-entre-israel-et-les-emirats\/\" \/>\n<meta property=\"og:site_name\" content=\"Kapitalis\" \/>\n<meta property=\"article:publisher\" content=\"https:\/\/www.facebook.com\/KapitalisInfo\/\" \/>\n<meta property=\"article:published_time\" content=\"2020-08-13T16:24:32+00:00\" \/>\n<meta property=\"article:modified_time\" content=\"2020-08-13T17:38:02+00:00\" \/>\n<meta property=\"og:image\" content=\"https:\/\/kapitalis.com\/tunisie\/wp-content\/uploads\/2022\/05\/kapitalis-logo-fb.png\" \/>\n\t<meta property=\"og:image:width\" content=\"1200\" \/>\n\t<meta property=\"og:image:height\" content=\"630\" \/>\n\t<meta property=\"og:image:type\" content=\"image\/png\" \/>\n<meta name=\"author\" content=\"webmaster kapitalis\" \/>\n<meta name=\"twitter:card\" content=\"summary_large_image\" \/>\n<meta name=\"twitter:creator\" content=\"@KapitalisInfo\" \/>\n<meta name=\"twitter:site\" content=\"@KapitalisInfo\" \/>\n<meta name=\"twitter:label1\" content=\"\u00c9crit par\" \/>\n\t<meta name=\"twitter:data1\" content=\"webmaster kapitalis\" \/>\n\t<meta name=\"twitter:label2\" content=\"Dur\u00e9e de lecture estim\u00e9e\" \/>\n\t<meta name=\"twitter:data2\" content=\"1 minute\" \/>\n<script type=\"application\/ld+json\" class=\"yoast-schema-graph\">{\"@context\":\"https:\/\/schema.org\",\"@graph\":[{\"@type\":\"Article\",\"@id\":\"https:\/\/kapitalis.com\/tunisie\/2020\/08\/13\/trump-annonce-un-accord-de-paix-historique-entre-israel-et-les-emirats\/#article\",\"isPartOf\":{\"@id\":\"https:\/\/kapitalis.com\/tunisie\/2020\/08\/13\/trump-annonce-un-accord-de-paix-historique-entre-israel-et-les-emirats\/\"},\"author\":{\"name\":\"webmaster kapitalis\",\"@id\":\"https:\/\/kapitalis.com\/tunisie\/#\/schema\/person\/d71f33a9ca44f7bad4698210b480c8e9\"},\"headline\":\"Trump annonce un \u00abaccord de paix historique\u00bb entre Isra\u00ebl et les \u00c9mirats\",\"datePublished\":\"2020-08-13T16:24:32+00:00\",\"dateModified\":\"2020-08-13T17:38:02+00:00\",\"mainEntityOfPage\":{\"@id\":\"https:\/\/kapitalis.com\/tunisie\/2020\/08\/13\/trump-annonce-un-accord-de-paix-historique-entre-israel-et-les-emirats\/\"},\"wordCount\":290,\"commentCount\":12,\"publisher\":{\"@id\":\"https:\/\/kapitalis.com\/tunisie\/#organization\"},\"image\":{\"@id\":\"https:\/\/kapitalis.com\/tunisie\/2020\/08\/13\/trump-annonce-un-accord-de-paix-historique-entre-israel-et-les-emirats\/#primaryimage\"},\"thumbnailUrl\":\"\",\"keywords\":[\"Abu Dhabi\",\"accord de paix\",\"Cisjordanie\",\"Doha\",\"Donald Trump\",\"Emirats arabes unis\",\"Isra\u00ebl\",\"Qatar\"],\"articleSection\":[\"POLITIQUE\"],\"inLanguage\":\"fr-FR\",\"potentialAction\":[{\"@type\":\"CommentAction\",\"name\":\"Comment\",\"target\":[\"https:\/\/kapitalis.com\/tunisie\/2020\/08\/13\/trump-annonce-un-accord-de-paix-historique-entre-israel-et-les-emirats\/#respond\"]}]},{\"@type\":\"WebPage\",\"@id\":\"https:\/\/kapitalis.com\/tunisie\/2020\/08\/13\/trump-annonce-un-accord-de-paix-historique-entre-israel-et-les-emirats\/\",\"url\":\"https:\/\/kapitalis.com\/tunisie\/2020\/08\/13\/trump-annonce-un-accord-de-paix-historique-entre-israel-et-les-emirats\/\",\"name\":\"Trump annonce un \u00abaccord de paix historique\u00bb entre Isra\u00ebl et les \u00c9mirats - Kapitalis\",\"isPartOf\":{\"@id\":\"https:\/\/kapitalis.com\/tunisie\/#website\"},\"primaryImageOfPage\":{\"@id\":\"https:\/\/kapitalis.com\/tunisie\/2020\/08\/13\/trump-annonce-un-accord-de-paix-historique-entre-israel-et-les-emirats\/#primaryimage\"},\"image\":{\"@id\":\"https:\/\/kapitalis.com\/tunisie\/2020\/08\/13\/trump-annonce-un-accord-de-paix-historique-entre-israel-et-les-emirats\/#primaryimage\"},\"thumbnailUrl\":\"\",\"datePublished\":\"2020-08-13T16:24:32+00:00\",\"dateModified\":\"2020-08-13T17:38:02+00:00\",\"breadcrumb\":{\"@id\":\"https:\/\/kapitalis.com\/tunisie\/2020\/08\/13\/trump-annonce-un-accord-de-paix-historique-entre-israel-et-les-emirats\/#breadcrumb\"},\"inLanguage\":\"fr-FR\",\"potentialAction\":[{\"@type\":\"ReadAction\",\"target\":[\"https:\/\/kapitalis.com\/tunisie\/2020\/08\/13\/trump-annonce-un-accord-de-paix-historique-entre-israel-et-les-emirats\/\"]}]},{\"@type\":\"ImageObject\",\"inLanguage\":\"fr-FR\",\"@id\":\"https:\/\/kapitalis.com\/tunisie\/2020\/08\/13\/trump-annonce-un-accord-de-paix-historique-entre-israel-et-les-emirats\/#primaryimage\",\"url\":\"\",\"contentUrl\":\"\"},{\"@type\":\"BreadcrumbList\",\"@id\":\"https:\/\/kapitalis.com\/tunisie\/2020\/08\/13\/trump-annonce-un-accord-de-paix-historique-entre-israel-et-les-emirats\/#breadcrumb\",\"itemListElement\":[{\"@type\":\"ListItem\",\"position\":1,\"name\":\"Accueil\",\"item\":\"https:\/\/kapitalis.com\/tunisie\/\"},{\"@type\":\"ListItem\",\"position\":2,\"name\":\"Trump annonce un \u00abaccord de paix historique\u00bb entre Isra\u00ebl et les \u00c9mirats\"}]},{\"@type\":\"WebSite\",\"@id\":\"https:\/\/kapitalis.com\/tunisie\/#website\",\"url\":\"https:\/\/kapitalis.com\/tunisie\/\",\"name\":\"Kapitalis\",\"description\":\"L&#039;actualit\u00e9 en Tunisie et dans le monde\",\"publisher\":{\"@id\":\"https:\/\/kapitalis.com\/tunisie\/#organization\"},\"potentialAction\":[{\"@type\":\"SearchAction\",\"target\":{\"@type\":\"EntryPoint\",\"urlTemplate\":\"https:\/\/kapitalis.com\/tunisie\/?s={search_term_string}\"},\"query-input\":{\"@type\":\"PropertyValueSpecification\",\"valueRequired\":true,\"valueName\":\"search_term_string\"}}],\"inLanguage\":\"fr-FR\"},{\"@type\":\"Organization\",\"@id\":\"https:\/\/kapitalis.com\/tunisie\/#organization\",\"name\":\"Kapitalis\",\"url\":\"https:\/\/kapitalis.com\/tunisie\/\",\"logo\":{\"@type\":\"ImageObject\",\"inLanguage\":\"fr-FR\",\"@id\":\"https:\/\/kapitalis.com\/tunisie\/#\/schema\/logo\/image\/\",\"url\":\"https:\/\/kapitalis.com\/tunisie\/wp-content\/uploads\/2022\/05\/Kapitalis-big-size.png\",\"contentUrl\":\"https:\/\/kapitalis.com\/tunisie\/wp-content\/uploads\/2022\/05\/Kapitalis-big-size.png\",\"width\":5000,\"height\":1500,\"caption\":\"Kapitalis\"},\"image\":{\"@id\":\"https:\/\/kapitalis.com\/tunisie\/#\/schema\/logo\/image\/\"},\"sameAs\":[\"https:\/\/www.facebook.com\/KapitalisInfo\/\",\"https:\/\/x.com\/KapitalisInfo\",\"https:\/\/www.youtube.com\/channel\/UC-yDYrHyfFBWWZaOw3FPg9Q\"]},{\"@type\":\"Person\",\"@id\":\"https:\/\/kapitalis.com\/tunisie\/#\/schema\/person\/d71f33a9ca44f7bad4698210b480c8e9\",\"name\":\"webmaster kapitalis\",\"url\":\"https:\/\/kapitalis.com\/tunisie\/author\/webmaster-kapitalis\/\"}]}<\/script>\n<!-- \/ Yoast SEO plugin. -->","yoast_head_json":{"title":"Trump annonce un \u00abaccord de paix historique\u00bb entre Isra\u00ebl et les \u00c9mirats - Kapitalis","robots":{"index":"index","follow":"follow","max-snippet":"max-snippet:-1","max-image-preview":"max-image-preview:large","max-video-preview":"max-video-preview:-1"},"canonical":"https:\/\/kapitalis.com\/tunisie\/2020\/08\/13\/trump-annonce-un-accord-de-paix-historique-entre-israel-et-les-emirats\/","og_locale":"fr_FR","og_type":"article","og_title":"Trump annonce un \u00abaccord de paix historique\u00bb entre Isra\u00ebl et les \u00c9mirats - Kapitalis","og_description":"Isra\u00ebl et les Emirats arabes unis (EAU) ont annonc\u00e9 ce jeudi 13 ao\u00fbt 2020 un accord de paix pr\u00e9sent\u00e9 comme historique, n\u00e9goci\u00e9 sous la houlette des Etats-Unis et qui doit aboutir \u00e0 une normalisation compl\u00e8te des relations diplomatiques entre les deux pays du Moyen-Orient.","og_url":"https:\/\/kapitalis.com\/tunisie\/2020\/08\/13\/trump-annonce-un-accord-de-paix-historique-entre-israel-et-les-emirats\/","og_site_name":"Kapitalis","article_publisher":"https:\/\/www.facebook.com\/KapitalisInfo\/","article_published_time":"2020-08-13T16:24:32+00:00","article_modified_time":"2020-08-13T17:38:02+00:00","og_image":[{"width":1200,"height":630,"url":"https:\/\/kapitalis.com\/tunisie\/wp-content\/uploads\/2022\/05\/kapitalis-logo-fb.png","type":"image\/png"}],"author":"webmaster kapitalis","twitter_card":"summary_large_image","twitter_creator":"@KapitalisInfo","twitter_site":"@KapitalisInfo","twitter_misc":{"\u00c9crit par":"webmaster kapitalis","Dur\u00e9e de lecture estim\u00e9e":"1 minute"},"schema":{"@context":"https:\/\/schema.org","@graph":[{"@type":"Article","@id":"https:\/\/kapitalis.com\/tunisie\/2020\/08\/13\/trump-annonce-un-accord-de-paix-historique-entre-israel-et-les-emirats\/#article","isPartOf":{"@id":"https:\/\/kapitalis.com\/tunisie\/2020\/08\/13\/trump-annonce-un-accord-de-paix-historique-entre-israel-et-les-emirats\/"},"author":{"name":"webmaster kapitalis","@id":"https:\/\/kapitalis.com\/tunisie\/#\/schema\/person\/d71f33a9ca44f7bad4698210b480c8e9"},"headline":"Trump annonce un \u00abaccord de paix historique\u00bb entre Isra\u00ebl et les \u00c9mirats","datePublished":"2020-08-13T16:24:32+00:00","dateModified":"2020-08-13T17:38:02+00:00","mainEntityOfPage":{"@id":"https:\/\/kapitalis.com\/tunisie\/2020\/08\/13\/trump-annonce-un-accord-de-paix-historique-entre-israel-et-les-emirats\/"},"wordCount":290,"commentCount":12,"publisher":{"@id":"https:\/\/kapitalis.com\/tunisie\/#organization"},"image":{"@id":"https:\/\/kapitalis.com\/tunisie\/2020\/08\/13\/trump-annonce-un-accord-de-paix-historique-entre-israel-et-les-emirats\/#primaryimage"},"thumbnailUrl":"","keywords":["Abu Dhabi","accord de paix","Cisjordanie","Doha","Donald Trump","Emirats arabes unis","Isra\u00ebl","Qatar"],"articleSection":["POLITIQUE"],"inLanguage":"fr-FR","potentialAction":[{"@type":"CommentAction","name":"Comment","target":["https:\/\/kapitalis.com\/tunisie\/2020\/08\/13\/trump-annonce-un-accord-de-paix-historique-entre-israel-et-les-emirats\/#respond"]}]},{"@type":"WebPage","@id":"https:\/\/kapitalis.com\/tunisie\/2020\/08\/13\/trump-annonce-un-accord-de-paix-historique-entre-israel-et-les-emirats\/","url":"https:\/\/kapitalis.com\/tunisie\/2020\/08\/13\/trump-annonce-un-accord-de-paix-historique-entre-israel-et-les-emirats\/","name":"Trump annonce un \u00abaccord de paix historique\u00bb entre Isra\u00ebl et les \u00c9mirats - Kapitalis","isPartOf":{"@id":"https:\/\/kapitalis.com\/tunisie\/#website"},"primaryImageOfPage":{"@id":"https:\/\/kapitalis.com\/tunisie\/2020\/08\/13\/trump-annonce-un-accord-de-paix-historique-entre-israel-et-les-emirats\/#primaryimage"},"image":{"@id":"https:\/\/kapitalis.com\/tunisie\/2020\/08\/13\/trump-annonce-un-accord-de-paix-historique-entre-israel-et-les-emirats\/#primaryimage"},"thumbnailUrl":"","datePublished":"2020-08-13T16:24:32+00:00","dateModified":"2020-08-13T17:38:02+00:00","breadcrumb":{"@id":"https:\/\/kapitalis.com\/tunisie\/2020\/08\/13\/trump-annonce-un-accord-de-paix-historique-entre-israel-et-les-emirats\/#breadcrumb"},"inLanguage":"fr-FR","potentialAction":[{"@type":"ReadAction","target":["https:\/\/kapitalis.com\/tunisie\/2020\/08\/13\/trump-annonce-un-accord-de-paix-historique-entre-israel-et-les-emirats\/"]}]},{"@type":"ImageObject","inLanguage":"fr-FR","@id":"https:\/\/kapitalis.com\/tunisie\/2020\/08\/13\/trump-annonce-un-accord-de-paix-historique-entre-israel-et-les-emirats\/#primaryimage","url":"","contentUrl":""},{"@type":"BreadcrumbList","@id":"https:\/\/kapitalis.com\/tunisie\/2020\/08\/13\/trump-annonce-un-accord-de-paix-historique-entre-israel-et-les-emirats\/#breadcrumb","itemListElement":[{"@type":"ListItem","position":1,"name":"Accueil","item":"https:\/\/kapitalis.com\/tunisie\/"},{"@type":"ListItem","position":2,"name":"Trump annonce un \u00abaccord de paix historique\u00bb entre Isra\u00ebl et les \u00c9mirats"}]},{"@type":"WebSite","@id":"https:\/\/kapitalis.com\/tunisie\/#website","url":"https:\/\/kapitalis.com\/tunisie\/","name":"Kapitalis","description":"L&#039;actualit\u00e9 en Tunisie et dans le monde","publisher":{"@id":"https:\/\/kapitalis.com\/tunisie\/#organization"},"potentialAction":[{"@type":"SearchAction","target":{"@type":"EntryPoint","urlTemplate":"https:\/\/kapitalis.com\/tunisie\/?s={search_term_string}"},"query-input":{"@type":"PropertyValueSpecification","valueRequired":true,"valueName":"search_term_string"}}],"inLanguage":"fr-FR"},{"@type":"Organization","@id":"https:\/\/kapitalis.com\/tunisie\/#organization","name":"Kapitalis","url":"https:\/\/kapitalis.com\/tunisie\/","logo":{"@type":"ImageObject","inLanguage":"fr-FR","@id":"https:\/\/kapitalis.com\/tunisie\/#\/schema\/logo\/image\/","url":"https:\/\/kapitalis.com\/tunisie\/wp-content\/uploads\/2022\/05\/Kapitalis-big-size.png","contentUrl":"https:\/\/kapitalis.com\/tunisie\/wp-content\/uploads\/2022\/05\/Kapitalis-big-size.png","width":5000,"height":1500,"caption":"Kapitalis"},"image":{"@id":"https:\/\/kapitalis.com\/tunisie\/#\/schema\/logo\/image\/"},"sameAs":["https:\/\/www.facebook.com\/KapitalisInfo\/","https:\/\/x.com\/KapitalisInfo","https:\/\/www.youtube.com\/channel\/UC-yDYrHyfFBWWZaOw3FPg9Q"]},{"@type":"Person","@id":"https:\/\/kapitalis.com\/tunisie\/#\/schema\/person\/d71f33a9ca44f7bad4698210b480c8e9","name":"webmaster kapitalis","url":"https:\/\/kapitalis.com\/tunisie\/author\/webmaster-kapitalis\/"}]}},"_links":{"self":[{"href":"https:\/\/kapitalis.com\/tunisie\/wp-json\/wp\/v2\/posts\/311870","targetHints":{"allow":["GET"]}}],"collection":[{"href":"https:\/\/kapitalis.com\/tunisie\/wp-json\/wp\/v2\/posts"}],"about":[{"href":"https:\/\/kapitalis.com\/tunisie\/wp-json\/wp\/v2\/types\/post"}],"author":[{"embeddable":true,"href":"https:\/\/kapitalis.com\/tunisie\/wp-json\/wp\/v2\/users\/8"}],"replies":[{"embeddable":true,"href":"https:\/\/kapitalis.com\/tunisie\/wp-json\/wp\/v2\/comments?post=311870"}],"version-history":[{"count":0,"href":"https:\/\/kapitalis.com\/tunisie\/wp-json\/wp\/v2\/posts\/311870\/revisions"}],"wp:featuredmedia":[{"embeddable":true,"href":"https:\/\/kapitalis.com\/tunisie\/wp-json\/wp\/v2\/media\/311872"}],"wp:attachment":[{"href":"https:\/\/kapitalis.com\/tunisie\/wp-json\/wp\/v2\/media?parent=311870"}],"wp:term":[{"taxonomy":"category","embeddable":true,"href":"https:\/\/kapitalis.com\/tunisie\/wp-json\/wp\/v2\/categories?post=311870"},{"taxonomy":"post_tag","embeddable":true,"href":"https:\/\/kapitalis.com\/tunisie\/wp-json\/wp\/v2\/tags?post=311870"}],"curies":[{"name":"wp","href":"https:\/\/api.w.org\/{rel}","templated":true}]}}