{"id":312109,"date":"2020-08-15T11:35:11","date_gmt":"2020-08-15T10:35:11","guid":{"rendered":"http:\/\/kapitalis.com\/tunisie\/?p=312109"},"modified":"2020-08-15T11:39:50","modified_gmt":"2020-08-15T10:39:50","slug":"a-propos-dun-touriste-francais-que-derange-lappel-a-la-priere-par-haut-parleur","status":"publish","type":"post","link":"https:\/\/kapitalis.com\/tunisie\/2020\/08\/15\/a-propos-dun-touriste-francais-que-derange-lappel-a-la-priere-par-haut-parleur\/","title":{"rendered":"A propos d\u2019un touriste fran\u00e7ais que d\u00e9range l\u2019appel \u00e0 la pri\u00e8re par haut-parleur"},"content":{"rendered":"\n<figure class=\"wp-block-image size-large\"><img decoding=\"async\" src=\"http:\/\/kapitalis.com\/tunisie\/wp-content\/uploads\/2016\/05\/Haut-parleur-mosquee.jpg\" alt=\"\" class=\"wp-image-51460\"\/><\/figure>\n\n\n\n<p><strong><em>On re\u00e7oit aujourd\u2019hui, samedi 15 ao\u00fbt 2020, \u00e0 la r\u00e9daction de Kapitalis, un appel t\u00e9l\u00e9phonique de la part d\u2019un homme se pr\u00e9sentant comme un touriste fran\u00e7ais s\u00e9journant dans la zone touristique de Hammamet et qui nous fait part de deux d\u00e9sagr\u00e9ments qui ont carr\u00e9ment bousill\u00e9 son s\u00e9jour en Tunisie.<\/em><\/strong><\/p>\n\n\n\n<p>Par <strong>Imed Bahri<\/strong><\/p>\n\n\n\n<!--more-->\n\n\n\n<p>De quoi s\u2019agit-il\u00a0? L\u2019h\u00f4tel est mal entretenu? Le service est lent et m\u00e9diocre\u00a0? L\u2019eau du robinet est imbuvable\u00a0? La bouffe est infecte et immangeable\u00a0? La plage est sale\u00a0? Non, non, rien de tout cela. \u00ab<em>Je ne supporte pas l\u2019appel \u00e0 la pri\u00e8re par haut-parleur qu\u2019on m\u2019inflige aux premi\u00e8res lueurs de l\u2019aube\u00bb<\/em>, dit notre interlocuteur au bout du fil avec une touchante ing\u00e9nuit\u00e9. Et ce n\u2019est pas tout. <em>\u00abJe ne supporte pas non plus la vue des femmes voil\u00e9es \u00e0 la plage. Trop, c\u2019est trop. On paye pour passer des vacances tranquilles et on doit supporter ce genre de d\u00e9sagr\u00e9ment\u00bb<\/em>, dit l\u2019homme.<\/p>\n\n\n\n<h3 class=\"wp-block-heading\">Appel \u00e0 la pri\u00e8re par haut-parleur et femmes voil\u00e9es \u00e0 la plage<\/h3>\n\n\n\n<p>Jouant au m\u00e9diateur p\u00e9dagogue, on a essay\u00e9 de lui expliquer que l\u2019appel \u00e0 la pri\u00e8re, c\u2019est comme les cloches des \u00e9glises, ils s\u2019adressent aux fid\u00e8les, mais les autres les acceptent comme faisant partie des conditions du vivre-ensemble. \u00abNon, monsieur, ce n\u2019est pas la m\u00eame chose\u00bb, r\u00e9pond le touriste fran\u00e7ais, visiblement \u00e9nerv\u00e9 par notre argument.<\/p>\n\n\n\n<p>Quant aux femmes voil\u00e9es, il en existe dans toutes les villes du monde, y compris en France, o\u00f9 on peut voir aussi des juifs portant la kippa, des nonnes la t\u00eate envelopp\u00e9e dans un foulard\u2026, avons-nous essay\u00e9 d\u2019expliquer, ajoutant que c\u2019est l\u00e0 une affaire de libert\u00e9 individuelle et qu\u2019on ne peut pas obliger les gens \u00e0 s\u2019accommoder de nos pr\u00e9f\u00e9rences ou de nos d\u00e9testations personnelles. <em>\u00abNon, monsieur, vous comparez l\u2019incomparable\u00bb<\/em>, nous r\u00e9pond l\u2019homme au bout du fil. Et d\u2019ajouter, s\u00fbr de la justesse de sa position\u00a0et de la force de ses arguments:<em> \u00abIci, nous sommes dans une zone touristique. Nous avons pay\u00e9 et nous avons le droit d\u2019exiger un minimum de respect et le moindre respect consiste \u00e0 ne pas nous r\u00e9veiller \u00e0 l\u2019aube avec les cris d\u2019un muezzin dans un haut-parleur. D\u2019ailleurs, rien ne m\u2019\u00f4tera de la t\u00eate l\u2019id\u00e9e que j\u2019ai perdu mon argent, que mes vacances sont bousill\u00e9es et que je tirerai une croix d\u00e9finitive sur la Tunisie, qui ne sera pas la destination de mes prochaines vacances\u00bb.<\/em><\/p>\n\n\n\n<h3 class=\"wp-block-heading\">Entre hypocrisie sociale et fausse d\u00e9votion<\/h3>\n\n\n\n<p>Cette discussion, au-del\u00e0 des arguments que l\u2019on puisse d\u00e9velopper, chacun selon ses partis-pris id\u00e9ologiques et ses convictions philosophiques, ne saurait cacher un vrai probl\u00e8me que nous perdrons beaucoup, nous autres Tunisiens, \u00e0 ne pas poser s\u00e9rieusement et \u00e0 essayer de lui trouver solution.<\/p>\n\n\n\n<p>L\u2019appel \u00e0 la pri\u00e8re par les haut-parleurs, dont se plaignent aussi beaucoup de Tunisiens, y compris parmi les croyants et les pratiquants, ne devrait-il pas sinon \u00eatre abandonn\u00e9 du moins r\u00e9glement\u00e9, par exemple en l\u2019interdisant dans les zones touristiques ou en le limitant \u00e0 la journ\u00e9e ou en exigeant des pr\u00e9pos\u00e9s \u00e0 la gestion des mosqu\u00e9es de baisser le son des baffles&nbsp;?<\/p>\n\n\n\n<div class=\"wp-block-image\"><figure class=\"aligncenter size-large is-resized\"><img decoding=\"async\" src=\"http:\/\/kapitalis.com\/tunisie\/wp-content\/uploads\/2016\/08\/Burkini.jpg\" alt=\"\" class=\"wp-image-61954\" width=\"500\"\/><\/figure><\/div>\n\n\n\n<p>La question des femmes voil\u00e9es \u00e0 la plage est certes encore plus compliqu\u00e9e, mais elle pose vraiment probl\u00e8me elle aussi et doit donner \u00e0 r\u00e9fl\u00e9chir&nbsp;: une femme croyante et pratiquante et qui veut le montrer en arborant son voile ne se baigne pas dans la m\u00eame plage avec des hommes et des femmes \u00e0 moiti\u00e9 d\u00e9nud\u00e9s. D\u2019ailleurs, ces femmes peuvent toujours cacher leurs cheveux en enveloppant leur t\u00eate dans un voile, mais d\u00e8s qu\u2019elles p\u00e9n\u00e8trent dans l\u2019eau, les formes de leurs corps, y compris leurs parties intimes, accrochent, pour ainsi dire, les regards des hommes. \u00c0 quoi sert alors un foulard&nbsp;? Pour faire durer une certaine hypocrisie sociale ou afficher une fausse d\u00e9votion qui ne trompe plus personne&nbsp;?<\/p>\n\n\n\n<p>On peut toujours argumenter et agiter le principe sacro-saint des libert\u00e9s individuelles, mais un pays touristique comme la Tunisie et qui cherche \u00e0 accro\u00eetre ses recettes en devises se doit de s\u2019organiser pour rendre le s\u00e9jour des visiteurs \u00e9trangers le plus agr\u00e9able possible pour eux, afin de les convaincre de la qualit\u00e9 de notre hospitalit\u00e9 et de les voir revenir. Et \u00e0 cet effet, des r\u00e9formes sont n\u00e9cessaires\u2026<\/p>\n\n\n\n<figure class=\"wp-block-embed-wordpress wp-block-embed is-type-wp-embed is-provider-kapitalis\"><div class=\"wp-block-embed__wrapper\">\n<blockquote class=\"wp-embedded-content\" data-secret=\"vTtpzSOBeF\"><a href=\"https:\/\/kapitalis.com\/tunisie\/2020\/02\/29\/une-citoyenne-tunisienne-part-en-guerre-contre-les-nuisances-sonores-des-mosquees\/\">Une \u00abCitoyenne Tunisienne\u00bb part en guerre contre les \u00abnuisances sonores\u00bb des mosqu\u00e9es<\/a><\/blockquote><iframe loading=\"lazy\" class=\"wp-embedded-content\" sandbox=\"allow-scripts\" security=\"restricted\" style=\"position: absolute; clip: rect(1px, 1px, 1px, 1px);\" title=\"\u00ab\u00a0Une \u00abCitoyenne Tunisienne\u00bb part en guerre contre les \u00abnuisances sonores\u00bb des mosqu\u00e9es\u00a0\u00bb &#8212; Kapitalis\" src=\"https:\/\/kapitalis.com\/tunisie\/2020\/02\/29\/une-citoyenne-tunisienne-part-en-guerre-contre-les-nuisances-sonores-des-mosquees\/embed\/#?secret=Dn0ZB9wTde#?secret=vTtpzSOBeF\" data-secret=\"vTtpzSOBeF\" width=\"600\" height=\"338\" frameborder=\"0\" marginwidth=\"0\" marginheight=\"0\" scrolling=\"no\"><\/iframe>\n<\/div><\/figure>\n\n\n\n<p>\u00c0 bon entendeur\u2026 \u00a0<\/p>\n\n\n\n<figure class=\"wp-block-embed-wordpress wp-block-embed is-type-wp-embed is-provider-kapitalis\"><div class=\"wp-block-embed__wrapper\">\n<blockquote class=\"wp-embedded-content\" data-secret=\"9X9bdmbye8\"><a href=\"https:\/\/kapitalis.com\/tunisie\/2018\/05\/19\/hammam-sousse-polemique-apres-linterdiction-des-haut-parleurs-dans-les-mosquees\/\">Hammam-Sousse : Pol\u00e9mique apr\u00e8s l\u2019interdiction des haut-parleurs dans les mosqu\u00e9es<\/a><\/blockquote><iframe loading=\"lazy\" class=\"wp-embedded-content\" sandbox=\"allow-scripts\" security=\"restricted\" style=\"position: absolute; clip: rect(1px, 1px, 1px, 1px);\" title=\"\u00ab\u00a0Hammam-Sousse : Pol\u00e9mique apr\u00e8s l\u2019interdiction des haut-parleurs dans les mosqu\u00e9es\u00a0\u00bb &#8212; Kapitalis\" src=\"https:\/\/kapitalis.com\/tunisie\/2018\/05\/19\/hammam-sousse-polemique-apres-linterdiction-des-haut-parleurs-dans-les-mosquees\/embed\/#?secret=pJbYWYz95k#?secret=9X9bdmbye8\" data-secret=\"9X9bdmbye8\" width=\"600\" height=\"338\" frameborder=\"0\" marginwidth=\"0\" marginheight=\"0\" scrolling=\"no\"><\/iframe>\n<\/div><\/figure>\n","protected":false},"excerpt":{"rendered":"<p>On re\u00e7oit aujourd\u2019hui, samedi 15 ao\u00fbt 2020, \u00e0 la r\u00e9daction de Kapitalis, un appel t\u00e9l\u00e9phonique de la part d\u2019un homme se pr\u00e9sentant comme un touriste fran\u00e7ais s\u00e9journant dans la zone touristique de Hammamet et qui nous fait part de deux d\u00e9sagr\u00e9ments qui ont carr\u00e9ment bousill\u00e9 son s\u00e9jour en Tunisie. Par Imed Bahri<\/p>\n","protected":false},"author":8,"featured_media":0,"comment_status":"open","ping_status":"open","sticky":false,"template":"","format":"standard","meta":{"footnotes":""},"categories":[992,998,2433],"tags":[81777,81778,75668,81779],"class_list":["post-312109","post","type-post","status-publish","format-standard","hentry","category-a-la-une","category-societe","category-tunisie","tag-appel-a-la-priere","tag-femmes-voilees","tag-haut-parleurs","tag-touriste-francais"],"yoast_head":"<!-- This site is optimized with the Yoast SEO plugin v26.6 - https:\/\/yoast.com\/wordpress\/plugins\/seo\/ -->\n<title>A propos d\u2019un touriste fran\u00e7ais que d\u00e9range l\u2019appel \u00e0 la pri\u00e8re par haut-parleur - Kapitalis<\/title>\n<meta name=\"robots\" content=\"index, follow, max-snippet:-1, max-image-preview:large, max-video-preview:-1\" \/>\n<link rel=\"canonical\" href=\"https:\/\/kapitalis.com\/tunisie\/2020\/08\/15\/a-propos-dun-touriste-francais-que-derange-lappel-a-la-priere-par-haut-parleur\/\" \/>\n<meta property=\"og:locale\" content=\"fr_FR\" \/>\n<meta property=\"og:type\" content=\"article\" \/>\n<meta property=\"og:title\" content=\"A propos d\u2019un touriste fran\u00e7ais que d\u00e9range l\u2019appel \u00e0 la pri\u00e8re par haut-parleur - Kapitalis\" \/>\n<meta property=\"og:description\" content=\"On re\u00e7oit aujourd\u2019hui, samedi 15 ao\u00fbt 2020, \u00e0 la r\u00e9daction de Kapitalis, un appel t\u00e9l\u00e9phonique de la part d\u2019un homme se pr\u00e9sentant comme un touriste fran\u00e7ais s\u00e9journant dans la zone touristique de Hammamet et qui nous fait part de deux d\u00e9sagr\u00e9ments qui ont carr\u00e9ment bousill\u00e9 son s\u00e9jour en Tunisie. Par Imed Bahri\" \/>\n<meta property=\"og:url\" content=\"https:\/\/kapitalis.com\/tunisie\/2020\/08\/15\/a-propos-dun-touriste-francais-que-derange-lappel-a-la-priere-par-haut-parleur\/\" \/>\n<meta property=\"og:site_name\" content=\"Kapitalis\" \/>\n<meta property=\"article:publisher\" content=\"https:\/\/www.facebook.com\/KapitalisInfo\/\" \/>\n<meta property=\"article:published_time\" content=\"2020-08-15T10:35:11+00:00\" \/>\n<meta property=\"article:modified_time\" content=\"2020-08-15T10:39:50+00:00\" \/>\n<meta property=\"og:image\" content=\"http:\/\/kapitalis.com\/tunisie\/wp-content\/uploads\/2016\/05\/Haut-parleur-mosquee.jpg\" \/>\n<meta name=\"author\" content=\"webmaster kapitalis\" \/>\n<meta name=\"twitter:card\" content=\"summary_large_image\" \/>\n<meta name=\"twitter:creator\" content=\"@KapitalisInfo\" \/>\n<meta name=\"twitter:site\" content=\"@KapitalisInfo\" \/>\n<meta name=\"twitter:label1\" content=\"\u00c9crit par\" \/>\n\t<meta name=\"twitter:data1\" content=\"webmaster kapitalis\" \/>\n\t<meta name=\"twitter:label2\" content=\"Dur\u00e9e de lecture estim\u00e9e\" \/>\n\t<meta name=\"twitter:data2\" content=\"4 minutes\" \/>\n<script type=\"application\/ld+json\" class=\"yoast-schema-graph\">{\"@context\":\"https:\/\/schema.org\",\"@graph\":[{\"@type\":\"Article\",\"@id\":\"https:\/\/kapitalis.com\/tunisie\/2020\/08\/15\/a-propos-dun-touriste-francais-que-derange-lappel-a-la-priere-par-haut-parleur\/#article\",\"isPartOf\":{\"@id\":\"https:\/\/kapitalis.com\/tunisie\/2020\/08\/15\/a-propos-dun-touriste-francais-que-derange-lappel-a-la-priere-par-haut-parleur\/\"},\"author\":{\"name\":\"webmaster kapitalis\",\"@id\":\"https:\/\/kapitalis.com\/tunisie\/#\/schema\/person\/d71f33a9ca44f7bad4698210b480c8e9\"},\"headline\":\"A propos d\u2019un touriste fran\u00e7ais que d\u00e9range l\u2019appel \u00e0 la pri\u00e8re par haut-parleur\",\"datePublished\":\"2020-08-15T10:35:11+00:00\",\"dateModified\":\"2020-08-15T10:39:50+00:00\",\"mainEntityOfPage\":{\"@id\":\"https:\/\/kapitalis.com\/tunisie\/2020\/08\/15\/a-propos-dun-touriste-francais-que-derange-lappel-a-la-priere-par-haut-parleur\/\"},\"wordCount\":807,\"commentCount\":96,\"publisher\":{\"@id\":\"https:\/\/kapitalis.com\/tunisie\/#organization\"},\"image\":{\"@id\":\"https:\/\/kapitalis.com\/tunisie\/2020\/08\/15\/a-propos-dun-touriste-francais-que-derange-lappel-a-la-priere-par-haut-parleur\/#primaryimage\"},\"thumbnailUrl\":\"http:\/\/kapitalis.com\/tunisie\/wp-content\/uploads\/2016\/05\/Haut-parleur-mosquee.jpg\",\"keywords\":[\"appel \u00e0 la pri\u00e8re\",\"femmes voil\u00e9es\",\"haut-parleurs\",\"touriste fran\u00e7ais\"],\"articleSection\":[\"A LA UNE\",\"SOCIETE\",\"Tunisie\"],\"inLanguage\":\"fr-FR\",\"potentialAction\":[{\"@type\":\"CommentAction\",\"name\":\"Comment\",\"target\":[\"https:\/\/kapitalis.com\/tunisie\/2020\/08\/15\/a-propos-dun-touriste-francais-que-derange-lappel-a-la-priere-par-haut-parleur\/#respond\"]}]},{\"@type\":\"WebPage\",\"@id\":\"https:\/\/kapitalis.com\/tunisie\/2020\/08\/15\/a-propos-dun-touriste-francais-que-derange-lappel-a-la-priere-par-haut-parleur\/\",\"url\":\"https:\/\/kapitalis.com\/tunisie\/2020\/08\/15\/a-propos-dun-touriste-francais-que-derange-lappel-a-la-priere-par-haut-parleur\/\",\"name\":\"A propos d\u2019un touriste fran\u00e7ais que d\u00e9range l\u2019appel \u00e0 la pri\u00e8re par haut-parleur - Kapitalis\",\"isPartOf\":{\"@id\":\"https:\/\/kapitalis.com\/tunisie\/#website\"},\"primaryImageOfPage\":{\"@id\":\"https:\/\/kapitalis.com\/tunisie\/2020\/08\/15\/a-propos-dun-touriste-francais-que-derange-lappel-a-la-priere-par-haut-parleur\/#primaryimage\"},\"image\":{\"@id\":\"https:\/\/kapitalis.com\/tunisie\/2020\/08\/15\/a-propos-dun-touriste-francais-que-derange-lappel-a-la-priere-par-haut-parleur\/#primaryimage\"},\"thumbnailUrl\":\"http:\/\/kapitalis.com\/tunisie\/wp-content\/uploads\/2016\/05\/Haut-parleur-mosquee.jpg\",\"datePublished\":\"2020-08-15T10:35:11+00:00\",\"dateModified\":\"2020-08-15T10:39:50+00:00\",\"breadcrumb\":{\"@id\":\"https:\/\/kapitalis.com\/tunisie\/2020\/08\/15\/a-propos-dun-touriste-francais-que-derange-lappel-a-la-priere-par-haut-parleur\/#breadcrumb\"},\"inLanguage\":\"fr-FR\",\"potentialAction\":[{\"@type\":\"ReadAction\",\"target\":[\"https:\/\/kapitalis.com\/tunisie\/2020\/08\/15\/a-propos-dun-touriste-francais-que-derange-lappel-a-la-priere-par-haut-parleur\/\"]}]},{\"@type\":\"ImageObject\",\"inLanguage\":\"fr-FR\",\"@id\":\"https:\/\/kapitalis.com\/tunisie\/2020\/08\/15\/a-propos-dun-touriste-francais-que-derange-lappel-a-la-priere-par-haut-parleur\/#primaryimage\",\"url\":\"http:\/\/kapitalis.com\/tunisie\/wp-content\/uploads\/2016\/05\/Haut-parleur-mosquee.jpg\",\"contentUrl\":\"http:\/\/kapitalis.com\/tunisie\/wp-content\/uploads\/2016\/05\/Haut-parleur-mosquee.jpg\"},{\"@type\":\"BreadcrumbList\",\"@id\":\"https:\/\/kapitalis.com\/tunisie\/2020\/08\/15\/a-propos-dun-touriste-francais-que-derange-lappel-a-la-priere-par-haut-parleur\/#breadcrumb\",\"itemListElement\":[{\"@type\":\"ListItem\",\"position\":1,\"name\":\"Accueil\",\"item\":\"https:\/\/kapitalis.com\/tunisie\/\"},{\"@type\":\"ListItem\",\"position\":2,\"name\":\"A propos d\u2019un touriste fran\u00e7ais que d\u00e9range l\u2019appel \u00e0 la pri\u00e8re par haut-parleur\"}]},{\"@type\":\"WebSite\",\"@id\":\"https:\/\/kapitalis.com\/tunisie\/#website\",\"url\":\"https:\/\/kapitalis.com\/tunisie\/\",\"name\":\"Kapitalis\",\"description\":\"L&#039;actualit\u00e9 en Tunisie et dans le monde\",\"publisher\":{\"@id\":\"https:\/\/kapitalis.com\/tunisie\/#organization\"},\"potentialAction\":[{\"@type\":\"SearchAction\",\"target\":{\"@type\":\"EntryPoint\",\"urlTemplate\":\"https:\/\/kapitalis.com\/tunisie\/?s={search_term_string}\"},\"query-input\":{\"@type\":\"PropertyValueSpecification\",\"valueRequired\":true,\"valueName\":\"search_term_string\"}}],\"inLanguage\":\"fr-FR\"},{\"@type\":\"Organization\",\"@id\":\"https:\/\/kapitalis.com\/tunisie\/#organization\",\"name\":\"Kapitalis\",\"url\":\"https:\/\/kapitalis.com\/tunisie\/\",\"logo\":{\"@type\":\"ImageObject\",\"inLanguage\":\"fr-FR\",\"@id\":\"https:\/\/kapitalis.com\/tunisie\/#\/schema\/logo\/image\/\",\"url\":\"https:\/\/kapitalis.com\/tunisie\/wp-content\/uploads\/2022\/05\/Kapitalis-big-size.png\",\"contentUrl\":\"https:\/\/kapitalis.com\/tunisie\/wp-content\/uploads\/2022\/05\/Kapitalis-big-size.png\",\"width\":5000,\"height\":1500,\"caption\":\"Kapitalis\"},\"image\":{\"@id\":\"https:\/\/kapitalis.com\/tunisie\/#\/schema\/logo\/image\/\"},\"sameAs\":[\"https:\/\/www.facebook.com\/KapitalisInfo\/\",\"https:\/\/x.com\/KapitalisInfo\",\"https:\/\/www.youtube.com\/channel\/UC-yDYrHyfFBWWZaOw3FPg9Q\"]},{\"@type\":\"Person\",\"@id\":\"https:\/\/kapitalis.com\/tunisie\/#\/schema\/person\/d71f33a9ca44f7bad4698210b480c8e9\",\"name\":\"webmaster kapitalis\",\"url\":\"https:\/\/kapitalis.com\/tunisie\/author\/webmaster-kapitalis\/\"}]}<\/script>\n<!-- \/ Yoast SEO plugin. -->","yoast_head_json":{"title":"A propos d\u2019un touriste fran\u00e7ais que d\u00e9range l\u2019appel \u00e0 la pri\u00e8re par haut-parleur - Kapitalis","robots":{"index":"index","follow":"follow","max-snippet":"max-snippet:-1","max-image-preview":"max-image-preview:large","max-video-preview":"max-video-preview:-1"},"canonical":"https:\/\/kapitalis.com\/tunisie\/2020\/08\/15\/a-propos-dun-touriste-francais-que-derange-lappel-a-la-priere-par-haut-parleur\/","og_locale":"fr_FR","og_type":"article","og_title":"A propos d\u2019un touriste fran\u00e7ais que d\u00e9range l\u2019appel \u00e0 la pri\u00e8re par haut-parleur - Kapitalis","og_description":"On re\u00e7oit aujourd\u2019hui, samedi 15 ao\u00fbt 2020, \u00e0 la r\u00e9daction de Kapitalis, un appel t\u00e9l\u00e9phonique de la part d\u2019un homme se pr\u00e9sentant comme un touriste fran\u00e7ais s\u00e9journant dans la zone touristique de Hammamet et qui nous fait part de deux d\u00e9sagr\u00e9ments qui ont carr\u00e9ment bousill\u00e9 son s\u00e9jour en Tunisie. Par Imed Bahri","og_url":"https:\/\/kapitalis.com\/tunisie\/2020\/08\/15\/a-propos-dun-touriste-francais-que-derange-lappel-a-la-priere-par-haut-parleur\/","og_site_name":"Kapitalis","article_publisher":"https:\/\/www.facebook.com\/KapitalisInfo\/","article_published_time":"2020-08-15T10:35:11+00:00","article_modified_time":"2020-08-15T10:39:50+00:00","og_image":[{"url":"http:\/\/kapitalis.com\/tunisie\/wp-content\/uploads\/2016\/05\/Haut-parleur-mosquee.jpg","type":"","width":"","height":""}],"author":"webmaster kapitalis","twitter_card":"summary_large_image","twitter_creator":"@KapitalisInfo","twitter_site":"@KapitalisInfo","twitter_misc":{"\u00c9crit par":"webmaster kapitalis","Dur\u00e9e de lecture estim\u00e9e":"4 minutes"},"schema":{"@context":"https:\/\/schema.org","@graph":[{"@type":"Article","@id":"https:\/\/kapitalis.com\/tunisie\/2020\/08\/15\/a-propos-dun-touriste-francais-que-derange-lappel-a-la-priere-par-haut-parleur\/#article","isPartOf":{"@id":"https:\/\/kapitalis.com\/tunisie\/2020\/08\/15\/a-propos-dun-touriste-francais-que-derange-lappel-a-la-priere-par-haut-parleur\/"},"author":{"name":"webmaster kapitalis","@id":"https:\/\/kapitalis.com\/tunisie\/#\/schema\/person\/d71f33a9ca44f7bad4698210b480c8e9"},"headline":"A propos d\u2019un touriste fran\u00e7ais que d\u00e9range l\u2019appel \u00e0 la pri\u00e8re par haut-parleur","datePublished":"2020-08-15T10:35:11+00:00","dateModified":"2020-08-15T10:39:50+00:00","mainEntityOfPage":{"@id":"https:\/\/kapitalis.com\/tunisie\/2020\/08\/15\/a-propos-dun-touriste-francais-que-derange-lappel-a-la-priere-par-haut-parleur\/"},"wordCount":807,"commentCount":96,"publisher":{"@id":"https:\/\/kapitalis.com\/tunisie\/#organization"},"image":{"@id":"https:\/\/kapitalis.com\/tunisie\/2020\/08\/15\/a-propos-dun-touriste-francais-que-derange-lappel-a-la-priere-par-haut-parleur\/#primaryimage"},"thumbnailUrl":"http:\/\/kapitalis.com\/tunisie\/wp-content\/uploads\/2016\/05\/Haut-parleur-mosquee.jpg","keywords":["appel \u00e0 la pri\u00e8re","femmes voil\u00e9es","haut-parleurs","touriste fran\u00e7ais"],"articleSection":["A LA UNE","SOCIETE","Tunisie"],"inLanguage":"fr-FR","potentialAction":[{"@type":"CommentAction","name":"Comment","target":["https:\/\/kapitalis.com\/tunisie\/2020\/08\/15\/a-propos-dun-touriste-francais-que-derange-lappel-a-la-priere-par-haut-parleur\/#respond"]}]},{"@type":"WebPage","@id":"https:\/\/kapitalis.com\/tunisie\/2020\/08\/15\/a-propos-dun-touriste-francais-que-derange-lappel-a-la-priere-par-haut-parleur\/","url":"https:\/\/kapitalis.com\/tunisie\/2020\/08\/15\/a-propos-dun-touriste-francais-que-derange-lappel-a-la-priere-par-haut-parleur\/","name":"A propos d\u2019un touriste fran\u00e7ais que d\u00e9range l\u2019appel \u00e0 la pri\u00e8re par haut-parleur - Kapitalis","isPartOf":{"@id":"https:\/\/kapitalis.com\/tunisie\/#website"},"primaryImageOfPage":{"@id":"https:\/\/kapitalis.com\/tunisie\/2020\/08\/15\/a-propos-dun-touriste-francais-que-derange-lappel-a-la-priere-par-haut-parleur\/#primaryimage"},"image":{"@id":"https:\/\/kapitalis.com\/tunisie\/2020\/08\/15\/a-propos-dun-touriste-francais-que-derange-lappel-a-la-priere-par-haut-parleur\/#primaryimage"},"thumbnailUrl":"http:\/\/kapitalis.com\/tunisie\/wp-content\/uploads\/2016\/05\/Haut-parleur-mosquee.jpg","datePublished":"2020-08-15T10:35:11+00:00","dateModified":"2020-08-15T10:39:50+00:00","breadcrumb":{"@id":"https:\/\/kapitalis.com\/tunisie\/2020\/08\/15\/a-propos-dun-touriste-francais-que-derange-lappel-a-la-priere-par-haut-parleur\/#breadcrumb"},"inLanguage":"fr-FR","potentialAction":[{"@type":"ReadAction","target":["https:\/\/kapitalis.com\/tunisie\/2020\/08\/15\/a-propos-dun-touriste-francais-que-derange-lappel-a-la-priere-par-haut-parleur\/"]}]},{"@type":"ImageObject","inLanguage":"fr-FR","@id":"https:\/\/kapitalis.com\/tunisie\/2020\/08\/15\/a-propos-dun-touriste-francais-que-derange-lappel-a-la-priere-par-haut-parleur\/#primaryimage","url":"http:\/\/kapitalis.com\/tunisie\/wp-content\/uploads\/2016\/05\/Haut-parleur-mosquee.jpg","contentUrl":"http:\/\/kapitalis.com\/tunisie\/wp-content\/uploads\/2016\/05\/Haut-parleur-mosquee.jpg"},{"@type":"BreadcrumbList","@id":"https:\/\/kapitalis.com\/tunisie\/2020\/08\/15\/a-propos-dun-touriste-francais-que-derange-lappel-a-la-priere-par-haut-parleur\/#breadcrumb","itemListElement":[{"@type":"ListItem","position":1,"name":"Accueil","item":"https:\/\/kapitalis.com\/tunisie\/"},{"@type":"ListItem","position":2,"name":"A propos d\u2019un touriste fran\u00e7ais que d\u00e9range l\u2019appel \u00e0 la pri\u00e8re par haut-parleur"}]},{"@type":"WebSite","@id":"https:\/\/kapitalis.com\/tunisie\/#website","url":"https:\/\/kapitalis.com\/tunisie\/","name":"Kapitalis","description":"L&#039;actualit\u00e9 en Tunisie et dans le monde","publisher":{"@id":"https:\/\/kapitalis.com\/tunisie\/#organization"},"potentialAction":[{"@type":"SearchAction","target":{"@type":"EntryPoint","urlTemplate":"https:\/\/kapitalis.com\/tunisie\/?s={search_term_string}"},"query-input":{"@type":"PropertyValueSpecification","valueRequired":true,"valueName":"search_term_string"}}],"inLanguage":"fr-FR"},{"@type":"Organization","@id":"https:\/\/kapitalis.com\/tunisie\/#organization","name":"Kapitalis","url":"https:\/\/kapitalis.com\/tunisie\/","logo":{"@type":"ImageObject","inLanguage":"fr-FR","@id":"https:\/\/kapitalis.com\/tunisie\/#\/schema\/logo\/image\/","url":"https:\/\/kapitalis.com\/tunisie\/wp-content\/uploads\/2022\/05\/Kapitalis-big-size.png","contentUrl":"https:\/\/kapitalis.com\/tunisie\/wp-content\/uploads\/2022\/05\/Kapitalis-big-size.png","width":5000,"height":1500,"caption":"Kapitalis"},"image":{"@id":"https:\/\/kapitalis.com\/tunisie\/#\/schema\/logo\/image\/"},"sameAs":["https:\/\/www.facebook.com\/KapitalisInfo\/","https:\/\/x.com\/KapitalisInfo","https:\/\/www.youtube.com\/channel\/UC-yDYrHyfFBWWZaOw3FPg9Q"]},{"@type":"Person","@id":"https:\/\/kapitalis.com\/tunisie\/#\/schema\/person\/d71f33a9ca44f7bad4698210b480c8e9","name":"webmaster kapitalis","url":"https:\/\/kapitalis.com\/tunisie\/author\/webmaster-kapitalis\/"}]}},"_links":{"self":[{"href":"https:\/\/kapitalis.com\/tunisie\/wp-json\/wp\/v2\/posts\/312109","targetHints":{"allow":["GET"]}}],"collection":[{"href":"https:\/\/kapitalis.com\/tunisie\/wp-json\/wp\/v2\/posts"}],"about":[{"href":"https:\/\/kapitalis.com\/tunisie\/wp-json\/wp\/v2\/types\/post"}],"author":[{"embeddable":true,"href":"https:\/\/kapitalis.com\/tunisie\/wp-json\/wp\/v2\/users\/8"}],"replies":[{"embeddable":true,"href":"https:\/\/kapitalis.com\/tunisie\/wp-json\/wp\/v2\/comments?post=312109"}],"version-history":[{"count":0,"href":"https:\/\/kapitalis.com\/tunisie\/wp-json\/wp\/v2\/posts\/312109\/revisions"}],"wp:attachment":[{"href":"https:\/\/kapitalis.com\/tunisie\/wp-json\/wp\/v2\/media?parent=312109"}],"wp:term":[{"taxonomy":"category","embeddable":true,"href":"https:\/\/kapitalis.com\/tunisie\/wp-json\/wp\/v2\/categories?post=312109"},{"taxonomy":"post_tag","embeddable":true,"href":"https:\/\/kapitalis.com\/tunisie\/wp-json\/wp\/v2\/tags?post=312109"}],"curies":[{"name":"wp","href":"https:\/\/api.w.org\/{rel}","templated":true}]}}