{"id":312347,"date":"2020-08-17T14:48:17","date_gmt":"2020-08-17T13:48:17","guid":{"rendered":"http:\/\/kapitalis.com\/tunisie\/?p=312347"},"modified":"2020-08-17T14:48:22","modified_gmt":"2020-08-17T13:48:22","slug":"les-artisans-de-sidi-bouzid-et-jendouba-exposent-a-tunis","status":"publish","type":"post","link":"https:\/\/kapitalis.com\/tunisie\/2020\/08\/17\/les-artisans-de-sidi-bouzid-et-jendouba-exposent-a-tunis\/","title":{"rendered":"Les artisans de Sidi Bouzid et Jendouba exposent \u00e0 Tunis"},"content":{"rendered":"\n<figure class=\"wp-block-image size-large\"><img decoding=\"async\" src=\"http:\/\/kapitalis.com\/tunisie\/wp-content\/uploads\/2020\/08\/Artisanat-Tissage.jpg\" alt=\"\" class=\"wp-image-312348\"\/><\/figure>\n\n\n\n<p><strong><em>Une quinzaine d\u2019artisans et entreprises artisanales de Sidi Bouzid et Jendouba participent du 17 au 22 ao\u00fbt 2020 aux journ\u00e9es promotionnelles de l\u2019artisanat consacr\u00e9es \u00e0 ces gouvernorats organis\u00e9es par l\u2019Office national de l\u2019artisanat, \u00e0 la Galerie de l\u2019Information, \u00e0 l\u2019avenue Habib Bourguiba, au centre-ville de Tunis.<\/em><\/strong><\/p>\n\n\n\n<!--more-->\n\n\n\n<p>L\u2019office prend en charge les frais de s\u00e9jour et de transport des artisans participants, en concr\u00e9tisation du principe de discrimination positive qu\u2019il a adopt\u00e9 pour assurer l\u2019\u00e9galit\u00e9 des chances entre les r\u00e9gions de l\u2019int\u00e9rieur.<\/p>\n\n\n\n<p>Plusieurs m\u00e9tiers de l\u2019artisanat sont repr\u00e9sent\u00e9s durant les journ\u00e9es d\u2019exposition : le tissage traditionnel, les tapisseries murales, le corail, le hayek, les bibelots, le rotin et la distillation des plantes aromatiques et m\u00e9dicinales.<\/p>\n\n\n\n<p>Ces journ\u00e9es visent \u00e0 soutenir les artisans et les entreprises artisanales des r\u00e9gions int\u00e9rieures \u00e0 commercialiser leurs produits et surmonter les difficult\u00e9s caus\u00e9es par la crise du Covid-19 et \u00e0 prendre part aux \u00e9v\u00e9nements promotionnels.<\/p>\n\n\n\n<p>L\u2019exposition est ouverte tous les jours de 10h du matin \u00e0 19h heures du soir.<\/p>\n","protected":false},"excerpt":{"rendered":"<p>Une quinzaine d\u2019artisans et entreprises artisanales de Sidi Bouzid et Jendouba participent du 17 au 22 ao\u00fbt 2020 aux journ\u00e9es promotionnelles de l\u2019artisanat consacr\u00e9es \u00e0 ces gouvernorats organis\u00e9es par l\u2019Office national de l\u2019artisanat, \u00e0 la Galerie de l\u2019Information, \u00e0 l\u2019avenue Habib Bourguiba, au centre-ville de Tunis.<\/p>\n","protected":false},"author":8,"featured_media":312348,"comment_status":"open","ping_status":"open","sticky":false,"template":"","format":"standard","meta":{"footnotes":""},"categories":[993,994,2433],"tags":[81842,81839,515,80431,828,81841,81840],"class_list":["post-312347","post","type-post","status-publish","format-standard","has-post-thumbnail","hentry","category-conso","category-culture","category-tunisie","tag-distillation-des-plantes-aromatiques","tag-galerie-de-linformation","tag-jendouba","tag-office-national-de-lartisanat-2","tag-sidi-bouzid","tag-tapisseries-murales","tag-tissage-traditionnel"],"yoast_head":"<!-- This site is optimized with the Yoast SEO plugin v26.6 - https:\/\/yoast.com\/wordpress\/plugins\/seo\/ -->\n<title>Les artisans de Sidi Bouzid et Jendouba exposent \u00e0 Tunis - Kapitalis<\/title>\n<meta name=\"robots\" content=\"index, follow, max-snippet:-1, max-image-preview:large, max-video-preview:-1\" \/>\n<link rel=\"canonical\" href=\"https:\/\/kapitalis.com\/tunisie\/2020\/08\/17\/les-artisans-de-sidi-bouzid-et-jendouba-exposent-a-tunis\/\" \/>\n<meta property=\"og:locale\" content=\"fr_FR\" \/>\n<meta property=\"og:type\" content=\"article\" \/>\n<meta property=\"og:title\" content=\"Les artisans de Sidi Bouzid et Jendouba exposent \u00e0 Tunis - Kapitalis\" \/>\n<meta property=\"og:description\" content=\"Une quinzaine d\u2019artisans et entreprises artisanales de Sidi Bouzid et Jendouba participent du 17 au 22 ao\u00fbt 2020 aux journ\u00e9es promotionnelles de l\u2019artisanat consacr\u00e9es \u00e0 ces gouvernorats organis\u00e9es par l\u2019Office national de l\u2019artisanat, \u00e0 la Galerie de l\u2019Information, \u00e0 l\u2019avenue Habib Bourguiba, au centre-ville de Tunis.\" \/>\n<meta property=\"og:url\" content=\"https:\/\/kapitalis.com\/tunisie\/2020\/08\/17\/les-artisans-de-sidi-bouzid-et-jendouba-exposent-a-tunis\/\" \/>\n<meta property=\"og:site_name\" content=\"Kapitalis\" \/>\n<meta property=\"article:publisher\" content=\"https:\/\/www.facebook.com\/KapitalisInfo\/\" \/>\n<meta property=\"article:published_time\" content=\"2020-08-17T13:48:17+00:00\" \/>\n<meta property=\"article:modified_time\" content=\"2020-08-17T13:48:22+00:00\" \/>\n<meta property=\"og:image\" content=\"https:\/\/kapitalis.com\/tunisie\/wp-content\/uploads\/2022\/05\/kapitalis-logo-fb.png\" \/>\n\t<meta property=\"og:image:width\" content=\"1200\" \/>\n\t<meta property=\"og:image:height\" content=\"630\" \/>\n\t<meta property=\"og:image:type\" content=\"image\/png\" \/>\n<meta name=\"author\" content=\"webmaster kapitalis\" \/>\n<meta name=\"twitter:card\" content=\"summary_large_image\" \/>\n<meta name=\"twitter:creator\" content=\"@KapitalisInfo\" \/>\n<meta name=\"twitter:site\" content=\"@KapitalisInfo\" \/>\n<meta name=\"twitter:label1\" content=\"\u00c9crit par\" \/>\n\t<meta name=\"twitter:data1\" content=\"webmaster kapitalis\" \/>\n\t<meta name=\"twitter:label2\" content=\"Dur\u00e9e de lecture estim\u00e9e\" \/>\n\t<meta name=\"twitter:data2\" content=\"1 minute\" \/>\n<script type=\"application\/ld+json\" class=\"yoast-schema-graph\">{\"@context\":\"https:\/\/schema.org\",\"@graph\":[{\"@type\":\"Article\",\"@id\":\"https:\/\/kapitalis.com\/tunisie\/2020\/08\/17\/les-artisans-de-sidi-bouzid-et-jendouba-exposent-a-tunis\/#article\",\"isPartOf\":{\"@id\":\"https:\/\/kapitalis.com\/tunisie\/2020\/08\/17\/les-artisans-de-sidi-bouzid-et-jendouba-exposent-a-tunis\/\"},\"author\":{\"name\":\"webmaster kapitalis\",\"@id\":\"https:\/\/kapitalis.com\/tunisie\/#\/schema\/person\/d71f33a9ca44f7bad4698210b480c8e9\"},\"headline\":\"Les artisans de Sidi Bouzid et Jendouba exposent \u00e0 Tunis\",\"datePublished\":\"2020-08-17T13:48:17+00:00\",\"dateModified\":\"2020-08-17T13:48:22+00:00\",\"mainEntityOfPage\":{\"@id\":\"https:\/\/kapitalis.com\/tunisie\/2020\/08\/17\/les-artisans-de-sidi-bouzid-et-jendouba-exposent-a-tunis\/\"},\"wordCount\":193,\"commentCount\":0,\"publisher\":{\"@id\":\"https:\/\/kapitalis.com\/tunisie\/#organization\"},\"image\":{\"@id\":\"https:\/\/kapitalis.com\/tunisie\/2020\/08\/17\/les-artisans-de-sidi-bouzid-et-jendouba-exposent-a-tunis\/#primaryimage\"},\"thumbnailUrl\":\"\",\"keywords\":[\"distillation des plantes aromatiques\",\"Galerie de l\u2019Information\",\"Jendouba\",\"Office national de l\u2019artisanat\",\"Sidi Bouzid\",\"tapisseries murales\",\"tissage traditionnel\"],\"articleSection\":[\"CONSO\",\"CULTURE\",\"Tunisie\"],\"inLanguage\":\"fr-FR\",\"potentialAction\":[{\"@type\":\"CommentAction\",\"name\":\"Comment\",\"target\":[\"https:\/\/kapitalis.com\/tunisie\/2020\/08\/17\/les-artisans-de-sidi-bouzid-et-jendouba-exposent-a-tunis\/#respond\"]}]},{\"@type\":\"WebPage\",\"@id\":\"https:\/\/kapitalis.com\/tunisie\/2020\/08\/17\/les-artisans-de-sidi-bouzid-et-jendouba-exposent-a-tunis\/\",\"url\":\"https:\/\/kapitalis.com\/tunisie\/2020\/08\/17\/les-artisans-de-sidi-bouzid-et-jendouba-exposent-a-tunis\/\",\"name\":\"Les artisans de Sidi Bouzid et Jendouba exposent \u00e0 Tunis - Kapitalis\",\"isPartOf\":{\"@id\":\"https:\/\/kapitalis.com\/tunisie\/#website\"},\"primaryImageOfPage\":{\"@id\":\"https:\/\/kapitalis.com\/tunisie\/2020\/08\/17\/les-artisans-de-sidi-bouzid-et-jendouba-exposent-a-tunis\/#primaryimage\"},\"image\":{\"@id\":\"https:\/\/kapitalis.com\/tunisie\/2020\/08\/17\/les-artisans-de-sidi-bouzid-et-jendouba-exposent-a-tunis\/#primaryimage\"},\"thumbnailUrl\":\"\",\"datePublished\":\"2020-08-17T13:48:17+00:00\",\"dateModified\":\"2020-08-17T13:48:22+00:00\",\"breadcrumb\":{\"@id\":\"https:\/\/kapitalis.com\/tunisie\/2020\/08\/17\/les-artisans-de-sidi-bouzid-et-jendouba-exposent-a-tunis\/#breadcrumb\"},\"inLanguage\":\"fr-FR\",\"potentialAction\":[{\"@type\":\"ReadAction\",\"target\":[\"https:\/\/kapitalis.com\/tunisie\/2020\/08\/17\/les-artisans-de-sidi-bouzid-et-jendouba-exposent-a-tunis\/\"]}]},{\"@type\":\"ImageObject\",\"inLanguage\":\"fr-FR\",\"@id\":\"https:\/\/kapitalis.com\/tunisie\/2020\/08\/17\/les-artisans-de-sidi-bouzid-et-jendouba-exposent-a-tunis\/#primaryimage\",\"url\":\"\",\"contentUrl\":\"\"},{\"@type\":\"BreadcrumbList\",\"@id\":\"https:\/\/kapitalis.com\/tunisie\/2020\/08\/17\/les-artisans-de-sidi-bouzid-et-jendouba-exposent-a-tunis\/#breadcrumb\",\"itemListElement\":[{\"@type\":\"ListItem\",\"position\":1,\"name\":\"Accueil\",\"item\":\"https:\/\/kapitalis.com\/tunisie\/\"},{\"@type\":\"ListItem\",\"position\":2,\"name\":\"Les artisans de Sidi Bouzid et Jendouba exposent \u00e0 Tunis\"}]},{\"@type\":\"WebSite\",\"@id\":\"https:\/\/kapitalis.com\/tunisie\/#website\",\"url\":\"https:\/\/kapitalis.com\/tunisie\/\",\"name\":\"Kapitalis\",\"description\":\"L&#039;actualit\u00e9 en Tunisie et dans le monde\",\"publisher\":{\"@id\":\"https:\/\/kapitalis.com\/tunisie\/#organization\"},\"potentialAction\":[{\"@type\":\"SearchAction\",\"target\":{\"@type\":\"EntryPoint\",\"urlTemplate\":\"https:\/\/kapitalis.com\/tunisie\/?s={search_term_string}\"},\"query-input\":{\"@type\":\"PropertyValueSpecification\",\"valueRequired\":true,\"valueName\":\"search_term_string\"}}],\"inLanguage\":\"fr-FR\"},{\"@type\":\"Organization\",\"@id\":\"https:\/\/kapitalis.com\/tunisie\/#organization\",\"name\":\"Kapitalis\",\"url\":\"https:\/\/kapitalis.com\/tunisie\/\",\"logo\":{\"@type\":\"ImageObject\",\"inLanguage\":\"fr-FR\",\"@id\":\"https:\/\/kapitalis.com\/tunisie\/#\/schema\/logo\/image\/\",\"url\":\"https:\/\/kapitalis.com\/tunisie\/wp-content\/uploads\/2022\/05\/Kapitalis-big-size.png\",\"contentUrl\":\"https:\/\/kapitalis.com\/tunisie\/wp-content\/uploads\/2022\/05\/Kapitalis-big-size.png\",\"width\":5000,\"height\":1500,\"caption\":\"Kapitalis\"},\"image\":{\"@id\":\"https:\/\/kapitalis.com\/tunisie\/#\/schema\/logo\/image\/\"},\"sameAs\":[\"https:\/\/www.facebook.com\/KapitalisInfo\/\",\"https:\/\/x.com\/KapitalisInfo\",\"https:\/\/www.youtube.com\/channel\/UC-yDYrHyfFBWWZaOw3FPg9Q\"]},{\"@type\":\"Person\",\"@id\":\"https:\/\/kapitalis.com\/tunisie\/#\/schema\/person\/d71f33a9ca44f7bad4698210b480c8e9\",\"name\":\"webmaster kapitalis\",\"url\":\"https:\/\/kapitalis.com\/tunisie\/author\/webmaster-kapitalis\/\"}]}<\/script>\n<!-- \/ Yoast SEO plugin. -->","yoast_head_json":{"title":"Les artisans de Sidi Bouzid et Jendouba exposent \u00e0 Tunis - Kapitalis","robots":{"index":"index","follow":"follow","max-snippet":"max-snippet:-1","max-image-preview":"max-image-preview:large","max-video-preview":"max-video-preview:-1"},"canonical":"https:\/\/kapitalis.com\/tunisie\/2020\/08\/17\/les-artisans-de-sidi-bouzid-et-jendouba-exposent-a-tunis\/","og_locale":"fr_FR","og_type":"article","og_title":"Les artisans de Sidi Bouzid et Jendouba exposent \u00e0 Tunis - Kapitalis","og_description":"Une quinzaine d\u2019artisans et entreprises artisanales de Sidi Bouzid et Jendouba participent du 17 au 22 ao\u00fbt 2020 aux journ\u00e9es promotionnelles de l\u2019artisanat consacr\u00e9es \u00e0 ces gouvernorats organis\u00e9es par l\u2019Office national de l\u2019artisanat, \u00e0 la Galerie de l\u2019Information, \u00e0 l\u2019avenue Habib Bourguiba, au centre-ville de Tunis.","og_url":"https:\/\/kapitalis.com\/tunisie\/2020\/08\/17\/les-artisans-de-sidi-bouzid-et-jendouba-exposent-a-tunis\/","og_site_name":"Kapitalis","article_publisher":"https:\/\/www.facebook.com\/KapitalisInfo\/","article_published_time":"2020-08-17T13:48:17+00:00","article_modified_time":"2020-08-17T13:48:22+00:00","og_image":[{"width":1200,"height":630,"url":"https:\/\/kapitalis.com\/tunisie\/wp-content\/uploads\/2022\/05\/kapitalis-logo-fb.png","type":"image\/png"}],"author":"webmaster kapitalis","twitter_card":"summary_large_image","twitter_creator":"@KapitalisInfo","twitter_site":"@KapitalisInfo","twitter_misc":{"\u00c9crit par":"webmaster kapitalis","Dur\u00e9e de lecture estim\u00e9e":"1 minute"},"schema":{"@context":"https:\/\/schema.org","@graph":[{"@type":"Article","@id":"https:\/\/kapitalis.com\/tunisie\/2020\/08\/17\/les-artisans-de-sidi-bouzid-et-jendouba-exposent-a-tunis\/#article","isPartOf":{"@id":"https:\/\/kapitalis.com\/tunisie\/2020\/08\/17\/les-artisans-de-sidi-bouzid-et-jendouba-exposent-a-tunis\/"},"author":{"name":"webmaster kapitalis","@id":"https:\/\/kapitalis.com\/tunisie\/#\/schema\/person\/d71f33a9ca44f7bad4698210b480c8e9"},"headline":"Les artisans de Sidi Bouzid et Jendouba exposent \u00e0 Tunis","datePublished":"2020-08-17T13:48:17+00:00","dateModified":"2020-08-17T13:48:22+00:00","mainEntityOfPage":{"@id":"https:\/\/kapitalis.com\/tunisie\/2020\/08\/17\/les-artisans-de-sidi-bouzid-et-jendouba-exposent-a-tunis\/"},"wordCount":193,"commentCount":0,"publisher":{"@id":"https:\/\/kapitalis.com\/tunisie\/#organization"},"image":{"@id":"https:\/\/kapitalis.com\/tunisie\/2020\/08\/17\/les-artisans-de-sidi-bouzid-et-jendouba-exposent-a-tunis\/#primaryimage"},"thumbnailUrl":"","keywords":["distillation des plantes aromatiques","Galerie de l\u2019Information","Jendouba","Office national de l\u2019artisanat","Sidi Bouzid","tapisseries murales","tissage traditionnel"],"articleSection":["CONSO","CULTURE","Tunisie"],"inLanguage":"fr-FR","potentialAction":[{"@type":"CommentAction","name":"Comment","target":["https:\/\/kapitalis.com\/tunisie\/2020\/08\/17\/les-artisans-de-sidi-bouzid-et-jendouba-exposent-a-tunis\/#respond"]}]},{"@type":"WebPage","@id":"https:\/\/kapitalis.com\/tunisie\/2020\/08\/17\/les-artisans-de-sidi-bouzid-et-jendouba-exposent-a-tunis\/","url":"https:\/\/kapitalis.com\/tunisie\/2020\/08\/17\/les-artisans-de-sidi-bouzid-et-jendouba-exposent-a-tunis\/","name":"Les artisans de Sidi Bouzid et Jendouba exposent \u00e0 Tunis - Kapitalis","isPartOf":{"@id":"https:\/\/kapitalis.com\/tunisie\/#website"},"primaryImageOfPage":{"@id":"https:\/\/kapitalis.com\/tunisie\/2020\/08\/17\/les-artisans-de-sidi-bouzid-et-jendouba-exposent-a-tunis\/#primaryimage"},"image":{"@id":"https:\/\/kapitalis.com\/tunisie\/2020\/08\/17\/les-artisans-de-sidi-bouzid-et-jendouba-exposent-a-tunis\/#primaryimage"},"thumbnailUrl":"","datePublished":"2020-08-17T13:48:17+00:00","dateModified":"2020-08-17T13:48:22+00:00","breadcrumb":{"@id":"https:\/\/kapitalis.com\/tunisie\/2020\/08\/17\/les-artisans-de-sidi-bouzid-et-jendouba-exposent-a-tunis\/#breadcrumb"},"inLanguage":"fr-FR","potentialAction":[{"@type":"ReadAction","target":["https:\/\/kapitalis.com\/tunisie\/2020\/08\/17\/les-artisans-de-sidi-bouzid-et-jendouba-exposent-a-tunis\/"]}]},{"@type":"ImageObject","inLanguage":"fr-FR","@id":"https:\/\/kapitalis.com\/tunisie\/2020\/08\/17\/les-artisans-de-sidi-bouzid-et-jendouba-exposent-a-tunis\/#primaryimage","url":"","contentUrl":""},{"@type":"BreadcrumbList","@id":"https:\/\/kapitalis.com\/tunisie\/2020\/08\/17\/les-artisans-de-sidi-bouzid-et-jendouba-exposent-a-tunis\/#breadcrumb","itemListElement":[{"@type":"ListItem","position":1,"name":"Accueil","item":"https:\/\/kapitalis.com\/tunisie\/"},{"@type":"ListItem","position":2,"name":"Les artisans de Sidi Bouzid et Jendouba exposent \u00e0 Tunis"}]},{"@type":"WebSite","@id":"https:\/\/kapitalis.com\/tunisie\/#website","url":"https:\/\/kapitalis.com\/tunisie\/","name":"Kapitalis","description":"L&#039;actualit\u00e9 en Tunisie et dans le monde","publisher":{"@id":"https:\/\/kapitalis.com\/tunisie\/#organization"},"potentialAction":[{"@type":"SearchAction","target":{"@type":"EntryPoint","urlTemplate":"https:\/\/kapitalis.com\/tunisie\/?s={search_term_string}"},"query-input":{"@type":"PropertyValueSpecification","valueRequired":true,"valueName":"search_term_string"}}],"inLanguage":"fr-FR"},{"@type":"Organization","@id":"https:\/\/kapitalis.com\/tunisie\/#organization","name":"Kapitalis","url":"https:\/\/kapitalis.com\/tunisie\/","logo":{"@type":"ImageObject","inLanguage":"fr-FR","@id":"https:\/\/kapitalis.com\/tunisie\/#\/schema\/logo\/image\/","url":"https:\/\/kapitalis.com\/tunisie\/wp-content\/uploads\/2022\/05\/Kapitalis-big-size.png","contentUrl":"https:\/\/kapitalis.com\/tunisie\/wp-content\/uploads\/2022\/05\/Kapitalis-big-size.png","width":5000,"height":1500,"caption":"Kapitalis"},"image":{"@id":"https:\/\/kapitalis.com\/tunisie\/#\/schema\/logo\/image\/"},"sameAs":["https:\/\/www.facebook.com\/KapitalisInfo\/","https:\/\/x.com\/KapitalisInfo","https:\/\/www.youtube.com\/channel\/UC-yDYrHyfFBWWZaOw3FPg9Q"]},{"@type":"Person","@id":"https:\/\/kapitalis.com\/tunisie\/#\/schema\/person\/d71f33a9ca44f7bad4698210b480c8e9","name":"webmaster kapitalis","url":"https:\/\/kapitalis.com\/tunisie\/author\/webmaster-kapitalis\/"}]}},"_links":{"self":[{"href":"https:\/\/kapitalis.com\/tunisie\/wp-json\/wp\/v2\/posts\/312347","targetHints":{"allow":["GET"]}}],"collection":[{"href":"https:\/\/kapitalis.com\/tunisie\/wp-json\/wp\/v2\/posts"}],"about":[{"href":"https:\/\/kapitalis.com\/tunisie\/wp-json\/wp\/v2\/types\/post"}],"author":[{"embeddable":true,"href":"https:\/\/kapitalis.com\/tunisie\/wp-json\/wp\/v2\/users\/8"}],"replies":[{"embeddable":true,"href":"https:\/\/kapitalis.com\/tunisie\/wp-json\/wp\/v2\/comments?post=312347"}],"version-history":[{"count":0,"href":"https:\/\/kapitalis.com\/tunisie\/wp-json\/wp\/v2\/posts\/312347\/revisions"}],"wp:featuredmedia":[{"embeddable":true,"href":"https:\/\/kapitalis.com\/tunisie\/wp-json\/wp\/v2\/media\/312348"}],"wp:attachment":[{"href":"https:\/\/kapitalis.com\/tunisie\/wp-json\/wp\/v2\/media?parent=312347"}],"wp:term":[{"taxonomy":"category","embeddable":true,"href":"https:\/\/kapitalis.com\/tunisie\/wp-json\/wp\/v2\/categories?post=312347"},{"taxonomy":"post_tag","embeddable":true,"href":"https:\/\/kapitalis.com\/tunisie\/wp-json\/wp\/v2\/tags?post=312347"}],"curies":[{"name":"wp","href":"https:\/\/api.w.org\/{rel}","templated":true}]}}