{"id":312350,"date":"2020-08-17T15:58:01","date_gmt":"2020-08-17T14:58:01","guid":{"rendered":"http:\/\/kapitalis.com\/tunisie\/?p=312350"},"modified":"2020-08-17T16:03:16","modified_gmt":"2020-08-17T15:03:16","slug":"makhlouf-heureux-que-le-qatar-mette-un-pied-dans-le-club-africain","status":"publish","type":"post","link":"https:\/\/kapitalis.com\/tunisie\/2020\/08\/17\/makhlouf-heureux-que-le-qatar-mette-un-pied-dans-le-club-africain\/","title":{"rendered":"Makhlouf heureux que le Qatar mette un pied dans le Club africain"},"content":{"rendered":"\n<figure class=\"wp-block-image size-large\"><img decoding=\"async\" src=\"http:\/\/kapitalis.com\/tunisie\/wp-content\/uploads\/2020\/08\/Seifeddine-Makhlouf-Qatar-Airways-Club-africain.jpg\" alt=\"\" class=\"wp-image-312351\"\/><\/figure>\n\n\n\n<p><strong><em>Se\u00effeddine Makhlouf dont la formation politique, Al-Karama, est align\u00e9e, comme le parti islamiste Ennahdha, sur l\u2019axe Ankara-Doha, dont ils sont les agents en Tunisie, n\u2019a pas pu cacher sa joie suite \u00e0 l\u2019annonce de la conclusion d\u2019un contrat de sponsoring entre le Club africain et la compagnie a\u00e9rienne \u00e9tatique qatarie, Qatar Airways. Pour lui, bien s\u00fbr, il s\u2019agit plus de gain politique que d\u2019affaire sportive.<\/em><\/strong><\/p>\n\n\n\n<p>Par <strong>Imed Bahri<\/strong><\/p>\n\n\n\n<!--more-->\n\n\n\n<p>Bien que supporteur de l\u2019Esp\u00e9rance sportive de Tunis, l\u2019autre c\u00e9l\u00e8bre club omnisport tunisois, le d\u00e9put\u00e9 pseudo-r\u00e9volutionnaire et populiste ne pouvait pas ne pas \u00eatre content de cette nouvelle vu que lui, sa formation politique et la maison m\u00e8re Ennahdha sont des pions importants du Qatar sur l\u2019\u00e9chiquier politique tunisien.<\/p>\n\n\n\n<div class=\"wp-block-image\"><figure class=\"aligncenter size-large\"><img decoding=\"async\" src=\"http:\/\/kapitalis.com\/tunisie\/wp-content\/uploads\/2020\/08\/Post-Makhlouf-Club-africain.jpg\" alt=\"\" class=\"wp-image-312356\"\/><\/figure><\/div>\n\n\n\n<h3 class=\"wp-block-heading\">Rached Ghannouchi \u00e0 la man\u0153uvre<\/h3>\n\n\n\n<p>Le d\u00e9put\u00e9, connu pour ses \u00e9carts de langage et ses d\u00e9rapages de conduite, n\u2019a pas manqu\u00e9 aussi de saluer le timing de la conclusion de ce contrat, en plein \u00e9t\u00e9, pendant que les \u00e9missions de talk-shows politiques, surtout dans les m\u00e9dias audiovisuels, sont en vacances et que les animateurs de ces \u00e9missions sont en cong\u00e9. Il a estim\u00e9 que si c\u2019\u00e9tait au cours de l\u2019ann\u00e9e, ces derniers, dont il a cit\u00e9 des noms en usant de sobriquets indignes d\u2019un d\u00e9put\u00e9, auraient men\u00e9 une campagne faisant croire que c\u2019est ce contrat, d&rsquo;une valeur de 24 millions de dinars tunisiens sur 4 ans, confirme la colonisation qatarie.<\/p>\n\n\n\n<p>Plusieurs sources bien inform\u00e9es affirment que c\u2019est Rached Ghannouchi, pr\u00e9sident d\u2019Ennahdha, align\u00e9 compl\u00e8tement sur l\u2019axe Ankara-Doha et tr\u00e8s proche du pouvoir qatarie, qui est l\u2019architecte de ce contrat. L\u2019id\u00e9e lui en est sans doute venue <a href=\"http:\/\/kapitalis.com\/tunisie\/2019\/10\/24\/pour-sortir-le-club-africain-de-la-crise-un-pere-noel-nomme-rached-ghannouchi\/\" target=\"_blank\" aria-label=\"undefined (s\u2019ouvre dans un nouvel onglet)\" rel=\"noreferrer noopener\">en recevant, il y a quelques mois, le pr\u00e9sident du club de Bab Jedid, Abdessalem Younsi, <\/a>venu lui parler des graves difficult\u00e9s financi\u00e8res auxquels il fait face et lui demander de l\u2019aide.<\/p>\n\n\n\n<figure class=\"wp-block-image size-large is-resized\"><img decoding=\"async\" src=\"http:\/\/kapitalis.com\/tunisie\/wp-content\/uploads\/2019\/10\/Rached-Ghannouchi-et-Abdessalem-Younsi.jpg\" alt=\"\" class=\"wp-image-249663\" width=\"500\"\/><figcaption><em>Younsi re\u00e7u par Ghannouchi en octobre 2019.<\/em> Les islamistes investissent le sport&#8230; <\/figcaption><\/figure>\n\n\n\n<h3 class=\"wp-block-heading\">Le football, instrument du soft power qatari<\/h3>\n\n\n\n<p>Rappelons que l\u2019\u00e9mirat gazier des Al-Thani utilise le sport et surtout le football, sport le plus populaire et le plus suivi dans la plan\u00e8te, comme instrument du soft power. Le contrat conclu entre Qatar Airways et le Club africain en est l\u2019illustration. Les Qataris ne font pas de la charit\u00e9 et ne l\u2019ont pas fait pour les beaux yeux des Clubistes dont le club conna\u00eet de grandes difficult\u00e9s financi\u00e8res mais cet investissement rentre dans le cadre de cette strat\u00e9gie d\u2019utiliser le foot comme soft power pour redorer l\u2019image du pays sur le plan international.<\/p>\n\n\n\n<p>Rappelons \u00e0 ce propos que le portefeuille des parrainages du football international de Qatar Airways comprend plusieurs grands clubs comme le Paris St. Germain, l\u2019AS Roma, le Boca Juniors, le Bayern de Munich, le K.A.S. Eupen et l\u2019Al Sadd SC. En outre, Qatar Airways est le partenaire a\u00e9rien officiel de la Fifa et a particip\u00e9 au parrainage de la Coupe du Monde Fifa 2018\u2122 en Russie, de la Coupe du Monde des Clubs de la Fifa 2019\u2122 au Qatar, de la Coupe du Monde F\u00e9minine 2019\u2122 et de la future Coupe du Monde de la Fifa 2022\u2122 au Qatar.<\/p>\n\n\n\n<figure class=\"wp-block-embed-wordpress wp-block-embed is-type-wp-embed is-provider-kapitalis\"><div class=\"wp-block-embed__wrapper\">\n<blockquote class=\"wp-embedded-content\" data-secret=\"gMYJ0SeyAl\"><a href=\"https:\/\/kapitalis.com\/tunisie\/2020\/08\/16\/tunisie-le-club-africain-signe-un-accord-se-sponsoring-avec-qatar-airways\/\">Tunisie : Le Club africain signe un accord se sponsoring avec Qatar Airways<\/a><\/blockquote><iframe loading=\"lazy\" class=\"wp-embedded-content\" sandbox=\"allow-scripts\" security=\"restricted\" style=\"position: absolute; clip: rect(1px, 1px, 1px, 1px);\" title=\"\u00ab\u00a0Tunisie : Le Club africain signe un accord se sponsoring avec Qatar Airways\u00a0\u00bb &#8212; Kapitalis\" src=\"https:\/\/kapitalis.com\/tunisie\/2020\/08\/16\/tunisie-le-club-africain-signe-un-accord-se-sponsoring-avec-qatar-airways\/embed\/#?secret=LaRmpBXaKv#?secret=gMYJ0SeyAl\" data-secret=\"gMYJ0SeyAl\" width=\"600\" height=\"338\" frameborder=\"0\" marginwidth=\"0\" marginheight=\"0\" scrolling=\"no\"><\/iframe>\n<\/div><\/figure>\n\n\n\n<figure class=\"wp-block-embed-wordpress wp-block-embed is-type-wp-embed is-provider-kapitalis\"><div class=\"wp-block-embed__wrapper\">\n<blockquote class=\"wp-embedded-content\" data-secret=\"JdDUXWag8G\"><a href=\"https:\/\/kapitalis.com\/tunisie\/2019\/10\/24\/pour-sortir-le-club-africain-de-la-crise-un-pere-noel-nomme-rached-ghannouchi\/\">Pour sortir le Club africain de la crise : un p\u00e8re Noel nomm\u00e9 Rached Ghannouchi !<\/a><\/blockquote><iframe loading=\"lazy\" class=\"wp-embedded-content\" sandbox=\"allow-scripts\" security=\"restricted\" style=\"position: absolute; clip: rect(1px, 1px, 1px, 1px);\" title=\"\u00ab\u00a0Pour sortir le Club africain de la crise : un p\u00e8re Noel nomm\u00e9 Rached Ghannouchi !\u00a0\u00bb &#8212; Kapitalis\" src=\"https:\/\/kapitalis.com\/tunisie\/2019\/10\/24\/pour-sortir-le-club-africain-de-la-crise-un-pere-noel-nomme-rached-ghannouchi\/embed\/#?secret=a3U6DTwPm6#?secret=JdDUXWag8G\" data-secret=\"JdDUXWag8G\" width=\"600\" height=\"338\" frameborder=\"0\" marginwidth=\"0\" marginheight=\"0\" scrolling=\"no\"><\/iframe>\n<\/div><\/figure>\n","protected":false},"excerpt":{"rendered":"<p>Se\u00effeddine Makhlouf dont la formation politique, Al-Karama, est align\u00e9e, comme le parti islamiste Ennahdha, sur l\u2019axe Ankara-Doha, dont ils sont les agents en Tunisie, n\u2019a pas pu cacher sa joie suite \u00e0 l\u2019annonce de la conclusion d\u2019un contrat de sponsoring entre le Club africain et la compagnie a\u00e9rienne \u00e9tatique qatarie, Qatar Airways. Pour lui, bien&#8230;<\/p>\n","protected":false},"author":8,"featured_media":312351,"comment_status":"open","ping_status":"open","sticky":false,"template":"","format":"standard","meta":{"footnotes":""},"categories":[992,997,999,2433],"tags":[32141,76464,81843,211,49543,24711,758,8752],"class_list":["post-312350","post","type-post","status-publish","format-standard","has-post-thumbnail","hentry","category-a-la-une","category-politique","category-sport","category-tunisie","tag-abdessalem-younsi","tag-al-karama-2","tag-axe-ankara-doha","tag-club-africain","tag-ennahdha","tag-qatar-airways","tag-rached-ghannouchi","tag-seifeddine-makhlouf"],"yoast_head":"<!-- This site is optimized with the Yoast SEO plugin v26.6 - https:\/\/yoast.com\/wordpress\/plugins\/seo\/ -->\n<title>Makhlouf heureux que le Qatar mette un pied dans le Club africain - Kapitalis<\/title>\n<meta name=\"robots\" content=\"index, follow, max-snippet:-1, max-image-preview:large, max-video-preview:-1\" \/>\n<link rel=\"canonical\" href=\"https:\/\/kapitalis.com\/tunisie\/2020\/08\/17\/makhlouf-heureux-que-le-qatar-mette-un-pied-dans-le-club-africain\/\" \/>\n<meta property=\"og:locale\" content=\"fr_FR\" \/>\n<meta property=\"og:type\" content=\"article\" \/>\n<meta property=\"og:title\" content=\"Makhlouf heureux que le Qatar mette un pied dans le Club africain - Kapitalis\" \/>\n<meta property=\"og:description\" content=\"Se\u00effeddine Makhlouf dont la formation politique, Al-Karama, est align\u00e9e, comme le parti islamiste Ennahdha, sur l\u2019axe Ankara-Doha, dont ils sont les agents en Tunisie, n\u2019a pas pu cacher sa joie suite \u00e0 l\u2019annonce de la conclusion d\u2019un contrat de sponsoring entre le Club africain et la compagnie a\u00e9rienne \u00e9tatique qatarie, Qatar Airways. Pour lui, bien...\" \/>\n<meta property=\"og:url\" content=\"https:\/\/kapitalis.com\/tunisie\/2020\/08\/17\/makhlouf-heureux-que-le-qatar-mette-un-pied-dans-le-club-africain\/\" \/>\n<meta property=\"og:site_name\" content=\"Kapitalis\" \/>\n<meta property=\"article:publisher\" content=\"https:\/\/www.facebook.com\/KapitalisInfo\/\" \/>\n<meta property=\"article:published_time\" content=\"2020-08-17T14:58:01+00:00\" \/>\n<meta property=\"article:modified_time\" content=\"2020-08-17T15:03:16+00:00\" \/>\n<meta property=\"og:image\" content=\"https:\/\/kapitalis.com\/tunisie\/wp-content\/uploads\/2022\/05\/kapitalis-logo-fb.png\" \/>\n\t<meta property=\"og:image:width\" content=\"1200\" \/>\n\t<meta property=\"og:image:height\" content=\"630\" \/>\n\t<meta property=\"og:image:type\" content=\"image\/png\" \/>\n<meta name=\"author\" content=\"webmaster kapitalis\" \/>\n<meta name=\"twitter:card\" content=\"summary_large_image\" \/>\n<meta name=\"twitter:creator\" content=\"@KapitalisInfo\" \/>\n<meta name=\"twitter:site\" content=\"@KapitalisInfo\" \/>\n<meta name=\"twitter:label1\" content=\"\u00c9crit par\" \/>\n\t<meta name=\"twitter:data1\" content=\"webmaster kapitalis\" \/>\n\t<meta name=\"twitter:label2\" content=\"Dur\u00e9e de lecture estim\u00e9e\" \/>\n\t<meta name=\"twitter:data2\" content=\"3 minutes\" \/>\n<script type=\"application\/ld+json\" class=\"yoast-schema-graph\">{\"@context\":\"https:\/\/schema.org\",\"@graph\":[{\"@type\":\"Article\",\"@id\":\"https:\/\/kapitalis.com\/tunisie\/2020\/08\/17\/makhlouf-heureux-que-le-qatar-mette-un-pied-dans-le-club-africain\/#article\",\"isPartOf\":{\"@id\":\"https:\/\/kapitalis.com\/tunisie\/2020\/08\/17\/makhlouf-heureux-que-le-qatar-mette-un-pied-dans-le-club-africain\/\"},\"author\":{\"name\":\"webmaster kapitalis\",\"@id\":\"https:\/\/kapitalis.com\/tunisie\/#\/schema\/person\/d71f33a9ca44f7bad4698210b480c8e9\"},\"headline\":\"Makhlouf heureux que le Qatar mette un pied dans le Club africain\",\"datePublished\":\"2020-08-17T14:58:01+00:00\",\"dateModified\":\"2020-08-17T15:03:16+00:00\",\"mainEntityOfPage\":{\"@id\":\"https:\/\/kapitalis.com\/tunisie\/2020\/08\/17\/makhlouf-heureux-que-le-qatar-mette-un-pied-dans-le-club-africain\/\"},\"wordCount\":579,\"commentCount\":4,\"publisher\":{\"@id\":\"https:\/\/kapitalis.com\/tunisie\/#organization\"},\"image\":{\"@id\":\"https:\/\/kapitalis.com\/tunisie\/2020\/08\/17\/makhlouf-heureux-que-le-qatar-mette-un-pied-dans-le-club-africain\/#primaryimage\"},\"thumbnailUrl\":\"\",\"keywords\":[\"Abdessalem Younsi\",\"Al-Karama\",\"axe Ankara-Doha\",\"Club Africain\",\"Ennahdha\",\"Qatar Airways\",\"Rached Ghannouchi\",\"Seifeddine Makhlouf\"],\"articleSection\":[\"A LA UNE\",\"POLITIQUE\",\"SPORT\",\"Tunisie\"],\"inLanguage\":\"fr-FR\",\"potentialAction\":[{\"@type\":\"CommentAction\",\"name\":\"Comment\",\"target\":[\"https:\/\/kapitalis.com\/tunisie\/2020\/08\/17\/makhlouf-heureux-que-le-qatar-mette-un-pied-dans-le-club-africain\/#respond\"]}]},{\"@type\":\"WebPage\",\"@id\":\"https:\/\/kapitalis.com\/tunisie\/2020\/08\/17\/makhlouf-heureux-que-le-qatar-mette-un-pied-dans-le-club-africain\/\",\"url\":\"https:\/\/kapitalis.com\/tunisie\/2020\/08\/17\/makhlouf-heureux-que-le-qatar-mette-un-pied-dans-le-club-africain\/\",\"name\":\"Makhlouf heureux que le Qatar mette un pied dans le Club africain - Kapitalis\",\"isPartOf\":{\"@id\":\"https:\/\/kapitalis.com\/tunisie\/#website\"},\"primaryImageOfPage\":{\"@id\":\"https:\/\/kapitalis.com\/tunisie\/2020\/08\/17\/makhlouf-heureux-que-le-qatar-mette-un-pied-dans-le-club-africain\/#primaryimage\"},\"image\":{\"@id\":\"https:\/\/kapitalis.com\/tunisie\/2020\/08\/17\/makhlouf-heureux-que-le-qatar-mette-un-pied-dans-le-club-africain\/#primaryimage\"},\"thumbnailUrl\":\"\",\"datePublished\":\"2020-08-17T14:58:01+00:00\",\"dateModified\":\"2020-08-17T15:03:16+00:00\",\"breadcrumb\":{\"@id\":\"https:\/\/kapitalis.com\/tunisie\/2020\/08\/17\/makhlouf-heureux-que-le-qatar-mette-un-pied-dans-le-club-africain\/#breadcrumb\"},\"inLanguage\":\"fr-FR\",\"potentialAction\":[{\"@type\":\"ReadAction\",\"target\":[\"https:\/\/kapitalis.com\/tunisie\/2020\/08\/17\/makhlouf-heureux-que-le-qatar-mette-un-pied-dans-le-club-africain\/\"]}]},{\"@type\":\"ImageObject\",\"inLanguage\":\"fr-FR\",\"@id\":\"https:\/\/kapitalis.com\/tunisie\/2020\/08\/17\/makhlouf-heureux-que-le-qatar-mette-un-pied-dans-le-club-africain\/#primaryimage\",\"url\":\"\",\"contentUrl\":\"\"},{\"@type\":\"BreadcrumbList\",\"@id\":\"https:\/\/kapitalis.com\/tunisie\/2020\/08\/17\/makhlouf-heureux-que-le-qatar-mette-un-pied-dans-le-club-africain\/#breadcrumb\",\"itemListElement\":[{\"@type\":\"ListItem\",\"position\":1,\"name\":\"Accueil\",\"item\":\"https:\/\/kapitalis.com\/tunisie\/\"},{\"@type\":\"ListItem\",\"position\":2,\"name\":\"Makhlouf heureux que le Qatar mette un pied dans le Club africain\"}]},{\"@type\":\"WebSite\",\"@id\":\"https:\/\/kapitalis.com\/tunisie\/#website\",\"url\":\"https:\/\/kapitalis.com\/tunisie\/\",\"name\":\"Kapitalis\",\"description\":\"L&#039;actualit\u00e9 en Tunisie et dans le monde\",\"publisher\":{\"@id\":\"https:\/\/kapitalis.com\/tunisie\/#organization\"},\"potentialAction\":[{\"@type\":\"SearchAction\",\"target\":{\"@type\":\"EntryPoint\",\"urlTemplate\":\"https:\/\/kapitalis.com\/tunisie\/?s={search_term_string}\"},\"query-input\":{\"@type\":\"PropertyValueSpecification\",\"valueRequired\":true,\"valueName\":\"search_term_string\"}}],\"inLanguage\":\"fr-FR\"},{\"@type\":\"Organization\",\"@id\":\"https:\/\/kapitalis.com\/tunisie\/#organization\",\"name\":\"Kapitalis\",\"url\":\"https:\/\/kapitalis.com\/tunisie\/\",\"logo\":{\"@type\":\"ImageObject\",\"inLanguage\":\"fr-FR\",\"@id\":\"https:\/\/kapitalis.com\/tunisie\/#\/schema\/logo\/image\/\",\"url\":\"https:\/\/kapitalis.com\/tunisie\/wp-content\/uploads\/2022\/05\/Kapitalis-big-size.png\",\"contentUrl\":\"https:\/\/kapitalis.com\/tunisie\/wp-content\/uploads\/2022\/05\/Kapitalis-big-size.png\",\"width\":5000,\"height\":1500,\"caption\":\"Kapitalis\"},\"image\":{\"@id\":\"https:\/\/kapitalis.com\/tunisie\/#\/schema\/logo\/image\/\"},\"sameAs\":[\"https:\/\/www.facebook.com\/KapitalisInfo\/\",\"https:\/\/x.com\/KapitalisInfo\",\"https:\/\/www.youtube.com\/channel\/UC-yDYrHyfFBWWZaOw3FPg9Q\"]},{\"@type\":\"Person\",\"@id\":\"https:\/\/kapitalis.com\/tunisie\/#\/schema\/person\/d71f33a9ca44f7bad4698210b480c8e9\",\"name\":\"webmaster kapitalis\",\"url\":\"https:\/\/kapitalis.com\/tunisie\/author\/webmaster-kapitalis\/\"}]}<\/script>\n<!-- \/ Yoast SEO plugin. -->","yoast_head_json":{"title":"Makhlouf heureux que le Qatar mette un pied dans le Club africain - Kapitalis","robots":{"index":"index","follow":"follow","max-snippet":"max-snippet:-1","max-image-preview":"max-image-preview:large","max-video-preview":"max-video-preview:-1"},"canonical":"https:\/\/kapitalis.com\/tunisie\/2020\/08\/17\/makhlouf-heureux-que-le-qatar-mette-un-pied-dans-le-club-africain\/","og_locale":"fr_FR","og_type":"article","og_title":"Makhlouf heureux que le Qatar mette un pied dans le Club africain - Kapitalis","og_description":"Se\u00effeddine Makhlouf dont la formation politique, Al-Karama, est align\u00e9e, comme le parti islamiste Ennahdha, sur l\u2019axe Ankara-Doha, dont ils sont les agents en Tunisie, n\u2019a pas pu cacher sa joie suite \u00e0 l\u2019annonce de la conclusion d\u2019un contrat de sponsoring entre le Club africain et la compagnie a\u00e9rienne \u00e9tatique qatarie, Qatar Airways. Pour lui, bien...","og_url":"https:\/\/kapitalis.com\/tunisie\/2020\/08\/17\/makhlouf-heureux-que-le-qatar-mette-un-pied-dans-le-club-africain\/","og_site_name":"Kapitalis","article_publisher":"https:\/\/www.facebook.com\/KapitalisInfo\/","article_published_time":"2020-08-17T14:58:01+00:00","article_modified_time":"2020-08-17T15:03:16+00:00","og_image":[{"width":1200,"height":630,"url":"https:\/\/kapitalis.com\/tunisie\/wp-content\/uploads\/2022\/05\/kapitalis-logo-fb.png","type":"image\/png"}],"author":"webmaster kapitalis","twitter_card":"summary_large_image","twitter_creator":"@KapitalisInfo","twitter_site":"@KapitalisInfo","twitter_misc":{"\u00c9crit par":"webmaster kapitalis","Dur\u00e9e de lecture estim\u00e9e":"3 minutes"},"schema":{"@context":"https:\/\/schema.org","@graph":[{"@type":"Article","@id":"https:\/\/kapitalis.com\/tunisie\/2020\/08\/17\/makhlouf-heureux-que-le-qatar-mette-un-pied-dans-le-club-africain\/#article","isPartOf":{"@id":"https:\/\/kapitalis.com\/tunisie\/2020\/08\/17\/makhlouf-heureux-que-le-qatar-mette-un-pied-dans-le-club-africain\/"},"author":{"name":"webmaster kapitalis","@id":"https:\/\/kapitalis.com\/tunisie\/#\/schema\/person\/d71f33a9ca44f7bad4698210b480c8e9"},"headline":"Makhlouf heureux que le Qatar mette un pied dans le Club africain","datePublished":"2020-08-17T14:58:01+00:00","dateModified":"2020-08-17T15:03:16+00:00","mainEntityOfPage":{"@id":"https:\/\/kapitalis.com\/tunisie\/2020\/08\/17\/makhlouf-heureux-que-le-qatar-mette-un-pied-dans-le-club-africain\/"},"wordCount":579,"commentCount":4,"publisher":{"@id":"https:\/\/kapitalis.com\/tunisie\/#organization"},"image":{"@id":"https:\/\/kapitalis.com\/tunisie\/2020\/08\/17\/makhlouf-heureux-que-le-qatar-mette-un-pied-dans-le-club-africain\/#primaryimage"},"thumbnailUrl":"","keywords":["Abdessalem Younsi","Al-Karama","axe Ankara-Doha","Club Africain","Ennahdha","Qatar Airways","Rached Ghannouchi","Seifeddine Makhlouf"],"articleSection":["A LA UNE","POLITIQUE","SPORT","Tunisie"],"inLanguage":"fr-FR","potentialAction":[{"@type":"CommentAction","name":"Comment","target":["https:\/\/kapitalis.com\/tunisie\/2020\/08\/17\/makhlouf-heureux-que-le-qatar-mette-un-pied-dans-le-club-africain\/#respond"]}]},{"@type":"WebPage","@id":"https:\/\/kapitalis.com\/tunisie\/2020\/08\/17\/makhlouf-heureux-que-le-qatar-mette-un-pied-dans-le-club-africain\/","url":"https:\/\/kapitalis.com\/tunisie\/2020\/08\/17\/makhlouf-heureux-que-le-qatar-mette-un-pied-dans-le-club-africain\/","name":"Makhlouf heureux que le Qatar mette un pied dans le Club africain - Kapitalis","isPartOf":{"@id":"https:\/\/kapitalis.com\/tunisie\/#website"},"primaryImageOfPage":{"@id":"https:\/\/kapitalis.com\/tunisie\/2020\/08\/17\/makhlouf-heureux-que-le-qatar-mette-un-pied-dans-le-club-africain\/#primaryimage"},"image":{"@id":"https:\/\/kapitalis.com\/tunisie\/2020\/08\/17\/makhlouf-heureux-que-le-qatar-mette-un-pied-dans-le-club-africain\/#primaryimage"},"thumbnailUrl":"","datePublished":"2020-08-17T14:58:01+00:00","dateModified":"2020-08-17T15:03:16+00:00","breadcrumb":{"@id":"https:\/\/kapitalis.com\/tunisie\/2020\/08\/17\/makhlouf-heureux-que-le-qatar-mette-un-pied-dans-le-club-africain\/#breadcrumb"},"inLanguage":"fr-FR","potentialAction":[{"@type":"ReadAction","target":["https:\/\/kapitalis.com\/tunisie\/2020\/08\/17\/makhlouf-heureux-que-le-qatar-mette-un-pied-dans-le-club-africain\/"]}]},{"@type":"ImageObject","inLanguage":"fr-FR","@id":"https:\/\/kapitalis.com\/tunisie\/2020\/08\/17\/makhlouf-heureux-que-le-qatar-mette-un-pied-dans-le-club-africain\/#primaryimage","url":"","contentUrl":""},{"@type":"BreadcrumbList","@id":"https:\/\/kapitalis.com\/tunisie\/2020\/08\/17\/makhlouf-heureux-que-le-qatar-mette-un-pied-dans-le-club-africain\/#breadcrumb","itemListElement":[{"@type":"ListItem","position":1,"name":"Accueil","item":"https:\/\/kapitalis.com\/tunisie\/"},{"@type":"ListItem","position":2,"name":"Makhlouf heureux que le Qatar mette un pied dans le Club africain"}]},{"@type":"WebSite","@id":"https:\/\/kapitalis.com\/tunisie\/#website","url":"https:\/\/kapitalis.com\/tunisie\/","name":"Kapitalis","description":"L&#039;actualit\u00e9 en Tunisie et dans le monde","publisher":{"@id":"https:\/\/kapitalis.com\/tunisie\/#organization"},"potentialAction":[{"@type":"SearchAction","target":{"@type":"EntryPoint","urlTemplate":"https:\/\/kapitalis.com\/tunisie\/?s={search_term_string}"},"query-input":{"@type":"PropertyValueSpecification","valueRequired":true,"valueName":"search_term_string"}}],"inLanguage":"fr-FR"},{"@type":"Organization","@id":"https:\/\/kapitalis.com\/tunisie\/#organization","name":"Kapitalis","url":"https:\/\/kapitalis.com\/tunisie\/","logo":{"@type":"ImageObject","inLanguage":"fr-FR","@id":"https:\/\/kapitalis.com\/tunisie\/#\/schema\/logo\/image\/","url":"https:\/\/kapitalis.com\/tunisie\/wp-content\/uploads\/2022\/05\/Kapitalis-big-size.png","contentUrl":"https:\/\/kapitalis.com\/tunisie\/wp-content\/uploads\/2022\/05\/Kapitalis-big-size.png","width":5000,"height":1500,"caption":"Kapitalis"},"image":{"@id":"https:\/\/kapitalis.com\/tunisie\/#\/schema\/logo\/image\/"},"sameAs":["https:\/\/www.facebook.com\/KapitalisInfo\/","https:\/\/x.com\/KapitalisInfo","https:\/\/www.youtube.com\/channel\/UC-yDYrHyfFBWWZaOw3FPg9Q"]},{"@type":"Person","@id":"https:\/\/kapitalis.com\/tunisie\/#\/schema\/person\/d71f33a9ca44f7bad4698210b480c8e9","name":"webmaster kapitalis","url":"https:\/\/kapitalis.com\/tunisie\/author\/webmaster-kapitalis\/"}]}},"_links":{"self":[{"href":"https:\/\/kapitalis.com\/tunisie\/wp-json\/wp\/v2\/posts\/312350","targetHints":{"allow":["GET"]}}],"collection":[{"href":"https:\/\/kapitalis.com\/tunisie\/wp-json\/wp\/v2\/posts"}],"about":[{"href":"https:\/\/kapitalis.com\/tunisie\/wp-json\/wp\/v2\/types\/post"}],"author":[{"embeddable":true,"href":"https:\/\/kapitalis.com\/tunisie\/wp-json\/wp\/v2\/users\/8"}],"replies":[{"embeddable":true,"href":"https:\/\/kapitalis.com\/tunisie\/wp-json\/wp\/v2\/comments?post=312350"}],"version-history":[{"count":0,"href":"https:\/\/kapitalis.com\/tunisie\/wp-json\/wp\/v2\/posts\/312350\/revisions"}],"wp:featuredmedia":[{"embeddable":true,"href":"https:\/\/kapitalis.com\/tunisie\/wp-json\/wp\/v2\/media\/312351"}],"wp:attachment":[{"href":"https:\/\/kapitalis.com\/tunisie\/wp-json\/wp\/v2\/media?parent=312350"}],"wp:term":[{"taxonomy":"category","embeddable":true,"href":"https:\/\/kapitalis.com\/tunisie\/wp-json\/wp\/v2\/categories?post=312350"},{"taxonomy":"post_tag","embeddable":true,"href":"https:\/\/kapitalis.com\/tunisie\/wp-json\/wp\/v2\/tags?post=312350"}],"curies":[{"name":"wp","href":"https:\/\/api.w.org\/{rel}","templated":true}]}}