{"id":312380,"date":"2020-08-17T17:47:37","date_gmt":"2020-08-17T16:47:37","guid":{"rendered":"http:\/\/kapitalis.com\/tunisie\/?p=312380"},"modified":"2020-08-17T17:47:40","modified_gmt":"2020-08-17T16:47:40","slug":"tunisie-la-presidence-de-lassemblee-condamne-la-normalisation-des-relations-entre-les-emirats-et-israel","status":"publish","type":"post","link":"https:\/\/kapitalis.com\/tunisie\/2020\/08\/17\/tunisie-la-presidence-de-lassemblee-condamne-la-normalisation-des-relations-entre-les-emirats-et-israel\/","title":{"rendered":"Tunisie : La pr\u00e9sidence de l\u2019Assembl\u00e9e condamne la normalisation des relations entre les \u00c9mirats et Isra\u00ebl"},"content":{"rendered":"\n<figure class=\"wp-block-image size-large\"><img decoding=\"async\" src=\"http:\/\/kapitalis.com\/tunisie\/wp-content\/uploads\/2020\/08\/Emirats-Israel.jpg\" alt=\"\" class=\"wp-image-311872\"\/><\/figure>\n\n\n\n<p><strong><em>L\u2019Assembl\u00e9e des repr\u00e9sentant du peuple (ARP), pr\u00e9sid\u00e9e par le tr\u00e8s erdoganien et pro-qatari Rached Ghannouchi, pr\u00e9sident du parti islamiste Ennahdha, a vivement condamn\u00e9 le rapprochement et la normalisation des relations entre les \u00c9mirats arabes unis et Isra\u00ebl.<\/em><\/strong><\/p>\n\n\n\n<!--more-->\n\n\n\n<p>Le communiqu\u00e9, publi\u00e9 \u00e0 cet effet, aujourd\u2019hui, lundi 17 ao\u00fbt 2020, par la pr\u00e9sidence de l\u2019ARP, a un ton tr\u00e8s pro-palestinien, o\u00f9 on devine plus l\u2019instrumentalisation politique que le militantisme sinc\u00e8re. Car Ennahdha et son gourou ont jusque-l\u00e0 observ\u00e9 un mutisme total sur les relations plus anciennes et plus profondes entre Isra\u00ebl et le Qatar. Cela s\u2019appelle une indignation \u00e0 g\u00e9om\u00e9trie variable ou politiquement orient\u00e9e.<\/p>\n\n\n\n<p>C\u2019est aussi un clin d\u2019\u0153il adress\u00e9 au tr\u00e8s pro-palestinien pr\u00e9sident de la r\u00e9publique Ka\u00efs Sa\u00efed pour qu\u2019il sorte de son mutisme sur la question observ\u00e9 depuis l\u2019annonce de l\u2019accord de paix entre Abou Dhabi et Tel Aviv, jeudi 13 ao\u00fbt.<\/p>\n\n\n\n<p class=\"has-text-align-right\"><strong>I. B. <\/strong><\/p>\n","protected":false},"excerpt":{"rendered":"<p>L\u2019Assembl\u00e9e des repr\u00e9sentant du peuple (ARP), pr\u00e9sid\u00e9e par le tr\u00e8s erdoganien et pro-qatari Rached Ghannouchi, pr\u00e9sident du parti islamiste Ennahdha, a vivement condamn\u00e9 le rapprochement et la normalisation des relations entre les \u00c9mirats arabes unis et Isra\u00ebl.<\/p>\n","protected":false},"author":8,"featured_media":0,"comment_status":"open","ping_status":"open","sticky":false,"template":"","format":"standard","meta":{"footnotes":""},"categories":[997,2433],"tags":[7025,6442,49543,2478,76012,756,758],"class_list":["post-312380","post","type-post","status-publish","format-standard","hentry","category-politique","category-tunisie","tag-abou-dhabi","tag-emirats-arabes-unis","tag-ennahdha","tag-israel","tag-kais-saied-2","tag-qatar","tag-rached-ghannouchi"],"yoast_head":"<!-- This site is optimized with the Yoast SEO plugin v26.6 - https:\/\/yoast.com\/wordpress\/plugins\/seo\/ -->\n<title>Tunisie : La pr\u00e9sidence de l\u2019Assembl\u00e9e condamne la normalisation des relations entre les \u00c9mirats et Isra\u00ebl - Kapitalis<\/title>\n<meta name=\"robots\" content=\"index, follow, max-snippet:-1, max-image-preview:large, max-video-preview:-1\" \/>\n<link rel=\"canonical\" href=\"https:\/\/kapitalis.com\/tunisie\/2020\/08\/17\/tunisie-la-presidence-de-lassemblee-condamne-la-normalisation-des-relations-entre-les-emirats-et-israel\/\" \/>\n<meta property=\"og:locale\" content=\"fr_FR\" \/>\n<meta property=\"og:type\" content=\"article\" \/>\n<meta property=\"og:title\" content=\"Tunisie : La pr\u00e9sidence de l\u2019Assembl\u00e9e condamne la normalisation des relations entre les \u00c9mirats et Isra\u00ebl - Kapitalis\" \/>\n<meta property=\"og:description\" content=\"L\u2019Assembl\u00e9e des repr\u00e9sentant du peuple (ARP), pr\u00e9sid\u00e9e par le tr\u00e8s erdoganien et pro-qatari Rached Ghannouchi, pr\u00e9sident du parti islamiste Ennahdha, a vivement condamn\u00e9 le rapprochement et la normalisation des relations entre les \u00c9mirats arabes unis et Isra\u00ebl.\" \/>\n<meta property=\"og:url\" content=\"https:\/\/kapitalis.com\/tunisie\/2020\/08\/17\/tunisie-la-presidence-de-lassemblee-condamne-la-normalisation-des-relations-entre-les-emirats-et-israel\/\" \/>\n<meta property=\"og:site_name\" content=\"Kapitalis\" \/>\n<meta property=\"article:publisher\" content=\"https:\/\/www.facebook.com\/KapitalisInfo\/\" \/>\n<meta property=\"article:published_time\" content=\"2020-08-17T16:47:37+00:00\" \/>\n<meta property=\"article:modified_time\" content=\"2020-08-17T16:47:40+00:00\" \/>\n<meta property=\"og:image\" content=\"http:\/\/kapitalis.com\/tunisie\/wp-content\/uploads\/2020\/08\/Emirats-Israel.jpg\" \/>\n<meta name=\"author\" content=\"webmaster kapitalis\" \/>\n<meta name=\"twitter:card\" content=\"summary_large_image\" \/>\n<meta name=\"twitter:creator\" content=\"@KapitalisInfo\" \/>\n<meta name=\"twitter:site\" content=\"@KapitalisInfo\" \/>\n<meta name=\"twitter:label1\" content=\"\u00c9crit par\" \/>\n\t<meta name=\"twitter:data1\" content=\"webmaster kapitalis\" \/>\n\t<meta name=\"twitter:label2\" content=\"Dur\u00e9e de lecture estim\u00e9e\" \/>\n\t<meta name=\"twitter:data2\" content=\"1 minute\" \/>\n<script type=\"application\/ld+json\" class=\"yoast-schema-graph\">{\"@context\":\"https:\/\/schema.org\",\"@graph\":[{\"@type\":\"Article\",\"@id\":\"https:\/\/kapitalis.com\/tunisie\/2020\/08\/17\/tunisie-la-presidence-de-lassemblee-condamne-la-normalisation-des-relations-entre-les-emirats-et-israel\/#article\",\"isPartOf\":{\"@id\":\"https:\/\/kapitalis.com\/tunisie\/2020\/08\/17\/tunisie-la-presidence-de-lassemblee-condamne-la-normalisation-des-relations-entre-les-emirats-et-israel\/\"},\"author\":{\"name\":\"webmaster kapitalis\",\"@id\":\"https:\/\/kapitalis.com\/tunisie\/#\/schema\/person\/d71f33a9ca44f7bad4698210b480c8e9\"},\"headline\":\"Tunisie : La pr\u00e9sidence de l\u2019Assembl\u00e9e condamne la normalisation des relations entre les \u00c9mirats et Isra\u00ebl\",\"datePublished\":\"2020-08-17T16:47:37+00:00\",\"dateModified\":\"2020-08-17T16:47:40+00:00\",\"mainEntityOfPage\":{\"@id\":\"https:\/\/kapitalis.com\/tunisie\/2020\/08\/17\/tunisie-la-presidence-de-lassemblee-condamne-la-normalisation-des-relations-entre-les-emirats-et-israel\/\"},\"wordCount\":189,\"commentCount\":10,\"publisher\":{\"@id\":\"https:\/\/kapitalis.com\/tunisie\/#organization\"},\"image\":{\"@id\":\"https:\/\/kapitalis.com\/tunisie\/2020\/08\/17\/tunisie-la-presidence-de-lassemblee-condamne-la-normalisation-des-relations-entre-les-emirats-et-israel\/#primaryimage\"},\"thumbnailUrl\":\"http:\/\/kapitalis.com\/tunisie\/wp-content\/uploads\/2020\/08\/Emirats-Israel.jpg\",\"keywords\":[\"Abou Dhabi\",\"Emirats arabes unis\",\"Ennahdha\",\"Isra\u00ebl\",\"Ka\u00efs Sa\u00efed\",\"Qatar\",\"Rached Ghannouchi\"],\"articleSection\":[\"POLITIQUE\",\"Tunisie\"],\"inLanguage\":\"fr-FR\",\"potentialAction\":[{\"@type\":\"CommentAction\",\"name\":\"Comment\",\"target\":[\"https:\/\/kapitalis.com\/tunisie\/2020\/08\/17\/tunisie-la-presidence-de-lassemblee-condamne-la-normalisation-des-relations-entre-les-emirats-et-israel\/#respond\"]}]},{\"@type\":\"WebPage\",\"@id\":\"https:\/\/kapitalis.com\/tunisie\/2020\/08\/17\/tunisie-la-presidence-de-lassemblee-condamne-la-normalisation-des-relations-entre-les-emirats-et-israel\/\",\"url\":\"https:\/\/kapitalis.com\/tunisie\/2020\/08\/17\/tunisie-la-presidence-de-lassemblee-condamne-la-normalisation-des-relations-entre-les-emirats-et-israel\/\",\"name\":\"Tunisie : La pr\u00e9sidence de l\u2019Assembl\u00e9e condamne la normalisation des relations entre les \u00c9mirats et Isra\u00ebl - Kapitalis\",\"isPartOf\":{\"@id\":\"https:\/\/kapitalis.com\/tunisie\/#website\"},\"primaryImageOfPage\":{\"@id\":\"https:\/\/kapitalis.com\/tunisie\/2020\/08\/17\/tunisie-la-presidence-de-lassemblee-condamne-la-normalisation-des-relations-entre-les-emirats-et-israel\/#primaryimage\"},\"image\":{\"@id\":\"https:\/\/kapitalis.com\/tunisie\/2020\/08\/17\/tunisie-la-presidence-de-lassemblee-condamne-la-normalisation-des-relations-entre-les-emirats-et-israel\/#primaryimage\"},\"thumbnailUrl\":\"http:\/\/kapitalis.com\/tunisie\/wp-content\/uploads\/2020\/08\/Emirats-Israel.jpg\",\"datePublished\":\"2020-08-17T16:47:37+00:00\",\"dateModified\":\"2020-08-17T16:47:40+00:00\",\"breadcrumb\":{\"@id\":\"https:\/\/kapitalis.com\/tunisie\/2020\/08\/17\/tunisie-la-presidence-de-lassemblee-condamne-la-normalisation-des-relations-entre-les-emirats-et-israel\/#breadcrumb\"},\"inLanguage\":\"fr-FR\",\"potentialAction\":[{\"@type\":\"ReadAction\",\"target\":[\"https:\/\/kapitalis.com\/tunisie\/2020\/08\/17\/tunisie-la-presidence-de-lassemblee-condamne-la-normalisation-des-relations-entre-les-emirats-et-israel\/\"]}]},{\"@type\":\"ImageObject\",\"inLanguage\":\"fr-FR\",\"@id\":\"https:\/\/kapitalis.com\/tunisie\/2020\/08\/17\/tunisie-la-presidence-de-lassemblee-condamne-la-normalisation-des-relations-entre-les-emirats-et-israel\/#primaryimage\",\"url\":\"\",\"contentUrl\":\"\"},{\"@type\":\"BreadcrumbList\",\"@id\":\"https:\/\/kapitalis.com\/tunisie\/2020\/08\/17\/tunisie-la-presidence-de-lassemblee-condamne-la-normalisation-des-relations-entre-les-emirats-et-israel\/#breadcrumb\",\"itemListElement\":[{\"@type\":\"ListItem\",\"position\":1,\"name\":\"Accueil\",\"item\":\"https:\/\/kapitalis.com\/tunisie\/\"},{\"@type\":\"ListItem\",\"position\":2,\"name\":\"Tunisie : La pr\u00e9sidence de l\u2019Assembl\u00e9e condamne la normalisation des relations entre les \u00c9mirats et Isra\u00ebl\"}]},{\"@type\":\"WebSite\",\"@id\":\"https:\/\/kapitalis.com\/tunisie\/#website\",\"url\":\"https:\/\/kapitalis.com\/tunisie\/\",\"name\":\"Kapitalis\",\"description\":\"L&#039;actualit\u00e9 en Tunisie et dans le monde\",\"publisher\":{\"@id\":\"https:\/\/kapitalis.com\/tunisie\/#organization\"},\"potentialAction\":[{\"@type\":\"SearchAction\",\"target\":{\"@type\":\"EntryPoint\",\"urlTemplate\":\"https:\/\/kapitalis.com\/tunisie\/?s={search_term_string}\"},\"query-input\":{\"@type\":\"PropertyValueSpecification\",\"valueRequired\":true,\"valueName\":\"search_term_string\"}}],\"inLanguage\":\"fr-FR\"},{\"@type\":\"Organization\",\"@id\":\"https:\/\/kapitalis.com\/tunisie\/#organization\",\"name\":\"Kapitalis\",\"url\":\"https:\/\/kapitalis.com\/tunisie\/\",\"logo\":{\"@type\":\"ImageObject\",\"inLanguage\":\"fr-FR\",\"@id\":\"https:\/\/kapitalis.com\/tunisie\/#\/schema\/logo\/image\/\",\"url\":\"https:\/\/kapitalis.com\/tunisie\/wp-content\/uploads\/2022\/05\/Kapitalis-big-size.png\",\"contentUrl\":\"https:\/\/kapitalis.com\/tunisie\/wp-content\/uploads\/2022\/05\/Kapitalis-big-size.png\",\"width\":5000,\"height\":1500,\"caption\":\"Kapitalis\"},\"image\":{\"@id\":\"https:\/\/kapitalis.com\/tunisie\/#\/schema\/logo\/image\/\"},\"sameAs\":[\"https:\/\/www.facebook.com\/KapitalisInfo\/\",\"https:\/\/x.com\/KapitalisInfo\",\"https:\/\/www.youtube.com\/channel\/UC-yDYrHyfFBWWZaOw3FPg9Q\"]},{\"@type\":\"Person\",\"@id\":\"https:\/\/kapitalis.com\/tunisie\/#\/schema\/person\/d71f33a9ca44f7bad4698210b480c8e9\",\"name\":\"webmaster kapitalis\",\"url\":\"https:\/\/kapitalis.com\/tunisie\/author\/webmaster-kapitalis\/\"}]}<\/script>\n<!-- \/ Yoast SEO plugin. -->","yoast_head_json":{"title":"Tunisie : La pr\u00e9sidence de l\u2019Assembl\u00e9e condamne la normalisation des relations entre les \u00c9mirats et Isra\u00ebl - Kapitalis","robots":{"index":"index","follow":"follow","max-snippet":"max-snippet:-1","max-image-preview":"max-image-preview:large","max-video-preview":"max-video-preview:-1"},"canonical":"https:\/\/kapitalis.com\/tunisie\/2020\/08\/17\/tunisie-la-presidence-de-lassemblee-condamne-la-normalisation-des-relations-entre-les-emirats-et-israel\/","og_locale":"fr_FR","og_type":"article","og_title":"Tunisie : La pr\u00e9sidence de l\u2019Assembl\u00e9e condamne la normalisation des relations entre les \u00c9mirats et Isra\u00ebl - Kapitalis","og_description":"L\u2019Assembl\u00e9e des repr\u00e9sentant du peuple (ARP), pr\u00e9sid\u00e9e par le tr\u00e8s erdoganien et pro-qatari Rached Ghannouchi, pr\u00e9sident du parti islamiste Ennahdha, a vivement condamn\u00e9 le rapprochement et la normalisation des relations entre les \u00c9mirats arabes unis et Isra\u00ebl.","og_url":"https:\/\/kapitalis.com\/tunisie\/2020\/08\/17\/tunisie-la-presidence-de-lassemblee-condamne-la-normalisation-des-relations-entre-les-emirats-et-israel\/","og_site_name":"Kapitalis","article_publisher":"https:\/\/www.facebook.com\/KapitalisInfo\/","article_published_time":"2020-08-17T16:47:37+00:00","article_modified_time":"2020-08-17T16:47:40+00:00","og_image":[{"url":"http:\/\/kapitalis.com\/tunisie\/wp-content\/uploads\/2020\/08\/Emirats-Israel.jpg","type":"","width":"","height":""}],"author":"webmaster kapitalis","twitter_card":"summary_large_image","twitter_creator":"@KapitalisInfo","twitter_site":"@KapitalisInfo","twitter_misc":{"\u00c9crit par":"webmaster kapitalis","Dur\u00e9e de lecture estim\u00e9e":"1 minute"},"schema":{"@context":"https:\/\/schema.org","@graph":[{"@type":"Article","@id":"https:\/\/kapitalis.com\/tunisie\/2020\/08\/17\/tunisie-la-presidence-de-lassemblee-condamne-la-normalisation-des-relations-entre-les-emirats-et-israel\/#article","isPartOf":{"@id":"https:\/\/kapitalis.com\/tunisie\/2020\/08\/17\/tunisie-la-presidence-de-lassemblee-condamne-la-normalisation-des-relations-entre-les-emirats-et-israel\/"},"author":{"name":"webmaster kapitalis","@id":"https:\/\/kapitalis.com\/tunisie\/#\/schema\/person\/d71f33a9ca44f7bad4698210b480c8e9"},"headline":"Tunisie : La pr\u00e9sidence de l\u2019Assembl\u00e9e condamne la normalisation des relations entre les \u00c9mirats et Isra\u00ebl","datePublished":"2020-08-17T16:47:37+00:00","dateModified":"2020-08-17T16:47:40+00:00","mainEntityOfPage":{"@id":"https:\/\/kapitalis.com\/tunisie\/2020\/08\/17\/tunisie-la-presidence-de-lassemblee-condamne-la-normalisation-des-relations-entre-les-emirats-et-israel\/"},"wordCount":189,"commentCount":10,"publisher":{"@id":"https:\/\/kapitalis.com\/tunisie\/#organization"},"image":{"@id":"https:\/\/kapitalis.com\/tunisie\/2020\/08\/17\/tunisie-la-presidence-de-lassemblee-condamne-la-normalisation-des-relations-entre-les-emirats-et-israel\/#primaryimage"},"thumbnailUrl":"http:\/\/kapitalis.com\/tunisie\/wp-content\/uploads\/2020\/08\/Emirats-Israel.jpg","keywords":["Abou Dhabi","Emirats arabes unis","Ennahdha","Isra\u00ebl","Ka\u00efs Sa\u00efed","Qatar","Rached Ghannouchi"],"articleSection":["POLITIQUE","Tunisie"],"inLanguage":"fr-FR","potentialAction":[{"@type":"CommentAction","name":"Comment","target":["https:\/\/kapitalis.com\/tunisie\/2020\/08\/17\/tunisie-la-presidence-de-lassemblee-condamne-la-normalisation-des-relations-entre-les-emirats-et-israel\/#respond"]}]},{"@type":"WebPage","@id":"https:\/\/kapitalis.com\/tunisie\/2020\/08\/17\/tunisie-la-presidence-de-lassemblee-condamne-la-normalisation-des-relations-entre-les-emirats-et-israel\/","url":"https:\/\/kapitalis.com\/tunisie\/2020\/08\/17\/tunisie-la-presidence-de-lassemblee-condamne-la-normalisation-des-relations-entre-les-emirats-et-israel\/","name":"Tunisie : La pr\u00e9sidence de l\u2019Assembl\u00e9e condamne la normalisation des relations entre les \u00c9mirats et Isra\u00ebl - Kapitalis","isPartOf":{"@id":"https:\/\/kapitalis.com\/tunisie\/#website"},"primaryImageOfPage":{"@id":"https:\/\/kapitalis.com\/tunisie\/2020\/08\/17\/tunisie-la-presidence-de-lassemblee-condamne-la-normalisation-des-relations-entre-les-emirats-et-israel\/#primaryimage"},"image":{"@id":"https:\/\/kapitalis.com\/tunisie\/2020\/08\/17\/tunisie-la-presidence-de-lassemblee-condamne-la-normalisation-des-relations-entre-les-emirats-et-israel\/#primaryimage"},"thumbnailUrl":"http:\/\/kapitalis.com\/tunisie\/wp-content\/uploads\/2020\/08\/Emirats-Israel.jpg","datePublished":"2020-08-17T16:47:37+00:00","dateModified":"2020-08-17T16:47:40+00:00","breadcrumb":{"@id":"https:\/\/kapitalis.com\/tunisie\/2020\/08\/17\/tunisie-la-presidence-de-lassemblee-condamne-la-normalisation-des-relations-entre-les-emirats-et-israel\/#breadcrumb"},"inLanguage":"fr-FR","potentialAction":[{"@type":"ReadAction","target":["https:\/\/kapitalis.com\/tunisie\/2020\/08\/17\/tunisie-la-presidence-de-lassemblee-condamne-la-normalisation-des-relations-entre-les-emirats-et-israel\/"]}]},{"@type":"ImageObject","inLanguage":"fr-FR","@id":"https:\/\/kapitalis.com\/tunisie\/2020\/08\/17\/tunisie-la-presidence-de-lassemblee-condamne-la-normalisation-des-relations-entre-les-emirats-et-israel\/#primaryimage","url":"","contentUrl":""},{"@type":"BreadcrumbList","@id":"https:\/\/kapitalis.com\/tunisie\/2020\/08\/17\/tunisie-la-presidence-de-lassemblee-condamne-la-normalisation-des-relations-entre-les-emirats-et-israel\/#breadcrumb","itemListElement":[{"@type":"ListItem","position":1,"name":"Accueil","item":"https:\/\/kapitalis.com\/tunisie\/"},{"@type":"ListItem","position":2,"name":"Tunisie : La pr\u00e9sidence de l\u2019Assembl\u00e9e condamne la normalisation des relations entre les \u00c9mirats et Isra\u00ebl"}]},{"@type":"WebSite","@id":"https:\/\/kapitalis.com\/tunisie\/#website","url":"https:\/\/kapitalis.com\/tunisie\/","name":"Kapitalis","description":"L&#039;actualit\u00e9 en Tunisie et dans le monde","publisher":{"@id":"https:\/\/kapitalis.com\/tunisie\/#organization"},"potentialAction":[{"@type":"SearchAction","target":{"@type":"EntryPoint","urlTemplate":"https:\/\/kapitalis.com\/tunisie\/?s={search_term_string}"},"query-input":{"@type":"PropertyValueSpecification","valueRequired":true,"valueName":"search_term_string"}}],"inLanguage":"fr-FR"},{"@type":"Organization","@id":"https:\/\/kapitalis.com\/tunisie\/#organization","name":"Kapitalis","url":"https:\/\/kapitalis.com\/tunisie\/","logo":{"@type":"ImageObject","inLanguage":"fr-FR","@id":"https:\/\/kapitalis.com\/tunisie\/#\/schema\/logo\/image\/","url":"https:\/\/kapitalis.com\/tunisie\/wp-content\/uploads\/2022\/05\/Kapitalis-big-size.png","contentUrl":"https:\/\/kapitalis.com\/tunisie\/wp-content\/uploads\/2022\/05\/Kapitalis-big-size.png","width":5000,"height":1500,"caption":"Kapitalis"},"image":{"@id":"https:\/\/kapitalis.com\/tunisie\/#\/schema\/logo\/image\/"},"sameAs":["https:\/\/www.facebook.com\/KapitalisInfo\/","https:\/\/x.com\/KapitalisInfo","https:\/\/www.youtube.com\/channel\/UC-yDYrHyfFBWWZaOw3FPg9Q"]},{"@type":"Person","@id":"https:\/\/kapitalis.com\/tunisie\/#\/schema\/person\/d71f33a9ca44f7bad4698210b480c8e9","name":"webmaster kapitalis","url":"https:\/\/kapitalis.com\/tunisie\/author\/webmaster-kapitalis\/"}]}},"_links":{"self":[{"href":"https:\/\/kapitalis.com\/tunisie\/wp-json\/wp\/v2\/posts\/312380","targetHints":{"allow":["GET"]}}],"collection":[{"href":"https:\/\/kapitalis.com\/tunisie\/wp-json\/wp\/v2\/posts"}],"about":[{"href":"https:\/\/kapitalis.com\/tunisie\/wp-json\/wp\/v2\/types\/post"}],"author":[{"embeddable":true,"href":"https:\/\/kapitalis.com\/tunisie\/wp-json\/wp\/v2\/users\/8"}],"replies":[{"embeddable":true,"href":"https:\/\/kapitalis.com\/tunisie\/wp-json\/wp\/v2\/comments?post=312380"}],"version-history":[{"count":0,"href":"https:\/\/kapitalis.com\/tunisie\/wp-json\/wp\/v2\/posts\/312380\/revisions"}],"wp:attachment":[{"href":"https:\/\/kapitalis.com\/tunisie\/wp-json\/wp\/v2\/media?parent=312380"}],"wp:term":[{"taxonomy":"category","embeddable":true,"href":"https:\/\/kapitalis.com\/tunisie\/wp-json\/wp\/v2\/categories?post=312380"},{"taxonomy":"post_tag","embeddable":true,"href":"https:\/\/kapitalis.com\/tunisie\/wp-json\/wp\/v2\/tags?post=312380"}],"curies":[{"name":"wp","href":"https:\/\/api.w.org\/{rel}","templated":true}]}}