{"id":31252,"date":"2015-12-20T13:22:16","date_gmt":"2015-12-20T12:22:16","guid":{"rendered":"http:\/\/kapitalis.com\/tunisie\/?p=31252"},"modified":"2015-12-20T13:58:17","modified_gmt":"2015-12-20T12:58:17","slug":"coup-denvoi-a-sfax-du-tunisia-africa-business-council","status":"publish","type":"post","link":"https:\/\/kapitalis.com\/tunisie\/2015\/12\/20\/coup-denvoi-a-sfax-du-tunisia-africa-business-council\/","title":{"rendered":"Coup d\u2019envoi \u00e0 Sfax du Tunisia Africa Business Council"},"content":{"rendered":"<p><img loading=\"lazy\" decoding=\"async\" class=\"alignnone size-full wp-image-31253 aligncenter\" src=\"http:\/\/kapitalis.com\/tunisie\/wp-content\/uploads\/2015\/12\/TABC-Sfax.jpg\" alt=\"TABC-Sfax\" width=\"626\" height=\"380\" \/><\/p>\n<p><em><strong>Sfax vient de lancer son Tunisia Africa Business Council (TABC) et esp\u00e8re gagner des march\u00e9s dans le continent africain.<\/strong><\/em><\/p>\n<p>Par<strong> Zohra Abid<\/strong><\/p>\n<p><!--more--><\/p>\n<p>Deux heures avant la c\u00e9r\u00e9monie officielle de lancement du TABC-Sfax, mercredi dernier dans un h\u00f4tel de la capitale du sud, Bassem Loukil, pr\u00e9sident du TABC, a inaugur\u00e9 le bureau r\u00e9gional de cet organisme cr\u00e9\u00e9 en mai dernier, sis au 4e \u00e9tage de la R\u00e9sidence Zephyr, en pr\u00e9sence de plusieurs op\u00e9rateurs \u00e9conomiques de la r\u00e9gion. Il s\u2019agit, en fait, du m\u00eame bureau h\u00e9bergeant l\u2019Union des petites et moyennes industries de Tunisie (UPMI). A l\u2019occasion de cette inauguration, un contrat de partenariat a \u00e9t\u00e9 sign\u00e9 entre le TABC et l\u2019UPMI. Objectif : se tourner davantage vers l\u2019Afrique pour gagner des parts de march\u00e9 dans ce continent d\u2019avenir.<\/p>\n<p style=\"text-align: center;\"><img loading=\"lazy\" decoding=\"async\" class=\"alignnone size-full wp-image-31254\" src=\"http:\/\/kapitalis.com\/tunisie\/wp-content\/uploads\/2015\/12\/Bassem-Loukil-TABC-Sfax.jpg\" alt=\"Bassem-Loukil-TABC-Sfax\" width=\"500\" height=\"350\" \/><\/p>\n<p style=\"text-align: center;\"><em>Bassem Loukil et Ameur Abdennadher inaugurent le local du TABC-Sfax.\u00a0<\/em><\/p>\n<p><strong>Se concentrer sur les PME<\/strong><\/p>\n<p><em>\u00abA cause des gr\u00e8ves qu\u2019a connues la r\u00e9gion, on a d\u00fb reporter cette inauguration d\u2019un mois. Notre objectif est de renforcer notre pr\u00e9sence \u00e9conomique en Afrique\u00bb<\/em>, a d\u00e9clar\u00e9 Bassem Loukil, tout en pr\u00e9cisant que les dirigeants politiques et les responsables de la diplomatie sont concern\u00e9s par cette r\u00e9orientation strat\u00e9gique port\u00e9e par le TABC, une ONG dont le but est de faciliter la t\u00e2che des industriels dans les pays africains. La Tunisie pourra aussi, selon M. Loukil, \u00ab<em>servir d\u2019une porte sur l\u2019Afrique\u00bb<\/em> pour les op\u00e9rateurs des autres r\u00e9gions.<\/p>\n<p>M. Loukil a \u00e9galement pr\u00e9cis\u00e9 que la Tunisie regorge de talents aux comp\u00e9tences diversifi\u00e9es, peu exploit\u00e9es \u00e0 l\u2019\u00e9tranger et qui ont tout \u00e0 gagner si elles se tournent vers l\u2019Afrique. <em>\u00abNous sommes dans une p\u00e9riode de crise, aller vers de nouveaux march\u00e9s est une lueur d\u2019espoir pour sauver notre \u00e9conomie. Nous n\u2019avons aucun choix sauf d\u2019aller vers le continent\u00bb<\/em>, a-t-il expliqu\u00e9, tout en rappelant que Sfax, 2e ville industrielle de la Tunisie apr\u00e8s Tunis, compte plus d\u20191 million d\u2019habitants, regorge de comp\u00e9tences et repr\u00e9sente un vrai potentiel pour l\u2019Afrique.<\/p>\n<p style=\"text-align: center;\"><img loading=\"lazy\" decoding=\"async\" class=\"alignnone size-full wp-image-31255\" src=\"http:\/\/kapitalis.com\/tunisie\/wp-content\/uploads\/2015\/12\/TABC-UPMI.jpg\" alt=\"TABC-UPMI\" width=\"500\" height=\"350\" \/><\/p>\n<p style=\"text-align: center;\"><em>Accord TABC-Sfax et UPMI.<\/em><\/p>\n<p>\u00ab<em>Il faut donc se concentrer sur les PME, qui sont le noyau dur de l\u2019\u00e9conomie tunisienne, pour s\u2019ouvrir sur de nouveaux march\u00e9s. Et toutes les pi\u00e8ces du puzzle existent \u00e0 Sfax. Il ne nous reste qu\u2019\u00e0 franchir le pas pour conqu\u00e9rir l\u2019immense march\u00e9 africain qui attire les investisseurs du monde et o\u00f9 il existe une forte demande dans tous les secteurs\u00bb<\/em>, a-t-il ajout\u00e9.<\/p>\n<p><strong>Un continent d\u2019avenir<\/strong><\/p>\n<p>Avec presque ces m\u00eames mots, Bassem Loukil a pr\u00e9sent\u00e9 lors de la c\u00e9r\u00e9monie du lancement du TABC, les opportunit\u00e9s des march\u00e9s en Afrique et le r\u00f4le \u00e0 jouer par les politiques. Il a \u00e9galement remerci\u00e9 le repr\u00e9sentant du TABC \u00e0 Sfax Ameur Abdennadher, vice-pr\u00e9sident de l\u2019UPMI qui \u00e9tait d\u00e8s le d\u00e9part partant dans ce projet.<\/p>\n<p>C\u2019\u00e9tait en pr\u00e9sence de Mohamed Loukil, fondateur du Groupe Loukil ainsi qu\u2019un grand nombre d\u2019industriels et hommes d\u2019affaires de la r\u00e9gion. Tous ne parlaient que de la forte crise, de l\u2019inflation, du march\u00e9 de la contrebande, du laxisme de l\u2019Etat\u2026 \u00e0 cause notamment de l\u2019inflation et du march\u00e9 de la contrebande et que le TABC repr\u00e9sente une opportunit\u00e9.<\/p>\n<p style=\"text-align: center;\"><img loading=\"lazy\" decoding=\"async\" class=\"alignnone size-full wp-image-31256\" src=\"http:\/\/kapitalis.com\/tunisie\/wp-content\/uploads\/2015\/12\/Ameur-Abdennadher-et-Bassem-Loukil.jpg\" alt=\"Ameur-Abdennadher-et-Bassem-Loukil\" width=\"500\" height=\"350\" \/><\/p>\n<p style=\"text-align: center;\"><em>Signature de l&rsquo;accord TABC-UPMI.<\/em><\/p>\n<p><em>\u00abLa crise n\u2019est pas pr\u00e8s de se terminer et la relance annonc\u00e9e se fait attendre. Aussi faut-il chercher de nouvelles opportunit\u00e9s qui sont, aujourd\u2019hui, en Afrique, un continent qui se d\u00e9veloppe, s\u2019urbanise de plus en plus et r\u00e9alise un taux de croissance moyen parmi les plus \u00e9lev\u00e9s au monde\u00bb<\/em>, a encha\u00een\u00e9 M. Loukil, en rappelant que le continent n\u2019est pas surendett\u00e9 et qu\u2019il poss\u00e8de encore des gisements inexplor\u00e9s. Ce sont l\u00e0, on l\u2019a compris, autant d\u2019opportunit\u00e9s pour le TABC qui cherche \u00e0 ouvrir la voie devant les op\u00e9rateurs \u00e9conomiques tunisiens pour conqu\u00e9rir de nouveaux march\u00e9s et faire avancer l\u2019\u00e9conomie.<\/p>\n<p>Le pr\u00e9sident du TABC n\u2019a pas manqu\u00e9, dans ce contexte, de d\u00e9plorer le manque de dynamisme de la diplomatie tunisienne en Afrique, qui ne dispose que de 7 ambassades au sud du Sahara.<\/p>\n<p><strong>Dans les radars du monde<\/strong><\/p>\n<p>Avec 1,2 milliard d\u2019habitants, 2 milliards d\u2019ici 2030 et 50% de la population qui va se trouver dans les villes, l\u2019Afrique offre un grand potentiel de d\u00e9veloppement et de croissance. <em>\u00abImaginez les projets d\u2019infrastructures qui seront mis en route et les besoins en mati\u00e8res de construction, d\u2019\u00e9nergie, d\u2019\u00e9ducation, de sant\u00e9 et de conseil qui se feront ressentir. L\u2019Afrique est aujourd\u2019hui dans les radars du monde. La Chine est d\u00e9j\u00e0 l\u00e0, les Etats-Unis s\u2019y int\u00e9ressent et les Europ\u00e9ens y lorgnent de plus en plus. Et pour cause : les richesses africaines sont importantes et \u00e0 moiti\u00e9 exploit\u00e9es\u00bb<\/em>, a plaid\u00e9, de son c\u00f4t\u00e9, Jalloul Ayed, ancien ministre des Finances et pr\u00e9sident d\u2019honneur du TABC. <em>\u00abDans cette Afrique qui progresse, il y a certes des risques, mais ils valent la peine d\u2019\u00eatre pris et une nouvelle g\u00e9n\u00e9ration d\u2019op\u00e9rateurs est en train d\u2019\u00e9merger. Les prochains milliardaires seront des Africains et non des Chinois. Savez-vous que la moyenne du taux de p\u00e9n\u00e9tration d\u2019internet a d\u00e9j\u00e0 atteint 32% et qu\u2019il d\u00e9passe 50% dans certaines r\u00e9gions du continent. Et alors que notre pays vient d\u2019ouvrir son 1er Mall, ces centres commerciaux poussent comme des champignons en Afrique\u00bb,<\/em> a ajout\u00e9 l\u2019ancien candidat \u00e0 la pr\u00e9sidence de la Banque africaine de d\u00e9veloppement (BAC), dont le tropisme africain ne date pas d\u2019aujourd\u2019hui, puisqu\u2019il avait d\u00e9j\u00e0 travaill\u00e9 avec les pays de l\u2019Ouest africain quand il \u00e9tait banquier au Maroc.<\/p>\n<p style=\"text-align: center;\"><img loading=\"lazy\" decoding=\"async\" class=\"alignnone size-full wp-image-31257\" src=\"http:\/\/kapitalis.com\/tunisie\/wp-content\/uploads\/2015\/12\/Bassem-et-Mohamed-Loukil.jpg\" alt=\"Bassem-et-Mohamed-Loukil\" width=\"500\" height=\"350\" \/><\/p>\n<p style=\"text-align: center;\"><em>Mohamed Loukil, fondateur du groupe homonyme (\u00e0 droite) s&rsquo;est joint \u00e0 la c\u00e9r\u00e9monie.<\/em><\/p>\n<p><strong>Un bol d\u2019oxyg\u00e8ne pour une \u00e9conomie en crise <\/strong><\/p>\n<p>La Tunisie, qui a enregistr\u00e9 un grand retard dans ce domaine, doit reprendre la position qu\u2019elle avait, dans le continent, il y a 30 ans et qu\u2019elle a malheureusement perdue. <em>\u00abLa soci\u00e9t\u00e9 Steg International fait du bon travail et est devenue une r\u00e9f\u00e9rence en Afrique. Les Africains appr\u00e9cient l\u2019expertise tunisienne dans plusieurs domaines. Notre r\u00f4le aujourd\u2019hui est de d\u00e9fendre notre cause et de convaincre nos dirigeants. Nous devons \u00eatre pr\u00e9sents dans les domaines o\u00f9 la demande s\u2019exprime, que ce soit au Cameroun, en C\u00f4te d\u2019Ivoire, au Mali ou ailleurs. Faisons comme les Libanais, les Chinois et les Asiatiques qui sont d\u00e9j\u00e0 tr\u00e8s actifs dans ces pays. Sinon, nous nous le regretterons\u00bb<\/em>, a encore expliqu\u00e9 M. Jalloul.<\/p>\n<p>Pour Ameur Abdennadher, vice-pr\u00e9sident de l\u2019UPMI et pr\u00e9sident du bureau du TABC-Sfax, <em>\u00ables temps sont durs, en raison de la crise, avec la persistance du ch\u00f4mage et de l\u2019inflation\u00bb. \u00abC\u2019est le moment d\u2019aller en Afrique\u00bb<\/em>, a-t-il soulign\u00e9, en esp\u00e9rant en convaincre bient\u00f4t les 700 industriels de la r\u00e9gion, dont 150 membres de l\u2019UPMI, dont beaucoup ont enregistr\u00e9 une forte baisse d\u2019activit\u00e9 et certains au bord de la faillite ou presque. Si l\u2019Afrique peut leur apporter un peu d\u2019oxyg\u00e8ne, le jeu en vaudrait la chandelle.<\/p>\n","protected":false},"excerpt":{"rendered":"<p>Sfax vient de lancer son Tunisia Africa Business Council (TABC) et esp\u00e8re gagner des march\u00e9s dans le continent africain. Par Zohra Abid<\/p>\n","protected":false},"author":8,"featured_media":31253,"comment_status":"open","ping_status":"open","sticky":false,"template":"","format":"standard","meta":{"footnotes":""},"categories":[992,995,2433],"tags":[2075,507,875,8123],"class_list":["post-31252","post","type-post","status-publish","format-standard","has-post-thumbnail","hentry","category-a-la-une","category-economie","category-tunisie","tag-bassem-loukil","tag-jalloul-ayed","tag-tabc","tag-tunisia-africa-business-council"],"yoast_head":"<!-- This site is optimized with the Yoast SEO plugin v26.6 - https:\/\/yoast.com\/wordpress\/plugins\/seo\/ -->\n<title>Coup d\u2019envoi \u00e0 Sfax du Tunisia Africa Business Council - Kapitalis<\/title>\n<meta name=\"robots\" content=\"index, follow, max-snippet:-1, max-image-preview:large, max-video-preview:-1\" \/>\n<link rel=\"canonical\" href=\"https:\/\/kapitalis.com\/tunisie\/2015\/12\/20\/coup-denvoi-a-sfax-du-tunisia-africa-business-council\/\" \/>\n<meta property=\"og:locale\" content=\"fr_FR\" \/>\n<meta property=\"og:type\" content=\"article\" \/>\n<meta property=\"og:title\" content=\"Coup d\u2019envoi \u00e0 Sfax du Tunisia Africa Business Council - Kapitalis\" \/>\n<meta property=\"og:description\" content=\"Sfax vient de lancer son Tunisia Africa Business Council (TABC) et esp\u00e8re gagner des march\u00e9s dans le continent africain. Par Zohra Abid\" \/>\n<meta property=\"og:url\" content=\"https:\/\/kapitalis.com\/tunisie\/2015\/12\/20\/coup-denvoi-a-sfax-du-tunisia-africa-business-council\/\" \/>\n<meta property=\"og:site_name\" content=\"Kapitalis\" \/>\n<meta property=\"article:publisher\" content=\"https:\/\/www.facebook.com\/KapitalisInfo\/\" \/>\n<meta property=\"article:published_time\" content=\"2015-12-20T12:22:16+00:00\" \/>\n<meta property=\"article:modified_time\" content=\"2015-12-20T12:58:17+00:00\" \/>\n<meta property=\"og:image\" content=\"https:\/\/kapitalis.com\/tunisie\/wp-content\/uploads\/2022\/05\/kapitalis-logo-fb.png\" \/>\n\t<meta property=\"og:image:width\" content=\"1200\" \/>\n\t<meta property=\"og:image:height\" content=\"630\" \/>\n\t<meta property=\"og:image:type\" content=\"image\/png\" \/>\n<meta name=\"author\" content=\"webmaster kapitalis\" \/>\n<meta name=\"twitter:card\" content=\"summary_large_image\" \/>\n<meta name=\"twitter:creator\" content=\"@KapitalisInfo\" \/>\n<meta name=\"twitter:site\" content=\"@KapitalisInfo\" \/>\n<meta name=\"twitter:label1\" content=\"\u00c9crit par\" \/>\n\t<meta name=\"twitter:data1\" content=\"webmaster kapitalis\" \/>\n\t<meta name=\"twitter:label2\" content=\"Dur\u00e9e de lecture estim\u00e9e\" \/>\n\t<meta name=\"twitter:data2\" content=\"6 minutes\" \/>\n<script type=\"application\/ld+json\" class=\"yoast-schema-graph\">{\"@context\":\"https:\/\/schema.org\",\"@graph\":[{\"@type\":\"Article\",\"@id\":\"https:\/\/kapitalis.com\/tunisie\/2015\/12\/20\/coup-denvoi-a-sfax-du-tunisia-africa-business-council\/#article\",\"isPartOf\":{\"@id\":\"https:\/\/kapitalis.com\/tunisie\/2015\/12\/20\/coup-denvoi-a-sfax-du-tunisia-africa-business-council\/\"},\"author\":{\"name\":\"webmaster kapitalis\",\"@id\":\"https:\/\/kapitalis.com\/tunisie\/#\/schema\/person\/d71f33a9ca44f7bad4698210b480c8e9\"},\"headline\":\"Coup d\u2019envoi \u00e0 Sfax du Tunisia Africa Business Council\",\"datePublished\":\"2015-12-20T12:22:16+00:00\",\"dateModified\":\"2015-12-20T12:58:17+00:00\",\"mainEntityOfPage\":{\"@id\":\"https:\/\/kapitalis.com\/tunisie\/2015\/12\/20\/coup-denvoi-a-sfax-du-tunisia-africa-business-council\/\"},\"wordCount\":1256,\"commentCount\":0,\"publisher\":{\"@id\":\"https:\/\/kapitalis.com\/tunisie\/#organization\"},\"image\":{\"@id\":\"https:\/\/kapitalis.com\/tunisie\/2015\/12\/20\/coup-denvoi-a-sfax-du-tunisia-africa-business-council\/#primaryimage\"},\"thumbnailUrl\":\"\",\"keywords\":[\"Bassem Loukil\",\"Jalloul Ayed\",\"TABC\",\"Tunisia-Africa Business Council\"],\"articleSection\":[\"A LA UNE\",\"ECONOMIE\",\"Tunisie\"],\"inLanguage\":\"fr-FR\",\"potentialAction\":[{\"@type\":\"CommentAction\",\"name\":\"Comment\",\"target\":[\"https:\/\/kapitalis.com\/tunisie\/2015\/12\/20\/coup-denvoi-a-sfax-du-tunisia-africa-business-council\/#respond\"]}]},{\"@type\":\"WebPage\",\"@id\":\"https:\/\/kapitalis.com\/tunisie\/2015\/12\/20\/coup-denvoi-a-sfax-du-tunisia-africa-business-council\/\",\"url\":\"https:\/\/kapitalis.com\/tunisie\/2015\/12\/20\/coup-denvoi-a-sfax-du-tunisia-africa-business-council\/\",\"name\":\"Coup d\u2019envoi \u00e0 Sfax du Tunisia Africa Business Council - Kapitalis\",\"isPartOf\":{\"@id\":\"https:\/\/kapitalis.com\/tunisie\/#website\"},\"primaryImageOfPage\":{\"@id\":\"https:\/\/kapitalis.com\/tunisie\/2015\/12\/20\/coup-denvoi-a-sfax-du-tunisia-africa-business-council\/#primaryimage\"},\"image\":{\"@id\":\"https:\/\/kapitalis.com\/tunisie\/2015\/12\/20\/coup-denvoi-a-sfax-du-tunisia-africa-business-council\/#primaryimage\"},\"thumbnailUrl\":\"\",\"datePublished\":\"2015-12-20T12:22:16+00:00\",\"dateModified\":\"2015-12-20T12:58:17+00:00\",\"breadcrumb\":{\"@id\":\"https:\/\/kapitalis.com\/tunisie\/2015\/12\/20\/coup-denvoi-a-sfax-du-tunisia-africa-business-council\/#breadcrumb\"},\"inLanguage\":\"fr-FR\",\"potentialAction\":[{\"@type\":\"ReadAction\",\"target\":[\"https:\/\/kapitalis.com\/tunisie\/2015\/12\/20\/coup-denvoi-a-sfax-du-tunisia-africa-business-council\/\"]}]},{\"@type\":\"ImageObject\",\"inLanguage\":\"fr-FR\",\"@id\":\"https:\/\/kapitalis.com\/tunisie\/2015\/12\/20\/coup-denvoi-a-sfax-du-tunisia-africa-business-council\/#primaryimage\",\"url\":\"\",\"contentUrl\":\"\"},{\"@type\":\"BreadcrumbList\",\"@id\":\"https:\/\/kapitalis.com\/tunisie\/2015\/12\/20\/coup-denvoi-a-sfax-du-tunisia-africa-business-council\/#breadcrumb\",\"itemListElement\":[{\"@type\":\"ListItem\",\"position\":1,\"name\":\"Accueil\",\"item\":\"https:\/\/kapitalis.com\/tunisie\/\"},{\"@type\":\"ListItem\",\"position\":2,\"name\":\"Coup d\u2019envoi \u00e0 Sfax du Tunisia Africa Business Council\"}]},{\"@type\":\"WebSite\",\"@id\":\"https:\/\/kapitalis.com\/tunisie\/#website\",\"url\":\"https:\/\/kapitalis.com\/tunisie\/\",\"name\":\"Kapitalis\",\"description\":\"L&#039;actualit\u00e9 en Tunisie et dans le monde\",\"publisher\":{\"@id\":\"https:\/\/kapitalis.com\/tunisie\/#organization\"},\"potentialAction\":[{\"@type\":\"SearchAction\",\"target\":{\"@type\":\"EntryPoint\",\"urlTemplate\":\"https:\/\/kapitalis.com\/tunisie\/?s={search_term_string}\"},\"query-input\":{\"@type\":\"PropertyValueSpecification\",\"valueRequired\":true,\"valueName\":\"search_term_string\"}}],\"inLanguage\":\"fr-FR\"},{\"@type\":\"Organization\",\"@id\":\"https:\/\/kapitalis.com\/tunisie\/#organization\",\"name\":\"Kapitalis\",\"url\":\"https:\/\/kapitalis.com\/tunisie\/\",\"logo\":{\"@type\":\"ImageObject\",\"inLanguage\":\"fr-FR\",\"@id\":\"https:\/\/kapitalis.com\/tunisie\/#\/schema\/logo\/image\/\",\"url\":\"https:\/\/kapitalis.com\/tunisie\/wp-content\/uploads\/2022\/05\/Kapitalis-big-size.png\",\"contentUrl\":\"https:\/\/kapitalis.com\/tunisie\/wp-content\/uploads\/2022\/05\/Kapitalis-big-size.png\",\"width\":5000,\"height\":1500,\"caption\":\"Kapitalis\"},\"image\":{\"@id\":\"https:\/\/kapitalis.com\/tunisie\/#\/schema\/logo\/image\/\"},\"sameAs\":[\"https:\/\/www.facebook.com\/KapitalisInfo\/\",\"https:\/\/x.com\/KapitalisInfo\",\"https:\/\/www.youtube.com\/channel\/UC-yDYrHyfFBWWZaOw3FPg9Q\"]},{\"@type\":\"Person\",\"@id\":\"https:\/\/kapitalis.com\/tunisie\/#\/schema\/person\/d71f33a9ca44f7bad4698210b480c8e9\",\"name\":\"webmaster kapitalis\",\"url\":\"https:\/\/kapitalis.com\/tunisie\/author\/webmaster-kapitalis\/\"}]}<\/script>\n<!-- \/ Yoast SEO plugin. -->","yoast_head_json":{"title":"Coup d\u2019envoi \u00e0 Sfax du Tunisia Africa Business Council - Kapitalis","robots":{"index":"index","follow":"follow","max-snippet":"max-snippet:-1","max-image-preview":"max-image-preview:large","max-video-preview":"max-video-preview:-1"},"canonical":"https:\/\/kapitalis.com\/tunisie\/2015\/12\/20\/coup-denvoi-a-sfax-du-tunisia-africa-business-council\/","og_locale":"fr_FR","og_type":"article","og_title":"Coup d\u2019envoi \u00e0 Sfax du Tunisia Africa Business Council - Kapitalis","og_description":"Sfax vient de lancer son Tunisia Africa Business Council (TABC) et esp\u00e8re gagner des march\u00e9s dans le continent africain. Par Zohra Abid","og_url":"https:\/\/kapitalis.com\/tunisie\/2015\/12\/20\/coup-denvoi-a-sfax-du-tunisia-africa-business-council\/","og_site_name":"Kapitalis","article_publisher":"https:\/\/www.facebook.com\/KapitalisInfo\/","article_published_time":"2015-12-20T12:22:16+00:00","article_modified_time":"2015-12-20T12:58:17+00:00","og_image":[{"width":1200,"height":630,"url":"https:\/\/kapitalis.com\/tunisie\/wp-content\/uploads\/2022\/05\/kapitalis-logo-fb.png","type":"image\/png"}],"author":"webmaster kapitalis","twitter_card":"summary_large_image","twitter_creator":"@KapitalisInfo","twitter_site":"@KapitalisInfo","twitter_misc":{"\u00c9crit par":"webmaster kapitalis","Dur\u00e9e de lecture estim\u00e9e":"6 minutes"},"schema":{"@context":"https:\/\/schema.org","@graph":[{"@type":"Article","@id":"https:\/\/kapitalis.com\/tunisie\/2015\/12\/20\/coup-denvoi-a-sfax-du-tunisia-africa-business-council\/#article","isPartOf":{"@id":"https:\/\/kapitalis.com\/tunisie\/2015\/12\/20\/coup-denvoi-a-sfax-du-tunisia-africa-business-council\/"},"author":{"name":"webmaster kapitalis","@id":"https:\/\/kapitalis.com\/tunisie\/#\/schema\/person\/d71f33a9ca44f7bad4698210b480c8e9"},"headline":"Coup d\u2019envoi \u00e0 Sfax du Tunisia Africa Business Council","datePublished":"2015-12-20T12:22:16+00:00","dateModified":"2015-12-20T12:58:17+00:00","mainEntityOfPage":{"@id":"https:\/\/kapitalis.com\/tunisie\/2015\/12\/20\/coup-denvoi-a-sfax-du-tunisia-africa-business-council\/"},"wordCount":1256,"commentCount":0,"publisher":{"@id":"https:\/\/kapitalis.com\/tunisie\/#organization"},"image":{"@id":"https:\/\/kapitalis.com\/tunisie\/2015\/12\/20\/coup-denvoi-a-sfax-du-tunisia-africa-business-council\/#primaryimage"},"thumbnailUrl":"","keywords":["Bassem Loukil","Jalloul Ayed","TABC","Tunisia-Africa Business Council"],"articleSection":["A LA UNE","ECONOMIE","Tunisie"],"inLanguage":"fr-FR","potentialAction":[{"@type":"CommentAction","name":"Comment","target":["https:\/\/kapitalis.com\/tunisie\/2015\/12\/20\/coup-denvoi-a-sfax-du-tunisia-africa-business-council\/#respond"]}]},{"@type":"WebPage","@id":"https:\/\/kapitalis.com\/tunisie\/2015\/12\/20\/coup-denvoi-a-sfax-du-tunisia-africa-business-council\/","url":"https:\/\/kapitalis.com\/tunisie\/2015\/12\/20\/coup-denvoi-a-sfax-du-tunisia-africa-business-council\/","name":"Coup d\u2019envoi \u00e0 Sfax du Tunisia Africa Business Council - Kapitalis","isPartOf":{"@id":"https:\/\/kapitalis.com\/tunisie\/#website"},"primaryImageOfPage":{"@id":"https:\/\/kapitalis.com\/tunisie\/2015\/12\/20\/coup-denvoi-a-sfax-du-tunisia-africa-business-council\/#primaryimage"},"image":{"@id":"https:\/\/kapitalis.com\/tunisie\/2015\/12\/20\/coup-denvoi-a-sfax-du-tunisia-africa-business-council\/#primaryimage"},"thumbnailUrl":"","datePublished":"2015-12-20T12:22:16+00:00","dateModified":"2015-12-20T12:58:17+00:00","breadcrumb":{"@id":"https:\/\/kapitalis.com\/tunisie\/2015\/12\/20\/coup-denvoi-a-sfax-du-tunisia-africa-business-council\/#breadcrumb"},"inLanguage":"fr-FR","potentialAction":[{"@type":"ReadAction","target":["https:\/\/kapitalis.com\/tunisie\/2015\/12\/20\/coup-denvoi-a-sfax-du-tunisia-africa-business-council\/"]}]},{"@type":"ImageObject","inLanguage":"fr-FR","@id":"https:\/\/kapitalis.com\/tunisie\/2015\/12\/20\/coup-denvoi-a-sfax-du-tunisia-africa-business-council\/#primaryimage","url":"","contentUrl":""},{"@type":"BreadcrumbList","@id":"https:\/\/kapitalis.com\/tunisie\/2015\/12\/20\/coup-denvoi-a-sfax-du-tunisia-africa-business-council\/#breadcrumb","itemListElement":[{"@type":"ListItem","position":1,"name":"Accueil","item":"https:\/\/kapitalis.com\/tunisie\/"},{"@type":"ListItem","position":2,"name":"Coup d\u2019envoi \u00e0 Sfax du Tunisia Africa Business Council"}]},{"@type":"WebSite","@id":"https:\/\/kapitalis.com\/tunisie\/#website","url":"https:\/\/kapitalis.com\/tunisie\/","name":"Kapitalis","description":"L&#039;actualit\u00e9 en Tunisie et dans le monde","publisher":{"@id":"https:\/\/kapitalis.com\/tunisie\/#organization"},"potentialAction":[{"@type":"SearchAction","target":{"@type":"EntryPoint","urlTemplate":"https:\/\/kapitalis.com\/tunisie\/?s={search_term_string}"},"query-input":{"@type":"PropertyValueSpecification","valueRequired":true,"valueName":"search_term_string"}}],"inLanguage":"fr-FR"},{"@type":"Organization","@id":"https:\/\/kapitalis.com\/tunisie\/#organization","name":"Kapitalis","url":"https:\/\/kapitalis.com\/tunisie\/","logo":{"@type":"ImageObject","inLanguage":"fr-FR","@id":"https:\/\/kapitalis.com\/tunisie\/#\/schema\/logo\/image\/","url":"https:\/\/kapitalis.com\/tunisie\/wp-content\/uploads\/2022\/05\/Kapitalis-big-size.png","contentUrl":"https:\/\/kapitalis.com\/tunisie\/wp-content\/uploads\/2022\/05\/Kapitalis-big-size.png","width":5000,"height":1500,"caption":"Kapitalis"},"image":{"@id":"https:\/\/kapitalis.com\/tunisie\/#\/schema\/logo\/image\/"},"sameAs":["https:\/\/www.facebook.com\/KapitalisInfo\/","https:\/\/x.com\/KapitalisInfo","https:\/\/www.youtube.com\/channel\/UC-yDYrHyfFBWWZaOw3FPg9Q"]},{"@type":"Person","@id":"https:\/\/kapitalis.com\/tunisie\/#\/schema\/person\/d71f33a9ca44f7bad4698210b480c8e9","name":"webmaster kapitalis","url":"https:\/\/kapitalis.com\/tunisie\/author\/webmaster-kapitalis\/"}]}},"_links":{"self":[{"href":"https:\/\/kapitalis.com\/tunisie\/wp-json\/wp\/v2\/posts\/31252","targetHints":{"allow":["GET"]}}],"collection":[{"href":"https:\/\/kapitalis.com\/tunisie\/wp-json\/wp\/v2\/posts"}],"about":[{"href":"https:\/\/kapitalis.com\/tunisie\/wp-json\/wp\/v2\/types\/post"}],"author":[{"embeddable":true,"href":"https:\/\/kapitalis.com\/tunisie\/wp-json\/wp\/v2\/users\/8"}],"replies":[{"embeddable":true,"href":"https:\/\/kapitalis.com\/tunisie\/wp-json\/wp\/v2\/comments?post=31252"}],"version-history":[{"count":0,"href":"https:\/\/kapitalis.com\/tunisie\/wp-json\/wp\/v2\/posts\/31252\/revisions"}],"wp:featuredmedia":[{"embeddable":true,"href":"https:\/\/kapitalis.com\/tunisie\/wp-json\/wp\/v2\/media\/31253"}],"wp:attachment":[{"href":"https:\/\/kapitalis.com\/tunisie\/wp-json\/wp\/v2\/media?parent=31252"}],"wp:term":[{"taxonomy":"category","embeddable":true,"href":"https:\/\/kapitalis.com\/tunisie\/wp-json\/wp\/v2\/categories?post=31252"},{"taxonomy":"post_tag","embeddable":true,"href":"https:\/\/kapitalis.com\/tunisie\/wp-json\/wp\/v2\/tags?post=31252"}],"curies":[{"name":"wp","href":"https:\/\/api.w.org\/{rel}","templated":true}]}}