{"id":312556,"date":"2020-08-18T20:23:50","date_gmt":"2020-08-18T19:23:50","guid":{"rendered":"http:\/\/kapitalis.com\/tunisie\/?p=312556"},"modified":"2020-08-19T07:56:49","modified_gmt":"2020-08-19T06:56:49","slug":"tunisie-attayar-porte-plainte-contre-le-depute-yassine-ayari","status":"publish","type":"post","link":"https:\/\/kapitalis.com\/tunisie\/2020\/08\/18\/tunisie-attayar-porte-plainte-contre-le-depute-yassine-ayari\/","title":{"rendered":"Tunisie : Attayar porte plainte contre le d\u00e9put\u00e9 Yassine Ayari"},"content":{"rendered":"\n<figure class=\"wp-block-image size-large\"><img decoding=\"async\" src=\"http:\/\/kapitalis.com\/tunisie\/wp-content\/uploads\/2020\/08\/Attayar-yassine-ayari.jpg\" alt=\"\" class=\"wp-image-312558\"\/><\/figure>\n\n\n\n<p><em><strong>Attayar a annonc\u00e9 aujourd&rsquo;hui, mardi 18 ao\u00fbt 2020, avoir port\u00e9 plainte pour diffamation contre le d\u00e9put\u00e9 du mouvement Amal wa 3amal, Yassine Ayari, qui a accus\u00e9 le parti de Mohamed Abbou de corruption.<\/strong><\/em><\/p>\n\n\n\n<!--more-->\n\n\n\n<p>Cette plainte fait suite au statut publi\u00e9, ce matin, par Yassine Ayari, sur son compte Facebook, o\u00f9 il commente le r\u00e9cent d\u00e9cret-loi, permettant l\u2019usage de sacs en plastique \u00e0 la place de ceux en papier kraft pour l\u2019emballage du ciment : \u00ab<em>Cette d\u00e9cision est en contradiction totale avec la politique environnementale de l\u2019Etat<\/em>\u00bb, a-t-il \u00e9crit, en affirmant qu\u2019un homme d\u2019affaires, propri\u00e9taire d\u2019une entreprise de production des sacs en plastique, aurait financ\u00e9 la campagne \u00e9lectorale d\u2019Attayar et que cette affaire serait li\u00e9e \u00e0 de la corruption.<\/p>\n\n\n\n<p><em>\u00abC&rsquo;est comme un renvoi d&rsquo;ascenseur entre ce gouvernement et ses amis. une d\u00e9cision de ce ministre des masques et des sacs en plastique\u00bb,<\/em> a-t-il encore \u00e9crit, par allusion au parti Attayar, qu&rsquo;il accuse d&rsquo;avoir facilit\u00e9 cette d\u00e9cision prise par le minist\u00e8re de l\u2019Industrie.<\/p>\n\n\n\n<p>De son c\u00f4t\u00e9, Attayar, qui affirme que les propos de Yassine Ayari sont mensongers et nie toute implication dans cette affaire, a affirm\u00e9 avoir saisi la justice pour mettre fin \u00e0 la d\u00e9sinformation et \u00e0 la diffamation.<\/p>\n\n\n\n<p>On remarquera au passage que les coups d&rsquo;\u00e9clat de M. Ayari sont tr\u00e8s s\u00e9lectifs: ce d\u00e9put\u00e9 du parti islamiste Ennahdha s&rsquo;attaque de pr\u00e9f\u00e9rence aux partis et aux personnalit\u00e9s auxquels Ennahdha est hostile. Il a d\u00e9j\u00e0 sur son tableau de chasse le chef de gouvernement de gestion des affaires courantes Elyes Fakhfakh, qui, depuis son investiture, fin f\u00e9vrier dernier, avait r\u00e9sist\u00e9 aux pressions du parti islamiste et refus\u00e9 de nommer au gouvernement les personnes que ce dernier voulait lui imposer. <\/p>\n\n\n\n<p>Un d\u00e9put\u00e9 soi-disant ind\u00e9pendant, mais en mission command\u00e9: voil\u00e0 le Zorro de la lutte contre la corruption s\u00e9vissant au Palais du Bardo.  <\/p>\n\n\n\n<p class=\"has-text-align-right\"><strong>Y. N.<\/strong><\/p>\n","protected":false},"excerpt":{"rendered":"<p>Attayar a annonc\u00e9 aujourd&rsquo;hui, mardi 18 ao\u00fbt 2020, avoir port\u00e9 plainte pour diffamation contre le d\u00e9put\u00e9 du mouvement Amal wa 3amal, Yassine Ayari, qui a accus\u00e9 le parti de Mohamed Abbou de corruption.<\/p>\n","protected":false},"author":6,"featured_media":312558,"comment_status":"open","ping_status":"open","sticky":false,"template":"","format":"standard","meta":{"footnotes":""},"categories":[997,2433],"tags":[15519,64471,1347,2747,721,971],"class_list":["post-312556","post","type-post","status-publish","format-standard","has-post-thumbnail","hentry","category-politique","category-tunisie","tag-attayar","tag-corruption","tag-depute","tag-diffamation","tag-plainte","tag-yassine-ayari"],"yoast_head":"<!-- This site is optimized with the Yoast SEO plugin v26.6 - https:\/\/yoast.com\/wordpress\/plugins\/seo\/ -->\n<title>Tunisie : Attayar porte plainte contre le d\u00e9put\u00e9 Yassine Ayari - Kapitalis<\/title>\n<meta name=\"robots\" content=\"index, follow, max-snippet:-1, max-image-preview:large, max-video-preview:-1\" \/>\n<link rel=\"canonical\" href=\"https:\/\/kapitalis.com\/tunisie\/2020\/08\/18\/tunisie-attayar-porte-plainte-contre-le-depute-yassine-ayari\/\" \/>\n<meta property=\"og:locale\" content=\"fr_FR\" \/>\n<meta property=\"og:type\" content=\"article\" \/>\n<meta property=\"og:title\" content=\"Tunisie : Attayar porte plainte contre le d\u00e9put\u00e9 Yassine Ayari - Kapitalis\" \/>\n<meta property=\"og:description\" content=\"Attayar a annonc\u00e9 aujourd&rsquo;hui, mardi 18 ao\u00fbt 2020, avoir port\u00e9 plainte pour diffamation contre le d\u00e9put\u00e9 du mouvement Amal wa 3amal, Yassine Ayari, qui a accus\u00e9 le parti de Mohamed Abbou de corruption.\" \/>\n<meta property=\"og:url\" content=\"https:\/\/kapitalis.com\/tunisie\/2020\/08\/18\/tunisie-attayar-porte-plainte-contre-le-depute-yassine-ayari\/\" \/>\n<meta property=\"og:site_name\" content=\"Kapitalis\" \/>\n<meta property=\"article:publisher\" content=\"https:\/\/www.facebook.com\/KapitalisInfo\/\" \/>\n<meta property=\"article:published_time\" content=\"2020-08-18T19:23:50+00:00\" \/>\n<meta property=\"article:modified_time\" content=\"2020-08-19T06:56:49+00:00\" \/>\n<meta property=\"og:image\" content=\"https:\/\/kapitalis.com\/tunisie\/wp-content\/uploads\/2022\/05\/kapitalis-logo-fb.png\" \/>\n\t<meta property=\"og:image:width\" content=\"1200\" \/>\n\t<meta property=\"og:image:height\" content=\"630\" \/>\n\t<meta property=\"og:image:type\" content=\"image\/png\" \/>\n<meta name=\"author\" content=\"Yusra NY\" \/>\n<meta name=\"twitter:card\" content=\"summary_large_image\" \/>\n<meta name=\"twitter:creator\" content=\"@KapitalisInfo\" \/>\n<meta name=\"twitter:site\" content=\"@KapitalisInfo\" \/>\n<meta name=\"twitter:label1\" content=\"\u00c9crit par\" \/>\n\t<meta name=\"twitter:data1\" content=\"Yusra NY\" \/>\n\t<meta name=\"twitter:label2\" content=\"Dur\u00e9e de lecture estim\u00e9e\" \/>\n\t<meta name=\"twitter:data2\" content=\"2 minutes\" \/>\n<script type=\"application\/ld+json\" class=\"yoast-schema-graph\">{\"@context\":\"https:\/\/schema.org\",\"@graph\":[{\"@type\":\"Article\",\"@id\":\"https:\/\/kapitalis.com\/tunisie\/2020\/08\/18\/tunisie-attayar-porte-plainte-contre-le-depute-yassine-ayari\/#article\",\"isPartOf\":{\"@id\":\"https:\/\/kapitalis.com\/tunisie\/2020\/08\/18\/tunisie-attayar-porte-plainte-contre-le-depute-yassine-ayari\/\"},\"author\":{\"name\":\"Yusra NY\",\"@id\":\"https:\/\/kapitalis.com\/tunisie\/#\/schema\/person\/74bbde0154d49d790a92aaeac5bc01d5\"},\"headline\":\"Tunisie : Attayar porte plainte contre le d\u00e9put\u00e9 Yassine Ayari\",\"datePublished\":\"2020-08-18T19:23:50+00:00\",\"dateModified\":\"2020-08-19T06:56:49+00:00\",\"mainEntityOfPage\":{\"@id\":\"https:\/\/kapitalis.com\/tunisie\/2020\/08\/18\/tunisie-attayar-porte-plainte-contre-le-depute-yassine-ayari\/\"},\"wordCount\":337,\"commentCount\":1,\"publisher\":{\"@id\":\"https:\/\/kapitalis.com\/tunisie\/#organization\"},\"image\":{\"@id\":\"https:\/\/kapitalis.com\/tunisie\/2020\/08\/18\/tunisie-attayar-porte-plainte-contre-le-depute-yassine-ayari\/#primaryimage\"},\"thumbnailUrl\":\"\",\"keywords\":[\"Attayar\",\"corruption\",\"d\u00e9put\u00e9\",\"diffamation\",\"plainte\",\"Yassine Ayari\"],\"articleSection\":[\"POLITIQUE\",\"Tunisie\"],\"inLanguage\":\"fr-FR\",\"potentialAction\":[{\"@type\":\"CommentAction\",\"name\":\"Comment\",\"target\":[\"https:\/\/kapitalis.com\/tunisie\/2020\/08\/18\/tunisie-attayar-porte-plainte-contre-le-depute-yassine-ayari\/#respond\"]}]},{\"@type\":\"WebPage\",\"@id\":\"https:\/\/kapitalis.com\/tunisie\/2020\/08\/18\/tunisie-attayar-porte-plainte-contre-le-depute-yassine-ayari\/\",\"url\":\"https:\/\/kapitalis.com\/tunisie\/2020\/08\/18\/tunisie-attayar-porte-plainte-contre-le-depute-yassine-ayari\/\",\"name\":\"Tunisie : Attayar porte plainte contre le d\u00e9put\u00e9 Yassine Ayari - Kapitalis\",\"isPartOf\":{\"@id\":\"https:\/\/kapitalis.com\/tunisie\/#website\"},\"primaryImageOfPage\":{\"@id\":\"https:\/\/kapitalis.com\/tunisie\/2020\/08\/18\/tunisie-attayar-porte-plainte-contre-le-depute-yassine-ayari\/#primaryimage\"},\"image\":{\"@id\":\"https:\/\/kapitalis.com\/tunisie\/2020\/08\/18\/tunisie-attayar-porte-plainte-contre-le-depute-yassine-ayari\/#primaryimage\"},\"thumbnailUrl\":\"\",\"datePublished\":\"2020-08-18T19:23:50+00:00\",\"dateModified\":\"2020-08-19T06:56:49+00:00\",\"breadcrumb\":{\"@id\":\"https:\/\/kapitalis.com\/tunisie\/2020\/08\/18\/tunisie-attayar-porte-plainte-contre-le-depute-yassine-ayari\/#breadcrumb\"},\"inLanguage\":\"fr-FR\",\"potentialAction\":[{\"@type\":\"ReadAction\",\"target\":[\"https:\/\/kapitalis.com\/tunisie\/2020\/08\/18\/tunisie-attayar-porte-plainte-contre-le-depute-yassine-ayari\/\"]}]},{\"@type\":\"ImageObject\",\"inLanguage\":\"fr-FR\",\"@id\":\"https:\/\/kapitalis.com\/tunisie\/2020\/08\/18\/tunisie-attayar-porte-plainte-contre-le-depute-yassine-ayari\/#primaryimage\",\"url\":\"\",\"contentUrl\":\"\"},{\"@type\":\"BreadcrumbList\",\"@id\":\"https:\/\/kapitalis.com\/tunisie\/2020\/08\/18\/tunisie-attayar-porte-plainte-contre-le-depute-yassine-ayari\/#breadcrumb\",\"itemListElement\":[{\"@type\":\"ListItem\",\"position\":1,\"name\":\"Accueil\",\"item\":\"https:\/\/kapitalis.com\/tunisie\/\"},{\"@type\":\"ListItem\",\"position\":2,\"name\":\"Tunisie : Attayar porte plainte contre le d\u00e9put\u00e9 Yassine Ayari\"}]},{\"@type\":\"WebSite\",\"@id\":\"https:\/\/kapitalis.com\/tunisie\/#website\",\"url\":\"https:\/\/kapitalis.com\/tunisie\/\",\"name\":\"Kapitalis\",\"description\":\"L&#039;actualit\u00e9 en Tunisie et dans le monde\",\"publisher\":{\"@id\":\"https:\/\/kapitalis.com\/tunisie\/#organization\"},\"potentialAction\":[{\"@type\":\"SearchAction\",\"target\":{\"@type\":\"EntryPoint\",\"urlTemplate\":\"https:\/\/kapitalis.com\/tunisie\/?s={search_term_string}\"},\"query-input\":{\"@type\":\"PropertyValueSpecification\",\"valueRequired\":true,\"valueName\":\"search_term_string\"}}],\"inLanguage\":\"fr-FR\"},{\"@type\":\"Organization\",\"@id\":\"https:\/\/kapitalis.com\/tunisie\/#organization\",\"name\":\"Kapitalis\",\"url\":\"https:\/\/kapitalis.com\/tunisie\/\",\"logo\":{\"@type\":\"ImageObject\",\"inLanguage\":\"fr-FR\",\"@id\":\"https:\/\/kapitalis.com\/tunisie\/#\/schema\/logo\/image\/\",\"url\":\"https:\/\/kapitalis.com\/tunisie\/wp-content\/uploads\/2022\/05\/Kapitalis-big-size.png\",\"contentUrl\":\"https:\/\/kapitalis.com\/tunisie\/wp-content\/uploads\/2022\/05\/Kapitalis-big-size.png\",\"width\":5000,\"height\":1500,\"caption\":\"Kapitalis\"},\"image\":{\"@id\":\"https:\/\/kapitalis.com\/tunisie\/#\/schema\/logo\/image\/\"},\"sameAs\":[\"https:\/\/www.facebook.com\/KapitalisInfo\/\",\"https:\/\/x.com\/KapitalisInfo\",\"https:\/\/www.youtube.com\/channel\/UC-yDYrHyfFBWWZaOw3FPg9Q\"]},{\"@type\":\"Person\",\"@id\":\"https:\/\/kapitalis.com\/tunisie\/#\/schema\/person\/74bbde0154d49d790a92aaeac5bc01d5\",\"name\":\"Yusra NY\",\"url\":\"https:\/\/kapitalis.com\/tunisie\/author\/yuza_adam\/\"}]}<\/script>\n<!-- \/ Yoast SEO plugin. -->","yoast_head_json":{"title":"Tunisie : Attayar porte plainte contre le d\u00e9put\u00e9 Yassine Ayari - Kapitalis","robots":{"index":"index","follow":"follow","max-snippet":"max-snippet:-1","max-image-preview":"max-image-preview:large","max-video-preview":"max-video-preview:-1"},"canonical":"https:\/\/kapitalis.com\/tunisie\/2020\/08\/18\/tunisie-attayar-porte-plainte-contre-le-depute-yassine-ayari\/","og_locale":"fr_FR","og_type":"article","og_title":"Tunisie : Attayar porte plainte contre le d\u00e9put\u00e9 Yassine Ayari - Kapitalis","og_description":"Attayar a annonc\u00e9 aujourd&rsquo;hui, mardi 18 ao\u00fbt 2020, avoir port\u00e9 plainte pour diffamation contre le d\u00e9put\u00e9 du mouvement Amal wa 3amal, Yassine Ayari, qui a accus\u00e9 le parti de Mohamed Abbou de corruption.","og_url":"https:\/\/kapitalis.com\/tunisie\/2020\/08\/18\/tunisie-attayar-porte-plainte-contre-le-depute-yassine-ayari\/","og_site_name":"Kapitalis","article_publisher":"https:\/\/www.facebook.com\/KapitalisInfo\/","article_published_time":"2020-08-18T19:23:50+00:00","article_modified_time":"2020-08-19T06:56:49+00:00","og_image":[{"width":1200,"height":630,"url":"https:\/\/kapitalis.com\/tunisie\/wp-content\/uploads\/2022\/05\/kapitalis-logo-fb.png","type":"image\/png"}],"author":"Yusra NY","twitter_card":"summary_large_image","twitter_creator":"@KapitalisInfo","twitter_site":"@KapitalisInfo","twitter_misc":{"\u00c9crit par":"Yusra NY","Dur\u00e9e de lecture estim\u00e9e":"2 minutes"},"schema":{"@context":"https:\/\/schema.org","@graph":[{"@type":"Article","@id":"https:\/\/kapitalis.com\/tunisie\/2020\/08\/18\/tunisie-attayar-porte-plainte-contre-le-depute-yassine-ayari\/#article","isPartOf":{"@id":"https:\/\/kapitalis.com\/tunisie\/2020\/08\/18\/tunisie-attayar-porte-plainte-contre-le-depute-yassine-ayari\/"},"author":{"name":"Yusra NY","@id":"https:\/\/kapitalis.com\/tunisie\/#\/schema\/person\/74bbde0154d49d790a92aaeac5bc01d5"},"headline":"Tunisie : Attayar porte plainte contre le d\u00e9put\u00e9 Yassine Ayari","datePublished":"2020-08-18T19:23:50+00:00","dateModified":"2020-08-19T06:56:49+00:00","mainEntityOfPage":{"@id":"https:\/\/kapitalis.com\/tunisie\/2020\/08\/18\/tunisie-attayar-porte-plainte-contre-le-depute-yassine-ayari\/"},"wordCount":337,"commentCount":1,"publisher":{"@id":"https:\/\/kapitalis.com\/tunisie\/#organization"},"image":{"@id":"https:\/\/kapitalis.com\/tunisie\/2020\/08\/18\/tunisie-attayar-porte-plainte-contre-le-depute-yassine-ayari\/#primaryimage"},"thumbnailUrl":"","keywords":["Attayar","corruption","d\u00e9put\u00e9","diffamation","plainte","Yassine Ayari"],"articleSection":["POLITIQUE","Tunisie"],"inLanguage":"fr-FR","potentialAction":[{"@type":"CommentAction","name":"Comment","target":["https:\/\/kapitalis.com\/tunisie\/2020\/08\/18\/tunisie-attayar-porte-plainte-contre-le-depute-yassine-ayari\/#respond"]}]},{"@type":"WebPage","@id":"https:\/\/kapitalis.com\/tunisie\/2020\/08\/18\/tunisie-attayar-porte-plainte-contre-le-depute-yassine-ayari\/","url":"https:\/\/kapitalis.com\/tunisie\/2020\/08\/18\/tunisie-attayar-porte-plainte-contre-le-depute-yassine-ayari\/","name":"Tunisie : Attayar porte plainte contre le d\u00e9put\u00e9 Yassine Ayari - Kapitalis","isPartOf":{"@id":"https:\/\/kapitalis.com\/tunisie\/#website"},"primaryImageOfPage":{"@id":"https:\/\/kapitalis.com\/tunisie\/2020\/08\/18\/tunisie-attayar-porte-plainte-contre-le-depute-yassine-ayari\/#primaryimage"},"image":{"@id":"https:\/\/kapitalis.com\/tunisie\/2020\/08\/18\/tunisie-attayar-porte-plainte-contre-le-depute-yassine-ayari\/#primaryimage"},"thumbnailUrl":"","datePublished":"2020-08-18T19:23:50+00:00","dateModified":"2020-08-19T06:56:49+00:00","breadcrumb":{"@id":"https:\/\/kapitalis.com\/tunisie\/2020\/08\/18\/tunisie-attayar-porte-plainte-contre-le-depute-yassine-ayari\/#breadcrumb"},"inLanguage":"fr-FR","potentialAction":[{"@type":"ReadAction","target":["https:\/\/kapitalis.com\/tunisie\/2020\/08\/18\/tunisie-attayar-porte-plainte-contre-le-depute-yassine-ayari\/"]}]},{"@type":"ImageObject","inLanguage":"fr-FR","@id":"https:\/\/kapitalis.com\/tunisie\/2020\/08\/18\/tunisie-attayar-porte-plainte-contre-le-depute-yassine-ayari\/#primaryimage","url":"","contentUrl":""},{"@type":"BreadcrumbList","@id":"https:\/\/kapitalis.com\/tunisie\/2020\/08\/18\/tunisie-attayar-porte-plainte-contre-le-depute-yassine-ayari\/#breadcrumb","itemListElement":[{"@type":"ListItem","position":1,"name":"Accueil","item":"https:\/\/kapitalis.com\/tunisie\/"},{"@type":"ListItem","position":2,"name":"Tunisie : Attayar porte plainte contre le d\u00e9put\u00e9 Yassine Ayari"}]},{"@type":"WebSite","@id":"https:\/\/kapitalis.com\/tunisie\/#website","url":"https:\/\/kapitalis.com\/tunisie\/","name":"Kapitalis","description":"L&#039;actualit\u00e9 en Tunisie et dans le monde","publisher":{"@id":"https:\/\/kapitalis.com\/tunisie\/#organization"},"potentialAction":[{"@type":"SearchAction","target":{"@type":"EntryPoint","urlTemplate":"https:\/\/kapitalis.com\/tunisie\/?s={search_term_string}"},"query-input":{"@type":"PropertyValueSpecification","valueRequired":true,"valueName":"search_term_string"}}],"inLanguage":"fr-FR"},{"@type":"Organization","@id":"https:\/\/kapitalis.com\/tunisie\/#organization","name":"Kapitalis","url":"https:\/\/kapitalis.com\/tunisie\/","logo":{"@type":"ImageObject","inLanguage":"fr-FR","@id":"https:\/\/kapitalis.com\/tunisie\/#\/schema\/logo\/image\/","url":"https:\/\/kapitalis.com\/tunisie\/wp-content\/uploads\/2022\/05\/Kapitalis-big-size.png","contentUrl":"https:\/\/kapitalis.com\/tunisie\/wp-content\/uploads\/2022\/05\/Kapitalis-big-size.png","width":5000,"height":1500,"caption":"Kapitalis"},"image":{"@id":"https:\/\/kapitalis.com\/tunisie\/#\/schema\/logo\/image\/"},"sameAs":["https:\/\/www.facebook.com\/KapitalisInfo\/","https:\/\/x.com\/KapitalisInfo","https:\/\/www.youtube.com\/channel\/UC-yDYrHyfFBWWZaOw3FPg9Q"]},{"@type":"Person","@id":"https:\/\/kapitalis.com\/tunisie\/#\/schema\/person\/74bbde0154d49d790a92aaeac5bc01d5","name":"Yusra NY","url":"https:\/\/kapitalis.com\/tunisie\/author\/yuza_adam\/"}]}},"_links":{"self":[{"href":"https:\/\/kapitalis.com\/tunisie\/wp-json\/wp\/v2\/posts\/312556","targetHints":{"allow":["GET"]}}],"collection":[{"href":"https:\/\/kapitalis.com\/tunisie\/wp-json\/wp\/v2\/posts"}],"about":[{"href":"https:\/\/kapitalis.com\/tunisie\/wp-json\/wp\/v2\/types\/post"}],"author":[{"embeddable":true,"href":"https:\/\/kapitalis.com\/tunisie\/wp-json\/wp\/v2\/users\/6"}],"replies":[{"embeddable":true,"href":"https:\/\/kapitalis.com\/tunisie\/wp-json\/wp\/v2\/comments?post=312556"}],"version-history":[{"count":0,"href":"https:\/\/kapitalis.com\/tunisie\/wp-json\/wp\/v2\/posts\/312556\/revisions"}],"wp:featuredmedia":[{"embeddable":true,"href":"https:\/\/kapitalis.com\/tunisie\/wp-json\/wp\/v2\/media\/312558"}],"wp:attachment":[{"href":"https:\/\/kapitalis.com\/tunisie\/wp-json\/wp\/v2\/media?parent=312556"}],"wp:term":[{"taxonomy":"category","embeddable":true,"href":"https:\/\/kapitalis.com\/tunisie\/wp-json\/wp\/v2\/categories?post=312556"},{"taxonomy":"post_tag","embeddable":true,"href":"https:\/\/kapitalis.com\/tunisie\/wp-json\/wp\/v2\/tags?post=312556"}],"curies":[{"name":"wp","href":"https:\/\/api.w.org\/{rel}","templated":true}]}}