{"id":312934,"date":"2020-08-21T12:36:21","date_gmt":"2020-08-21T11:36:21","guid":{"rendered":"http:\/\/kapitalis.com\/tunisie\/?p=312934"},"modified":"2020-08-21T13:55:07","modified_gmt":"2020-08-21T12:55:07","slug":"hamadi-agrebi-tire-a-reverence-adieu-lartiste","status":"publish","type":"post","link":"https:\/\/kapitalis.com\/tunisie\/2020\/08\/21\/hamadi-agrebi-tire-a-reverence-adieu-lartiste\/","title":{"rendered":"Hamadi Agrebi tire sa r\u00e9v\u00e9rence : adieu l&rsquo;artiste !"},"content":{"rendered":"\n<figure class=\"wp-block-image size-large\"><img decoding=\"async\" src=\"http:\/\/kapitalis.com\/tunisie\/wp-content\/uploads\/2020\/08\/Hamadi-Agrebi.jpg\" alt=\"\" class=\"wp-image-312935\"\/><\/figure>\n\n\n\n<p><strong><em>L&rsquo;ancien milieu de terrain du Club sportif sfaxien (CSS) et de la s\u00e9lection de Tunisie, Hamadi Agrebi, est d\u00e9c\u00e9d\u00e9 aujourd&rsquo;hui, vendredi 21 ao\u00fbt 2020, \u00e0 l&rsquo;\u00e2ge de 69 ans. <\/em><\/strong><\/p>\n\n\n\n<!--more-->\n\n\n\n<p>Hamadi Agrebi, qui fut l&rsquo;un des artisans de ce que les Tunisiens appellent l&rsquo;\u00e9pop\u00e9e de l&rsquo;Argentine, est d\u00e9c\u00e9d\u00e9 dans une clinique priv\u00e9e de Sfax, apr\u00e8s un long combat avec le cancer. <\/p>\n\n\n\n<p>Hamadi Agrebi, de son vrai nom Mohamed Ben Rhaiem, n\u00e9 le 20 mars 1951 \u00e0 Sfax, est un footballeur international tunisien jouant au poste de milieu de terrain. Il s&rsquo;illustre notamment lors de la Coupe du monde de 1978 en Argentine.<\/p>\n\n\n\n<div class=\"wp-block-image\"><figure class=\"aligncenter size-large is-resized\"><img decoding=\"async\" src=\"http:\/\/kapitalis.com\/tunisie\/wp-content\/uploads\/2020\/08\/Hamadi_agrebi.jpg\" alt=\"\" class=\"wp-image-312938\" width=\"300\"\/><\/figure><\/div>\n\n\n\n<p>Hamadi Agrebi \u00e9volue en tant que milieu offensif au sein du CSS sous le num\u00e9ro 8, qui est supprim\u00e9 par le club en 2017 afin de faire honneur \u00e0 celui qu&rsquo;on consid\u00e8re comme la l\u00e9gende vivante du club.<\/p>\n\n\n\n<div class=\"wp-block-image\"><figure class=\"aligncenter size-large is-resized\"><img decoding=\"async\" src=\"http:\/\/kapitalis.com\/tunisie\/wp-content\/uploads\/2020\/08\/Statue-Hamadi-Agrebi.jpg\" alt=\"\" class=\"wp-image-312940\" width=\"500\"\/><figcaption><em>Statue Hamadi Agrebi \u00e0 Sdax.<\/em><\/figcaption><\/figure><\/div>\n\n\n\n<p>Une statue de 2,5 m\u00e8tres de haut \u00e0 son effigie est inaugur\u00e9e le 21 octobre 2017 en face du stade Ta\u00efeb-Mehiri de Sfax en pr\u00e9sence de responsables r\u00e9gionaux, de personnalit\u00e9s et d&rsquo;anciens joueurs du club, comme Mokhtar Dhouib.<\/p>\n","protected":false},"excerpt":{"rendered":"<p>L&rsquo;ancien milieu de terrain du Club sportif sfaxien (CSS) et de la s\u00e9lection de Tunisie, Hamadi Agrebi, est d\u00e9c\u00e9d\u00e9 aujourd&rsquo;hui, vendredi 21 ao\u00fbt 2020, \u00e0 l&rsquo;\u00e2ge de 69 ans.<\/p>\n","protected":false},"author":8,"featured_media":312935,"comment_status":"open","ping_status":"open","sticky":false,"template":"","format":"standard","meta":{"footnotes":""},"categories":[999,2433],"tags":[2767,3771,82016,82017,10727],"class_list":["post-312934","post","type-post","status-publish","format-standard","has-post-thumbnail","hentry","category-sport","category-tunisie","tag-argentine","tag-club-sfaxien","tag-hamadi-agrebi","tag-mokhtar-dhouib","tag-selection-de-tunisie"],"yoast_head":"<!-- This site is optimized with the Yoast SEO plugin v26.6 - https:\/\/yoast.com\/wordpress\/plugins\/seo\/ -->\n<title>Hamadi Agrebi tire sa r\u00e9v\u00e9rence : adieu l&#039;artiste ! - Kapitalis<\/title>\n<meta name=\"robots\" content=\"index, follow, max-snippet:-1, max-image-preview:large, max-video-preview:-1\" \/>\n<link rel=\"canonical\" href=\"https:\/\/kapitalis.com\/tunisie\/2020\/08\/21\/hamadi-agrebi-tire-a-reverence-adieu-lartiste\/\" \/>\n<meta property=\"og:locale\" content=\"fr_FR\" \/>\n<meta property=\"og:type\" content=\"article\" \/>\n<meta property=\"og:title\" content=\"Hamadi Agrebi tire sa r\u00e9v\u00e9rence : adieu l&#039;artiste ! - Kapitalis\" \/>\n<meta property=\"og:description\" content=\"L&rsquo;ancien milieu de terrain du Club sportif sfaxien (CSS) et de la s\u00e9lection de Tunisie, Hamadi Agrebi, est d\u00e9c\u00e9d\u00e9 aujourd&rsquo;hui, vendredi 21 ao\u00fbt 2020, \u00e0 l&rsquo;\u00e2ge de 69 ans.\" \/>\n<meta property=\"og:url\" content=\"https:\/\/kapitalis.com\/tunisie\/2020\/08\/21\/hamadi-agrebi-tire-a-reverence-adieu-lartiste\/\" \/>\n<meta property=\"og:site_name\" content=\"Kapitalis\" \/>\n<meta property=\"article:publisher\" content=\"https:\/\/www.facebook.com\/KapitalisInfo\/\" \/>\n<meta property=\"article:published_time\" content=\"2020-08-21T11:36:21+00:00\" \/>\n<meta property=\"article:modified_time\" content=\"2020-08-21T12:55:07+00:00\" \/>\n<meta property=\"og:image\" content=\"https:\/\/kapitalis.com\/tunisie\/wp-content\/uploads\/2022\/05\/kapitalis-logo-fb.png\" \/>\n\t<meta property=\"og:image:width\" content=\"1200\" \/>\n\t<meta property=\"og:image:height\" content=\"630\" \/>\n\t<meta property=\"og:image:type\" content=\"image\/png\" \/>\n<meta name=\"author\" content=\"webmaster kapitalis\" \/>\n<meta name=\"twitter:card\" content=\"summary_large_image\" \/>\n<meta name=\"twitter:creator\" content=\"@KapitalisInfo\" \/>\n<meta name=\"twitter:site\" content=\"@KapitalisInfo\" \/>\n<meta name=\"twitter:label1\" content=\"\u00c9crit par\" \/>\n\t<meta name=\"twitter:data1\" content=\"webmaster kapitalis\" \/>\n\t<meta name=\"twitter:label2\" content=\"Dur\u00e9e de lecture estim\u00e9e\" \/>\n\t<meta name=\"twitter:data2\" content=\"1 minute\" \/>\n<script type=\"application\/ld+json\" class=\"yoast-schema-graph\">{\"@context\":\"https:\/\/schema.org\",\"@graph\":[{\"@type\":\"Article\",\"@id\":\"https:\/\/kapitalis.com\/tunisie\/2020\/08\/21\/hamadi-agrebi-tire-a-reverence-adieu-lartiste\/#article\",\"isPartOf\":{\"@id\":\"https:\/\/kapitalis.com\/tunisie\/2020\/08\/21\/hamadi-agrebi-tire-a-reverence-adieu-lartiste\/\"},\"author\":{\"name\":\"webmaster kapitalis\",\"@id\":\"https:\/\/kapitalis.com\/tunisie\/#\/schema\/person\/d71f33a9ca44f7bad4698210b480c8e9\"},\"headline\":\"Hamadi Agrebi tire sa r\u00e9v\u00e9rence : adieu l&rsquo;artiste !\",\"datePublished\":\"2020-08-21T11:36:21+00:00\",\"dateModified\":\"2020-08-21T12:55:07+00:00\",\"mainEntityOfPage\":{\"@id\":\"https:\/\/kapitalis.com\/tunisie\/2020\/08\/21\/hamadi-agrebi-tire-a-reverence-adieu-lartiste\/\"},\"wordCount\":195,\"commentCount\":3,\"publisher\":{\"@id\":\"https:\/\/kapitalis.com\/tunisie\/#organization\"},\"image\":{\"@id\":\"https:\/\/kapitalis.com\/tunisie\/2020\/08\/21\/hamadi-agrebi-tire-a-reverence-adieu-lartiste\/#primaryimage\"},\"thumbnailUrl\":\"\",\"keywords\":[\"Argentine\",\"Club sfaxien\",\"Hamadi Agrebi\",\"Mokhtar Dhouib\",\"s\u00e9lection de Tunisie\"],\"articleSection\":[\"SPORT\",\"Tunisie\"],\"inLanguage\":\"fr-FR\",\"potentialAction\":[{\"@type\":\"CommentAction\",\"name\":\"Comment\",\"target\":[\"https:\/\/kapitalis.com\/tunisie\/2020\/08\/21\/hamadi-agrebi-tire-a-reverence-adieu-lartiste\/#respond\"]}]},{\"@type\":\"WebPage\",\"@id\":\"https:\/\/kapitalis.com\/tunisie\/2020\/08\/21\/hamadi-agrebi-tire-a-reverence-adieu-lartiste\/\",\"url\":\"https:\/\/kapitalis.com\/tunisie\/2020\/08\/21\/hamadi-agrebi-tire-a-reverence-adieu-lartiste\/\",\"name\":\"Hamadi Agrebi tire sa r\u00e9v\u00e9rence : adieu l'artiste ! - Kapitalis\",\"isPartOf\":{\"@id\":\"https:\/\/kapitalis.com\/tunisie\/#website\"},\"primaryImageOfPage\":{\"@id\":\"https:\/\/kapitalis.com\/tunisie\/2020\/08\/21\/hamadi-agrebi-tire-a-reverence-adieu-lartiste\/#primaryimage\"},\"image\":{\"@id\":\"https:\/\/kapitalis.com\/tunisie\/2020\/08\/21\/hamadi-agrebi-tire-a-reverence-adieu-lartiste\/#primaryimage\"},\"thumbnailUrl\":\"\",\"datePublished\":\"2020-08-21T11:36:21+00:00\",\"dateModified\":\"2020-08-21T12:55:07+00:00\",\"breadcrumb\":{\"@id\":\"https:\/\/kapitalis.com\/tunisie\/2020\/08\/21\/hamadi-agrebi-tire-a-reverence-adieu-lartiste\/#breadcrumb\"},\"inLanguage\":\"fr-FR\",\"potentialAction\":[{\"@type\":\"ReadAction\",\"target\":[\"https:\/\/kapitalis.com\/tunisie\/2020\/08\/21\/hamadi-agrebi-tire-a-reverence-adieu-lartiste\/\"]}]},{\"@type\":\"ImageObject\",\"inLanguage\":\"fr-FR\",\"@id\":\"https:\/\/kapitalis.com\/tunisie\/2020\/08\/21\/hamadi-agrebi-tire-a-reverence-adieu-lartiste\/#primaryimage\",\"url\":\"\",\"contentUrl\":\"\"},{\"@type\":\"BreadcrumbList\",\"@id\":\"https:\/\/kapitalis.com\/tunisie\/2020\/08\/21\/hamadi-agrebi-tire-a-reverence-adieu-lartiste\/#breadcrumb\",\"itemListElement\":[{\"@type\":\"ListItem\",\"position\":1,\"name\":\"Accueil\",\"item\":\"https:\/\/kapitalis.com\/tunisie\/\"},{\"@type\":\"ListItem\",\"position\":2,\"name\":\"Hamadi Agrebi tire sa r\u00e9v\u00e9rence : adieu l&rsquo;artiste !\"}]},{\"@type\":\"WebSite\",\"@id\":\"https:\/\/kapitalis.com\/tunisie\/#website\",\"url\":\"https:\/\/kapitalis.com\/tunisie\/\",\"name\":\"Kapitalis\",\"description\":\"L&#039;actualit\u00e9 en Tunisie et dans le monde\",\"publisher\":{\"@id\":\"https:\/\/kapitalis.com\/tunisie\/#organization\"},\"potentialAction\":[{\"@type\":\"SearchAction\",\"target\":{\"@type\":\"EntryPoint\",\"urlTemplate\":\"https:\/\/kapitalis.com\/tunisie\/?s={search_term_string}\"},\"query-input\":{\"@type\":\"PropertyValueSpecification\",\"valueRequired\":true,\"valueName\":\"search_term_string\"}}],\"inLanguage\":\"fr-FR\"},{\"@type\":\"Organization\",\"@id\":\"https:\/\/kapitalis.com\/tunisie\/#organization\",\"name\":\"Kapitalis\",\"url\":\"https:\/\/kapitalis.com\/tunisie\/\",\"logo\":{\"@type\":\"ImageObject\",\"inLanguage\":\"fr-FR\",\"@id\":\"https:\/\/kapitalis.com\/tunisie\/#\/schema\/logo\/image\/\",\"url\":\"https:\/\/kapitalis.com\/tunisie\/wp-content\/uploads\/2022\/05\/Kapitalis-big-size.png\",\"contentUrl\":\"https:\/\/kapitalis.com\/tunisie\/wp-content\/uploads\/2022\/05\/Kapitalis-big-size.png\",\"width\":5000,\"height\":1500,\"caption\":\"Kapitalis\"},\"image\":{\"@id\":\"https:\/\/kapitalis.com\/tunisie\/#\/schema\/logo\/image\/\"},\"sameAs\":[\"https:\/\/www.facebook.com\/KapitalisInfo\/\",\"https:\/\/x.com\/KapitalisInfo\",\"https:\/\/www.youtube.com\/channel\/UC-yDYrHyfFBWWZaOw3FPg9Q\"]},{\"@type\":\"Person\",\"@id\":\"https:\/\/kapitalis.com\/tunisie\/#\/schema\/person\/d71f33a9ca44f7bad4698210b480c8e9\",\"name\":\"webmaster kapitalis\",\"url\":\"https:\/\/kapitalis.com\/tunisie\/author\/webmaster-kapitalis\/\"}]}<\/script>\n<!-- \/ Yoast SEO plugin. -->","yoast_head_json":{"title":"Hamadi Agrebi tire sa r\u00e9v\u00e9rence : adieu l'artiste ! - Kapitalis","robots":{"index":"index","follow":"follow","max-snippet":"max-snippet:-1","max-image-preview":"max-image-preview:large","max-video-preview":"max-video-preview:-1"},"canonical":"https:\/\/kapitalis.com\/tunisie\/2020\/08\/21\/hamadi-agrebi-tire-a-reverence-adieu-lartiste\/","og_locale":"fr_FR","og_type":"article","og_title":"Hamadi Agrebi tire sa r\u00e9v\u00e9rence : adieu l'artiste ! - Kapitalis","og_description":"L&rsquo;ancien milieu de terrain du Club sportif sfaxien (CSS) et de la s\u00e9lection de Tunisie, Hamadi Agrebi, est d\u00e9c\u00e9d\u00e9 aujourd&rsquo;hui, vendredi 21 ao\u00fbt 2020, \u00e0 l&rsquo;\u00e2ge de 69 ans.","og_url":"https:\/\/kapitalis.com\/tunisie\/2020\/08\/21\/hamadi-agrebi-tire-a-reverence-adieu-lartiste\/","og_site_name":"Kapitalis","article_publisher":"https:\/\/www.facebook.com\/KapitalisInfo\/","article_published_time":"2020-08-21T11:36:21+00:00","article_modified_time":"2020-08-21T12:55:07+00:00","og_image":[{"width":1200,"height":630,"url":"https:\/\/kapitalis.com\/tunisie\/wp-content\/uploads\/2022\/05\/kapitalis-logo-fb.png","type":"image\/png"}],"author":"webmaster kapitalis","twitter_card":"summary_large_image","twitter_creator":"@KapitalisInfo","twitter_site":"@KapitalisInfo","twitter_misc":{"\u00c9crit par":"webmaster kapitalis","Dur\u00e9e de lecture estim\u00e9e":"1 minute"},"schema":{"@context":"https:\/\/schema.org","@graph":[{"@type":"Article","@id":"https:\/\/kapitalis.com\/tunisie\/2020\/08\/21\/hamadi-agrebi-tire-a-reverence-adieu-lartiste\/#article","isPartOf":{"@id":"https:\/\/kapitalis.com\/tunisie\/2020\/08\/21\/hamadi-agrebi-tire-a-reverence-adieu-lartiste\/"},"author":{"name":"webmaster kapitalis","@id":"https:\/\/kapitalis.com\/tunisie\/#\/schema\/person\/d71f33a9ca44f7bad4698210b480c8e9"},"headline":"Hamadi Agrebi tire sa r\u00e9v\u00e9rence : adieu l&rsquo;artiste !","datePublished":"2020-08-21T11:36:21+00:00","dateModified":"2020-08-21T12:55:07+00:00","mainEntityOfPage":{"@id":"https:\/\/kapitalis.com\/tunisie\/2020\/08\/21\/hamadi-agrebi-tire-a-reverence-adieu-lartiste\/"},"wordCount":195,"commentCount":3,"publisher":{"@id":"https:\/\/kapitalis.com\/tunisie\/#organization"},"image":{"@id":"https:\/\/kapitalis.com\/tunisie\/2020\/08\/21\/hamadi-agrebi-tire-a-reverence-adieu-lartiste\/#primaryimage"},"thumbnailUrl":"","keywords":["Argentine","Club sfaxien","Hamadi Agrebi","Mokhtar Dhouib","s\u00e9lection de Tunisie"],"articleSection":["SPORT","Tunisie"],"inLanguage":"fr-FR","potentialAction":[{"@type":"CommentAction","name":"Comment","target":["https:\/\/kapitalis.com\/tunisie\/2020\/08\/21\/hamadi-agrebi-tire-a-reverence-adieu-lartiste\/#respond"]}]},{"@type":"WebPage","@id":"https:\/\/kapitalis.com\/tunisie\/2020\/08\/21\/hamadi-agrebi-tire-a-reverence-adieu-lartiste\/","url":"https:\/\/kapitalis.com\/tunisie\/2020\/08\/21\/hamadi-agrebi-tire-a-reverence-adieu-lartiste\/","name":"Hamadi Agrebi tire sa r\u00e9v\u00e9rence : adieu l'artiste ! - Kapitalis","isPartOf":{"@id":"https:\/\/kapitalis.com\/tunisie\/#website"},"primaryImageOfPage":{"@id":"https:\/\/kapitalis.com\/tunisie\/2020\/08\/21\/hamadi-agrebi-tire-a-reverence-adieu-lartiste\/#primaryimage"},"image":{"@id":"https:\/\/kapitalis.com\/tunisie\/2020\/08\/21\/hamadi-agrebi-tire-a-reverence-adieu-lartiste\/#primaryimage"},"thumbnailUrl":"","datePublished":"2020-08-21T11:36:21+00:00","dateModified":"2020-08-21T12:55:07+00:00","breadcrumb":{"@id":"https:\/\/kapitalis.com\/tunisie\/2020\/08\/21\/hamadi-agrebi-tire-a-reverence-adieu-lartiste\/#breadcrumb"},"inLanguage":"fr-FR","potentialAction":[{"@type":"ReadAction","target":["https:\/\/kapitalis.com\/tunisie\/2020\/08\/21\/hamadi-agrebi-tire-a-reverence-adieu-lartiste\/"]}]},{"@type":"ImageObject","inLanguage":"fr-FR","@id":"https:\/\/kapitalis.com\/tunisie\/2020\/08\/21\/hamadi-agrebi-tire-a-reverence-adieu-lartiste\/#primaryimage","url":"","contentUrl":""},{"@type":"BreadcrumbList","@id":"https:\/\/kapitalis.com\/tunisie\/2020\/08\/21\/hamadi-agrebi-tire-a-reverence-adieu-lartiste\/#breadcrumb","itemListElement":[{"@type":"ListItem","position":1,"name":"Accueil","item":"https:\/\/kapitalis.com\/tunisie\/"},{"@type":"ListItem","position":2,"name":"Hamadi Agrebi tire sa r\u00e9v\u00e9rence : adieu l&rsquo;artiste !"}]},{"@type":"WebSite","@id":"https:\/\/kapitalis.com\/tunisie\/#website","url":"https:\/\/kapitalis.com\/tunisie\/","name":"Kapitalis","description":"L&#039;actualit\u00e9 en Tunisie et dans le monde","publisher":{"@id":"https:\/\/kapitalis.com\/tunisie\/#organization"},"potentialAction":[{"@type":"SearchAction","target":{"@type":"EntryPoint","urlTemplate":"https:\/\/kapitalis.com\/tunisie\/?s={search_term_string}"},"query-input":{"@type":"PropertyValueSpecification","valueRequired":true,"valueName":"search_term_string"}}],"inLanguage":"fr-FR"},{"@type":"Organization","@id":"https:\/\/kapitalis.com\/tunisie\/#organization","name":"Kapitalis","url":"https:\/\/kapitalis.com\/tunisie\/","logo":{"@type":"ImageObject","inLanguage":"fr-FR","@id":"https:\/\/kapitalis.com\/tunisie\/#\/schema\/logo\/image\/","url":"https:\/\/kapitalis.com\/tunisie\/wp-content\/uploads\/2022\/05\/Kapitalis-big-size.png","contentUrl":"https:\/\/kapitalis.com\/tunisie\/wp-content\/uploads\/2022\/05\/Kapitalis-big-size.png","width":5000,"height":1500,"caption":"Kapitalis"},"image":{"@id":"https:\/\/kapitalis.com\/tunisie\/#\/schema\/logo\/image\/"},"sameAs":["https:\/\/www.facebook.com\/KapitalisInfo\/","https:\/\/x.com\/KapitalisInfo","https:\/\/www.youtube.com\/channel\/UC-yDYrHyfFBWWZaOw3FPg9Q"]},{"@type":"Person","@id":"https:\/\/kapitalis.com\/tunisie\/#\/schema\/person\/d71f33a9ca44f7bad4698210b480c8e9","name":"webmaster kapitalis","url":"https:\/\/kapitalis.com\/tunisie\/author\/webmaster-kapitalis\/"}]}},"_links":{"self":[{"href":"https:\/\/kapitalis.com\/tunisie\/wp-json\/wp\/v2\/posts\/312934","targetHints":{"allow":["GET"]}}],"collection":[{"href":"https:\/\/kapitalis.com\/tunisie\/wp-json\/wp\/v2\/posts"}],"about":[{"href":"https:\/\/kapitalis.com\/tunisie\/wp-json\/wp\/v2\/types\/post"}],"author":[{"embeddable":true,"href":"https:\/\/kapitalis.com\/tunisie\/wp-json\/wp\/v2\/users\/8"}],"replies":[{"embeddable":true,"href":"https:\/\/kapitalis.com\/tunisie\/wp-json\/wp\/v2\/comments?post=312934"}],"version-history":[{"count":0,"href":"https:\/\/kapitalis.com\/tunisie\/wp-json\/wp\/v2\/posts\/312934\/revisions"}],"wp:featuredmedia":[{"embeddable":true,"href":"https:\/\/kapitalis.com\/tunisie\/wp-json\/wp\/v2\/media\/312935"}],"wp:attachment":[{"href":"https:\/\/kapitalis.com\/tunisie\/wp-json\/wp\/v2\/media?parent=312934"}],"wp:term":[{"taxonomy":"category","embeddable":true,"href":"https:\/\/kapitalis.com\/tunisie\/wp-json\/wp\/v2\/categories?post=312934"},{"taxonomy":"post_tag","embeddable":true,"href":"https:\/\/kapitalis.com\/tunisie\/wp-json\/wp\/v2\/tags?post=312934"}],"curies":[{"name":"wp","href":"https:\/\/api.w.org\/{rel}","templated":true}]}}