{"id":312979,"date":"2020-08-21T17:47:28","date_gmt":"2020-08-21T16:47:28","guid":{"rendered":"http:\/\/kapitalis.com\/tunisie\/?p=312979"},"modified":"2020-08-21T18:42:15","modified_gmt":"2020-08-21T17:42:15","slug":"comme-il-a-vecu-dr-mohamed-gueddiche-seteint-discretement","status":"publish","type":"post","link":"https:\/\/kapitalis.com\/tunisie\/2020\/08\/21\/comme-il-a-vecu-dr-mohamed-gueddiche-seteint-discretement\/","title":{"rendered":"Comme il a v\u00e9cu, Dr Mohamed Gueddiche s&rsquo;\u00e9teint discr\u00e8tement"},"content":{"rendered":"\n<figure class=\"wp-block-image size-large\"><img decoding=\"async\" src=\"http:\/\/kapitalis.com\/tunisie\/wp-content\/uploads\/2020\/08\/Mohamed-Gueddiche.jpg\" alt=\"\" class=\"wp-image-312980\"\/><\/figure>\n\n\n\n<p><strong><em>Le professeur Mohamed Gueddiche, ancien m\u00e9decin militaire, devenu m\u00e9decin personnel de l&rsquo;ancien pr\u00e9sident Zine El-Abidine Ben Ali, est d\u00e9c\u00e9d\u00e9 aujourd&rsquo;hui, vendredi 21 ao\u00fbt 2020. <\/em><\/strong><\/p>\n\n\n\n<!--more-->\n\n\n\n<p>Professeur en cardiologie, ce natif de Hammamet, ville baln\u00e9aire \u00e0 laquelle il resta attach\u00e9 jusqu&rsquo;\u00e0 la fin de sa vie, \u00e9tait un homme discret et affable. <\/p>\n\n\n\n<p>Le d\u00e9funt a travers\u00e9 toute la p\u00e9riode de r\u00e8gne de Ben Ali, dont il \u00e9tait l&rsquo;un des plus proches, \u00e9tant son ami et son m\u00e9decin personnel, et l&rsquo;un des signataires de l&rsquo;attestation m\u00e9dicale lui ayant permis de destituer Habib Bourguiba le 7 novembre 1987 pour s\u00e9nilit\u00e9, mais il s&rsquo;est mur\u00e9 dans le silence au lendemain de la chute du r\u00e9gime de ce dernier et \u00e9vit\u00e9 de s&rsquo;afficher avec les nouveaux hommes forts du pays, et encore moins de s&rsquo;\u00e9pancher dans les m\u00e9dias, comme d&rsquo;autres l&rsquo;ont fait. Feu Gueddiche savaient pourtant beaucoup de choses et \u00e9tait sans doute t\u00e9moin d&rsquo;\u00e9pisodes politiques importants qu&rsquo;il a pr\u00e9f\u00e9r\u00e9 emporter avec lui dans la tombe.  <\/p>\n\n\n\n<p>Son coll\u00e8gue, professeur de cardiologie comme lui, Pr Faouzi Addad, a \u00e9crit dans un post facebook un \u00e9loge de ce <em>\u00abgrand ma\u00eetre de la cardiologie\u00bb<\/em>. Il a notamment \u00e9crit : <em>\u00abLe Pr Mohamed Gueddiche a consacr\u00e9 une grande partie de sa vie \u00e0 \u00e9lever la cardiologie tunisienne au rang de ce qui avait de meilleur dans le monde.\u00bb <\/em><\/p>\n\n\n\n<p class=\"has-text-align-right\"><strong>I. B.<\/strong><\/p>\n","protected":false},"excerpt":{"rendered":"<p>Le professeur Mohamed Gueddiche, ancien m\u00e9decin militaire, devenu m\u00e9decin personnel de l&rsquo;ancien pr\u00e9sident Zine El-Abidine Ben Ali, est d\u00e9c\u00e9d\u00e9 aujourd&rsquo;hui, vendredi 21 ao\u00fbt 2020.<\/p>\n","protected":false},"author":8,"featured_media":312980,"comment_status":"open","ping_status":"open","sticky":false,"template":"","format":"standard","meta":{"footnotes":""},"categories":[997,2433],"tags":[439,82027,80856],"class_list":["post-312979","post","type-post","status-publish","format-standard","has-post-thumbnail","hentry","category-politique","category-tunisie","tag-hammamet","tag-mohamed-gueddiche","tag-zine-el-abidine-ben-ali-2"],"yoast_head":"<!-- This site is optimized with the Yoast SEO plugin v26.6 - https:\/\/yoast.com\/wordpress\/plugins\/seo\/ -->\n<title>Comme il a v\u00e9cu, Dr Mohamed Gueddiche s&#039;\u00e9teint discr\u00e8tement - Kapitalis<\/title>\n<meta name=\"robots\" content=\"index, follow, max-snippet:-1, max-image-preview:large, max-video-preview:-1\" \/>\n<link rel=\"canonical\" href=\"https:\/\/kapitalis.com\/tunisie\/2020\/08\/21\/comme-il-a-vecu-dr-mohamed-gueddiche-seteint-discretement\/\" \/>\n<meta property=\"og:locale\" content=\"fr_FR\" \/>\n<meta property=\"og:type\" content=\"article\" \/>\n<meta property=\"og:title\" content=\"Comme il a v\u00e9cu, Dr Mohamed Gueddiche s&#039;\u00e9teint discr\u00e8tement - Kapitalis\" \/>\n<meta property=\"og:description\" content=\"Le professeur Mohamed Gueddiche, ancien m\u00e9decin militaire, devenu m\u00e9decin personnel de l&rsquo;ancien pr\u00e9sident Zine El-Abidine Ben Ali, est d\u00e9c\u00e9d\u00e9 aujourd&rsquo;hui, vendredi 21 ao\u00fbt 2020.\" \/>\n<meta property=\"og:url\" content=\"https:\/\/kapitalis.com\/tunisie\/2020\/08\/21\/comme-il-a-vecu-dr-mohamed-gueddiche-seteint-discretement\/\" \/>\n<meta property=\"og:site_name\" content=\"Kapitalis\" \/>\n<meta property=\"article:publisher\" content=\"https:\/\/www.facebook.com\/KapitalisInfo\/\" \/>\n<meta property=\"article:published_time\" content=\"2020-08-21T16:47:28+00:00\" \/>\n<meta property=\"article:modified_time\" content=\"2020-08-21T17:42:15+00:00\" \/>\n<meta property=\"og:image\" content=\"https:\/\/kapitalis.com\/tunisie\/wp-content\/uploads\/2022\/05\/kapitalis-logo-fb.png\" \/>\n\t<meta property=\"og:image:width\" content=\"1200\" \/>\n\t<meta property=\"og:image:height\" content=\"630\" \/>\n\t<meta property=\"og:image:type\" content=\"image\/png\" \/>\n<meta name=\"author\" content=\"webmaster kapitalis\" \/>\n<meta name=\"twitter:card\" content=\"summary_large_image\" \/>\n<meta name=\"twitter:creator\" content=\"@KapitalisInfo\" \/>\n<meta name=\"twitter:site\" content=\"@KapitalisInfo\" \/>\n<meta name=\"twitter:label1\" content=\"\u00c9crit par\" \/>\n\t<meta name=\"twitter:data1\" content=\"webmaster kapitalis\" \/>\n\t<meta name=\"twitter:label2\" content=\"Dur\u00e9e de lecture estim\u00e9e\" \/>\n\t<meta name=\"twitter:data2\" content=\"1 minute\" \/>\n<script type=\"application\/ld+json\" class=\"yoast-schema-graph\">{\"@context\":\"https:\/\/schema.org\",\"@graph\":[{\"@type\":\"Article\",\"@id\":\"https:\/\/kapitalis.com\/tunisie\/2020\/08\/21\/comme-il-a-vecu-dr-mohamed-gueddiche-seteint-discretement\/#article\",\"isPartOf\":{\"@id\":\"https:\/\/kapitalis.com\/tunisie\/2020\/08\/21\/comme-il-a-vecu-dr-mohamed-gueddiche-seteint-discretement\/\"},\"author\":{\"name\":\"webmaster kapitalis\",\"@id\":\"https:\/\/kapitalis.com\/tunisie\/#\/schema\/person\/d71f33a9ca44f7bad4698210b480c8e9\"},\"headline\":\"Comme il a v\u00e9cu, Dr Mohamed Gueddiche s&rsquo;\u00e9teint discr\u00e8tement\",\"datePublished\":\"2020-08-21T16:47:28+00:00\",\"dateModified\":\"2020-08-21T17:42:15+00:00\",\"mainEntityOfPage\":{\"@id\":\"https:\/\/kapitalis.com\/tunisie\/2020\/08\/21\/comme-il-a-vecu-dr-mohamed-gueddiche-seteint-discretement\/\"},\"wordCount\":247,\"commentCount\":7,\"publisher\":{\"@id\":\"https:\/\/kapitalis.com\/tunisie\/#organization\"},\"image\":{\"@id\":\"https:\/\/kapitalis.com\/tunisie\/2020\/08\/21\/comme-il-a-vecu-dr-mohamed-gueddiche-seteint-discretement\/#primaryimage\"},\"thumbnailUrl\":\"\",\"keywords\":[\"Hammamet\",\"Mohamed Gueddiche\",\"Zine El-Abidine Ben Ali\"],\"articleSection\":[\"POLITIQUE\",\"Tunisie\"],\"inLanguage\":\"fr-FR\",\"potentialAction\":[{\"@type\":\"CommentAction\",\"name\":\"Comment\",\"target\":[\"https:\/\/kapitalis.com\/tunisie\/2020\/08\/21\/comme-il-a-vecu-dr-mohamed-gueddiche-seteint-discretement\/#respond\"]}]},{\"@type\":\"WebPage\",\"@id\":\"https:\/\/kapitalis.com\/tunisie\/2020\/08\/21\/comme-il-a-vecu-dr-mohamed-gueddiche-seteint-discretement\/\",\"url\":\"https:\/\/kapitalis.com\/tunisie\/2020\/08\/21\/comme-il-a-vecu-dr-mohamed-gueddiche-seteint-discretement\/\",\"name\":\"Comme il a v\u00e9cu, Dr Mohamed Gueddiche s'\u00e9teint discr\u00e8tement - Kapitalis\",\"isPartOf\":{\"@id\":\"https:\/\/kapitalis.com\/tunisie\/#website\"},\"primaryImageOfPage\":{\"@id\":\"https:\/\/kapitalis.com\/tunisie\/2020\/08\/21\/comme-il-a-vecu-dr-mohamed-gueddiche-seteint-discretement\/#primaryimage\"},\"image\":{\"@id\":\"https:\/\/kapitalis.com\/tunisie\/2020\/08\/21\/comme-il-a-vecu-dr-mohamed-gueddiche-seteint-discretement\/#primaryimage\"},\"thumbnailUrl\":\"\",\"datePublished\":\"2020-08-21T16:47:28+00:00\",\"dateModified\":\"2020-08-21T17:42:15+00:00\",\"breadcrumb\":{\"@id\":\"https:\/\/kapitalis.com\/tunisie\/2020\/08\/21\/comme-il-a-vecu-dr-mohamed-gueddiche-seteint-discretement\/#breadcrumb\"},\"inLanguage\":\"fr-FR\",\"potentialAction\":[{\"@type\":\"ReadAction\",\"target\":[\"https:\/\/kapitalis.com\/tunisie\/2020\/08\/21\/comme-il-a-vecu-dr-mohamed-gueddiche-seteint-discretement\/\"]}]},{\"@type\":\"ImageObject\",\"inLanguage\":\"fr-FR\",\"@id\":\"https:\/\/kapitalis.com\/tunisie\/2020\/08\/21\/comme-il-a-vecu-dr-mohamed-gueddiche-seteint-discretement\/#primaryimage\",\"url\":\"\",\"contentUrl\":\"\"},{\"@type\":\"BreadcrumbList\",\"@id\":\"https:\/\/kapitalis.com\/tunisie\/2020\/08\/21\/comme-il-a-vecu-dr-mohamed-gueddiche-seteint-discretement\/#breadcrumb\",\"itemListElement\":[{\"@type\":\"ListItem\",\"position\":1,\"name\":\"Accueil\",\"item\":\"https:\/\/kapitalis.com\/tunisie\/\"},{\"@type\":\"ListItem\",\"position\":2,\"name\":\"Comme il a v\u00e9cu, Dr Mohamed Gueddiche s&rsquo;\u00e9teint discr\u00e8tement\"}]},{\"@type\":\"WebSite\",\"@id\":\"https:\/\/kapitalis.com\/tunisie\/#website\",\"url\":\"https:\/\/kapitalis.com\/tunisie\/\",\"name\":\"Kapitalis\",\"description\":\"L&#039;actualit\u00e9 en Tunisie et dans le monde\",\"publisher\":{\"@id\":\"https:\/\/kapitalis.com\/tunisie\/#organization\"},\"potentialAction\":[{\"@type\":\"SearchAction\",\"target\":{\"@type\":\"EntryPoint\",\"urlTemplate\":\"https:\/\/kapitalis.com\/tunisie\/?s={search_term_string}\"},\"query-input\":{\"@type\":\"PropertyValueSpecification\",\"valueRequired\":true,\"valueName\":\"search_term_string\"}}],\"inLanguage\":\"fr-FR\"},{\"@type\":\"Organization\",\"@id\":\"https:\/\/kapitalis.com\/tunisie\/#organization\",\"name\":\"Kapitalis\",\"url\":\"https:\/\/kapitalis.com\/tunisie\/\",\"logo\":{\"@type\":\"ImageObject\",\"inLanguage\":\"fr-FR\",\"@id\":\"https:\/\/kapitalis.com\/tunisie\/#\/schema\/logo\/image\/\",\"url\":\"https:\/\/kapitalis.com\/tunisie\/wp-content\/uploads\/2022\/05\/Kapitalis-big-size.png\",\"contentUrl\":\"https:\/\/kapitalis.com\/tunisie\/wp-content\/uploads\/2022\/05\/Kapitalis-big-size.png\",\"width\":5000,\"height\":1500,\"caption\":\"Kapitalis\"},\"image\":{\"@id\":\"https:\/\/kapitalis.com\/tunisie\/#\/schema\/logo\/image\/\"},\"sameAs\":[\"https:\/\/www.facebook.com\/KapitalisInfo\/\",\"https:\/\/x.com\/KapitalisInfo\",\"https:\/\/www.youtube.com\/channel\/UC-yDYrHyfFBWWZaOw3FPg9Q\"]},{\"@type\":\"Person\",\"@id\":\"https:\/\/kapitalis.com\/tunisie\/#\/schema\/person\/d71f33a9ca44f7bad4698210b480c8e9\",\"name\":\"webmaster kapitalis\",\"url\":\"https:\/\/kapitalis.com\/tunisie\/author\/webmaster-kapitalis\/\"}]}<\/script>\n<!-- \/ Yoast SEO plugin. -->","yoast_head_json":{"title":"Comme il a v\u00e9cu, Dr Mohamed Gueddiche s'\u00e9teint discr\u00e8tement - Kapitalis","robots":{"index":"index","follow":"follow","max-snippet":"max-snippet:-1","max-image-preview":"max-image-preview:large","max-video-preview":"max-video-preview:-1"},"canonical":"https:\/\/kapitalis.com\/tunisie\/2020\/08\/21\/comme-il-a-vecu-dr-mohamed-gueddiche-seteint-discretement\/","og_locale":"fr_FR","og_type":"article","og_title":"Comme il a v\u00e9cu, Dr Mohamed Gueddiche s'\u00e9teint discr\u00e8tement - Kapitalis","og_description":"Le professeur Mohamed Gueddiche, ancien m\u00e9decin militaire, devenu m\u00e9decin personnel de l&rsquo;ancien pr\u00e9sident Zine El-Abidine Ben Ali, est d\u00e9c\u00e9d\u00e9 aujourd&rsquo;hui, vendredi 21 ao\u00fbt 2020.","og_url":"https:\/\/kapitalis.com\/tunisie\/2020\/08\/21\/comme-il-a-vecu-dr-mohamed-gueddiche-seteint-discretement\/","og_site_name":"Kapitalis","article_publisher":"https:\/\/www.facebook.com\/KapitalisInfo\/","article_published_time":"2020-08-21T16:47:28+00:00","article_modified_time":"2020-08-21T17:42:15+00:00","og_image":[{"width":1200,"height":630,"url":"https:\/\/kapitalis.com\/tunisie\/wp-content\/uploads\/2022\/05\/kapitalis-logo-fb.png","type":"image\/png"}],"author":"webmaster kapitalis","twitter_card":"summary_large_image","twitter_creator":"@KapitalisInfo","twitter_site":"@KapitalisInfo","twitter_misc":{"\u00c9crit par":"webmaster kapitalis","Dur\u00e9e de lecture estim\u00e9e":"1 minute"},"schema":{"@context":"https:\/\/schema.org","@graph":[{"@type":"Article","@id":"https:\/\/kapitalis.com\/tunisie\/2020\/08\/21\/comme-il-a-vecu-dr-mohamed-gueddiche-seteint-discretement\/#article","isPartOf":{"@id":"https:\/\/kapitalis.com\/tunisie\/2020\/08\/21\/comme-il-a-vecu-dr-mohamed-gueddiche-seteint-discretement\/"},"author":{"name":"webmaster kapitalis","@id":"https:\/\/kapitalis.com\/tunisie\/#\/schema\/person\/d71f33a9ca44f7bad4698210b480c8e9"},"headline":"Comme il a v\u00e9cu, Dr Mohamed Gueddiche s&rsquo;\u00e9teint discr\u00e8tement","datePublished":"2020-08-21T16:47:28+00:00","dateModified":"2020-08-21T17:42:15+00:00","mainEntityOfPage":{"@id":"https:\/\/kapitalis.com\/tunisie\/2020\/08\/21\/comme-il-a-vecu-dr-mohamed-gueddiche-seteint-discretement\/"},"wordCount":247,"commentCount":7,"publisher":{"@id":"https:\/\/kapitalis.com\/tunisie\/#organization"},"image":{"@id":"https:\/\/kapitalis.com\/tunisie\/2020\/08\/21\/comme-il-a-vecu-dr-mohamed-gueddiche-seteint-discretement\/#primaryimage"},"thumbnailUrl":"","keywords":["Hammamet","Mohamed Gueddiche","Zine El-Abidine Ben Ali"],"articleSection":["POLITIQUE","Tunisie"],"inLanguage":"fr-FR","potentialAction":[{"@type":"CommentAction","name":"Comment","target":["https:\/\/kapitalis.com\/tunisie\/2020\/08\/21\/comme-il-a-vecu-dr-mohamed-gueddiche-seteint-discretement\/#respond"]}]},{"@type":"WebPage","@id":"https:\/\/kapitalis.com\/tunisie\/2020\/08\/21\/comme-il-a-vecu-dr-mohamed-gueddiche-seteint-discretement\/","url":"https:\/\/kapitalis.com\/tunisie\/2020\/08\/21\/comme-il-a-vecu-dr-mohamed-gueddiche-seteint-discretement\/","name":"Comme il a v\u00e9cu, Dr Mohamed Gueddiche s'\u00e9teint discr\u00e8tement - Kapitalis","isPartOf":{"@id":"https:\/\/kapitalis.com\/tunisie\/#website"},"primaryImageOfPage":{"@id":"https:\/\/kapitalis.com\/tunisie\/2020\/08\/21\/comme-il-a-vecu-dr-mohamed-gueddiche-seteint-discretement\/#primaryimage"},"image":{"@id":"https:\/\/kapitalis.com\/tunisie\/2020\/08\/21\/comme-il-a-vecu-dr-mohamed-gueddiche-seteint-discretement\/#primaryimage"},"thumbnailUrl":"","datePublished":"2020-08-21T16:47:28+00:00","dateModified":"2020-08-21T17:42:15+00:00","breadcrumb":{"@id":"https:\/\/kapitalis.com\/tunisie\/2020\/08\/21\/comme-il-a-vecu-dr-mohamed-gueddiche-seteint-discretement\/#breadcrumb"},"inLanguage":"fr-FR","potentialAction":[{"@type":"ReadAction","target":["https:\/\/kapitalis.com\/tunisie\/2020\/08\/21\/comme-il-a-vecu-dr-mohamed-gueddiche-seteint-discretement\/"]}]},{"@type":"ImageObject","inLanguage":"fr-FR","@id":"https:\/\/kapitalis.com\/tunisie\/2020\/08\/21\/comme-il-a-vecu-dr-mohamed-gueddiche-seteint-discretement\/#primaryimage","url":"","contentUrl":""},{"@type":"BreadcrumbList","@id":"https:\/\/kapitalis.com\/tunisie\/2020\/08\/21\/comme-il-a-vecu-dr-mohamed-gueddiche-seteint-discretement\/#breadcrumb","itemListElement":[{"@type":"ListItem","position":1,"name":"Accueil","item":"https:\/\/kapitalis.com\/tunisie\/"},{"@type":"ListItem","position":2,"name":"Comme il a v\u00e9cu, Dr Mohamed Gueddiche s&rsquo;\u00e9teint discr\u00e8tement"}]},{"@type":"WebSite","@id":"https:\/\/kapitalis.com\/tunisie\/#website","url":"https:\/\/kapitalis.com\/tunisie\/","name":"Kapitalis","description":"L&#039;actualit\u00e9 en Tunisie et dans le monde","publisher":{"@id":"https:\/\/kapitalis.com\/tunisie\/#organization"},"potentialAction":[{"@type":"SearchAction","target":{"@type":"EntryPoint","urlTemplate":"https:\/\/kapitalis.com\/tunisie\/?s={search_term_string}"},"query-input":{"@type":"PropertyValueSpecification","valueRequired":true,"valueName":"search_term_string"}}],"inLanguage":"fr-FR"},{"@type":"Organization","@id":"https:\/\/kapitalis.com\/tunisie\/#organization","name":"Kapitalis","url":"https:\/\/kapitalis.com\/tunisie\/","logo":{"@type":"ImageObject","inLanguage":"fr-FR","@id":"https:\/\/kapitalis.com\/tunisie\/#\/schema\/logo\/image\/","url":"https:\/\/kapitalis.com\/tunisie\/wp-content\/uploads\/2022\/05\/Kapitalis-big-size.png","contentUrl":"https:\/\/kapitalis.com\/tunisie\/wp-content\/uploads\/2022\/05\/Kapitalis-big-size.png","width":5000,"height":1500,"caption":"Kapitalis"},"image":{"@id":"https:\/\/kapitalis.com\/tunisie\/#\/schema\/logo\/image\/"},"sameAs":["https:\/\/www.facebook.com\/KapitalisInfo\/","https:\/\/x.com\/KapitalisInfo","https:\/\/www.youtube.com\/channel\/UC-yDYrHyfFBWWZaOw3FPg9Q"]},{"@type":"Person","@id":"https:\/\/kapitalis.com\/tunisie\/#\/schema\/person\/d71f33a9ca44f7bad4698210b480c8e9","name":"webmaster kapitalis","url":"https:\/\/kapitalis.com\/tunisie\/author\/webmaster-kapitalis\/"}]}},"_links":{"self":[{"href":"https:\/\/kapitalis.com\/tunisie\/wp-json\/wp\/v2\/posts\/312979","targetHints":{"allow":["GET"]}}],"collection":[{"href":"https:\/\/kapitalis.com\/tunisie\/wp-json\/wp\/v2\/posts"}],"about":[{"href":"https:\/\/kapitalis.com\/tunisie\/wp-json\/wp\/v2\/types\/post"}],"author":[{"embeddable":true,"href":"https:\/\/kapitalis.com\/tunisie\/wp-json\/wp\/v2\/users\/8"}],"replies":[{"embeddable":true,"href":"https:\/\/kapitalis.com\/tunisie\/wp-json\/wp\/v2\/comments?post=312979"}],"version-history":[{"count":0,"href":"https:\/\/kapitalis.com\/tunisie\/wp-json\/wp\/v2\/posts\/312979\/revisions"}],"wp:featuredmedia":[{"embeddable":true,"href":"https:\/\/kapitalis.com\/tunisie\/wp-json\/wp\/v2\/media\/312980"}],"wp:attachment":[{"href":"https:\/\/kapitalis.com\/tunisie\/wp-json\/wp\/v2\/media?parent=312979"}],"wp:term":[{"taxonomy":"category","embeddable":true,"href":"https:\/\/kapitalis.com\/tunisie\/wp-json\/wp\/v2\/categories?post=312979"},{"taxonomy":"post_tag","embeddable":true,"href":"https:\/\/kapitalis.com\/tunisie\/wp-json\/wp\/v2\/tags?post=312979"}],"curies":[{"name":"wp","href":"https:\/\/api.w.org\/{rel}","templated":true}]}}