{"id":313178,"date":"2020-08-23T14:19:22","date_gmt":"2020-08-23T13:19:22","guid":{"rendered":"http:\/\/kapitalis.com\/tunisie\/?p=313178"},"modified":"2020-08-23T14:21:05","modified_gmt":"2020-08-23T13:21:05","slug":"rached-ghannouchi-ennahdha-va-oeuvrer-a-changer-la-loi-electorale","status":"publish","type":"post","link":"https:\/\/kapitalis.com\/tunisie\/2020\/08\/23\/rached-ghannouchi-ennahdha-va-oeuvrer-a-changer-la-loi-electorale\/","title":{"rendered":"Rached Ghannouchi : Ennahdha va \u0153uvrer \u00e0 changer la loi \u00e9lectorale"},"content":{"rendered":"\n<figure class=\"wp-block-image size-large\"><img decoding=\"async\" src=\"http:\/\/kapitalis.com\/tunisie\/wp-content\/uploads\/2020\/08\/Rached-Ghannouchi-Ennahdha-Sfax.jpg\" alt=\"\" class=\"wp-image-313179\"\/><\/figure>\n\n\n\n<p><strong><em>Intervenant au cours d\u2019une conf\u00e9rence de presse aujourd\u2019hui, dimanche 23 ao\u00fbt 2020 \u00e0 Sfax, le pr\u00e9sident du parti islamiste Ennahdha a affirm\u00e9 que son parti va \u0153uvrer pour r\u00e9former la loi \u00e9lectorale, qui est la principale cause de l\u2019instabilit\u00e9 politique en Tunisie.<\/em><\/strong><\/p>\n\n\n\n<!--more-->\n\n\n\n<p>Cette loi ne permet \u00e0 aucun parti de constituer une majorit\u00e9 absolue lui permettant de constituer seul un gouvernement. Sans une refonte de cette loi, la sc\u00e8ne politique dans le pays va rester \u00e9miett\u00e9e, a expliqu\u00e9 le pr\u00e9sident de l\u2019Assembl\u00e9e des repr\u00e9sentants du peuple (ARP) dont le parti a d\u00fb, depuis les \u00e9lections de 2011, s\u2019allier \u00e0 d\u2019autres partis pour constituer une coalition gouvernementale, ce qui a beaucoup nui \u00e0 la coh\u00e9rence et \u00e0 l\u2019unit\u00e9 du travail gouvernemental, les ministres \u00e9tant tiraill\u00e9s entre la d\u00e9fense des int\u00e9r\u00eats de leurs partis respectifs et ceux de la nation tout enti\u00e8re. \u00a0<\/p>\n\n\n\n<p>Ennahdha va \u0153uvrer \u00e0 changer cette loi au sein de l&rsquo;Assembl\u00e9e, a tenu \u00e0 pr\u00e9ciser M. Ghannouchi, qui parlait en marge d&rsquo;une r\u00e9union avec les cadres de son parti \u00e0 Sfax.<\/p>\n\n\n\n<p class=\"has-text-align-right\"><strong>I. B. <\/strong><\/p>\n","protected":false},"excerpt":{"rendered":"<p>Intervenant au cours d\u2019une conf\u00e9rence de presse aujourd\u2019hui, dimanche 23 ao\u00fbt 2020 \u00e0 Sfax, le pr\u00e9sident du parti islamiste Ennahdha a affirm\u00e9 que son parti va \u0153uvrer pour r\u00e9former la loi \u00e9lectorale, qui est la principale cause de l\u2019instabilit\u00e9 politique en Tunisie.<\/p>\n","protected":false},"author":8,"featured_media":313179,"comment_status":"open","ping_status":"open","sticky":false,"template":"","format":"standard","meta":{"footnotes":""},"categories":[997,2433],"tags":[49543,43626,758,823],"class_list":["post-313178","post","type-post","status-publish","format-standard","has-post-thumbnail","hentry","category-politique","category-tunisie","tag-ennahdha","tag-loi-electorale","tag-rached-ghannouchi","tag-sfax"],"yoast_head":"<!-- This site is optimized with the Yoast SEO plugin v26.6 - https:\/\/yoast.com\/wordpress\/plugins\/seo\/ -->\n<title>Rached Ghannouchi : Ennahdha va \u0153uvrer \u00e0 changer la loi \u00e9lectorale - Kapitalis<\/title>\n<meta name=\"robots\" content=\"index, follow, max-snippet:-1, max-image-preview:large, max-video-preview:-1\" \/>\n<link rel=\"canonical\" href=\"https:\/\/kapitalis.com\/tunisie\/2020\/08\/23\/rached-ghannouchi-ennahdha-va-oeuvrer-a-changer-la-loi-electorale\/\" \/>\n<meta property=\"og:locale\" content=\"fr_FR\" \/>\n<meta property=\"og:type\" content=\"article\" \/>\n<meta property=\"og:title\" content=\"Rached Ghannouchi : Ennahdha va \u0153uvrer \u00e0 changer la loi \u00e9lectorale - Kapitalis\" \/>\n<meta property=\"og:description\" content=\"Intervenant au cours d\u2019une conf\u00e9rence de presse aujourd\u2019hui, dimanche 23 ao\u00fbt 2020 \u00e0 Sfax, le pr\u00e9sident du parti islamiste Ennahdha a affirm\u00e9 que son parti va \u0153uvrer pour r\u00e9former la loi \u00e9lectorale, qui est la principale cause de l\u2019instabilit\u00e9 politique en Tunisie.\" \/>\n<meta property=\"og:url\" content=\"https:\/\/kapitalis.com\/tunisie\/2020\/08\/23\/rached-ghannouchi-ennahdha-va-oeuvrer-a-changer-la-loi-electorale\/\" \/>\n<meta property=\"og:site_name\" content=\"Kapitalis\" \/>\n<meta property=\"article:publisher\" content=\"https:\/\/www.facebook.com\/KapitalisInfo\/\" \/>\n<meta property=\"article:published_time\" content=\"2020-08-23T13:19:22+00:00\" \/>\n<meta property=\"article:modified_time\" content=\"2020-08-23T13:21:05+00:00\" \/>\n<meta property=\"og:image\" content=\"https:\/\/kapitalis.com\/tunisie\/wp-content\/uploads\/2022\/05\/kapitalis-logo-fb.png\" \/>\n\t<meta property=\"og:image:width\" content=\"1200\" \/>\n\t<meta property=\"og:image:height\" content=\"630\" \/>\n\t<meta property=\"og:image:type\" content=\"image\/png\" \/>\n<meta name=\"author\" content=\"webmaster kapitalis\" \/>\n<meta name=\"twitter:card\" content=\"summary_large_image\" \/>\n<meta name=\"twitter:creator\" content=\"@KapitalisInfo\" \/>\n<meta name=\"twitter:site\" content=\"@KapitalisInfo\" \/>\n<meta name=\"twitter:label1\" content=\"\u00c9crit par\" \/>\n\t<meta name=\"twitter:data1\" content=\"webmaster kapitalis\" \/>\n\t<meta name=\"twitter:label2\" content=\"Dur\u00e9e de lecture estim\u00e9e\" \/>\n\t<meta name=\"twitter:data2\" content=\"1 minute\" \/>\n<script type=\"application\/ld+json\" class=\"yoast-schema-graph\">{\"@context\":\"https:\/\/schema.org\",\"@graph\":[{\"@type\":\"Article\",\"@id\":\"https:\/\/kapitalis.com\/tunisie\/2020\/08\/23\/rached-ghannouchi-ennahdha-va-oeuvrer-a-changer-la-loi-electorale\/#article\",\"isPartOf\":{\"@id\":\"https:\/\/kapitalis.com\/tunisie\/2020\/08\/23\/rached-ghannouchi-ennahdha-va-oeuvrer-a-changer-la-loi-electorale\/\"},\"author\":{\"name\":\"webmaster kapitalis\",\"@id\":\"https:\/\/kapitalis.com\/tunisie\/#\/schema\/person\/d71f33a9ca44f7bad4698210b480c8e9\"},\"headline\":\"Rached Ghannouchi : Ennahdha va \u0153uvrer \u00e0 changer la loi \u00e9lectorale\",\"datePublished\":\"2020-08-23T13:19:22+00:00\",\"dateModified\":\"2020-08-23T13:21:05+00:00\",\"mainEntityOfPage\":{\"@id\":\"https:\/\/kapitalis.com\/tunisie\/2020\/08\/23\/rached-ghannouchi-ennahdha-va-oeuvrer-a-changer-la-loi-electorale\/\"},\"wordCount\":196,\"commentCount\":3,\"publisher\":{\"@id\":\"https:\/\/kapitalis.com\/tunisie\/#organization\"},\"image\":{\"@id\":\"https:\/\/kapitalis.com\/tunisie\/2020\/08\/23\/rached-ghannouchi-ennahdha-va-oeuvrer-a-changer-la-loi-electorale\/#primaryimage\"},\"thumbnailUrl\":\"\",\"keywords\":[\"Ennahdha\",\"loi \u00e9lectorale\",\"Rached Ghannouchi\",\"Sfax\"],\"articleSection\":[\"POLITIQUE\",\"Tunisie\"],\"inLanguage\":\"fr-FR\",\"potentialAction\":[{\"@type\":\"CommentAction\",\"name\":\"Comment\",\"target\":[\"https:\/\/kapitalis.com\/tunisie\/2020\/08\/23\/rached-ghannouchi-ennahdha-va-oeuvrer-a-changer-la-loi-electorale\/#respond\"]}]},{\"@type\":\"WebPage\",\"@id\":\"https:\/\/kapitalis.com\/tunisie\/2020\/08\/23\/rached-ghannouchi-ennahdha-va-oeuvrer-a-changer-la-loi-electorale\/\",\"url\":\"https:\/\/kapitalis.com\/tunisie\/2020\/08\/23\/rached-ghannouchi-ennahdha-va-oeuvrer-a-changer-la-loi-electorale\/\",\"name\":\"Rached Ghannouchi : Ennahdha va \u0153uvrer \u00e0 changer la loi \u00e9lectorale - Kapitalis\",\"isPartOf\":{\"@id\":\"https:\/\/kapitalis.com\/tunisie\/#website\"},\"primaryImageOfPage\":{\"@id\":\"https:\/\/kapitalis.com\/tunisie\/2020\/08\/23\/rached-ghannouchi-ennahdha-va-oeuvrer-a-changer-la-loi-electorale\/#primaryimage\"},\"image\":{\"@id\":\"https:\/\/kapitalis.com\/tunisie\/2020\/08\/23\/rached-ghannouchi-ennahdha-va-oeuvrer-a-changer-la-loi-electorale\/#primaryimage\"},\"thumbnailUrl\":\"\",\"datePublished\":\"2020-08-23T13:19:22+00:00\",\"dateModified\":\"2020-08-23T13:21:05+00:00\",\"breadcrumb\":{\"@id\":\"https:\/\/kapitalis.com\/tunisie\/2020\/08\/23\/rached-ghannouchi-ennahdha-va-oeuvrer-a-changer-la-loi-electorale\/#breadcrumb\"},\"inLanguage\":\"fr-FR\",\"potentialAction\":[{\"@type\":\"ReadAction\",\"target\":[\"https:\/\/kapitalis.com\/tunisie\/2020\/08\/23\/rached-ghannouchi-ennahdha-va-oeuvrer-a-changer-la-loi-electorale\/\"]}]},{\"@type\":\"ImageObject\",\"inLanguage\":\"fr-FR\",\"@id\":\"https:\/\/kapitalis.com\/tunisie\/2020\/08\/23\/rached-ghannouchi-ennahdha-va-oeuvrer-a-changer-la-loi-electorale\/#primaryimage\",\"url\":\"\",\"contentUrl\":\"\"},{\"@type\":\"BreadcrumbList\",\"@id\":\"https:\/\/kapitalis.com\/tunisie\/2020\/08\/23\/rached-ghannouchi-ennahdha-va-oeuvrer-a-changer-la-loi-electorale\/#breadcrumb\",\"itemListElement\":[{\"@type\":\"ListItem\",\"position\":1,\"name\":\"Accueil\",\"item\":\"https:\/\/kapitalis.com\/tunisie\/\"},{\"@type\":\"ListItem\",\"position\":2,\"name\":\"Rached Ghannouchi : Ennahdha va \u0153uvrer \u00e0 changer la loi \u00e9lectorale\"}]},{\"@type\":\"WebSite\",\"@id\":\"https:\/\/kapitalis.com\/tunisie\/#website\",\"url\":\"https:\/\/kapitalis.com\/tunisie\/\",\"name\":\"Kapitalis\",\"description\":\"L&#039;actualit\u00e9 en Tunisie et dans le monde\",\"publisher\":{\"@id\":\"https:\/\/kapitalis.com\/tunisie\/#organization\"},\"potentialAction\":[{\"@type\":\"SearchAction\",\"target\":{\"@type\":\"EntryPoint\",\"urlTemplate\":\"https:\/\/kapitalis.com\/tunisie\/?s={search_term_string}\"},\"query-input\":{\"@type\":\"PropertyValueSpecification\",\"valueRequired\":true,\"valueName\":\"search_term_string\"}}],\"inLanguage\":\"fr-FR\"},{\"@type\":\"Organization\",\"@id\":\"https:\/\/kapitalis.com\/tunisie\/#organization\",\"name\":\"Kapitalis\",\"url\":\"https:\/\/kapitalis.com\/tunisie\/\",\"logo\":{\"@type\":\"ImageObject\",\"inLanguage\":\"fr-FR\",\"@id\":\"https:\/\/kapitalis.com\/tunisie\/#\/schema\/logo\/image\/\",\"url\":\"https:\/\/kapitalis.com\/tunisie\/wp-content\/uploads\/2022\/05\/Kapitalis-big-size.png\",\"contentUrl\":\"https:\/\/kapitalis.com\/tunisie\/wp-content\/uploads\/2022\/05\/Kapitalis-big-size.png\",\"width\":5000,\"height\":1500,\"caption\":\"Kapitalis\"},\"image\":{\"@id\":\"https:\/\/kapitalis.com\/tunisie\/#\/schema\/logo\/image\/\"},\"sameAs\":[\"https:\/\/www.facebook.com\/KapitalisInfo\/\",\"https:\/\/x.com\/KapitalisInfo\",\"https:\/\/www.youtube.com\/channel\/UC-yDYrHyfFBWWZaOw3FPg9Q\"]},{\"@type\":\"Person\",\"@id\":\"https:\/\/kapitalis.com\/tunisie\/#\/schema\/person\/d71f33a9ca44f7bad4698210b480c8e9\",\"name\":\"webmaster kapitalis\",\"url\":\"https:\/\/kapitalis.com\/tunisie\/author\/webmaster-kapitalis\/\"}]}<\/script>\n<!-- \/ Yoast SEO plugin. -->","yoast_head_json":{"title":"Rached Ghannouchi : Ennahdha va \u0153uvrer \u00e0 changer la loi \u00e9lectorale - Kapitalis","robots":{"index":"index","follow":"follow","max-snippet":"max-snippet:-1","max-image-preview":"max-image-preview:large","max-video-preview":"max-video-preview:-1"},"canonical":"https:\/\/kapitalis.com\/tunisie\/2020\/08\/23\/rached-ghannouchi-ennahdha-va-oeuvrer-a-changer-la-loi-electorale\/","og_locale":"fr_FR","og_type":"article","og_title":"Rached Ghannouchi : Ennahdha va \u0153uvrer \u00e0 changer la loi \u00e9lectorale - Kapitalis","og_description":"Intervenant au cours d\u2019une conf\u00e9rence de presse aujourd\u2019hui, dimanche 23 ao\u00fbt 2020 \u00e0 Sfax, le pr\u00e9sident du parti islamiste Ennahdha a affirm\u00e9 que son parti va \u0153uvrer pour r\u00e9former la loi \u00e9lectorale, qui est la principale cause de l\u2019instabilit\u00e9 politique en Tunisie.","og_url":"https:\/\/kapitalis.com\/tunisie\/2020\/08\/23\/rached-ghannouchi-ennahdha-va-oeuvrer-a-changer-la-loi-electorale\/","og_site_name":"Kapitalis","article_publisher":"https:\/\/www.facebook.com\/KapitalisInfo\/","article_published_time":"2020-08-23T13:19:22+00:00","article_modified_time":"2020-08-23T13:21:05+00:00","og_image":[{"width":1200,"height":630,"url":"https:\/\/kapitalis.com\/tunisie\/wp-content\/uploads\/2022\/05\/kapitalis-logo-fb.png","type":"image\/png"}],"author":"webmaster kapitalis","twitter_card":"summary_large_image","twitter_creator":"@KapitalisInfo","twitter_site":"@KapitalisInfo","twitter_misc":{"\u00c9crit par":"webmaster kapitalis","Dur\u00e9e de lecture estim\u00e9e":"1 minute"},"schema":{"@context":"https:\/\/schema.org","@graph":[{"@type":"Article","@id":"https:\/\/kapitalis.com\/tunisie\/2020\/08\/23\/rached-ghannouchi-ennahdha-va-oeuvrer-a-changer-la-loi-electorale\/#article","isPartOf":{"@id":"https:\/\/kapitalis.com\/tunisie\/2020\/08\/23\/rached-ghannouchi-ennahdha-va-oeuvrer-a-changer-la-loi-electorale\/"},"author":{"name":"webmaster kapitalis","@id":"https:\/\/kapitalis.com\/tunisie\/#\/schema\/person\/d71f33a9ca44f7bad4698210b480c8e9"},"headline":"Rached Ghannouchi : Ennahdha va \u0153uvrer \u00e0 changer la loi \u00e9lectorale","datePublished":"2020-08-23T13:19:22+00:00","dateModified":"2020-08-23T13:21:05+00:00","mainEntityOfPage":{"@id":"https:\/\/kapitalis.com\/tunisie\/2020\/08\/23\/rached-ghannouchi-ennahdha-va-oeuvrer-a-changer-la-loi-electorale\/"},"wordCount":196,"commentCount":3,"publisher":{"@id":"https:\/\/kapitalis.com\/tunisie\/#organization"},"image":{"@id":"https:\/\/kapitalis.com\/tunisie\/2020\/08\/23\/rached-ghannouchi-ennahdha-va-oeuvrer-a-changer-la-loi-electorale\/#primaryimage"},"thumbnailUrl":"","keywords":["Ennahdha","loi \u00e9lectorale","Rached Ghannouchi","Sfax"],"articleSection":["POLITIQUE","Tunisie"],"inLanguage":"fr-FR","potentialAction":[{"@type":"CommentAction","name":"Comment","target":["https:\/\/kapitalis.com\/tunisie\/2020\/08\/23\/rached-ghannouchi-ennahdha-va-oeuvrer-a-changer-la-loi-electorale\/#respond"]}]},{"@type":"WebPage","@id":"https:\/\/kapitalis.com\/tunisie\/2020\/08\/23\/rached-ghannouchi-ennahdha-va-oeuvrer-a-changer-la-loi-electorale\/","url":"https:\/\/kapitalis.com\/tunisie\/2020\/08\/23\/rached-ghannouchi-ennahdha-va-oeuvrer-a-changer-la-loi-electorale\/","name":"Rached Ghannouchi : Ennahdha va \u0153uvrer \u00e0 changer la loi \u00e9lectorale - Kapitalis","isPartOf":{"@id":"https:\/\/kapitalis.com\/tunisie\/#website"},"primaryImageOfPage":{"@id":"https:\/\/kapitalis.com\/tunisie\/2020\/08\/23\/rached-ghannouchi-ennahdha-va-oeuvrer-a-changer-la-loi-electorale\/#primaryimage"},"image":{"@id":"https:\/\/kapitalis.com\/tunisie\/2020\/08\/23\/rached-ghannouchi-ennahdha-va-oeuvrer-a-changer-la-loi-electorale\/#primaryimage"},"thumbnailUrl":"","datePublished":"2020-08-23T13:19:22+00:00","dateModified":"2020-08-23T13:21:05+00:00","breadcrumb":{"@id":"https:\/\/kapitalis.com\/tunisie\/2020\/08\/23\/rached-ghannouchi-ennahdha-va-oeuvrer-a-changer-la-loi-electorale\/#breadcrumb"},"inLanguage":"fr-FR","potentialAction":[{"@type":"ReadAction","target":["https:\/\/kapitalis.com\/tunisie\/2020\/08\/23\/rached-ghannouchi-ennahdha-va-oeuvrer-a-changer-la-loi-electorale\/"]}]},{"@type":"ImageObject","inLanguage":"fr-FR","@id":"https:\/\/kapitalis.com\/tunisie\/2020\/08\/23\/rached-ghannouchi-ennahdha-va-oeuvrer-a-changer-la-loi-electorale\/#primaryimage","url":"","contentUrl":""},{"@type":"BreadcrumbList","@id":"https:\/\/kapitalis.com\/tunisie\/2020\/08\/23\/rached-ghannouchi-ennahdha-va-oeuvrer-a-changer-la-loi-electorale\/#breadcrumb","itemListElement":[{"@type":"ListItem","position":1,"name":"Accueil","item":"https:\/\/kapitalis.com\/tunisie\/"},{"@type":"ListItem","position":2,"name":"Rached Ghannouchi : Ennahdha va \u0153uvrer \u00e0 changer la loi \u00e9lectorale"}]},{"@type":"WebSite","@id":"https:\/\/kapitalis.com\/tunisie\/#website","url":"https:\/\/kapitalis.com\/tunisie\/","name":"Kapitalis","description":"L&#039;actualit\u00e9 en Tunisie et dans le monde","publisher":{"@id":"https:\/\/kapitalis.com\/tunisie\/#organization"},"potentialAction":[{"@type":"SearchAction","target":{"@type":"EntryPoint","urlTemplate":"https:\/\/kapitalis.com\/tunisie\/?s={search_term_string}"},"query-input":{"@type":"PropertyValueSpecification","valueRequired":true,"valueName":"search_term_string"}}],"inLanguage":"fr-FR"},{"@type":"Organization","@id":"https:\/\/kapitalis.com\/tunisie\/#organization","name":"Kapitalis","url":"https:\/\/kapitalis.com\/tunisie\/","logo":{"@type":"ImageObject","inLanguage":"fr-FR","@id":"https:\/\/kapitalis.com\/tunisie\/#\/schema\/logo\/image\/","url":"https:\/\/kapitalis.com\/tunisie\/wp-content\/uploads\/2022\/05\/Kapitalis-big-size.png","contentUrl":"https:\/\/kapitalis.com\/tunisie\/wp-content\/uploads\/2022\/05\/Kapitalis-big-size.png","width":5000,"height":1500,"caption":"Kapitalis"},"image":{"@id":"https:\/\/kapitalis.com\/tunisie\/#\/schema\/logo\/image\/"},"sameAs":["https:\/\/www.facebook.com\/KapitalisInfo\/","https:\/\/x.com\/KapitalisInfo","https:\/\/www.youtube.com\/channel\/UC-yDYrHyfFBWWZaOw3FPg9Q"]},{"@type":"Person","@id":"https:\/\/kapitalis.com\/tunisie\/#\/schema\/person\/d71f33a9ca44f7bad4698210b480c8e9","name":"webmaster kapitalis","url":"https:\/\/kapitalis.com\/tunisie\/author\/webmaster-kapitalis\/"}]}},"_links":{"self":[{"href":"https:\/\/kapitalis.com\/tunisie\/wp-json\/wp\/v2\/posts\/313178","targetHints":{"allow":["GET"]}}],"collection":[{"href":"https:\/\/kapitalis.com\/tunisie\/wp-json\/wp\/v2\/posts"}],"about":[{"href":"https:\/\/kapitalis.com\/tunisie\/wp-json\/wp\/v2\/types\/post"}],"author":[{"embeddable":true,"href":"https:\/\/kapitalis.com\/tunisie\/wp-json\/wp\/v2\/users\/8"}],"replies":[{"embeddable":true,"href":"https:\/\/kapitalis.com\/tunisie\/wp-json\/wp\/v2\/comments?post=313178"}],"version-history":[{"count":0,"href":"https:\/\/kapitalis.com\/tunisie\/wp-json\/wp\/v2\/posts\/313178\/revisions"}],"wp:featuredmedia":[{"embeddable":true,"href":"https:\/\/kapitalis.com\/tunisie\/wp-json\/wp\/v2\/media\/313179"}],"wp:attachment":[{"href":"https:\/\/kapitalis.com\/tunisie\/wp-json\/wp\/v2\/media?parent=313178"}],"wp:term":[{"taxonomy":"category","embeddable":true,"href":"https:\/\/kapitalis.com\/tunisie\/wp-json\/wp\/v2\/categories?post=313178"},{"taxonomy":"post_tag","embeddable":true,"href":"https:\/\/kapitalis.com\/tunisie\/wp-json\/wp\/v2\/tags?post=313178"}],"curies":[{"name":"wp","href":"https:\/\/api.w.org\/{rel}","templated":true}]}}