{"id":313328,"date":"2020-08-24T17:28:27","date_gmt":"2020-08-24T16:28:27","guid":{"rendered":"http:\/\/kapitalis.com\/tunisie\/?p=313328"},"modified":"2020-08-24T17:28:35","modified_gmt":"2020-08-24T16:28:35","slug":"la-date-de-reprise-dactivite-des-ams-reportee-au-14-septembre","status":"publish","type":"post","link":"https:\/\/kapitalis.com\/tunisie\/2020\/08\/24\/la-date-de-reprise-dactivite-des-ams-reportee-au-14-septembre\/","title":{"rendered":"La date de reprise d\u2019activit\u00e9 des AMS report\u00e9e au 14 septembre"},"content":{"rendered":"\n<figure class=\"wp-block-image size-large\"><img decoding=\"async\" src=\"http:\/\/kapitalis.com\/tunisie\/wp-content\/uploads\/2018\/12\/Les-AMS.jpg\" alt=\"\" class=\"wp-image-189353\"\/><\/figure>\n\n\n\n<p><strong><em>La date de reprise d\u2019activit\u00e9 de la soci\u00e9t\u00e9 des Ateliers m\u00e9caniques du Sahel (AMS), pr\u00e9vue initialement pour le 24 ao\u00fbt 2020, a \u00e9t\u00e9 report\u00e9e au lundi 14 septembre 2020, annonce la soci\u00e9t\u00e9 dans un communiqu\u00e9.<\/em><\/strong><\/p>\n\n\n\n<!--more-->\n\n\n\n<p>Ce report intervient suite au retard accus\u00e9 dans le d\u00e9douanement des marchandises au port, indispensable pour garantir la r\u00e9activation du cycle d\u2019exploitation, ainsi qu\u2019\u00e0 des probl\u00e8mes logistiques au niveau de l\u2019acheminement des mati\u00e8res premi\u00e8res dont une grande partie li\u00e9e aux cons\u00e9quences de la pand\u00e9mie de la Covid-19.<\/p>\n\n\n\n<p>La direction g\u00e9n\u00e9rale de la soci\u00e9t\u00e9 assure n\u2019avoir <em>\u00abm\u00e9nag\u00e9 aucun effort pour assurer la reprise \u00e0 la date ant\u00e9rieurement annonc\u00e9e et continue \u00e0 entreprendre les actions n\u00e9cessaires pour garantir la reprise prochaine et imminente des activit\u00e9s de la soci\u00e9t\u00e9 et ce dans les meilleures conditions possibles.\u00bb<\/em><\/p>\n\n\n\n<p>Les actionnaires et le grand public seront inform\u00e9s de toutes nouvelles relatives \u00e0 la reprise d\u2019activit\u00e9, assure encore la soci\u00e9t\u00e9 dans son communiqu\u00e9.<\/p>\n","protected":false},"excerpt":{"rendered":"<p>La date de reprise d\u2019activit\u00e9 de la soci\u00e9t\u00e9 des Ateliers m\u00e9caniques du Sahel (AMS), pr\u00e9vue initialement pour le 24 ao\u00fbt 2020, a \u00e9t\u00e9 report\u00e9e au lundi 14 septembre 2020, annonce la soci\u00e9t\u00e9 dans un communiqu\u00e9.<\/p>\n","protected":false},"author":8,"featured_media":0,"comment_status":"open","ping_status":"open","sticky":false,"template":"","format":"standard","meta":{"footnotes":""},"categories":[995,2433],"tags":[3063,1047,82101],"class_list":["post-313328","post","type-post","status-publish","format-standard","hentry","category-economie","category-tunisie","tag-ams","tag-ateliers-mecaniques-du-sahel","tag-reprise-dactivite"],"yoast_head":"<!-- This site is optimized with the Yoast SEO plugin v26.6 - https:\/\/yoast.com\/wordpress\/plugins\/seo\/ -->\n<title>La date de reprise d\u2019activit\u00e9 des AMS report\u00e9e au 14 septembre - Kapitalis<\/title>\n<meta name=\"robots\" content=\"index, follow, max-snippet:-1, max-image-preview:large, max-video-preview:-1\" \/>\n<link rel=\"canonical\" href=\"https:\/\/kapitalis.com\/tunisie\/2020\/08\/24\/la-date-de-reprise-dactivite-des-ams-reportee-au-14-septembre\/\" \/>\n<meta property=\"og:locale\" content=\"fr_FR\" \/>\n<meta property=\"og:type\" content=\"article\" \/>\n<meta property=\"og:title\" content=\"La date de reprise d\u2019activit\u00e9 des AMS report\u00e9e au 14 septembre - Kapitalis\" \/>\n<meta property=\"og:description\" content=\"La date de reprise d\u2019activit\u00e9 de la soci\u00e9t\u00e9 des Ateliers m\u00e9caniques du Sahel (AMS), pr\u00e9vue initialement pour le 24 ao\u00fbt 2020, a \u00e9t\u00e9 report\u00e9e au lundi 14 septembre 2020, annonce la soci\u00e9t\u00e9 dans un communiqu\u00e9.\" \/>\n<meta property=\"og:url\" content=\"https:\/\/kapitalis.com\/tunisie\/2020\/08\/24\/la-date-de-reprise-dactivite-des-ams-reportee-au-14-septembre\/\" \/>\n<meta property=\"og:site_name\" content=\"Kapitalis\" \/>\n<meta property=\"article:publisher\" content=\"https:\/\/www.facebook.com\/KapitalisInfo\/\" \/>\n<meta property=\"article:published_time\" content=\"2020-08-24T16:28:27+00:00\" \/>\n<meta property=\"article:modified_time\" content=\"2020-08-24T16:28:35+00:00\" \/>\n<meta property=\"og:image\" content=\"http:\/\/kapitalis.com\/tunisie\/wp-content\/uploads\/2018\/12\/Les-AMS.jpg\" \/>\n<meta name=\"author\" content=\"webmaster kapitalis\" \/>\n<meta name=\"twitter:card\" content=\"summary_large_image\" \/>\n<meta name=\"twitter:creator\" content=\"@KapitalisInfo\" \/>\n<meta name=\"twitter:site\" content=\"@KapitalisInfo\" \/>\n<meta name=\"twitter:label1\" content=\"\u00c9crit par\" \/>\n\t<meta name=\"twitter:data1\" content=\"webmaster kapitalis\" \/>\n\t<meta name=\"twitter:label2\" content=\"Dur\u00e9e de lecture estim\u00e9e\" \/>\n\t<meta name=\"twitter:data2\" content=\"1 minute\" \/>\n<script type=\"application\/ld+json\" class=\"yoast-schema-graph\">{\"@context\":\"https:\/\/schema.org\",\"@graph\":[{\"@type\":\"Article\",\"@id\":\"https:\/\/kapitalis.com\/tunisie\/2020\/08\/24\/la-date-de-reprise-dactivite-des-ams-reportee-au-14-septembre\/#article\",\"isPartOf\":{\"@id\":\"https:\/\/kapitalis.com\/tunisie\/2020\/08\/24\/la-date-de-reprise-dactivite-des-ams-reportee-au-14-septembre\/\"},\"author\":{\"name\":\"webmaster kapitalis\",\"@id\":\"https:\/\/kapitalis.com\/tunisie\/#\/schema\/person\/d71f33a9ca44f7bad4698210b480c8e9\"},\"headline\":\"La date de reprise d\u2019activit\u00e9 des AMS report\u00e9e au 14 septembre\",\"datePublished\":\"2020-08-24T16:28:27+00:00\",\"dateModified\":\"2020-08-24T16:28:35+00:00\",\"mainEntityOfPage\":{\"@id\":\"https:\/\/kapitalis.com\/tunisie\/2020\/08\/24\/la-date-de-reprise-dactivite-des-ams-reportee-au-14-septembre\/\"},\"wordCount\":186,\"commentCount\":1,\"publisher\":{\"@id\":\"https:\/\/kapitalis.com\/tunisie\/#organization\"},\"image\":{\"@id\":\"https:\/\/kapitalis.com\/tunisie\/2020\/08\/24\/la-date-de-reprise-dactivite-des-ams-reportee-au-14-septembre\/#primaryimage\"},\"thumbnailUrl\":\"http:\/\/kapitalis.com\/tunisie\/wp-content\/uploads\/2018\/12\/Les-AMS.jpg\",\"keywords\":[\"AMS\",\"Ateliers m\u00e9caniques du Sahel\",\"reprise d\u2019activit\u00e9\"],\"articleSection\":[\"ECONOMIE\",\"Tunisie\"],\"inLanguage\":\"fr-FR\",\"potentialAction\":[{\"@type\":\"CommentAction\",\"name\":\"Comment\",\"target\":[\"https:\/\/kapitalis.com\/tunisie\/2020\/08\/24\/la-date-de-reprise-dactivite-des-ams-reportee-au-14-septembre\/#respond\"]}]},{\"@type\":\"WebPage\",\"@id\":\"https:\/\/kapitalis.com\/tunisie\/2020\/08\/24\/la-date-de-reprise-dactivite-des-ams-reportee-au-14-septembre\/\",\"url\":\"https:\/\/kapitalis.com\/tunisie\/2020\/08\/24\/la-date-de-reprise-dactivite-des-ams-reportee-au-14-septembre\/\",\"name\":\"La date de reprise d\u2019activit\u00e9 des AMS report\u00e9e au 14 septembre - Kapitalis\",\"isPartOf\":{\"@id\":\"https:\/\/kapitalis.com\/tunisie\/#website\"},\"primaryImageOfPage\":{\"@id\":\"https:\/\/kapitalis.com\/tunisie\/2020\/08\/24\/la-date-de-reprise-dactivite-des-ams-reportee-au-14-septembre\/#primaryimage\"},\"image\":{\"@id\":\"https:\/\/kapitalis.com\/tunisie\/2020\/08\/24\/la-date-de-reprise-dactivite-des-ams-reportee-au-14-septembre\/#primaryimage\"},\"thumbnailUrl\":\"http:\/\/kapitalis.com\/tunisie\/wp-content\/uploads\/2018\/12\/Les-AMS.jpg\",\"datePublished\":\"2020-08-24T16:28:27+00:00\",\"dateModified\":\"2020-08-24T16:28:35+00:00\",\"breadcrumb\":{\"@id\":\"https:\/\/kapitalis.com\/tunisie\/2020\/08\/24\/la-date-de-reprise-dactivite-des-ams-reportee-au-14-septembre\/#breadcrumb\"},\"inLanguage\":\"fr-FR\",\"potentialAction\":[{\"@type\":\"ReadAction\",\"target\":[\"https:\/\/kapitalis.com\/tunisie\/2020\/08\/24\/la-date-de-reprise-dactivite-des-ams-reportee-au-14-septembre\/\"]}]},{\"@type\":\"ImageObject\",\"inLanguage\":\"fr-FR\",\"@id\":\"https:\/\/kapitalis.com\/tunisie\/2020\/08\/24\/la-date-de-reprise-dactivite-des-ams-reportee-au-14-septembre\/#primaryimage\",\"url\":\"http:\/\/kapitalis.com\/tunisie\/wp-content\/uploads\/2018\/12\/Les-AMS.jpg\",\"contentUrl\":\"http:\/\/kapitalis.com\/tunisie\/wp-content\/uploads\/2018\/12\/Les-AMS.jpg\"},{\"@type\":\"BreadcrumbList\",\"@id\":\"https:\/\/kapitalis.com\/tunisie\/2020\/08\/24\/la-date-de-reprise-dactivite-des-ams-reportee-au-14-septembre\/#breadcrumb\",\"itemListElement\":[{\"@type\":\"ListItem\",\"position\":1,\"name\":\"Accueil\",\"item\":\"https:\/\/kapitalis.com\/tunisie\/\"},{\"@type\":\"ListItem\",\"position\":2,\"name\":\"La date de reprise d\u2019activit\u00e9 des AMS report\u00e9e au 14 septembre\"}]},{\"@type\":\"WebSite\",\"@id\":\"https:\/\/kapitalis.com\/tunisie\/#website\",\"url\":\"https:\/\/kapitalis.com\/tunisie\/\",\"name\":\"Kapitalis\",\"description\":\"L&#039;actualit\u00e9 en Tunisie et dans le monde\",\"publisher\":{\"@id\":\"https:\/\/kapitalis.com\/tunisie\/#organization\"},\"potentialAction\":[{\"@type\":\"SearchAction\",\"target\":{\"@type\":\"EntryPoint\",\"urlTemplate\":\"https:\/\/kapitalis.com\/tunisie\/?s={search_term_string}\"},\"query-input\":{\"@type\":\"PropertyValueSpecification\",\"valueRequired\":true,\"valueName\":\"search_term_string\"}}],\"inLanguage\":\"fr-FR\"},{\"@type\":\"Organization\",\"@id\":\"https:\/\/kapitalis.com\/tunisie\/#organization\",\"name\":\"Kapitalis\",\"url\":\"https:\/\/kapitalis.com\/tunisie\/\",\"logo\":{\"@type\":\"ImageObject\",\"inLanguage\":\"fr-FR\",\"@id\":\"https:\/\/kapitalis.com\/tunisie\/#\/schema\/logo\/image\/\",\"url\":\"https:\/\/kapitalis.com\/tunisie\/wp-content\/uploads\/2022\/05\/Kapitalis-big-size.png\",\"contentUrl\":\"https:\/\/kapitalis.com\/tunisie\/wp-content\/uploads\/2022\/05\/Kapitalis-big-size.png\",\"width\":5000,\"height\":1500,\"caption\":\"Kapitalis\"},\"image\":{\"@id\":\"https:\/\/kapitalis.com\/tunisie\/#\/schema\/logo\/image\/\"},\"sameAs\":[\"https:\/\/www.facebook.com\/KapitalisInfo\/\",\"https:\/\/x.com\/KapitalisInfo\",\"https:\/\/www.youtube.com\/channel\/UC-yDYrHyfFBWWZaOw3FPg9Q\"]},{\"@type\":\"Person\",\"@id\":\"https:\/\/kapitalis.com\/tunisie\/#\/schema\/person\/d71f33a9ca44f7bad4698210b480c8e9\",\"name\":\"webmaster kapitalis\",\"url\":\"https:\/\/kapitalis.com\/tunisie\/author\/webmaster-kapitalis\/\"}]}<\/script>\n<!-- \/ Yoast SEO plugin. -->","yoast_head_json":{"title":"La date de reprise d\u2019activit\u00e9 des AMS report\u00e9e au 14 septembre - Kapitalis","robots":{"index":"index","follow":"follow","max-snippet":"max-snippet:-1","max-image-preview":"max-image-preview:large","max-video-preview":"max-video-preview:-1"},"canonical":"https:\/\/kapitalis.com\/tunisie\/2020\/08\/24\/la-date-de-reprise-dactivite-des-ams-reportee-au-14-septembre\/","og_locale":"fr_FR","og_type":"article","og_title":"La date de reprise d\u2019activit\u00e9 des AMS report\u00e9e au 14 septembre - Kapitalis","og_description":"La date de reprise d\u2019activit\u00e9 de la soci\u00e9t\u00e9 des Ateliers m\u00e9caniques du Sahel (AMS), pr\u00e9vue initialement pour le 24 ao\u00fbt 2020, a \u00e9t\u00e9 report\u00e9e au lundi 14 septembre 2020, annonce la soci\u00e9t\u00e9 dans un communiqu\u00e9.","og_url":"https:\/\/kapitalis.com\/tunisie\/2020\/08\/24\/la-date-de-reprise-dactivite-des-ams-reportee-au-14-septembre\/","og_site_name":"Kapitalis","article_publisher":"https:\/\/www.facebook.com\/KapitalisInfo\/","article_published_time":"2020-08-24T16:28:27+00:00","article_modified_time":"2020-08-24T16:28:35+00:00","og_image":[{"url":"http:\/\/kapitalis.com\/tunisie\/wp-content\/uploads\/2018\/12\/Les-AMS.jpg","type":"","width":"","height":""}],"author":"webmaster kapitalis","twitter_card":"summary_large_image","twitter_creator":"@KapitalisInfo","twitter_site":"@KapitalisInfo","twitter_misc":{"\u00c9crit par":"webmaster kapitalis","Dur\u00e9e de lecture estim\u00e9e":"1 minute"},"schema":{"@context":"https:\/\/schema.org","@graph":[{"@type":"Article","@id":"https:\/\/kapitalis.com\/tunisie\/2020\/08\/24\/la-date-de-reprise-dactivite-des-ams-reportee-au-14-septembre\/#article","isPartOf":{"@id":"https:\/\/kapitalis.com\/tunisie\/2020\/08\/24\/la-date-de-reprise-dactivite-des-ams-reportee-au-14-septembre\/"},"author":{"name":"webmaster kapitalis","@id":"https:\/\/kapitalis.com\/tunisie\/#\/schema\/person\/d71f33a9ca44f7bad4698210b480c8e9"},"headline":"La date de reprise d\u2019activit\u00e9 des AMS report\u00e9e au 14 septembre","datePublished":"2020-08-24T16:28:27+00:00","dateModified":"2020-08-24T16:28:35+00:00","mainEntityOfPage":{"@id":"https:\/\/kapitalis.com\/tunisie\/2020\/08\/24\/la-date-de-reprise-dactivite-des-ams-reportee-au-14-septembre\/"},"wordCount":186,"commentCount":1,"publisher":{"@id":"https:\/\/kapitalis.com\/tunisie\/#organization"},"image":{"@id":"https:\/\/kapitalis.com\/tunisie\/2020\/08\/24\/la-date-de-reprise-dactivite-des-ams-reportee-au-14-septembre\/#primaryimage"},"thumbnailUrl":"http:\/\/kapitalis.com\/tunisie\/wp-content\/uploads\/2018\/12\/Les-AMS.jpg","keywords":["AMS","Ateliers m\u00e9caniques du Sahel","reprise d\u2019activit\u00e9"],"articleSection":["ECONOMIE","Tunisie"],"inLanguage":"fr-FR","potentialAction":[{"@type":"CommentAction","name":"Comment","target":["https:\/\/kapitalis.com\/tunisie\/2020\/08\/24\/la-date-de-reprise-dactivite-des-ams-reportee-au-14-septembre\/#respond"]}]},{"@type":"WebPage","@id":"https:\/\/kapitalis.com\/tunisie\/2020\/08\/24\/la-date-de-reprise-dactivite-des-ams-reportee-au-14-septembre\/","url":"https:\/\/kapitalis.com\/tunisie\/2020\/08\/24\/la-date-de-reprise-dactivite-des-ams-reportee-au-14-septembre\/","name":"La date de reprise d\u2019activit\u00e9 des AMS report\u00e9e au 14 septembre - Kapitalis","isPartOf":{"@id":"https:\/\/kapitalis.com\/tunisie\/#website"},"primaryImageOfPage":{"@id":"https:\/\/kapitalis.com\/tunisie\/2020\/08\/24\/la-date-de-reprise-dactivite-des-ams-reportee-au-14-septembre\/#primaryimage"},"image":{"@id":"https:\/\/kapitalis.com\/tunisie\/2020\/08\/24\/la-date-de-reprise-dactivite-des-ams-reportee-au-14-septembre\/#primaryimage"},"thumbnailUrl":"http:\/\/kapitalis.com\/tunisie\/wp-content\/uploads\/2018\/12\/Les-AMS.jpg","datePublished":"2020-08-24T16:28:27+00:00","dateModified":"2020-08-24T16:28:35+00:00","breadcrumb":{"@id":"https:\/\/kapitalis.com\/tunisie\/2020\/08\/24\/la-date-de-reprise-dactivite-des-ams-reportee-au-14-septembre\/#breadcrumb"},"inLanguage":"fr-FR","potentialAction":[{"@type":"ReadAction","target":["https:\/\/kapitalis.com\/tunisie\/2020\/08\/24\/la-date-de-reprise-dactivite-des-ams-reportee-au-14-septembre\/"]}]},{"@type":"ImageObject","inLanguage":"fr-FR","@id":"https:\/\/kapitalis.com\/tunisie\/2020\/08\/24\/la-date-de-reprise-dactivite-des-ams-reportee-au-14-septembre\/#primaryimage","url":"http:\/\/kapitalis.com\/tunisie\/wp-content\/uploads\/2018\/12\/Les-AMS.jpg","contentUrl":"http:\/\/kapitalis.com\/tunisie\/wp-content\/uploads\/2018\/12\/Les-AMS.jpg"},{"@type":"BreadcrumbList","@id":"https:\/\/kapitalis.com\/tunisie\/2020\/08\/24\/la-date-de-reprise-dactivite-des-ams-reportee-au-14-septembre\/#breadcrumb","itemListElement":[{"@type":"ListItem","position":1,"name":"Accueil","item":"https:\/\/kapitalis.com\/tunisie\/"},{"@type":"ListItem","position":2,"name":"La date de reprise d\u2019activit\u00e9 des AMS report\u00e9e au 14 septembre"}]},{"@type":"WebSite","@id":"https:\/\/kapitalis.com\/tunisie\/#website","url":"https:\/\/kapitalis.com\/tunisie\/","name":"Kapitalis","description":"L&#039;actualit\u00e9 en Tunisie et dans le monde","publisher":{"@id":"https:\/\/kapitalis.com\/tunisie\/#organization"},"potentialAction":[{"@type":"SearchAction","target":{"@type":"EntryPoint","urlTemplate":"https:\/\/kapitalis.com\/tunisie\/?s={search_term_string}"},"query-input":{"@type":"PropertyValueSpecification","valueRequired":true,"valueName":"search_term_string"}}],"inLanguage":"fr-FR"},{"@type":"Organization","@id":"https:\/\/kapitalis.com\/tunisie\/#organization","name":"Kapitalis","url":"https:\/\/kapitalis.com\/tunisie\/","logo":{"@type":"ImageObject","inLanguage":"fr-FR","@id":"https:\/\/kapitalis.com\/tunisie\/#\/schema\/logo\/image\/","url":"https:\/\/kapitalis.com\/tunisie\/wp-content\/uploads\/2022\/05\/Kapitalis-big-size.png","contentUrl":"https:\/\/kapitalis.com\/tunisie\/wp-content\/uploads\/2022\/05\/Kapitalis-big-size.png","width":5000,"height":1500,"caption":"Kapitalis"},"image":{"@id":"https:\/\/kapitalis.com\/tunisie\/#\/schema\/logo\/image\/"},"sameAs":["https:\/\/www.facebook.com\/KapitalisInfo\/","https:\/\/x.com\/KapitalisInfo","https:\/\/www.youtube.com\/channel\/UC-yDYrHyfFBWWZaOw3FPg9Q"]},{"@type":"Person","@id":"https:\/\/kapitalis.com\/tunisie\/#\/schema\/person\/d71f33a9ca44f7bad4698210b480c8e9","name":"webmaster kapitalis","url":"https:\/\/kapitalis.com\/tunisie\/author\/webmaster-kapitalis\/"}]}},"_links":{"self":[{"href":"https:\/\/kapitalis.com\/tunisie\/wp-json\/wp\/v2\/posts\/313328","targetHints":{"allow":["GET"]}}],"collection":[{"href":"https:\/\/kapitalis.com\/tunisie\/wp-json\/wp\/v2\/posts"}],"about":[{"href":"https:\/\/kapitalis.com\/tunisie\/wp-json\/wp\/v2\/types\/post"}],"author":[{"embeddable":true,"href":"https:\/\/kapitalis.com\/tunisie\/wp-json\/wp\/v2\/users\/8"}],"replies":[{"embeddable":true,"href":"https:\/\/kapitalis.com\/tunisie\/wp-json\/wp\/v2\/comments?post=313328"}],"version-history":[{"count":0,"href":"https:\/\/kapitalis.com\/tunisie\/wp-json\/wp\/v2\/posts\/313328\/revisions"}],"wp:attachment":[{"href":"https:\/\/kapitalis.com\/tunisie\/wp-json\/wp\/v2\/media?parent=313328"}],"wp:term":[{"taxonomy":"category","embeddable":true,"href":"https:\/\/kapitalis.com\/tunisie\/wp-json\/wp\/v2\/categories?post=313328"},{"taxonomy":"post_tag","embeddable":true,"href":"https:\/\/kapitalis.com\/tunisie\/wp-json\/wp\/v2\/tags?post=313328"}],"curies":[{"name":"wp","href":"https:\/\/api.w.org\/{rel}","templated":true}]}}