{"id":3133707,"date":"2022-08-16T07:34:33","date_gmt":"2022-08-16T06:34:33","guid":{"rendered":"https:\/\/kapitalis.com\/tunisie\/?p=3133707"},"modified":"2022-08-16T07:34:34","modified_gmt":"2022-08-16T06:34:34","slug":"la-tunisie-impuissante-face-au-creusement-de-son-deficit-commercial","status":"publish","type":"post","link":"https:\/\/kapitalis.com\/tunisie\/2022\/08\/16\/la-tunisie-impuissante-face-au-creusement-de-son-deficit-commercial\/","title":{"rendered":"La Tunisie\u00a0impuissante face au creusement de son d\u00e9ficit commercial"},"content":{"rendered":"\n<p><strong><em>Le d\u00e9ficit de la balance commerciale de la Tunisie continue de se creuser depuis de nombreuses ann\u00e9es sans que le gouvernement ne prenne la moindre mesure pour arr\u00eater l\u2019h\u00e9morragie ou seulement la ralentir. Le r\u00e9sultat est l\u00e0\u00a0: un d\u00e9ficit commercial qui atteint des sommets, grevant dangereusement et durablement les finances publiques.<\/em><\/strong> <strong><em>Mais que fait Omar El Khattab ? <\/em><\/strong><\/p>\n\n\n\n<!--more-->\n\n\n\n<p>Le d\u00e9ficit de la balance commerciale a, en effet, atteint au cours des sept premiers mois de 2022, 13 708,3 millions de dinars tunisiens (MDT) aux prix courants, contre un d\u00e9ficit de 8 725,3 MDT, au cours de la m\u00eame p\u00e9riode de 2021, selon la note sur le commerce ext\u00e9rieur publi\u00e9, lundi 15 ao\u00fbt 2022, par l&rsquo;Institut national de la statistique (INS).<\/p>\n\n\n\n<p>Durant les sept premiers mois de 2022, les exportations ont enregistr\u00e9 une hausse de (+23,1%), contre (+23%) durant les sept mois de 2021. Elles ont atteint le niveau de 32 544,9 MDT, contre 26 431,1 MDT durant la m\u00eame p\u00e9riode de 2021.<\/p>\n\n\n\n<p>De m\u00eame, les importations ont enregistr\u00e9 une hausse de (+31,6%), contre (+21%) durant les sept premiers mois de 2021.<\/p>\n\n\n\n<p>En valeur, les importations ont atteint 46 253,2 MDT, contre 35 156,4 MDT durant la m\u00eame p\u00e9riode de 2021.<\/p>\n\n\n\n<h2 class=\"wp-block-heading\">Le taux de couverture a perdu 4,8 points en 7 mois <\/h2>\n\n\n\n<p>A la suite de cette \u00e9volution au niveau des exportations (+23,1%) et des importations (+31,6%), le solde commercial s\u2019\u00e9tablit \u00e0 un niveau de (-13 708,3 MDT) contre (-8 725,3 MDT) durant les sept premiers mois de 2021. Le taux de couverture a perdu 4,8 points par rapport \u00e0 la m\u00eame p\u00e9riode de 2021 pour s\u2019\u00e9tablir \u00e0 70,4%.<\/p>\n\n\n\n<p>L\u2019augmentation observ\u00e9e au niveau des exportations \u00a0(+23,1%), durant les premiers sept mois de 2022, concerne plusieurs secteurs. En effet, celui de l\u2019\u00e9nergie a augment\u00e9 de 60,2%, celui des mines, phosphates et d\u00e9riv\u00e9s de 69,4%, celui des industries agro-alimentaires de 29,6%, celui des textiles, habillement et cuirs de 21,6% et celui des industries m\u00e9caniques et \u00e9lectriques de 13,3%.<\/p>\n\n\n\n<figure class=\"wp-block-embed is-type-wp-embed is-provider-kapitalis wp-block-embed-kapitalis\"><div class=\"wp-block-embed__wrapper\">\n<blockquote class=\"wp-embedded-content\" data-secret=\"oE80KsbamJ\"><a href=\"https:\/\/kapitalis.com\/tunisie\/2020\/02\/20\/tunisie-et-si-le-dinar-convertible-etait-la-solution-au-deficit-commercial\/\">Tunisie : Et si le dinar convertible \u00e9tait la solution au d\u00e9ficit commercial ?<\/a><\/blockquote><iframe loading=\"lazy\" class=\"wp-embedded-content\" sandbox=\"allow-scripts\" security=\"restricted\" style=\"position: absolute; clip: rect(1px, 1px, 1px, 1px);\" title=\"\u00ab\u00a0Tunisie : Et si le dinar convertible \u00e9tait la solution au d\u00e9ficit commercial ?\u00a0\u00bb &#8212; Kapitalis\" src=\"https:\/\/kapitalis.com\/tunisie\/2020\/02\/20\/tunisie-et-si-le-dinar-convertible-etait-la-solution-au-deficit-commercial\/embed\/#?secret=b3qsYe7zMR#?secret=oE80KsbamJ\" data-secret=\"oE80KsbamJ\" width=\"600\" height=\"338\" frameborder=\"0\" marginwidth=\"0\" marginheight=\"0\" scrolling=\"no\"><\/iframe>\n<\/div><\/figure>\n\n\n\n<p>Les exportations tunisiennes vers l\u2019Union europ\u00e9enne (68,6% du total des exportations), ont augment\u00e9 de 18,2%. Cette \u00e9volution est expliqu\u00e9e, d\u2019une part, par la hausse des exportations vers certains partenaires europ\u00e9ens, tels que la France (+13,7%), l\u2019Italie (+18,9%) et l\u2019Allemagne (+21,3%).<\/p>\n\n\n\n<p>Avec les pays arabes, les exportations ont augment\u00e9 avec l\u2019Alg\u00e9rie (+15,3%) et avec la Libye (+28,4%).<\/p>\n\n\n\n<p>L\u2019augmentation des importations de (+31,6%) provient de la hausse enregistr\u00e9e au niveau des importations de l&rsquo;\u00e9nergie de (+89,7), des mati\u00e8res premi\u00e8res et demi-produits de (+35,7%), des biens de consommation de (+13,4%) et des biens d\u2019\u00e9quipement de (+7,6%).<\/p>\n\n\n\n<p>Les \u00e9changes commerciaux des biens avec l\u2019Union europ\u00e9enne (44,8% du total des importations) ont enregistr\u00e9 une hausse de 19,1% pour s&rsquo;\u00e9tablir \u00e0 20 742,3 MDT.<\/p>\n\n\n\n<p>Les importations ont augment\u00e9 de 20,7% avec la France, de 35% avec l\u2019Italie et ont diminu\u00e9 avec l\u2019Allemagne (-0,3%).<\/p>\n\n\n\n<h2 class=\"wp-block-heading\">Le d\u00e9ficit commercial se creuse avec la Chine et la Turquie<\/h2>\n\n\n\n<p>Les \u00e9changes commerciaux sont d\u2019autre part marqu\u00e9s par la baisse des ventes vers d\u2019autres pays notamment les Pays Bas (-11,9%) et Malte (-11,3%).<\/p>\n\n\n\n<p>En cons\u00e9quence, le solde de la balance commerciale est d\u00e9ficitaire de 13 708,3 MDT. Il demeure expliqu\u00e9 en grande partie par le d\u00e9ficit enregistr\u00e9 avec certains pays, tels que la Chine (-4 937,2 MDT), la Turquie (-2 835,7 MDT), l\u2019Alg\u00e9rie (-1 557,1 MDT) et la Russie (-1 353,3 MDT).<\/p>\n\n\n\n<p>En revanche, le solde de la balance commerciale des biens a enregistr\u00e9 un exc\u00e9dent avec d\u2019autres pays principalement avec la France (2 349,6 MDT), l(Allemagne (1 798,9 MDT) et la Libye (944,9 MDT).<\/p>\n\n\n\n<p>Les r\u00e9sultats montrent que le d\u00e9ficit de la balance commerciale hors \u00e9nergie se r\u00e9duit \u00e0 -8 778,2 MDT et que le d\u00e9ficit de la balance \u00e9nerg\u00e9tique s\u2019\u00e9tablit \u00e0 -4 930,2 MDT (36% du d\u00e9ficit total) contre -2 349,3 MDT durant les sept premiers mois de 2021.<\/p>\n","protected":false},"excerpt":{"rendered":"<p>Le d\u00e9ficit de la balance commerciale de la Tunisie a atteint au cours des sept premiers mois de 2022, 13 708,3 millions de dinars tunisiens (MDT) aux prix courants, contre un d\u00e9ficit de 8 725,3 MDT, au cours de la m\u00eame p\u00e9riode de 2021,<\/p>\n","protected":false},"author":8,"featured_media":3133950,"comment_status":"open","ping_status":"open","sticky":false,"template":"","format":"standard","meta":{"footnotes":""},"categories":[995,2433],"tags":[64,3390,3016,1874,62643,1855,937],"class_list":["post-3133707","post","type-post","status-publish","format-standard","has-post-thumbnail","hentry","category-economie","category-tunisie","tag-algerie","tag-balance-commerciale","tag-chine","tag-deficit-commercial","tag-tunisie","tag-turquie","tag-union-europeenne"],"yoast_head":"<!-- This site is optimized with the Yoast SEO plugin v26.6 - https:\/\/yoast.com\/wordpress\/plugins\/seo\/ -->\n<title>La Tunisie\u00a0impuissante face au creusement de son d\u00e9ficit commercial - Kapitalis<\/title>\n<meta name=\"robots\" content=\"index, follow, max-snippet:-1, max-image-preview:large, max-video-preview:-1\" \/>\n<link rel=\"canonical\" href=\"https:\/\/kapitalis.com\/tunisie\/2022\/08\/16\/la-tunisie-impuissante-face-au-creusement-de-son-deficit-commercial\/\" \/>\n<meta property=\"og:locale\" content=\"fr_FR\" \/>\n<meta property=\"og:type\" content=\"article\" \/>\n<meta property=\"og:title\" content=\"La Tunisie\u00a0impuissante face au creusement de son d\u00e9ficit commercial - Kapitalis\" \/>\n<meta property=\"og:description\" content=\"Le d\u00e9ficit de la balance commerciale de la Tunisie a atteint au cours des sept premiers mois de 2022, 13 708,3 millions de dinars tunisiens (MDT) aux prix courants, contre un d\u00e9ficit de 8 725,3 MDT, au cours de la m\u00eame p\u00e9riode de 2021,\" \/>\n<meta property=\"og:url\" content=\"https:\/\/kapitalis.com\/tunisie\/2022\/08\/16\/la-tunisie-impuissante-face-au-creusement-de-son-deficit-commercial\/\" \/>\n<meta property=\"og:site_name\" content=\"Kapitalis\" \/>\n<meta property=\"article:publisher\" content=\"https:\/\/www.facebook.com\/KapitalisInfo\/\" \/>\n<meta property=\"article:published_time\" content=\"2022-08-16T06:34:33+00:00\" \/>\n<meta property=\"article:modified_time\" content=\"2022-08-16T06:34:34+00:00\" \/>\n<meta property=\"og:image\" content=\"https:\/\/kapitalis.com\/tunisie\/wp-content\/uploads\/2022\/08\/Deficit-commercial.jpg\" \/>\n\t<meta property=\"og:image:width\" content=\"1200\" \/>\n\t<meta property=\"og:image:height\" content=\"630\" \/>\n\t<meta property=\"og:image:type\" content=\"image\/jpeg\" \/>\n<meta name=\"author\" content=\"webmaster kapitalis\" \/>\n<meta name=\"twitter:card\" content=\"summary_large_image\" \/>\n<meta name=\"twitter:creator\" content=\"@KapitalisInfo\" \/>\n<meta name=\"twitter:site\" content=\"@KapitalisInfo\" \/>\n<meta name=\"twitter:label1\" content=\"\u00c9crit par\" \/>\n\t<meta name=\"twitter:data1\" content=\"webmaster kapitalis\" \/>\n\t<meta name=\"twitter:label2\" content=\"Dur\u00e9e de lecture estim\u00e9e\" \/>\n\t<meta name=\"twitter:data2\" content=\"4 minutes\" \/>\n<script type=\"application\/ld+json\" class=\"yoast-schema-graph\">{\"@context\":\"https:\/\/schema.org\",\"@graph\":[{\"@type\":\"Article\",\"@id\":\"https:\/\/kapitalis.com\/tunisie\/2022\/08\/16\/la-tunisie-impuissante-face-au-creusement-de-son-deficit-commercial\/#article\",\"isPartOf\":{\"@id\":\"https:\/\/kapitalis.com\/tunisie\/2022\/08\/16\/la-tunisie-impuissante-face-au-creusement-de-son-deficit-commercial\/\"},\"author\":{\"name\":\"webmaster kapitalis\",\"@id\":\"https:\/\/kapitalis.com\/tunisie\/#\/schema\/person\/d71f33a9ca44f7bad4698210b480c8e9\"},\"headline\":\"La Tunisie\u00a0impuissante face au creusement de son d\u00e9ficit commercial\",\"datePublished\":\"2022-08-16T06:34:33+00:00\",\"dateModified\":\"2022-08-16T06:34:34+00:00\",\"mainEntityOfPage\":{\"@id\":\"https:\/\/kapitalis.com\/tunisie\/2022\/08\/16\/la-tunisie-impuissante-face-au-creusement-de-son-deficit-commercial\/\"},\"wordCount\":624,\"commentCount\":12,\"publisher\":{\"@id\":\"https:\/\/kapitalis.com\/tunisie\/#organization\"},\"image\":{\"@id\":\"https:\/\/kapitalis.com\/tunisie\/2022\/08\/16\/la-tunisie-impuissante-face-au-creusement-de-son-deficit-commercial\/#primaryimage\"},\"thumbnailUrl\":\"https:\/\/kapitalis.com\/tunisie\/wp-content\/uploads\/2022\/08\/Deficit-commercial.jpg\",\"keywords\":[\"Alg\u00e9rie\",\"balance commerciale\",\"Chine\",\"d\u00e9ficit commercial\",\"Tunisie\",\"Turquie\",\"Union europ\u00e9enne\"],\"articleSection\":[\"ECONOMIE\",\"Tunisie\"],\"inLanguage\":\"fr-FR\",\"potentialAction\":[{\"@type\":\"CommentAction\",\"name\":\"Comment\",\"target\":[\"https:\/\/kapitalis.com\/tunisie\/2022\/08\/16\/la-tunisie-impuissante-face-au-creusement-de-son-deficit-commercial\/#respond\"]}]},{\"@type\":\"WebPage\",\"@id\":\"https:\/\/kapitalis.com\/tunisie\/2022\/08\/16\/la-tunisie-impuissante-face-au-creusement-de-son-deficit-commercial\/\",\"url\":\"https:\/\/kapitalis.com\/tunisie\/2022\/08\/16\/la-tunisie-impuissante-face-au-creusement-de-son-deficit-commercial\/\",\"name\":\"La Tunisie\u00a0impuissante face au creusement de son d\u00e9ficit commercial - Kapitalis\",\"isPartOf\":{\"@id\":\"https:\/\/kapitalis.com\/tunisie\/#website\"},\"primaryImageOfPage\":{\"@id\":\"https:\/\/kapitalis.com\/tunisie\/2022\/08\/16\/la-tunisie-impuissante-face-au-creusement-de-son-deficit-commercial\/#primaryimage\"},\"image\":{\"@id\":\"https:\/\/kapitalis.com\/tunisie\/2022\/08\/16\/la-tunisie-impuissante-face-au-creusement-de-son-deficit-commercial\/#primaryimage\"},\"thumbnailUrl\":\"https:\/\/kapitalis.com\/tunisie\/wp-content\/uploads\/2022\/08\/Deficit-commercial.jpg\",\"datePublished\":\"2022-08-16T06:34:33+00:00\",\"dateModified\":\"2022-08-16T06:34:34+00:00\",\"breadcrumb\":{\"@id\":\"https:\/\/kapitalis.com\/tunisie\/2022\/08\/16\/la-tunisie-impuissante-face-au-creusement-de-son-deficit-commercial\/#breadcrumb\"},\"inLanguage\":\"fr-FR\",\"potentialAction\":[{\"@type\":\"ReadAction\",\"target\":[\"https:\/\/kapitalis.com\/tunisie\/2022\/08\/16\/la-tunisie-impuissante-face-au-creusement-de-son-deficit-commercial\/\"]}]},{\"@type\":\"ImageObject\",\"inLanguage\":\"fr-FR\",\"@id\":\"https:\/\/kapitalis.com\/tunisie\/2022\/08\/16\/la-tunisie-impuissante-face-au-creusement-de-son-deficit-commercial\/#primaryimage\",\"url\":\"https:\/\/kapitalis.com\/tunisie\/wp-content\/uploads\/2022\/08\/Deficit-commercial.jpg\",\"contentUrl\":\"https:\/\/kapitalis.com\/tunisie\/wp-content\/uploads\/2022\/08\/Deficit-commercial.jpg\",\"width\":1200,\"height\":630},{\"@type\":\"BreadcrumbList\",\"@id\":\"https:\/\/kapitalis.com\/tunisie\/2022\/08\/16\/la-tunisie-impuissante-face-au-creusement-de-son-deficit-commercial\/#breadcrumb\",\"itemListElement\":[{\"@type\":\"ListItem\",\"position\":1,\"name\":\"Accueil\",\"item\":\"https:\/\/kapitalis.com\/tunisie\/\"},{\"@type\":\"ListItem\",\"position\":2,\"name\":\"La Tunisie\u00a0impuissante face au creusement de son d\u00e9ficit commercial\"}]},{\"@type\":\"WebSite\",\"@id\":\"https:\/\/kapitalis.com\/tunisie\/#website\",\"url\":\"https:\/\/kapitalis.com\/tunisie\/\",\"name\":\"Kapitalis\",\"description\":\"L&#039;actualit\u00e9 en Tunisie et dans le monde\",\"publisher\":{\"@id\":\"https:\/\/kapitalis.com\/tunisie\/#organization\"},\"potentialAction\":[{\"@type\":\"SearchAction\",\"target\":{\"@type\":\"EntryPoint\",\"urlTemplate\":\"https:\/\/kapitalis.com\/tunisie\/?s={search_term_string}\"},\"query-input\":{\"@type\":\"PropertyValueSpecification\",\"valueRequired\":true,\"valueName\":\"search_term_string\"}}],\"inLanguage\":\"fr-FR\"},{\"@type\":\"Organization\",\"@id\":\"https:\/\/kapitalis.com\/tunisie\/#organization\",\"name\":\"Kapitalis\",\"url\":\"https:\/\/kapitalis.com\/tunisie\/\",\"logo\":{\"@type\":\"ImageObject\",\"inLanguage\":\"fr-FR\",\"@id\":\"https:\/\/kapitalis.com\/tunisie\/#\/schema\/logo\/image\/\",\"url\":\"https:\/\/kapitalis.com\/tunisie\/wp-content\/uploads\/2022\/05\/Kapitalis-big-size.png\",\"contentUrl\":\"https:\/\/kapitalis.com\/tunisie\/wp-content\/uploads\/2022\/05\/Kapitalis-big-size.png\",\"width\":5000,\"height\":1500,\"caption\":\"Kapitalis\"},\"image\":{\"@id\":\"https:\/\/kapitalis.com\/tunisie\/#\/schema\/logo\/image\/\"},\"sameAs\":[\"https:\/\/www.facebook.com\/KapitalisInfo\/\",\"https:\/\/x.com\/KapitalisInfo\",\"https:\/\/www.youtube.com\/channel\/UC-yDYrHyfFBWWZaOw3FPg9Q\"]},{\"@type\":\"Person\",\"@id\":\"https:\/\/kapitalis.com\/tunisie\/#\/schema\/person\/d71f33a9ca44f7bad4698210b480c8e9\",\"name\":\"webmaster kapitalis\",\"url\":\"https:\/\/kapitalis.com\/tunisie\/author\/webmaster-kapitalis\/\"}]}<\/script>\n<!-- \/ Yoast SEO plugin. -->","yoast_head_json":{"title":"La Tunisie\u00a0impuissante face au creusement de son d\u00e9ficit commercial - Kapitalis","robots":{"index":"index","follow":"follow","max-snippet":"max-snippet:-1","max-image-preview":"max-image-preview:large","max-video-preview":"max-video-preview:-1"},"canonical":"https:\/\/kapitalis.com\/tunisie\/2022\/08\/16\/la-tunisie-impuissante-face-au-creusement-de-son-deficit-commercial\/","og_locale":"fr_FR","og_type":"article","og_title":"La Tunisie\u00a0impuissante face au creusement de son d\u00e9ficit commercial - Kapitalis","og_description":"Le d\u00e9ficit de la balance commerciale de la Tunisie a atteint au cours des sept premiers mois de 2022, 13 708,3 millions de dinars tunisiens (MDT) aux prix courants, contre un d\u00e9ficit de 8 725,3 MDT, au cours de la m\u00eame p\u00e9riode de 2021,","og_url":"https:\/\/kapitalis.com\/tunisie\/2022\/08\/16\/la-tunisie-impuissante-face-au-creusement-de-son-deficit-commercial\/","og_site_name":"Kapitalis","article_publisher":"https:\/\/www.facebook.com\/KapitalisInfo\/","article_published_time":"2022-08-16T06:34:33+00:00","article_modified_time":"2022-08-16T06:34:34+00:00","og_image":[{"width":1200,"height":630,"url":"https:\/\/kapitalis.com\/tunisie\/wp-content\/uploads\/2022\/08\/Deficit-commercial.jpg","type":"image\/jpeg"}],"author":"webmaster kapitalis","twitter_card":"summary_large_image","twitter_creator":"@KapitalisInfo","twitter_site":"@KapitalisInfo","twitter_misc":{"\u00c9crit par":"webmaster kapitalis","Dur\u00e9e de lecture estim\u00e9e":"4 minutes"},"schema":{"@context":"https:\/\/schema.org","@graph":[{"@type":"Article","@id":"https:\/\/kapitalis.com\/tunisie\/2022\/08\/16\/la-tunisie-impuissante-face-au-creusement-de-son-deficit-commercial\/#article","isPartOf":{"@id":"https:\/\/kapitalis.com\/tunisie\/2022\/08\/16\/la-tunisie-impuissante-face-au-creusement-de-son-deficit-commercial\/"},"author":{"name":"webmaster kapitalis","@id":"https:\/\/kapitalis.com\/tunisie\/#\/schema\/person\/d71f33a9ca44f7bad4698210b480c8e9"},"headline":"La Tunisie\u00a0impuissante face au creusement de son d\u00e9ficit commercial","datePublished":"2022-08-16T06:34:33+00:00","dateModified":"2022-08-16T06:34:34+00:00","mainEntityOfPage":{"@id":"https:\/\/kapitalis.com\/tunisie\/2022\/08\/16\/la-tunisie-impuissante-face-au-creusement-de-son-deficit-commercial\/"},"wordCount":624,"commentCount":12,"publisher":{"@id":"https:\/\/kapitalis.com\/tunisie\/#organization"},"image":{"@id":"https:\/\/kapitalis.com\/tunisie\/2022\/08\/16\/la-tunisie-impuissante-face-au-creusement-de-son-deficit-commercial\/#primaryimage"},"thumbnailUrl":"https:\/\/kapitalis.com\/tunisie\/wp-content\/uploads\/2022\/08\/Deficit-commercial.jpg","keywords":["Alg\u00e9rie","balance commerciale","Chine","d\u00e9ficit commercial","Tunisie","Turquie","Union europ\u00e9enne"],"articleSection":["ECONOMIE","Tunisie"],"inLanguage":"fr-FR","potentialAction":[{"@type":"CommentAction","name":"Comment","target":["https:\/\/kapitalis.com\/tunisie\/2022\/08\/16\/la-tunisie-impuissante-face-au-creusement-de-son-deficit-commercial\/#respond"]}]},{"@type":"WebPage","@id":"https:\/\/kapitalis.com\/tunisie\/2022\/08\/16\/la-tunisie-impuissante-face-au-creusement-de-son-deficit-commercial\/","url":"https:\/\/kapitalis.com\/tunisie\/2022\/08\/16\/la-tunisie-impuissante-face-au-creusement-de-son-deficit-commercial\/","name":"La Tunisie\u00a0impuissante face au creusement de son d\u00e9ficit commercial - Kapitalis","isPartOf":{"@id":"https:\/\/kapitalis.com\/tunisie\/#website"},"primaryImageOfPage":{"@id":"https:\/\/kapitalis.com\/tunisie\/2022\/08\/16\/la-tunisie-impuissante-face-au-creusement-de-son-deficit-commercial\/#primaryimage"},"image":{"@id":"https:\/\/kapitalis.com\/tunisie\/2022\/08\/16\/la-tunisie-impuissante-face-au-creusement-de-son-deficit-commercial\/#primaryimage"},"thumbnailUrl":"https:\/\/kapitalis.com\/tunisie\/wp-content\/uploads\/2022\/08\/Deficit-commercial.jpg","datePublished":"2022-08-16T06:34:33+00:00","dateModified":"2022-08-16T06:34:34+00:00","breadcrumb":{"@id":"https:\/\/kapitalis.com\/tunisie\/2022\/08\/16\/la-tunisie-impuissante-face-au-creusement-de-son-deficit-commercial\/#breadcrumb"},"inLanguage":"fr-FR","potentialAction":[{"@type":"ReadAction","target":["https:\/\/kapitalis.com\/tunisie\/2022\/08\/16\/la-tunisie-impuissante-face-au-creusement-de-son-deficit-commercial\/"]}]},{"@type":"ImageObject","inLanguage":"fr-FR","@id":"https:\/\/kapitalis.com\/tunisie\/2022\/08\/16\/la-tunisie-impuissante-face-au-creusement-de-son-deficit-commercial\/#primaryimage","url":"https:\/\/kapitalis.com\/tunisie\/wp-content\/uploads\/2022\/08\/Deficit-commercial.jpg","contentUrl":"https:\/\/kapitalis.com\/tunisie\/wp-content\/uploads\/2022\/08\/Deficit-commercial.jpg","width":1200,"height":630},{"@type":"BreadcrumbList","@id":"https:\/\/kapitalis.com\/tunisie\/2022\/08\/16\/la-tunisie-impuissante-face-au-creusement-de-son-deficit-commercial\/#breadcrumb","itemListElement":[{"@type":"ListItem","position":1,"name":"Accueil","item":"https:\/\/kapitalis.com\/tunisie\/"},{"@type":"ListItem","position":2,"name":"La Tunisie\u00a0impuissante face au creusement de son d\u00e9ficit commercial"}]},{"@type":"WebSite","@id":"https:\/\/kapitalis.com\/tunisie\/#website","url":"https:\/\/kapitalis.com\/tunisie\/","name":"Kapitalis","description":"L&#039;actualit\u00e9 en Tunisie et dans le monde","publisher":{"@id":"https:\/\/kapitalis.com\/tunisie\/#organization"},"potentialAction":[{"@type":"SearchAction","target":{"@type":"EntryPoint","urlTemplate":"https:\/\/kapitalis.com\/tunisie\/?s={search_term_string}"},"query-input":{"@type":"PropertyValueSpecification","valueRequired":true,"valueName":"search_term_string"}}],"inLanguage":"fr-FR"},{"@type":"Organization","@id":"https:\/\/kapitalis.com\/tunisie\/#organization","name":"Kapitalis","url":"https:\/\/kapitalis.com\/tunisie\/","logo":{"@type":"ImageObject","inLanguage":"fr-FR","@id":"https:\/\/kapitalis.com\/tunisie\/#\/schema\/logo\/image\/","url":"https:\/\/kapitalis.com\/tunisie\/wp-content\/uploads\/2022\/05\/Kapitalis-big-size.png","contentUrl":"https:\/\/kapitalis.com\/tunisie\/wp-content\/uploads\/2022\/05\/Kapitalis-big-size.png","width":5000,"height":1500,"caption":"Kapitalis"},"image":{"@id":"https:\/\/kapitalis.com\/tunisie\/#\/schema\/logo\/image\/"},"sameAs":["https:\/\/www.facebook.com\/KapitalisInfo\/","https:\/\/x.com\/KapitalisInfo","https:\/\/www.youtube.com\/channel\/UC-yDYrHyfFBWWZaOw3FPg9Q"]},{"@type":"Person","@id":"https:\/\/kapitalis.com\/tunisie\/#\/schema\/person\/d71f33a9ca44f7bad4698210b480c8e9","name":"webmaster kapitalis","url":"https:\/\/kapitalis.com\/tunisie\/author\/webmaster-kapitalis\/"}]}},"_links":{"self":[{"href":"https:\/\/kapitalis.com\/tunisie\/wp-json\/wp\/v2\/posts\/3133707","targetHints":{"allow":["GET"]}}],"collection":[{"href":"https:\/\/kapitalis.com\/tunisie\/wp-json\/wp\/v2\/posts"}],"about":[{"href":"https:\/\/kapitalis.com\/tunisie\/wp-json\/wp\/v2\/types\/post"}],"author":[{"embeddable":true,"href":"https:\/\/kapitalis.com\/tunisie\/wp-json\/wp\/v2\/users\/8"}],"replies":[{"embeddable":true,"href":"https:\/\/kapitalis.com\/tunisie\/wp-json\/wp\/v2\/comments?post=3133707"}],"version-history":[{"count":0,"href":"https:\/\/kapitalis.com\/tunisie\/wp-json\/wp\/v2\/posts\/3133707\/revisions"}],"wp:featuredmedia":[{"embeddable":true,"href":"https:\/\/kapitalis.com\/tunisie\/wp-json\/wp\/v2\/media\/3133950"}],"wp:attachment":[{"href":"https:\/\/kapitalis.com\/tunisie\/wp-json\/wp\/v2\/media?parent=3133707"}],"wp:term":[{"taxonomy":"category","embeddable":true,"href":"https:\/\/kapitalis.com\/tunisie\/wp-json\/wp\/v2\/categories?post=3133707"},{"taxonomy":"post_tag","embeddable":true,"href":"https:\/\/kapitalis.com\/tunisie\/wp-json\/wp\/v2\/tags?post=3133707"}],"curies":[{"name":"wp","href":"https:\/\/api.w.org\/{rel}","templated":true}]}}