{"id":313867,"date":"2020-08-27T15:54:31","date_gmt":"2020-08-27T14:54:31","guid":{"rendered":"http:\/\/kapitalis.com\/tunisie\/?p=313867"},"modified":"2020-08-28T07:17:36","modified_gmt":"2020-08-28T06:17:36","slug":"mechichi-serait-gene-par-le-choix-de-taoufik-charfeddine-a-linterieur","status":"publish","type":"post","link":"https:\/\/kapitalis.com\/tunisie\/2020\/08\/27\/mechichi-serait-gene-par-le-choix-de-taoufik-charfeddine-a-linterieur\/","title":{"rendered":"Mechichi serait g\u00ean\u00e9 par le choix de Taoufik Charfeddine \u00e0 l\u2019Int\u00e9rieur"},"content":{"rendered":"\n<figure class=\"wp-block-image size-large\"><img decoding=\"async\" src=\"http:\/\/kapitalis.com\/tunisie\/wp-content\/uploads\/2020\/08\/Kais-Saied-1.jpg\" alt=\"\" class=\"wp-image-313868\"\/><figcaption><em>Kais Saied : \u00abJ&rsquo;ai dit Charfeddine, ce sera Charfeddine!&nbsp;\u00bb <\/em><\/figcaption><\/figure>\n\n\n\n<p><strong><em>Hichem Mechichi, actuel ministre de l&rsquo;Int\u00e9rieur et charg\u00e9 de former le gouvernement, serait g\u00ean\u00e9 par le choix qui lui a \u00e9t\u00e9 impos\u00e9 par Ka\u00efs Sa\u00efed de nommer son ami et coordinateur de sa campagne explicative (Sa\u00efed n&rsquo;aime pas le terme \u00e9lectoral) \u00e0 Sousse Taoufik Charfeddine comme ministre de l\u2019Int\u00e9rieur<\/em><\/strong>.<\/p>\n\n\n\n<p>Par <strong>Imed Bahri<\/strong><\/p>\n\n\n\n<!--more-->\n\n\n\n<p>M. Mechichi aurait expliqu\u00e9 au pr\u00e9sident de la R\u00e9publique de la non-pertinence de ce choix vu que M. Charfeddine ne conna\u00eet pas ce minist\u00e8re aussi lourd que sensible et qu\u2019il ne conna\u00eet m\u00eame pas les rouages de l\u2019\u00c9tat surtout que lui-m\u00eame est \u00e0 la t\u00eate de ce d\u00e9partement et sait pertinemment que le profil du candidat impos\u00e9 par M. Sa\u00efed est inad\u00e9quat pour ce poste tr\u00e8s important. M. Mechichi aurait m\u00eame refus\u00e9 un moment ce choix mais le chef de l\u2019Etat dont la rigidit\u00e9 d\u2019esprit est notoire est rest\u00e9 inflexible et a tenu bon pour que son ami soit le futur ministre de l\u2019Int\u00e9rieur advienne que pourra et faisant fi du fait qu\u2019il soit un bleu et un novice.<\/p>\n\n\n\n<h3 class=\"wp-block-heading\">Mechichi ne peut pas entrer en r\u00e9bellion contre son mentor <\/h3>\n\n\n\n<p>M. Mechichi, qui doit sa d\u00e9signation pour former le gouvernement \u00e0 M. Sa\u00efed, ne peut pas entrer en r\u00e9bellion contre son mentor qui a m\u00e9tamorphos\u00e9 son destin en si peu de temps en le sortant de l\u2019anonymat et en faisant de lui une personnalit\u00e9 nationale de premier plan en le choisissant comme ministre de l\u2019Int\u00e9rieur puis, quelques mois plus tard, comme chef de gouvernement de la Tunisie si son gouvernement obtient la confiance \u00e0 l&rsquo;Assembl\u00e9e des repr\u00e9sentants du peuple (ARP), le 1er septembre prochain.<\/p>\n\n\n\n<p>D\u00e9fier son mentor \u00e0 qui il doit tout et lui d\u00e9clarer la guerre avant m\u00eame que le gouvernement obtienne la confiance du parlement n\u2019est pas possible et de ce fait, mort dans l\u2019\u00e2me, Hichem Mechichi a d\u00fb capituler face \u00e0 Sa\u00efed et se r\u00e9soudre au mauvais choix pr\u00e9sidentiel.<\/p>\n\n\n\n<h3 class=\"wp-block-heading\">Un quidam qui ignore tout du fonctionnement de l&rsquo;Etat<\/h3>\n\n\n\n<p>Comment donner la responsabilit\u00e9 de milliers d\u2019hommes et de femmes \u00e0 un homme qui n\u2019est pas habitu\u00e9 \u00e0 commander? Comment confier la s\u00e9curit\u00e9 d\u2019une nation \u00e0 un novice? Comment donner autant de pouvoir \u2013 l\u2019Int\u00e9rieur est le pilier de l&rsquo;Etat tunisien \u2013 \u00e0 un quidam qui ignore tout du fonctionnement des services publics et dont le seul faire valoir est d\u2019\u00eatre l\u2019ami du pr\u00e9sident? Kais Sa\u00efed n\u2019en n\u2019a cure. Ce qui lui importe c\u2019est de placer ses hommes et ses femmes dans les postes sensibles peu importe s\u2019ils sont incomp\u00e9tents.<\/p>\n\n\n\n<p>La rigidit\u00e9 d\u2019esprit de Ka\u00efs Sa\u00efed, un des ses traits de caract\u00e8re les plus saillants, est un v\u00e9ritable probl\u00e8me d\u00e8s le d\u00e9but de son mandat. Il n\u2019\u00e9coute pas les conseils et refuse de s\u2019ouvrir sur les id\u00e9es pertinentes et les conseils judicieux. Son ent\u00eatement et son autisme, dont il nous a donn\u00e9 plusieurs preuves, risquent de co\u00fbter tr\u00e8s cher \u00e0 la Tunisie\u2026<\/p>\n","protected":false},"excerpt":{"rendered":"<p>Hichem Mechichi, actuel ministre de l&rsquo;Int\u00e9rieur et charg\u00e9 de former le gouvernement, serait g\u00ean\u00e9 par le choix qui lui a \u00e9t\u00e9 impos\u00e9 par Ka\u00efs Sa\u00efed de nommer son ami et coordinateur de sa campagne explicative (Sa\u00efed n&rsquo;aime pas le terme \u00e9lectoral) \u00e0 Sousse Taoufik Charfeddine comme ministre de l\u2019Int\u00e9rieur. Par Imed Bahri<\/p>\n","protected":false},"author":8,"featured_media":313868,"comment_status":"open","ping_status":"open","sticky":false,"template":"","format":"standard","meta":{"footnotes":""},"categories":[992,997,2433],"tags":[74899,70520,854,82067],"class_list":["post-313867","post","type-post","status-publish","format-standard","has-post-thumbnail","hentry","category-a-la-une","category-politique","category-tunisie","tag-hichem-mechichi","tag-kais-saied-3","tag-sousse","tag-taoufik-charfeddine"],"yoast_head":"<!-- This site is optimized with the Yoast SEO plugin v26.6 - https:\/\/yoast.com\/wordpress\/plugins\/seo\/ -->\n<title>Mechichi serait g\u00ean\u00e9 par le choix de Taoufik Charfeddine \u00e0 l\u2019Int\u00e9rieur - Kapitalis<\/title>\n<meta name=\"robots\" content=\"index, follow, max-snippet:-1, max-image-preview:large, max-video-preview:-1\" \/>\n<link rel=\"canonical\" href=\"https:\/\/kapitalis.com\/tunisie\/2020\/08\/27\/mechichi-serait-gene-par-le-choix-de-taoufik-charfeddine-a-linterieur\/\" \/>\n<meta property=\"og:locale\" content=\"fr_FR\" \/>\n<meta property=\"og:type\" content=\"article\" \/>\n<meta property=\"og:title\" content=\"Mechichi serait g\u00ean\u00e9 par le choix de Taoufik Charfeddine \u00e0 l\u2019Int\u00e9rieur - Kapitalis\" \/>\n<meta property=\"og:description\" content=\"Hichem Mechichi, actuel ministre de l&rsquo;Int\u00e9rieur et charg\u00e9 de former le gouvernement, serait g\u00ean\u00e9 par le choix qui lui a \u00e9t\u00e9 impos\u00e9 par Ka\u00efs Sa\u00efed de nommer son ami et coordinateur de sa campagne explicative (Sa\u00efed n&rsquo;aime pas le terme \u00e9lectoral) \u00e0 Sousse Taoufik Charfeddine comme ministre de l\u2019Int\u00e9rieur. Par Imed Bahri\" \/>\n<meta property=\"og:url\" content=\"https:\/\/kapitalis.com\/tunisie\/2020\/08\/27\/mechichi-serait-gene-par-le-choix-de-taoufik-charfeddine-a-linterieur\/\" \/>\n<meta property=\"og:site_name\" content=\"Kapitalis\" \/>\n<meta property=\"article:publisher\" content=\"https:\/\/www.facebook.com\/KapitalisInfo\/\" \/>\n<meta property=\"article:published_time\" content=\"2020-08-27T14:54:31+00:00\" \/>\n<meta property=\"article:modified_time\" content=\"2020-08-28T06:17:36+00:00\" \/>\n<meta property=\"og:image\" content=\"https:\/\/kapitalis.com\/tunisie\/wp-content\/uploads\/2022\/05\/kapitalis-logo-fb.png\" \/>\n\t<meta property=\"og:image:width\" content=\"1200\" \/>\n\t<meta property=\"og:image:height\" content=\"630\" \/>\n\t<meta property=\"og:image:type\" content=\"image\/png\" \/>\n<meta name=\"author\" content=\"webmaster kapitalis\" \/>\n<meta name=\"twitter:card\" content=\"summary_large_image\" \/>\n<meta name=\"twitter:creator\" content=\"@KapitalisInfo\" \/>\n<meta name=\"twitter:site\" content=\"@KapitalisInfo\" \/>\n<meta name=\"twitter:label1\" content=\"\u00c9crit par\" \/>\n\t<meta name=\"twitter:data1\" content=\"webmaster kapitalis\" \/>\n\t<meta name=\"twitter:label2\" content=\"Dur\u00e9e de lecture estim\u00e9e\" \/>\n\t<meta name=\"twitter:data2\" content=\"3 minutes\" \/>\n<script type=\"application\/ld+json\" class=\"yoast-schema-graph\">{\"@context\":\"https:\/\/schema.org\",\"@graph\":[{\"@type\":\"Article\",\"@id\":\"https:\/\/kapitalis.com\/tunisie\/2020\/08\/27\/mechichi-serait-gene-par-le-choix-de-taoufik-charfeddine-a-linterieur\/#article\",\"isPartOf\":{\"@id\":\"https:\/\/kapitalis.com\/tunisie\/2020\/08\/27\/mechichi-serait-gene-par-le-choix-de-taoufik-charfeddine-a-linterieur\/\"},\"author\":{\"name\":\"webmaster kapitalis\",\"@id\":\"https:\/\/kapitalis.com\/tunisie\/#\/schema\/person\/d71f33a9ca44f7bad4698210b480c8e9\"},\"headline\":\"Mechichi serait g\u00ean\u00e9 par le choix de Taoufik Charfeddine \u00e0 l\u2019Int\u00e9rieur\",\"datePublished\":\"2020-08-27T14:54:31+00:00\",\"dateModified\":\"2020-08-28T06:17:36+00:00\",\"mainEntityOfPage\":{\"@id\":\"https:\/\/kapitalis.com\/tunisie\/2020\/08\/27\/mechichi-serait-gene-par-le-choix-de-taoufik-charfeddine-a-linterieur\/\"},\"wordCount\":557,\"commentCount\":4,\"publisher\":{\"@id\":\"https:\/\/kapitalis.com\/tunisie\/#organization\"},\"image\":{\"@id\":\"https:\/\/kapitalis.com\/tunisie\/2020\/08\/27\/mechichi-serait-gene-par-le-choix-de-taoufik-charfeddine-a-linterieur\/#primaryimage\"},\"thumbnailUrl\":\"\",\"keywords\":[\"Hichem Mechichi\",\"Kais Saied\",\"Sousse\",\"Taoufik Charfeddine\"],\"articleSection\":[\"A LA UNE\",\"POLITIQUE\",\"Tunisie\"],\"inLanguage\":\"fr-FR\",\"potentialAction\":[{\"@type\":\"CommentAction\",\"name\":\"Comment\",\"target\":[\"https:\/\/kapitalis.com\/tunisie\/2020\/08\/27\/mechichi-serait-gene-par-le-choix-de-taoufik-charfeddine-a-linterieur\/#respond\"]}]},{\"@type\":\"WebPage\",\"@id\":\"https:\/\/kapitalis.com\/tunisie\/2020\/08\/27\/mechichi-serait-gene-par-le-choix-de-taoufik-charfeddine-a-linterieur\/\",\"url\":\"https:\/\/kapitalis.com\/tunisie\/2020\/08\/27\/mechichi-serait-gene-par-le-choix-de-taoufik-charfeddine-a-linterieur\/\",\"name\":\"Mechichi serait g\u00ean\u00e9 par le choix de Taoufik Charfeddine \u00e0 l\u2019Int\u00e9rieur - Kapitalis\",\"isPartOf\":{\"@id\":\"https:\/\/kapitalis.com\/tunisie\/#website\"},\"primaryImageOfPage\":{\"@id\":\"https:\/\/kapitalis.com\/tunisie\/2020\/08\/27\/mechichi-serait-gene-par-le-choix-de-taoufik-charfeddine-a-linterieur\/#primaryimage\"},\"image\":{\"@id\":\"https:\/\/kapitalis.com\/tunisie\/2020\/08\/27\/mechichi-serait-gene-par-le-choix-de-taoufik-charfeddine-a-linterieur\/#primaryimage\"},\"thumbnailUrl\":\"\",\"datePublished\":\"2020-08-27T14:54:31+00:00\",\"dateModified\":\"2020-08-28T06:17:36+00:00\",\"breadcrumb\":{\"@id\":\"https:\/\/kapitalis.com\/tunisie\/2020\/08\/27\/mechichi-serait-gene-par-le-choix-de-taoufik-charfeddine-a-linterieur\/#breadcrumb\"},\"inLanguage\":\"fr-FR\",\"potentialAction\":[{\"@type\":\"ReadAction\",\"target\":[\"https:\/\/kapitalis.com\/tunisie\/2020\/08\/27\/mechichi-serait-gene-par-le-choix-de-taoufik-charfeddine-a-linterieur\/\"]}]},{\"@type\":\"ImageObject\",\"inLanguage\":\"fr-FR\",\"@id\":\"https:\/\/kapitalis.com\/tunisie\/2020\/08\/27\/mechichi-serait-gene-par-le-choix-de-taoufik-charfeddine-a-linterieur\/#primaryimage\",\"url\":\"\",\"contentUrl\":\"\"},{\"@type\":\"BreadcrumbList\",\"@id\":\"https:\/\/kapitalis.com\/tunisie\/2020\/08\/27\/mechichi-serait-gene-par-le-choix-de-taoufik-charfeddine-a-linterieur\/#breadcrumb\",\"itemListElement\":[{\"@type\":\"ListItem\",\"position\":1,\"name\":\"Accueil\",\"item\":\"https:\/\/kapitalis.com\/tunisie\/\"},{\"@type\":\"ListItem\",\"position\":2,\"name\":\"Mechichi serait g\u00ean\u00e9 par le choix de Taoufik Charfeddine \u00e0 l\u2019Int\u00e9rieur\"}]},{\"@type\":\"WebSite\",\"@id\":\"https:\/\/kapitalis.com\/tunisie\/#website\",\"url\":\"https:\/\/kapitalis.com\/tunisie\/\",\"name\":\"Kapitalis\",\"description\":\"L&#039;actualit\u00e9 en Tunisie et dans le monde\",\"publisher\":{\"@id\":\"https:\/\/kapitalis.com\/tunisie\/#organization\"},\"potentialAction\":[{\"@type\":\"SearchAction\",\"target\":{\"@type\":\"EntryPoint\",\"urlTemplate\":\"https:\/\/kapitalis.com\/tunisie\/?s={search_term_string}\"},\"query-input\":{\"@type\":\"PropertyValueSpecification\",\"valueRequired\":true,\"valueName\":\"search_term_string\"}}],\"inLanguage\":\"fr-FR\"},{\"@type\":\"Organization\",\"@id\":\"https:\/\/kapitalis.com\/tunisie\/#organization\",\"name\":\"Kapitalis\",\"url\":\"https:\/\/kapitalis.com\/tunisie\/\",\"logo\":{\"@type\":\"ImageObject\",\"inLanguage\":\"fr-FR\",\"@id\":\"https:\/\/kapitalis.com\/tunisie\/#\/schema\/logo\/image\/\",\"url\":\"https:\/\/kapitalis.com\/tunisie\/wp-content\/uploads\/2022\/05\/Kapitalis-big-size.png\",\"contentUrl\":\"https:\/\/kapitalis.com\/tunisie\/wp-content\/uploads\/2022\/05\/Kapitalis-big-size.png\",\"width\":5000,\"height\":1500,\"caption\":\"Kapitalis\"},\"image\":{\"@id\":\"https:\/\/kapitalis.com\/tunisie\/#\/schema\/logo\/image\/\"},\"sameAs\":[\"https:\/\/www.facebook.com\/KapitalisInfo\/\",\"https:\/\/x.com\/KapitalisInfo\",\"https:\/\/www.youtube.com\/channel\/UC-yDYrHyfFBWWZaOw3FPg9Q\"]},{\"@type\":\"Person\",\"@id\":\"https:\/\/kapitalis.com\/tunisie\/#\/schema\/person\/d71f33a9ca44f7bad4698210b480c8e9\",\"name\":\"webmaster kapitalis\",\"url\":\"https:\/\/kapitalis.com\/tunisie\/author\/webmaster-kapitalis\/\"}]}<\/script>\n<!-- \/ Yoast SEO plugin. -->","yoast_head_json":{"title":"Mechichi serait g\u00ean\u00e9 par le choix de Taoufik Charfeddine \u00e0 l\u2019Int\u00e9rieur - Kapitalis","robots":{"index":"index","follow":"follow","max-snippet":"max-snippet:-1","max-image-preview":"max-image-preview:large","max-video-preview":"max-video-preview:-1"},"canonical":"https:\/\/kapitalis.com\/tunisie\/2020\/08\/27\/mechichi-serait-gene-par-le-choix-de-taoufik-charfeddine-a-linterieur\/","og_locale":"fr_FR","og_type":"article","og_title":"Mechichi serait g\u00ean\u00e9 par le choix de Taoufik Charfeddine \u00e0 l\u2019Int\u00e9rieur - Kapitalis","og_description":"Hichem Mechichi, actuel ministre de l&rsquo;Int\u00e9rieur et charg\u00e9 de former le gouvernement, serait g\u00ean\u00e9 par le choix qui lui a \u00e9t\u00e9 impos\u00e9 par Ka\u00efs Sa\u00efed de nommer son ami et coordinateur de sa campagne explicative (Sa\u00efed n&rsquo;aime pas le terme \u00e9lectoral) \u00e0 Sousse Taoufik Charfeddine comme ministre de l\u2019Int\u00e9rieur. Par Imed Bahri","og_url":"https:\/\/kapitalis.com\/tunisie\/2020\/08\/27\/mechichi-serait-gene-par-le-choix-de-taoufik-charfeddine-a-linterieur\/","og_site_name":"Kapitalis","article_publisher":"https:\/\/www.facebook.com\/KapitalisInfo\/","article_published_time":"2020-08-27T14:54:31+00:00","article_modified_time":"2020-08-28T06:17:36+00:00","og_image":[{"width":1200,"height":630,"url":"https:\/\/kapitalis.com\/tunisie\/wp-content\/uploads\/2022\/05\/kapitalis-logo-fb.png","type":"image\/png"}],"author":"webmaster kapitalis","twitter_card":"summary_large_image","twitter_creator":"@KapitalisInfo","twitter_site":"@KapitalisInfo","twitter_misc":{"\u00c9crit par":"webmaster kapitalis","Dur\u00e9e de lecture estim\u00e9e":"3 minutes"},"schema":{"@context":"https:\/\/schema.org","@graph":[{"@type":"Article","@id":"https:\/\/kapitalis.com\/tunisie\/2020\/08\/27\/mechichi-serait-gene-par-le-choix-de-taoufik-charfeddine-a-linterieur\/#article","isPartOf":{"@id":"https:\/\/kapitalis.com\/tunisie\/2020\/08\/27\/mechichi-serait-gene-par-le-choix-de-taoufik-charfeddine-a-linterieur\/"},"author":{"name":"webmaster kapitalis","@id":"https:\/\/kapitalis.com\/tunisie\/#\/schema\/person\/d71f33a9ca44f7bad4698210b480c8e9"},"headline":"Mechichi serait g\u00ean\u00e9 par le choix de Taoufik Charfeddine \u00e0 l\u2019Int\u00e9rieur","datePublished":"2020-08-27T14:54:31+00:00","dateModified":"2020-08-28T06:17:36+00:00","mainEntityOfPage":{"@id":"https:\/\/kapitalis.com\/tunisie\/2020\/08\/27\/mechichi-serait-gene-par-le-choix-de-taoufik-charfeddine-a-linterieur\/"},"wordCount":557,"commentCount":4,"publisher":{"@id":"https:\/\/kapitalis.com\/tunisie\/#organization"},"image":{"@id":"https:\/\/kapitalis.com\/tunisie\/2020\/08\/27\/mechichi-serait-gene-par-le-choix-de-taoufik-charfeddine-a-linterieur\/#primaryimage"},"thumbnailUrl":"","keywords":["Hichem Mechichi","Kais Saied","Sousse","Taoufik Charfeddine"],"articleSection":["A LA UNE","POLITIQUE","Tunisie"],"inLanguage":"fr-FR","potentialAction":[{"@type":"CommentAction","name":"Comment","target":["https:\/\/kapitalis.com\/tunisie\/2020\/08\/27\/mechichi-serait-gene-par-le-choix-de-taoufik-charfeddine-a-linterieur\/#respond"]}]},{"@type":"WebPage","@id":"https:\/\/kapitalis.com\/tunisie\/2020\/08\/27\/mechichi-serait-gene-par-le-choix-de-taoufik-charfeddine-a-linterieur\/","url":"https:\/\/kapitalis.com\/tunisie\/2020\/08\/27\/mechichi-serait-gene-par-le-choix-de-taoufik-charfeddine-a-linterieur\/","name":"Mechichi serait g\u00ean\u00e9 par le choix de Taoufik Charfeddine \u00e0 l\u2019Int\u00e9rieur - Kapitalis","isPartOf":{"@id":"https:\/\/kapitalis.com\/tunisie\/#website"},"primaryImageOfPage":{"@id":"https:\/\/kapitalis.com\/tunisie\/2020\/08\/27\/mechichi-serait-gene-par-le-choix-de-taoufik-charfeddine-a-linterieur\/#primaryimage"},"image":{"@id":"https:\/\/kapitalis.com\/tunisie\/2020\/08\/27\/mechichi-serait-gene-par-le-choix-de-taoufik-charfeddine-a-linterieur\/#primaryimage"},"thumbnailUrl":"","datePublished":"2020-08-27T14:54:31+00:00","dateModified":"2020-08-28T06:17:36+00:00","breadcrumb":{"@id":"https:\/\/kapitalis.com\/tunisie\/2020\/08\/27\/mechichi-serait-gene-par-le-choix-de-taoufik-charfeddine-a-linterieur\/#breadcrumb"},"inLanguage":"fr-FR","potentialAction":[{"@type":"ReadAction","target":["https:\/\/kapitalis.com\/tunisie\/2020\/08\/27\/mechichi-serait-gene-par-le-choix-de-taoufik-charfeddine-a-linterieur\/"]}]},{"@type":"ImageObject","inLanguage":"fr-FR","@id":"https:\/\/kapitalis.com\/tunisie\/2020\/08\/27\/mechichi-serait-gene-par-le-choix-de-taoufik-charfeddine-a-linterieur\/#primaryimage","url":"","contentUrl":""},{"@type":"BreadcrumbList","@id":"https:\/\/kapitalis.com\/tunisie\/2020\/08\/27\/mechichi-serait-gene-par-le-choix-de-taoufik-charfeddine-a-linterieur\/#breadcrumb","itemListElement":[{"@type":"ListItem","position":1,"name":"Accueil","item":"https:\/\/kapitalis.com\/tunisie\/"},{"@type":"ListItem","position":2,"name":"Mechichi serait g\u00ean\u00e9 par le choix de Taoufik Charfeddine \u00e0 l\u2019Int\u00e9rieur"}]},{"@type":"WebSite","@id":"https:\/\/kapitalis.com\/tunisie\/#website","url":"https:\/\/kapitalis.com\/tunisie\/","name":"Kapitalis","description":"L&#039;actualit\u00e9 en Tunisie et dans le monde","publisher":{"@id":"https:\/\/kapitalis.com\/tunisie\/#organization"},"potentialAction":[{"@type":"SearchAction","target":{"@type":"EntryPoint","urlTemplate":"https:\/\/kapitalis.com\/tunisie\/?s={search_term_string}"},"query-input":{"@type":"PropertyValueSpecification","valueRequired":true,"valueName":"search_term_string"}}],"inLanguage":"fr-FR"},{"@type":"Organization","@id":"https:\/\/kapitalis.com\/tunisie\/#organization","name":"Kapitalis","url":"https:\/\/kapitalis.com\/tunisie\/","logo":{"@type":"ImageObject","inLanguage":"fr-FR","@id":"https:\/\/kapitalis.com\/tunisie\/#\/schema\/logo\/image\/","url":"https:\/\/kapitalis.com\/tunisie\/wp-content\/uploads\/2022\/05\/Kapitalis-big-size.png","contentUrl":"https:\/\/kapitalis.com\/tunisie\/wp-content\/uploads\/2022\/05\/Kapitalis-big-size.png","width":5000,"height":1500,"caption":"Kapitalis"},"image":{"@id":"https:\/\/kapitalis.com\/tunisie\/#\/schema\/logo\/image\/"},"sameAs":["https:\/\/www.facebook.com\/KapitalisInfo\/","https:\/\/x.com\/KapitalisInfo","https:\/\/www.youtube.com\/channel\/UC-yDYrHyfFBWWZaOw3FPg9Q"]},{"@type":"Person","@id":"https:\/\/kapitalis.com\/tunisie\/#\/schema\/person\/d71f33a9ca44f7bad4698210b480c8e9","name":"webmaster kapitalis","url":"https:\/\/kapitalis.com\/tunisie\/author\/webmaster-kapitalis\/"}]}},"_links":{"self":[{"href":"https:\/\/kapitalis.com\/tunisie\/wp-json\/wp\/v2\/posts\/313867","targetHints":{"allow":["GET"]}}],"collection":[{"href":"https:\/\/kapitalis.com\/tunisie\/wp-json\/wp\/v2\/posts"}],"about":[{"href":"https:\/\/kapitalis.com\/tunisie\/wp-json\/wp\/v2\/types\/post"}],"author":[{"embeddable":true,"href":"https:\/\/kapitalis.com\/tunisie\/wp-json\/wp\/v2\/users\/8"}],"replies":[{"embeddable":true,"href":"https:\/\/kapitalis.com\/tunisie\/wp-json\/wp\/v2\/comments?post=313867"}],"version-history":[{"count":0,"href":"https:\/\/kapitalis.com\/tunisie\/wp-json\/wp\/v2\/posts\/313867\/revisions"}],"wp:featuredmedia":[{"embeddable":true,"href":"https:\/\/kapitalis.com\/tunisie\/wp-json\/wp\/v2\/media\/313868"}],"wp:attachment":[{"href":"https:\/\/kapitalis.com\/tunisie\/wp-json\/wp\/v2\/media?parent=313867"}],"wp:term":[{"taxonomy":"category","embeddable":true,"href":"https:\/\/kapitalis.com\/tunisie\/wp-json\/wp\/v2\/categories?post=313867"},{"taxonomy":"post_tag","embeddable":true,"href":"https:\/\/kapitalis.com\/tunisie\/wp-json\/wp\/v2\/tags?post=313867"}],"curies":[{"name":"wp","href":"https:\/\/api.w.org\/{rel}","templated":true}]}}